{"id":999,"date":"2006-12-26T18:43:45","date_gmt":"2006-12-26T17:43:45","guid":{"rendered":"http:\/\/blog.inmontanis.info\/?p=999"},"modified":"2023-08-03T21:37:17","modified_gmt":"2023-08-03T19:37:17","slug":"schoneben-haideralm-reschensee-26-12-2006","status":"publish","type":"post","link":"http:\/\/blog.inmontanis.info\/?p=999","title":{"rendered":"Sch\u00f6neben &#038; Haideralm (Reschensee), 26.12.2006"},"content":{"rendered":"<p>Am 26.12.2006 war ich mit meinem Vater am Reschensee in den zwei Skigebieten Sch\u00f6neben und Haideralm. Skipass gilt in beiden, daher kann man problemlos untertags wechseln.<br \/>\n<!--more--><br \/>\nSch\u00f6neben fand ich irgendwie sehr durchschnittlich, kein Grund f\u00fcr einen Wiederholungsbesuch, aber Haideralm wollte ich nochmal fahren, da bei meinem Besuch die oberen Lifte leider noch geschlossen waren, und v.a. der obere SL schaut lecker aus.<\/p>\n<p>Anzumerken sei noch, dass die Back2Back-Gondeln in Sch\u00f6neben inzwischen getauscht wurden. <\/p>\n<p>Fotos, anklicken zum Vergr\u00f6\u00dfern:<\/p>\n<p><strong>Sch\u00f6neben:<\/strong><br \/>\n<a href='http:\/\/ski.inmontanis.info\/d\/29791-2\/P1110878.jpg'><img src=http:\/\/ski.inmontanis.info\/d\/29791-2\/P1110878.jpg \/><\/a><br \/>\n^ Doppel-SL Sch\u00f6neben-Joch<\/p>\n<p><a href='http:\/\/ski.inmontanis.info\/d\/29796-2\/P1110881.jpg'><img src=http:\/\/ski.inmontanis.info\/d\/29796-2\/P1110881.jpg \/><\/a><br \/>\n^ Blick hin\u00fcber zur 4KSB Rojen (F) und 3SB Zw\u00f6lfer (G)<\/p>\n<p><a href='http:\/\/ski.inmontanis.info\/d\/29799-2\/P1110882.jpg'><img src=http:\/\/ski.inmontanis.info\/d\/29799-2\/P1110882.jpg \/><\/a><br \/>\n^ 6Bubble Fraiten (D), im Hintergrund rechts Skigebiet Nauders<\/p>\n<p><a href='http:\/\/ski.inmontanis.info\/d\/29802-2\/P1110883.jpg'><img src=http:\/\/ski.inmontanis.info\/d\/29802-2\/P1110883.jpg \/><\/a><br \/>\n^ Talstationen Rojen &#8211; Zw\u00f6lfer<\/p>\n<p><a href='http:\/\/ski.inmontanis.info\/d\/29805-2\/P1110884.jpg'><img src=http:\/\/ski.inmontanis.info\/d\/29805-2\/P1110884.jpg \/><\/a><br \/>\n^ Schwarze Abfahrt am Rojen-4Bubble<\/p>\n<p><a href='http:\/\/ski.inmontanis.info\/d\/29808-2\/P1110885.jpg'><img src=http:\/\/ski.inmontanis.info\/d\/29808-2\/P1110885.jpg \/><\/a><br \/>\n^ Strecke 3SB Zw\u00f6lferkopf<\/p>\n<p><a href='http:\/\/ski.inmontanis.info\/d\/29811-2\/P1110886.jpg'><img src=http:\/\/ski.inmontanis.info\/d\/29811-2\/P1110886.jpg \/><\/a><br \/>\n^ Bergstation 3SB Zw\u00f6lferkopf<\/p>\n<p><a href='http:\/\/ski.inmontanis.info\/d\/29814-2\/P1110889.jpg'><img src=http:\/\/ski.inmontanis.info\/d\/29814-2\/P1110889.jpg \/><\/a><br \/>\n^ Bergstation 6EUB, links der Doppel-SL<\/p>\n<p><a href='http:\/\/ski.inmontanis.info\/d\/29817-2\/P1110891.jpg'><img src=http:\/\/ski.inmontanis.info\/d\/29817-2\/P1110891.jpg \/><\/a><br \/>\n^ Talabfahrt. Die beste Abfahrt im Skigebiet&#8230;<\/p>\n<p><a href='http:\/\/ski.inmontanis.info\/d\/29820-2\/P1110892.jpg'><img src=http:\/\/ski.inmontanis.info\/d\/29820-2\/P1110892.jpg \/><\/a><br \/>\n^ Talstation 6EUB<\/p>\n<p><a href='http:\/\/ski.inmontanis.info\/d\/29823-2\/P1110894.jpg'><img src=http:\/\/ski.inmontanis.info\/d\/29823-2\/P1110894.jpg \/><\/a><br \/>\n^ Talstation des Doppel-SLs<\/p>\n<p><a href='http:\/\/ski.inmontanis.info\/d\/29826-2\/P1110896.jpg'><img src=http:\/\/ski.inmontanis.info\/d\/29826-2\/P1110896.jpg \/><\/a><br \/>\n^ Talabfahrt<\/p>\n<p><a href='http:\/\/ski.inmontanis.info\/d\/29829-2\/P1110897.jpg'><img src=http:\/\/ski.inmontanis.info\/d\/29829-2\/P1110897.jpg \/><\/a><br \/>\n^ Talabfahrt mit Reschensee, den man vom Skigebiet nicht wirklich gut sehen kann&#8230;<\/p>\n<p><strong>Haideralm:<\/strong><\/p>\n<p><a href='http:\/\/ski.inmontanis.info\/d\/29848-2\/P1110899.jpg'><img src=http:\/\/ski.inmontanis.info\/d\/29848-2\/P1110899.jpg \/><\/a><br \/>\n^ Talstation 6EUB<\/p>\n<p><a href='http:\/\/ski.inmontanis.info\/d\/29853-2\/P1110900.jpg'><img src=http:\/\/ski.inmontanis.info\/d\/29853-2\/P1110900.jpg \/><\/a><br \/>\n^ Talabfahrt \/ Talstation 6EUB<\/p>\n<p><a href='http:\/\/ski.inmontanis.info\/d\/29856-2\/P1110901.jpg'><img src=http:\/\/ski.inmontanis.info\/d\/29856-2\/P1110901.jpg \/><\/a><br \/>\n^ Seeblick<\/p>\n<p><a href='http:\/\/ski.inmontanis.info\/d\/29859-2\/P1110902.jpg'><img src=http:\/\/ski.inmontanis.info\/d\/29859-2\/P1110902.jpg \/><\/a><br \/>\n^ 3SB Haideralm (B). Entgegen des Pistenreports im Internet NICHT in Betrieb. Grummel!<\/p>\n<p><a href='http:\/\/ski.inmontanis.info\/d\/29862-2\/P1110904.jpg'><img src=http:\/\/ski.inmontanis.info\/d\/29862-2\/P1110904.jpg \/><\/a><br \/>\n^ Strecke 3SB Haideralm<\/p>\n<p><a href='http:\/\/ski.inmontanis.info\/d\/29865-2\/P1110905.jpg'><img src=http:\/\/ski.inmontanis.info\/d\/29865-2\/P1110905.jpg \/><\/a><br \/>\n^ Teller-SL Panorama (D) Talstation. Da werd ich ja glatt noch zum Leitner-Fan :-)<\/p>\n<p><a href='http:\/\/ski.inmontanis.info\/d\/29868-2\/P1110907.jpg'><img src=http:\/\/ski.inmontanis.info\/d\/29868-2\/P1110907.jpg \/><\/a><br \/>\n^ Strecke SL Panorama. Steiler Wald-Schlepper. Eigentlich bin ich ja kein SL-Fan, aber solche Lifte find ich genial. Der beste Lift im Reschengebiet!<\/p>\n<p><a href='http:\/\/ski.inmontanis.info\/d\/29871-2\/P1110908.jpg'><img src=http:\/\/ski.inmontanis.info\/d\/29871-2\/P1110908.jpg \/><\/a><br \/>\n^ Bergstation SL Panorama<\/p>\n<p><a href='http:\/\/ski.inmontanis.info\/d\/29874-2\/P1110909.jpg'><img src=http:\/\/ski.inmontanis.info\/d\/29874-2\/P1110909.jpg \/><\/a><br \/>\n^ Blick r\u00fcber zur 3SB. Oberhalb der 3SB befindet sich noch der SL Seeboden, der zum hochsten Punkt f\u00fchrt (2.650). Mu\u00df ich unbedingt nochmal hin, wenn der offen ist!<\/p>\n<p><a href='http:\/\/ski.inmontanis.info\/d\/29877-2\/P1110910.jpg'><img src=http:\/\/ski.inmontanis.info\/d\/29877-2\/P1110910.jpg \/><\/a><br \/>\n^ Bergstation SL Seeboden<\/p>\n<p><a href='http:\/\/ski.inmontanis.info\/d\/29880-2\/P1110912.jpg'><img src=http:\/\/ski.inmontanis.info\/d\/29880-2\/P1110912.jpg \/><\/a><br \/>\n^ Bergstation 6EUB Haideralm<\/p>\n<p><a href='http:\/\/ski.inmontanis.info\/d\/29883-2\/P1110913.jpg'><img src=http:\/\/ski.inmontanis.info\/d\/29883-2\/P1110913.jpg \/><\/a><br \/>\n^ Blick zum Reschensee<\/p>\n<p><a href='http:\/\/ski.inmontanis.info\/d\/29886-2\/P1110914.jpg'><img src=http:\/\/ski.inmontanis.info\/d\/29886-2\/P1110914.jpg \/><\/a><br \/>\n^ Zoom zum ehemaligen Kirchturm&#8230;<\/p>\n<p><a href='http:\/\/ski.inmontanis.info\/d\/29889-2\/P1110917.jpg'><img src=http:\/\/ski.inmontanis.info\/d\/29889-2\/P1110917.jpg \/><\/a><br \/>\n^ Nochmal der geniale SL Panorama<\/p>\n<p><a href='http:\/\/ski.inmontanis.info\/d\/29892-2\/P1110919.jpg'><img src=http:\/\/ski.inmontanis.info\/d\/29892-2\/P1110919.jpg \/><\/a><br \/>\n^ Talabfahrt mit Blick zum Reschensee. Die Talabfahrt in Sch\u00f6neben ist aber sch\u00f6ner.<\/p>\n<p><a href='http:\/\/ski.inmontanis.info\/d\/29895-2\/P1110920.jpg'><img src=http:\/\/ski.inmontanis.info\/d\/29895-2\/P1110920.jpg \/><\/a><br \/>\n^ Blick ins Vinschgau bzw. richtung Sulden, rechts der Ortler&#8230;<\/p>\n<p><a href='http:\/\/ski.inmontanis.info\/d\/29898-2\/P1110921.jpg'><img src=http:\/\/ski.inmontanis.info\/d\/29898-2\/P1110921.jpg \/><\/a><br \/>\n^ Der Tal-SL gegen\u00fcber m\u00fc\u00dfte stillgelegt sein, zumindest ist er nicht mehr im Panorama drin &#8230;<\/p>\n<p><a href='http:\/\/ski.inmontanis.info\/d\/29901-2\/P1110923.jpg'><img src=http:\/\/ski.inmontanis.info\/d\/29901-2\/P1110923.jpg \/><\/a><br \/>\n^ Tal-SL gegen\u00fcber. Evtl. LSAP?<\/p>\n<p><a href='http:\/\/ski.inmontanis.info\/d\/29904-2\/P1110926.jpg'><img src=http:\/\/ski.inmontanis.info\/d\/29904-2\/P1110926.jpg \/><\/a><br \/>\n^ Zoom Ortler<\/p>\n<p><a href='http:\/\/ski.inmontanis.info\/d\/29907-2\/P1110931.jpg'><img src=http:\/\/ski.inmontanis.info\/d\/29907-2\/P1110931.jpg \/><\/a><br \/>\n^ 6EUB Haideralm, Haidersee und zwischen den Gondeln der Ortler..<\/p>\n<p>Und aktuell 2 Zoom-Fotos von gestern:<br \/>\n<a href='http:\/\/ski.inmontanis.info\/d\/105659-3\/P1440668.JPG'><img src=http:\/\/ski.inmontanis.info\/d\/105658-4\/P1440668.JPG \/><\/a><br \/>\n^ Zoom Skigebiet Haideralm (3SB) vom Kaunertaler Gletscher aus<\/p>\n<p><a href='http:\/\/ski.inmontanis.info\/d\/105663-3\/P1440667.JPG'><img src=http:\/\/ski.inmontanis.info\/d\/105662-3\/P1440667.JPG \/><\/a><br \/>\n^ Zoom Haideralm (oberster SL) vom Kaunertaler Gletscher aus<\/p>\n<p>So, ist jemand was aufgefallen? Die Bild-Kommentare sind von &#8220;damals&#8221; und &#8230;<\/p>\n<blockquote><p>Eigentlich bin ich ja kein SL-Fan, aber solche Lifte find ich genial. <\/p><\/blockquote>\n<p>.. den ersten Teil w\u00fcrd ich mittlerweile nicht mehr schreiben, da hat sich meine Meinung in den letzten Jahren doch ziemlich ge\u00e4ndert.<\/p>\n","protected":false},"excerpt":{"rendered":"<p>Am 26.12.2006 war ich mit meinem Vater am Reschensee in den zwei Skigebieten Sch\u00f6neben und Haideralm. Skipass gilt in beiden, daher kann man problemlos untertags wechseln. <\/p>\n<p> <a href=\"http:\/\/blog.inmontanis.info\/?p=999\">[&#8230;]<\/a><\/p>\n","protected":false},"author":1,"featured_media":0,"comment_status":"open","ping_status":"closed","sticky":false,"template":"","format":"standard","meta":{"footnotes":""},"categories":[24,478,15,396,27],"tags":[55,49,39,53,45,47],"class_list":["post-999","post","type-post","status-publish","format-standard","hentry","category-tagestour","category-haideralm","category-italienitaly","category-schoneben","category-skifahren-winterskiing-winter","tag-3sb","tag-4sb","tag-6eub","tag-8eub","tag-see","tag-sl","odd"],"_links":{"self":[{"href":"http:\/\/blog.inmontanis.info\/index.php?rest_route=\/wp\/v2\/posts\/999","targetHints":{"allow":["GET"]}}],"collection":[{"href":"http:\/\/blog.inmontanis.info\/index.php?rest_route=\/wp\/v2\/posts"}],"about":[{"href":"http:\/\/blog.inmontanis.info\/index.php?rest_route=\/wp\/v2\/types\/post"}],"author":[{"embeddable":true,"href":"http:\/\/blog.inmontanis.info\/index.php?rest_route=\/wp\/v2\/users\/1"}],"replies":[{"embeddable":true,"href":"http:\/\/blog.inmontanis.info\/index.php?rest_route=%2Fwp%2Fv2%2Fcomments&post=999"}],"version-history":[{"count":4,"href":"http:\/\/blog.inmontanis.info\/index.php?rest_route=\/wp\/v2\/posts\/999\/revisions"}],"predecessor-version":[{"id":8977,"href":"http:\/\/blog.inmontanis.info\/index.php?rest_route=\/wp\/v2\/posts\/999\/revisions\/8977"}],"wp:attachment":[{"href":"http:\/\/blog.inmontanis.info\/index.php?rest_route=%2Fwp%2Fv2%2Fmedia&parent=999"}],"wp:term":[{"taxonomy":"category","embeddable":true,"href":"http:\/\/blog.inmontanis.info\/index.php?rest_route=%2Fwp%2Fv2%2Fcategories&post=999"},{"taxonomy":"post_tag","embeddable":true,"href":"http:\/\/blog.inmontanis.info\/index.php?rest_route=%2Fwp%2Fv2%2Ftags&post=999"}],"curies":[{"name":"wp","href":"https:\/\/api.w.org\/{rel}","templated":true}]}}