{"id":9925,"date":"2024-06-06T20:47:07","date_gmt":"2024-06-06T18:47:07","guid":{"rendered":"http:\/\/blog.inmontanis.info\/?p=9925"},"modified":"2024-06-10T20:59:48","modified_gmt":"2024-06-10T18:59:48","slug":"openluchtmuseum-arnhem-6-6-2024","status":"publish","type":"post","link":"http:\/\/blog.inmontanis.info\/?p=9925","title":{"rendered":"Openluchtmuseum Arnhem, 6.6.2024"},"content":{"rendered":"<p><strong>Do, 6.6.2024<\/strong><\/p>\n<p>Kurz nach 10 Uhr am Openluchtmuseum gewesen, 18 \u20ac Eintritt (am WE teurer) plus 8,-  Parken, gleich mal eine Runde mit der Tram fahren, leider kam gleichzeitig eine laute und renennden Schulklasse rein &#8211; also das ist mir im UK in den Museen nicht so aufgefallen. Die schrien die ganze Zeit, was f\u00fcr ein L\u00e4rm. Arme Lehrer.<\/p>\n<p>&#128681; Gespeicherte Geolocation &#8211; Karte anzeigen: <a href='https:\/\/www.google.com\/maps\/@?api=1&#038;map_action=map&#038;center=52.0098277,5.9069948&#038;zoom=12&#038;basemap=terrain' target=_blank> GoogleMaps<\/a> &#128681; <a href='https:\/\/www.openstreetmap.org\/?&#038;mlat=52.0098277&#038;mlon=5.9069948#map=10\/52.0098277\/5.9069948&#038;layers=P' target=_blank> OSM &#128681;<\/a><\/p>\n<p>Der Schaffner pfeift hier wie bei der Eisenbahn, kein Ding\/DingDing-Klingeln. 2 Trams waren unterwegs, aber wohl gleicher Bauart, eine hatte einen Anh\u00e4nger\/Beiwagen.<\/p>\n<p>Schwerpunkt im Museum sind wohl Bauernh\u00e4user u.\u00e4., selbst das Dorf wirkt nicht wirklich d\u00f6rflich, es gibt auch einige modernere H\u00e4user mit sehr moderner Ausstattung. <\/p>\n<p>Den B\u00e4cker vormittags besucht und eine &#8220;Zimtschnecke&#8221; gekauft, die wenig nacht Zimt schmeckte und komplett anders war als in Schweden (n\u00e4mlich weich und mit klebrigem \u00dcberzug).<\/p>\n<p>Um 14:15 war ich schon durch, mit Ausnahme einiger weniger entfernten H\u00e4uschen; einige Geb\u00e4ude waren geschlossen heute oder grundlegend.<\/p>\n<p>Im Imbissrestaurant kaufte ich eine kleine Pommes mit Ketchup um 2,75 und ein(e) Frikandel um 2,50 und fuhr noch bissl mit der Tram und checkte auf derP4N-App nach m\u00f6glichen \u00dcbernachtungspl\u00e4tzen. Sehr schwierig hier in NL, die Polizei schickt wohl h\u00e4ufig weg.<\/p>\n<p><a href='http:\/\/extra.inmontanis.info\/d\/105796-2\/DSC06141.jpg'><img src=http:\/\/extra.inmontanis.info\/d\/105793-3\/DSC06141.jpg \/><\/a><br \/>\n^ Karte des Museums, der blaue Strich ist die Tram, die im Kreis gegen den Uhrzeigersinn f\u00e4hrt<\/p>\n<p><a href='http:\/\/extra.inmontanis.info\/d\/105800-2\/DSC06145.jpg'><img src=http:\/\/extra.inmontanis.info\/d\/105799-3\/DSC06145.jpg \/><\/a><br \/>\n^ Die Stra\u00dfenbahn<\/p>\n<p><a href='http:\/\/extra.inmontanis.info\/d\/105804-2\/DSC06146.jpg'><img src=http:\/\/extra.inmontanis.info\/d\/105803-3\/DSC06146.jpg \/><\/a><br \/>\n^ 6 Hale hat die Stra\u00dfenbahn<\/p>\n<p><a href='http:\/\/extra.inmontanis.info\/d\/105808-2\/DSC06147.jpg'><img src=http:\/\/extra.inmontanis.info\/d\/105807-3\/DSC06147.jpg \/><\/a><br \/>\n^ Die Tram f\u00e4hrt oft im Wald<\/p>\n<p><a href='http:\/\/extra.inmontanis.info\/d\/105812-2\/DSC06148.jpg'><img src=http:\/\/extra.inmontanis.info\/d\/105811-3\/DSC06148.jpg \/><\/a><br \/>\n^ Tramhalte Erven<\/p>\n<p><a href='http:\/\/extra.inmontanis.info\/d\/105816-2\/DSC06149.jpg'><img src=http:\/\/extra.inmontanis.info\/d\/105815-3\/DSC06149.jpg \/><\/a><br \/>\n^ <\/p>\n<p><a href='http:\/\/extra.inmontanis.info\/d\/105820-2\/DSC06156.jpg'><img src=http:\/\/extra.inmontanis.info\/d\/105819-3\/DSC06156.jpg \/><\/a><br \/>\n^ Zugbr\u00fccke<\/p>\n<p><a href='http:\/\/extra.inmontanis.info\/d\/105824-2\/DSC06157.jpg'><img src=http:\/\/extra.inmontanis.info\/d\/105823-3\/DSC06157.jpg \/><\/a><br \/>\n^ Nicht nur pro Kopf, auch pro Gep\u00e4ck musste damals Br\u00fcckenzoll gezahlt werden<\/p>\n<p><a href='http:\/\/extra.inmontanis.info\/d\/105828-2\/DSC06158.jpg'><img src=http:\/\/extra.inmontanis.info\/d\/105827-3\/DSC06158.jpg \/><\/a><br \/>\n^ Pano von der Br\u00fccke, das sch\u00f6nste im ganzen Museum<\/p>\n<p><a href='http:\/\/extra.inmontanis.info\/d\/105832-2\/DSC06159.jpg'><img src=http:\/\/extra.inmontanis.info\/d\/105831-3\/DSC06159.jpg \/><\/a><br \/>\n^ Dorf, hier gibt es einige Essensm\u00f6glichkeiten und auch ..<\/p>\n<p><a href='http:\/\/extra.inmontanis.info\/d\/105836-2\/DSC06161.jpg'><img src=http:\/\/extra.inmontanis.info\/d\/105835-3\/DSC06161.jpg \/><\/a><br \/>\n^ .. eine B\u00e4ckerei<\/p>\n<p><a href='http:\/\/extra.inmontanis.info\/d\/105840-2\/DSC06162.jpg'><img src=http:\/\/extra.inmontanis.info\/d\/105839-3\/DSC06162.jpg \/><\/a><br \/>\n^ B\u00e4ckerei<\/p>\n<p><a href='http:\/\/extra.inmontanis.info\/d\/105844-2\/DSC06166.jpg'><img src=http:\/\/extra.inmontanis.info\/d\/105843-3\/DSC06166.jpg \/><\/a><br \/>\n^ <\/p>\n<p><a href='http:\/\/extra.inmontanis.info\/d\/105848-2\/DSC06167.jpg'><img src=http:\/\/extra.inmontanis.info\/d\/105847-3\/DSC06167.jpg \/><\/a><br \/>\n^ W\u00e4scherei<\/p>\n<p><a href='http:\/\/extra.inmontanis.info\/d\/105852-2\/DSC06168.jpg'><img src=http:\/\/extra.inmontanis.info\/d\/105851-3\/DSC06168.jpg \/><\/a><br \/>\n^ W\u00e4scherei<\/p>\n<p><a href='http:\/\/extra.inmontanis.info\/d\/105856-2\/DSC06169.jpg'><img src=http:\/\/extra.inmontanis.info\/d\/105855-3\/DSC06169.jpg \/><\/a><br \/>\n^ <\/p>\n<p><a href='http:\/\/extra.inmontanis.info\/d\/105860-2\/DSC06170.jpg'><img src=http:\/\/extra.inmontanis.info\/d\/105859-3\/DSC06170.jpg \/><\/a><br \/>\n^ Weberei<\/p>\n<p><a href='http:\/\/extra.inmontanis.info\/d\/105864-2\/DSC06175.jpg'><img src=http:\/\/extra.inmontanis.info\/d\/105863-3\/DSC06175.jpg \/><\/a><br \/>\n^ Dorfschmied<\/p>\n<p><a href='http:\/\/extra.inmontanis.info\/d\/105868-2\/DSC06178.jpg'><img src=http:\/\/extra.inmontanis.info\/d\/105867-3\/DSC06178.jpg \/><\/a><br \/>\n^ Warenlager<\/p>\n<p><a href='http:\/\/extra.inmontanis.info\/d\/105872-2\/DSC06180.jpg'><img src=http:\/\/extra.inmontanis.info\/d\/105871-3\/DSC06180.jpg \/><\/a><br \/>\n^ Warenlager<\/p>\n<p><a href='http:\/\/extra.inmontanis.info\/d\/105876-2\/DSC06185.jpg'><img src=http:\/\/extra.inmontanis.info\/d\/105875-3\/DSC06185.jpg \/><\/a><br \/>\n^ <\/p>\n<p><a href='http:\/\/extra.inmontanis.info\/d\/105880-2\/DSC06188.jpg'><img src=http:\/\/extra.inmontanis.info\/d\/105879-3\/DSC06188.jpg \/><\/a><br \/>\n^ Tram-Remise<\/p>\n<p><a href='http:\/\/extra.inmontanis.info\/d\/105884-2\/DSC06194.jpg'><img src=http:\/\/extra.inmontanis.info\/d\/105883-3\/DSC06194.jpg \/><\/a><br \/>\n^ Schade, dass die nicht f\u00e4hrt ..<\/p>\n<p><a href='http:\/\/extra.inmontanis.info\/d\/105888-2\/DSC06196.jpg'><img src=http:\/\/extra.inmontanis.info\/d\/105887-3\/DSC06196.jpg \/><\/a><br \/>\n^ <\/p>\n<p><a href='http:\/\/extra.inmontanis.info\/d\/105892-2\/DSC06198.jpg'><img src=http:\/\/extra.inmontanis.info\/d\/105891-3\/DSC06198.jpg \/><\/a><br \/>\n^ .. oder der Beiwagen<\/p>\n<p><a href='http:\/\/extra.inmontanis.info\/d\/105896-2\/DSC06201.jpg'><img src=http:\/\/extra.inmontanis.info\/d\/105895-3\/DSC06201.jpg \/><\/a><br \/>\n^ Stra\u00dfenbahn in \u00f6sterreichischen Polizeifarben Silber-Rot-Blau ;)<\/p>\n<p><a href='http:\/\/extra.inmontanis.info\/d\/105900-2\/DSC06206.jpg'><img src=http:\/\/extra.inmontanis.info\/d\/105899-3\/DSC06206.jpg \/><\/a><br \/>\n^ In Betrieb sind zwei ziemlich idente Trams, wobei eine mit Beiwagen f\u00e4hrt, der mehr Platz hat f\u00fcr Rollstuhlfahrer und da waren heute viele da<\/p>\n<p><a href='http:\/\/extra.inmontanis.info\/d\/105904-2\/DSC06207.jpg'><img src=http:\/\/extra.inmontanis.info\/d\/105903-3\/DSC06207.jpg \/><\/a><br \/>\n^ Eingangsbereich<\/p>\n<p><a href='http:\/\/extra.inmontanis.info\/d\/105908-2\/DSC06208.jpg'><img src=http:\/\/extra.inmontanis.info\/d\/105907-3\/DSC06208.jpg \/><\/a><br \/>\n^ Blaues Haus<\/p>\n<p><a href='http:\/\/extra.inmontanis.info\/d\/105912-2\/DSC06210.jpg'><img src=http:\/\/extra.inmontanis.info\/d\/105911-3\/DSC06210.jpg \/><\/a><br \/>\n^ Dach<\/p>\n<p><a href='http:\/\/extra.inmontanis.info\/d\/105916-2\/DSC06214.jpg'><img src=http:\/\/extra.inmontanis.info\/d\/105915-3\/DSC06214.jpg \/><\/a><br \/>\n^ Ross\u00f6lm\u00fchle<\/p>\n<p><a href='http:\/\/extra.inmontanis.info\/d\/105920-2\/DSC06215.jpg'><img src=http:\/\/extra.inmontanis.info\/d\/105919-3\/DSC06215.jpg \/><\/a><br \/>\n^ <\/p>\n<p><a href='http:\/\/extra.inmontanis.info\/d\/105924-2\/DSC06216.jpg'><img src=http:\/\/extra.inmontanis.info\/d\/105923-3\/DSC06216.jpg \/><\/a><br \/>\n^ .. geschlafen wurde in solchen Alkoven in der Wand<\/p>\n<p><a href='http:\/\/extra.inmontanis.info\/d\/105928-2\/DSC06221.jpg'><img src=http:\/\/extra.inmontanis.info\/d\/105927-3\/DSC06221.jpg \/><\/a><br \/>\n^ Interessanter Stuhl<\/p>\n<p><a href='http:\/\/extra.inmontanis.info\/d\/105932-2\/DSC06222.jpg'><img src=http:\/\/extra.inmontanis.info\/d\/105931-3\/DSC06222.jpg \/><\/a><br \/>\n^ Irgendwie schauen diese Alkoven so kurz aus .. t\u00e4usch das, waren die Holl\u00e4nder damals kleiner oder konnten sie sich einfach nicht ausstrecken?<\/p>\n<p><a href='http:\/\/extra.inmontanis.info\/d\/105936-2\/DSC06223.jpg'><img src=http:\/\/extra.inmontanis.info\/d\/105935-3\/DSC06223.jpg \/><\/a><br \/>\n^ Alkoven hinten im Schrank<\/p>\n<p><a href='http:\/\/extra.inmontanis.info\/d\/105940-2\/DSC06224.jpg'><img src=http:\/\/extra.inmontanis.info\/d\/105939-3\/DSC06224.jpg \/><\/a><br \/>\n^ Es gibt auch diverse Tiere im Museum<\/p>\n<p><a href='http:\/\/extra.inmontanis.info\/d\/105944-2\/DSC06227.jpg'><img src=http:\/\/extra.inmontanis.info\/d\/105943-3\/DSC06227.jpg \/><\/a><br \/>\n^ Wieder am Dorf<\/p>\n<p><a href='http:\/\/extra.inmontanis.info\/d\/105948-2\/DSC06229.jpg'><img src=http:\/\/extra.inmontanis.info\/d\/105947-3\/DSC06229.jpg \/><\/a><br \/>\n^ Im Chinarestaurant kann man aber nichs essen.<\/p>\n<p><a href='http:\/\/extra.inmontanis.info\/d\/105952-2\/DSC06230.jpg'><img src=http:\/\/extra.inmontanis.info\/d\/105951-3\/DSC06230.jpg \/><\/a><br \/>\n^ <\/p>\n<p><a href='http:\/\/extra.inmontanis.info\/d\/105956-2\/DSC06234.jpg'><img src=http:\/\/extra.inmontanis.info\/d\/105955-3\/DSC06234.jpg \/><\/a><br \/>\n^ <\/p>\n<p><a href='http:\/\/extra.inmontanis.info\/d\/105960-2\/DSC06237.jpg'><img src=http:\/\/extra.inmontanis.info\/d\/105959-3\/DSC06237.jpg \/><\/a><br \/>\n^ T\u00fcrkenpension (Gastarbeiter)<\/p>\n<p><a href='http:\/\/extra.inmontanis.info\/d\/105964-2\/DSC06240.jpg'><img src=http:\/\/extra.inmontanis.info\/d\/105963-3\/DSC06240.jpg \/><\/a><br \/>\n^ DAF 33<\/p>\n<p><a href='http:\/\/extra.inmontanis.info\/d\/105968-2\/DSC06241.jpg'><img src=http:\/\/extra.inmontanis.info\/d\/105967-3\/DSC06241.jpg \/><\/a><br \/>\n^ DAF 33<\/p>\n<p><a href='http:\/\/extra.inmontanis.info\/d\/105972-2\/DSC06246.jpg'><img src=http:\/\/extra.inmontanis.info\/d\/105971-3\/DSC06246.jpg \/><\/a><br \/>\n^ Molkerei<\/p>\n<p><a href='http:\/\/extra.inmontanis.info\/d\/105976-2\/DSC06250.jpg'><img src=http:\/\/extra.inmontanis.info\/d\/105975-3\/DSC06250.jpg \/><\/a><br \/>\n^ Molkerei<\/p>\n<p><a href='http:\/\/extra.inmontanis.info\/d\/105980-2\/DSC06251.jpg'><img src=http:\/\/extra.inmontanis.info\/d\/105979-3\/DSC06251.jpg \/><\/a><br \/>\n^ Molkerei<\/p>\n<p><a href='http:\/\/extra.inmontanis.info\/d\/105984-2\/DSC06252.jpg'><img src=http:\/\/extra.inmontanis.info\/d\/105983-3\/DSC06252.jpg \/><\/a><br \/>\n^ Molkerei mit Dampfmaschine<\/p>\n<p><a href='http:\/\/extra.inmontanis.info\/d\/105988-2\/DSC06254.jpg'><img src=http:\/\/extra.inmontanis.info\/d\/105987-3\/DSC06254.jpg \/><\/a><br \/>\n^ <\/p>\n<p><a href='http:\/\/extra.inmontanis.info\/d\/105992-2\/DSC06259.jpg'><img src=http:\/\/extra.inmontanis.info\/d\/105991-3\/DSC06259.jpg \/><\/a><br \/>\n^ Dieses kleine Windrad ..<\/p>\n<p><a href='http:\/\/extra.inmontanis.info\/d\/105996-2\/DSC06260.jpg'><img src=http:\/\/extra.inmontanis.info\/d\/105995-3\/DSC06260.jpg \/><\/a><br \/>\n^ .. sorgte f\u00fcr die Bew\u00e4sserung<\/p>\n<p><a href='http:\/\/extra.inmontanis.info\/d\/106000-2\/DSC06263.jpg'><img src=http:\/\/extra.inmontanis.info\/d\/105999-3\/DSC06263.jpg \/><\/a><br \/>\n^ <\/p>\n<p><a href='http:\/\/extra.inmontanis.info\/d\/106004-2\/DSC06264.jpg'><img src=http:\/\/extra.inmontanis.info\/d\/106003-3\/DSC06264.jpg \/><\/a><br \/>\n^ <\/p>\n<p><a href='http:\/\/extra.inmontanis.info\/d\/106008-2\/DSC06266.jpg'><img src=http:\/\/extra.inmontanis.info\/d\/106007-3\/DSC06266.jpg \/><\/a><br \/>\n^ \u00d6lpumpe<\/p>\n<p><a href='http:\/\/extra.inmontanis.info\/d\/106012-2\/DSC06269.jpg'><img src=http:\/\/extra.inmontanis.info\/d\/106011-3\/DSC06269.jpg \/><\/a><br \/>\n^ Dieser Stra\u00dfenbahnwagen steht auf einem eigenen Abstellgleis abseits des Depots<\/p>\n<p><a href='http:\/\/extra.inmontanis.info\/d\/106016-2\/DSC06271.jpg'><img src=http:\/\/extra.inmontanis.info\/d\/106015-3\/DSC06271.jpg \/><\/a><br \/>\n^ Auch hier ist ein Haus<\/p>\n<p><a href='http:\/\/extra.inmontanis.info\/d\/106020-2\/DSC06277.jpg'><img src=http:\/\/extra.inmontanis.info\/d\/106019-3\/DSC06277.jpg \/><\/a><br \/>\n^ Bauern lebten damals teilweise ohne Trennwand im Stall, selbst bei so gro\u00dfen Betrieben.  Mit ein, zwei K\u00fchen oder Ziegen in einem Raum, das kennt man ja.<\/p>\n<p><a href='http:\/\/extra.inmontanis.info\/d\/106024-2\/DSC06283.jpg'><img src=http:\/\/extra.inmontanis.info\/d\/106023-3\/DSC06283.jpg \/><\/a><br \/>\n^ Kleine Dorfschule<\/p>\n<p><a href='http:\/\/extra.inmontanis.info\/d\/106028-2\/DSC06285.jpg'><img src=http:\/\/extra.inmontanis.info\/d\/106027-3\/DSC06285.jpg \/><\/a><br \/>\n^ Papierm\u00fchle im Wald<\/p>\n<p><a href='http:\/\/extra.inmontanis.info\/d\/106032-2\/DSC06287.jpg'><img src=http:\/\/extra.inmontanis.info\/d\/106031-3\/DSC06287.jpg \/><\/a><br \/>\n^ Papierm\u00fchle<\/p>\n<p><a href='http:\/\/extra.inmontanis.info\/d\/106036-2\/DSC06288.jpg'><img src=http:\/\/extra.inmontanis.info\/d\/106035-3\/DSC06288.jpg \/><\/a><br \/>\n^ So, diese Windm\u00fchle kann man endlich mal besichigen<\/p>\n<p><a href='http:\/\/extra.inmontanis.info\/d\/106040-2\/DSC06290.jpg'><img src=http:\/\/extra.inmontanis.info\/d\/106039-3\/DSC06290.jpg \/><\/a><br \/>\n^ Windm\u00fchle<\/p>\n<p><a href='http:\/\/extra.inmontanis.info\/d\/106044-2\/DSC06295.jpg'><img src=http:\/\/extra.inmontanis.info\/d\/106043-3\/DSC06295.jpg \/><\/a><br \/>\n^ Windm\u00fchle<\/p>\n<p><a href='http:\/\/extra.inmontanis.info\/d\/106048-2\/DSC06297.jpg'><img src=http:\/\/extra.inmontanis.info\/d\/106047-3\/DSC06297.jpg \/><\/a><br \/>\n^ .. kurios fand ich, dass hier oben gemahlen wird. Man musse also erst das Getreide hier rauf ziehen und dann das Mehl wieder runterlassen. Anstatt dass man mit B\u00e4ndern den M\u00fchlbetrieb weiter unten gemacht h\u00e4tte?!<\/p>\n<p><a href='http:\/\/extra.inmontanis.info\/d\/106052-2\/DSC06298.jpg'><img src=http:\/\/extra.inmontanis.info\/d\/106051-3\/DSC06298.jpg \/><\/a><br \/>\n^ Windm\u00fchle<\/p>\n<p><a href='http:\/\/extra.inmontanis.info\/d\/106056-2\/DSC06299.jpg'><img src=http:\/\/extra.inmontanis.info\/d\/106055-3\/DSC06299.jpg \/><\/a><br \/>\n^ Aussicht von der Windm\u00fchle, links der Eingangsbereich, rechts das Dorf<\/p>\n<p><a href='http:\/\/extra.inmontanis.info\/d\/106060-2\/DSC06306.jpg'><img src=http:\/\/extra.inmontanis.info\/d\/106059-3\/DSC06306.jpg \/><\/a><br \/>\n^ <\/p>\n<p><a href='http:\/\/extra.inmontanis.info\/d\/106064-2\/DSC06307.jpg'><img src=http:\/\/extra.inmontanis.info\/d\/106063-3\/DSC06307.jpg \/><\/a><br \/>\n^ T\u00fcren bleiben offen, wird nur mit einer Stange verriegelt. Hier der Rollstuhl-Beiwagen<\/p>\n<p><a href='http:\/\/extra.inmontanis.info\/d\/106068-2\/DSC06314.jpg'><img src=http:\/\/extra.inmontanis.info\/d\/106067-3\/DSC06314.jpg \/><\/a><br \/>\n^ Dieser alte Renault &#8230;<\/p>\n<p><a href='http:\/\/extra.inmontanis.info\/d\/106072-2\/DSC06316.jpg'><img src=http:\/\/extra.inmontanis.info\/d\/106071-3\/DSC06316.jpg \/><\/a><br \/>\n^ .. hatte ein halbtransparentes Plastiklenkrad (und Schaltknauf)<\/p>\n<p><a href='http:\/\/extra.inmontanis.info\/d\/106076-2\/DSC06317.jpg'><img src=http:\/\/extra.inmontanis.info\/d\/106075-3\/DSC06317.jpg \/><\/a><br \/>\n^ <\/p>\n<p><a href='http:\/\/extra.inmontanis.info\/d\/106080-2\/DSC06318.jpg'><img src=http:\/\/extra.inmontanis.info\/d\/106079-3\/DSC06318.jpg \/><\/a><br \/>\n^ <\/p>\n<p><a href='http:\/\/extra.inmontanis.info\/d\/106084-2\/DSC06320.jpg'><img src=http:\/\/extra.inmontanis.info\/d\/106083-3\/DSC06320.jpg \/><\/a><br \/>\n^ <\/p>\n<p><a href='http:\/\/extra.inmontanis.info\/d\/106088-2\/DSC06324.jpg'><img src=http:\/\/extra.inmontanis.info\/d\/106087-3\/DSC06324.jpg \/><\/a><br \/>\n^ .. eigenartiger Schalter &#8230;<\/p>\n<p><a href='http:\/\/extra.inmontanis.info\/d\/106092-2\/DSC06327.jpg'><img src=http:\/\/extra.inmontanis.info\/d\/106091-3\/DSC06327.jpg \/><\/a><br \/>\n^ Kalter Fliesenboden .. und das Bett wieder in der Wand<\/p>\n<p><a href='http:\/\/extra.inmontanis.info\/d\/106096-2\/DSC06329.jpg'><img src=http:\/\/extra.inmontanis.info\/d\/106095-3\/DSC06329.jpg \/><\/a><br \/>\n^ Brauerei<\/p>\n<p><a href='http:\/\/extra.inmontanis.info\/d\/106100-2\/DSC06340.jpg'><img src=http:\/\/extra.inmontanis.info\/d\/106099-3\/DSC06340.jpg \/><\/a><br \/>\n^ <\/p>\n<p><a href='http:\/\/extra.inmontanis.info\/d\/106104-2\/DSC06342.jpg'><img src=http:\/\/extra.inmontanis.info\/d\/106103-3\/DSC06342.jpg \/><\/a><br \/>\n^ Zugbr\u00fccke<\/p>\n<p><a href='http:\/\/extra.inmontanis.info\/d\/106108-2\/DSC06346.jpg'><img src=http:\/\/extra.inmontanis.info\/d\/106107-3\/DSC06346.jpg \/><\/a><br \/>\n^ Pommes und Frikandel<\/p>\n<p><a href='http:\/\/extra.inmontanis.info\/d\/106112-2\/DSC06348.jpg'><img src=http:\/\/extra.inmontanis.info\/d\/106111-3\/DSC06348.jpg \/><\/a><br \/>\n^ <\/p>\n<p><a href='http:\/\/extra.inmontanis.info\/d\/106116-2\/DSC06350.jpg'><img src=http:\/\/extra.inmontanis.info\/d\/106115-3\/DSC06350.jpg \/><\/a><br \/>\n^ <\/p>\n<p>Fazit: Wenn ich die britischen Museen nicht kennen w\u00fcrde, h\u00e4tte ich es hier vielleicht interessanter gefunden, aber so .. seh ich keinen Grund f\u00fcr einen Wiederholungsbesuch hier. Da gef\u00e4llt mir Beamish viiiel besser. Interessant wars nat\u00fcrlich trotzdem einmal, weil es ja eben komplett andere Dinge zeigte als Beamish.<\/p>\n<p>Um 16:15 ging ich dann zum Auto und machte die restliche Routenplanung. gmaps zeigte viel Stau auf den Autobahnen an, entschied mich daher f\u00fcr die autobahnlose Variante durch die allerdings dicht bebaute Niederlande, hielt noch an einem Supermarkt.<\/p>\n<p><a href='http:\/\/extra.inmontanis.info\/d\/105788-2\/DSC06352.jpg'><img src=http:\/\/extra.inmontanis.info\/d\/105787-3\/DSC06352.jpg \/><\/a><br \/>\n^ Die Stra\u00dfe auf dem Deich fand ich nett<\/p>\n<p>Benzin kostet momentan in den NL um die 1,95-2,05 \u20ac, also teils auch \u00fcber 2 \u20ac bzw. vergleichbar mit Finnland. Generell mag ich NL \u00fcberhaupt nicht, was Autofahren angeht. So viel Verkehr, so viele Ortschaften, so viele Behinderungen f\u00fcr Autofahrer (weil pro Radfahrer).<\/p>\n<p>Check-in-Ende morgen 13:30 bei Abfahrt 14:15 und noch 1-1,5h \u00fcber Autobahnen zu fahren, das k\u00f6nnte etwas knapp werden, wenn da Stau sein sollte? Ich entschied daher, morgen fr\u00fch erst noch eine halbe Stunde autobahnlos zu fahren; nach der Arbeit kann ich anhand Gmaps hoffentlich besser einsch\u00e4tzen, \u00fcber welche Autobahn ich dann nach Hoek-van-Holland fahre. Durch Rotterdam werd ich nat\u00fcrlich nicht ohne Autobahn durchfahren.<\/p>\n<p>Eine spontane F\u00e4hrbuchung f\u00fcr morgen w\u00fcrde \u00fcbrigens 205,20 \u20ac kosten, also schon wesentlich teurer.<\/p>\n<p>Der gestrige Platz war ruhiger, hier n\u00e4mlich auch eine nahe Kirche die ganze Nacht durch l\u00e4utend und viele V\u00f6gel.<\/p>\n<p>PS: Falls hin und wieder ein &#8220;t&#8221; fehlt: Diese Taste spinnt momentan zeitweise.<\/p>\n","protected":false},"excerpt":{"rendered":"<p>Do, 6.6.2024<\/p>\n<p>Kurz nach 10 Uhr am Openluchtmuseum gewesen, 18 \u20ac Eintritt (am WE teurer) plus 8,- Parken, gleich mal eine Runde mit der Tram fahren, leider kam gleichzeitig eine laute und renennden Schulklasse rein &#8211; also das ist mir im UK in den Museen nicht so aufgefallen. Die schrien die ganze Zeit, was f\u00fcr <a href=\"http:\/\/blog.inmontanis.info\/?p=9925\">[&#8230;]<\/a><\/p>\n","protected":false},"author":1,"featured_media":9928,"comment_status":"closed","ping_status":"closed","sticky":false,"template":"","format":"standard","meta":{"footnotes":""},"categories":[912,104,59],"tags":[51,45,40],"class_list":["post-9925","post","type-post","status-publish","format-standard","has-post-thumbnail","hentry","category-2023-09-2024-xx-skandinavien","category-niederlande","category-nostalgie","tag-architektur","tag-see","tag-strasenbahn","odd"],"_links":{"self":[{"href":"http:\/\/blog.inmontanis.info\/index.php?rest_route=\/wp\/v2\/posts\/9925","targetHints":{"allow":["GET"]}}],"collection":[{"href":"http:\/\/blog.inmontanis.info\/index.php?rest_route=\/wp\/v2\/posts"}],"about":[{"href":"http:\/\/blog.inmontanis.info\/index.php?rest_route=\/wp\/v2\/types\/post"}],"author":[{"embeddable":true,"href":"http:\/\/blog.inmontanis.info\/index.php?rest_route=\/wp\/v2\/users\/1"}],"replies":[{"embeddable":true,"href":"http:\/\/blog.inmontanis.info\/index.php?rest_route=%2Fwp%2Fv2%2Fcomments&post=9925"}],"version-history":[{"count":2,"href":"http:\/\/blog.inmontanis.info\/index.php?rest_route=\/wp\/v2\/posts\/9925\/revisions"}],"predecessor-version":[{"id":9927,"href":"http:\/\/blog.inmontanis.info\/index.php?rest_route=\/wp\/v2\/posts\/9925\/revisions\/9927"}],"wp:featuredmedia":[{"embeddable":true,"href":"http:\/\/blog.inmontanis.info\/index.php?rest_route=\/wp\/v2\/media\/9928"}],"wp:attachment":[{"href":"http:\/\/blog.inmontanis.info\/index.php?rest_route=%2Fwp%2Fv2%2Fmedia&parent=9925"}],"wp:term":[{"taxonomy":"category","embeddable":true,"href":"http:\/\/blog.inmontanis.info\/index.php?rest_route=%2Fwp%2Fv2%2Fcategories&post=9925"},{"taxonomy":"post_tag","embeddable":true,"href":"http:\/\/blog.inmontanis.info\/index.php?rest_route=%2Fwp%2Fv2%2Ftags&post=9925"}],"curies":[{"name":"wp","href":"https:\/\/api.w.org\/{rel}","templated":true}]}}