{"id":9920,"date":"2024-06-05T21:36:58","date_gmt":"2024-06-05T19:36:58","guid":{"rendered":"http:\/\/blog.inmontanis.info\/?p=9920"},"modified":"2024-06-09T21:50:05","modified_gmt":"2024-06-09T19:50:05","slug":"elbe-fahre-bremerhaven-3-5-6-2024","status":"publish","type":"post","link":"http:\/\/blog.inmontanis.info\/?p=9920","title":{"rendered":"Elbe-F\u00e4hre + Bremerhaven, 3.-5.6.2024"},"content":{"rendered":"<p><strong>Mo, 3.6.2024<\/strong><\/p>\n<p>Ich fuhr morgens noch zu einem Supermarkt mit Post, vielleicht auch WC, was ist? Parkbeschr\u00e4nkung auf 2h, hab ich in DE auch noch nicht gesehen. Naja, bleibt nat\u00fcrlich fraglich, wie oft das kontrolliert wird. Hab mal keinen Rumlaufen sehen. <\/p>\n<p>Ich hatte das gestern Abend ja eigentlich etwas abgemessen und demnach h\u00e4tte die Paketverpackung Gr\u00f6\u00dfe &#8220;M&#8221; ziemlich gut passen m\u00fcssen &#8211; war aber doch noch viel freier Platz in den 3 Paketen, wobei ich teilweise Wintersachen als F\u00fcllmaterial erg\u00e4nzte, die ich jetzt nicht mehr brauchen w\u00fcrde &#8211; dann hab ich auch etwas mehr Platz. Muss sie auf der Heimfahrt dann wieder einsammeln.<\/p>\n<p>Die Solarpanellieferung w\u00e4re auch schon aboholbereit, h\u00e4tt ich mir also sogar nach Kiel schicken lassen k\u00f6nnen und den Karton verwenden k\u00f6nnen. Tja.<\/p>\n<p>Nat\u00fcrlich noch bissl was eingekauft und dann gings richtung Elbef\u00e4hre. Currywurst  mit Pommes montags im Angebot um 5,90 \u20ac bei dem D\u00f6nerimbiss in Aukrug, den ich zufallig anfuhr, perefekt, denn ich wollte ja eh eine CW essen. Die Pommes nicht (rein) gesalzen, sondern wie in Skandinavien mit Paprika-Pomms-Pulver. Weniger h\u00e4tte auch gereicht. Das wichtigste einer CW ist nat\u00fcrlich das Ketchup und das war auch lecker.<\/p>\n<p><a href='http:\/\/extra.inmontanis.info\/d\/105744-2\/DSC05985.jpg'><img src=http:\/\/extra.inmontanis.info\/d\/105742-3\/DSC05985.jpg \/><\/a><br \/>\n^ Currywurst mit Pommes zum Montagspreis um 5,90 \u20ac<\/p>\n<p>2 verschiedene Mineralwasserflaschen heute in DE gekauft und beide hatten noch die normalen Verschl\u00fcsse, die man leicht abnehmen konnte! Sch\u00f6n.<\/p>\n<p>Am Abend sinnlos &#8220;stundenlang&#8221; durch Gl\u00fcckstadt gefahren, aber keine Ahnung, wie man da zu dem empfohlenen Stellplatz h\u00e4tte kommen sollen. Daher einen unsch\u00f6nen au\u00dferhalb angefahren, der aber gro\u00df ist und wo auch LKWs parken k\u00f6nnen. Zum Gl\u00fcck n\u00e4chtigte kein K\u00fchllaster.<\/p>\n<p><a href='http:\/\/extra.inmontanis.info\/d\/105748-2\/DSC05986.jpg'><img src=http:\/\/extra.inmontanis.info\/d\/105747-3\/DSC05986.jpg \/><\/a><br \/>\n^ An der Elbe <\/p>\n<p><a href='http:\/\/extra.inmontanis.info\/d\/105752-2\/DSC05987.jpg'><img src=http:\/\/extra.inmontanis.info\/d\/105751-3\/DSC05987.jpg \/><\/a><br \/>\n^ Elbe mit F\u00e4hre<\/p>\n<p>Check auf der ATU-Homepage, da h\u00e4tten etliche Standorte auf meinem Weg morgen noch jede Menge Zeit, fast jeder Zeitslot scheint frei zu sein. K\u00f6nnt ich also auch spontan hinfahren. Kostet halt 150,- und &#8220;1:15&#8221; Zeit. Bei unter 20\u00b0 (und ohne Sonne) f\u00e4llt es halt nicht so auf, dass die Klimaanlage nicht so gut funktioniert derzeit, da kommt es ja sch\u00f6n kalt raus.<\/p>\n<p>Naja, werd ich wohl machen m\u00fcssen. Die n\u00e4chste Hitzewelle kommt bestimmt und bevor ich da noch im UK ewig rumsuchen muss .. Momentan sind hier in Norddeutschland, Niederlande und den zuletzt besuchten Teilen in Schweden in den n\u00e4chsten Tagen nur unter 20\u00b0 in Sicht.  Das gilt auch f\u00fcr England. Nein, ich beschwer mich nicht dar\u00fcber. Man zweifelt dadurch aber, ob man wirklich das Klimaservice samt Nachf\u00fcllen machen muss. K\u00f6nnte ja sein, dass es kalt und regnerisch so weiter geht in den Orten, wo ich dann bin und ich den Sommer mit der halbfunktionierenden Klimaanlage vielleicht durchkommen w\u00fcrde.<\/p>\n<p>\u00dcbrigens, echt jeden Abend seit einigen Tagen Eulenger\u00e4usche, nicht nur in SE, auch in DE. Sorry, aber V\u00f6gel sind nachts auch nervend, genau wie Kirchenglocken oder K\u00fchllaster k\u00f6nnen sie einem den Schlaf rauben, egal ob Eulen in der Nacht oder Amseln am fr\u00fchesten Morgen.<\/p>\n<p>Morgen m\u00fcsste ich mir \u00fcberlegen, ob ich am MI oder am DO ins Freilichtmuseum mit der Tram gehe. Ab DO w\u00e4re n\u00e4mlich in Rotterdam die historische Stadtrundfahrts-Tram auch am DO+FR in Betrieb. Parkgeb\u00fchren in der Stadt aber bis zu 6 \u20ac pro Stunde, aber es gibt auch Parkh\u00e4user anscheinend mit 10 \u20ac &#8211; Tarif f\u00fcr bis zu 12 Stunden. &#8220;Problem&#8221; ist eher, dass Rotterdam genau vor der F\u00e4hre ist, d.h. ich m\u00fcsste an einem der stadtnahen Parkpl\u00e4tze n\u00e4chtigen (k\u00f6nnte laut sein) und h\u00e4tte dann am FR auch etwas viel Zeit bis zur F\u00e4hre.<\/p>\n<p>Ich bin jetzt wohl zu weit weg f\u00fcr Niederlande schon am Mittwoch und so sch\u00f6n sind die alten Trams in Rotterdam wohl auch nicht, glaub das spar ich mir, insb. wenn ich doch noch das Klimaservice in DE machen m\u00f6chte, das wird plus F\u00e4hre plus Fahrt bis NL zu viel morgen.<\/p>\n<p><strong>Di, 4.6.2024<\/strong><\/p>\n<p>Heute also mal die Elbef\u00e4hre gefahren, an der ich gerde noch mit konnte, war aber schon voll und fuhr wohl sowieso ununterbrochen, nicht nach Fahrplan.<\/p>\n<p>Unter 3,75m Fahrzeugl\u00e4nge kommt man in den Genuss eines g\u00fcnstigeren Tarifs, der 6,50 ist, aber es kommen noch 3,- pro Person dazu. Bezahlt wird auf der F\u00e4hre, man muss also so lang im Auto warten. Gleich nach dem Start machte die F\u00e4hre eine rasant scharfe Kurve.<\/p>\n<p><a href='http:\/\/extra.inmontanis.info\/d\/105756-2\/DSC05992.jpg'><img src=http:\/\/extra.inmontanis.info\/d\/105755-3\/DSC05992.jpg \/><\/a><br \/>\n^ Elbe-F\u00e4hre Gl\u00fcckstadt-Wischhafen<\/p>\n<p><a href='http:\/\/extra.inmontanis.info\/d\/105760-2\/DSC05993.jpg'><img src=http:\/\/extra.inmontanis.info\/d\/105759-3\/DSC05993.jpg \/><\/a><br \/>\n^ Elbe-F\u00e4hre Gl\u00fcckstadt-Wischhafen<\/p>\n<p><a href='http:\/\/extra.inmontanis.info\/d\/105764-2\/DSC05995.jpg'><img src=http:\/\/extra.inmontanis.info\/d\/105763-3\/DSC05995.jpg \/><\/a><br \/>\n^ Elbe-F\u00e4hre Gl\u00fcckstadt-Wischhafen<\/p>\n<p><a href='http:\/\/extra.inmontanis.info\/d\/105768-2\/DSC05996.jpg'><img src=http:\/\/extra.inmontanis.info\/d\/105767-3\/DSC05996.jpg \/><\/a><br \/>\n^ Elbe-F\u00e4hre Gl\u00fcckstadt-Wischhafen<\/p>\n<p><a href='http:\/\/extra.inmontanis.info\/d\/105772-2\/DSC05998.jpg'><img src=http:\/\/extra.inmontanis.info\/d\/105771-3\/DSC05998.jpg \/><\/a><br \/>\n^ Elbe-F\u00e4hre Gl\u00fcckstadt-Wischhafen<\/p>\n<p><a href='http:\/\/extra.inmontanis.info\/d\/105776-2\/DSC06000.jpg'><img src=http:\/\/extra.inmontanis.info\/d\/105775-3\/DSC06000.jpg \/><\/a><br \/>\n^ Es gibt in Norddeutschland sogar Naturstra\u00dfen zwischen D\u00f6rfern<\/p>\n<p>Ich buchte dann auf der ATU-Website den Termin f\u00fcr 14:30 und war um 14:10 dort in Bremerhaven. Statt der 1-1,5h laut den Websites meinte die Reparaturannehmerin allerdings, dass es eher 2-2,5h dauern w\u00fcrde, weil zwischendrin das leere System abtrocknen muss. <\/p>\n<p>Ich blieb einige Zeit drin und stellte einen Bericht online und ging doch noch &#8211; leider also etwas sp\u00e4ter &#8211; zum Hafen runter. Am Fischbr\u00f6tchenstand ein Fischfrikadellenbr\u00f6tchen um 4,- \u20ac (kalt) gekauft, obwohl ich mir doch im Supermarkt heut was zum Kochen gekauft hatte (TK-Fertiggericht).<\/p>\n<p>Da ich noch Zeit hatte und hier ein Museumsschiff von einem Fischfang-Seitentrawlers ist, was man ja auch nicht \u00fcberall besichtigen kann, zahlte ich halt die paar Euro und sah mir noch das Schiff an. Und das war gr\u00f6\u00dfer und umfangreicher als erwartet, hatte leider keine Zeit, alle Fiilmchen anzusehen.<\/p>\n<p><a href='http:\/\/extra.inmontanis.info\/d\/105566-2\/DSC06001.jpg'><img src=http:\/\/extra.inmontanis.info\/d\/105564-3\/DSC06001.jpg \/><\/a><br \/>\n^ Bremerhaven<\/p>\n<p><a href='http:\/\/extra.inmontanis.info\/d\/105570-2\/DSC06004.jpg'><img src=http:\/\/extra.inmontanis.info\/d\/105569-3\/DSC06004.jpg \/><\/a><br \/>\n^ <\/p>\n<p><a href='http:\/\/extra.inmontanis.info\/d\/105574-2\/DSC06005.jpg'><img src=http:\/\/extra.inmontanis.info\/d\/105573-3\/DSC06005.jpg \/><\/a><br \/>\n^ Linsk das gr\u00fcne Museumsschiff Gera<\/p>\n<p><a href='http:\/\/extra.inmontanis.info\/d\/105578-2\/DSC06007.jpg'><img src=http:\/\/extra.inmontanis.info\/d\/105577-3\/DSC06007.jpg \/><\/a><br \/>\n^ Fischbr\u00f6tchenstand (kalt)<\/p>\n<p><a href='http:\/\/extra.inmontanis.info\/d\/105582-2\/DSC06011.jpg'><img src=http:\/\/extra.inmontanis.info\/d\/105581-3\/DSC06011.jpg \/><\/a><br \/>\n^ <\/p>\n<p><a href='http:\/\/extra.inmontanis.info\/d\/105586-2\/DSC06012.jpg'><img src=http:\/\/extra.inmontanis.info\/d\/105585-3\/DSC06012.jpg \/><\/a><br \/>\n^ Der Mannschaftsbereich unter Deck ist gr\u00f6\u00dfer als erwartet<\/p>\n<p><a href='http:\/\/extra.inmontanis.info\/d\/105590-2\/DSC06015.jpg'><img src=http:\/\/extra.inmontanis.info\/d\/105589-3\/DSC06015.jpg \/><\/a><br \/>\n^ Erster Nautischer Offizier<\/p>\n<p><a href='http:\/\/extra.inmontanis.info\/d\/105594-2\/DSC06018.jpg'><img src=http:\/\/extra.inmontanis.info\/d\/105593-3\/DSC06018.jpg \/><\/a><br \/>\n^ Kapit\u00e4n, Kalender 1993<\/p>\n<p><a href='http:\/\/extra.inmontanis.info\/d\/105598-2\/DSC06027.jpg'><img src=http:\/\/extra.inmontanis.info\/d\/105597-3\/DSC06027.jpg \/><\/a><br \/>\n^ <\/p>\n<p><a href='http:\/\/extra.inmontanis.info\/d\/105602-2\/DSC06029.jpg'><img src=http:\/\/extra.inmontanis.info\/d\/105601-3\/DSC06029.jpg \/><\/a><br \/>\n^ <\/p>\n<p><a href='http:\/\/extra.inmontanis.info\/d\/105606-2\/DSC06030.jpg'><img src=http:\/\/extra.inmontanis.info\/d\/105605-3\/DSC06030.jpg \/><\/a><br \/>\n^ <\/p>\n<p><a href='http:\/\/extra.inmontanis.info\/d\/105610-2\/DSC06033.jpg'><img src=http:\/\/extra.inmontanis.info\/d\/105609-3\/DSC06033.jpg \/><\/a><br \/>\n^ <\/p>\n<p><a href='http:\/\/extra.inmontanis.info\/d\/105614-2\/DSC06036.jpg'><img src=http:\/\/extra.inmontanis.info\/d\/105613-3\/DSC06036.jpg \/><\/a><br \/>\n^ Steuerraum<\/p>\n<p><a href='http:\/\/extra.inmontanis.info\/d\/105618-2\/DSC06037.jpg'><img src=http:\/\/extra.inmontanis.info\/d\/105617-3\/DSC06037.jpg \/><\/a><br \/>\n^ Steuerraum<\/p>\n<p><a href='http:\/\/extra.inmontanis.info\/d\/105622-2\/DSC06039.jpg'><img src=http:\/\/extra.inmontanis.info\/d\/105621-3\/DSC06039.jpg \/><\/a><br \/>\n^ <\/p>\n<p><a href='http:\/\/extra.inmontanis.info\/d\/105626-2\/DSC06041.jpg'><img src=http:\/\/extra.inmontanis.info\/d\/105625-3\/DSC06041.jpg \/><\/a><br \/>\n^ <\/p>\n<p><a href='http:\/\/extra.inmontanis.info\/d\/105630-2\/DSC06045.jpg'><img src=http:\/\/extra.inmontanis.info\/d\/105629-3\/DSC06045.jpg \/><\/a><br \/>\n^ <\/p>\n<p><a href='http:\/\/extra.inmontanis.info\/d\/105634-2\/DSC06049.jpg'><img src=http:\/\/extra.inmontanis.info\/d\/105633-3\/DSC06049.jpg \/><\/a><br \/>\n^ Zweiter Nautischer Offizier<\/p>\n<p><a href='http:\/\/extra.inmontanis.info\/d\/105638-2\/DSC06053.jpg'><img src=http:\/\/extra.inmontanis.info\/d\/105637-3\/DSC06053.jpg \/><\/a><br \/>\n^ Gefischt wurde haupts\u00e4chlich bei Westgr\u00f6nland und Labrador, 6-8 Tage zum Fangplatz, dann 48 Stunden Durcharbeiten (bzw. bis Laderaum voll oder Zeit zur R\u00fcckkehr) und wieder zur\u00fcck<\/p>\n<p><a href='http:\/\/extra.inmontanis.info\/d\/105642-2\/DSC06056.jpg'><img src=http:\/\/extra.inmontanis.info\/d\/105641-3\/DSC06056.jpg \/><\/a><br \/>\n^ Koch und Kochsmaat<\/p>\n<p><a href='http:\/\/extra.inmontanis.info\/d\/105646-2\/DSC06059.jpg'><img src=http:\/\/extra.inmontanis.info\/d\/105645-3\/DSC06059.jpg \/><\/a><br \/>\n^ Leber\u00f6lgewinnungsanlage<\/p>\n<p><a href='http:\/\/extra.inmontanis.info\/d\/105650-2\/DSC06062.jpg'><img src=http:\/\/extra.inmontanis.info\/d\/105649-3\/DSC06062.jpg \/><\/a><br \/>\n^ Maschinenassistenten<\/p>\n<p><a href='http:\/\/extra.inmontanis.info\/d\/105654-2\/DSC06064.jpg'><img src=http:\/\/extra.inmontanis.info\/d\/105653-3\/DSC06064.jpg \/><\/a><br \/>\n^ Maschinenraum<\/p>\n<p><a href='http:\/\/extra.inmontanis.info\/d\/105658-2\/DSC06066.jpg'><img src=http:\/\/extra.inmontanis.info\/d\/105657-3\/DSC06066.jpg \/><\/a><br \/>\n^ Maschinenraum<\/p>\n<p><a href='http:\/\/extra.inmontanis.info\/d\/105662-2\/DSC06067.jpg'><img src=http:\/\/extra.inmontanis.info\/d\/105661-3\/DSC06067.jpg \/><\/a><br \/>\n^ <\/p>\n<p><a href='http:\/\/extra.inmontanis.info\/d\/105666-2\/DSC06068.jpg'><img src=http:\/\/extra.inmontanis.info\/d\/105665-3\/DSC06068.jpg \/><\/a><br \/>\n^ Dieselmotoren<\/p>\n<p><a href='http:\/\/extra.inmontanis.info\/d\/105670-2\/DSC06071.jpg'><img src=http:\/\/extra.inmontanis.info\/d\/105669-3\/DSC06071.jpg \/><\/a><br \/>\n^ Dieselmotoren<\/p>\n<p><a href='http:\/\/extra.inmontanis.info\/d\/105674-2\/DSC06075.jpg'><img src=http:\/\/extra.inmontanis.info\/d\/105673-3\/DSC06075.jpg \/><\/a><br \/>\n^ Vater-Sohn-Antrieb Infotext<\/p>\n<p><a href='http:\/\/extra.inmontanis.info\/d\/105678-2\/DSC06078.jpg'><img src=http:\/\/extra.inmontanis.info\/d\/105677-3\/DSC06078.jpg \/><\/a><br \/>\n^ Elektriker<\/p>\n<p><a href='http:\/\/extra.inmontanis.info\/d\/105682-2\/DSC06081.jpg'><img src=http:\/\/extra.inmontanis.info\/d\/105681-3\/DSC06081.jpg \/><\/a><br \/>\n^ Matrosen<\/p>\n<p><a href='http:\/\/extra.inmontanis.info\/d\/105686-2\/DSC06082.jpg'><img src=http:\/\/extra.inmontanis.info\/d\/105685-3\/DSC06082.jpg \/><\/a><br \/>\n^ Matrosen<\/p>\n<p><a href='http:\/\/extra.inmontanis.info\/d\/105690-2\/DSC06088.jpg'><img src=http:\/\/extra.inmontanis.info\/d\/105689-3\/DSC06088.jpg \/><\/a><br \/>\n^ Waschr\u00e4ume<\/p>\n<p><a href='http:\/\/extra.inmontanis.info\/d\/105694-2\/DSC06090.jpg'><img src=http:\/\/extra.inmontanis.info\/d\/105693-3\/DSC06090.jpg \/><\/a><br \/>\n^ Duschen<\/p>\n<p><a href='http:\/\/extra.inmontanis.info\/d\/105698-2\/DSC06096.jpg'><img src=http:\/\/extra.inmontanis.info\/d\/105697-3\/DSC06096.jpg \/><\/a><br \/>\n^ Komb\u00fcse \/ K\u00fcche<\/p>\n<p><a href='http:\/\/extra.inmontanis.info\/d\/105702-2\/DSC06106.jpg'><img src=http:\/\/extra.inmontanis.info\/d\/105701-3\/DSC06106.jpg \/><\/a><br \/>\n^ Mannschaftsmesse<\/p>\n<p><a href='http:\/\/extra.inmontanis.info\/d\/105706-2\/DSC06108.jpg'><img src=http:\/\/extra.inmontanis.info\/d\/105705-3\/DSC06108.jpg \/><\/a><br \/>\n^ Mannschaftsmesse<\/p>\n<p><a href='http:\/\/extra.inmontanis.info\/d\/105710-2\/DSC06113.jpg'><img src=http:\/\/extra.inmontanis.info\/d\/105709-3\/DSC06113.jpg \/><\/a><br \/>\n^ Netzraum<\/p>\n<p><a href='http:\/\/extra.inmontanis.info\/d\/105714-2\/DSC06115.jpg'><img src=http:\/\/extra.inmontanis.info\/d\/105713-3\/DSC06115.jpg \/><\/a><br \/>\n^ <\/p>\n<p><a href='http:\/\/extra.inmontanis.info\/d\/105718-2\/DSC06120.jpg'><img src=http:\/\/extra.inmontanis.info\/d\/105717-3\/DSC06120.jpg \/><\/a><br \/>\n^ <\/p>\n<p><a href='http:\/\/extra.inmontanis.info\/d\/105722-2\/DSC06122.jpg'><img src=http:\/\/extra.inmontanis.info\/d\/105721-3\/DSC06122.jpg \/><\/a><br \/>\n^ Fischladeraum<\/p>\n<p><a href='http:\/\/extra.inmontanis.info\/d\/105726-2\/DSC06123.jpg'><img src=http:\/\/extra.inmontanis.info\/d\/105725-3\/DSC06123.jpg \/><\/a><br \/>\n^ Fischladeraum<\/p>\n<p><a href='http:\/\/extra.inmontanis.info\/d\/105730-2\/DSC06124.jpg'><img src=http:\/\/extra.inmontanis.info\/d\/105729-3\/DSC06124.jpg \/><\/a><br \/>\n^ Infotafel zur K\u00fchlung<\/p>\n<p><a href='http:\/\/extra.inmontanis.info\/d\/105734-2\/DSC06125.jpg'><img src=http:\/\/extra.inmontanis.info\/d\/105733-3\/DSC06125.jpg \/><\/a><br \/>\n^ Fischfanggebiete f\u00fcr div. Fischarten; man sieht auch gut, dass Island und ein Teil Gr\u00f6nlands unterhalb des Polarkreises liegt<\/p>\n<p><a href='http:\/\/extra.inmontanis.info\/d\/105738-2\/DSC06133.jpg'><img src=http:\/\/extra.inmontanis.info\/d\/105737-3\/DSC06133.jpg \/><\/a><br \/>\n^ Museumsschiff Gera<\/p>\n<p>Nach 17 Uhr also wieder zur ATU-Werkstatt. Dort hie\u00df es dann, dass &#8211; entgegen meiner Erwartungen mit ca. 20% &#8211; doch fast 90% vom Klimagas gefehlt hatten (ca. 45g waren drin, 390g sollten drin sein) &#8230; somit wurde durch die letzte gro\u00dfe Undichtigkeitsreparatur also leider doch nicht das schon seit Anfang an bestehende Problem (dass ich alle 1-2 Jahre nachf\u00fcllen muss) behoben :( Wobei mich das mit den 45g wundert, weil sie ja schon noch etwas gek\u00fchlt hatte, also Luft kam schon k\u00fchler raus als ausgeschaltet.<\/p>\n<p>Der n\u00e4chste brauchbare Nachtplatz auf dem Weg ist wohl erst in ca. 50 Minuten &#8211; dann heute nicht mehr kochen. Statt um und \u00fcber 1,80 \u20ac die letzten Tage heute Abend um 1,709 tanken d\u00fcrfen. Auch das heute gekaufte Mineralwasser hat noch einen leicht abnehmbaren Verschluss.<\/p>\n<p>Der n\u00e4chtliche Regen plus die lauten danach vom Baum fallenden Regentropfen bedueteten eine unruhige Ncht.<\/p>\n<p><strong>Mi, 5.6.2024<\/strong><\/p>\n<p>Ich fuhr morgens noch zum  n\u00e4chten Autobahnrastplatz. Danach zu der Tankstelle (Hermes-Shop), wohin ich mir die Amazon-Bestellung vom Solarpanel hab schicken lassen. Evtl. noch in einem Action einkaufen?<\/p>\n<p>Schlafen ist dann problematischer, DE nahe NL-Grenze oder NL nahe morgiges Museum, um fr\u00fcher dort zu sein? DE hat tendenziell wohl sch\u00f6nere Pl\u00e4tze und macht weniger Probleme, die offiziellen Wohnmobilstellpl\u00e4tze in NL sind ja eher in Ortschaften und somit ggf. lauter, angeblich darf man aber nur auf solchen Pl\u00e4tzen \u00fcbernachten und die NL-Polizei ist da recht hinterher. Wobei ich nat\u00fcrlich weniger auffallen k\u00f6nnte. <\/p>\n<p>Die heute gekaufte Wasserflasche hatte nun doch einen angewachsenen Verschluss. Und leider bemerkt, dass auf den unter-500ml-Kakao-Plastikflaschen auch Pfand drauf ist! Mangels g\u00fcnstigerer Alternativen hab ich da n\u00e4mlich vorgestern so eine M\u00fcllermilch-Schoko-Packung gekauft, weil im Angebot. Also umsch\u00fctten und die Flasche auch abgeben. Nervt. <\/p>\n<p>Weia. Das Amazon-Paket war wesentlich gr\u00f6\u00dfer als erwartet (und die Kamera hatte das Foto mal wieder nicht abgespeichert). Allerding war hier an der Tankstelle ein Karton-M\u00fcllcontainer, dann gleich weg damit. R\u00fccksendung sowieso ausgeschlossen jetzt die n\u00e4chsten Tage.<\/p>\n<p>Immerhin noch einen g\u00fcnstigen H-Milch-Kakao heute bekomen und ein paar Naschsachen mussten wohl auch noch sein.<\/p>\n<p>Glaub das war in D\u00e4nemark im Rema1000-Supermarkt, da gabs H-Milch-Kakao und bei sehr vielen war der Plastikverschluss oben vom Karton abgegangen &#8211; und auch wenn er bei anderen dran war, wollte ich da lieber kein Exemplar kaufen.<\/p>\n<p>Einkaufsm\u00e4\u00dfig erst Netto, dann Famila (leider keine Schuhe oder brauchbare Rucks\u00e4cke) plus nebenliegende Apotheke (Voltadol\/Voltaren Schmerzgel wurde mir empfohlen f\u00fcr meinen &#8220;Tennis&#8221;-Skisteckenarm) und zum Schluss noch ein Action.<\/p>\n<p>Der eine Rucksack um 10 \u20ac schien durchaus geeignet zu sein und der Verlust w\u00fcrde sich in Grenzen halten, also nahm ich ihn mit. Hat ein paar Nachteile, einer, dass die Rei\u00dfverschl\u00fcsse vom Hauptfach bis ganz runter gehen (d.h. da w\u00fcrde dann alles rausfallen, wenn die versehentlich offen sind) und fast alle Taschen gehen bis zum Boden runter und das Seitenfach, das ich f\u00fcr die Cam nehmen w\u00fcrde &#8211; immerhin so was vorhanden &#8211; geht auch innen ins Hauptfach, was dann also auch bl\u00f6d ist, wenn da was drin ist, au\u00dfer man bastelt sich da eine Box, z.B. aus den Zwischenf\u00e4chern des alten Fotorucksacks.<\/p>\n<p>Zudem ist der Eingriff f\u00fcr die Cam leider auf der andern Seite, d.h. ich muss den neuen Rucksack in Zukunft auf der anderen Seite ausziehen.<\/p>\n<p>\u00dcbernachtet wird ca. eine halbe Stunde vorm Museum in NL an einem offiziellen, gratis Wohnmobilplatz an einem Sportplatz, wobei ich nicht in den gekennzeichneten, gro\u00dfen Wohnmobilpl\u00e4tzen stand, sondern ruhiger am Rand. <\/p>\n<p>Gut, dass ich das TK-Gericht nicht gestern machen wollte, das ist n\u00e4mlich heute immer noch teilweise gefroren! Trotz der \u00fcber 10\u00b0 im K\u00fchlschrank nachts laut Anzeige.<\/p>\n<p><a href='http:\/\/extra.inmontanis.info\/d\/105780-2\/DSC06137.jpg'><img src=http:\/\/extra.inmontanis.info\/d\/105779-3\/DSC06137.jpg \/><\/a><br \/>\n^ Eink\u00e4ufe in DE<\/p>\n<p><a href='http:\/\/extra.inmontanis.info\/d\/105784-2\/DSC06139.jpg'><img src=http:\/\/extra.inmontanis.info\/d\/105783-3\/DSC06139.jpg \/><\/a><br \/>\n^ TK-Fertiggericht Nudelfrikadellenpfanne .. viel, aber naja, also da schmeckten mir meine selbst gekochten Speck-Tomaten-Sahne-Nudeln im Winter aber viel besser.<\/p>\n<p>H\u00e4tte mir vielleicht lieber ein mehrfach faltbares Solarpanel kaufen sollen statt nur 2-fach, aber vmtl. waren die mehrfachen zu breit, keine Ahnung mehr. Jedenfalls schon etwas schwierig, das aufzubauen und zu verstauen. Immerhin nur das kleinere 60W-Panel, nicht 80W, das w\u00e4r ja noch gr\u00f6\u00dfer, das w\u00e4r echt problematisch gewesen. Kabel hab ich aber noch nicht angeschlossen, daher auch noch nicht getestet, muss ich machen, wenn ich mal Zeit hab. <\/p>\n","protected":false},"excerpt":{"rendered":"<p>Mo, 3.6.2024<\/p>\n<p>Ich fuhr morgens noch zu einem Supermarkt mit Post, vielleicht auch WC, was ist? Parkbeschr\u00e4nkung auf 2h, hab ich in DE auch noch nicht gesehen. Naja, bleibt nat\u00fcrlich fraglich, wie oft das kontrolliert wird. Hab mal keinen Rumlaufen sehen. <\/p>\n<p>Ich hatte das gestern Abend ja eigentlich etwas abgemessen und demnach h\u00e4tte die <a href=\"http:\/\/blog.inmontanis.info\/?p=9920\">[&#8230;]<\/a><\/p>\n","protected":false},"author":1,"featured_media":9922,"comment_status":"closed","ping_status":"closed","sticky":false,"template":"","format":"standard","meta":{"footnotes":""},"categories":[912,12,59],"tags":[37],"class_list":["post-9920","post","type-post","status-publish","format-standard","has-post-thumbnail","hentry","category-2023-09-2024-xx-skandinavien","category-germany","category-nostalgie","tag-meer","odd"],"_links":{"self":[{"href":"http:\/\/blog.inmontanis.info\/index.php?rest_route=\/wp\/v2\/posts\/9920","targetHints":{"allow":["GET"]}}],"collection":[{"href":"http:\/\/blog.inmontanis.info\/index.php?rest_route=\/wp\/v2\/posts"}],"about":[{"href":"http:\/\/blog.inmontanis.info\/index.php?rest_route=\/wp\/v2\/types\/post"}],"author":[{"embeddable":true,"href":"http:\/\/blog.inmontanis.info\/index.php?rest_route=\/wp\/v2\/users\/1"}],"replies":[{"embeddable":true,"href":"http:\/\/blog.inmontanis.info\/index.php?rest_route=%2Fwp%2Fv2%2Fcomments&post=9920"}],"version-history":[{"count":3,"href":"http:\/\/blog.inmontanis.info\/index.php?rest_route=\/wp\/v2\/posts\/9920\/revisions"}],"predecessor-version":[{"id":9924,"href":"http:\/\/blog.inmontanis.info\/index.php?rest_route=\/wp\/v2\/posts\/9920\/revisions\/9924"}],"wp:featuredmedia":[{"embeddable":true,"href":"http:\/\/blog.inmontanis.info\/index.php?rest_route=\/wp\/v2\/media\/9922"}],"wp:attachment":[{"href":"http:\/\/blog.inmontanis.info\/index.php?rest_route=%2Fwp%2Fv2%2Fmedia&parent=9920"}],"wp:term":[{"taxonomy":"category","embeddable":true,"href":"http:\/\/blog.inmontanis.info\/index.php?rest_route=%2Fwp%2Fv2%2Fcategories&post=9920"},{"taxonomy":"post_tag","embeddable":true,"href":"http:\/\/blog.inmontanis.info\/index.php?rest_route=%2Fwp%2Fv2%2Ftags&post=9920"}],"curies":[{"name":"wp","href":"https:\/\/api.w.org\/{rel}","templated":true}]}}