{"id":992,"date":"2009-11-28T23:12:52","date_gmt":"2009-11-28T22:12:52","guid":{"rendered":"http:\/\/blog.inmontanis.info\/?p=992"},"modified":"2023-08-06T21:20:44","modified_gmt":"2023-08-06T19:20:44","slug":"kaunertaler-gletscher-28-11-2009","status":"publish","type":"post","link":"http:\/\/blog.inmontanis.info\/?p=992","title":{"rendered":"Kaunertaler Gletscher, 28.11.2009"},"content":{"rendered":"<p>Schattig und Kalt, dass sind die 2 Punkte, die einem am Kaunertaler derzeit nicht gerade Freude bereiten &#8230;.<br \/>\n<!--more--><\/p>\n<p><em>[_de]Bilder anklicken zum Vergr\u00f6\u00dfern[\/_de]\u2028[_en]Click photos to enlarge[\/_en]<\/em><\/p>\n<p>Wartezeiten gab&#8217;s lediglich am SL N\u00f6rderjoch I, Wei\u00dfseeferner I+II, meist so im Bereich 3-7 Minuten. Alle anderen Lifte waren keine Wartezeiten bzw. maximal 2-4 Fahrbetriebsmittel.<\/p>\n<p>Bis auf eine der unteren Ochsenalm-I-Varianten waren alle aktuellen Abfahrten und Varianten ge\u00f6ffnet, die 4 an der Karlesjochbahn fand ich allesamt recht genial, nur die schwarze war etwas h\u00e4rter, weil da so viele reinfahren, die sich dann nicht fahren trauen, und dann den Schnee abrutschen&#8230;.. Muss man aber auch sagen, dass der Steilhang hier wirklich extrem steil ist. <\/p>\n<p><a href='http:\/\/ski.inmontanis.info\/d\/105647-2\/P1440678.JPG'><img src=http:\/\/ski.inmontanis.info\/d\/105645-3\/P1440678.JPG \/><\/a><br \/>\n^ 8EUB Karlesjoch mit den zum Teil neuen Abfahrtsvarianten<\/p>\n<p><img src=http:\/\/ski.inmontanis.info\/d\/105651-2\/P1440679.JPG \/><br \/>\n^ 3 der 4 Abfahrtsvarianten an der 8EUB Karlesjoch (Rot-Rot-Schwarz)<\/p>\n<p>Ansonsten wie auf allen Gletschern derzeit, oberhalb von 2700m geht&#8217;s super, drunter kann&#8217;s stellenweise extrem eisig sein.<\/p>\n<p>N\u00f6rderjoch I hab ich mir genau einmal angetan. Nachdem mir diese kleinen Stangerlbiester 5 Minuten hinter mir dr\u00e4ngelnderweise auf meinen Skiern gestanden sind (und ich das des \u00f6fteren so mit einem ruckartigen aufheben und unsanften zu Bodengleiten auf zwangsweise ihren Skispitzen quittierte), ist mir kurz vorm Einstieg doch noch die Sicherung durchgebrannt und habe ein beherztes und lautes &#8220;Is jetzt endlich Ruhe da hinten!!!&#8221; von mir gegeben. Ja, war eigentlich die falsche Forderung, aber es hat gewirkt, die restlichen 10 Sekunden waren sie tats\u00e4chlich ruhig &#8211; in jeglicher Hinsicht. Diese Kinder\/Jugendliche nerven mit ihren Dr\u00e4ngeleien am N\u00f6rderjoch 1 wirklich jedesmal.<\/p>\n<p><a href='http:\/\/ski.inmontanis.info\/d\/105655-2\/P1440682.JPG'><img src=http:\/\/ski.inmontanis.info\/d\/105653-3\/P1440682.JPG \/><\/a><br \/>\n^ Wahnsinn, wie hoch die Schuttberge hier inzwischen sind &#8211; so lang ist das noch gar nicht her, da konnte man von hier aus links um die Bergstation N\u00f6rderjoch I rumfahren &#8230;<\/p>\n<p>Bzgl. Corvatsch-Zoom hab ich versucht, nochmal mehr herauszuholen. Hatte mir ja, wie ich mir die Digicam damals gekauft hatte, auch eine aufschraubbare Extra-1,7x-Zoomlinse gekauft. Hatte bei den ersten Tests schon gemerkt, dass das so gut wie nix bringt, trotzdem hab ich&#8217;s nach Jahren nun gestern wieder ausprobiert &#8211; Linse drauf geschraubt und statt den sonst von mir verwendeten 5 mit 8 MP fotografiert. Das Ergebnis war wirklich kaum erkennbar besser als der Zoom vom letzten Mal (ohne Linse und mit 5 MP)&#8230;..:<\/p>\n<p><img src=http:\/\/ski.inmontanis.info\/d\/105643-2\/P1440673.JPG \/><br \/>\n^ Nochmal zum Corvatsch gezoomt, mit etwas Good-Will meint man sogar die Seile der PB zu sehen.<\/p>\n<p>Genau in der Linie hab ich zuf\u00e4lligerweise 2 Lifte fotografiert, die sich lt. Google-Earth als 2 Lifte im Skigebiet Haideralm entpuppten. Als ich damals dort war, waren ja beide nicht in Betrieb, schon damals war mir klar, den &#8220;Gipfel-SL&#8221; (der immerhin auf 2600m f\u00fchren soll), muss ich irgendwann nachholen, auch im Zoom schaut der sehr lecker aus! Wenn er von hier aus gesehen auch alles andere als ein &#8220;Gipfel&#8221;-SL ist :-)<\/p>\n<p><a href='http:\/\/ski.inmontanis.info\/d\/105659-2\/P1440668.JPG'><img src=http:\/\/ski.inmontanis.info\/d\/105658-3\/P1440668.JPG \/><\/a><br \/>\n^ Zoom Skigebiet Haideralm (3SB) vom Kaunertaler Gletscher aus<\/p>\n<p><img src=http:\/\/ski.inmontanis.info\/d\/105663-2\/P1440667.JPG \/><br \/>\n^ Zoom Haideralm (oberster SL) vom Kaunertaler Gletscher aus<\/p>\n","protected":false},"excerpt":{"rendered":"<p>Schattig und Kalt, dass sind die 2 Punkte, die einem am Kaunertaler derzeit nicht gerade Freude bereiten &#8230;.<\/p>\n<p> <a href=\"http:\/\/blog.inmontanis.info\/?p=992\">[&#8230;]<\/a><\/p>\n","protected":false},"author":1,"featured_media":0,"comment_status":"open","ping_status":"closed","sticky":false,"template":"","format":"standard","meta":{"footnotes":""},"categories":[24,905,13,27],"tags":[53],"class_list":["post-992","post","type-post","status-publish","format-standard","hentry","category-tagestour","category-kaunertaler-gletscher","category-austria","category-skifahren-winterskiing-winter","tag-8eub","odd"],"_links":{"self":[{"href":"http:\/\/blog.inmontanis.info\/index.php?rest_route=\/wp\/v2\/posts\/992","targetHints":{"allow":["GET"]}}],"collection":[{"href":"http:\/\/blog.inmontanis.info\/index.php?rest_route=\/wp\/v2\/posts"}],"about":[{"href":"http:\/\/blog.inmontanis.info\/index.php?rest_route=\/wp\/v2\/types\/post"}],"author":[{"embeddable":true,"href":"http:\/\/blog.inmontanis.info\/index.php?rest_route=\/wp\/v2\/users\/1"}],"replies":[{"embeddable":true,"href":"http:\/\/blog.inmontanis.info\/index.php?rest_route=%2Fwp%2Fv2%2Fcomments&post=992"}],"version-history":[{"count":6,"href":"http:\/\/blog.inmontanis.info\/index.php?rest_route=\/wp\/v2\/posts\/992\/revisions"}],"predecessor-version":[{"id":9302,"href":"http:\/\/blog.inmontanis.info\/index.php?rest_route=\/wp\/v2\/posts\/992\/revisions\/9302"}],"wp:attachment":[{"href":"http:\/\/blog.inmontanis.info\/index.php?rest_route=%2Fwp%2Fv2%2Fmedia&parent=992"}],"wp:term":[{"taxonomy":"category","embeddable":true,"href":"http:\/\/blog.inmontanis.info\/index.php?rest_route=%2Fwp%2Fv2%2Fcategories&post=992"},{"taxonomy":"post_tag","embeddable":true,"href":"http:\/\/blog.inmontanis.info\/index.php?rest_route=%2Fwp%2Fv2%2Ftags&post=992"}],"curies":[{"name":"wp","href":"https:\/\/api.w.org\/{rel}","templated":true}]}}