{"id":9911,"date":"2024-06-01T20:22:37","date_gmt":"2024-06-01T18:22:37","guid":{"rendered":"http:\/\/blog.inmontanis.info\/?p=9911"},"modified":"2024-06-06T20:44:04","modified_gmt":"2024-06-06T18:44:04","slug":"sporvejsmuseet-danisches-strasenbahnmuseum-1-6-2024-fahre-h-h","status":"publish","type":"post","link":"http:\/\/blog.inmontanis.info\/?p=9911","title":{"rendered":"Sporvejsmuseet &#8211; d\u00e4nisches Stra\u00dfenbahnmuseum, 1.6.2024 + F\u00e4hre H\/H"},"content":{"rendered":"<p><em>Leider \u00fcber 322 Fotos heute gemacht, 1 GB, den Platz hatte ich gar nicht frei einige Tage sp\u00e4ter&#8230; Nach dem Aussortieren blieben noch 173 Fotos \u00fcbrig.<\/em><\/p>\n<p><strong>Sa, 1.6.2024<\/strong><\/p>\n<p>Um 18:24 SEK nochmals sch\u00f6n vollgetankt in Schweden, so g\u00fcnstiges Benzin werd ich wohl nicht mehr so schnell bekommen. (Sp\u00e4ter in D\u00e4nemark ca. 1,90 \u20ac.) Coop macht erst um 8 auf und im Maxi-ICA gab&#8217;s auch kaum wirlich andere Nusssorten. Tja, dann kann ich gewisse Sorten meiner Verwandtschaft leider nicht schicken.<\/p>\n<p>Somit war ich schon um kurz nach 8 Uhr am F\u00e4hrhafen (hatte ja f\u00fcr 8:30 gebucht, last check-in 8:20)  und musste etwas in der Sonne warten.  So eine ca. 20min\u00fctige \u00dcberfahrt ist ja f\u00fcr mich viel zu kurz. Einige kauften an Bord kofferraumweise Alkohol ein!<\/p>\n<p><a href='http:\/\/extra.inmontanis.info\/d\/105034-2\/DSC05382.jpg'><img src=http:\/\/extra.inmontanis.info\/d\/105033-3\/DSC05382.jpg \/><\/a><br \/>\n^ Helsingborg<\/p>\n<p><a href='http:\/\/extra.inmontanis.info\/d\/105038-2\/DSC05383.jpg'><img src=http:\/\/extra.inmontanis.info\/d\/105037-3\/DSC05383.jpg \/><\/a><br \/>\n^ F\u00e4hre Helsingborg-Helsing\u00f8r<\/p>\n<p><a href='http:\/\/extra.inmontanis.info\/d\/105042-2\/DSC05385.jpg'><img src=http:\/\/extra.inmontanis.info\/d\/105041-3\/DSC05385.jpg \/><\/a><br \/>\n^ Helsingborg<\/p>\n<p><a href='http:\/\/extra.inmontanis.info\/d\/105046-2\/DSC05386.jpg'><img src=http:\/\/extra.inmontanis.info\/d\/105045-3\/DSC05386.jpg \/><\/a><br \/>\n^ F\u00e4hre Helsingborg-Helsing\u00f8r<\/p>\n<p><a href='http:\/\/extra.inmontanis.info\/d\/105050-2\/DSC05387.jpg'><img src=http:\/\/extra.inmontanis.info\/d\/105049-3\/DSC05387.jpg \/><\/a><br \/>\n^ Sch\u00f6nes Leuchtturmgeb\u00e4ude<\/p>\n<p><a href='http:\/\/extra.inmontanis.info\/d\/105054-2\/DSC05388.jpg'><img src=http:\/\/extra.inmontanis.info\/d\/105053-3\/DSC05388.jpg \/><\/a><br \/>\n^ Helsingborg<\/p>\n<p><a href='http:\/\/extra.inmontanis.info\/d\/105058-3\/DSC05389.jpg'><img src=http:\/\/extra.inmontanis.info\/d\/105057-4\/DSC05389.jpg \/><\/a><br \/>\n^ Helsingborg<\/p>\n<p><a href='http:\/\/extra.inmontanis.info\/d\/105062-3\/DSC05390.jpg'><img src=http:\/\/extra.inmontanis.info\/d\/105061-4\/DSC05390.jpg \/><\/a><br \/>\n^ Helsingborg<\/p>\n<p><a href='http:\/\/extra.inmontanis.info\/d\/105066-3\/DSC05391.jpg'><img src=http:\/\/extra.inmontanis.info\/d\/105065-4\/DSC05391.jpg \/><\/a><br \/>\n^ Nordpano<\/p>\n<p><a href='http:\/\/extra.inmontanis.info\/d\/105070-3\/DSC05394.jpg'><img src=http:\/\/extra.inmontanis.info\/d\/105069-4\/DSC05394.jpg \/><\/a><br \/>\n^ S\u00fcdpano. Die Br\u00fccke konnte man nicht erkennen<\/p>\n<p><a href='http:\/\/extra.inmontanis.info\/d\/105074-3\/DSC05397.jpg'><img src=http:\/\/extra.inmontanis.info\/d\/105073-4\/DSC05397.jpg \/><\/a><br \/>\n^ Helsing\u00f8r<\/p>\n<p><a href='http:\/\/extra.inmontanis.info\/d\/105078-3\/DSC05398.jpg'><img src=http:\/\/extra.inmontanis.info\/d\/105077-4\/DSC05398.jpg \/><\/a><br \/>\n^ Helsing\u00f8r<\/p>\n<p>Auf der Autobahn gab es sp\u00e4ter bei Roskilde S\u00fcd Stau richtung Zentrum, wobei sich das auf die rechte Spur beschr\u00e4nkte und man gut vorbeifahren konnte. Allerdings musste ich die n\u00e4chste Ausfahrt raus und nach S\u00fcden, in Gegenrichtung zur Stadt, fahren und stand 20 Minuten im Stau, weil da anscheinend auch viele raus sind, die den Stau an der anderen Ausfahrt umfahren wollten und so staute es sich hier an einer Linksabbiegerampel &#8211; nur ich fuhr gerade aus (und musste aber wegen denen warten).<\/p>\n<p><a href='http:\/\/extra.inmontanis.info\/d\/105082-3\/DSC05403.jpg'><img src=http:\/\/extra.inmontanis.info\/d\/105081-4\/DSC05403.jpg \/><\/a><br \/>\n^ Zum Stra\u00dfenbahnmuseum<\/p>\n<p>Um 10:30 kam ich am Sporvejsmuseum an, ein eher kleiner Parkplatz, Eintritt kostet 150,- DKK, also ca. 20 \u20ac. Gleich mal ein sch\u00f6ner, alter, kleiner Holzwagen aus Flensburg als Parkplatzpendel.<br \/>\n.<br \/>\n&#128681; Gespeicherte Geolocation &#8211; Karte anzeigen: <a href='https:\/\/www.google.com\/maps\/@?api=1&#038;map_action=map&#038;center=55.5326533,11.8497317&#038;zoom=12&#038;basemap=terrain' target=_blank> GoogleMaps<\/a> &#128681; <a href='https:\/\/www.openstreetmap.org\/?&#038;mlat=55.5326533&#038;mlon=11.8497317#map=10\/55.5326533\/11.8497317&#038;layers=P' target=_blank> OSM &#128681;<\/a><\/p>\n<p>Auf der Haupstrecke waren etliche Stra\u00dfenbahnen unterwegs, wobei das an der Haupt-Haltestelle etwas get\u00e4uscht hat, weil die Trams alle einen Anh\u00e4nger\/Beiwagen hatten. Es war sogar eine (die einzige hier?) oben offene Doppelstock-Tram in Betrieb und eine andere hatte einen offenen Anh\u00e4nger. Da mir 4-5 Trams im Einsatz schienen, fing ich vorerst an, an der Endstation umzusteigen und auf die n\u00e4chste zu warten.<\/p>\n<p>Wobei die Trams nicht alle gleichzeitig fahren, sondern im ca. 10-Min-Takt und dann eben an der vorderen Station bei den Depots stehen, d.h. es gibt auch nicht f\u00fcr jede Tram eine Besatzung.<\/p>\n<p>Ich w\u00e4r ja auch 2 Tage hier geblieben, aber da sie momentan nur am WE offen haben, nur heute. Wobei ja eh fraglich w\u00e4re, ob morgen andere Trams im Einsatz waren, denn nachmittags merkte ich auch noch, dass der Parkplatzpendel ebenfalls ausgewechselt wurde. Somit waren heute glaub ich unglaubliche 7 Stra\u00dfenbahnen im Einsatz, aber eben nicht alle den ganzen Tag &#8211; und eine davon hab ich wohl verpasst.<\/p>\n<p>Ein Restaurant oder Imbiss gibt&#8217;s leider nicht, au\u00dfer dem Caf\u00e9wagen am Ende der Strecke im Wald, der hatte abgepackte Kuchen (Muffins) und abgepackte Sandwiches (letzter um teure ca. 6,70 \u20ac). Ich nahm im Tagesverlauf mal ein Eis, das aber auch teuer war.<\/p>\n<p>Netterweise durfte man sehr viele Trams und Busse begehen, nicht wie in Crich nur von au\u00dfen sehen.  Die d\u00e4nischen Infotafeln la\u00df ich mir aber nicht wirklich durch, da h\u00e4tte ich auch gar keine Zeit gehabt.<\/p>\n<p>Auf dem Plan schaut es nach viel zu sehen aus, aber mehrere H\u00e4user sind nicht f\u00fcr die \u00d6ffentlichkeit bestimmt, so bleiben eigentlich nur 2 Ausstellungshallen \u00fcbrig &#8211; eine mit Trams, die andere mit Bussen.<\/p>\n<p>D\u00e4nisch h\u00f6rt sich irgendwie wie Schwedisch\/Norwegisch mit schw\u00e4bisch-deutschem Akzent an :)<\/p>\n<p><a href='http:\/\/extra.inmontanis.info\/d\/104406-2\/DSC05404.jpg'><img src=http:\/\/extra.inmontanis.info\/d\/104404-3\/DSC05404.jpg \/><\/a><br \/>\n^ Parkplatz am Stra\u00dfenbahnmuseum<\/p>\n<p><a href='http:\/\/extra.inmontanis.info\/d\/104410-2\/DSC05408.jpg'><img src=http:\/\/extra.inmontanis.info\/d\/104409-3\/DSC05408.jpg \/><\/a><br \/>\n^ Plan und Eintrittskarte. 4 ist wohl das Hauptbetriebsdepot, kann man nur wenig anschauen, 11+12+9+14 sind verschlossene Betriebsgeb\u00e4ude und Depots, 7 ist die Tramausstellung und 8 ist die Busausstellung. 1 ist der Parkplatz, von 2 zu 3 geht also die Parkplatzpendeltram, von 5 bis oben rauf zur Schleife geht dann der Haupt-Tramverkehr<\/p>\n<p><a href='http:\/\/extra.inmontanis.info\/d\/104414-2\/DSC05409.jpg'><img src=http:\/\/extra.inmontanis.info\/d\/104413-3\/DSC05409.jpg \/><\/a><br \/>\n^ Morgens als Schmalspur-Parkplatzpendel in Betrieb ein Wagen aus Flensburg<\/p>\n<p><a href='http:\/\/extra.inmontanis.info\/d\/104418-2\/DSC05410.jpg'><img src=http:\/\/extra.inmontanis.info\/d\/104417-3\/DSC05410.jpg \/><\/a><br \/>\n^ Flensburger Tram<\/p>\n<p><a href='http:\/\/extra.inmontanis.info\/d\/104422-2\/DSC05414.jpg'><img src=http:\/\/extra.inmontanis.info\/d\/104421-3\/DSC05414.jpg \/><\/a><br \/>\n^ Flensburger Tram<\/p>\n<p><a href='http:\/\/extra.inmontanis.info\/d\/104426-2\/DSC05413.jpg'><img src=http:\/\/extra.inmontanis.info\/d\/104425-3\/DSC05413.jpg \/><\/a><br \/>\n^ Haupt-Bahnhofsplatz<\/p>\n<p><a href='http:\/\/extra.inmontanis.info\/d\/104430-2\/DSC05415.jpg'><img src=http:\/\/extra.inmontanis.info\/d\/104429-3\/DSC05415.jpg \/><\/a><br \/>\n^ Haupt-Bahnhof f\u00fcr die Stra\u00dfenbahnen, Abfahrt alle 10 Minuten, wobei eine weitere als Zwischenfahrt vom mittlerem Gleis abzweigt. Man muss wohl retour links immer aussteigen und kann die Wendeschleife nicht mitfahren? Zumindest ist immer jeder raus.<\/p>\n<p><a href='http:\/\/extra.inmontanis.info\/d\/104434-2\/DSC05416.jpg'><img src=http:\/\/extra.inmontanis.info\/d\/104433-3\/DSC05416.jpg \/><\/a><br \/>\n^ Das vorherige Bild t\u00e4uschte etwas, da hier nicht 4 Trams hinteinander standen, sondern nur 2 mit Anh\u00e4nger\/Beiwagen. Und cool: eine Doppelstocktram, die oben offen ist und R\u00fccken-an-R\u00fccken-Sitze hat<\/p>\n<p><a href='http:\/\/extra.inmontanis.info\/d\/104438-2\/DSC05419.jpg'><img src=http:\/\/extra.inmontanis.info\/d\/104437-3\/DSC05419.jpg \/><\/a><br \/>\n^ Die vorderste Tram f\u00e4hrt logischerweise als n\u00e4chstes los, hier der vordere Wagen. Diese Hell-Dunkel-Streifen gefallen mir gar nicht, was aber am hellen Holz liegt &#8211; ich find dunkles Holz einfach nostalgischer.<\/p>\n<p><a href='http:\/\/extra.inmontanis.info\/d\/104442-2\/DSC05420.jpg'><img src=http:\/\/extra.inmontanis.info\/d\/104441-3\/DSC05420.jpg \/><\/a><br \/>\n^ Holz+Messing, die wichtigsten Materialien f\u00fcr eine alte Tram ;-)<\/p>\n<p><a href='http:\/\/extra.inmontanis.info\/d\/104446-2\/DSC05426.jpg'><img src=http:\/\/extra.inmontanis.info\/d\/104445-3\/DSC05426.jpg \/><\/a><br \/>\n^ <\/p>\n<p><a href='http:\/\/extra.inmontanis.info\/d\/104450-2\/DSC05430.jpg'><img src=http:\/\/extra.inmontanis.info\/d\/104449-3\/DSC05430.jpg \/><\/a><br \/>\n^ Endstation<\/p>\n<p><a href='http:\/\/extra.inmontanis.info\/d\/104454-2\/DSC05431.jpg'><img src=http:\/\/extra.inmontanis.info\/d\/104453-3\/DSC05431.jpg \/><\/a><br \/>\n^ Endstation Schlelfe<\/p>\n<p><a href='http:\/\/extra.inmontanis.info\/d\/104458-2\/DSC05432.jpg'><img src=http:\/\/extra.inmontanis.info\/d\/104457-3\/DSC05432.jpg \/><\/a><br \/>\n^ Damit bin ich gerade gefahren. Sp\u00e4ter bin ich noch \u00f6fters hinten im offenen Wagen gefahren, war bei den heutigen Temperaturen doch angenehmer<\/p>\n<p><a href='http:\/\/extra.inmontanis.info\/d\/104462-2\/DSC05435.jpg'><img src=http:\/\/extra.inmontanis.info\/d\/104461-3\/DSC05435.jpg \/><\/a><br \/>\n^ Spielzeugwagen ohne Gleisanbindung<\/p>\n<p><a href='http:\/\/extra.inmontanis.info\/d\/104466-2\/DSC05438.jpg'><img src=http:\/\/extra.inmontanis.info\/d\/104465-3\/DSC05438.jpg \/><\/a><br \/>\n^ Die Doppelstock-Tram samt Anh\u00e4nger kommt<\/p>\n<p><a href='http:\/\/extra.inmontanis.info\/d\/104470-2\/DSC05440.jpg'><img src=http:\/\/extra.inmontanis.info\/d\/104469-3\/DSC05440.jpg \/><\/a><br \/>\n^ Doppelstocktram oberer Stock<\/p>\n<p><a href='http:\/\/extra.inmontanis.info\/d\/104474-2\/DSC05443.jpg'><img src=http:\/\/extra.inmontanis.info\/d\/104473-3\/DSC05443.jpg \/><\/a><br \/>\n^ Strecke<\/p>\n<p><a href='http:\/\/extra.inmontanis.info\/d\/104478-2\/DSC05445.jpg'><img src=http:\/\/extra.inmontanis.info\/d\/104477-3\/DSC05445.jpg \/><\/a><br \/>\n^ Strecke; die 5. Tram war dieser rote Wagen, der Zwischenfahrten machte und vorne am Nebengleis startete; ich erwischte gerade die letzte Fahrt zu Mittag, bevor der Wagen ausgetauscht wurde<\/p>\n<p><a href='http:\/\/extra.inmontanis.info\/d\/104482-2\/DSC05447.jpg'><img src=http:\/\/extra.inmontanis.info\/d\/104481-3\/DSC05447.jpg \/><\/a><br \/>\n^ Vom oberen Stock sieht man hier etwas zum See<\/p>\n<p><a href='http:\/\/extra.inmontanis.info\/d\/104486-2\/DSC05448.jpg'><img src=http:\/\/extra.inmontanis.info\/d\/104485-3\/DSC05448.jpg \/><\/a><br \/>\n^ Strecke<\/p>\n<p><a href='http:\/\/extra.inmontanis.info\/d\/104490-2\/DSC05449.jpg'><img src=http:\/\/extra.inmontanis.info\/d\/104489-3\/DSC05449.jpg \/><\/a><br \/>\n^ Strecke, ab hier zweigleisig<\/p>\n<p><a href='http:\/\/extra.inmontanis.info\/d\/104494-2\/DSC05450.jpg'><img src=http:\/\/extra.inmontanis.info\/d\/104493-3\/DSC05450.jpg \/><\/a><br \/>\n^ Den Wagen hier im Bild bin ich viellehcht gar nicht gefahren, schien nachmittags aber auch nicht mehr in Betrieb zu sein und wohl leider irgendwie verpasst. Mit den \u00e4hnlichen creme-gelb-beigen Anstrichen tat man sich aber auch etwas schwer, zumal ich die Bahn hier nie an der Zentral-Station hab stehen sehen :(<\/p>\n<p><a href='http:\/\/extra.inmontanis.info\/d\/104498-2\/DSC05452.jpg'><img src=http:\/\/extra.inmontanis.info\/d\/104497-3\/DSC05452.jpg \/><\/a><br \/>\n^ Schaufenster-Zeile<\/p>\n<p><a href='http:\/\/extra.inmontanis.info\/d\/104502-2\/DSC05454.jpg'><img src=http:\/\/extra.inmontanis.info\/d\/104501-3\/DSC05454.jpg \/><\/a><br \/>\n^ <\/p>\n<p><a href='http:\/\/extra.inmontanis.info\/d\/104506-2\/DSC05456.jpg'><img src=http:\/\/extra.inmontanis.info\/d\/104505-3\/DSC05456.jpg \/><\/a><br \/>\n^ Doppelstocktram oberer Stock, diese Sitzordnung am oberen Stock findet man aktuell im UK nirgends, bzw. mit Ausnahme der Pferde-Tram auf der Isle of Man<\/p>\n<p><a href='http:\/\/extra.inmontanis.info\/d\/104510-2\/DSC05457.jpg'><img src=http:\/\/extra.inmontanis.info\/d\/104509-3\/DSC05457.jpg \/><\/a><br \/>\n^ Die vordere Tram besuchte ich gleich von Innen<\/p>\n<p><a href='http:\/\/extra.inmontanis.info\/d\/104514-2\/DSC05459.jpg'><img src=http:\/\/extra.inmontanis.info\/d\/104513-3\/DSC05459.jpg \/><\/a><br \/>\n^ .. im hinteren Wagen gibt es diese eigenartigen Einzel-Sitze<\/p>\n<p><a href='http:\/\/extra.inmontanis.info\/d\/104518-2\/DSC05460.jpg'><img src=http:\/\/extra.inmontanis.info\/d\/104517-3\/DSC05460.jpg \/><\/a><br \/>\n^ Schaffner-Sitz. Die Hebel, das merkte ich dann erst sp\u00e4ter, als er sie gebrauchte, sind daf\u00fcr da, die T\u00fcren zu \u00f6ffnen und zu schlie\u00dfen!<\/p>\n<p><a href='http:\/\/extra.inmontanis.info\/d\/104522-2\/DSC05461.jpg'><img src=http:\/\/extra.inmontanis.info\/d\/104521-3\/DSC05461.jpg \/><\/a><br \/>\n^ Vorderer Wagen<\/p>\n<p><a href='http:\/\/extra.inmontanis.info\/d\/104526-2\/DSC05462.jpg'><img src=http:\/\/extra.inmontanis.info\/d\/104525-3\/DSC05462.jpg \/><\/a><br \/>\n^ Schaffner-Sitz im vorderen Wagen<\/p>\n<p><a href='http:\/\/extra.inmontanis.info\/d\/104530-2\/DSC05463.jpg'><img src=http:\/\/extra.inmontanis.info\/d\/104529-3\/DSC05463.jpg \/><\/a><br \/>\n^ Fahrer<\/p>\n<p><a href='http:\/\/extra.inmontanis.info\/d\/104534-2\/DSC05466.jpg'><img src=http:\/\/extra.inmontanis.info\/d\/104533-3\/DSC05466.jpg \/><\/a><br \/>\n^ Pferdebus<\/p>\n<p><a href='http:\/\/extra.inmontanis.info\/d\/104538-2\/DSC05467.jpg'><img src=http:\/\/extra.inmontanis.info\/d\/104537-3\/DSC05467.jpg \/><\/a><br \/>\n^ Busausstellungshalle<\/p>\n<p><a href='http:\/\/extra.inmontanis.info\/d\/104542-2\/DSC05468.jpg'><img src=http:\/\/extra.inmontanis.info\/d\/104541-3\/DSC05468.jpg \/><\/a><br \/>\n^ busausstellungshalle<\/p>\n<p><a href='http:\/\/extra.inmontanis.info\/d\/104546-2\/DSC05469.jpg'><img src=http:\/\/extra.inmontanis.info\/d\/104545-3\/DSC05469.jpg \/><\/a><br \/>\n^ busausstellungshalle<\/p>\n<p><a href='http:\/\/extra.inmontanis.info\/d\/104550-2\/DSC05470.jpg'><img src=http:\/\/extra.inmontanis.info\/d\/104549-3\/DSC05470.jpg \/><\/a><br \/>\n^ Netterweise darf man in vielen Omnibussen einstiegen. Das ist der alte Bus, wo der Fahrer noch drau\u00dfen sitzen musste!<\/p>\n<p><a href='http:\/\/extra.inmontanis.info\/d\/104554-2\/DSC05471.jpg'><img src=http:\/\/extra.inmontanis.info\/d\/104553-3\/DSC05471.jpg \/><\/a><br \/>\n^ aber schon auch cool<\/p>\n<p><a href='http:\/\/extra.inmontanis.info\/d\/104558-2\/DSC05474.jpg'><img src=http:\/\/extra.inmontanis.info\/d\/104557-3\/DSC05474.jpg \/><\/a><br \/>\n^ Den hier durfte man nicht betreten<\/p>\n<p><a href='http:\/\/extra.inmontanis.info\/d\/104562-2\/DSC05475.jpg'><img src=http:\/\/extra.inmontanis.info\/d\/104561-3\/DSC05475.jpg \/><\/a><br \/>\n^ Alter Bus mit Fahrerkabine extra<\/p>\n<p><a href='http:\/\/extra.inmontanis.info\/d\/104566-2\/DSC05476.jpg'><img src=http:\/\/extra.inmontanis.info\/d\/104565-3\/DSC05476.jpg \/><\/a><br \/>\n^ Alter Bus mit Fahrer innen<\/p>\n<p><a href='http:\/\/extra.inmontanis.info\/d\/104570-2\/DSC05477.jpg'><img src=http:\/\/extra.inmontanis.info\/d\/104569-3\/DSC05477.jpg \/><\/a><br \/>\n^ Holz und der Geruch des alten Leders machen den Flair der alten Busse aus<\/p>\n<p><a href='http:\/\/extra.inmontanis.info\/d\/104574-2\/DSC05478.jpg'><img src=http:\/\/extra.inmontanis.info\/d\/104573-3\/DSC05478.jpg \/><\/a><br \/>\n^ Auch Oberleitungsbuse sind hier ausgestellt<\/p>\n<p><a href='http:\/\/extra.inmontanis.info\/d\/104578-2\/DSC05479.jpg'><img src=http:\/\/extra.inmontanis.info\/d\/104577-3\/DSC05479.jpg \/><\/a><br \/>\n^ <\/p>\n<p><a href='http:\/\/extra.inmontanis.info\/d\/104582-2\/DSC05480.jpg'><img src=http:\/\/extra.inmontanis.info\/d\/104581-3\/DSC05480.jpg \/><\/a><br \/>\n^ <\/p>\n<p><a href='http:\/\/extra.inmontanis.info\/d\/104586-2\/DSC05481.jpg'><img src=http:\/\/extra.inmontanis.info\/d\/104585-3\/DSC05481.jpg \/><\/a><br \/>\n^ Fahrersitz<\/p>\n<p><a href='http:\/\/extra.inmontanis.info\/d\/104590-2\/DSC05482.jpg'><img src=http:\/\/extra.inmontanis.info\/d\/104589-3\/DSC05482.jpg \/><\/a><br \/>\n^ .. mit den alten Kippschaltern wie beim Lich daheim ;)<\/p>\n<p><a href='http:\/\/extra.inmontanis.info\/d\/104594-2\/DSC05487.jpg'><img src=http:\/\/extra.inmontanis.info\/d\/104593-3\/DSC05487.jpg \/><\/a><br \/>\n^ Busgestell<\/p>\n<p><a href='http:\/\/extra.inmontanis.info\/d\/104598-2\/DSC05488.jpg'><img src=http:\/\/extra.inmontanis.info\/d\/104597-3\/DSC05488.jpg \/><\/a><br \/>\n^ Das da vorne rechts ..<\/p>\n<p><a href='http:\/\/extra.inmontanis.info\/d\/104602-2\/DSC05489.jpg'><img src=http:\/\/extra.inmontanis.info\/d\/104601-3\/DSC05489.jpg \/><\/a><br \/>\n^ .. ist ein M\u00fcnzwechsler<\/p>\n<p><a href='http:\/\/extra.inmontanis.info\/d\/104606-2\/DSC05490.jpg'><img src=http:\/\/extra.inmontanis.info\/d\/104605-3\/DSC05490.jpg \/><\/a><br \/>\n^ Fahrersitz<\/p>\n<p><a href='http:\/\/extra.inmontanis.info\/d\/104610-2\/DSC05493.jpg'><img src=http:\/\/extra.inmontanis.info\/d\/104609-3\/DSC05493.jpg \/><\/a><br \/>\n^ Fahrersitz<\/p>\n<p><a href='http:\/\/extra.inmontanis.info\/d\/104614-2\/DSC05494.jpg'><img src=http:\/\/extra.inmontanis.info\/d\/104613-3\/DSC05494.jpg \/><\/a><br \/>\n^ <\/p>\n<p><a href='http:\/\/extra.inmontanis.info\/d\/104618-2\/DSC05495.jpg'><img src=http:\/\/extra.inmontanis.info\/d\/104617-3\/DSC05495.jpg \/><\/a><br \/>\n^ Fahrersitz<\/p>\n<p><a href='http:\/\/extra.inmontanis.info\/d\/104622-2\/DSC05498.jpg'><img src=http:\/\/extra.inmontanis.info\/d\/104621-3\/DSC05498.jpg \/><\/a><br \/>\n^ Der alte Bus, wo der Fahrer drau\u00dfen sitzen musste<\/p>\n<p><a href='http:\/\/extra.inmontanis.info\/d\/104626-2\/DSC05499.jpg'><img src=http:\/\/extra.inmontanis.info\/d\/104625-3\/DSC05499.jpg \/><\/a><br \/>\n^ .. es wird moderner<\/p>\n<p><a href='http:\/\/extra.inmontanis.info\/d\/104630-2\/DSC05500.jpg'><img src=http:\/\/extra.inmontanis.info\/d\/104629-3\/DSC05500.jpg \/><\/a><br \/>\n^ Fahrersitz<\/p>\n<p><a href='http:\/\/extra.inmontanis.info\/d\/104634-2\/DSC05501.jpg'><img src=http:\/\/extra.inmontanis.info\/d\/104633-3\/DSC05501.jpg \/><\/a><br \/>\n^ Schaufenster<\/p>\n<p><a href='http:\/\/extra.inmontanis.info\/d\/104638-2\/DSC05502.jpg'><img src=http:\/\/extra.inmontanis.info\/d\/104637-3\/DSC05502.jpg \/><\/a><br \/>\n^ Stra\u00dfenbahn-Ausstellungshalle<\/p>\n<p><a href='http:\/\/extra.inmontanis.info\/d\/104642-2\/DSC05504.jpg'><img src=http:\/\/extra.inmontanis.info\/d\/104641-3\/DSC05504.jpg \/><\/a><br \/>\n^<br \/>\n<a href='http:\/\/extra.inmontanis.info\/d\/104646-2\/DSC05505.jpg'><img src=http:\/\/extra.inmontanis.info\/d\/104645-3\/DSC05505.jpg \/><\/a><br \/>\n^ Nat\u00fcrlich gibts auch viele Infotafeln, aber in D\u00e4nisch und ich hatte heut auch gar keine Zeit, die alten Fotos anzusehen<\/p>\n<p><a href='http:\/\/extra.inmontanis.info\/d\/104650-2\/DSC05510.jpg'><img src=http:\/\/extra.inmontanis.info\/d\/104649-3\/DSC05510.jpg \/><\/a><br \/>\n^ Service-Tram<\/p>\n<p><a href='http:\/\/extra.inmontanis.info\/d\/104654-2\/DSC05512.jpg'><img src=http:\/\/extra.inmontanis.info\/d\/104653-3\/DSC05512.jpg \/><\/a><br \/>\n^ Service-Tram, selbst hier durfte man bissl rein<\/p>\n<p><a href='http:\/\/extra.inmontanis.info\/d\/104658-2\/DSC05514.jpg'><img src=http:\/\/extra.inmontanis.info\/d\/104657-3\/DSC05514.jpg \/><\/a><br \/>\n^ <\/p>\n<p><a href='http:\/\/extra.inmontanis.info\/d\/104662-2\/DSC05516.jpg'><img src=http:\/\/extra.inmontanis.info\/d\/104661-3\/DSC05516.jpg \/><\/a><br \/>\n^ <\/p>\n<p><a href='http:\/\/extra.inmontanis.info\/d\/104666-2\/DSC05517.jpg'><img src=http:\/\/extra.inmontanis.info\/d\/104665-3\/DSC05517.jpg \/><\/a><br \/>\n^ <\/p>\n<p><a href='http:\/\/extra.inmontanis.info\/d\/104670-2\/DSC05518.jpg'><img src=http:\/\/extra.inmontanis.info\/d\/104669-3\/DSC05518.jpg \/><\/a><br \/>\n^ <\/p>\n<p><a href='http:\/\/extra.inmontanis.info\/d\/104674-2\/DSC05521.jpg'><img src=http:\/\/extra.inmontanis.info\/d\/104673-3\/DSC05521.jpg \/><\/a><br \/>\n^ <\/p>\n<p><a href='http:\/\/extra.inmontanis.info\/d\/104678-2\/DSC05522.jpg'><img src=http:\/\/extra.inmontanis.info\/d\/104677-3\/DSC05522.jpg \/><\/a><br \/>\n^ <\/p>\n<p><a href='http:\/\/extra.inmontanis.info\/d\/104682-2\/DSC05523.jpg'><img src=http:\/\/extra.inmontanis.info\/d\/104681-3\/DSC05523.jpg \/><\/a><br \/>\n^ <\/p>\n<p><a href='http:\/\/extra.inmontanis.info\/d\/104686-2\/DSC05524.jpg'><img src=http:\/\/extra.inmontanis.info\/d\/104685-3\/DSC05524.jpg \/><\/a><br \/>\n^ <\/p>\n<p><a href='http:\/\/extra.inmontanis.info\/d\/104690-2\/DSC05525.jpg'><img src=http:\/\/extra.inmontanis.info\/d\/104689-3\/DSC05525.jpg \/><\/a><br \/>\n^ <\/p>\n<p><a href='http:\/\/extra.inmontanis.info\/d\/104694-2\/DSC05526.jpg'><img src=http:\/\/extra.inmontanis.info\/d\/104693-3\/DSC05526.jpg \/><\/a><br \/>\n^ <\/p>\n<p><a href='http:\/\/extra.inmontanis.info\/d\/104698-2\/DSC05527.jpg'><img src=http:\/\/extra.inmontanis.info\/d\/104697-3\/DSC05527.jpg \/><\/a><br \/>\n^ <\/p>\n<p><a href='http:\/\/extra.inmontanis.info\/d\/104702-2\/DSC05528.jpg'><img src=http:\/\/extra.inmontanis.info\/d\/104701-3\/DSC05528.jpg \/><\/a><br \/>\n^ <\/p>\n<p><a href='http:\/\/extra.inmontanis.info\/d\/104706-2\/DSC05529.jpg'><img src=http:\/\/extra.inmontanis.info\/d\/104705-3\/DSC05529.jpg \/><\/a><br \/>\n^ <\/p>\n<p><a href='http:\/\/extra.inmontanis.info\/d\/104710-2\/DSC05531.jpg'><img src=http:\/\/extra.inmontanis.info\/d\/104709-3\/DSC05531.jpg \/><\/a><br \/>\n^ <\/p>\n<p><a href='http:\/\/extra.inmontanis.info\/d\/104714-2\/DSC05534.jpg'><img src=http:\/\/extra.inmontanis.info\/d\/104713-3\/DSC05534.jpg \/><\/a><br \/>\n^ Sehr cool, dass man hier \u00fcberall rein darf und probesitzen kann, wohl einer der sch\u00f6nsten Holzsitzwagen hier<\/p>\n<p><a href='http:\/\/extra.inmontanis.info\/d\/104718-2\/DSC05535.jpg'><img src=http:\/\/extra.inmontanis.info\/d\/104717-3\/DSC05535.jpg \/><\/a><br \/>\n^ Flair ohne Ende ;)<\/p>\n<p><a href='http:\/\/extra.inmontanis.info\/d\/104722-2\/DSC05536.jpg'><img src=http:\/\/extra.inmontanis.info\/d\/104721-3\/DSC05536.jpg \/><\/a><br \/>\n^ <\/p>\n<p><a href='http:\/\/extra.inmontanis.info\/d\/104726-2\/DSC05538.jpg'><img src=http:\/\/extra.inmontanis.info\/d\/104725-3\/DSC05538.jpg \/><\/a><br \/>\n^ <\/p>\n<p><a href='http:\/\/extra.inmontanis.info\/d\/104730-2\/DSC05539.jpg'><img src=http:\/\/extra.inmontanis.info\/d\/104729-3\/DSC05539.jpg \/><\/a><br \/>\n^ <\/p>\n<p><a href='http:\/\/extra.inmontanis.info\/d\/104734-2\/DSC05540.jpg'><img src=http:\/\/extra.inmontanis.info\/d\/104733-3\/DSC05540.jpg \/><\/a><br \/>\n^ <\/p>\n<p><a href='http:\/\/extra.inmontanis.info\/d\/104738-2\/DSC05542.jpg'><img src=http:\/\/extra.inmontanis.info\/d\/104737-3\/DSC05542.jpg \/><\/a><br \/>\n^ Schaffner-Platz<\/p>\n<p><a href='http:\/\/extra.inmontanis.info\/d\/104742-2\/DSC05546.jpg'><img src=http:\/\/extra.inmontanis.info\/d\/104741-3\/DSC05546.jpg \/><\/a><br \/>\n^ <\/p>\n<p><a href='http:\/\/extra.inmontanis.info\/d\/104746-2\/DSC05547.jpg'><img src=http:\/\/extra.inmontanis.info\/d\/104745-3\/DSC05547.jpg \/><\/a><br \/>\n^ <\/p>\n<p><a href='http:\/\/extra.inmontanis.info\/d\/104750-2\/DSC05551.jpg'><img src=http:\/\/extra.inmontanis.info\/d\/104749-3\/DSC05551.jpg \/><\/a><br \/>\n^ <\/p>\n<p><a href='http:\/\/extra.inmontanis.info\/d\/104754-2\/DSC05555.jpg'><img src=http:\/\/extra.inmontanis.info\/d\/104753-3\/DSC05555.jpg \/><\/a><br \/>\n^ <\/p>\n<p><a href='http:\/\/extra.inmontanis.info\/d\/104758-2\/DSC05557.jpg'><img src=http:\/\/extra.inmontanis.info\/d\/104757-3\/DSC05557.jpg \/><\/a><br \/>\n^ die andere Halle, wo man nur den vordersten Teil besichtigen darf<\/p>\n<p><a href='http:\/\/extra.inmontanis.info\/d\/104762-2\/DSC05561.jpg'><img src=http:\/\/extra.inmontanis.info\/d\/104761-3\/DSC05561.jpg \/><\/a><br \/>\n^ Beiwagen der Doppelstocktram<\/p>\n<p><a href='http:\/\/extra.inmontanis.info\/d\/104766-2\/DSC05562.jpg'><img src=http:\/\/extra.inmontanis.info\/d\/104765-3\/DSC05562.jpg \/><\/a><br \/>\n^ Beiwagen der Doppelstocktram<\/p>\n<p><a href='http:\/\/extra.inmontanis.info\/d\/104770-2\/DSC05564.jpg'><img src=http:\/\/extra.inmontanis.info\/d\/104769-3\/DSC05564.jpg \/><\/a><br \/>\n^ Der offene Wagen ist auch interessant insofern, dass es mehrere Abteile gibt ..<\/p>\n<p><a href='http:\/\/extra.inmontanis.info\/d\/104774-2\/DSC05565.jpg'><img src=http:\/\/extra.inmontanis.info\/d\/104773-3\/DSC05565.jpg \/><\/a><br \/>\n^ .. also komplett hochgezogene Seitenw\u00e4nde. Windschutz? Stabilit\u00e4t?<\/p>\n<p><a href='http:\/\/extra.inmontanis.info\/d\/104778-2\/DSC05566.jpg'><img src=http:\/\/extra.inmontanis.info\/d\/104777-3\/DSC05566.jpg \/><\/a><br \/>\n^ <\/p>\n<p><a href='http:\/\/extra.inmontanis.info\/d\/104782-2\/DSC05568.jpg'><img src=http:\/\/extra.inmontanis.info\/d\/104781-3\/DSC05568.jpg \/><\/a><br \/>\n^ Sonderzug f\u00fcr eine geschlossene Gesellschaft, dahinter der Cafe-Wagen an der Endstation<\/p>\n<p><a href='http:\/\/extra.inmontanis.info\/d\/104786-2\/DSC05569.jpg'><img src=http:\/\/extra.inmontanis.info\/d\/104785-3\/DSC05569.jpg \/><\/a><br \/>\n^ Cafe-Wagen<\/p>\n<p><a href='http:\/\/extra.inmontanis.info\/d\/104790-2\/DSC05570.jpg'><img src=http:\/\/extra.inmontanis.info\/d\/104789-3\/DSC05570.jpg \/><\/a><br \/>\n^ Cafe-Wagen<\/p>\n<p><a href='http:\/\/extra.inmontanis.info\/d\/104794-2\/DSC05571.jpg'><img src=http:\/\/extra.inmontanis.info\/d\/104793-3\/DSC05571.jpg \/><\/a><br \/>\n^ Die rote Tram<\/p>\n<p><a href='http:\/\/extra.inmontanis.info\/d\/104798-2\/DSC05574.jpg'><img src=http:\/\/extra.inmontanis.info\/d\/104797-3\/DSC05574.jpg \/><\/a><br \/>\n^ .. mit abgetrennterem Schaffnerbereich ..<\/p>\n<p><a href='http:\/\/extra.inmontanis.info\/d\/104802-2\/DSC05575.jpg'><img src=http:\/\/extra.inmontanis.info\/d\/104801-3\/DSC05575.jpg \/><\/a><br \/>\n^ der Zweisprachigkeit nach her vielleicht aus Belgien<\/p>\n<p><a href='http:\/\/extra.inmontanis.info\/d\/104806-2\/DSC05578.jpg'><img src=http:\/\/extra.inmontanis.info\/d\/104805-3\/DSC05578.jpg \/><\/a><br \/>\n^ <\/p>\n<p><a href='http:\/\/extra.inmontanis.info\/d\/104810-2\/DSC05579.jpg'><img src=http:\/\/extra.inmontanis.info\/d\/104809-3\/DSC05579.jpg \/><\/a><br \/>\n^ Dort ginge es zur Wendeschleife, aber der Wagen wurde nun eingaragiert<\/p>\n<p><a href='http:\/\/extra.inmontanis.info\/d\/104814-2\/DSC05580.jpg'><img src=http:\/\/extra.inmontanis.info\/d\/104813-3\/DSC05580.jpg \/><\/a><br \/>\n^ Die Tram aus der Schweiz war nicht in Betrieb<\/p>\n<p><a href='http:\/\/extra.inmontanis.info\/d\/104818-2\/DSC05581.jpg'><img src=http:\/\/extra.inmontanis.info\/d\/104817-3\/DSC05581.jpg \/><\/a><br \/>\n^ <\/p>\n<p><a href='http:\/\/extra.inmontanis.info\/d\/104822-2\/DSC05582.jpg'><img src=http:\/\/extra.inmontanis.info\/d\/104821-3\/DSC05582.jpg \/><\/a><br \/>\n^ <\/p>\n<p><a href='http:\/\/extra.inmontanis.info\/d\/104826-2\/DSC05584.jpg'><img src=http:\/\/extra.inmontanis.info\/d\/104825-3\/DSC05584.jpg \/><\/a><br \/>\n^ T\u00fce &#8211; hier durfte wohl der Schaffner in den Anh\u00e4nger gehen<\/p>\n<p><a href='http:\/\/extra.inmontanis.info\/d\/104830-2\/DSC05590.jpg'><img src=http:\/\/extra.inmontanis.info\/d\/104829-3\/DSC05590.jpg \/><\/a><br \/>\n^ <\/p>\n<p><a href='http:\/\/extra.inmontanis.info\/d\/104834-2\/DSC05592.jpg'><img src=http:\/\/extra.inmontanis.info\/d\/104833-3\/DSC05592.jpg \/><\/a><br \/>\n^ Der Wagen hier kommt aus &#8230;<\/p>\n<p><a href='http:\/\/extra.inmontanis.info\/d\/104838-2\/DSC05594.jpg'><img src=http:\/\/extra.inmontanis.info\/d\/104837-3\/DSC05594.jpg \/><\/a><br \/>\n^ Australien<\/p>\n<p><a href='http:\/\/extra.inmontanis.info\/d\/104842-2\/DSC05596.jpg'><img src=http:\/\/extra.inmontanis.info\/d\/104841-3\/DSC05596.jpg \/><\/a><br \/>\n^ Anstelle der roten Tram darf nun die gr\u00fcne hier fahren<\/p>\n<p><a href='http:\/\/extra.inmontanis.info\/d\/104846-2\/DSC05597.jpg'><img src=http:\/\/extra.inmontanis.info\/d\/104845-3\/DSC05597.jpg \/><\/a><br \/>\n^ Die Halle, in die man nicht reindarf<\/p>\n<p><a href='http:\/\/extra.inmontanis.info\/d\/104850-2\/DSC05598.jpg'><img src=http:\/\/extra.inmontanis.info\/d\/104849-3\/DSC05598.jpg \/><\/a><br \/>\n^ <\/p>\n<p><a href='http:\/\/extra.inmontanis.info\/d\/104854-2\/DSC05599.jpg'><img src=http:\/\/extra.inmontanis.info\/d\/104853-3\/DSC05599.jpg \/><\/a><br \/>\n^ <\/p>\n<p><a href='http:\/\/extra.inmontanis.info\/d\/104858-2\/DSC05602.jpg'><img src=http:\/\/extra.inmontanis.info\/d\/104857-3\/DSC05602.jpg \/><\/a><br \/>\n^ <\/p>\n<p><a href='http:\/\/extra.inmontanis.info\/d\/104862-2\/DSC05604.jpg'><img src=http:\/\/extra.inmontanis.info\/d\/104861-3\/DSC05604.jpg \/><\/a><br \/>\n^ Jawoll, gleich 3 T\u00fcren hinten<\/p>\n<p><a href='http:\/\/extra.inmontanis.info\/d\/104866-2\/DSC05605.jpg'><img src=http:\/\/extra.inmontanis.info\/d\/104865-3\/DSC05605.jpg \/><\/a><br \/>\n^ Schaffner<\/p>\n<p><a href='http:\/\/extra.inmontanis.info\/d\/104870-2\/DSC05606.jpg'><img src=http:\/\/extra.inmontanis.info\/d\/104869-3\/DSC05606.jpg \/><\/a><br \/>\n^ <\/p>\n<p><a href='http:\/\/extra.inmontanis.info\/d\/104874-2\/DSC05607.jpg'><img src=http:\/\/extra.inmontanis.info\/d\/104873-3\/DSC05607.jpg \/><\/a><br \/>\n^ .. regelrechter Faltt\u00fcrenporno ;) Daheim auch haben will :)<\/p>\n<p>Die sonnigen 25\u00b0 heute waren warm und so fuhr ich die offenen W\u00e4gen am h\u00e4ufigsten. Leider wurde mein Fotorucksack kaputt &#8211; die offene Naht ist mir schon aufgefallen letztens, hatte aber nicht gedacht, dass das so eine wichtige Naht ist. Das &#8220;Notebook&#8221;-Fach ist durchaus wichtig f\u00fcr w\u00e4rmeres Shirt oder falls man unterwegs mal ein Buch kauft, zudem st\u00f6rt das nun beim Reintun der Cam. Die Regenjacke ist meist eher an der \u00e4u\u00dferen Seitentasche. Aber bei Regen wird das offene Seitenfach auch nicht gut sein.<\/p>\n<p><a href='http:\/\/extra.inmontanis.info\/d\/105086-3\/DSC05608.jpg'><img src=http:\/\/extra.inmontanis.info\/d\/105085-4\/DSC05608.jpg \/><\/a><br \/>\n^ Kaputter Fotorucksack<\/p>\n<p>Scheint wohl leider keinen sinnvollen Ersatz zu vern\u00fcnftigem Preis auf Amazon zu geben. Der Lowesoft hier k\u00f6nnte zwar vielleicht noch garantieaustauschberechtigt sein, aber will ich den jetzt die ganze Zeit noch mit rumschleppen, falls ich mir einen anderen kaufen sollte? <\/p>\n<p>Da die einspurigen Bereiche hier nicht wie in Crich mit Token befahren werden, sondern elektronisch, mit Lichtsignalen, gibt es keine so derma\u00dfen festgelegten Wartezeiten \/ Aufteilungen, manchmal warten also an den Endstationen mehr, manchmal weniger Stra\u00dfenbahnwagen.<\/p>\n<p><a href='http:\/\/extra.inmontanis.info\/d\/104878-2\/DSC05611.jpg'><img src=http:\/\/extra.inmontanis.info\/d\/104877-3\/DSC05611.jpg \/><\/a><br \/>\n^ Fensterblick in eine der geschlossenen Hallen<\/p>\n<p><a href='http:\/\/extra.inmontanis.info\/d\/104882-2\/DSC05612.jpg'><img src=http:\/\/extra.inmontanis.info\/d\/104881-3\/DSC05612.jpg \/><\/a><br \/>\n^ Abstellgleis<\/p>\n<p><a href='http:\/\/extra.inmontanis.info\/d\/104886-2\/DSC05613.jpg'><img src=http:\/\/extra.inmontanis.info\/d\/104885-3\/DSC05613.jpg \/><\/a><br \/>\n^ Abstellgleis<\/p>\n<p><a href='http:\/\/extra.inmontanis.info\/d\/104890-2\/DSC05616.jpg'><img src=http:\/\/extra.inmontanis.info\/d\/104889-3\/DSC05616.jpg \/><\/a><br \/>\n^ Abstellgleis<\/p>\n<p><a href='http:\/\/extra.inmontanis.info\/d\/104894-2\/DSC05622.jpg'><img src=http:\/\/extra.inmontanis.info\/d\/104893-3\/DSC05622.jpg \/><\/a><br \/>\n^ <\/p>\n<p><a href='http:\/\/extra.inmontanis.info\/d\/104898-2\/DSC05624.jpg'><img src=http:\/\/extra.inmontanis.info\/d\/104897-3\/DSC05624.jpg \/><\/a><br \/>\n^ <\/p>\n<p><a href='http:\/\/extra.inmontanis.info\/d\/104902-2\/DSC05628.jpg'><img src=http:\/\/extra.inmontanis.info\/d\/104901-3\/DSC05628.jpg \/><\/a><br \/>\n^ Es gibt auch Oldtimerbusse, die eine Ortsrundfahrt machen, keine Ahnung wie lang die unterwegs sind, das wollte ich lieber nicht austesten, kostet auch extra und der Bus sah mir nicht lohnenswert aus<\/p>\n<p><a href='http:\/\/extra.inmontanis.info\/d\/104906-2\/DSC05629.jpg'><img src=http:\/\/extra.inmontanis.info\/d\/104905-3\/DSC05629.jpg \/><\/a><br \/>\n^ <\/p>\n<p><a href='http:\/\/extra.inmontanis.info\/d\/104910-2\/DSC05631.jpg'><img src=http:\/\/extra.inmontanis.info\/d\/104909-3\/DSC05631.jpg \/><\/a><br \/>\n^ Schaufenster<\/p>\n<p><a href='http:\/\/extra.inmontanis.info\/d\/104914-2\/DSC05632.jpg'><img src=http:\/\/extra.inmontanis.info\/d\/104913-3\/DSC05632.jpg \/><\/a><br \/>\n^ <\/p>\n<p><a href='http:\/\/extra.inmontanis.info\/d\/104918-2\/DSC05633.jpg'><img src=http:\/\/extra.inmontanis.info\/d\/104917-3\/DSC05633.jpg \/><\/a><br \/>\n^ <\/p>\n<p><a href='http:\/\/extra.inmontanis.info\/d\/104922-2\/DSC05637.jpg'><img src=http:\/\/extra.inmontanis.info\/d\/104921-3\/DSC05637.jpg \/><\/a><br \/>\n^ <\/p>\n<p><a href='http:\/\/extra.inmontanis.info\/d\/104926-2\/DSC05640.jpg'><img src=http:\/\/extra.inmontanis.info\/d\/104925-3\/DSC05640.jpg \/><\/a><br \/>\n^ <\/p>\n<p><a href='http:\/\/extra.inmontanis.info\/d\/104930-2\/DSC05641.jpg'><img src=http:\/\/extra.inmontanis.info\/d\/104929-3\/DSC05641.jpg \/><\/a><br \/>\n^ <\/p>\n<p><a href='http:\/\/extra.inmontanis.info\/d\/104934-2\/DSC05642.jpg'><img src=http:\/\/extra.inmontanis.info\/d\/104933-3\/DSC05642.jpg \/><\/a><br \/>\n^ <\/p>\n<p><a href='http:\/\/extra.inmontanis.info\/d\/104938-2\/DSC05643.jpg'><img src=http:\/\/extra.inmontanis.info\/d\/104937-3\/DSC05643.jpg \/><\/a><br \/>\n^ Die Semmeln (samt Sesam und Mohn) und Brote sahen verdammt echt aus<\/p>\n<p><a href='http:\/\/extra.inmontanis.info\/d\/104942-2\/DSC05644.jpg'><img src=http:\/\/extra.inmontanis.info\/d\/104941-3\/DSC05644.jpg \/><\/a><br \/>\n^ <\/p>\n<p><a href='http:\/\/extra.inmontanis.info\/d\/104946-2\/DSC05645.jpg'><img src=http:\/\/extra.inmontanis.info\/d\/104945-3\/DSC05645.jpg \/><\/a><br \/>\n^ <\/p>\n<p><a href='http:\/\/extra.inmontanis.info\/d\/104950-2\/DSC05648.jpg'><img src=http:\/\/extra.inmontanis.info\/d\/104949-3\/DSC05648.jpg \/><\/a><br \/>\n^ Fahrkartenautomat im Bus. Glaub es war ein Oberleitungsbus<\/p>\n<p><a href='http:\/\/extra.inmontanis.info\/d\/104954-2\/DSC05649.jpg'><img src=http:\/\/extra.inmontanis.info\/d\/104953-3\/DSC05649.jpg \/><\/a><br \/>\n^ Reisebus<\/p>\n<p><a href='http:\/\/extra.inmontanis.info\/d\/104958-2\/DSC05652.jpg'><img src=http:\/\/extra.inmontanis.info\/d\/104957-3\/DSC05652.jpg \/><\/a><br \/>\n^ Reisebus<\/p>\n<p><a href='http:\/\/extra.inmontanis.info\/d\/104962-2\/DSC05653.jpg'><img src=http:\/\/extra.inmontanis.info\/d\/104961-3\/DSC05653.jpg \/><\/a><br \/>\n^ Fahrersitz<\/p>\n<p><a href='http:\/\/extra.inmontanis.info\/d\/104966-2\/DSC05659.jpg'><img src=http:\/\/extra.inmontanis.info\/d\/104965-3\/DSC05659.jpg \/><\/a><br \/>\n^ Auch hier im Bus die runden und schr\u00e4g versetzten Sitze, wohl damit einzelne Leute nicht eine ganze Bank verschwenden?<\/p>\n<p><a href='http:\/\/extra.inmontanis.info\/d\/104970-2\/DSC05661.jpg'><img src=http:\/\/extra.inmontanis.info\/d\/104969-3\/DSC05661.jpg \/><\/a><br \/>\n^ Krass &#8211; die britischen Doppeldecker sollen erst ab 40\u00b0, wie hier im Bild gezeigt, kippen &#8211; davor nicht!!<\/p>\n<p><a href='http:\/\/extra.inmontanis.info\/d\/104974-2\/DSC05663.jpg'><img src=http:\/\/extra.inmontanis.info\/d\/104973-3\/DSC05663.jpg \/><\/a><br \/>\n^ Infotext zum vorherigen Bild<\/p>\n<p><a href='http:\/\/extra.inmontanis.info\/d\/104978-2\/DSC05664.jpg'><img src=http:\/\/extra.inmontanis.info\/d\/104977-3\/DSC05664.jpg \/><\/a><br \/>\n^ Nochmals der alte Bus, wo der Fahrer drau\u00dfen sitzen muss &#8211; der hatte sogar noch Vollgummireifen<\/p>\n<p><a href='http:\/\/extra.inmontanis.info\/d\/104982-2\/DSC05667.jpg'><img src=http:\/\/extra.inmontanis.info\/d\/104981-3\/DSC05667.jpg \/><\/a><br \/>\n^ Bushalle, man beachte die steile Leiter am Doppelstock-Pferdebus!<\/p>\n<p><a href='http:\/\/extra.inmontanis.info\/d\/104986-2\/DSC05668.jpg'><img src=http:\/\/extra.inmontanis.info\/d\/104985-3\/DSC05668.jpg \/><\/a><br \/>\n^ Bushalle<\/p>\n<p><a href='http:\/\/extra.inmontanis.info\/d\/104990-2\/DSC05670.jpg'><img src=http:\/\/extra.inmontanis.info\/d\/104989-3\/DSC05670.jpg \/><\/a><br \/>\n^ Doppelstocktram mit 2 Anh\u00e4ngern\/Beiwagen!<\/p>\n<p><a href='http:\/\/extra.inmontanis.info\/d\/104994-3\/DSC05676.jpg'><img src=http:\/\/extra.inmontanis.info\/d\/104993-4\/DSC05676.jpg \/><\/a><br \/>\n^ Die H\u00e4userverkleidung erzeugt leider kein nostalgisches Flair<\/p>\n<p><a href='http:\/\/extra.inmontanis.info\/d\/104998-3\/DSC05679.jpg'><img src=http:\/\/extra.inmontanis.info\/d\/104997-4\/DSC05679.jpg \/><\/a><br \/>\n^ Laut den aush\u00e4ngenden Pl\u00e4nen sollten in dieses Depot auch Gleise f\u00fchren<\/p>\n<p><a href='http:\/\/extra.inmontanis.info\/d\/105002-3\/DSC05686.jpg'><img src=http:\/\/extra.inmontanis.info\/d\/105001-4\/DSC05686.jpg \/><\/a><br \/>\n^ Cafe-Wagen<\/p>\n<p><a href='http:\/\/extra.inmontanis.info\/d\/105006-3\/DSC05690.jpg'><img src=http:\/\/extra.inmontanis.info\/d\/105005-4\/DSC05690.jpg \/><\/a><br \/>\n^ Treppe der Doppelstocktram<\/p>\n<p><a href='http:\/\/extra.inmontanis.info\/d\/105010-3\/DSC05691.jpg'><img src=http:\/\/extra.inmontanis.info\/d\/105009-4\/DSC05691.jpg \/><\/a><br \/>\n^ Doppelstocktram, auch sch\u00f6n luftig hier<\/p>\n<p><a href='http:\/\/extra.inmontanis.info\/d\/105014-3\/DSC05692.jpg'><img src=http:\/\/extra.inmontanis.info\/d\/105013-4\/DSC05692.jpg \/><\/a><br \/>\n^ Nachmittags gab es eine andere Schmalspur-Parkplatzpendel-Tram. Das wenn ich gewusst h\u00e4tte, w\u00e4r ich hier zwischendrin auch noch einmal gefahren.<\/p>\n<p><a href='http:\/\/extra.inmontanis.info\/d\/105018-3\/DSC05693.jpg'><img src=http:\/\/extra.inmontanis.info\/d\/105017-4\/DSC05693.jpg \/><\/a><br \/>\n^ Hier wandert beim Verstellen nicht nur die Lehne sondern wohl auch der sitz<\/p>\n<p><a href='http:\/\/extra.inmontanis.info\/d\/105022-3\/DSC05694.jpg'><img src=http:\/\/extra.inmontanis.info\/d\/105021-4\/DSC05694.jpg \/><\/a><br \/>\n^ Ende der Strecke am Parkpatz<\/p>\n<p><a href='http:\/\/extra.inmontanis.info\/d\/105026-3\/DSC05695.jpg'><img src=http:\/\/extra.inmontanis.info\/d\/105025-4\/DSC05695.jpg \/><\/a><br \/>\n^ Parkplatzpendel-Tram nachmittags<\/p>\n<p><a href='http:\/\/extra.inmontanis.info\/d\/105030-3\/DSC05696.jpg'><img src=http:\/\/extra.inmontanis.info\/d\/105029-4\/DSC05696.jpg \/><\/a><br \/>\n^ Strecke vom Parkplatz zum Museum<\/p>\n<p>Fazit: Empfehlenswert. Sch\u00f6ner Einstieg heute in die heurige Tram-Saison.  Im Auto trotz Schattenparkplatz aber 28,9\u00b0C.<\/p>\n<p>Danach Supermarkt angefahren. Wenn die d\u00e4nische Wasserflasche nicht leer wird, wenn man sie in 3 St\u00fcck 0,5l Gebinde umgef\u00fcllt hat (um sie gleich wieder pfandm\u00e4\u00dfig zu retournieren) .. dann hat sie 2,0l Fassungsverm\u00f6gen. Brachte ich aber auch gerade noch unter.<\/p>\n<p>McD hat in DK den McBacon im Sparprogramm um 30,- DKK &#8211; ca. 4 \u20ac , also hielt ich mal kurz an. Kleine Pommes 25,- schien mir dagegen zu teuer. Hamburger 12, Cheesburger 15. Hm, 2 Hamburger einzeln sind wohl mehr wert dann. Und geschmacklich? Zu vergessen. Den Bacon hat man gar nicht wahrgenommen.<\/p>\n<p><a href='http:\/\/extra.inmontanis.info\/d\/105090-3\/DSC05699.jpg'><img src=http:\/\/extra.inmontanis.info\/d\/105089-4\/DSC05699.jpg \/><\/a><br \/>\n^ Storeb\u00e6lt-Br\u00fccke, die ist ja g\u00fcnstiger als die andere bei Malm\u00f6, die ich morgens mit der H-H-F\u00e4hre abgek\u00fcrzt hab<\/p>\n<p><a href='http:\/\/extra.inmontanis.info\/d\/105094-3\/DSC05701.jpg'><img src=http:\/\/extra.inmontanis.info\/d\/105093-4\/DSC05701.jpg \/><\/a><br \/>\n^ <\/p>\n<p>Da der bekannte Scandinavienpark Einkaufssupermarkt hinter derGrenze in DE morgen erst ab 11 Uhr aufmacht, aber heute bis 22 Uhr offen hat, war ich um 21 Uhr noch dort. Der Becker hatte, wie erwartet, zu und sonst hab ich auch kaum etwas gefunden, was ich wollte und wofur ich noch Platz h\u00e4tte. Die meisten skandinavischen Sachen waren in Schweden dann je nach Supermarkt g\u00fcstger, in DK eher teurer. <\/p>\n<p>Hab glaub ich in den letzten Tagen eh zugenommen mit dem vielen Essen. Sonderlich viele N\u00fcsse\/Naschsachen hab ich in Schweden f\u00fcr mich eh nicht gekauft, hatte ich ja jetzt genug die letzten Monate und falls ich wirklich schon n\u00e4chsten Winter hier sein w\u00fcrde&#8230;<\/p>\n<p>Auch im Einkaufszentrum ist ein Burger King und ich checkte mal kurz die Preise, und das haute mich um: Kleine Pommes um 3,49 \u20ac! Hab ich in einem BK\/McD noch nie so teuer gesehen in DE. <\/p>\n<p>Um 22 Uhr hab ich dann einen kleinen Wanderparkplatz im Wald angefahren, in der Hoffnung, dass es hier etwas ruhiger w\u00e4re als anderswo. Leider hier wieder recht windstill, noch 20\u00b0 drau\u00dfen und morgen soll es noch einmal warm werden, bevor es endlich wieder etwas abk\u00fchlt.<\/p>\n<p>Musste also noch etwas aufbleiben zum ausk\u00fchlen, wird ja wieder dunkler, um 23 Uhr kam sch\u00f6n k\u00fchle Luft rein, aber laut Thermometer um 23:30 immer noch 26,3\u00b0 innen.<\/p>\n<p>Der morgige Trambetrieb soll in einem kleinen Rundkurs alle halbe Stunde von 11-17 Uhr sein, noch knapp 2h Fahrt und damit sicherlich weit weniger interessant wie heute und vmtl. braucht man da auch keinen ganzen Tag.<\/p>\n<p>Ich k\u00fchl ja den K\u00fchlschrank abends auf 1\u00b0 laut Anzeige runterund schalt ihn dann aus, wenn ich ins Bett geh. Manchmal, so auch heute, vergess ich das und innerhalb von 20-30min schaltet er sich wieder ein, weil er 8\u00b0 erreicht hat. Morgens zeigt er dann vmtl. 13-15\u00b0 an.<\/p>\n<p>Ebenfalls nervig: haufenweise Stechm\u00fcckenstiche an Fu\u00df- und Handgelenksbereich, wohl von Schweden. Hab zwar den M\u00fcckenstichentferner, also das Teil, das man auf den Stich tut und dann sehr warm wird und das Gift kocht, so dass es nich mehr jucken soll, aber das hat bei einigen Stichen diesmal nicht geholfen bzw. erst nach mehrmaliger Anwendung.. Besser als ohne ist&#8217;s aber jedenfalls.<\/p>\n","protected":false},"excerpt":{"rendered":"<p>Leider \u00fcber 322 Fotos heute gemacht, 1 GB, den Platz hatte ich gar nicht frei einige Tage sp\u00e4ter&#8230; Nach dem Aussortieren blieben noch 173 Fotos \u00fcbrig.<\/p>\n<p>Sa, 1.6.2024<\/p>\n<p>Um 18:24 SEK nochmals sch\u00f6n vollgetankt in Schweden, so g\u00fcnstiges Benzin werd ich wohl nicht mehr so schnell bekommen. (Sp\u00e4ter in D\u00e4nemark ca. 1,90 \u20ac.) Coop macht <a href=\"http:\/\/blog.inmontanis.info\/?p=9911\">[&#8230;]<\/a><\/p>\n","protected":false},"author":1,"featured_media":9915,"comment_status":"closed","ping_status":"closed","sticky":false,"template":"","format":"standard","meta":{"footnotes":""},"categories":[912,177,59],"tags":[37,40],"class_list":["post-9911","post","type-post","status-publish","format-standard","has-post-thumbnail","hentry","category-2023-09-2024-xx-skandinavien","category-danemarkdenmark","category-nostalgie","tag-meer","tag-strasenbahn","odd"],"_links":{"self":[{"href":"http:\/\/blog.inmontanis.info\/index.php?rest_route=\/wp\/v2\/posts\/9911","targetHints":{"allow":["GET"]}}],"collection":[{"href":"http:\/\/blog.inmontanis.info\/index.php?rest_route=\/wp\/v2\/posts"}],"about":[{"href":"http:\/\/blog.inmontanis.info\/index.php?rest_route=\/wp\/v2\/types\/post"}],"author":[{"embeddable":true,"href":"http:\/\/blog.inmontanis.info\/index.php?rest_route=\/wp\/v2\/users\/1"}],"replies":[{"embeddable":true,"href":"http:\/\/blog.inmontanis.info\/index.php?rest_route=%2Fwp%2Fv2%2Fcomments&post=9911"}],"version-history":[{"count":2,"href":"http:\/\/blog.inmontanis.info\/index.php?rest_route=\/wp\/v2\/posts\/9911\/revisions"}],"predecessor-version":[{"id":9913,"href":"http:\/\/blog.inmontanis.info\/index.php?rest_route=\/wp\/v2\/posts\/9911\/revisions\/9913"}],"wp:featuredmedia":[{"embeddable":true,"href":"http:\/\/blog.inmontanis.info\/index.php?rest_route=\/wp\/v2\/media\/9915"}],"wp:attachment":[{"href":"http:\/\/blog.inmontanis.info\/index.php?rest_route=%2Fwp%2Fv2%2Fmedia&parent=9911"}],"wp:term":[{"taxonomy":"category","embeddable":true,"href":"http:\/\/blog.inmontanis.info\/index.php?rest_route=%2Fwp%2Fv2%2Fcategories&post=9911"},{"taxonomy":"post_tag","embeddable":true,"href":"http:\/\/blog.inmontanis.info\/index.php?rest_route=%2Fwp%2Fv2%2Ftags&post=9911"}],"curies":[{"name":"wp","href":"https:\/\/api.w.org\/{rel}","templated":true}]}}