{"id":9906,"date":"2024-05-31T15:05:36","date_gmt":"2024-05-31T13:05:36","guid":{"rendered":"http:\/\/blog.inmontanis.info\/?p=9906"},"modified":"2024-06-04T19:05:03","modified_gmt":"2024-06-04T17:05:03","slug":"gillersklack-damshojden-isaberget-30-31-5-2024","status":"publish","type":"post","link":"http:\/\/blog.inmontanis.info\/?p=9906","title":{"rendered":"Gillersklack, Damsh\u00f6jden, Isaberget, 30.-31.5.2024"},"content":{"rendered":"<p><strong>Do, 30.5.2024<\/strong><\/p>\n<p>Die Nacht war etwas k\u00e4lter, war aber auch schattiger hier. Leider war die Stra\u00dfe lauter als erwartet. Heute wollte ich 2 (ehemalige) Skigebiete besuchen, die sich aber nur mit etwas Umweg kombinieren lie\u00dfen<\/p>\n<p><a href='http:\/\/extra.inmontanis.info\/d\/104376-3\/DSC05268.jpg'><img src=http:\/\/extra.inmontanis.info\/d\/104375-4\/DSC05268.jpg \/><\/a><br \/>\n^ Interessant geformte Bahnunterf\u00fchrung<\/p>\n<p><a href='http:\/\/extra.inmontanis.info\/d\/104380-3\/DSC05269.jpg'><img src=http:\/\/extra.inmontanis.info\/d\/104379-4\/DSC05269.jpg \/><\/a><br \/>\n^ Na sowas, ein altes Wasserrad.<\/p>\n<p>Erster Halt: Gillersklack<br \/>\n&#128681; Gespeicherte Geolocation &#8211; Karte anzeigen: <a href='https:\/\/www.google.com\/maps\/@?api=1&#038;map_action=map&#038;center=59.9129683,15.0305933&#038;zoom=12&#038;basemap=terrain' target=_blank> GoogleMaps<\/a> &#128681; <a href='https:\/\/www.openstreetmap.org\/?&#038;mlat=59.9129683&#038;mlon=15.0305933#map=10\/59.9129683\/15.0305933&#038;layers=P' target=_blank> OSM &#128681;<\/a><\/p>\n<p>Auf einem alten Bild meine ich hier ja einen KSSL (vielleicht mit Kurve?) zu erkennen, ist aber nicht mehr. Der gefundene Pistenplan \u00fcberraschte insofern nicht nur mit dem 2. SL oben, sondern auch mit den laut Satbild so sch\u00f6n schmalen Abfahrten (Skiwegen?) vom oberen Lift aus, der wohl haupts\u00e4chlich als Zubringer zum Hotel oben gedient hatte? Falls das \u00fcberhuapt ein richtiger SL und nicht nur ein niedriger Seillift war, aber wenn er wirklich so lang war, dann wohl ein richtiger SL.<\/p>\n<p>Machte jedenfalls einen recht interessanten Eindruck hier mit den 4-5 Liften.<\/p>\n<p><a href='http:\/\/ski.inmontanis.info\/d\/332153-2\/DSC05272.jpg'><img src=http:\/\/ski.inmontanis.info\/d\/332151-3\/DSC05272.jpg \/><\/a><br \/>\n^ Es gibt mind. 2 Seen, also wohl Beschneiung<\/p>\n<p><a href='http:\/\/ski.inmontanis.info\/d\/332157-2\/DSC05273.jpg'><img src=http:\/\/ski.inmontanis.info\/d\/332156-3\/DSC05273.jpg \/><\/a><br \/>\n^ Mittbacken, die Hauptabfahrt rechts vom linken SL<\/p>\n<p><a href='http:\/\/ski.inmontanis.info\/d\/332161-2\/DSC05275.jpg'><img src=http:\/\/ski.inmontanis.info\/d\/332160-3\/DSC05275.jpg \/><\/a><br \/>\n^ Eins der H\u00e4user im Talstationsbereich<\/p>\n<p><a href='http:\/\/ski.inmontanis.info\/d\/332165-2\/DSC05276.jpg'><img src=http:\/\/ski.inmontanis.info\/d\/332164-3\/DSC05276.jpg \/><\/a><br \/>\n^ Pistenplan, man beachte auch den oberen wohl recht flachen Skilift, der aber &#8211; laut Satbild &#8211; auch ein paar sch\u00f6ne schmale Waldabfahrten erschloss<\/p>\n<p><a href='http:\/\/ski.inmontanis.info\/d\/332169-2\/DSC05277.jpg'><img src=http:\/\/ski.inmontanis.info\/d\/332168-3\/DSC05277.jpg \/><\/a><br \/>\n^ Linke SL<\/p>\n<p><a href='http:\/\/ski.inmontanis.info\/d\/332173-2\/DSC05278.jpg'><img src=http:\/\/ski.inmontanis.info\/d\/332172-3\/DSC05278.jpg \/><\/a><br \/>\n^ Linke SL<\/p>\n<p><a href='http:\/\/ski.inmontanis.info\/d\/332177-2\/DSC05280.jpg'><img src=http:\/\/ski.inmontanis.info\/d\/332176-3\/DSC05280.jpg \/><\/a><br \/>\n^ Linke SL, der linke von beiden<\/p>\n<p><a href='http:\/\/ski.inmontanis.info\/d\/332181-2\/DSC05282.jpg'><img src=http:\/\/ski.inmontanis.info\/d\/332180-3\/DSC05282.jpg \/><\/a><br \/>\n^ Linke SL, der rechte von beiden mit DM-Schild<\/p>\n<p><a href='http:\/\/ski.inmontanis.info\/d\/332185-2\/DSC05283.jpg'><img src=http:\/\/ski.inmontanis.info\/d\/332184-3\/DSC05283.jpg \/><\/a><br \/>\n^ Kurzb\u00fcgler. Da k\u00f6nnte man doch ein paar an Ankenes abgeben, die br\u00e4uchten welche f\u00fcr den oberen Lift&#8230;<\/p>\n<p><a href='http:\/\/ski.inmontanis.info\/d\/332189-2\/DSC05285.jpg'><img src=http:\/\/ski.inmontanis.info\/d\/332188-3\/DSC05285.jpg \/><\/a><br \/>\n^ Der mittige \u00dcbungslift<\/p>\n<p><a href='http:\/\/ski.inmontanis.info\/d\/332193-2\/DSC05286.jpg'><img src=http:\/\/ski.inmontanis.info\/d\/332192-3\/DSC05286.jpg \/><\/a><br \/>\n^ Der mittige \u00dcbungslift<\/p>\n<p><a href='http:\/\/ski.inmontanis.info\/d\/332197-2\/DSC05288.jpg'><img src=http:\/\/ski.inmontanis.info\/d\/332196-3\/DSC05288.jpg \/><\/a><br \/>\n^ Sydbacken mit dem rechten SL<\/p>\n<p><a href='http:\/\/ski.inmontanis.info\/d\/332201-2\/DSC05290.jpg'><img src=http:\/\/ski.inmontanis.info\/d\/332200-3\/DSC05290.jpg \/><\/a><br \/>\n^ Rechter SL<\/p>\n<p><a href='http:\/\/ski.inmontanis.info\/d\/332205-2\/DSC05291.jpg'><img src=http:\/\/ski.inmontanis.info\/d\/332204-3\/DSC05291.jpg \/><\/a><br \/>\n^ Rechter SL<\/p>\n<p><a href='http:\/\/ski.inmontanis.info\/d\/332209-2\/DSC05294.jpg'><img src=http:\/\/ski.inmontanis.info\/d\/332208-3\/DSC05294.jpg \/><\/a><br \/>\n^ Rechter SL<\/p>\n<p><a href='http:\/\/ski.inmontanis.info\/d\/332213-2\/DSC05295.jpg'><img src=http:\/\/ski.inmontanis.info\/d\/332212-3\/DSC05295.jpg \/><\/a><br \/>\n^ Rechter SL<\/p>\n<p><a href='http:\/\/ski.inmontanis.info\/d\/332217-2\/DSC05297.jpg'><img src=http:\/\/ski.inmontanis.info\/d\/332216-3\/DSC05297.jpg \/><\/a><br \/>\n^ Ex-Wohnmobilplatz<\/p>\n<p><a href='http:\/\/ski.inmontanis.info\/d\/332221-2\/DSC05298.jpg'><img src=http:\/\/ski.inmontanis.info\/d\/332220-3\/DSC05298.jpg \/><\/a><br \/>\n^ Ex-Wohnmobilplatz<\/p>\n<p><a href='http:\/\/ski.inmontanis.info\/d\/332225-3\/DSC05299.jpg'><img src=http:\/\/ski.inmontanis.info\/d\/332224-4\/DSC05299.jpg \/><\/a><br \/>\n^ Alte Tafeln<\/p>\n<p><a href='http:\/\/ski.inmontanis.info\/d\/332229-3\/DSC05300.jpg'><img src=http:\/\/ski.inmontanis.info\/d\/332228-4\/DSC05300.jpg \/><\/a><br \/>\n^ Blick ins Skigebiet mit den Abfahrten zwischen den beiden SL<\/p>\n<p><a href='http:\/\/ski.inmontanis.info\/d\/332233-3\/DSC05301.jpg'><img src=http:\/\/ski.inmontanis.info\/d\/332232-4\/DSC05301.jpg \/><\/a><br \/>\n^ Ex-Wohnmobilplatz<\/p>\n<p><a href='http:\/\/ski.inmontanis.info\/d\/332237-3\/DSC05302.jpg'><img src=http:\/\/ski.inmontanis.info\/d\/332236-4\/DSC05302.jpg \/><\/a><br \/>\n^ Zuerst dachte ich L\u00f6wenzahn, dann Wollgras, aber dann tauchten h\u00f6here Str\u00e4ucher mit wollartigem Bewuchs auf<\/p>\n<p><a href='http:\/\/ski.inmontanis.info\/d\/332241-3\/DSC05304.jpg'><img src=http:\/\/ski.inmontanis.info\/d\/332240-4\/DSC05304.jpg \/><\/a><br \/>\n^ Baumwolle? Strauchwolle? Wollstrauch? Egal, aber sah ich bisher wohl recht selten<\/p>\n<p><a href='http:\/\/ski.inmontanis.info\/d\/332245-3\/DSC05307.jpg'><img src=http:\/\/ski.inmontanis.info\/d\/332244-4\/DSC05307.jpg \/><\/a><br \/>\n^ Hotel-Siedlung im oberen Bereich, hier schienen noch einige H\u00e4user in Verwendung<\/p>\n<p><a href='http:\/\/ski.inmontanis.info\/d\/332249-3\/DSC05308.jpg'><img src=http:\/\/ski.inmontanis.info\/d\/332248-4\/DSC05308.jpg \/><\/a><br \/>\n^ Hotel-Siedlung im oberen Bereich<\/p>\n<p><a href='http:\/\/ski.inmontanis.info\/d\/332253-3\/DSC05309.jpg'><img src=http:\/\/ski.inmontanis.info\/d\/332252-4\/DSC05309.jpg \/><\/a><br \/>\n^ Hotel-Siedlung im oberen Bereich<\/p>\n<p><a href='http:\/\/ski.inmontanis.info\/d\/332257-3\/ge20240530a.jpg'><img src=http:\/\/ski.inmontanis.info\/d\/332256-4\/ge20240530a.jpg \/><\/a><br \/>\n^ Sat-Bild, wobei der linke SL und seine Abfahrten kaum zu erkennen sind. Laut Plan hatte er ja keine direkte Abfahrt, weil er so flach war, evtl. also nur ein (aber sehr langer) Seillift gewesen<\/p>\n<p><a href='http:\/\/ski.inmontanis.info\/d\/332261-3\/ge20240530b.jpg'><img src=http:\/\/ski.inmontanis.info\/d\/332260-4\/ge20240530b.jpg \/><\/a><br \/>\n^ Sat-Bild im Winterkleid mit symbolisierten Liften, wobei ich beim oberen\/linken Lift nicht sicher war<\/p>\n<p>2. Gebiet war Dammsh\u00f6jden bei Filipstad, ein Graffer-SL mit blauen St\u00fctzen!!!! Wie schaaade, dass der nicht mehr f\u00e4hrt. Abfahrtsm\u00e4\u00dfig aber uninteressanter als Gillersklack.<\/p>\n<p>&#128681; Gespeicherte Geolocation &#8211; Karte anzeigen: <a href='https:\/\/www.google.com\/maps\/@?api=1&#038;map_action=map&#038;center=59.7009583,14.101565&#038;zoom=12&#038;basemap=terrain' target=_blank> GoogleMaps<\/a> &#128681; <a href='https:\/\/www.openstreetmap.org\/?&#038;mlat=59.7009583&#038;mlon=14.101565#map=10\/59.7009583\/14.101565&#038;layers=P' target=_blank> OSM &#128681;<\/a><\/p>\n<p><a href='http:\/\/ski.inmontanis.info\/d\/332047-2\/DSC05311.jpg'><img src=http:\/\/ski.inmontanis.info\/d\/332045-3\/DSC05311.jpg \/><\/a><br \/>\n^ Zufahrt in Skigebiet<\/p>\n<p><a href='http:\/\/ski.inmontanis.info\/d\/332051-2\/DSC05312.jpg'><img src=http:\/\/ski.inmontanis.info\/d\/332050-3\/DSC05312.jpg \/><\/a><br \/>\n^ Hauptabfahrt rechts vom SL, es gibt dann noch eine weiter rechts<\/p>\n<p><a href='http:\/\/ski.inmontanis.info\/d\/332055-2\/DSC05313.jpg'><img src=http:\/\/ski.inmontanis.info\/d\/332054-3\/DSC05313.jpg \/><\/a><br \/>\n^ See unterhalb der Parkpl\u00e4tze<\/p>\n<p><a href='http:\/\/ski.inmontanis.info\/d\/332059-2\/DSC05315.jpg'><img src=http:\/\/ski.inmontanis.info\/d\/332058-3\/DSC05315.jpg \/><\/a><br \/>\n^ Talstation, blauer Grafferpilz und blaue St\u00fctzen, wie nett!!<\/p>\n<p><a href='http:\/\/ski.inmontanis.info\/d\/332063-2\/DSC05316.jpg'><img src=http:\/\/ski.inmontanis.info\/d\/332062-3\/DSC05316.jpg \/><\/a><br \/>\n^ Parkplatz<\/p>\n<p><a href='http:\/\/ski.inmontanis.info\/d\/332067-2\/DSC05318.jpg'><img src=http:\/\/ski.inmontanis.info\/d\/332066-3\/DSC05318.jpg \/><\/a><br \/>\n^ Das Haus neben dem Graffer-SL beherbergte wohl einen zweiten SL oder den Vorg\u00e4nger, der dann mal parallel lief<\/p>\n<p><a href='http:\/\/ski.inmontanis.info\/d\/332071-2\/DSC05319.jpg'><img src=http:\/\/ski.inmontanis.info\/d\/332070-3\/DSC05319.jpg \/><\/a><br \/>\n^ Das Nordmaskin-Schild hab ich auch schon bei schwedischen Liften gesehen<\/p>\n<p><a href='http:\/\/ski.inmontanis.info\/d\/332075-2\/DSC05322.jpg'><img src=http:\/\/ski.inmontanis.info\/d\/332074-3\/DSC05322.jpg \/><\/a><br \/>\n^ Grafffer-Portalst\u00fctze<\/p>\n<p><a href='http:\/\/ski.inmontanis.info\/d\/332079-2\/DSC05323.jpg'><img src=http:\/\/ski.inmontanis.info\/d\/332078-3\/DSC05323.jpg \/><\/a><br \/>\n^ Lifttrasse<\/p>\n<p><a href='http:\/\/ski.inmontanis.info\/d\/332083-2\/DSC05324.jpg'><img src=http:\/\/ski.inmontanis.info\/d\/332082-3\/DSC05324.jpg \/><\/a><br \/>\n^ Grafffer-Pilzstation<\/p>\n<p><a href='http:\/\/ski.inmontanis.info\/d\/332087-2\/DSC05326.jpg'><img src=http:\/\/ski.inmontanis.info\/d\/332086-3\/DSC05326.jpg \/><\/a><br \/>\n^ Blaue St\u00fctzen, kommen bei wei\u00dfem Schnee nat\u00fcrlich besser raus<\/p>\n<p><a href='http:\/\/ski.inmontanis.info\/d\/332091-2\/DSC05327.jpg'><img src=http:\/\/ski.inmontanis.info\/d\/332090-3\/DSC05327.jpg \/><\/a><br \/>\n^ Kommandopult, Leitstelle, Steuerpult, Bedienstelle, was auch immer &#8230;<\/p>\n<p><a href='http:\/\/ski.inmontanis.info\/d\/332095-2\/DSC05328.jpg'><img src=http:\/\/ski.inmontanis.info\/d\/332094-3\/DSC05328.jpg \/><\/a><br \/>\n^ Preise<\/p>\n<p><a href='http:\/\/ski.inmontanis.info\/d\/332099-2\/DSC05329.jpg'><img src=http:\/\/ski.inmontanis.info\/d\/332098-3\/DSC05329.jpg \/><\/a><br \/>\n^ Steuerung<\/p>\n<p><a href='http:\/\/ski.inmontanis.info\/d\/332103-2\/DSC05331.jpg'><img src=http:\/\/ski.inmontanis.info\/d\/332102-3\/DSC05331.jpg \/><\/a><br \/>\n^ Der Lift durfte bis April 2019 fahren<\/p>\n<p><a href='http:\/\/ski.inmontanis.info\/d\/332107-2\/DSC05332.jpg'><img src=http:\/\/ski.inmontanis.info\/d\/332106-3\/DSC05332.jpg \/><\/a><br \/>\n^ Italienisch<\/p>\n<p><a href='http:\/\/ski.inmontanis.info\/d\/332111-3\/DSC05333.jpg'><img src=http:\/\/ski.inmontanis.info\/d\/332110-4\/DSC05333.jpg \/><\/a><br \/>\n^ <\/p>\n<p><a href='http:\/\/ski.inmontanis.info\/d\/332115-3\/DSC05334.jpg'><img src=http:\/\/ski.inmontanis.info\/d\/332114-4\/DSC05334.jpg \/><\/a><br \/>\n^ <\/p>\n<p><a href='http:\/\/ski.inmontanis.info\/d\/332119-3\/DSC05335.jpg'><img src=http:\/\/ski.inmontanis.info\/d\/332118-4\/DSC05335.jpg \/><\/a><br \/>\n^ Na was jetzt, Damsh\u00f6jden oder Dammsh\u00f6jden?<\/p>\n<p><a href='http:\/\/ski.inmontanis.info\/d\/332123-3\/DSC05336.jpg'><img src=http:\/\/ski.inmontanis.info\/d\/332122-4\/DSC05336.jpg \/><\/a><br \/>\n^ Alte Schilder<\/p>\n<p><a href='http:\/\/ski.inmontanis.info\/d\/332127-3\/DSC05337.jpg'><img src=http:\/\/ski.inmontanis.info\/d\/332126-4\/DSC05337.jpg \/><\/a><br \/>\n^ Steuerung<\/p>\n<p><a href='http:\/\/ski.inmontanis.info\/d\/332131-2\/DSC05338.jpg'><img src=http:\/\/ski.inmontanis.info\/d\/332130-3\/DSC05338.jpg \/><\/a><br \/>\n^ Italia<\/p>\n<p><a href='http:\/\/ski.inmontanis.info\/d\/332135-2\/DSC05339.jpg'><img src=http:\/\/ski.inmontanis.info\/d\/332134-3\/DSC05339.jpg \/><\/a><br \/>\n^ Abfahrten, hier sieht man auch die \u00e4u\u00dfere<\/p>\n<p><a href='http:\/\/ski.inmontanis.info\/d\/332139-3\/DSC05340.jpg'><img src=http:\/\/ski.inmontanis.info\/d\/332138-4\/DSC05340.jpg \/><\/a><br \/>\n^ Div. H\u00e4user<\/p>\n<p><a href='http:\/\/ski.inmontanis.info\/d\/332143-3\/DSC05341.jpg'><img src=http:\/\/ski.inmontanis.info\/d\/332142-4\/DSC05341.jpg \/><\/a><br \/>\n^ Skiclub-Logo<\/p>\n<p><a href='http:\/\/ski.inmontanis.info\/d\/332147-3\/DSC05343.jpg'><img src=http:\/\/ski.inmontanis.info\/d\/332146-4\/DSC05343.jpg \/><\/a><br \/>\n^ Talstation<\/p>\n<p>Essen heute? Tja, da w\u00fcrde ich noch so vieles gern in Schweden essen. Mal wieder K\u00f6ttbullar. Oder Pfannkuchen. Oder g\u00fcnstiges Biltema-Cafe. Oder diese Vulkanpizza, die es doch recht h\u00e4ufig in Schweden gibt. Oder so ein Garnelen-Br\u00f6tchen, das ich zuletzt auf der F\u00e4hre zu Beginn a\u00df. Oder ein (kaltes) K\u00f6ttbullar-mit-Rotkraut, das ich auf dieser Reise noch gar nicht hatte.  Oder nochmals ein Hotdog. Lunch buffet? Aber nur noch 2 Tage&#8230; <\/p>\n<p>Ich fuhr also eine(n) Biltema mit etwas Umweg an, die h\u00e4tten hier sogar mal Raggmunk gehabt. Aber die hatte ich ja  gestern und ich wollte ja K\u00f6ttbullar essen (wenn auch bei Biltmena ja  ohne So\u00dfe, aber man hat ja die Preiselbeermarmelade dazu). Und Pfannkuchen mit Erdbeermarmelade+Sahne. 39+25 SEK, ca. 5,60 \u20ac.<\/p>\n<p>Die Stra\u00dfen werden nun auch immer voller, es war auch heute wieder warm und sonnig. Mittags bew\u00f6lkt, nachmittags bedeckt, kurz vor 18 Uhr Regen, um 18 Uhr meinen Nachtplatz erreicht, noch 280km zur F\u00e4hre.<\/p>\n<p>Ich kam an einem Willys mit etwas Umweg vorbei und machte Gro\u00dfeinkauf, teils schon wesentlich g\u00fcnstiger.<\/p>\n<p>Beim Autofahren ist der Regen ja fein, weil es dann k\u00fchler im Auto ist, als wenn die Sonne gnadenlos runterstrahlen w\u00fcrde. Aber beim Stehen am Parkplatz ist es bl\u00f6d, weil man dann die Fenster nicht \u00f6ffnen kann (nur den Spalt vom Windschutz) und f\u00fcr die Standheizung im L\u00fcftungsbetrieb ist einerseits der Motor noch zu warm und  die Temperatur drau\u00dfen nicht kalt genug, um merklich den Innenraum abk\u00fchlen zu k\u00f6nnen.<\/p>\n<p>Tja, Thema Solarpanel .. ein schmales nehmen, das ich im Skitr\u00e4ger montieren kann? Und bei Bedarf das Kabel durch die T\u00fcr reinlegen, wenn es laden soll? Sollte dann halt nicht zwischendrin regnen, sonst fliest das Wasser rein. Merk ich schon, wenn ich nur ein d\u00fcnnes St\u00fcck vom Fliegennetz zwischen dem Gummi eingeklemmt hatte, dass da dann Wasser reinl\u00e4uft.<\/p>\n<p>Oder ein faltbares Panel hinter die Windschutzscheibe (soll aber ca. 50% Verlust dadurch haben, wobei man normalerweise ja auch schon 20-40% von der angegebenen Maximalleistung abziehen muss)? Wenn man dann bei den Amazonbewertungen teilweise aber wieder erinnert wird, dass bereits ein kleinstes Eckchen Schatten zu 0% f\u00fchrt &#8230; Mehr wie 60W (evtl. 80W je nach Bauart) werden von der Gr\u00f6\u00dfe her nicht hinter meine WSS passen, dann hast noch Wolken und Schatten und das Auto ist ja nicht lang dann korrekt ausgerichtet, wenn ich 4-8h unterwegs bin (Tram, Ski) .. andererseits, wenn ich auf den K\u00fchlschrank verzichte k\u00f6nnte ich auch mit 100Wh pro Tag schon die Standzeit um einige Tage verl\u00e4ngern ..<\/p>\n<p>Die Kosten hielten sich ja in Grenzen, um die 70-100 \u20ac f\u00fcr so ein faltbares Panel und dann vorsichtshalber noch um die 20-50 \u20ac einen MPPT-Laderegler. <\/p>\n<p>Um 22:30 war ich mit der schei\u00df Amazon-Website mal wieder fix und fertig, Gesamtkosten sind nun 115,- \u20ac inkl. noch eines Kabels zum Batterieanschluss, Lieferung sollte am Dienstag in einen Hermes-Abholshop an einer Tankstelle nahe der niederl\u00e4ndischen Grenze sein, ein Ort, den ich sehr wahrscheinlich mit verschiedenen Routen werde anfahren k\u00f6nnen. Entweder DI oder MI w\u00fcrd ich das Paket dann abholen.<\/p>\n<p>Seit 2 Tagen gibts auch wieder Eulenger\u00e4usche, die mich an die nahe UK-Zeit erinnern &#8230; hier aber mindestens 2 und lauter=n\u00e4her. Kuckucks gibts auch fast t\u00e4glich momentan.<\/p>\n<p>Mittlerweile hier soweit im S\u00fcden doch wieder relativ d\u00fcster schon um 22:30 Uhr, dass man ein Licht brauchen kann.<\/p>\n<p><strong>Fr, 31.5.2024<\/strong> &#8211; Reisetag  251<\/p>\n<p>Letzter Tag in Schweden heute f\u00fcr diese Reise (morgen fr\u00fch zur F\u00e4hre abgesehen). <\/p>\n<p>Das Verlangen, endlich mal wieder auf der linken Stra\u00dfenseite zu fahren und den Kreisverkehr im Uhrzeigersinn zu befahren, wird in den letzten Tagen auch immer gr\u00f6\u00dfer. Einige Tage muss ich mich noch gedulden.<\/p>\n<p>Das Skigebiet Isaberg lag auf dem Weg, schien mir wohl doch interessant genug, es mal zu besuchen, wenn ich erst sp\u00e4ter in der Saison rauffahre und es mal gro\u00dffl\u00e4chiger offen ist.<\/p>\n<p><a href='http:\/\/ski.inmontanis.info\/d\/282736-3\/DSC02380.jpg'><img src=http:\/\/ski.inmontanis.info\/d\/282735-4\/DSC02380.jpg \/><\/a><br \/>\n^ Pistenplan Isaberg, altes Foto<\/p>\n<p><a href='http:\/\/ski.inmontanis.info\/d\/331973-2\/DSC05345.jpg'><img src=http:\/\/ski.inmontanis.info\/d\/331972-3\/DSC05345.jpg \/><\/a><br \/>\n^ Skigebiet Isaberg mit den Abfahrten an der 6KSB<\/p>\n<p><a href='http:\/\/ski.inmontanis.info\/d\/331977-2\/DSC05346.jpg'><img src=http:\/\/ski.inmontanis.info\/d\/331976-3\/DSC05346.jpg \/><\/a><br \/>\n^ Bauarbeiten, leider kam man nicht zu den Talstationen<\/p>\n<p><a href='http:\/\/ski.inmontanis.info\/d\/331981-2\/DSC05347.jpg'><img src=http:\/\/ski.inmontanis.info\/d\/331980-3\/DSC05347.jpg \/><\/a><br \/>\n^ Au\u00dfenrum zum Hauptparkplatz raufgefahren und mit dem Topplift im Blick, oben am Gipfel endet auch die 6KSB<\/p>\n<p><a href='http:\/\/ski.inmontanis.info\/d\/331985-2\/DSC05348.jpg'><img src=http:\/\/ski.inmontanis.info\/d\/331984-3\/DSC05348.jpg \/><\/a><br \/>\n^ \u00dcbungsbereich<\/p>\n<p><a href='http:\/\/ski.inmontanis.info\/d\/331989-2\/DSC05349.jpg'><img src=http:\/\/ski.inmontanis.info\/d\/331988-3\/DSC05349.jpg \/><\/a><br \/>\n^ \u00dcbungsbereich<\/p>\n<p><a href='http:\/\/ski.inmontanis.info\/d\/331993-2\/DSC05350.jpg'><img src=http:\/\/ski.inmontanis.info\/d\/331992-3\/DSC05350.jpg \/><\/a><br \/>\n^ Das Skigebiet liegt bei Hestra, wo die Handschuhe hergestellt werden, die in Schweden fast jeder anhat.<\/p>\n<p><a href='http:\/\/ski.inmontanis.info\/d\/331997-2\/DSC05354.jpg'><img src=http:\/\/ski.inmontanis.info\/d\/331996-3\/DSC05354.jpg \/><\/a><br \/>\n^ Dort geht die Abfahrt zur KSB runter<\/p>\n<p><a href='http:\/\/ski.inmontanis.info\/d\/332001-2\/DSC05356.jpg'><img src=http:\/\/ski.inmontanis.info\/d\/332000-3\/DSC05356.jpg \/><\/a><br \/>\n^ Ich befinde mich auf dem Weg zu den im Plan rechts befindlichen Liften, Blick wieder zur\u00fcck zum Topplift-KSB-Bereich<\/p>\n<p><a href='http:\/\/ski.inmontanis.info\/d\/332005-3\/DSC05357.jpg'><img src=http:\/\/ski.inmontanis.info\/d\/332004-4\/DSC05357.jpg \/><\/a><br \/>\n^ Topplift-6KSB<\/p>\n<p><a href='http:\/\/ski.inmontanis.info\/d\/332009-3\/DSC05358.jpg'><img src=http:\/\/ski.inmontanis.info\/d\/332008-4\/DSC05358.jpg \/><\/a><br \/>\n^ Doppel-SL rechts von der 6KSB, der hier auf diese Anh\u00f6he f\u00fchrt<\/p>\n<p><a href='http:\/\/ski.inmontanis.info\/d\/332013-3\/DSC05360.jpg'><img src=http:\/\/ski.inmontanis.info\/d\/332012-4\/DSC05360.jpg \/><\/a><br \/>\n^ Doppel-SL<\/p>\n<p><a href='http:\/\/ski.inmontanis.info\/d\/332017-3\/DSC05361.jpg'><img src=http:\/\/ski.inmontanis.info\/d\/332016-4\/DSC05361.jpg \/><\/a><br \/>\n^ St\u00fctze 5 oder 7? 7 passt besser<\/p>\n<p><a href='http:\/\/ski.inmontanis.info\/d\/332021-3\/DSC05362.jpg'><img src=http:\/\/ski.inmontanis.info\/d\/332020-4\/DSC05362.jpg \/><\/a><br \/>\n^ Doppel-SL<\/p>\n<p><a href='http:\/\/ski.inmontanis.info\/d\/332025-3\/DSC05364.jpg'><img src=http:\/\/ski.inmontanis.info\/d\/332024-4\/DSC05364.jpg \/><\/a><br \/>\n^ Abfahrt daneben<\/p>\n<p><a href='http:\/\/ski.inmontanis.info\/d\/332029-3\/DSC05365.jpg'><img src=http:\/\/ski.inmontanis.info\/d\/332028-4\/DSC05365.jpg \/><\/a><br \/>\n^ Laut Plan sollte hier mal eine (4er) SB gestanden sein, aber die wurde wohl verakuft und nun ein SL aufgestellt &#8211; samit Sommerrodelbahn \u00fcbrigens. Ob der SL samt Abfahrten dann im Winter noch in Betrieb ist? Oder die Sommerrodelbahn?<\/p>\n<p><a href='http:\/\/ski.inmontanis.info\/d\/332033-3\/DSC05366.jpg'><img src=http:\/\/ski.inmontanis.info\/d\/332032-4\/DSC05366.jpg \/><\/a><br \/>\n^ Neuer SL statt 4SB<\/p>\n<p><a href='http:\/\/ski.inmontanis.info\/d\/332037-3\/DSC05369.jpg'><img src=http:\/\/ski.inmontanis.info\/d\/332036-4\/DSC05369.jpg \/><\/a><br \/>\n^ Topplift mit LST-Geh\u00e4nge<\/p>\n<p><a href='http:\/\/ski.inmontanis.info\/d\/332041-3\/DSC05370.jpg'><img src=http:\/\/ski.inmontanis.info\/d\/332040-4\/DSC05370.jpg \/><\/a><br \/>\n^ Logo<\/p>\n<p>25\u00b0 Sonne und kein Schattenplatz &#8211; ich verschob das Einkaufen auf sp\u00e4ter, weiter s\u00fcdlich w\u00e4re n\u00e4mlich nachmittags wieder Regen gemeldet, aber &#8230; der lie\u00df wohl auf sich warten, bis dahin 27\u00b0 gemeldet. N\u00e4chste Woche k\u00fchler, wohl die falsche Woche erwischt f\u00fcr meine S\u00fcdfahrt.<\/p>\n<p>Autofahren ist bei den Temperaturen unertr\u00e4glich, wenn die Klimaanlage nicht richtig funktioniert. Leider auch heute keine Antworten von der deutschen Werkstatt, die britische F1-Niederlassung in Norwich macht kein 1234yf schrieben sie. Soll ich jetzt jede F1-Werkstatt auf dem Weg einzeln anfragen, ob sie das machen??? Diesses verfickte neue Klimagas. Ist ja &#8220;erst&#8221; seit 2017 oder so vorgeschrieben und nach wie vor so schwierig zu bekommen und viel teurer im Vgl. zu dem alten Gas.  Und das im UK, wo Superm\u00e4rkte und Tankstellenshops auf &#8220;eiskalte&#8221; 18\u00b0 gek\u00fchlt werden&#8230;<\/p>\n<p>Noch eine andere Wkst in DE angeschreben, die auf dem Weg l\u00e4ge&#8230; ab n\u00e4chste Woche wird&#8217;s ja egtl. eh wieder etwas besser mit den Temperaturen.<\/p>\n<p>Hab dann doch noch heute alles eingekauft und m\u00fcsste morgen fr\u00fch nicht mehr, leider war die Nuss\/Naturgodis-Auswahl hier im Maxi-ICA minimal :(<\/p>\n<p><a href='http:\/\/extra.inmontanis.info\/d\/104384-3\/DSC05371.jpg'><img src=http:\/\/extra.inmontanis.info\/d\/104383-4\/DSC05371.jpg \/><\/a><br \/>\n^ Warnung vor Skyfall? St\u00fcrtzt der Himmel hier \u00f6fters ein?<\/p>\n<p><a href='http:\/\/extra.inmontanis.info\/d\/104388-3\/DSC05372.jpg'><img src=http:\/\/extra.inmontanis.info\/d\/104387-4\/DSC05372.jpg \/><\/a><br \/>\n^ Nissastr\u00f6m, rechts war mal eine Fabrik<\/p>\n<p><a href='http:\/\/extra.inmontanis.info\/d\/104392-3\/DSC05373.jpg'><img src=http:\/\/extra.inmontanis.info\/d\/104391-4\/DSC05373.jpg \/><\/a><br \/>\n^ Nissastr\u00f6m &#8211; Staumauer\/wehr<\/p>\n<p><a href='http:\/\/extra.inmontanis.info\/d\/104396-3\/DSC05374.jpg'><img src=http:\/\/extra.inmontanis.info\/d\/104395-4\/DSC05374.jpg \/><\/a><br \/>\n^ Nissastr\u00f6m<\/p>\n<p><a href='http:\/\/extra.inmontanis.info\/d\/104400-3\/DSC05378.jpg'><img src=http:\/\/extra.inmontanis.info\/d\/104399-4\/DSC05378.jpg \/><\/a><br \/>\n^ Infotafel zu dem alten Fabriksgel\u00e4nde<\/p>\n<p>Oh Mann, wie bl\u00f6d. Hab endlich mal die Bilder der letzten Tage bearbeitet &#8211; da h\u00e4tte ich schon l\u00e4ngst von den ersten Tagen nach \u00d6stersund mit der Wanderung Hoverbergt und Gesundaberget einen eigenen Bericht machen sollen .. da h\u00e4tte ich noch Zeit gehabt. Heute und die n\u00e4chsten Tage zuviel.<\/p>\n<p>Leider war es abends zu windstill hier mitten m Wald und es fing dann auch noch zu regnen an, hatte um 22 Uhr noch hei\u00dfe 27\u00b0 im Auto :( Klar, da macht die Klimaanlage auch nicht viel unterschied.<\/p>\n<p>Die  ganze Zeit ist hier nix los und kaum wlll man nach 22 Uhr ins Bett, fahren 2 PKWs die ganze Zet hier im Kreis herum&#8230; ?! Fuhren dann irgendwann wieder, aber um 0 Uhr kamen sie wieder oder andere 2.  Nerv. Konnte bei der Hitze eh nicht einschlafen. Diesmal stiegen sie aber aus und quatschten, lie\u00dfen ihre Motoren laufen, fuhren im Kreis, der eine dann direkt hinter mir. <\/p>\n<p>Um 5:45 wird mein Wecker klingeln, das wird eine sehr kurze Nacht. Die beiden Autos blieben \u00fcber Nacht stehen, schliefen wohl auch darin.<\/p>\n","protected":false},"excerpt":{"rendered":"<p>Do, 30.5.2024<\/p>\n<p>Die Nacht war etwas k\u00e4lter, war aber auch schattiger hier. Leider war die Stra\u00dfe lauter als erwartet. Heute wollte ich 2 (ehemalige) Skigebiete besuchen, die sich aber nur mit etwas Umweg kombinieren lie\u00dfen<\/p>\n<p> ^ Interessant geformte Bahnunterf\u00fchrung<\/p>\n<p> ^ Na sowas, ein altes Wasserrad.<\/p>\n<p>Erster Halt: Gillersklack &#128681; Gespeicherte Geolocation &#8211; Karte <a href=\"http:\/\/blog.inmontanis.info\/?p=9906\">[&#8230;]<\/a><\/p>\n","protected":false},"author":1,"featured_media":9910,"comment_status":"closed","ping_status":"closed","sticky":false,"template":"","format":"standard","meta":{"footnotes":""},"categories":[912,774,19,32],"tags":[91,45,47],"class_list":["post-9906","post","type-post","status-publish","format-standard","has-post-thumbnail","hentry","category-2023-09-2024-xx-skandinavien","category-isaberg","category-schwedensweden","category-lostplaces","tag-graffer","tag-see","tag-sl","odd"],"_links":{"self":[{"href":"http:\/\/blog.inmontanis.info\/index.php?rest_route=\/wp\/v2\/posts\/9906","targetHints":{"allow":["GET"]}}],"collection":[{"href":"http:\/\/blog.inmontanis.info\/index.php?rest_route=\/wp\/v2\/posts"}],"about":[{"href":"http:\/\/blog.inmontanis.info\/index.php?rest_route=\/wp\/v2\/types\/post"}],"author":[{"embeddable":true,"href":"http:\/\/blog.inmontanis.info\/index.php?rest_route=\/wp\/v2\/users\/1"}],"replies":[{"embeddable":true,"href":"http:\/\/blog.inmontanis.info\/index.php?rest_route=%2Fwp%2Fv2%2Fcomments&post=9906"}],"version-history":[{"count":3,"href":"http:\/\/blog.inmontanis.info\/index.php?rest_route=\/wp\/v2\/posts\/9906\/revisions"}],"predecessor-version":[{"id":9909,"href":"http:\/\/blog.inmontanis.info\/index.php?rest_route=\/wp\/v2\/posts\/9906\/revisions\/9909"}],"wp:featuredmedia":[{"embeddable":true,"href":"http:\/\/blog.inmontanis.info\/index.php?rest_route=\/wp\/v2\/media\/9910"}],"wp:attachment":[{"href":"http:\/\/blog.inmontanis.info\/index.php?rest_route=%2Fwp%2Fv2%2Fmedia&parent=9906"}],"wp:term":[{"taxonomy":"category","embeddable":true,"href":"http:\/\/blog.inmontanis.info\/index.php?rest_route=%2Fwp%2Fv2%2Fcategories&post=9906"},{"taxonomy":"post_tag","embeddable":true,"href":"http:\/\/blog.inmontanis.info\/index.php?rest_route=%2Fwp%2Fv2%2Ftags&post=9906"}],"curies":[{"name":"wp","href":"https:\/\/api.w.org\/{rel}","templated":true}]}}