{"id":9899,"date":"2024-05-29T21:37:41","date_gmt":"2024-05-29T19:37:41","guid":{"rendered":"http:\/\/blog.inmontanis.info\/?p=9899"},"modified":"2024-06-02T23:51:12","modified_gmt":"2024-06-02T21:51:12","slug":"hoverberget-gesundaberget-27-29-5-2024","status":"publish","type":"post","link":"http:\/\/blog.inmontanis.info\/?p=9899","title":{"rendered":"Hoverberget, Gesundaberget, 27.-29.5.2024"},"content":{"rendered":"<p><strong>Mo, 27.5.2024<\/strong><\/p>\n<p>Ich fuhr noch zum n\u00e4chsten Rastplatz und entleerte meine Toilette und war wesentlich fr\u00fcher fertig damit als gedacht oder gestern kalkuliert, als ich den Wecker auf 6 Uhr stellte.  Da h\u00e4tte ich noch eine halbe Stunde l\u00e4nger schlafen k\u00f6nnen. <\/p>\n<p>Um 10:20 war ich in der Suzuki-Werkstatt in \u00d6stersund, die an den Stadtrand gezogen ist und noch nicht ganz fertig war. Den Innenraumfilter konnten sie nicht wechseln &#8211; ehrlich gesagt, eh gut, weil man da ja gar nicht hingekommen w\u00e4re, ohne die Skischuhe u.\u00e4. rausr\u00e4umen zu m\u00fcssen.  <\/p>\n<p><a href='http:\/\/extra.inmontanis.info\/d\/104340-2\/DSC05157.jpg'><img src=http:\/\/extra.inmontanis.info\/d\/104339-3\/DSC05157.jpg \/><\/a><br \/>\n^ Fliegennetze rechts alt, links das neue mit den wesentlich schm\u00e4leren L\u00f6chern, wobei rechts auch schon eher kleine L\u00f6cher sind, da hatte ich schon gr\u00f6\u00dfere, aber der Nachteil vom linken: Laufmaschen bilden sich! Dadurch werden die L\u00f6cher oder Bahnen teils gr\u00f6\u00dfer und die Minim\u00fccken kommen doch durch. Hab aber noch genug Ersatzstoff. Und ja, der &#8220;Pimmel&#8221; in der Mitte wurde von Suzuki so designt, ist der Gurthalter ;)<\/p>\n<p><a href='http:\/\/extra.inmontanis.info\/d\/104344-2\/DSC05158.jpg'><img src=http:\/\/extra.inmontanis.info\/d\/104343-3\/DSC05158.jpg \/><\/a><br \/>\n^ \u00d6stersund &#8211; Schneeberg (Reste) von der winterlichen Schneer\u00e4umung<\/p>\n<p>W\u00e4hrend des Wartens in der Werkstatt checkte ich mal wieder die F\u00e4hrverbindungen nach DE und DK und sie sind an einigen Tagen nach wie noch gleich teuer wie zuletzt.  Eigentlich sollte ich die DK-F\u00e4hre nehmen, weil ich kene Lust auf \u00fcber 10h F\u00e4hre von Trelleborg nach Travem\u00fcnde hab, wenn ich n\u00e4chste Woche eh auch die mehrst\u00fcndige NL-UK-F\u00e4hre hab.<\/p>\n<p>Das w\u00e4ren dann noch ca. 870km  in SE und 250km in DK zu fahren bis nach DE, am SO m\u00f6chte ich an der Museumstram sein, die hat nur SO+MI offen, alternativ also n\u00e4chste Woche am MI, aber sp\u00e4testens am DO w\u00fcrd ich da gern im Freilichtmuseum in den NL mit derMuseumstram sein, da ja am FR (7.6.) die UK-F\u00e4hre geht. Von der Museumstram in DE bis zur UK-F\u00e4hre sinds dann ca. 680km, wobei ich den klenen Umweg \u00fcber die Elbef\u00e4hre nehmen m\u00f6chte, um mir die Durchfahrt durch Hamburg zu sparen.<\/p>\n<p>Aber, aber, leider f\u00e4hrt die gew\u00fcnschte SE-DK-F\u00e4hre nicht am Samstag (oder ist schon ausgebucht).<\/p>\n<p>Um 11:15 war das Auto bereits fertig, was ja nur weniger als 1h war, es gab keine weiteren Auff\u00e4lligkeiten.  Der normale Stundensatz hier ist \u00fcbrigens ca. 125-130,- \u20ac, also g\u00fcnstiger als in AT und glaub auch g\u00fcnstiger als in DE, was ich da zuletzt mal rumgeschaut hatte. Zettel bekam ich aber keinen mit, also fraglich, wieviel da gecheckt wurde. In Summe dann also knapp \u00fcber 300 \u20ac.<\/p>\n<p>Im n\u00e4chsten Ort s\u00fcdlich von \u00d6stersund gibt&#8217;s ein bekanntes Sibylla-Restaruant und bekannte ICA- und Coop-Superm\u00e4rkte. Unbekannt bisher, das Thai-Restaurant &#8220;Chili&#8221;, das auch &#8220;Buff\u00e9&#8221; hat. Nun hab ich mit Thai-Imbissst\u00e4nden in SE bisher nur sehr scharfe Bekanntschaft gemacht, aber lt. Bild auf GMaps sah das nicht so scharf aus, also ging ich mal rein.<\/p>\n<p>Das Buff\u00e9 kostet 135,- (also unter 12 \u20ac) und wie \u00fcblich in Schweden inkl. spezieller Getr\u00e4nke, Salatbuffet, Brot, Kaffee und Keksen. Von den panierten Sachen nahm ich nur je 1 zum probieren (war sehr dick paniert), die Schinken-Pizza lie\u00df ich auch aus, daf\u00fcr nahm ich von den H\u00fchnerspie\u00dfen und den Rippchen mehr. Salat nur minimal &#8220;Pizzasalat&#8221; (Krautsalat). Selbst die Erdnussso\u00dfe war hier nicht scharf, wo ich ja schon mind. 2x Pech hatte. <\/p>\n<p><a href='http:\/\/extra.inmontanis.info\/d\/104348-2\/IMG_20240527_115816.jpg'><img src=http:\/\/extra.inmontanis.info\/d\/104347-3\/IMG_20240527_115816.jpg \/><\/a><br \/>\n^ Mittags-Buffet im Thai-Restaurant<\/p>\n<p><a href='http:\/\/extra.inmontanis.info\/d\/104352-2\/IMG_20240527_115818.jpg'><img src=http:\/\/extra.inmontanis.info\/d\/104351-3\/IMG_20240527_115818.jpg \/><\/a><br \/>\n^ .. das Salatbuffet ignorierte ich allerdings<\/p>\n<p><a href='http:\/\/extra.inmontanis.info\/d\/104356-2\/IMG_20240527_115821.jpg'><img src=http:\/\/extra.inmontanis.info\/d\/104355-3\/IMG_20240527_115821.jpg \/><\/a><br \/>\n^ Getr\u00e4nkeauswahl, Wasser, Granatapfel oder Zitrone; links dahinter Caf\u00e9, Brot, Butter etc.<\/p>\n<p>Somit nach 12 Uhr sehr ges\u00e4ttigt aufgebrochen nach .. wohin? Ein bekannter Nachtplatz mit etwas Umweg auf einem Berg hatte meiner Erinnerung nach schattige, wenn auch schr\u00e4ge Parkpl\u00e4tze plus ein Trockenklo. Zwar hier recht nah, aber ich muss ja eh erst mal noch planen. <\/p>\n<p>Als ich dort am Hoverberget ankam (neben dem letzten Schneerest dieses Fr\u00fchjahr!), gerade keine Sonne und prompt falsch hingestellt und sp\u00e4ter noch etwas in der Sonne gestanden. Leider zogen immer wieder Regenschauer durch, so das ich \u00f6fters mal Fenster auf und zumachen musste, wof\u00fcr man wg. elektrischer Fensterheber ja auch immer die Z\u00fcndung einschalten muss. Weil es ja immer noch viel zu warm im Auto war. Wanderung auf morgen verschoben.<\/p>\n<p><a href='http:\/\/extra.inmontanis.info\/d\/104252-2\/DSC05161.jpg'><img src=http:\/\/extra.inmontanis.info\/d\/104251-3\/DSC05161.jpg \/><\/a><br \/>\n^ See-Pano vom Aussichtsurm, hatte ich 2021 sch\u00f6neres Wetter<\/p>\n<p><a href='http:\/\/extra.inmontanis.info\/d\/104256-2\/DSC05167.jpg'><img src=http:\/\/extra.inmontanis.info\/d\/104255-3\/DSC05167.jpg \/><\/a><br \/>\n^ Steg..<\/p>\n<p><a href='http:\/\/extra.inmontanis.info\/d\/104260-2\/DSC05168.jpg'><img src=http:\/\/extra.inmontanis.info\/d\/104259-3\/DSC05168.jpg \/><\/a><br \/>\n^ .. und Pano von dort<\/p>\n<p>Vor 17:30 nochmals sonnig (also ich stand schon im Schatten) und leider mit dem Ende des Regens auch kein Wind mehr. Der Wind, der einem im Winter beim Skifahren so auf den Sack geht, den h\u00e4tte man gerne im Sommer zur Abk\u00fchlung!<\/p>\n<p>Immerhin mal voller Lyca 4G-Empfang. Aber teilweise trotzdem lahm. Jetzt, wo ich gutes Netz hab und Zeit und planen muss, kommt eine Lyca-SMS, dass ich diesen Montag schon 80% verbraucht h\u00e4tte??? Laut Website h\u00e4tte ich aber noch 43 von 60 GB \u00fcbrig (durch die \u00dcbernahme der Vormonate).<\/p>\n<p>Morgen l\u00e4ge \u00c5sarna auf dem Weg und ich k\u00f6nnte dort endlich mal das Lunch-Buffet essen. Lt. Website gibt&#8217;s Chili con carne, was ich wg. de Bohnen nicht unbedingt mag, aber es gibt morgen auch Raggmunk, was wohl Grund genug f\u00fcr einen Besuch w\u00e4re. <\/p>\n<p>Nachmittags noch 2 Suzuki-Werkst\u00e4tten in DE wg. Klimagasauff\u00fcllen n\u00e4chste Woche angeschrieben. Ja, w\u00fcrden auch andere Werkst\u00e4tten machen k\u00f6nnen, aber irgendwo muss man ja mal anfangen auszusortieren.<\/p>\n<p>Hab noch den Bericht der letzten Tage online gestellt und mich dann irgendwann endlich dazu durchgerungen, die Planungen der n\u00e4chsten Tage fortzusetzen. Irgendwie ziemlich bl\u00f6d mit den F\u00e4hren diesmal. Am SA bliebe eigentlich nur die lange Trelleborg-Travem\u00fcnde-F\u00e4hre 09:30-20:15 um 99,- \u20ac, am Freitag g\u00e4be es zus\u00e4tzlich auf der Strecke noch die 16:00-00:45 um 95,- \u20ac oder die Halmstad-Gren\u00e5 20:00-00:35 um 105,20, wobei diese am Donnerstag nur 94,20 kosten w\u00fcrde &#8211; aber was soll ich denn am Freitag oder Samstag schon in Deutschland, wenn ich erst am Sonntag n\u00f6rdlich von Kiel sein muss?<\/p>\n<p>Doch via Br\u00fccken und das Tram-Museum in DK zu besuchen? Das ist derzeit auch nur SA+SO offen. <\/p>\n<p>Man k\u00f6nnte auch die erste Br\u00fccke (die teure, die bei Malm\u00f6) mit der g\u00fcnstigeren F\u00e4hre n\u00f6rdlich davon (Helsingborg-Helsing\u00f8r) umfahren, die gibts ab 300 SEK bei Online-Vorbuchung (obwohl im 20-min-Takt). Die sind f\u00fcr das kurze St\u00fcck ja schon recht teuer, aber die Scandlines-R\u00f8dby-Puttgarden-F\u00e4hre ist ja bekanntlich an unversch\u00e4mten Preisen schwer zu \u00fcberbieten. Selbst wenn das Benzin plus Maut \u00fcber die 2. Br\u00fccke teurer w\u00e4re, w\u00fcrd ich lieber da fahren als es dieser gierigen F\u00e4hrgesellschaft in den Rachen zu schmei\u00dfen.<\/p>\n<p>(Wobei, wenn man die Tickets getrennt bucht f\u00fcr die beiden F\u00e4hren, kommt man g\u00fcnstiger weg als mit dem Kombiticket!)<\/p>\n<p>Tja, also die g\u00fcnstigste M\u00f6glichkeit f\u00fcr FR\/SA w\u00e4re tats\u00e4chlich erst die F\u00e4hre Helsingborg-Helsing\u00f8r mit Vorbuchung und dann die g\u00fcnstigere Storeb\u00e6lt-Br\u00fccke, dann k\u00f6nnte ich am SA auch in DK zum Stra\u00dfenbahnmuseum. Dann machen wir das halt mal so. N\u00e4chstes Mal ist dann eh wieder die Trelleborg-Rostock-F\u00e4hre die sinnvollere, sch\u00f6nere und g\u00fcnstigere Alternative.<\/p>\n<p><a href='http:\/\/extra.inmontanis.info\/d\/104360-2\/DSC05179.jpg'><img src=http:\/\/extra.inmontanis.info\/d\/104359-3\/DSC05179.jpg \/><\/a><br \/>\n^ Tja, irgendwas ist wohl immer. Wenn die Sohle nicht bricht oder undicht wird, dann l\u00f6st sie sich halt komplett vom Schuh &#8230;<\/p>\n<p>Abends war es schon wesentlich k\u00fchler = angenehmer.<\/p>\n<p><strong>Di, 28.5.2024<\/strong><\/p>\n<p>Heute mind. 3 Hasen den ganzen Vormittag immer wieder am Parkplatz herumgehoppelt. Musste fr\u00fch 2x den Parkplatz \u00e4ndern wg. Schatten, das zweite Mal aber nur, weil ich ja nach der Arbeit noch bissl Rumwandern will. Absolut keiner da gewesen zwischen gestern irgendwann abends und 10:30.<\/p>\n<p>Aber wenn ich gewusst h\u00e4tte, dass die kleine Wanderung zu der Felsspalte (R\u00e4mnan) doch so h\u00f6henmeterintensiiv und lang ist und ich so ins Schwitzen komm, w\u00e4r ich vielleicht nicht gegangen.<\/p>\n<p><a href='http:\/\/extra.inmontanis.info\/d\/104264-2\/DSC05181.jpg'><img src=http:\/\/extra.inmontanis.info\/d\/104263-3\/DSC05181.jpg \/><\/a><br \/>\n^ Mehrere Hasen waren heute den ganzen Vormittag \u00fcber am Parkplatz unterwegs<\/p>\n<p><a href='http:\/\/extra.inmontanis.info\/d\/104268-2\/DSC05185.jpg'><img src=http:\/\/extra.inmontanis.info\/d\/104267-3\/DSC05185.jpg \/><\/a><br \/>\n^ Richtig gro\u00dfe Hasen, nicht die kleineren Kaninchen, die man im UK \u00f6fters sieht<\/p>\n<p><a href='http:\/\/extra.inmontanis.info\/d\/104272-2\/DSC05193.jpg'><img src=http:\/\/extra.inmontanis.info\/d\/104271-3\/DSC05193.jpg \/><\/a><br \/>\n^ Wanderung zur R\u00e4mnan-Spalte<\/p>\n<p><a href='http:\/\/extra.inmontanis.info\/d\/104276-2\/DSC05194.jpg'><img src=http:\/\/extra.inmontanis.info\/d\/104275-3\/DSC05194.jpg \/><\/a><br \/>\n^ Einige B\u00e4ume sind entwurzelt<\/p>\n<p><a href='http:\/\/extra.inmontanis.info\/d\/104280-2\/DSC05202.jpg'><img src=http:\/\/extra.inmontanis.info\/d\/104279-3\/DSC05202.jpg \/><\/a><br \/>\n^ Wenn der rote Punkt fehlt, tut man sich schwer, abzusch\u00e4tzen, wo man ist &#8211; insbesondere, wenn etliche abgezweigte Wege nicht enthalten sind<\/p>\n<p><a href='http:\/\/extra.inmontanis.info\/d\/104284-2\/DSC05206.jpg'><img src=http:\/\/extra.inmontanis.info\/d\/104283-3\/DSC05206.jpg \/><\/a><br \/>\n^ Endlich erreichte ich den Bereich mit der R\u00e4mnan-Spalte, die wohl durch einen Abrutsch entstand<\/p>\n<p><a href='http:\/\/extra.inmontanis.info\/d\/104288-2\/DSC05209.jpg'><img src=http:\/\/extra.inmontanis.info\/d\/104287-3\/DSC05209.jpg \/><\/a><br \/>\n^ Nat\u00fcrlich liegt hier noch etwas Schnee<\/p>\n<p><a href='http:\/\/extra.inmontanis.info\/d\/104292-2\/DSC05210.jpg'><img src=http:\/\/extra.inmontanis.info\/d\/104291-3\/DSC05210.jpg \/><\/a><br \/>\n^ R\u00e4mnan; durch die vielen B\u00e4ume in der Schlucht sieht man ja nicht mehr viel<\/p>\n<p><a href='http:\/\/extra.inmontanis.info\/d\/104296-2\/DSC05213.jpg'><img src=http:\/\/extra.inmontanis.info\/d\/104295-3\/DSC05213.jpg \/><\/a><br \/>\n^ .. aber hin und wieder kann man die Tiefe erahnen<\/p>\n<p><a href='http:\/\/extra.inmontanis.info\/d\/104300-3\/DSC05214.jpg'><img src=http:\/\/extra.inmontanis.info\/d\/104299-4\/DSC05214.jpg \/><\/a><br \/>\n^ R\u00e4mnan<\/p>\n<p><a href='http:\/\/extra.inmontanis.info\/d\/104304-3\/DSC05220.jpg'><img src=http:\/\/extra.inmontanis.info\/d\/104303-4\/DSC05220.jpg \/><\/a><br \/>\n^ R\u00e4mnan<\/p>\n<p><a href='http:\/\/extra.inmontanis.info\/d\/104308-3\/DSC05228.jpg'><img src=http:\/\/extra.inmontanis.info\/d\/104307-4\/DSC05228.jpg \/><\/a><br \/>\n^ R\u00e4mnan<\/p>\n<p><a href='http:\/\/extra.inmontanis.info\/d\/104312-3\/DSC05230.jpg'><img src=http:\/\/extra.inmontanis.info\/d\/104311-4\/DSC05230.jpg \/><\/a><br \/>\n^ R\u00e4mnan<\/p>\n<p><a href='http:\/\/extra.inmontanis.info\/d\/104316-3\/DSC05231.jpg'><img src=http:\/\/extra.inmontanis.info\/d\/104315-4\/DSC05231.jpg \/><\/a><br \/>\n^ See-Pano<\/p>\n<p><a href='http:\/\/extra.inmontanis.info\/d\/104320-3\/DSC05232.jpg'><img src=http:\/\/extra.inmontanis.info\/d\/104319-4\/DSC05232.jpg \/><\/a><br \/>\n^ Schneebdeckte Berge im Hintergrund<\/p>\n<p><a href='http:\/\/extra.inmontanis.info\/d\/104324-3\/DSC05238.jpg'><img src=http:\/\/extra.inmontanis.info\/d\/104323-4\/DSC05238.jpg \/><\/a><br \/>\n^ Zur\u00fcck ging ich gerade aus ein kurzes St\u00fcck hinauf und \u00fcber einen Bogen anders retour<\/p>\n<p><a href='http:\/\/extra.inmontanis.info\/d\/104328-3\/DSC05239.jpg'><img src=http:\/\/extra.inmontanis.info\/d\/104327-4\/DSC05239.jpg \/><\/a><br \/>\n^ Die wichtigen Abzweigungen sind gut gekennzeichnet, aber einige eben auch nicht<\/p>\n<p><a href='http:\/\/extra.inmontanis.info\/d\/104332-3\/DSC05241.jpg'><img src=http:\/\/extra.inmontanis.info\/d\/104331-4\/DSC05241.jpg \/><\/a><br \/>\n^ Gut, dass hier Holz liegt &#8211; aber durch das Wasser eben auch viele Stechm\u00fccken<\/p>\n<p><a href='http:\/\/extra.inmontanis.info\/d\/104336-3\/ge20240528a.jpg'><img src=http:\/\/extra.inmontanis.info\/d\/104335-4\/ge20240528a.jpg \/><\/a><br \/>\n^ Die heutige Wanderung. 2021 hatte ich ja die kostenpflichtige H\u00f6hle besucht, von der aus man von unten aus hingeht<\/p>\n<p>Von der einen Werkstatt in DE kam die Antwort, dass sie erst in einigen Wochen wieder einen Termin h\u00e4tten.<\/p>\n<p>Nach mehreren \u00dcbernachtungen (nicht nur heuer) am Campingplatz endlich mal hier essen k\u00f6nnnen in \u00c5sarna, 125,- SEK (also unter 11 \u20ac) und es gab noch ein drittes Gericht, pulled pork mit Kartoffeln und Chili-Bearnaise, war auch sehr lecker ;) F\u00fcr Salat und Brot hatte ich aber keinen Platz.<\/p>\n<p><a href='http:\/\/extra.inmontanis.info\/d\/104364-2\/IMG_20240528_142519.jpg'><img src=http:\/\/extra.inmontanis.info\/d\/104363-3\/IMG_20240528_142519.jpg \/><\/a><br \/>\n^ Buffet in Asarna, wobei ich Brot und Salatbuffet wieder auslassen hab<\/p>\n<p><a href='http:\/\/extra.inmontanis.info\/d\/104368-2\/IMG_20240528_142017.jpg'><img src=http:\/\/extra.inmontanis.info\/d\/104367-3\/IMG_20240528_142017.jpg \/><\/a><br \/>\n^ Chili con carne und das leckere pulled pork mit Chil-Bearnaise, war alles nicht so scharf; oben Preiselbeerlimo, im Preis nat\u00fcrlich inklusive<\/p>\n<p><a href='http:\/\/extra.inmontanis.info\/d\/104372-2\/IMG_20240528_142715.jpg'><img src=http:\/\/extra.inmontanis.info\/d\/104371-3\/IMG_20240528_142715.jpg \/><\/a><br \/>\n^ .. und Raggmunk mit dem dicken Speckscheiben und Preiselbeermarmelade. Danach noch ein Nachschlag mit Raggmunk &#038; Co und auch nochmals pulled pork. Und einen kalten Lachs-Pie hatte ich auch noch. Und ein Kuchenst\u00fcck zum Nachtisch ;)<\/p>\n<p>Hach, das wird mir fehlen, diese leckeren und g\u00fcnstigen schwedischen Mittagessen.<\/p>\n<p>Leider am heutigen Nachtplatz mal wieder gar kein Lyca-Empfang. so ein Glump. Wenigstens halbwegs schattig und andere Netze, Telia brauchbar (mit der Magenta-SIM, 4G), 3-SE minimal 4G (A1-Sim). <\/p>\n<p>Statt 100-150km muss ich jetzt 200-300km pro Tag fahren. Hab dann noch einige Werkst\u00e4tten gefunden, die schneller einen Termin haben laut Online-Buchung und die Verg\u00f6lst-Standorte sind da wohl g\u00fcnstiger als die ATU+Euromaster-Betriebe, wenn ich also die Suzuki-Betriebe ignoriere. Allerdings ist das via Onlinebuchung dann eben ein komplettes Klima-Service, nicht nur nachf\u00fcllen. Allerdings sind nur 250g K\u00e4ltemittel in dem Angebotspreis drin, muss also hoffen, dass nicht mehr fehlt. Oder leeren die alles raus und f\u00fcllen komplett nach? Dann w\u00fcrde ja jedenfalls noch was drauf kommen.<\/p>\n<p>Da die eine Werkstatt auf dem Weg sogar morgen noch einen Termin frei h\u00e4tte und am Dienstag noch sehr viele, schrieb ich erst einmal eine Email und fragte nach. Eine Antwort bekam ich leider auch in den n\u00e4chsten Tagen keine, so dass ich stand Sonntag weiterhin keinen Klima-Nachf\u00fclltermin in Aussicht hab :(<\/p>\n<p>Ich buchte auch endlich noch die F\u00e4hre am Samstag Fr\u00fch von Helsingborg (SE) nach Helsing\u00f8r (DK) &#8211; auch noch nie gefahren, aber halt wesentlich g\u00fcnstiger als die Br\u00fccke, wenn man zur richtigen Zeit f\u00e4hrt, 8:30-8:50 um 299,- SEK (ca. 26 \u20ac vs. Br\u00fccke 61 \u20ac oder so), dann h\u00e4tte ich fr\u00fch noch kurz Zeit um etwas einzukaufen, falls ich da noch was brauchen sollte und w\u00e4re ca. 10:30, etwa eine halbe Stunde nach \u00d6ffnung, am Stra\u00dfenbahnmuseum (Sporvejsmuseet) in D\u00e4nemark. Sonntag dann Museumsstra\u00dfenbahn Sch\u00f6nberger Strand n\u00e4he Kiel, Montag die Pakete verschicken, am MI oder DO das Openluchtmuseum in Arnhem (NL) mit der Museumsstra\u00dfenbahn, am FR die F\u00e4hre Hoek-van-Holland &#8211; Harwich (England), am SA ma schaun, am SO East Anglia Museumstram und dann die n\u00e4chsten ca. 2 Wochen einige Tage in den Ironbridge-Museen und Black County Museum und dazwischen mal die Dudley 8h &#8211; Kanalschifffahrt und dann via Crich und Beamish nach Schottland Anfang Juli. Puh, volles Programm!<\/p>\n<p>Achja, nach einem Solarpanel wollte ich ja noch schauen, das m\u00fcsste ich mir ggf. Anfang n\u00e4chster Woche in DE liefern lassen, also sollte ich das zackig suchen und entscheiden die n\u00e4chsten Tage &#8211; auch, welche Strecke ich nach NL ungef\u00e4hr fahren m\u00f6chte und wo ich das dann abholen k\u00f6nnte.<\/p>\n<p>Wollte nachts mal die Fenster einen Spalt offen lassen, aber es waren laufend Stechm\u00fccken zwischen Fliegennetz und Glasscheibe, deren Summen mich einerseits gest\u00f6rt hat und wo man auch bef\u00fcrchten m\u00fcsste, dass die irgendeinen Weg dann rein finden. Zudem h\u00e4tte es wg. Windstille ja eh nicht viel gebracht.<\/p>\n<p>Auch wenn es momentan noch keine 20\u00b0 die ganze Nacht hat: -20\u00b0 sind mir nachts lieber als +20\u00b0, das wei\u00df ich jetzt schon.<\/p>\n<p>Fix ist \u00fcbrigens mittlerweile, dass der Suzuki Ignis und Jimny zumindest f\u00fcr die EU (derzeit) ohne Nachfolger eingestellt werden, da es ja mal wieder neue EU-Normen und Verpflichtungen f\u00fcr noch mehr \u00fcbertriebene Assistenzsysteme gibt. Da will man ja eigentlich sowieso keinen Neuwagen mehr kaufen jetzt.<\/p>\n<p><strong>Mi, 29.5.2024<\/strong><\/p>\n<p>Heute Fr\u00fch erst einmal zm n\u00e4chsten Rastplatz fl\u00fcchten wg. Schatten und WC.  <\/p>\n<p>Mittwoch? Da k\u00f6nnte man nochmals an einer OKQ8-Tankstelle das g\u00fcnstige Schnitzel zu Mittag kaufen.<\/p>\n<p>Ab 12 Uhr heute f\u00fcr ein paar Stunden Regen gemeldet und mal unter 20\u00b0 bleibend, sch\u00f6n. F\u00fcr n\u00e4chste Woche w\u00e4ren sogar wieder nur noch Temperaturen um 15\u00b0 gemeldet. Tja, Pech gehabt diese Woche.<\/p>\n<p>Als ich mit dem Schnitzel mit Pommes aus der OKQ8 s\u00fcdlich von Mora raus ging, fing es zu regnen an. W\u00e4re danach eigentlich noch gern hier aufs Klo geangen und h\u00e4tte mir auch noch ein Eis oder eine Zimtschnecke kaufen wollen.<\/p>\n<p>Supermarkt wollte ich auch noch besuchen, aber laut Regenradar dauert das noch l\u00e4nger.  Ich brauchte noch l\u00e4ngere Zeit f\u00fcr die Routenplanung samt Zwischenstopps und einem Supermarkt und fuhr dann ins bekannte Gesundaberget-Skigebiet, das ja die letzten Winter nicht mehr offen war, dort dann halbwegs trocken bzw. noch etwas Nieselregen. <\/p>\n<p>Ich \u00e4rger mich ja nach wie vor, dass ich da vor ca. 3 Jahren nach meinem Besuch nicht fr\u00fcher die E-Mail geschickt hatte, dann h\u00e4tte ich vielleicht einen der ausgemusterten (einzelnen) Sesselsitze haben k\u00f6nnen, aber als ich nachgefragt hatte, waren sie ja leider schon abtransportiert. H\u00e4tte doch sicherlich irgendwie auf den Beifahrersitz gepasst. Danach gab&#8217;s hier ein Konkursverfahren, aber seit wenigen Wochen gibts einen neuen Eigent\u00fcmer, der auch wieder Skifahren anbieten will. Sch\u00f6n.<\/p>\n<p><a href='http:\/\/ski.inmontanis.info\/d\/331937-3\/DSC05243.jpg'><img src=http:\/\/ski.inmontanis.info\/d\/331936-4\/DSC05243.jpg \/><\/a><br \/>\n^ Hier wurde wohl mal ein Ticketschalter erg\u00e4nzt<\/p>\n<p><a href='http:\/\/ski.inmontanis.info\/d\/331941-3\/DSC05244.jpg'><img src=http:\/\/ski.inmontanis.info\/d\/331940-4\/DSC05244.jpg \/><\/a><br \/>\n^ Schaut soweit gut aus<\/p>\n<p><a href='http:\/\/ski.inmontanis.info\/d\/331945-3\/DSC05246.jpg'><img src=http:\/\/ski.inmontanis.info\/d\/331944-4\/DSC05246.jpg \/><\/a><br \/>\n^ Alte Bilder und Karten und Wimpel usw.<\/p>\n<p><a href='http:\/\/ski.inmontanis.info\/d\/331949-3\/DSC05247.jpg'><img src=http:\/\/ski.inmontanis.info\/d\/331948-4\/DSC05247.jpg \/><\/a><br \/>\n^ Alte Bilder und Karten und Wimpel usw.<\/p>\n<p><a href='http:\/\/ski.inmontanis.info\/d\/331953-3\/DSC05248.jpg'><img src=http:\/\/ski.inmontanis.info\/d\/331952-4\/DSC05248.jpg \/><\/a><br \/>\n^ An der DSB h\u00e4ngen einige Sessel<\/p>\n<p><a href='http:\/\/ski.inmontanis.info\/d\/331957-3\/DSC05252.jpg'><img src=http:\/\/ski.inmontanis.info\/d\/331956-4\/DSC05252.jpg \/><\/a><br \/>\n^ Die restlichen Sessel, die nicht ausgemustert wurden, liegen noch herum<\/p>\n<p><a href='http:\/\/ski.inmontanis.info\/d\/331961-3\/DSC05256.jpg'><img src=http:\/\/ski.inmontanis.info\/d\/331960-4\/DSC05256.jpg \/><\/a><br \/>\n^ N\u00e4chste \u00dcberpr\u00fcfung der DSB w\u00e4re 2022 f\u00e4llig gewesen. 1983 dann wohl das Baujahr<\/p>\n<p><a href='http:\/\/ski.inmontanis.info\/d\/331965-3\/DSC05263.jpg'><img src=http:\/\/ski.inmontanis.info\/d\/331964-4\/DSC05263.jpg \/><\/a><br \/>\n^ K\u00f6nnte ja nicht so schwierig sein, so einen Einzelsitz abzuschrauben. Wie gern h\u00e4tte ich da einen daheim von meinen Lieblingsgraffersesseln ;)<\/p>\n<p><a href='http:\/\/ski.inmontanis.info\/d\/331969-3\/DSC05264.jpg'><img src=http:\/\/ski.inmontanis.info\/d\/331968-4\/DSC05264.jpg \/><\/a><br \/>\n^ mittige Befestigung<\/p>\n<p>Am rausgesuchten Supermarkt sp\u00e4ter eine lange Schlange vor dem Pfandautomat und die alle mit gro\u00dfen T\u00fcten &#8211; dann kauf ich hier halt nicht ein und fuhr zum n\u00e4chsten.<\/p>\n<p>Echt eine neue Posse mit desem Lyca-Scheiss. SMS erhalten, dass alle Daten verbraucht seien. Via SMS nach dem Saldostand abfragend oder via Online-Website sollten aber noch 40919 MB \u00fcbrig sein bis 11.6. Und ich bin hier ja nicht im Roaming, sondern im Heimnetz in SE. Never ever again Lyca, weder in SE noch in UK noch sonstwo!  <\/p>\n<p>Bis zur F\u00e4hre am Samstag muss ich noch ca. 600km Auto fahren.<\/p>\n","protected":false},"excerpt":{"rendered":"<p>Mo, 27.5.2024<\/p>\n<p>Ich fuhr noch zum n\u00e4chsten Rastplatz und entleerte meine Toilette und war wesentlich fr\u00fcher fertig damit als gedacht oder gestern kalkuliert, als ich den Wecker auf 6 Uhr stellte. Da h\u00e4tte ich noch eine halbe Stunde l\u00e4nger schlafen k\u00f6nnen. <\/p>\n<p>Um 10:20 war ich in der Suzuki-Werkstatt in \u00d6stersund, die an den Stadtrand <a href=\"http:\/\/blog.inmontanis.info\/?p=9899\">[&#8230;]<\/a><\/p>\n","protected":false},"author":1,"featured_media":9903,"comment_status":"closed","ping_status":"closed","sticky":false,"template":"","format":"standard","meta":{"footnotes":""},"categories":[912,674,928,19,30],"tags":[38,91,45,47],"class_list":["post-9899","post","type-post","status-publish","format-standard","has-post-thumbnail","hentry","category-2023-09-2024-xx-skandinavien","category-gesundaberget","category-hoverberget","category-schwedensweden","category-wandern","tag-dsb","tag-graffer","tag-see","tag-sl","odd"],"_links":{"self":[{"href":"http:\/\/blog.inmontanis.info\/index.php?rest_route=\/wp\/v2\/posts\/9899","targetHints":{"allow":["GET"]}}],"collection":[{"href":"http:\/\/blog.inmontanis.info\/index.php?rest_route=\/wp\/v2\/posts"}],"about":[{"href":"http:\/\/blog.inmontanis.info\/index.php?rest_route=\/wp\/v2\/types\/post"}],"author":[{"embeddable":true,"href":"http:\/\/blog.inmontanis.info\/index.php?rest_route=\/wp\/v2\/users\/1"}],"replies":[{"embeddable":true,"href":"http:\/\/blog.inmontanis.info\/index.php?rest_route=%2Fwp%2Fv2%2Fcomments&post=9899"}],"version-history":[{"count":3,"href":"http:\/\/blog.inmontanis.info\/index.php?rest_route=\/wp\/v2\/posts\/9899\/revisions"}],"predecessor-version":[{"id":9905,"href":"http:\/\/blog.inmontanis.info\/index.php?rest_route=\/wp\/v2\/posts\/9899\/revisions\/9905"}],"wp:featuredmedia":[{"embeddable":true,"href":"http:\/\/blog.inmontanis.info\/index.php?rest_route=\/wp\/v2\/media\/9903"}],"wp:attachment":[{"href":"http:\/\/blog.inmontanis.info\/index.php?rest_route=%2Fwp%2Fv2%2Fmedia&parent=9899"}],"wp:term":[{"taxonomy":"category","embeddable":true,"href":"http:\/\/blog.inmontanis.info\/index.php?rest_route=%2Fwp%2Fv2%2Fcategories&post=9899"},{"taxonomy":"post_tag","embeddable":true,"href":"http:\/\/blog.inmontanis.info\/index.php?rest_route=%2Fwp%2Fv2%2Ftags&post=9899"}],"curies":[{"name":"wp","href":"https:\/\/api.w.org\/{rel}","templated":true}]}}