{"id":9895,"date":"2024-05-26T17:41:20","date_gmt":"2024-05-26T15:41:20","guid":{"rendered":"http:\/\/blog.inmontanis.info\/?p=9895"},"modified":"2024-05-27T17:54:32","modified_gmt":"2024-05-27T15:54:32","slug":"arvidsjaur-storuman-vilhelmina-stromsund-23-26-5-2024","status":"publish","type":"post","link":"http:\/\/blog.inmontanis.info\/?p=9895","title":{"rendered":"Arvidsjaur-Storuman-Vilhelmina-Str\u00f6msund, 23.-26.5.2024"},"content":{"rendered":"<p><strong>Do, 23.5.2024<\/strong><\/p>\n<p>Vor Arvidsjaur angekommen, sah der Blick in die beiden Skigebiete beim geschlossenen nicht nach einer durchgehenden Schneedecke aus (wobei man den Liftbereich ja nicht genau sieht), bei dem im Ort dagegen noch fahrbar.<\/p>\n<p>Ich bin mal zur\/zum Sibylla gefahren, laut Homepage k\u00f6nnten die wieder Churros haben und au\u00dferdem mal schauen, was das Tagesgericht heute w\u00e4re.<\/p>\n<p>Tja, keine Churros und das Tagesgerhicht waren Bohnen. N\u00f6. Mal einen Hamburger mit Pommes? Kostet als Men\u00fc ab ca. 9 \u20ac. Oder zum Frasses? Oder schaun, was in der OKQ8-Tankstelle heute das Tagesgericht istl? Bl\u00f6derweise gestern nicht aufgepasst, das d\u00fcrfte jeden Tag in allen Tankstellen ident sein, sofern sie das selbe Angebot haben. Pommes (und damit auch Schnitzel und Kebab) gibts glaub ich nicht \u00fcberall. Laut Bildern im Netz k\u00f6nnte das die &#8220;Kebabrulle&#8221; (also Wrap, D\u00fcr\u00fcm) sein. Ohne Pommes dann leider.<\/p>\n<p>Snaxbox (mit vmtl je 2 Zwiebelringe, Mozzarellsticks und Chilli-Cheese-B\u00e4llchen) gibts bei Sibylla um 29,-, kleine Pommes 20,-. K\u00f6ttbulllar 8 Stk. mit den \u00fcblichen Beilagen kosten 80,-.<\/p>\n<p>Nach &#8220;stundenlangem&#8221; \u00dcberlegen hab ich mich f\u00fcr die K\u00e4se-Speck-Pommes (49,-) entschieden plus das Bratwursthotdog, aber die Bratwurst war ausverkauft. Verk\u00e4uferin war hier Deutsche und sie meinte, die schwedische Bratwurst sei eh komplett entt\u00e4uschend im Vergleich zu den deutschen und Churros w\u00fcrden hier nicht gehen.<\/p>\n<p><a href='http:\/\/extra.inmontanis.info\/d\/104108-2\/DSC05056.jpg'><img src=http:\/\/extra.inmontanis.info\/d\/104107-3\/DSC05056.jpg \/><\/a><br \/>\n^ Pommes mit Speck und K\u00e4se (Sibylla)<\/p>\n<p>Gut, dass ich nicht noch die Kindert\u00fcte mit 3 Pfannkuchen (die gibts nur in der Kindert\u00fcte) plus Getr\u00e4nk um 59,- gekauft hab, denn ich war auch so satt genug mit den Pommes. <\/p>\n<p>Bock auf eine Skitour bei den heutigen +22\u00b0 hatte ich eh nicht, zu anstrengend bei der Hitze, zu steil, der Aufstieg hier und ja eh schon mal (nachts) Skigefahren  &#8230;  bei 15\u00b0 oder etwas bedeckterem Himmel h\u00e4tte ich die Skier wohl nochmals am Rucksack montiert. Wobei es heut immerhin wieder windiger gewesen w\u00e4re.<\/p>\n<p><a href='http:\/\/ski.inmontanis.info\/d\/331881-2\/DSC05058.jpg'><img src=http:\/\/ski.inmontanis.info\/d\/331880-3\/DSC05058.jpg \/><\/a><br \/>\n^ Die mittlere Abfahrt hat noch Schnee, die linke sieht man nicht<\/p>\n<p><a href='http:\/\/ski.inmontanis.info\/d\/331885-2\/DSC05061.jpg'><img src=http:\/\/ski.inmontanis.info\/d\/331884-3\/DSC05061.jpg \/><\/a><br \/>\n^ .. w\u00fcrde f\u00fcr eine Skitour reichen, aber die Anstrenung bei 22\u00b0 heute, neee&#8230;.<\/p>\n<p><a href='http:\/\/ski.inmontanis.info\/d\/331889-2\/DSC05064.jpg'><img src=http:\/\/ski.inmontanis.info\/d\/331888-3\/DSC05064.jpg \/><\/a><br \/>\n^ SL-Strecke mit irgendeinem Untergrund im Steilst\u00fcck<\/p>\n<p>Das (leider nach wie vor) ehemalige Skigebiet Vittj\u00e5kk in der N\u00e4he, das ja so viel sch\u00f6ner w\u00e4re, bin ich nicht mehr angefahren, wenn ich ja sowieso keine Lust auf Skitour bei der Hitze hab. War ja schon \u00f6fters oben.<\/p>\n<p><a href='http:\/\/extra.inmontanis.info\/d\/104112-2\/DSC05065.jpg'><img src=http:\/\/extra.inmontanis.info\/d\/104111-3\/DSC05065.jpg \/><\/a><br \/>\n^ Die alten Br\u00fccken sind ja alle etwas zu schmal gebaut und wurden zumeist ersetzt, zumindest auf den gr\u00f6\u00dferen Stra\u00dfen, die alten aber oftmals stehen gelassen<\/p>\n<p>Bei nachmitt\u00e4glichen 24\u00b0 galt es, einen schattigen Platz zu finden. Leider funktioniert die Klimaanlage auch wieder nur halb und ich brauch wieder etwas Klimagas. Aber in SE war das ja vor ein paar Jahren zu teuer und zu selten, das werd ich hoffentlich in DE machen lassen k\u00f6nnen.<\/p>\n<p>Gut, dass ich die UK-F\u00e4hren schon gebucht hab, sonst w\u00fcrde ich mir das bei den momentanen Sommertemperaturen vielleicht noch einmal \u00fcberlegen ;-)<\/p>\n<p><a href='http:\/\/extra.inmontanis.info\/d\/104116-2\/DSC05068.jpg'><img src=http:\/\/extra.inmontanis.info\/d\/104115-3\/DSC05068.jpg \/><\/a><br \/>\n^ Nachtplatz am Fluss? See? Stausee? Staufluss? Das ist in Schweden eh oft sehr schwer zu sagen<\/p>\n<p>Morgen am Asphaltparkplatz (mit WC) in Sorsele hoffentlich weniger M\u00fccken, dann werd ich da die Tourenski in den Keller legen, den ich heute Abend also etwas ausr\u00e4umen werde m\u00fcssen &#8211; wohin auch immer ich das Zeug derweil legen werde&#8230; <\/p>\n<p>So ruhig und gem\u00fctlich wie diese Woche mit den ca. 100 km \/ Tag, wirds n\u00e4chste Woche vermutlich nicht mehr weitergehen.<\/p>\n<p>Hab leider noch eine halbe Packung R\u00f6stzwiebel, weil ich zu keiner 2. Aktion \u00c4lplermakkaroni mehr gekommen bin  &#8211; wollte ich auf dann verschieben, wenn ich wg. Campingplatz 4 Tage fix morgens WC h\u00e4tte und zuvor mal einen Appenzeller K\u00e4se bekomme. Glaub auch noch kein einziges Mal auf dieser Reise gegessen: Nudeln mit Pesto Genovese. Da h\u00e4tte ich mir sogar 2 Gl\u00e4ser in NO gekauft (weil g\u00fcnstiger), aber im Fr\u00fchjahr konnte ich mich ja irgendwann nicht mehr dazu durchringen, 4 Tage hintereinander sicher kochen zu wollen (stromm\u00e4\u00dfig). Und jetzt entweder Strom sparen oder zu warm.<\/p>\n<p><a href='http:\/\/extra.inmontanis.info\/d\/104120-2\/DSC05071.jpg'><img src=http:\/\/extra.inmontanis.info\/d\/104119-3\/DSC05071.jpg \/><\/a><br \/>\n^ 21:52 Uhr, bald ist Sonnenuntergang;<\/p>\n<p><a href='http:\/\/extra.inmontanis.info\/d\/104124-2\/DSC05074.jpg'><img src=http:\/\/extra.inmontanis.info\/d\/104123-3\/DSC05074.jpg \/><\/a><br \/>\n^ 22:30 Uhr, Sonnenuntergang<\/p>\n<p>Ein ungew\u00f6hnlicher (eher zoo- oder papageienm\u00e4\u00dfig kingend?!) und lauter Vogel (vielleicht auch kein Vogel?!) mit sch\u00f6ner, sehr klarer Stimme, kein Gezwitscher oder Gekr\u00e4chzte, eine Folge von 2 langen T\u00f6nen (wei\u00df nicht mehr ob hoch-tief oder tief-hoch) in vergleichsweise mittleren Lagen, war ab dem sp\u00e4ten Abend zu h\u00f6ren und weckte mich leider auch in der Nacht einige Male.<\/p>\n<p><strong>Fr, 24.5.2024<\/strong><\/p>\n<p>Und weiter geht&#8217;s mit Sonne und Hitze (23\u00b0 zu Mittag). Wo sind die schattigsten Pl\u00e4tze? Mittags Tourenskibindungen abmontiert und Ski und Bindung unters Bett verstaut. Somit nun das Dach wieder ohne Skier.<\/p>\n<p>Ganz ehrlich, ich h\u00e4tte erwartet, dass ich nach dem langen und kalten Winter die 27\u00b0 im sonnengew\u00e4rmten Auto noch als angenehm empfinden w\u00fcrde. Ungerecht: in Innsbruck ist es gerade k\u00fchler mit 17\u00b0. Im Schatten aber auch hier ertr\u00e4glicher.<\/p>\n<p>Bis Storuman waren es wenger als 100km und daher wollte ich zwischen Storuman und Vilhelmina \u00fcbernachten, aaaaber da hatten mich die Pl\u00e4tze auf den Bildern von p4n nicht sonderlich \u00fcberzeugt bzw. sahen nicht schattig genug aus. Alternative w\u00e4ren die mehreren kleinen (schr\u00e4gen?) Parkebenen am Berg direkt bei Storuman, wobei ich da ja schon einmal oben war (gibt hier auch einen Skilift, den ich aber noch nicht gefahren bin). Vorteil hier wohl auch guter 4G-Empfang. Und die n\u00e4chsten beiden Tage hab ich weil WE ja eh mehr Zeit totzuschlagen.<\/p>\n<p>Bei 1h Fahrt ist fast etwas wenig Strom nachgeladen, wenn man auch nachmittags\/abends den PC stundenlang laufen l\u00e4sst und der K\u00fchlschrank so viel arbeiten muss..<\/p>\n<p>Das Problem im Sommer mit dem Ku\u00fclschrank ist ja nicht nur der Stromverbrauch, sondern teils sogar mehr die W\u00e4rmeabgabe, insb. je hei\u00dfer es ist, desto mehr W\u00e4rme erzeugt er ja, weil er \u00f6fters laufen muss. Und \u00fcber Nacht, wenn ich ihn nicht laufen lassen will, wird er dann innen zu warm.<\/p>\n<p>In Storuman ging ich in den ICA-Supermarkt und nahm mir ein H\u00fchnchenteil um 20,- SEK mit plus Semmel. Und es gab etwas, was ich in NO heuer verzweifelt gesucht hatte: Ein Boot-Eis.<\/p>\n<p><a href='http:\/\/extra.inmontanis.info\/d\/104128-2\/DSC05076.jpg'><img src=http:\/\/extra.inmontanis.info\/d\/104127-3\/DSC05076.jpg \/><\/a><br \/>\n^ H\u00fchnchen und ein Boot-Eis. Oder w\u00fcrde Eis-Boot besser passen?<\/p>\n<p>Bin zum Aussichtsturm und zum SL gegangen, aber 2021 hatte ich besseres Wetter, daher kaum neue Fotos online gestellt:<\/p>\n<p><a href='http:\/\/extra.inmontanis.info\/d\/104132-2\/DSC05078.jpg'><img src=http:\/\/extra.inmontanis.info\/d\/104131-3\/DSC05078.jpg \/><\/a><br \/>\n^ Karte am Aussichtsturm, man sah zwar mit dem Auge die Berge, aber auf der Cam nicht mehr lohnenswer erkennbar, da h\u00e4tte ich die IR-Cam holen m\u00fcssen.<\/p>\n<p><a href='http:\/\/extra.inmontanis.info\/d\/104136-2\/DSC05081.jpg'><img src=http:\/\/extra.inmontanis.info\/d\/104135-3\/DSC05081.jpg \/><\/a><br \/>\n^ Karte am Aussichtsturm, man sah zwar mit dem Auge die Berge, aber auf der Cam nicht mehr lohnenswer erkennbar, da h\u00e4tte ich die IR-Cam holen m\u00fcssen.<\/p>\n<p><a href='http:\/\/extra.inmontanis.info\/d\/104140-2\/DSC05082.jpg'><img src=http:\/\/extra.inmontanis.info\/d\/104139-3\/DSC05082.jpg \/><\/a><br \/>\n^ Pano nach T\u00e4rnaby<\/p>\n<p><a href='http:\/\/ski.inmontanis.info\/d\/331893-2\/DSC05087.jpg'><img src=http:\/\/ski.inmontanis.info\/d\/331892-3\/DSC05087.jpg \/><\/a><br \/>\n^ St\u00fctzennummerierung, diese Art ich heuer auch schon irgendwo mal gesehen hab<\/p>\n<p><a href='http:\/\/ski.inmontanis.info\/d\/331897-2\/DSC05088.jpg'><img src=http:\/\/ski.inmontanis.info\/d\/331896-3\/DSC05088.jpg \/><\/a><br \/>\n^ .. irgendwie DM und doch nicht so ganz?!<\/p>\n<p>Leider waren die Parkpl\u00e4tze oben am Umanbacken-Skigebiet-Aussichtsturm doch nicht so schattig, aber der, der am ehesten schattig war, war leider viel zu schr\u00e4g. Andererseits wird ziemlich bew\u00f6lkt heute gemeldet, daher auf die Ebene darunter gestellt. Leider ohne Seeblick und leider kaum noch Wind, der etwas k\u00fchle Luft ins Auto blasen  w\u00fcrde. Die 30\u00b0 sanken nur langsam.<\/p>\n<p><a href='http:\/\/extra.inmontanis.info\/d\/104144-2\/DSC05090.jpg'><img src=http:\/\/extra.inmontanis.info\/d\/104143-3\/DSC05090.jpg \/><\/a><br \/>\n^ Oha, watschelt da ein Fasan neben meinem Auto? Sieht man im UK eigentlich \u00f6fters als hier.<\/p>\n<p>Skibrillen und Heizhandschuhe sind nun auch im Keller verstaut und das gestern rausger\u00e4umte Zeug hat auch noch fast alles reingepasst. Jetzt mit den Skiern wieder voll. Im Herbst hatte ich die Tourenski ja neben dem Bett liegen, da w\u00e4re im Keller mehr Platz. Aber so kann ich die normalen Skier leichter raustun, falls ich mal Mattenskifahren m\u00f6chte.<\/p>\n<p>Der Winter-Flanell-\u00dcberzeug von der Sommersteppdecke m\u00fcsste auch noch runter &#8211; wohin der dann kommt, ist noch offen. <\/p>\n<p>Luftdruckver\u00e4nderungen und auch warme Temperaturen k\u00f6nnen zu einem \u00dcberdruck im WC f\u00fchren. Das merkt man, da es dann hin und wieder zu Luftaustritten kommt, die man richt, das WC quasi lautlos furzt. Da ist es dann oftmals sinnvoll, den Druck rauszulassen, also kurz die Klappe zu \u00f6ffnen und die Luft rauszulassen. Heute auf dem Weg hinauf zum Aussichtsberg war das mal wieder n\u00f6tig. Allerdings scheint der Druck so gro\u00df gewesen zu sein und evtl. durch die steile Anfahrt und Gesch\u00fcttel, jedenfalls kam da nicht nur Luft nach oben, wie es sp\u00e4ter aussah, als ich mal nachgesehen hatte.<\/p>\n<p>Man k\u00f6nnte aber auch sagen: In Schweden hat man weit weniger\/seltener Geruchsprobleme mit so einem Portapotti-WC als in den Alpen, wo man h\u00e4ufig P\u00e4sse fahren muss.<\/p>\n<p><strong>Sa, 25.5.2024<\/strong><\/p>\n<p>Heute also ca. 100-150km Auto fahren, ICA\/Kaufhaus und Frasses in Vilhelmina besuchen und sonst? Eigentlich nichts? <\/p>\n<p>Wieder sehr sonnig und warm, aber leider kaum noch Wind. Also erst einmal ein schattiges Pl\u00e4tzchen suchen. Hab mich dann f\u00fcr zwei kleine Abstecher in Vilhelmina entschieden, Stra\u00dfe zur Bergstation des Skigebietes und ein Stausee in der anderen Richtung. Den Rastplatz in Hoting m\u00f6chte ich erst mogen besuchen &#8211; da ist ja die gratis Dusche und die k\u00f6nnte man mal wieder ausn\u00fctzen, aber zum Trocknen der Handt\u00fccher (oder falls ich Unterw\u00e4sche waschen m\u00f6chte, ist ein Besuch eben besser morgens als abends.<\/p>\n<p><a href='http:\/\/extra.inmontanis.info\/d\/104148-2\/DSC05093.jpg'><img src=http:\/\/extra.inmontanis.info\/d\/104147-3\/DSC05093.jpg \/><\/a><br \/>\n^ Staumauer \/ Kraftwerk Malgomaj, 3 T\u00fcren\/Tore sind offen, also wird man wohl reind\u00fcrfen<\/p>\n<p><a href='http:\/\/extra.inmontanis.info\/d\/104152-2\/DSC05094.jpg'><img src=http:\/\/extra.inmontanis.info\/d\/104151-3\/DSC05094.jpg \/><\/a><br \/>\n^ Flussabw\u00e4rts<\/p>\n<p><a href='http:\/\/extra.inmontanis.info\/d\/104156-2\/DSC05095.jpg'><img src=http:\/\/extra.inmontanis.info\/d\/104155-3\/DSC05095.jpg \/><\/a><br \/>\n^ Wasserkraftwerke<\/p>\n<p><a href='http:\/\/extra.inmontanis.info\/d\/104160-2\/DSC05097.jpg'><img src=http:\/\/extra.inmontanis.info\/d\/104159-3\/DSC05097.jpg \/><\/a><br \/>\n^ Flussabw\u00e4rts<\/p>\n<p><a href='http:\/\/extra.inmontanis.info\/d\/104164-2\/DSC05100.jpg'><img src=http:\/\/extra.inmontanis.info\/d\/104163-3\/DSC05100.jpg \/><\/a><br \/>\n^ <\/p>\n<p><a href='http:\/\/extra.inmontanis.info\/d\/104168-2\/DSC05101.jpg'><img src=http:\/\/extra.inmontanis.info\/d\/104167-3\/DSC05101.jpg \/><\/a><br \/>\n^ Staumauer<\/p>\n<p><a href='http:\/\/extra.inmontanis.info\/d\/104172-2\/DSC05102.jpg'><img src=http:\/\/extra.inmontanis.info\/d\/104171-3\/DSC05102.jpg \/><\/a><br \/>\n^ Staumauer, sch\u00f6n, dass man da \u00fcberall rumlaufen darf.<\/p>\n<p><a href='http:\/\/extra.inmontanis.info\/d\/104176-2\/DSC05103.jpg'><img src=http:\/\/extra.inmontanis.info\/d\/104175-3\/DSC05103.jpg \/><\/a><br \/>\n^ Stausee<\/p>\n<p><a href='http:\/\/extra.inmontanis.info\/d\/104180-2\/DSC05105.jpg'><img src=http:\/\/extra.inmontanis.info\/d\/104179-3\/DSC05105.jpg \/><\/a><br \/>\n^ Pollen?<\/p>\n<p><a href='http:\/\/extra.inmontanis.info\/d\/104184-2\/DSC05107.jpg'><img src=http:\/\/extra.inmontanis.info\/d\/104183-3\/DSC05107.jpg \/><\/a><br \/>\n^ Wie gesagt, T\u00fcren waren alle offen<\/p>\n<p><a href='http:\/\/extra.inmontanis.info\/d\/104188-2\/DSC05108.jpg'><img src=http:\/\/extra.inmontanis.info\/d\/104187-3\/DSC05108.jpg \/><\/a><br \/>\n^ Es gab auch heute noch einige Restschneehaufen. Einer der letzten, gr\u00f6\u00dferen Schneereste. Ich vermiss den Schnee ja jetzt schon.<\/p>\n<p>Das ICA-Kaufhaus in Vilhelmina ist zwar sehr gro\u00df, aber schon beim Reingehen fiel mir wieder ein, dass die hier auch eher teurer waren als anderswo. Stimmte. Hab nur 1 Flasche Wasser gekauft. Wobei die Semmeln mit 8,95 und die Zimtschnecke mit 12,95 noch etwas mittig im Preis lagen, man sieht die Semmeln auch um 6,95 oder so, aber auch um \u00fcber 10. <\/p>\n<p>Danach zum Frasses, Laxburger Nr. 3 und letzter auf dieser Reise.<\/p>\n<p>Danach zum \u00f6rtlichen Skigebiet gefahren, zu dessen Bergstation ein &#8220;Utsiktsv\u00e4gen&#8221; f\u00fchrt, wobei der Weg noch ein St\u00fcck weiter f\u00fchrt als nur zum SL.<\/p>\n<p><a href='http:\/\/ski.inmontanis.info\/d\/331901-2\/DSC05109.jpg'><img src=http:\/\/ski.inmontanis.info\/d\/331900-3\/DSC05109.jpg \/><\/a><br \/>\n^ Skigebiet Granbergsbacken von der Stra\u00dfe aus; den Talstationsbereich hatte ich ja 2021 schon fotografiert<\/p>\n<p><a href='http:\/\/ski.inmontanis.info\/d\/331905-2\/DSC05114.jpg'><img src=http:\/\/ski.inmontanis.info\/d\/331904-3\/DSC05114.jpg \/><\/a><br \/>\n^ Utsiktsv\u00e4gen und Bergstation des SL<\/p>\n<p>&#128681; Gespeicherte Geolocation &#8211; Karte anzeigen: <a href='https:\/\/www.google.com\/maps\/@?api=1&#038;map_action=map&#038;center=64.6264513,16.7209819&#038;zoom=12&#038;basemap=terrain' target=_blank> GoogleMaps<\/a> &#128681; <a href='https:\/\/www.openstreetmap.org\/?&#038;mlat=64.6264513&#038;mlon=16.7209819#map=10\/64.6264513\/16.7209819&#038;layers=P' target=_blank> OSM &#128681;<\/a><\/p>\n<p><a href='http:\/\/ski.inmontanis.info\/d\/331909-2\/DSC05116.jpg'><img src=http:\/\/ski.inmontanis.info\/d\/331908-3\/DSC05116.jpg \/><\/a><br \/>\n^ Hauptabfahrt<\/p>\n<p><a href='http:\/\/ski.inmontanis.info\/d\/331913-2\/DSC05119.jpg'><img src=http:\/\/ski.inmontanis.info\/d\/331912-3\/DSC05119.jpg \/><\/a><br \/>\n^ Links vom SL gibts auch noch eine Abfahrt<\/p>\n<p><a href='http:\/\/ski.inmontanis.info\/d\/331917-2\/DSC05121.jpg'><img src=http:\/\/ski.inmontanis.info\/d\/331916-3\/DSC05121.jpg \/><\/a><br \/>\n^ SL-Bergstation<\/p>\n<p><a href='http:\/\/ski.inmontanis.info\/d\/331921-2\/DSC05122.jpg'><img src=http:\/\/ski.inmontanis.info\/d\/331920-3\/DSC05122.jpg \/><\/a><br \/>\n^ SL-Strecke<\/p>\n<p><a href='http:\/\/ski.inmontanis.info\/d\/331925-2\/DSC05123.jpg'><img src=http:\/\/ski.inmontanis.info\/d\/331924-3\/DSC05123.jpg \/><\/a><br \/>\n^ Die linke Abfahrt schaut aber etwas nach Funpark aus<\/p>\n<p><a href='http:\/\/ski.inmontanis.info\/d\/331929-2\/DSC05125.jpg'><img src=http:\/\/ski.inmontanis.info\/d\/331928-3\/DSC05125.jpg \/><\/a><br \/>\n^ Schneebedeckte Berge im Hintergrund<\/p>\n<p><a href='http:\/\/ski.inmontanis.info\/d\/331933-2\/DSC05126.jpg'><img src=http:\/\/ski.inmontanis.info\/d\/331932-3\/DSC05126.jpg \/><\/a><br \/>\n^ Vilhelmina<\/p>\n<p>Bin den Schotterweg doch noch bis zum Ende gefahren, aber der obere Parkplatz liegt quasi in einer Mulde, nicht lohnenswert.<\/p>\n<p><a href='http:\/\/extra.inmontanis.info\/d\/104192-2\/DSC05128.jpg'><img src=http:\/\/extra.inmontanis.info\/d\/104191-3\/DSC05128.jpg \/><\/a><br \/>\n^ Utsiktsv\u00e4gen weiter hinauf<\/p>\n<p><a href='http:\/\/extra.inmontanis.info\/d\/104196-2\/DSC05129.jpg'><img src=http:\/\/extra.inmontanis.info\/d\/104195-3\/DSC05129.jpg \/><\/a><br \/>\n^ Die Aussicht vom Utsiktsv\u00e4gen ist zwischenzeitlich vorhanden<\/p>\n<p><a href='http:\/\/extra.inmontanis.info\/d\/104200-2\/DSC05130.jpg'><img src=http:\/\/extra.inmontanis.info\/d\/104199-3\/DSC05130.jpg \/><\/a><br \/>\n^ .. aber am Parkplatz oben ist man etwas eingekesselt und es waren keine Wege zu den H\u00fcgeln links und rechts zu erkennen<\/p>\n<p><a href='http:\/\/extra.inmontanis.info\/d\/104204-2\/DSC05131.jpg'><img src=http:\/\/extra.inmontanis.info\/d\/104203-3\/DSC05131.jpg \/><\/a><br \/>\n^ .. nur in diese Richtung hat man etwas Aussicht. Auch nicht mehr lang, wenn das Gr\u00fcnzeug so weiterw\u00e4chst<\/p>\n<p>Etwas s\u00fcdlich an der n\u00e4chsten Staumauer gibt es einige N\u00e4chtigungsm\u00f6glichkeiten, wobei ich mich f\u00fcr einen schmalen und schattig wirkenden Platz entschieden hab, der klarerweise kaum Handynetz hatte.<\/p>\n<p>Hier gab es erstmals haupts\u00e4chlich die auch bei uns \u00fcblichen Stechm\u00fccken, nicht die doppelt so gro\u00dfen wie die Zeit zuvor andauernd. 100%-ig war der Platz aber leider auch nicht schattig. Der Nachteil von so einem Waldplatz ist, dass es immer viele eklige Viecher gibt und Spinnen ihre Netze bauen.<\/p>\n<p><a href='http:\/\/extra.inmontanis.info\/d\/104208-2\/DSC05135.jpg'><img src=http:\/\/extra.inmontanis.info\/d\/104207-3\/DSC05135.jpg \/><\/a><br \/>\n^ Mal wieder ein Stausee<\/p>\n<p><a href='http:\/\/extra.inmontanis.info\/d\/104212-2\/DSC05136.jpg'><img src=http:\/\/extra.inmontanis.info\/d\/104211-3\/DSC05136.jpg \/><\/a><br \/>\n^ Fahrt \u00fcber den Staudamm<\/p>\n<p><a href='http:\/\/extra.inmontanis.info\/d\/104216-2\/DSC05141.jpg'><img src=http:\/\/extra.inmontanis.info\/d\/104215-3\/DSC05141.jpg \/><\/a><br \/>\n^ Schattiger Parkplatz im Wald &#8211; zumindest abends, am n\u00e4chsten Morgen knallte die Sonne wieder aufs Auto<\/p>\n<p><a href='http:\/\/extra.inmontanis.info\/d\/104220-2\/DSC05142.jpg'><img src=http:\/\/extra.inmontanis.info\/d\/104219-3\/DSC05142.jpg \/><\/a><br \/>\n^ Fluss nahe des Nachtplatzes<\/p>\n<p><a href='http:\/\/extra.inmontanis.info\/d\/104224-2\/DSC05145.jpg'><img src=http:\/\/extra.inmontanis.info\/d\/104223-3\/DSC05145.jpg \/><\/a><br \/>\n^ Sch\u00f6ne Flusslandschaft<\/p>\n<p><strong>So, 26.5.2024<\/strong><\/p>\n<p>Vor der (etwas kalten) Dusche noch die Kopfhaare gestutzt und danach die Unterw\u00e4sche gewechselt (und die auch gleich gewaschen) und noch etwas am schattigen Parkplatz hier am Rastplatz geblieben. <\/p>\n<p>Beim Ausziehen der Schuhe in der Dusche hat sich leider die Sohle gel\u00f6st. Hab ja 2 Paar Halbschuhe dabei und dieses hier schien mir weniger warm zu sein als das andere Paar. Mal schaun, ob ich das kleben kann (und es h\u00e4lt).<\/p>\n<p>Jaja, mein altes Ich w\u00e4re in den Tagen jeweils stundenlang einige T\u00e4ler abgefahren. Keine Lust mehr darauf.<\/p>\n<p>Gut, dass ich gestern den Lachsburger hatte, hier in Str\u00f6msund w\u00e4re er heute ausverkauft gewesen. Nach mal wieder seeeehr langer \u00dcberlegung nahm ich die Pommes mit Bacon &#038; Cheese &#038; Sourcream &#038; Onion So\u00dfe (aber ohne extra Zwiebel) und 3 Chickensticks (gibts als 1, 3 oder 5 St\u00fcck) dazu, kostete in Summe dann 77,-  <\/p>\n<p>Wenn man bedenkt, dass ein Burger teils mehr kostet (einzeln, Men\u00fc dann nicht viel mehr), ist das preislich schon gut. Ich denke, ich wurde hiermit satter.<\/p>\n<p>Leider war es damit etwas sinnlos, ein Sourcream&#038;Onion- oder Bacon-Pulver noch dr\u00fcberzustreuen, weshalb ich ja eigentlich den Frasses bevorzuge (und gestern leider nicht bekam).<\/p>\n<p>Ein Foto hatte ich zwar gemacht, aber hin und wieder hat meine Cam wohl keine Lust, ein Bild auf die SD-Karte abzuspeichern, wenn man zu schnell wieder ausschaltet :(<\/p>\n<p><a href='http:\/\/extra.inmontanis.info\/d\/104248-2\/DSC05155.jpg'><img src=http:\/\/extra.inmontanis.info\/d\/104247-3\/DSC05155.jpg \/><\/a><br \/>\n^ Immer wieder kurios, die Verteilung der Frasses-Fastfoodrestuarants insofern, dass im S\u00fcden, insb. wo die gro\u00dfen St\u00e4dte sind, so gut wie nix ist.<\/p>\n<p>Das Gel\u00e4nde vom Freilichtmuseum hier war zwar offen, aber lt. Website ist nur MO-FR offen und die Geb\u00e4ude schienen auch alle abgeschlossen zu sein, also hab ich mir das Rumgehen bei dem warmen Sommerwetter gespart.<\/p>\n<p><a href='http:\/\/extra.inmontanis.info\/d\/104228-2\/DSC05147.jpg'><img src=http:\/\/extra.inmontanis.info\/d\/104227-3\/DSC05147.jpg \/><\/a><br \/>\n^ Freilichtmuseum in Str\u00f6msund<\/p>\n<p>Die Wettervorhersagen melden immerhin k\u00fchler(und regnerischer) f\u00fcr Norddeutschand n\u00e4chstes WE. Wobei, wenn ich da die Museumstram nahe Kiel besuche, die normalerweise nur SO und MI offen hat, w\u00e4re mir ein trockenes Wetter lieber. Auch, falls ich das Openluchtmuseum in den NL besuchen m\u00f6chte, die ja auch einen Stra\u00dfenbahnrundkurs haben. Kleiner Umweg. Allerdings gesehen, dass da zu den 18,- \u20ac Unterderwoche-Tagespreis auch noch 8,- \u20ac Parken draufgeschlagen werden. Ohne diese teuren Parkgeb\u00fchren w\u00e4re ich da wohl auch 2 Tage hintereinander rein, wird ja viel zu gro\u00df sein f\u00fcr nur 1 Tag. Leider ja nicht, wie h\u00e4ufig im UK, dass der Preis f\u00fcr einen zweiten Eintritt oder ein ganzes Jahr gilt. Dann w\u00e4r man eher bereit, nochmals f\u00fcr&#8217;s Parken zu zahlen.<\/p>\n<p><a href='http:\/\/extra.inmontanis.info\/d\/104232-2\/DSC05148.jpg'><img src=http:\/\/extra.inmontanis.info\/d\/104231-3\/DSC05148.jpg \/><\/a><br \/>\n^ See s\u00fcdlich von Str\u00f6msund<\/p>\n<p>Die Aussicht heute auf einen schattigen Nachtplatz in der N\u00e4he des Rastplatzes, den ich morgen fr\u00fch besuchen wollte, sah schlecht aus.  Der eine m\u00f6gliche Platz laut Satbild war dann wesentlich \u00fcberwucherter und schatten\u00e4rmer als erwartet und sowieso fast direkt nebender stra\u00dfe.<\/p>\n<p>Am Rastplatz fast nebendran k\u00f6nnte ich allerdings in einen halbwegs schattigen Platz reinfahren, dann auch etwas weiter von der Stra\u00dfe weg (trotzdem nah) &#8211; aber vmtl. werd ich nix bessers finden.<\/p>\n<p><a href='http:\/\/extra.inmontanis.info\/d\/104236-2\/DSC05149.jpg'><img src=http:\/\/extra.inmontanis.info\/d\/104235-3\/DSC05149.jpg \/><\/a><br \/>\n^ Rastplatz, hier war&#8217;s mir aber zu sonnig, aber ein Weg geht da noch links hinein ..<\/p>\n<p><a href='http:\/\/extra.inmontanis.info\/d\/104240-2\/DSC05150.jpg'><img src=http:\/\/extra.inmontanis.info\/d\/104239-3\/DSC05150.jpg \/><\/a><br \/>\n^ &#8230; zu einem schattigeren Platz. Dann bleib ich halt da.<\/p>\n<p>Handy-Empfang? Mies, sehr mies. Aber ich hab ja morgen beim Warten aufs Auto-Service Zeit f\u00fcr die Planungen der weiteren Reise. Wobei ich das ja eigentlich eh erst machen wollte, wenn das Auto fertig ist.<\/p>\n<p><a href='http:\/\/extra.inmontanis.info\/d\/104244-2\/DSC05154.jpg'><img src=http:\/\/extra.inmontanis.info\/d\/104243-3\/DSC05154.jpg \/><br \/>\n<\/a><br \/>\n^ 17:45 Uhr, eine Stunde sp\u00e4ter im Schatten und trotz 3 ge\u00f6ffneter Fenster, von 29,7 auf 29,2\u00b0 abgek\u00fchlt. Drau\u00dfen waren 24\u00b0 beim Abstellen des Fahrzeugs. Um 19 Uhr 27,5\u00b0. Die Hitze geht mir ja jetzt schon wieder auf den Sack.<\/p>\n<p>Mein kleiner USB-L\u00fcfter lief heute wie schon gestern, wenn ich den PC aufgebaut hatte. Da ist ja das Bett quasi vor dem einen Fenster und es zieht kaum Luft durch, wenn kein Wind weht und es nicht k\u00e4lter drau\u00dfen ist.<\/p>\n<p>Um 22 Uhr dann angenehmere 24,2\u00b0 im Auto.<\/p>\n<p>Um 3 Uhr von einer summenden Stechm\u00fccke geweckt worden (troz Decke \u00fcbern Kopf), musste mich also auf die Jagd machen. Dabei mal K\u00fchlschrank und L\u00fcftungsfunktion der Standheizung eine Runde laufen lassen.<\/p>\n","protected":false},"excerpt":{"rendered":"<p>Do, 23.5.2024<\/p>\n<p>Vor Arvidsjaur angekommen, sah der Blick in die beiden Skigebiete beim geschlossenen nicht nach einer durchgehenden Schneedecke aus (wobei man den Liftbereich ja nicht genau sieht), bei dem im Ort dagegen noch fahrbar.<\/p>\n<p>Ich bin mal zur\/zum Sibylla gefahren, laut Homepage k\u00f6nnten die wieder Churros haben und au\u00dferdem mal schauen, was das Tagesgericht <a href=\"http:\/\/blog.inmontanis.info\/?p=9895\">[&#8230;]<\/a><\/p>\n","protected":false},"author":1,"featured_media":9897,"comment_status":"closed","ping_status":"closed","sticky":false,"template":"","format":"standard","meta":{"footnotes":""},"categories":[912,693,19],"tags":[45,47],"class_list":["post-9895","post","type-post","status-publish","format-standard","has-post-thumbnail","hentry","category-2023-09-2024-xx-skandinavien","category-arvidsjaur","category-schwedensweden","tag-see","tag-sl","odd"],"_links":{"self":[{"href":"http:\/\/blog.inmontanis.info\/index.php?rest_route=\/wp\/v2\/posts\/9895","targetHints":{"allow":["GET"]}}],"collection":[{"href":"http:\/\/blog.inmontanis.info\/index.php?rest_route=\/wp\/v2\/posts"}],"about":[{"href":"http:\/\/blog.inmontanis.info\/index.php?rest_route=\/wp\/v2\/types\/post"}],"author":[{"embeddable":true,"href":"http:\/\/blog.inmontanis.info\/index.php?rest_route=\/wp\/v2\/users\/1"}],"replies":[{"embeddable":true,"href":"http:\/\/blog.inmontanis.info\/index.php?rest_route=%2Fwp%2Fv2%2Fcomments&post=9895"}],"version-history":[{"count":2,"href":"http:\/\/blog.inmontanis.info\/index.php?rest_route=\/wp\/v2\/posts\/9895\/revisions"}],"predecessor-version":[{"id":9898,"href":"http:\/\/blog.inmontanis.info\/index.php?rest_route=\/wp\/v2\/posts\/9895\/revisions\/9898"}],"wp:featuredmedia":[{"embeddable":true,"href":"http:\/\/blog.inmontanis.info\/index.php?rest_route=\/wp\/v2\/media\/9897"}],"wp:attachment":[{"href":"http:\/\/blog.inmontanis.info\/index.php?rest_route=%2Fwp%2Fv2%2Fmedia&parent=9895"}],"wp:term":[{"taxonomy":"category","embeddable":true,"href":"http:\/\/blog.inmontanis.info\/index.php?rest_route=%2Fwp%2Fv2%2Fcategories&post=9895"},{"taxonomy":"post_tag","embeddable":true,"href":"http:\/\/blog.inmontanis.info\/index.php?rest_route=%2Fwp%2Fv2%2Ftags&post=9895"}],"curies":[{"name":"wp","href":"https:\/\/api.w.org\/{rel}","templated":true}]}}