{"id":9890,"date":"2024-05-22T19:22:09","date_gmt":"2024-05-22T17:22:09","guid":{"rendered":"http:\/\/blog.inmontanis.info\/?p=9890"},"modified":"2024-05-25T19:38:20","modified_gmt":"2024-05-25T17:38:20","slug":"skabramaive-kabdalis-22-5-2024-restschnee-skitour","status":"publish","type":"post","link":"http:\/\/blog.inmontanis.info\/?p=9890","title":{"rendered":"Skabram\u00e5ive + K\u00e5bdalis, 22.5.2024 \/ Restschnee-Skitour"},"content":{"rendered":"<p><strong>Mi, 22.5.2024<\/strong><\/p>\n<p>Im Schneebericht von Riksgr\u00e4nsen wird mittlerweile geschrieben, dass auch der Katterj\u00e5kk-KSSL zu ist, aber sogar ein Schneemobil-Transport von 10-12 Uhr in Betrieb ist, hinauf zur (geschlossenen, blauen) Talabfahrt, die man dann also wohl auch noch bei Restschnee  zur DSB runter fahren kann.<\/p>\n<p>Mittags in derOKQ8-Tankstelle in Jokkmokk mal das Gl\u00fcck gehabt, dass es (mittwochs) als Dagens Lunch das Schnitzel mit Pommes gab. Das Dagens kostet immer mit 0,5l Getr\u00e4nk 69,- (bzw. 68 wg. 1,- Pfand auf der Flasche), also ca. 5,90 \u20ac. Danach noch zum Supermarkt. Benzin kostet \u00fcbrigens derzeit ca. 1,63 \u20ac und Diesel ist seit Jahresanfang nach wie vor etwas g\u00fcnstiger als Benzin, was ja vorher umgekehrt war. In DE kostet das Benzin wohl eher 25 Cent mehr derzeit. <\/p>\n<p><a href='http:\/\/extra.inmontanis.info\/d\/104064-2\/DSC04980.jpg'><img src=http:\/\/extra.inmontanis.info\/d\/104063-3\/DSC04980.jpg \/><\/a><br \/>\n^ Schnitzel mit Pommes heute als Tagesgericht mit Getr\u00e4nk um 69,- SEK in der OKQ8-Tankstelle<\/p>\n<p>Mit +15\u00b0 heute Mittag erster Kurzarmtag und die Stechm\u00fccken sind auch pr\u00e4senter.<\/p>\n<p>Ich fuhr ins ehemalige Skigebiete Skabram\u00e5ive nahe Jokkmokk, von dem aber nichts mehr \u00fcbrig zu sein schien, wobei ich nicht die Stra\u00dfe bis zum Gipfel rauffuhr, auch weil ich bef\u00fcrchtete, dass da noch irgendwo Schnee liegen k\u00f6nnte und ich dann r\u00fcckw\u00e4rts runter m\u00fcsste. Auf dem Satbild bei GMaps (wohl von 2006) stehen die Geb\u00e4ude an der Talstation noch und man kann ca. 4 Abfahrten erkennen.  Auf dem Bild von 2012 sind die Geb\u00e4ude schon weg<\/p>\n<p>Wenn die Option f\u00fcr heut Nachmittag nicht eine m\u00f6gliche Skitour\/abfahrt in K\u00e5bdalis gehei\u00dfen h\u00e4tte, w\u00e4r ich wohl raufgeangen. <\/p>\n<p>&#128681; Gespeicherte Geolocation &#8211; Karte anzeigen: <a href='https:\/\/www.google.com\/maps\/@?api=1&#038;map_action=map&#038;center=66.59297,19.7165103&#038;zoom=12&#038;basemap=terrain' target=_blank> GoogleMaps<\/a> &#128681; <a href='https:\/\/www.openstreetmap.org\/?&#038;mlat=66.59297&#038;mlon=19.7165103#map=10\/66.59297\/19.7165103&#038;layers=P' target=_blank> OSM &#128681;<\/a><\/p>\n<p><a href='http:\/\/extra.inmontanis.info\/d\/104068-2\/DSC04982.jpg'><img src=http:\/\/extra.inmontanis.info\/d\/104067-3\/DSC04982.jpg \/><\/a><br \/>\n^ Zufahrt Skigebiet Skabram\u00e5ive<\/p>\n<p><a href='http:\/\/extra.inmontanis.info\/d\/104072-2\/DSC04983.jpg'><img src=http:\/\/extra.inmontanis.info\/d\/104071-3\/DSC04983.jpg \/><\/a><br \/>\n^ Ex-Skigebiet Skabram\u00e5ive, alles schon abgebaut<\/p>\n<p><a href='http:\/\/extra.inmontanis.info\/d\/104076-2\/DSC04985.jpg'><img src=http:\/\/extra.inmontanis.info\/d\/104075-3\/DSC04985.jpg \/><\/a><br \/>\n^ Ex-Lifttrasse<\/p>\n<p><a href='http:\/\/extra.inmontanis.info\/d\/104080-2\/DSC04987.jpg'><img src=http:\/\/extra.inmontanis.info\/d\/104079-3\/DSC04987.jpg \/><\/a><br \/>\n^ Ex-Abfahrt<\/p>\n<p><a href='http:\/\/extra.inmontanis.info\/d\/104084-2\/DSC04988.jpg'><img src=http:\/\/extra.inmontanis.info\/d\/104083-3\/DSC04988.jpg \/><\/a><br \/>\n^ Ex-Talstationsbereich<\/p>\n<p><a href='http:\/\/extra.inmontanis.info\/d\/104088-2\/ge20240522d.jpg'><img src=http:\/\/extra.inmontanis.info\/d\/104087-3\/ge20240522d.jpg \/><\/a><br \/>\n^ Im Sat-Bild von wohl 2006 sind die H\u00e4user noch vorhanden<\/p>\n<p><a href='http:\/\/extra.inmontanis.info\/d\/104092-2\/ge20240522c.jpg'><img src=http:\/\/extra.inmontanis.info\/d\/104091-3\/ge20240522c.jpg \/><\/a><br \/>\n^ Sat-Bild vom Winter, wo man die Abfahrtsschneisen noch erkennt<\/p>\n<p><a href='http:\/\/extra.inmontanis.info\/d\/104096-2\/DSC04991.jpg'><img src=http:\/\/extra.inmontanis.info\/d\/104095-3\/DSC04991.jpg \/><\/a><br \/>\n^ See vorm Polarkreis-Parkplatz<\/p>\n<p><a href='http:\/\/extra.inmontanis.info\/d\/104100-2\/DSC04996.jpg'><img src=http:\/\/extra.inmontanis.info\/d\/104099-3\/DSC04996.jpg \/><\/a><br \/>\n^ Irgendeiner der vielen Seen ;)<\/p>\n<p>In K\u00e5bdalis bei +18\u00b0 laut Auto angekommen, sahen die  beiden Abfahrten am Kurven-SL noch gut genug aus f\u00fcr eine Abfahrt. Ski also am Rusack montieren und mit Rucksack aufsteigen oder doch lieber wieder mit Bauchtasche und Fellen? Bei ca. 200hm lohnt sich das mit den Fellen eher nicht, also an den Rucksack.<\/p>\n<p>&#128681; Gespeicherte Geolocation &#8211; Karte anzeigen: <a href='https:\/\/www.google.com\/maps\/@?api=1&#038;map_action=map&#038;center=66.1565833,19.9865255&#038;zoom=12&#038;basemap=terrain' target=_blank> GoogleMaps<\/a> &#128681; <a href='https:\/\/www.openstreetmap.org\/?&#038;mlat=66.1565833&#038;mlon=19.9865255#map=10\/66.1565833\/19.9865255&#038;layers=P' target=_blank> OSM &#128681;<\/a><\/p>\n<p>Tja, vom Schwitzen am R\u00fccken ist das mit der Bauchtasche schon viel angenehmer. Allerdings ja heut auch warm und leider kaum Wind im Gegensatz zu vorgestern am Dundret.<\/p>\n<p>Schnee war auch gar nicht mal soooo toll, aber schon OK. 1x hatte ich abgeschnallt, weil ich die Seite gewechselt hab, der Rest ging so, auch unten konnte man sich \u00fcber die Schneeinseln und kurzen aperen Stellen dr\u00fcberhangeln. <\/p>\n<p><a href='http:\/\/ski.inmontanis.info\/d\/331761-2\/DSC04998.jpg'><img src=http:\/\/ski.inmontanis.info\/d\/331760-3\/DSC04998.jpg \/><\/a><br \/>\n^ Skigebiet K\u00e5bdalis<\/p>\n<p><a href='http:\/\/ski.inmontanis.info\/d\/331765-2\/DSC05002.jpg'><img src=http:\/\/ski.inmontanis.info\/d\/331764-3\/DSC05002.jpg \/><\/a><br \/>\n^ Talstation 3SB mit den Schneedepots, Skibetrieb wieder ab Oktober<\/p>\n<p><a href='http:\/\/ski.inmontanis.info\/d\/331769-2\/DSC05004.jpg'><img src=http:\/\/ski.inmontanis.info\/d\/331768-3\/DSC05004.jpg \/><\/a><br \/>\n^ Schneedepots<\/p>\n<p><a href='http:\/\/ski.inmontanis.info\/d\/331773-2\/DSC05005.jpg'><img src=http:\/\/ski.inmontanis.info\/d\/331772-3\/DSC05005.jpg \/><\/a><br \/>\n^ Kurven-SL mit Restschnee, reicht noch f\u00fcr eine Abfahrt<\/p>\n<p><a href='http:\/\/ski.inmontanis.info\/d\/331777-2\/DSC05006.jpg'><img src=http:\/\/ski.inmontanis.info\/d\/331776-3\/DSC05006.jpg \/><\/a><br \/>\n^ Linke Abfahrt<\/p>\n<p><a href='http:\/\/ski.inmontanis.info\/d\/331781-2\/DSC05007.jpg'><img src=http:\/\/ski.inmontanis.info\/d\/331780-3\/DSC05007.jpg \/><\/a><br \/>\n^ Linke Abfahrt, im oberen Bereich schneearm, daher fuhr ich zwischen dem Kurven-SL ab und querte mal schneefrei r\u00fcber<\/p>\n<p><a href='http:\/\/ski.inmontanis.info\/d\/331785-2\/DSC05009.jpg'><img src=http:\/\/ski.inmontanis.info\/d\/331784-3\/DSC05009.jpg \/><\/a><br \/>\n^ Kurven-SL<\/p>\n<p><a href='http:\/\/ski.inmontanis.info\/d\/331789-2\/DSC05012.jpg'><img src=http:\/\/ski.inmontanis.info\/d\/331788-3\/DSC05012.jpg \/><\/a><br \/>\n^ Linke Abfahrt<\/p>\n<p><a href='http:\/\/ski.inmontanis.info\/d\/331793-2\/DSC05015.jpg'><img src=http:\/\/ski.inmontanis.info\/d\/331792-3\/DSC05015.jpg \/><\/a><br \/>\n^ Bergstationen<\/p>\n<p><a href='http:\/\/ski.inmontanis.info\/d\/331797-2\/DSC05017.jpg'><img src=http:\/\/ski.inmontanis.info\/d\/331796-3\/DSC05017.jpg \/><\/a><br \/>\n^ Bergstation rechter SL<\/p>\n<p><a href='http:\/\/ski.inmontanis.info\/d\/331801-2\/DSC05019.jpg'><img src=http:\/\/ski.inmontanis.info\/d\/331800-3\/DSC05019.jpg \/><\/a><br \/>\n^ H\u00fctte und Wohnwagen am Gipfel<\/p>\n<p><a href='http:\/\/ski.inmontanis.info\/d\/331805-2\/DSC05020.jpg'><img src=http:\/\/ski.inmontanis.info\/d\/331804-3\/DSC05020.jpg \/><\/a><br \/>\n^ Abfahrten am rechten SL, die Schilder werden im Sommer verh\u00fcllt<\/p>\n<p><a href='http:\/\/ski.inmontanis.info\/d\/331809-2\/DSC05021.jpg'><img src=http:\/\/ski.inmontanis.info\/d\/331808-3\/DSC05021.jpg \/><\/a><br \/>\n^ Abfahrt am rechten SL<\/p>\n<p><a href='http:\/\/ski.inmontanis.info\/d\/331813-2\/DSC05022.jpg'><img src=http:\/\/ski.inmontanis.info\/d\/331812-3\/DSC05022.jpg \/><\/a><br \/>\n^ Rechter SL und 3SB Bergstation<\/p>\n<p><a href='http:\/\/ski.inmontanis.info\/d\/331817-2\/DSC05024.jpg'><img src=http:\/\/ski.inmontanis.info\/d\/331816-3\/DSC05024.jpg \/><\/a><br \/>\n^ Rechter SL<\/p>\n<p><a href='http:\/\/ski.inmontanis.info\/d\/331821-2\/DSC05027.jpg'><img src=http:\/\/ski.inmontanis.info\/d\/331820-3\/DSC05027.jpg \/><\/a><br \/>\n^ Schneedepot zwischen 3SB und Kurven-SL<\/p>\n<p><a href='http:\/\/ski.inmontanis.info\/d\/331825-2\/DSC05035.jpg'><img src=http:\/\/ski.inmontanis.info\/d\/331824-3\/DSC05035.jpg \/><\/a><br \/>\n^ Bergstation Kurven-SL<\/p>\n<p><a href='http:\/\/ski.inmontanis.info\/d\/331829-2\/DSC05036.jpg'><img src=http:\/\/ski.inmontanis.info\/d\/331828-3\/DSC05036.jpg \/><\/a><br \/>\n^ Bergstation Poma-3SB<\/p>\n<p><a href='http:\/\/ski.inmontanis.info\/d\/331833-2\/DSC05037.jpg'><img src=http:\/\/ski.inmontanis.info\/d\/331832-3\/DSC05037.jpg \/><\/a><br \/>\n^ Zwischen 3SB und Kurven-SL<\/p>\n<p><a href='http:\/\/ski.inmontanis.info\/d\/331837-2\/DSC05038.jpg'><img src=http:\/\/ski.inmontanis.info\/d\/331836-3\/DSC05038.jpg \/><\/a><br \/>\n^ 3SB und Seeblick<\/p>\n<p><a href='http:\/\/ski.inmontanis.info\/d\/331841-2\/DSC05044.jpg'><img src=http:\/\/ski.inmontanis.info\/d\/331840-3\/DSC05044.jpg \/><\/a><br \/>\n^ Gipfelbereich<\/p>\n<p><a href='http:\/\/ski.inmontanis.info\/d\/331845-2\/DSC05045.jpg'><img src=http:\/\/ski.inmontanis.info\/d\/331844-3\/DSC05045.jpg \/><\/a><br \/>\n^ Kurven-SL und 3SB<\/p>\n<p><a href='http:\/\/ski.inmontanis.info\/d\/331849-2\/DSC05047.jpg'><img src=http:\/\/ski.inmontanis.info\/d\/331848-3\/DSC05047.jpg \/><\/a><br \/>\n^ Abfahrt zwischen dem Kurven-SL<\/p>\n<p><a href='http:\/\/ski.inmontanis.info\/d\/331853-2\/DSC05048.jpg'><img src=http:\/\/ski.inmontanis.info\/d\/331852-3\/DSC05048.jpg \/><\/a><br \/>\n^ Abfahrt zwischen dem Kurven-SL<\/p>\n<p><a href='http:\/\/ski.inmontanis.info\/d\/331857-2\/DSC05049.jpg'><img src=http:\/\/ski.inmontanis.info\/d\/331856-3\/DSC05049.jpg \/><\/a><br \/>\n^ Abfahrt zwischen dem Kurven-SL, hier bin ich dann zur linken Abfahrt (also nach rechts im Bild) r\u00fcber gequert<\/p>\n<p><a href='http:\/\/ski.inmontanis.info\/d\/331861-2\/DSC05051.jpg'><img src=http:\/\/ski.inmontanis.info\/d\/331860-3\/DSC05051.jpg \/><\/a><br \/>\n^ Linke Abfahrt<\/p>\n<p><a href='http:\/\/ski.inmontanis.info\/d\/331865-2\/DSC05052.jpg'><img src=http:\/\/ski.inmontanis.info\/d\/331864-3\/DSC05052.jpg \/><\/a><br \/>\n^ Linke Abfahrt<\/p>\n<p><a href='http:\/\/ski.inmontanis.info\/d\/331869-2\/DSC05053.jpg'><img src=http:\/\/ski.inmontanis.info\/d\/331868-3\/DSC05053.jpg \/><\/a><br \/>\n^ Man konnte noch recht problemlos \u00fcber die Schneehaufen r\u00fcberqueren ..<\/p>\n<p><a href='http:\/\/ski.inmontanis.info\/d\/331873-2\/DSC05054.jpg'><img src=http:\/\/ski.inmontanis.info\/d\/331872-3\/DSC05054.jpg \/><\/a><br \/>\n^ .. und kam bis runter<\/p>\n<p><a href='http:\/\/ski.inmontanis.info\/d\/331877-2\/ge20240522a.jpg'><img src=http:\/\/ski.inmontanis.info\/d\/331876-3\/ge20240522a.jpg \/><\/a><br \/>\n^ GPS-Track 22.5.2024 in Magenta, vorheriger Besuch in Hellgelb<\/p>\n<p>Morgen fahr ich vielleicht mal wieder ins ehemalige zweite Skigebiet von Arvidsjaur, wo ich auch schon einmal im Fr\u00fchjahr (und einmal glaub ich fr\u00fcher) eine Restschnee-Tour gemacht hab, sollte da kein Schnee mehr sein (wovon ich fast ausgehe), dann wird das heute mein letzer Skitag (Nr. 183) in Skandinavien f\u00fcr diese Saison gewesen sein.<\/p>\n<p>Sonnig und noch w\u00e4rmer (25\u00b0 in \u00d6stersund) gehts die n\u00e4chten Tage und die n\u00e4chste Woche  weiter :(<\/p>\n<p>Winterjacken und Skihosen liegen seit gestern hinten im Kofferraum-Keller, aber die (2) Skibrillen und (4 Paar) Handschuhe werden nachwievor t\u00e4glich jeden Abend vom Bett aufs Armaturenbrett und morgens retour gelegt, da ich erst die Tourenski in den &#8220;Keller&#8221; verstauen m\u00f6chte, bevor ich da noch mehr Zeug verr\u00e4ume. Warum so viel Handschuhe? Na weil ich nicht mit dem Kauf der 2 Paar Heizhandschuhe gerechnet h\u00e4tte. Und 1 Paar ist alt und l\u00f6chrig f\u00fcr Autoarbeiten reserviert, auch f\u00fcr Stromkabel verlegen am Campingplatz verwendet.<\/p>\n<p><a href='http:\/\/extra.inmontanis.info\/d\/104104-2\/DSC05055.jpg'><img src=http:\/\/extra.inmontanis.info\/d\/104103-3\/DSC05055.jpg \/><\/a><br \/>\n^ Nachtplatz an einem lauten, schnellen Fluss<\/p>\n","protected":false},"excerpt":{"rendered":"<p>Mi, 22.5.2024<\/p>\n<p>Im Schneebericht von Riksgr\u00e4nsen wird mittlerweile geschrieben, dass auch der Katterj\u00e5kk-KSSL zu ist, aber sogar ein Schneemobil-Transport von 10-12 Uhr in Betrieb ist, hinauf zur (geschlossenen, blauen) Talabfahrt, die man dann also wohl auch noch bei Restschnee zur DSB runter fahren kann.<\/p>\n<p>Mittags in derOKQ8-Tankstelle in Jokkmokk mal das Gl\u00fcck gehabt, dass es <a href=\"http:\/\/blog.inmontanis.info\/?p=9890\">[&#8230;]<\/a><\/p>\n","protected":false},"author":1,"featured_media":9892,"comment_status":"closed","ping_status":"closed","sticky":false,"template":"","format":"standard","meta":{"footnotes":""},"categories":[912,659,19,29,32],"tags":[55,78,45,47],"class_list":["post-9890","post","type-post","status-publish","format-standard","has-post-thumbnail","hentry","category-2023-09-2024-xx-skandinavien","category-kabdalis","category-schwedensweden","category-skitourenwalk-ski","category-lostplaces","tag-3sb","tag-restschnee","tag-see","tag-sl","odd"],"_links":{"self":[{"href":"http:\/\/blog.inmontanis.info\/index.php?rest_route=\/wp\/v2\/posts\/9890","targetHints":{"allow":["GET"]}}],"collection":[{"href":"http:\/\/blog.inmontanis.info\/index.php?rest_route=\/wp\/v2\/posts"}],"about":[{"href":"http:\/\/blog.inmontanis.info\/index.php?rest_route=\/wp\/v2\/types\/post"}],"author":[{"embeddable":true,"href":"http:\/\/blog.inmontanis.info\/index.php?rest_route=\/wp\/v2\/users\/1"}],"replies":[{"embeddable":true,"href":"http:\/\/blog.inmontanis.info\/index.php?rest_route=%2Fwp%2Fv2%2Fcomments&post=9890"}],"version-history":[{"count":3,"href":"http:\/\/blog.inmontanis.info\/index.php?rest_route=\/wp\/v2\/posts\/9890\/revisions"}],"predecessor-version":[{"id":9894,"href":"http:\/\/blog.inmontanis.info\/index.php?rest_route=\/wp\/v2\/posts\/9890\/revisions\/9894"}],"wp:featuredmedia":[{"embeddable":true,"href":"http:\/\/blog.inmontanis.info\/index.php?rest_route=\/wp\/v2\/media\/9892"}],"wp:attachment":[{"href":"http:\/\/blog.inmontanis.info\/index.php?rest_route=%2Fwp%2Fv2%2Fmedia&parent=9890"}],"wp:term":[{"taxonomy":"category","embeddable":true,"href":"http:\/\/blog.inmontanis.info\/index.php?rest_route=%2Fwp%2Fv2%2Fcategories&post=9890"},{"taxonomy":"post_tag","embeddable":true,"href":"http:\/\/blog.inmontanis.info\/index.php?rest_route=%2Fwp%2Fv2%2Ftags&post=9890"}],"curies":[{"name":"wp","href":"https:\/\/api.w.org\/{rel}","templated":true}]}}