{"id":9881,"date":"2024-05-20T19:37:11","date_gmt":"2024-05-20T17:37:11","guid":{"rendered":"http:\/\/blog.inmontanis.info\/?p=9881"},"modified":"2024-05-22T20:01:49","modified_gmt":"2024-05-22T18:01:49","slug":"dundret-skitour-20-5-2024","status":"publish","type":"post","link":"http:\/\/blog.inmontanis.info\/?p=9881","title":{"rendered":"Dundret (Skitour), 20.5.2024"},"content":{"rendered":"<p><strong>Mo, 20.5.2024<\/strong><\/p>\n<p>Der morgendliche Blick auf die Wettervorhersage hatte mal wieder eine interessante Wendung: f\u00fcr G\u00e4llivare\/Dundret wird nun morgen nicht mehr sonnig gemeldet, sondern sogar evtl. etwas regnerisch, also dann jedenfalls heute die Skitour. Temperaturen mit unter 5\u00b0 leider sehr k\u00fchl heute. Gab auch etwas Schneefall unterwegs.<\/p>\n<p>Am Skigbiet Dundret bei G\u00e4llivare angekommen, galt es, sich f\u00fcr eine Aufstiegs- und Abfahrtsvariante zu entscheiden. Links zu parken hatte ein &#8220;Nur Personal&#8221;-Schild, also parkte ich an der 6SKSB, womit der Aufstieg samt Abfahrt auf der linken Seite etwas  unpassender w\u00e4re. Bei der rechten blauen Au\u00dfenrumabfahrt war aber auf der Hinfahrt nicht zu erkennen, wie das oben weiter aussehen w\u00fcrde oder ob man da die obere H\u00e4lfte zur Bergstation die Skier schultern m\u00fcsste. <\/p>\n<p>Ich startete rechts vom Funpark rechts der 6KSB, querte dann mal nach links r\u00fcber und ging weiter rauf. Die Schneedecke reichte bis kurz vor der Bergstation, wo ich nicht mehr rauf bin, da es hier schon st\u00fcrmisch genug war.  <\/p>\n<p>Der Schnee auf der Abfahrt war teils sch\u00f6n firnig, aber teils noch zu hart bei den heutigen kalten Temperaturen. <\/p>\n<p><a href='http:\/\/ski.inmontanis.info\/d\/331685-2\/DSC04848.jpg'><img src=http:\/\/ski.inmontanis.info\/d\/331684-3\/DSC04848.jpg \/><\/a><br \/>\n^ Blick ins Skigebiet Dundret von kurz vor G\u00e4llivare<\/p>\n<p><a href='http:\/\/ski.inmontanis.info\/d\/331689-2\/DSC04851.jpg'><img src=http:\/\/ski.inmontanis.info\/d\/331688-3\/DSC04851.jpg \/><\/a><br \/>\n^ Da gibts noch genug Abfahrtsm\u00f6glichkeiten<\/p>\n<p><a href='http:\/\/ski.inmontanis.info\/d\/331693-2\/DSC04852.jpg'><img src=http:\/\/ski.inmontanis.info\/d\/331692-3\/DSC04852.jpg \/><\/a><br \/>\n^ Der kurze SL, der auch rauf zum Hotel geht<\/p>\n<p><a href='http:\/\/ski.inmontanis.info\/d\/331697-2\/DSC04853.jpg'><img src=http:\/\/ski.inmontanis.info\/d\/331696-3\/DSC04853.jpg \/><\/a><br \/>\n^ 6KSB, der SL links daneben ist noch in Betrieb, geht aber ja nicht bis rauf<\/p>\n<p><a href='http:\/\/ski.inmontanis.info\/d\/331701-2\/DSC04854.jpg'><img src=http:\/\/ski.inmontanis.info\/d\/331700-3\/DSC04854.jpg \/><\/a><br \/>\n^ Nicht nur der hintere SL, auch der vordere ist nun au\u00dfer Betrieb und nicht mehr im Plan eingezeichnet<\/p>\n<p><a href='http:\/\/ski.inmontanis.info\/d\/331705-3\/DSC04855.jpg'><img src=http:\/\/ski.inmontanis.info\/d\/331704-4\/DSC04855.jpg \/><\/a><br \/>\n^ Ich bin die linke im Bild runtergefahren, aber noch eine weiter links raufgegangen<\/p>\n<p><a href='http:\/\/ski.inmontanis.info\/d\/331709-3\/DSC04856.jpg'><img src=http:\/\/ski.inmontanis.info\/d\/331708-4\/DSC04856.jpg \/><\/a><br \/>\n^ Weiter rauf<\/p>\n<p><a href='http:\/\/ski.inmontanis.info\/d\/331713-3\/DSC04858.jpg'><img src=http:\/\/ski.inmontanis.info\/d\/331712-4\/DSC04858.jpg \/><\/a><br \/>\n^ Der SL ist nun also leider auch geschlossen im Plan markiert; ich bin heute nicht weiter rauf, da kalt und st\u00fcrmisch<\/p>\n<p><a href='http:\/\/ski.inmontanis.info\/d\/331717-3\/DSC04861.jpg'><img src=http:\/\/ski.inmontanis.info\/d\/331716-4\/DSC04861.jpg \/><\/a><br \/>\n^ Bergwerk<\/p>\n<p><a href='http:\/\/ski.inmontanis.info\/d\/331721-3\/DSC04865.jpg'><img src=http:\/\/ski.inmontanis.info\/d\/331720-4\/DSC04865.jpg \/><\/a><br \/>\n^ G\u00e4llivare oder Malmberger und weiteres Bergwerk<\/p>\n<p><a href='http:\/\/ski.inmontanis.info\/d\/331725-3\/DSC04864.jpg'><img src=http:\/\/ski.inmontanis.info\/d\/331724-4\/DSC04864.jpg \/><\/a><br \/>\n^ G\u00e4llivare<\/p>\n<p><a href='http:\/\/ski.inmontanis.info\/d\/331729-3\/DSC04867.jpg'><img src=http:\/\/ski.inmontanis.info\/d\/331728-4\/DSC04867.jpg \/><\/a><br \/>\n^ Der geschlossene, letzte Gipfel-SL<\/p>\n<p><a href='http:\/\/ski.inmontanis.info\/d\/331733-3\/DSC04869.jpg'><img src=http:\/\/ski.inmontanis.info\/d\/331732-4\/DSC04869.jpg \/><\/a><br \/>\n^ Abfahrt<\/p>\n<p><a href='http:\/\/ski.inmontanis.info\/d\/331737-3\/DSC04871.jpg'><img src=http:\/\/ski.inmontanis.info\/d\/331736-4\/DSC04871.jpg \/><\/a><br \/>\n^ \u00dcbungslift und G\u00e4llivare<\/p>\n<p><a href='http:\/\/ski.inmontanis.info\/d\/331741-3\/DSC04872.jpg'><img src=http:\/\/ski.inmontanis.info\/d\/331740-4\/DSC04872.jpg \/><\/a><br \/>\n^ Abfahrt, Schnee war teilweise etwas hart<\/p>\n<p><a href='http:\/\/ski.inmontanis.info\/d\/331745-2\/DSC04873.jpg'><img src=http:\/\/ski.inmontanis.info\/d\/331744-3\/DSC04873.jpg \/><\/a><br \/>\n^ Und schon wieder unten<\/p>\n<p><a href='http:\/\/ski.inmontanis.info\/d\/331749-2\/ge20240520a.jpg'><img src=http:\/\/ski.inmontanis.info\/d\/331748-3\/ge20240520a.jpg \/><\/a><br \/>\n^ Magenta: heutige Skitour; Hellgelb: vorherige Besuche; rechts der stillgelegte Skigebietsteil samt SL<\/p>\n<p>Bisschen h\u00e4tte ich kraftm\u00e4\u00dfig wohl noch weiter raufgek\u00f6nnt (lt. Website ca. 300hm), aber das nervigste heute war eigentlich nicht der Aufstieg, sondern das ganze Zeug drumherum, umziehen\/anziehen, Felle aufziehen, Felle oben wieder abziehen und irgendwie verstauen m\u00fcssen, da ich nur die Bauchtasche dabei gehabt hab, und das bei dem \u00fcblichen Sturm &#8211; und das nur f\u00fcr eine Abfahrt. Unten wieder alles trocknen m\u00fcssen. Falls die n\u00e4chsten 2 Tage noch Tourenm\u00f6glichkeiten w\u00e4ren, w\u00fcrd ich die Skier vielleicht wieder auf den Rucksack montieren? Wobei das Bergaufgehen mit Bauchtasche statt Rucksack schon wesentlich angenehmer ist. <\/p>\n<p>Dundret k\u00f6nnte so ein sch\u00f6nes Skigebiet sein, wenn die nicht die 6KSB gbaut h\u00e4tten und dadurch 3-4 SL stillgelegt h\u00e4tten, insb. den ganz rechten, der den anderen Berg erschloss.<\/p>\n<p>Die ganze Aktion dauerte nur ca. 2h, so dass ich bereits um 13 Uhr fertig war. Wollte ja eigentliich hier in der N\u00e4he \u00fcbernachten..<\/p>\n<p>Hab mich aber gegen den nahen, unsch\u00f6nen Parkplatz am Fu\u00dfe der Gipfelstra\u00dfe entschieden, wo ich heuer schon einmal \u00fcbernachtete, sondern ein bisschen weiter und abseits der E45, da ich nicht noch die 40-60 Minuten bis Porjus fahren wollte, zumal auf dem Weg wohl nur schlechtere Pl\u00e4tze w\u00e4ren.<\/p>\n<p>Leider hier wieder miserabler Lyca-Internetempfang und ich h\u00e4tte ja noch so viel Datenvolumen zu verbrauchen.<\/p>\n<p><a href='http:\/\/extra.inmontanis.info\/d\/103846-2\/DSC04874.jpg'><img src=http:\/\/extra.inmontanis.info\/d\/103845-3\/DSC04874.jpg \/><\/a><br \/>\n^ 44km Wanderweg zwischen Porjus und G\u00e4llivare<\/p>\n<p><a href='http:\/\/extra.inmontanis.info\/d\/103850-2\/DSC04875.jpg'><img src=http:\/\/extra.inmontanis.info\/d\/103849-3\/DSC04875.jpg \/><\/a><br \/>\n^ .. schaut nett aus ..<\/p>\n<p><a href='http:\/\/extra.inmontanis.info\/d\/103854-2\/DSC04876.jpg'><img src=http:\/\/extra.inmontanis.info\/d\/103853-3\/DSC04876.jpg \/><\/a><br \/>\n^ .. liegt aber aktuell noch viel Schnee<\/p>\n<p><a href='http:\/\/extra.inmontanis.info\/d\/103858-2\/DSC04878.jpg'><img src=http:\/\/extra.inmontanis.info\/d\/103857-3\/DSC04878.jpg \/><\/a><br \/>\n^ Heutiger Nachtplatz mit dem Dundret-&quot;Gebirgszug&quot;  im Hintergrund<\/p>\n<p>Hab ja so eine kleine &#8220;K\u00fcchen-Tasche&#8221;, wo die Gew\u00fcrze drin sind, aber auch solche Salz- und Zuckerbeutelchen, die man in den Jahren so aufsammelt. Naja, genau die sind auch komplett feucht, teilweise auch innen verklebt. Da wollte ich n\u00e4mlich mal so ein Pommes-Pulver aus irgendeinem Land in die Tomatenmarkso\u00dfe mit reintun,  das nicht nur Salz, sondern auch Sellerie und andere Gew\u00fcrze drin hat.  Naja, war halt nun eine klebrige Masse, mal gespannt, was mein Magen dazu sagt ;) Ist ja im Wasser immerhin gekocht worden.<\/p>\n<p>Ganz ausmustern kann ich die Wintersachen noch nicht, abends sind die zwei Pullis nach wie vor angenehm, wenn man nicht die Standheizung laufen lassen will. Aber f\u00fcr die n\u00e4chsten Tage sind tags\u00fcber \u00fcber 20\u00b0 gemeldet.  <\/p>\n","protected":false},"excerpt":{"rendered":"<p>Mo, 20.5.2024<\/p>\n<p>Der morgendliche Blick auf die Wettervorhersage hatte mal wieder eine interessante Wendung: f\u00fcr G\u00e4llivare\/Dundret wird nun morgen nicht mehr sonnig gemeldet, sondern sogar evtl. etwas regnerisch, also dann jedenfalls heute die Skitour. Temperaturen mit unter 5\u00b0 leider sehr k\u00fchl heute. Gab auch etwas Schneefall unterwegs.<\/p>\n<p>Am Skigbiet Dundret bei G\u00e4llivare angekommen, galt es, <a href=\"http:\/\/blog.inmontanis.info\/?p=9881\">[&#8230;]<\/a><\/p>\n","protected":false},"author":1,"featured_media":9883,"comment_status":"closed","ping_status":"closed","sticky":false,"template":"","format":"standard","meta":{"footnotes":""},"categories":[912,682,19,29],"tags":[56,50,78,45,47],"class_list":["post-9881","post","type-post","status-publish","format-standard","has-post-thumbnail","hentry","category-2023-09-2024-xx-skandinavien","category-dundret","category-schwedensweden","category-skitourenwalk-ski","tag-6sb","tag-bergbau","tag-restschnee","tag-see","tag-sl","odd"],"_links":{"self":[{"href":"http:\/\/blog.inmontanis.info\/index.php?rest_route=\/wp\/v2\/posts\/9881","targetHints":{"allow":["GET"]}}],"collection":[{"href":"http:\/\/blog.inmontanis.info\/index.php?rest_route=\/wp\/v2\/posts"}],"about":[{"href":"http:\/\/blog.inmontanis.info\/index.php?rest_route=\/wp\/v2\/types\/post"}],"author":[{"embeddable":true,"href":"http:\/\/blog.inmontanis.info\/index.php?rest_route=\/wp\/v2\/users\/1"}],"replies":[{"embeddable":true,"href":"http:\/\/blog.inmontanis.info\/index.php?rest_route=%2Fwp%2Fv2%2Fcomments&post=9881"}],"version-history":[{"count":2,"href":"http:\/\/blog.inmontanis.info\/index.php?rest_route=\/wp\/v2\/posts\/9881\/revisions"}],"predecessor-version":[{"id":9884,"href":"http:\/\/blog.inmontanis.info\/index.php?rest_route=\/wp\/v2\/posts\/9881\/revisions\/9884"}],"wp:featuredmedia":[{"embeddable":true,"href":"http:\/\/blog.inmontanis.info\/index.php?rest_route=\/wp\/v2\/media\/9883"}],"wp:attachment":[{"href":"http:\/\/blog.inmontanis.info\/index.php?rest_route=%2Fwp%2Fv2%2Fmedia&parent=9881"}],"wp:term":[{"taxonomy":"category","embeddable":true,"href":"http:\/\/blog.inmontanis.info\/index.php?rest_route=%2Fwp%2Fv2%2Fcategories&post=9881"},{"taxonomy":"post_tag","embeddable":true,"href":"http:\/\/blog.inmontanis.info\/index.php?rest_route=%2Fwp%2Fv2%2Ftags&post=9881"}],"curies":[{"name":"wp","href":"https:\/\/api.w.org\/{rel}","templated":true}]}}