{"id":9877,"date":"2024-05-19T20:26:56","date_gmt":"2024-05-19T18:26:56","guid":{"rendered":"http:\/\/blog.inmontanis.info\/?p=9877"},"modified":"2024-05-21T20:37:53","modified_gmt":"2024-05-21T18:37:53","slug":"kiruna-19-5-2024","status":"publish","type":"post","link":"http:\/\/blog.inmontanis.info\/?p=9877","title":{"rendered":"Kiruna, 19.5.2024"},"content":{"rendered":"<p><strong>So, 19.5.2024<\/strong><\/p>\n<p>Es dauerte noch den halben Weg bis Kiruna, bis die Regenschauer vorbei waren. Am Skigebiet in Kiruna, Luossavaara (das L in LKAB (Betreiber des weltgr\u00f6\u00dften Eisenerzbergwerks hier in Kiruna) steht \u00fcbrigens ebenfalls daf\u00fcr) angekommen, lag erstaunlich wenig Schnee daf\u00fcr, dass am Dienstag hier noch Skibetrieb war. Der wird also wirklich ziemlich so lang wie m\u00f6glich durchgehalten. <\/p>\n<p><a href='http:\/\/extra.inmontanis.info\/d\/103822-3\/DSC04776.jpg'><img src=http:\/\/extra.inmontanis.info\/d\/103821-4\/DSC04776.jpg \/><\/a><br \/>\n^ Der gro\u00dfe Tornetr\u00e4sk-See ist nat\u00fcrlich noch vereist<\/p>\n<p>Es gab also keine durchgehende Schneespur mehr bis runter, sondern schon etliche gro\u00dfe, freie Stellen im unteren Bereich, somit das alles eher unlohnenswert aussah. Etwas Sonne, starke Windb\u00f6en und trotz Pfingstsonntag wurde die 4SB revisioniert. <\/p>\n<p>Geplant w\u00e4re ja gewesen, heute  Skitour in Kiruna, dann nochmals nahe Kiruna n\u00e4chtigen, morgen (bei uns Feiertag) Einkaufen + Pizza essen  und nach G\u00e4llivare fahren und dort dann am Dienstag eine Skitour machen.<\/p>\n<p>Skistar Vemdalen l\u00e4ge ja erst nach \u00d6stersund auf dem Weg, aktuell k\u00f6nnte man  oben am Vemdalsskalet auch noch problemlos eine Sktour machen, aber da ich ja erst in \u00fcber einer Woche dort sein w\u00fcrde, wird das bis dahin wohl ncht mehr m\u00f6glich sein, dazu schaut es schon zu &#8221; fleckig&#8221; aus. Auch weiter s\u00fcdlich, in S\u00e4len, ginge es aktuell an einigen Stellen noch recht problemlos.  <\/p>\n<p>Tja, velleicht sollte ich heute schon Kiruna abschlie\u00dfen und morgen (vormittags, weil \u00f6stlich?) in Dundret die Skitour machen, da liegt aktuell laut Webcam jedenfalls noch mehr als genug und vmtl. w\u00fcrden sich da auch noch mehrere Abfahrten ausgehen.<\/p>\n<p><a href='http:\/\/ski.inmontanis.info\/d\/331661-2\/DSC04780.jpg'><img src=http:\/\/ski.inmontanis.info\/d\/331660-3\/DSC04780.jpg \/><\/a><br \/>\n^ Skigebiet Luossavaarabacken in Kiruna von der E10 aus, da gibts leider keine durchgehende Schneedecke mehr<\/p>\n<p><a href='http:\/\/ski.inmontanis.info\/d\/331665-2\/DSC04781.jpg'><img src=http:\/\/ski.inmontanis.info\/d\/331664-3\/DSC04781.jpg \/><\/a><br \/>\n^ Nahe der Talstation wird ein Rastplatz f\u00fcr die E10 gebaut<\/p>\n<p><a href='http:\/\/ski.inmontanis.info\/d\/331669-2\/DSC04786.jpg'><img src=http:\/\/ski.inmontanis.info\/d\/331668-3\/DSC04786.jpg \/><\/a><br \/>\n^ SL und Abfahrt<\/p>\n<p><a href='http:\/\/ski.inmontanis.info\/d\/331673-2\/DSC04787.jpg'><img src=http:\/\/ski.inmontanis.info\/d\/331672-3\/DSC04787.jpg \/><\/a><br \/>\n^ 4SB und Abfahrt<\/p>\n<p><a href='http:\/\/ski.inmontanis.info\/d\/331677-2\/DSC04788.jpg'><img src=http:\/\/ski.inmontanis.info\/d\/331676-3\/DSC04788.jpg \/><\/a><br \/>\n^ Links der 4SB und KSSL<\/p>\n<p><a href='http:\/\/ski.inmontanis.info\/d\/331681-2\/DSC04789.jpg'><img src=http:\/\/ski.inmontanis.info\/d\/331680-3\/DSC04789.jpg \/><\/a><br \/>\n^ Funpark<\/p>\n<p><a href='http:\/\/extra.inmontanis.info\/d\/103722-2\/DSC04791.jpg'><img src=http:\/\/extra.inmontanis.info\/d\/103720-3\/DSC04791.jpg \/><\/a><br \/>\n^ Rastplatz-Bauarbeiten und dahinter Bergwerk<\/p>\n<p>Obwohl erst kurz nach 12 Uhr, ging ich vor dem Einkaufen in die Pizzeria und entschied mich f\u00fcr Ren (bzw hier: Suovas) statt Rind  &#8211;  plus Schinken und Ei, das ergibt hier die Pizza Brittania, was ja auch namentlich ein sch\u00f6nes Omen f\u00fcr mein n\u00e4chstes Ziel ist ;)  Kostete 110,-, also unter 10 \u20ac. 90g-Hamburger mit Pommes w\u00fcrden 98,- kosten, Kebabteller mit Pommes 120,-. \u00dcbrigens kann man hier nach wie vor nur mit Bargeld zahlen.<\/p>\n<p>Leider bei den schwedischen Pizzen heuer kein einziges Mal zum Pizza Salad gekommen, also dem Krautsalat, weil die Pizzen halt auch immer so viel sind. Ob der hier inklusive ist, wenn man hier isst, weil er offen drau\u00dfen steht und man sich nehmen kann, soviel man will, wei\u00df ich allerdings nicht.<\/p>\n<p><a href='http:\/\/extra.inmontanis.info\/d\/103826-3\/DSC04792.jpg'><img src=http:\/\/extra.inmontanis.info\/d\/103825-4\/DSC04792.jpg \/><\/a><br \/>\n^ Pizza mit Ei, Schinken und Suovas (Ren). Bitte das Bild vom Ei auch als Referenz f\u00fcr die letzten Bilder ganz unten im Bericht verwenden!<\/p>\n<p>Geschmacklich war die Pizza diesmal leider ziemlich lahm. Mit Paprika statt Ei w\u00e4re das wohl interessanter gewesen. <\/p>\n<p>Irgendwie bl\u00f6d ja, jetzt wo ich wieder Strom zum Kochen h\u00e4tte, komm ich andererseits wieder an g\u00fcnstigen Takeaways, Frasses, Sibylla, Tankstellen, Pizzerien, Restaurants mit Dagens-Lunch(buffets) vorbei.  <\/p>\n<p>Am nebenliegenden Coop wollte ich kurz einkaufen, aber beide Pfandautomaten au\u00dfer Funktion, also ging ich nur aufs Klo und schmiss den Pizzakarton in den M\u00fclleimer. Kriegen sie halt kein Geld von mir. Im ICA sp\u00e4ter dagegen mal wieder Wartezeiten an der Pfandstation, weil eine Familie beide Automaten belegen musste, einer irgedwann voll war oder ein Problem hatte, der andere hatte schlussendlich 236 Dosen und 106  Flaschen angezeigt.  Boah. Und noch jemand vor mir, aber nur mit einer gro\u00dfen Papiert\u00fcte. <\/p>\n<p>Kiruna wird ja seit einigen Jahren umgesiedelt, weil das Bergwerk vergr\u00f6\u00dfert wird, bin daher in den Bereich der Stadt gefahren, der schon abgerissen wird oder in den n\u00e4chsten Jahren abgerissen werden k\u00f6nnte.<\/p>\n<p><a href='http:\/\/extra.inmontanis.info\/d\/103726-2\/DSC04793.jpg'><img src=http:\/\/extra.inmontanis.info\/d\/103725-3\/DSC04793.jpg \/><\/a><br \/>\n^ Dieser Teil der Stadt k\u00f6nnte demn\u00e4chst abgerissen werden<\/p>\n<p><a href='http:\/\/extra.inmontanis.info\/d\/103730-2\/DSC04796.jpg'><img src=http:\/\/extra.inmontanis.info\/d\/103729-3\/DSC04796.jpg \/><\/a><br \/>\n^ hier bereits abgerissen bzw. leerstehend<\/p>\n<p><a href='http:\/\/extra.inmontanis.info\/d\/103734-2\/DSC04798.jpg'><img src=http:\/\/extra.inmontanis.info\/d\/103733-3\/DSC04798.jpg \/><\/a><br \/>\n^ Das Hochhaus da hinten wird auch bereits abgerissen<\/p>\n<p><a href='http:\/\/extra.inmontanis.info\/d\/103738-2\/DSC04799.jpg'><img src=http:\/\/extra.inmontanis.info\/d\/103737-3\/DSC04799.jpg \/><\/a><br \/>\n^ Die Geb\u00e4ude d\u00fcrfen vielleicht noch etwas l\u00e4nger stehen bleiben<\/p>\n<p><a href='http:\/\/extra.inmontanis.info\/d\/103742-2\/DSC04801.jpg'><img src=http:\/\/extra.inmontanis.info\/d\/103741-3\/DSC04801.jpg \/><\/a><br \/>\n^ Die werden in den n\u00e4chsten Jahren vielleicht weg m\u00fcssen<\/p>\n<p><a href='http:\/\/extra.inmontanis.info\/d\/103746-2\/DSC04803.jpg'><img src=http:\/\/extra.inmontanis.info\/d\/103745-3\/DSC04803.jpg \/><\/a><br \/>\n^ Das neue Stadtzentrum weiter im Osten<\/p>\n<p><a href='http:\/\/extra.inmontanis.info\/d\/103750-2\/DSC04805.jpg'><img src=http:\/\/extra.inmontanis.info\/d\/103749-3\/DSC04805.jpg \/><\/a><br \/>\n^ Neues Stadtzentrum<\/p>\n<p><a href='http:\/\/extra.inmontanis.info\/d\/103754-2\/DSC04807.jpg'><img src=http:\/\/extra.inmontanis.info\/d\/103753-3\/DSC04807.jpg \/><\/a><br \/>\n^ Am Ostrand gibts einen gro\u00dfen Parkplatzbereich und dahinter die 2 alten T\u00fcrme, die sahen interessant aus.<\/p>\n<p>Die Br\u00fccke \u00fcber die E10 war allerdings mit Betonblockern versperrt, so dass sogar Fu\u00dfg\u00e4nger und Radfahrer dr\u00fcberklettern mussten.<\/p>\n<p>Eigenartigerweise gibts hier zudem einen Linbanev\u00e4gen, entweder hatte das alte Bergwerk hier also eine Materialseilbahn oder es ging um ein neueres Seilbahnprojekt zum Flughafen o.\u00e4. <\/p>\n<p>Folgende Bilder hab ich zu einer Materialseilbahn hier gefunden:<br \/>\n<a href='https:\/\/digitaltmuseum.se\/021016316842\/linbanan-tuolluvaara-kiruna-i-drift-fran-ar-1905-3900-meter-lang-kirunasidan'>https:\/\/digitaltmuseum.se\/021016316842\/linbanan-tuolluvaara-kiruna-i-drift-fran-ar-1905-3900-meter-lang-kirunasidan<\/a><\/p>\n<p><a href='https:\/\/digitaltmuseum.se\/021016316843\/linbanan-tuolluvaara-kiruna-i-drift-fran-ar-1905-3900-meter-lang-kirunasidan'>https:\/\/digitaltmuseum.se\/021016316843\/linbanan-tuolluvaara-kiruna-i-drift-fran-ar-1905-3900-meter-lang-kirunasidan<\/a><\/p>\n<p><a href='https:\/\/digitaltmuseum.se\/021016316837\/tuolluvaara-gruvor-i-jukkasjarvi-utsikt-fran-laven-reparationsverkstad'>https:\/\/digitaltmuseum.se\/021016316837\/tuolluvaara-gruvor-i-jukkasjarvi-utsikt-fran-laven-reparationsverkstad<\/a><\/p>\n<p><a href='http:\/\/extra.inmontanis.info\/d\/103758-2\/DSC04814.jpg'><img src=http:\/\/extra.inmontanis.info\/d\/103757-3\/DSC04814.jpg \/><\/a><br \/>\n^ Zu Fu\u00df auf einer Br\u00fccke \u00fcber die E10<\/p>\n<p><a href='http:\/\/extra.inmontanis.info\/d\/103762-2\/DSC04815.jpg'><img src=http:\/\/extra.inmontanis.info\/d\/103761-3\/DSC04815.jpg \/><\/a><br \/>\n^ Ex-Bergwerk<\/p>\n<p><a href='http:\/\/extra.inmontanis.info\/d\/103766-2\/DSC04816.jpg'><img src=http:\/\/extra.inmontanis.info\/d\/103765-3\/DSC04816.jpg \/><\/a><br \/>\n^ Neu-Stadt, wobei da vielleicht noch weitere Bereiche bebaut werden k\u00f6nnten<\/p>\n<p><a href='http:\/\/extra.inmontanis.info\/d\/103770-2\/DSC04818.jpg'><img src=http:\/\/extra.inmontanis.info\/d\/103769-3\/DSC04818.jpg \/><\/a><br \/>\n^ Ex-Bergwerk<\/p>\n<p><a href='http:\/\/extra.inmontanis.info\/d\/103774-2\/DSC04821.jpg'><img src=http:\/\/extra.inmontanis.info\/d\/103773-3\/DSC04821.jpg \/><\/a><br \/>\n^ Der Eingang zu den T\u00fcrmen ist verbetoniert<\/p>\n<p><a href='http:\/\/extra.inmontanis.info\/d\/103778-2\/DSC04822.jpg'><img src=http:\/\/extra.inmontanis.info\/d\/103777-3\/DSC04822.jpg \/><\/a><br \/>\n^ Ex-Bergwerk<\/p>\n<p><a href='http:\/\/extra.inmontanis.info\/d\/103782-3\/DSC04824.jpg'><img src=http:\/\/extra.inmontanis.info\/d\/103781-4\/DSC04824.jpg \/><\/a><br \/>\n^ Ex-Bergwerk<\/p>\n<p><a href='http:\/\/extra.inmontanis.info\/d\/103786-3\/DSC04825.jpg'><img src=http:\/\/extra.inmontanis.info\/d\/103785-4\/DSC04825.jpg \/><\/a><br \/>\n^ Ex-Bergwerk<\/p>\n<p><a href='http:\/\/extra.inmontanis.info\/d\/103790-3\/DSC04828.jpg'><img src=http:\/\/extra.inmontanis.info\/d\/103789-4\/DSC04828.jpg \/><\/a><br \/>\n^ Ex-Bergwerk<\/p>\n<p><a href='http:\/\/extra.inmontanis.info\/d\/103794-3\/DSC04829.jpg'><img src=http:\/\/extra.inmontanis.info\/d\/103793-4\/DSC04829.jpg \/><\/a><br \/>\n^ Seile zum Raufklettern?<\/p>\n<p><a href='http:\/\/extra.inmontanis.info\/d\/103798-3\/DSC04830.jpg'><img src=http:\/\/extra.inmontanis.info\/d\/103797-4\/DSC04830.jpg \/><\/a><br \/>\n^ Neu-Kiruna, unten die zweite Br\u00fccke ist ebenfalls offiziell gesperrt<\/p>\n<p><a href='http:\/\/extra.inmontanis.info\/d\/103802-3\/DSC04831.jpg'><img src=http:\/\/extra.inmontanis.info\/d\/103801-4\/DSC04831.jpg \/><\/a><br \/>\n^ Alter Turm<\/p>\n<p><a href='http:\/\/extra.inmontanis.info\/d\/103806-3\/DSC04832.jpg'><img src=http:\/\/extra.inmontanis.info\/d\/103805-4\/DSC04832.jpg \/><\/a><br \/>\n^ Naja, immerhin 2x am Tag zeigt die Uhr die korrekte Uhrzeit an<\/p>\n<p><a href='http:\/\/extra.inmontanis.info\/d\/103810-3\/DSC04836.jpg'><img src=http:\/\/extra.inmontanis.info\/d\/103809-4\/DSC04836.jpg \/><\/a><br \/>\n^ Hier k\u00f6nnte mal die Eisenbahn gewesen sein<\/p>\n<p>.. schaut jedenfalls aus wie dieses Geb\u00e4ude auf dem alten Bild hier:<\/p>\n<p><a href='https:\/\/digitaltmuseum.se\/021016316835\/tuolluvaara-gruvor-i-jukkasjarvi'>https:\/\/digitaltmuseum.se\/021016316835\/tuolluvaara-gruvor-i-jukkasjarvi<\/a><\/p>\n<p><a href='http:\/\/extra.inmontanis.info\/d\/103814-3\/DSC04837.jpg'><img src=http:\/\/extra.inmontanis.info\/d\/103813-4\/DSC04837.jpg \/><\/a><br \/>\n^ <\/p>\n<p><a href='http:\/\/extra.inmontanis.info\/d\/103818-3\/DSC04838.jpg'><img src=http:\/\/extra.inmontanis.info\/d\/103817-4\/DSC04838.jpg \/><\/a><br \/>\n^ Die versperrten Br\u00fccken auf der Seilbahnstra\u00dfe (Linbanev\u00e4gen)<\/p>\n<p>Kurz nach Kiruna an einer Universit\u00e4t gibt&#8217;s laut P4N einen ruhigen Nachtplatz am Tennisplatz bzw. geschottert dahinter. Naja, solang keine Leute einfallen und L\u00e4rm machen oder die schmale Ausfahrt versperren etc. Allerdings noch ca. 2h Fahrt dann morgen bis Dundret. <\/p>\n<p><a href='http:\/\/extra.inmontanis.info\/d\/103842-3\/DSC04845.jpg'><img src=http:\/\/extra.inmontanis.info\/d\/103841-4\/DSC04845.jpg \/><\/a><br \/>\n^ Nachtplatz, war ruhig<\/p>\n<p>Bin hier bisschen rumgegangen und hab spiegeleifarbene und -f\u00f6rmige , pilzm\u00e4\u00dfige Dinge auf dem Boden gesehen, die erst aussahen wie vermodernde Kackhaufen und vermodernde Papiert\u00fccher, aber es gab zuviel davon, die sich zu \u00e4hnlich sahen und auch direkt auf dem Weg waren, also wohl doch nicht-menschlichen Ursprungs.<\/p>\n<p><a href='http:\/\/extra.inmontanis.info\/d\/103830-3\/DSC04843.jpg'><img src=http:\/\/extra.inmontanis.info\/d\/103829-4\/DSC04843.jpg \/><\/a><br \/>\n^ <\/p>\n<p><a href='http:\/\/extra.inmontanis.info\/d\/103834-3\/DSC04844.jpg'><img src=http:\/\/extra.inmontanis.info\/d\/103833-4\/DSC04844.jpg \/><\/a><br \/>\n^ Zumeist gibt es eine rundliche, gelbe Fl\u00e4che in der Mitte, so dass es eben wie ein Spiegelei ausschaut<\/p>\n<p><a href='http:\/\/extra.inmontanis.info\/d\/103838-3\/DSC04841.jpg'><img src=http:\/\/extra.inmontanis.info\/d\/103837-4\/DSC04841.jpg \/><\/a><br \/>\n^ Teilweise sind die gelblichen Sprenkel am Rand<\/p>\n<p>Es k\u00f6nnte sich dabei vielleicht um einzellige Schleimpilze wie das hier o.\u00e4. handeln, wobei da die gelben Fl\u00e4chen \u00fcberwiegen und wenig wei\u00dfe Fl\u00e4chen sind:<br \/>\n<a href='https:\/\/de.wikipedia.org\/wiki\/Gelbe_Lohbl%C3%BCte'>https:\/\/de.wikipedia.org\/wiki\/Gelbe_Lohbl%C3%BCte<\/a><\/p>\n","protected":false},"excerpt":{"rendered":"<p>So, 19.5.2024<\/p>\n<p>Es dauerte noch den halben Weg bis Kiruna, bis die Regenschauer vorbei waren. Am Skigebiet in Kiruna, Luossavaara (das L in LKAB (Betreiber des weltgr\u00f6\u00dften Eisenerzbergwerks hier in Kiruna) steht \u00fcbrigens ebenfalls daf\u00fcr) angekommen, lag erstaunlich wenig Schnee daf\u00fcr, dass am Dienstag hier noch Skibetrieb war. Der wird also wirklich ziemlich so lang <a href=\"http:\/\/blog.inmontanis.info\/?p=9877\">[&#8230;]<\/a><\/p>\n","protected":false},"author":1,"featured_media":9879,"comment_status":"closed","ping_status":"closed","sticky":false,"template":"","format":"standard","meta":{"footnotes":""},"categories":[912,656,19,30],"tags":[49,50,45,47],"class_list":["post-9877","post","type-post","status-publish","format-standard","has-post-thumbnail","hentry","category-2023-09-2024-xx-skandinavien","category-kiruna","category-schwedensweden","category-wandern","tag-4sb","tag-bergbau","tag-see","tag-sl","odd"],"_links":{"self":[{"href":"http:\/\/blog.inmontanis.info\/index.php?rest_route=\/wp\/v2\/posts\/9877","targetHints":{"allow":["GET"]}}],"collection":[{"href":"http:\/\/blog.inmontanis.info\/index.php?rest_route=\/wp\/v2\/posts"}],"about":[{"href":"http:\/\/blog.inmontanis.info\/index.php?rest_route=\/wp\/v2\/types\/post"}],"author":[{"embeddable":true,"href":"http:\/\/blog.inmontanis.info\/index.php?rest_route=\/wp\/v2\/users\/1"}],"replies":[{"embeddable":true,"href":"http:\/\/blog.inmontanis.info\/index.php?rest_route=%2Fwp%2Fv2%2Fcomments&post=9877"}],"version-history":[{"count":2,"href":"http:\/\/blog.inmontanis.info\/index.php?rest_route=\/wp\/v2\/posts\/9877\/revisions"}],"predecessor-version":[{"id":9880,"href":"http:\/\/blog.inmontanis.info\/index.php?rest_route=\/wp\/v2\/posts\/9877\/revisions\/9880"}],"wp:featuredmedia":[{"embeddable":true,"href":"http:\/\/blog.inmontanis.info\/index.php?rest_route=\/wp\/v2\/media\/9879"}],"wp:attachment":[{"href":"http:\/\/blog.inmontanis.info\/index.php?rest_route=%2Fwp%2Fv2%2Fmedia&parent=9877"}],"wp:term":[{"taxonomy":"category","embeddable":true,"href":"http:\/\/blog.inmontanis.info\/index.php?rest_route=%2Fwp%2Fv2%2Fcategories&post=9877"},{"taxonomy":"post_tag","embeddable":true,"href":"http:\/\/blog.inmontanis.info\/index.php?rest_route=%2Fwp%2Fv2%2Ftags&post=9877"}],"curies":[{"name":"wp","href":"https:\/\/api.w.org\/{rel}","templated":true}]}}