{"id":9873,"date":"2024-05-18T19:12:52","date_gmt":"2024-05-18T17:12:52","guid":{"rendered":"http:\/\/blog.inmontanis.info\/?p=9873"},"modified":"2024-05-19T19:29:26","modified_gmt":"2024-05-19T17:29:26","slug":"riksgransen-14-18-5-2024","status":"publish","type":"post","link":"http:\/\/blog.inmontanis.info\/?p=9873","title":{"rendered":"Riksgr\u00e4nsen, 14.-18.5.2024"},"content":{"rendered":"<p><strong>Di, 14.5.2024<\/strong><\/p>\n<p>Riksgr\u00e4nsen schreibt heut im Schneebericht, dass die Talstation des oberen KSSL nun im Schneematsch steht und daher untertags doch der eigentlich schon ins Saisonende geschickte Kurven-SL wieder in Betrieb genommen wird. Schien doch gleich gemacht worden zu sein, da die Spur unben\u00fctzt aussah.<\/p>\n<p>H\u00e4tte vielleicht besser heute abwarten sollen, bevor ich den Werkstatttermin anfrage? Ok, heute mit gemeldeten +14\u00b0 der zweitw\u00e4rmste Tag der Woche, aber der Schnee war bl\u00f6d. Kaum sch\u00f6ner Sulz, daf\u00fcr Pappschnee, offpiste auch Sinkschnee\/Sumpfschnee, jedenfalls stellenweise stockend, dass es einem die Schuh fast auszieht. An der 3SB voller durch den nahen Event am WE, d. h. Abfahrten auch aufgefahrener und zwar weniger pappig, aber auch nicht sch\u00f6ner.<\/p>\n<p>H\u00e4tte heuer bis 5.5. in Finnland bleiben und dann aufh\u00f6ren bzw in den S\u00fcden fahren sollen. Wobei f\u00fcr n\u00e4chste Woche hier auch wieder etwas Schnee gemeldet wird, also es wird nochmals etws k\u00fchler. Aber wenn&#8217;s dann so ist wie letzte Woche, ist&#8217;s ja auch M\u00fcll. Die n\u00e4chsten guten Pistenverh\u00e4ltisse bekomm ich vielleicht auf Matten im UK? ;)<\/p>\n<p>Nach 1 Stunde hatte ich alles durch und bin mal die leichte Talabfahrt zur DSB gefahren bzw. erst unten aufs Klo und in den Selbstversorgerraum (jetzt \u00fcbrigens keine Abflussger\u00fcche mehr). Auch auf dieser Abfahrt schien nicht mehr viel Schnee zu liegen, wobei auf allen Pisten bereits die Felsen rauskommen. Mein Arm schmerzte bald wieder st\u00e4rker, so dass ich den rechten Skistecken nicht mehr richtig festhielt, sondern nur baumeln lie\u00df, um Eins\u00e4tze, Drehungen, Abst\u00fctzungen zu vermeiden. Vmtl. kommt mein Problem davon, dass ich manchmal mit dem Stecken &#8220;rudere&#8221;, wenns mit den Skiern mal nicht ganz um die Kurve klappt.<\/p>\n<p><a href='http:\/\/ski.inmontanis.info\/d\/331545-2\/DSC04703.jpg'><img src=http:\/\/ski.inmontanis.info\/d\/331544-3\/DSC04703.jpg \/><\/a><br \/>\n^ Oberer KSSL und Wassergr\u00e4ben<\/p>\n<p><a href='http:\/\/ski.inmontanis.info\/d\/331549-2\/DSC04708.jpg'><img src=http:\/\/ski.inmontanis.info\/d\/331548-3\/DSC04708.jpg \/><\/a><br \/>\n^ Kurven-SL-St\u00fctze<\/p>\n<p><a href='http:\/\/ski.inmontanis.info\/d\/331553-2\/DSC04711.jpg'><img src=http:\/\/ski.inmontanis.info\/d\/331552-3\/DSC04711.jpg \/><\/a><br \/>\n^ An der DSB durfte man wieder fr\u00fcher einsteigen, wohl weil hinterm Haus nun ein See ist ;)<\/p>\n<p><a href='http:\/\/ski.inmontanis.info\/d\/331557-2\/DSC04715.jpg'><img src=http:\/\/ski.inmontanis.info\/d\/331556-3\/DSC04715.jpg \/><\/a><br \/>\n^ Ex-DSB-Bergstation, bevor sie etwas verl\u00e4ngert wurde. Der Korblift endete ja unterhalb der jetzigen 3SB-Talstation<\/p>\n<p>Mittlerweile sind auch etliche M\u00f6wen im Skigebiet und im Tal unterwegs.<\/p>\n<p>Um 14:30 aufgeh\u00f6rt. Was das Pappen der Skier noch verst\u00e4rkt haben k\u00f6nnte, dass an einem Ski auf dem Belag ein Kaugummi klebte bzw. sich auch schon etwas verteilt hatte.<\/p>\n<p>Der f\u00fcr heute Nacht \/ morgen gemeldet Regen soll nun bereits am Vormittag enden, so dass ich vielleicht doch morgen werde Skifahren k\u00f6nnnen.<\/p>\n<p>Hatte mir heute fr\u00fch im Servicegeb\u00e4ude am Parkplatz in Narvik eine der schwedischen Flaschen mit Leitungswasser gef\u00fcllt, im norwegischen Kiwi-Supermarkt noch paar Semmeln gekauft und wollte heute Nachmittag daher nicht extra zum Supermarkt in Riksgr\u00e4nsen fahren, sondern in die andere Richtdung zum n\u00e4chsten Parkplatz in Schweden und eben abends Semmeln plus eine der deutschen Wurstdosen essen, entweder Stadtwurst oder Bratwurstgeh\u00e4ck oder zumindest einen Teil der Dose und den Rest morgen oder \u00fcbermorgen. <\/p>\n<p><a href='http:\/\/extra.inmontanis.info\/d\/103708-2\/DSC04718.jpg'><img src=http:\/\/extra.inmontanis.info\/d\/103707-3\/DSC04718.jpg \/><\/a><br \/>\n^ Abendessen f\u00fcr 2 Tage, eine halbe Dose fr\u00e4nkische Stadtwurst, 1 D\u00f6schen Tomaten-Makrelen aus Norwegen und ca. 2 Semmeln<\/p>\n<p>Bei den heutigen Temperaturen im Auto braucht der K\u00fchlschrank mehr als 10 Ah am Tag. 10 Ah braucht ja auch ungef\u00e4hr mein &#8220;normaler&#8221; PC f\u00fcr 3 Stunden.<\/p>\n<p>Von der Werkstatt in \u00d6stersund kam nachmittags die R\u00fcckmeldung, Montag 27.5. w\u00fcrde ein Termin frei sein, Kostenvoranschlag war 4.000,- SEK, was ungef\u00e4hr die H\u00e4lfte von dem letztj\u00e4hrigen KV f\u00fcr dieses Service von meiner Werkstatt in \u00d6sterreich w\u00e4re (zum Nicht-Mitarbeiterpreis), aber da waren auch 3h drauf, was hier wohl nicht der Fall sein d\u00fcrfte. Allerdings steht nicht drauf, wieviel Stunden sie hier daf\u00fcr einplanen w\u00fcrden &#8211; somit wei\u00df ich nicht, wie der Stundensatz w\u00e4re. Zudem hatte ich angefragt, dass sie auch ein 5W30 nehmen k\u00f6nnen, falls sp\u00fcrbar g\u00fcnstiger als 0W16. Ist eh freigegeben von Suzuki, nur halt 0W16 offiziell empfohlen.<\/p>\n<p>Na sch\u00f6n, dass das jetzt auch passt.  Bei dem heutigen Schnee h\u00e4tte ich vielleicht fr\u00fcher dort sein k\u00f6nnen (oder weiter s\u00fcdlich), aber DO oder FR w\u00e4re ja  auch unpassend, falls noch Teile bestellt werden m\u00fcssten, wenn etwas dringend zu ersetzen w\u00e4re. Wobei das ja auch mal mehrere Wochen dauern k\u00f6nnte. <\/p>\n<p><strong>Mi, 15.5.2024<\/strong><\/p>\n<p>Ab der Nacht also Regen und morgens sehr feucht im Auto gewesen (statt den im Winter sonst meist \u00fcblichen 15-25% heute 66%), aber Scheiben abtrocknen und Tuch drau\u00dfen auswringen geht bei Regen drau\u00dfen ja auch nicht. Sp\u00e4ter Nebel. Regen. Niesel. Ab 11 trocken+windig. <\/p>\n<p>Wetterbericht meldet ab morgen Wetterbesserung, aber nun schon ab Samstag wieder Regen (nicht erst ab SO oder MO wie zuletzt) und n\u00e4chste Woche gehts so weiter. Ne, da werd ich je nach Wetter wohl sp\u00e4testens am Sonntag hier aufh\u00f6ren.<\/p>\n<p>Schneebericht um 11 Uhr: Derzeit heute bis auf weiteres geschlossen wg. zu viel Wasser\/\u00dcberschwemmungen im Skigebiet. Keine Vorhersage, wann man wieder \u00f6ffnen k\u00f6nnte. Ob das nur f\u00fcr heute oder die n\u00e4chsten Tag gilt?!<\/p>\n<p>Skitour bei Wind und dem nassen, sumpfigen Schnee offpiste w\u00e4re wohl auch sinnlos. Wobei es etwas k\u00e4lter ist und ja auch die Sonne fehlt heute.<\/p>\n<p>Wie ja zuletzt bef\u00fcrchtet, hat nun auch Solheisen in Norwegen die W\u00e4rme nicht durchgehalten und hat die \u00d6ffnung zu Pfingsten abgesagt. Das kleine Skigebiet in Kiruna hatte gestern den letzten Betriebstag, f\u00fcr eine Restschneeskitour sollte das also noch einige Tage reichen. (Spoiler: oder auch nicht.)<\/p>\n<p>Wenn&#8217;s so weiter geht, muss ich doch noch die Sommerskigebiete in Norwegen besuchen ;) Die liegen allerdings s\u00fcdlich vom Autoservice. Stryn macht ja eh erst am 1.6. auf.<\/p>\n<p>Drau\u00dfen kalt und windig, da hatte ich keine Lust, lang drau\u00dfen zu bleiben, ohne Ski zu fahren. PCs will ich aber stromsparm\u00e4\u00dfig lieber auslassen, falls ich doch bis MO oder DI bleiben m\u00f6chte, also musste ich mich mit den Handys begn\u00fcgen. Oder endlich mal ein paar Zeitschriften lesen, die ich von daheim mitgeschleppt hab. <\/p>\n<p>Ich fuhr nachmittags noch zum Supermarkt in Riksgr\u00e4nsen, brauchte Getr\u00e4nke und wollte mir was f\u00fcr die dortige Mikrowelle kaufen (vielleicht zwei Pizzast\u00fccke?) und danach zum Parkplatz in Norwegen. <\/p>\n<p>Einige Freerider sind auf den Lawinenschutzbau vom Zug gestiegen, haben sich dann noch via Schaufeln Schnee von unten nach oben geworfen (Anfahrtsspur?), sp\u00e4ter kam noch einer und mir dauerte das zu lang und ich fuhr weg.<\/p>\n<p><a href='http:\/\/ski.inmontanis.info\/d\/331561-2\/DSC04721.jpg'><img src=http:\/\/ski.inmontanis.info\/d\/331560-3\/DSC04721.jpg \/><\/a><br \/>\n^ Wenn die Lifte nicht laufen .. klettern manche eben auf den Zugtunnel und fahren von dort aus runter<\/p>\n<p>Ohweh, gerade zuf\u00e4llig mitgekriegt, dass die Fussball-EM zwischen Mitte Juni und Mitte Juli ist.  Zwar in DE und nicht im UK, aber das wird wohl auch im UK f\u00fcr L\u00e4rm sorgen.<\/p>\n<p>Von SA Nachmittag bis DI werden hier nun teils bis zu  40mm Niederschlag gemeldet, zumeist als Schnee, dann MI trocken und dann Regen. <\/p>\n<p><strong>Do, 16.5.2024<\/strong><\/p>\n<p>Um 9:10 sah ich mal die Sessellifte laufen, aber der Schneebericht auf der Homepage wurde noch nicht aktualisiert. Sp\u00e4ter hie\u00df es dann mal, dass es Wasserkan\u00e4le usw. gibt, wobei beide Skigebietsseiten definiert sind und als &#8220;9:30 Update&#8221;, dass die DSB in Betrieb ginge, so als  w\u00fcrde das der erste und einzige Lift sein.<\/p>\n<p>Sp\u00e4tere Updates:<\/p>\n<p>UPPDATERING 09.50 \u00d6vre Stolsbanan \u00f6ppnar<br \/>\nUPPDATERING 10:15 Sol Liften och Vinkel liften \u00f6ppnar<br \/>\nUPPDATERING 10.52 Hela baksidan b\u00f6r ses som offpist. R\u00e4kna inte med att det inte finns b\u00e4ckar och stenar inom markerade nedfarter.<\/p>\n<p>Tja, was hei\u00dft das jetzt f\u00fcr den Katterj\u00e5kk-KSSL? Dass er sowieso plangem\u00e4\u00df um 10 Uhr ge\u00f6ffnet ist oder dass er nicht offen ist?! Im allgemeinen Lift- und Pistenstatus weiter unten ist beides schon noch als offen markiert.<\/p>\n<p>Da die Alternative der kostenpflichtige Parkplatz an der DSB w\u00e4re, probierte ich es halt wieder am KSSL, auf halber Strecke bergauf kann man dann eh sehen, ob er l\u00e4uft oder nicht. <\/p>\n<p>Ich nahm heute die Tourenski, weil ich mal wieder den Kantenrost loskriegen m\u00fcsste, aber ob das bei dem weichen Schnee funktioniert?! Der KSSL fuhr und entweder war ich um 11.30 der erste heute oder die Spuren von denen, die geich um 10 da waren, hatten sich schon so gesetzt? ich fuhr wie \u00fcblich einmal die gr\u00fcne Abfahrt, die mehr und mehr apere L\u00f6cher hat, aber heute nicht pappte, sondern firnig-weich sch\u00f6n zu fahren ging. Danach gings zur DSB (Klo und weil die Lauferei\/Schieberei eh \u00fcberall gleich weit ist)<\/p>\n<p>Offpiste heute etwas angenehmer, aber auch nicht so lohnenswert an der DSB; an der 3SB war&#8217;s mir zu voll, aber da es die n\u00e4chsten Tage wohl noch voller werden wird mit dem Event und WE und Pfingsten, fuhr ich 2x DSB und 4x 3SB. Danach zu den SL.<\/p>\n<p>Dort war es offpiste heute auch besser und vielleicht waren auch die Ski passender, so das ich bis etwas nach 15 Uhr an den SL geblieben bin. Und wer wei\u00df, ob die morgen noch offen haben werden. Also in Summe heute der bessere Tag der bisherigen Maitage in Riksgr\u00e4nsen.<\/p>\n<p>Nachteilig, wenn nur noch der Kurven-SL anstelle des KSSL f\u00e4hrt, insb. bei dem wenigen Schnee, dass es keine offizielle Verbindung retour gibt, sondern nur Querfeldein und ggf. ein St\u00fcck schieben oder aufsteigen oder zwischen den Felsen, je nachdem. Bei genug Schnee kann man dann weiter unten nochmals zwischen den Felsen r\u00fcberqueren, aber das sah heute auch sehr eng aus.<\/p>\n<p><a href='http:\/\/ski.inmontanis.info\/d\/331565-2\/DSC04725.jpg'><img src=http:\/\/ski.inmontanis.info\/d\/331564-3\/DSC04725.jpg \/><\/a><br \/>\n^ Unterer KSSL, den fuhr unter der Woche kaum jemand, am Freitag war wieder mehr los<\/p>\n<p><a href='http:\/\/ski.inmontanis.info\/d\/331569-2\/DSC04728.jpg'><img src=http:\/\/ski.inmontanis.info\/d\/331568-3\/DSC04728.jpg \/><\/a><br \/>\n^ Unterf\u00fchrung zwischen Hotel und DSB<\/p>\n<p><a href='http:\/\/ski.inmontanis.info\/d\/331573-2\/DSC04730.jpg'><img src=http:\/\/ski.inmontanis.info\/d\/331572-3\/DSC04730.jpg \/><\/a><br \/>\n^ Weg zur DSB<\/p>\n<p><a href='http:\/\/ski.inmontanis.info\/d\/331577-2\/DSC04731.jpg'><img src=http:\/\/ski.inmontanis.info\/d\/331576-3\/DSC04731.jpg \/><\/a><br \/>\n^ Schwarze Talabfahrt rechts der DSB, heuer kein einziges Mal pr\u00e4pariert und offiziell offen gewesen<\/p>\n<p><a href='http:\/\/ski.inmontanis.info\/d\/331581-2\/DSC04732.jpg'><img src=http:\/\/ski.inmontanis.info\/d\/331580-3\/DSC04732.jpg \/><\/a><br \/>\n^ Offpiste-Gel\u00e4nde links der DSB<\/p>\n<p><a href='http:\/\/ski.inmontanis.info\/d\/331585-2\/DSC04733.jpg'><img src=http:\/\/ski.inmontanis.info\/d\/331584-3\/DSC04733.jpg \/><\/a><br \/>\n^ Tagelanges Arbeiten f\u00fcr den Slalom an der 3SB<\/p>\n<p><a href='http:\/\/ski.inmontanis.info\/d\/331589-2\/DSC04736.jpg'><img src=http:\/\/ski.inmontanis.info\/d\/331588-3\/DSC04736.jpg \/><\/a><br \/>\n^ Offpiste rechts der DSB<\/p>\n<p><a href='http:\/\/ski.inmontanis.info\/d\/331593-2\/DSC04738.jpg'><img src=http:\/\/ski.inmontanis.info\/d\/331592-3\/DSC04738.jpg \/><\/a><br \/>\n^ Wassergr\u00e4ben an den SL<\/p>\n<p><a href='http:\/\/ski.inmontanis.info\/d\/331597-2\/DSC04739.jpg'><img src=http:\/\/ski.inmontanis.info\/d\/331596-3\/DSC04739.jpg \/><\/a><br \/>\n^ Wassergr\u00e4ben an den SL und Behelfsbr\u00fccke<\/p>\n<p><a href='http:\/\/ski.inmontanis.info\/d\/331601-2\/DSC04740.jpg'><img src=http:\/\/ski.inmontanis.info\/d\/331600-3\/DSC04740.jpg \/><\/a><br \/>\n^ Kurven-SL links und oberer KSSL rechts, der nun nicht mehr in Betrieb ist, wg. des Wasserproblems an der Talstation<\/p>\n<p><a href='http:\/\/ski.inmontanis.info\/d\/331605-2\/DSC04741.jpg'><img src=http:\/\/ski.inmontanis.info\/d\/331604-3\/DSC04741.jpg \/><\/a><br \/>\n^ Offpiste links vom Kurven-SL<\/p>\n<p><a href='http:\/\/ski.inmontanis.info\/d\/331609-2\/DSC04743.jpg'><img src=http:\/\/ski.inmontanis.info\/d\/331608-3\/DSC04743.jpg \/><\/a><br \/>\n^ Abfahrt bis zum Parkplatz, au\u00dfer an der Bahngleisunterf\u00fchrung, dort musste man mittlerweile abschnallen<\/p>\n<p>Eigentlich wollte ich das ja schon seit Monaten machen: Pakete an die Verwandschaft schicken mit Spezialit\u00e4ten aus Skandinavien, weil ich das ja nicht alles mit ins UK nehmen will und kann (Platz, Haltbarkeit). Aber wg. Haltbarkeit einiger Dinge wollte ich es nicht am FR oder SA abschicken, falls es mehr als 1 Woche unterwegs w\u00e4re. Wegen Schokolade wollte ich es aber auch nicht so sp\u00e4t schicken. Naja, jetzt ist es schon egal, jetzt kann ich noch warten, bis ich nach Deutschland komm und es von da aus verschicken, also am letzten Tag in Schweden dann kaufen. 2x DE und 1x AT ist von DE wohl eh g\u00fcnstiger als alles von SE aus.<\/p>\n<p>Auf dem Weg nach \u00d6stersund sollten mind. 2 Skitouren noch m\u00f6glich sein, einmal im Skigebiet von Kiruna und einmal im Skigebiet Dundret\/G\u00e4llivare. Liegt ja beides direkt auf dem Weg. Mit Umweg w\u00e4r wohl mehr m\u00f6glich. Dundret hatte \u00fcbrigens bis 12.5. offen, aber nur noch 2h (10-12) in den letzten Tagen und da es ein Funparkevent war, vielleicht nur den SL am Funpark. Die KSB-Fahrten im Mai f\u00fcr 1-2 Stunden f\u00fcr die Langl\u00e4ufer oder was es da mal gab, gibts heuer nicht. Da h\u00e4tte ich mir sonst auch eine Fahrt geg\u00f6nnt statt raufzulaufen. <\/p>\n<p>Auch T\u00e4nndalen (Fun\u00e4sdalen) hatte vom 9.-12.5. nochmals offen. Da hatte ich damals zum Saisonende Ende April  ja auch nur Pappschnee. <\/p>\n<p>Letztes WE gab&#8217;s daf\u00fcr auch mal in Wien (sogar gr\u00fcne) Polarlichter:<br \/>\n<a href='https:\/\/wien.orf.at\/stories\/3256576\/'>https:\/\/wien.orf.at\/stories\/3256576\/<\/a><br \/>\n.. hier oben sind die N\u00e4chte momentan nat\u00fcrlich viel zu hell daf\u00fcr. K\u00f6nnte selbst in Schottland noch zu hell sein, wenn ich dort bin.<\/p>\n<p><strong>Fr, 17.5.2024<\/strong> <\/p>\n<p>Auf dem Parkplatz haben heute auch 1 Wohnmobil und 2 Wohnw\u00e4gen \u00fcbernachtet, irgendwer kam erst mitten in der Nacht und hatte mich geweckt. Jedenfalls, der eine Wohnwagen ist doppelt so lang wie ein normaler Wohnwagen, hat aber trotzdem nur 2 R\u00e4der in der Mitte, dh. da kann man wohl wenig steile (oder enge) Stra\u00dfenabzweigungen nehmen, wenn der da, keine Ahnung, vielleicht 4m hinterm letzten Reifen \u00fcberh\u00e4ngt? Die Hebelwirkung auf die Anh\u00e4ngerkupplung k\u00f6nnte da auch ganz sch\u00f6n heftig sein? Wurde aber von einem Transporter gezogen, nicht von einem PKW.<\/p>\n<p>Die letzten Tage war ich schon etwas fr\u00fchligshaft angezogen, incl. Sonnenbrille und Sommer-Regenhose als \u00dcberzug, aber heute war mir auch die Winterjacke offen getragen zu warm. Au\u00dfer im Gipfelbereich, da starker Wind.<\/p>\n<p>Alle SL und die blaue Talabfahrt zur DSB mittlerweile unpr\u00e4pariert und als Offpiste kategorisiert.<\/p>\n<p>Die Fahrt mit der DSB war heute auch wieder bl\u00f6d,. da sie laufend stoppte, Einstiegsprobleme, Kinder, aber insbesondere wohl Equiptment f\u00fcr den Event oben.  Wie erwartet, fuhr ich die 3SB heute aufgrund L\u00e4rm und Wartezeiten nur 1x. Morgen werde ich auf die Sessellifte wohl ganz verzichten, aber der Tag wird eh kurz werden mit der Regenmeldung ab Mittag.<\/p>\n<p>An den SL heute leider wieder pappiger als gestern, daher gegen 14 Uhr aufgeh\u00f6rt. Wenn das heute nicht mein letzter Tag hier war, wird&#8217;s der morgige werden.<\/p>\n<p><a href='http:\/\/ski.inmontanis.info\/d\/331613-2\/DSC04746.jpg'><img src=http:\/\/ski.inmontanis.info\/d\/331612-3\/DSC04746.jpg \/><\/a><br \/>\n^ Selten: Ein anderer G\u00fcterzug<\/p>\n<p><a href='http:\/\/ski.inmontanis.info\/d\/331617-2\/DSC04748.jpg'><img src=http:\/\/ski.inmontanis.info\/d\/331616-3\/DSC04748.jpg \/><\/a><br \/>\n^ Event an der 3SB<\/p>\n<p><a href='http:\/\/ski.inmontanis.info\/d\/331621-3\/DSC04749.jpg'><img src=http:\/\/ski.inmontanis.info\/d\/331620-4\/DSC04749.jpg \/><\/a><br \/>\n^ Im Offpiste-Steilhang an der DSB war&#8217;s sch\u00f6n sulzig<\/p>\n<p><a href='http:\/\/ski.inmontanis.info\/d\/331625-3\/DSC04750.jpg'><img src=http:\/\/ski.inmontanis.info\/d\/331624-4\/DSC04750.jpg \/><\/a><br \/>\n^ Offpiste links der DSB<\/p>\n<p><a href='http:\/\/ski.inmontanis.info\/d\/331629-3\/DSC04752.jpg'><img src=http:\/\/ski.inmontanis.info\/d\/331628-4\/DSC04752.jpg \/><\/a><br \/>\n^ Unterer KSSL, da bin ich heuer gar nicht auf der rechten Seite (also links im Bild) offpiste gefahren.<\/p>\n<p>Die Tourenski brauch ich noch ein paar Tage, aber die normalen ja eigentlich ncht mehr &#8211; bevor da also die Kanten wieder mehr verrosten (bissl haben sie von dem vorgestrigen Regen schon wieder angesetzt, ging aber noch weg), w\u00e4re es wohl sinnvoll, die Skier zu zerlegen und ins Auto zu legen. Aber so, dass ich sie ggf. zum Mattenskifahren im UK verwenden k\u00f6nnte, falls ich nicht den Schrott vor Ort nehmen m\u00f6chte. Meine alten Carpani-&#8220;Mattenski&#8221; hab ich ja nicht dabei. H\u00e4tte ich ja eigentlich auch anstelle der neueren rot-blauen Carpani mitnehmen k\u00f6nnen. Die hatte ich jedenfalls heuer seltener an als diese alten Head meines Vaters und f\u00fcr diese vielen Skitage ohne Service schaut der Belag noch ganz gut aus.<\/p>\n<p><a href='http:\/\/extra.inmontanis.info\/d\/103712-2\/DSC04753.jpg'><img src=http:\/\/extra.inmontanis.info\/d\/103711-3\/DSC04753.jpg \/><\/a><br \/>\n^ Ski-Belag, schaut gar nicht so schlecht aus f\u00fcr die lange Zeit ohne Service.<\/p>\n<p>Das mit den Ski-Einlagern ging problemlos, schwierig w\u00fcrde es erst mit dem raustun, wenn ich die Tourenski wieder so reinlegen w\u00fcrde wie im Herbst, also auch seitlich oben drauf, dann m\u00fcssten die ja auch jedesmal raus. M\u00f6chte daher probieren, sie in den &#8220;Keller&#8221;, also unters Bett zu legen, so wie &#8220;fr\u00fcher&#8221;, ob jetzt mit angeschraubten oder abgeschraubten Bindungen, ist noch zu \u00fcberlegen, vmtl. eher letzteres. <\/p>\n<p>Ebenfalls erledigt: Winterstiefelchen gegen andere Schuhe getauscht. Trotz der gebrochenen Sohle hielten sie den ganzen Winter und ich konnte auch keine N\u00e4sse von unten im Schuh bemerken. H\u00e4tte sie ja eigentlich entsorgen wollen, weil kaputt = mehr Platz, aber jetzt nehm ich sie halt doch momentan mal wieder mit, k\u00f6nnte man ja auch im November bei R\u00fcckkehr daheim vielleicht brauchen. Das wird jetzt eine Umstellung werden, wieder Schuhsenkel zu schn\u00fcren, statt einfach Rei\u00dfverschluss zu nehmen!<\/p>\n<p>Ebenfalls verr\u00e4umt: 2 von den 3 Heizern. Also Schuhheizer + 1 Bodenheizer sind nun wieder unterm Beifahrersitz. Den anderen Bodenheizer wollte ich mal oben lassen, wie schon gesagt, f\u00fcr mal 5-10 Minuten W\u00e4rme abends vorm Schlafengehen, wenn genug Strom in der Batterie ist, um sich das Einschalten der Standheizung f\u00fcr 5 Minuten zu sparen.<\/p>\n<p>Ebenfalls  wieder n\u00f6tig: die Montage der Fliegennetze an  den hinteren Scheiben, wobei mind. eines zu ersetzen w\u00e4re. Die waren im Winter weg,  einerseits wegen des Stromkabels nat\u00fcrlich, aber andererseits auch, weil es mit Kondenswasser an die Scheiben gefror bzw. &#8211; wobei das auch weiterhin gilt &#8211; weil man das Kondenswasser schlecht mit dem Tuch wegwischen kann, wenn das Fliegennetz davor ist.  Und naja, im Winter braucht man sie auch nicht.<\/p>\n<p><strong>Sa, 18.5.2024<\/strong> Saison-Skitag 181<\/p>\n<p>Ich hatte das Tomatenmark im K\u00fchlschrank letztens extra in eine T\u00fcte getan, aber heute fr\u00fch zuf\u00e4llig darunter gegriffen, ist auch alles nass, wird trotzdem ausgelaufen sein?! Bl\u00f6des Teil.<\/p>\n<p>Um 8:30 war es noch sehr sonnig, aber die Wettervorhersagen melden nun schon fr\u00fcher Regen, teils schon vor 12 Uhr, ab abends in Schnee \u00fcbergehend. Es bleibt nach wie vor bei den ca. 30mm Niederschlag, so dass 20cm Neuschnee hinzukommen k\u00f6nnten. Von DI bis DO wird trocken gemeldet, Temperaturen von -3 auf +14\u00b0 steigend, dh. 2 Tage nichtstuend ausharren, am DI vielleicht  Pulverschnee oder eher Schneeverwehungen, am MI Pappschnee und am DO noch mehr Wasserpf\u00fctzen? Wenns nur 1 Tag w\u00e4re, aber auf 2 Tage  Schlechtwetter im Auto zu verbringen, hab ich keine Lust mehr. Auch wenn ich bis \u00d6stersund bis Montag in einer Woche ja nur ca. 940km fahren muss, also Zeit h\u00e4tte. <\/p>\n<p>Gestern am sp\u00e4ten Abend neben mich hingestellt: entweder der selbe lange Wohnwagen von letztens oder noch so ein langes Teil:<\/p>\n<p><a href='http:\/\/extra.inmontanis.info\/d\/103716-2\/DSC04757.jpg'><img src=http:\/\/extra.inmontanis.info\/d\/103715-3\/DSC04757.jpg \/><\/a><br \/>\n^ Ein laaanger Wohnwagen (3 Zimmer?). Und hinten fehlt ja noch ein drittes Fenster und dann das Heck. Und nur in der Mitte R\u00e4der!<\/p>\n<p>Wenn ich Parkgeb\u00fchren h\u00e4tte zahlen wollen heute, h\u00e4tte ich etwas l\u00e4nger skifahren k\u00f6nnen, da die DSB ja ab 9, KSSL erst ab 10 f\u00e4hrt. Wobei die Parkpl\u00e4tze ziemlich rar w\u00e4ren, da trotz des Verbots alles mit Campern voll zu sein schien. (Ich wollte kurz nochmal in den Supermarkt aufs Klo und Frischwasser nachf\u00fcllen, der macht auch erst um 9 Uhr auf.)<\/p>\n<p>Danach zum KSSL-Parkplatz und bissl abgwartet. 15min umziehen, 15min gem\u00fctlich raufgehen &#8230; aber als ich um 9:45 losgehen wollte und die Skier vom Auto nahm,  nieselte es, daher wieder zur\u00fcck ins Auto. Um 9:50 wieder trocken, also doch probieren? Doch probieren.<\/p>\n<p>Ich ging rauf und es blieb trocken. Um 11:20 war ich trotzdem wieder am Auto (kam sogar noch die Sonne besser raus), weil es an den 3 SL erneut unlohnenswert pappig \u00fcberalll war. In der guten Stunde bin ich nat\u00fcrlich mehr Ski gefahren als ich es bei einer Skitour machen w\u00fcrde oder w\u00e4hrend 1h auf einer britischen Mattenskipste.<\/p>\n<p><a href='http:\/\/ski.inmontanis.info\/d\/331633-3\/DSC04758.jpg'><img src=http:\/\/ski.inmontanis.info\/d\/331632-4\/DSC04758.jpg \/><\/a><br \/>\n^ Der Zutrittsleser am unteren KSSL ist schon seit einigen Tagen nicht mehr in Verwendung<\/p>\n<p><a href='http:\/\/ski.inmontanis.info\/d\/331637-3\/DSC04759.jpg'><img src=http:\/\/ski.inmontanis.info\/d\/331636-4\/DSC04759.jpg \/><\/a><br \/>\n^ Die Abfahrt am unteren KSSL hat seit heute 2 apere Stellen<\/p>\n<p><a href='http:\/\/ski.inmontanis.info\/d\/331641-3\/DSC04762.jpg'><img src=http:\/\/ski.inmontanis.info\/d\/331640-4\/DSC04762.jpg \/><\/a><br \/>\n^ Der Ausstieg am Tellerlift ist auch etwas verschoben<\/p>\n<p><a href='http:\/\/ski.inmontanis.info\/d\/331645-3\/DSC04763.jpg'><img src=http:\/\/ski.inmontanis.info\/d\/331644-4\/DSC04763.jpg \/><\/a><br \/>\n^ Kurven-SL<\/p>\n<p><a href='http:\/\/ski.inmontanis.info\/d\/331649-3\/DSC04768.jpg'><img src=http:\/\/ski.inmontanis.info\/d\/331648-4\/DSC04768.jpg \/><\/a><br \/>\n^ Verbindung vom unteren KSSL zu den oberen SL (wobei ich zuletzt anders gefahren bin); man kann sich nicht beschweren, dass es hier Pistenmodellierungen geben w\u00fcrde<\/p>\n<p><a href='http:\/\/ski.inmontanis.info\/d\/331653-3\/DSC04769.jpg'><img src=http:\/\/ski.inmontanis.info\/d\/331652-4\/DSC04769.jpg \/><\/a><br \/>\n^ Der wilde Wellenritt von den Bahngleisen zum Parkplatz<\/p>\n<p><a href='http:\/\/ski.inmontanis.info\/d\/331657-3\/ge202403-05b.jpg'><img src=http:\/\/ski.inmontanis.info\/d\/331656-4\/ge202403-05b.jpg \/><\/a><br \/>\n^ Bescheidener GPS-Track 2024&#8230; T\u00fcrkis: Vorherige Besuche, Orange: 31.3.2024, Rosa: 4.\/6.\/7.5.2024, Gelb: 14.\/16.\/17.\/18.5.2024<\/p>\n<p>Somit war das nun auch mein letzter Skitag auf der Scandinavian Saisonkarte und RIksgr\u00e4nsen hat heuer leider ebenso entt\u00e4uscht wie Bj\u00f6rkliden und Storlien. Genau diese 3 Skigebiete hatte ich &#8211; als einzige &#8211; mit einem &#8220;++&#8221; versehen w\u00e4hrend der Planung zum Kauf dieser Saisonkarte. Statt bis zu 3 Wochen Riksgr\u00e4nsen im Mai war ich nur 7 Tage&#8230;<\/p>\n<p>Somit eine kleine Besuchsstatistik zu diesem Saisonskipass:<\/p>\n<p>14x Bydalen (incl. Gr\u00e4ftavallen)<br \/>\n10x Trillevallen<br \/>\n8x T\u00e4nn\u00e4skr\u00f6ket<br \/>\n8x Riksgr\u00e4nsen<br \/>\n7x Bj\u00f6rkliden<br \/>\n5x Borgafj\u00e4ll<br \/>\n4x Gruvbacken<br \/>\n4x Storlien<br \/>\n3x Lofsdalen<br \/>\n3x J\u00e4ckvik<br \/>\n3x Storklinta<br \/>\n3x Stranda (NO)<br \/>\n1x Solheisen (NO)<br \/>\n1x Norefjell (NO)<br \/>\n0x V\u00e4sj\u00f6 (Stockholm, zu abseits)<br \/>\n0x Limone Piemonte (Italien, zu abseits)<\/p>\n<p>= macht insgesamt 74 Skitage (und einen Tagespreis von \u20ac 7,43).<br \/>\nBescheiden, daf\u00fcr, dass da viel mehr Skigebiete dabei sind, als bei meiner finnischen Saisonkarte, deren 4 Skigebiete ich 57 Tage besucht hatte!<\/p>\n<p>Als Neuzugang f\u00fcr n\u00e4chste Saison ist bereits das sch\u00f6ne Sogn-Skigebiet in Norwegen auf der Homepage eingetragen und es k\u00f6nnten auch noch weitere z.B. im mittleren Bereich von Schweden oder auch in \u00d6sterreich hinzukommen. <\/p>\n<p>180 Skitage waren diesen Winter eigentlich mein Minimum, ich h\u00e4tte eher mit 190 gerechnet und es w\u00e4ren auch 200 drin gewesen, aber da ich ja ob des schwierigen Wetters im Mai auch in Riksgr\u00e4nsen wei\u00df, war mir klar, dass das eher unwahrscheinlich sein wird. <\/p>\n<p>Von den einzelnen Tagesbewertungen her hab ich heuer weit weniger 4 und 5 Sterne vergeben als letztes Jahr in den Alpen und auch weniger als vorletztes Jahr in Skandinavien. Allerdings w\u00e4ren in K\u00e4rnten heuer ja auch viele gute Bewertungstage weggefallen aufgrund der Stilllegungen in Heiligenblut! Au\u00dferdem, w\u00e4hrend mir letztes Jahr in den Alpen ja Schweden immer etwas gefehlt hat, hatte ich heuer nie das Gef\u00fchl, dass mir AT, IT oder FR fehlen w\u00fcrden. (Au\u00dfer jetzt ausnahmsweise im Mai etwas, da pappt es auf den AT-Gletschern zwar normalerweise genauso und regnet und schneit auch fast jeden (Nachmit)Tag, aber man hat doch wenigstens mal die eine oder andere Stunde oder den einen oder anderen Abschnitt mit sch\u00f6nen Pistenverh\u00e4ltnissen.)<\/p>\n<p>2 Skitouren h\u00e4tte ich jetzt noch geplant, dann w\u00e4ren es 183, vielleicht noch 2-4 Mattenskitage im UK im Sommer, mal  schauen, aber 190 Skitage werden es wohl kaum noch werden. Mein letzter Lift heute hier war der KSSL und es w\u00e4re gut m\u00f6glich, dass mein n\u00e4chster Lift ein KSSL (auf Matten) im UK sein wird. Es scheint aber, als h\u00e4tte ich heuer auch die Handschuhe zum Mattenskifahren vergessen, dh. die d\u00fcnneren, kurzen Lederhandschuhe. Alternativ m\u00fcsste ich vielleicht die winterlichen Stoffhandschuhe nehmen, die aber dann gar keine N\u00e4sse abweisen w\u00fcrden und bei einem Sturz wohl auch nicht viel sch\u00fctzen. <\/p>\n<p>Die Sommerskigebiete in Norwegen werd ich wohl eher doch nicht besuchen. Fahrerei, Kosten, Publikum (Rennkids insb. in Galdh\u00f8ppigen, Funparkler in Stryn) .. keine gro\u00dfe Lust.<br \/>\nPreise in NOK (Kurs dzt. 1 \u20ac = 11,60 NOK):<br \/>\n&#8211; Galdh\u00f8ppigen,  3h 330,- 4h 350,-, TK 450,-, 2TK 890, zzgl. Maut 150,-<br \/>\n&#8211; Stryn,  3h 470,-, TK 540, 2TK 990, 3TK 1440<br \/>\n&#8211; Folgefonna, (keine 3h), TK 465, 2TK 920,  3TK 1295, zzgl. Maut 120,-<\/p>\n<p>Das ja durchaus coole Mattenskigebiet in D\u00e4nemark da am Meer, Copenhill, ist mir auch zu teuer: 150,- DKK pro Stunde, ab 3h gibts etwas Rabatt, man muss in 15min-Takten die Skizeit auf der Website buchen und zum Preis kommt anscheinend noch irgendeine Basismitgliedsschaft von 50,- DKK dazu. D.h. 1h Skifahren 200 DKK = 27 \u20ac; 2h 350 DKK = 47 \u20ac. Wobei man im UK teilweise ja auch \u00fcber 20 \u20ac f\u00fcr eine Stunde zahlen muss und ebenfalls vorbuchen muss, weshalb ich ja da ja auch immer weniger fahren will.<\/p>\n<p>Ich fuhr nachmittags noch nach Abisko zum Supermarkt \/ Godisfabriken, also offene Naschsachen einkaufen + f\u00fcr heute Abend zum Kochen zu den Nudeln mal wieder K\u00f6ttbullar, hatte ich recht selten. Plus das auslaufende Tomatenmark. <\/p>\n<p><a href='http:\/\/ski.inmontanis.info\/d\/331537-3\/DSC04771.jpg'><img src=http:\/\/ski.inmontanis.info\/d\/331536-4\/DSC04771.jpg \/><\/a><br \/>\n^ Die 3 oberen SL in Bj\u00f6rkliden<\/p>\n<p><a href='http:\/\/ski.inmontanis.info\/d\/331541-3\/DSC04772.jpg'><img src=http:\/\/ski.inmontanis.info\/d\/331540-4\/DSC04772.jpg \/><\/a><br \/>\n^ .. und der Tellerlift<\/p>\n<p>Abends mal wieder PC angehabt, Bilder bearbeitet und gekocht, durch die Fahrerei demn\u00e4chst sollte ich momentan ja wieder etwas mehr Strom verbrauchen k\u00f6nnen.<\/p>\n<p>Am n\u00e4chsten Morgen hie\u00df es im Schneebericht von Riksgr\u00e4nsen, dass die SL nun allesamt geschlossen seien f\u00fcr den Rest der Saison &#8211; nur noch die Sessellifte offen w\u00e4ren, wobei der Katterj\u00e5kk-KSSL nicht erw\u00e4hnt wurde. Der heute  (Sonntag) angek\u00fcndigte Neuschnee soll nun noch l\u00e4ngere Zeit des Tages als Regen im unteren Bereich bleiben. Was f\u00fcr ein Pech heuer hier mit dem wenigen Schnee, wo ich mal die Saisonkarte gehabt h\u00e4tte. <\/p>\n<p>Der Mai war in den Alpen ja meistens der schlechteste Ski-Monat (meist wg. Pappschnee well Neuschnee), aber in Schweden hatte ich bisher mehr Gl\u00fcck gehabt. au\u00dfer heuer. Wobei ich letztes Mal vor 2 Jahren ja nur bis Anfang Mai bis zum Ende der Skistar-Saisonkarte in Norwegen gefahren bin und dann auch nur noch Skitouren gemacht hatte, also den Mai in Schweden auch ausgelassen hatte. <\/p>\n","protected":false},"excerpt":{"rendered":"<p>Di, 14.5.2024<\/p>\n<p>Riksgr\u00e4nsen schreibt heut im Schneebericht, dass die Talstation des oberen KSSL nun im Schneematsch steht und daher untertags doch der eigentlich schon ins Saisonende geschickte Kurven-SL wieder in Betrieb genommen wird. Schien doch gleich gemacht worden zu sein, da die Spur unben\u00fctzt aussah.<\/p>\n<p>H\u00e4tte vielleicht besser heute abwarten sollen, bevor ich den Werkstatttermin <a href=\"http:\/\/blog.inmontanis.info\/?p=9873\">[&#8230;]<\/a><\/p>\n","protected":false},"author":1,"featured_media":9875,"comment_status":"closed","ping_status":"closed","sticky":false,"template":"","format":"standard","meta":{"footnotes":""},"categories":[912,689,636,19,27],"tags":[55,38,48,78,47],"class_list":["post-9873","post","type-post","status-publish","format-standard","has-post-thumbnail","hentry","category-2023-09-2024-xx-skandinavien","category-bjorkliden","category-riksgransen","category-schwedensweden","category-skifahren-winterskiing-winter","tag-3sb","tag-dsb","tag-kssl","tag-restschnee","tag-sl","odd"],"_links":{"self":[{"href":"http:\/\/blog.inmontanis.info\/index.php?rest_route=\/wp\/v2\/posts\/9873","targetHints":{"allow":["GET"]}}],"collection":[{"href":"http:\/\/blog.inmontanis.info\/index.php?rest_route=\/wp\/v2\/posts"}],"about":[{"href":"http:\/\/blog.inmontanis.info\/index.php?rest_route=\/wp\/v2\/types\/post"}],"author":[{"embeddable":true,"href":"http:\/\/blog.inmontanis.info\/index.php?rest_route=\/wp\/v2\/users\/1"}],"replies":[{"embeddable":true,"href":"http:\/\/blog.inmontanis.info\/index.php?rest_route=%2Fwp%2Fv2%2Fcomments&post=9873"}],"version-history":[{"count":2,"href":"http:\/\/blog.inmontanis.info\/index.php?rest_route=\/wp\/v2\/posts\/9873\/revisions"}],"predecessor-version":[{"id":9876,"href":"http:\/\/blog.inmontanis.info\/index.php?rest_route=\/wp\/v2\/posts\/9873\/revisions\/9876"}],"wp:featuredmedia":[{"embeddable":true,"href":"http:\/\/blog.inmontanis.info\/index.php?rest_route=\/wp\/v2\/media\/9875"}],"wp:attachment":[{"href":"http:\/\/blog.inmontanis.info\/index.php?rest_route=%2Fwp%2Fv2%2Fmedia&parent=9873"}],"wp:term":[{"taxonomy":"category","embeddable":true,"href":"http:\/\/blog.inmontanis.info\/index.php?rest_route=%2Fwp%2Fv2%2Fcategories&post=9873"},{"taxonomy":"post_tag","embeddable":true,"href":"http:\/\/blog.inmontanis.info\/index.php?rest_route=%2Fwp%2Fv2%2Ftags&post=9873"}],"curies":[{"name":"wp","href":"https:\/\/api.w.org\/{rel}","templated":true}]}}