{"id":9857,"date":"2024-05-07T16:40:55","date_gmt":"2024-05-07T14:40:55","guid":{"rendered":"http:\/\/blog.inmontanis.info\/?p=9857"},"modified":"2024-05-15T11:10:42","modified_gmt":"2024-05-15T09:10:42","slug":"bjorkliden-riksgransen-2-5-7-5-2024","status":"publish","type":"post","link":"http:\/\/blog.inmontanis.info\/?p=9857","title":{"rendered":"Bj\u00f6rkliden &#038; Riksgr\u00e4nsen, 2.5.-7.5.2024"},"content":{"rendered":"<p><strong>Do, 2.5.2024<\/strong> (Bj\u00f6rkliden)<\/p>\n<p>Wie schon am Abend, gab es morgens am Parkplatz leichten Nieselregen, daf\u00fcr soll&#8217;s ab dem WE wieder sonniger werden. Es st\u00fcnde ja nach wie vor im Raum, n\u00e4chste Woche mehrere Tage oder eine ganze Woche in Narvik zu bleiben, aber der Schneebericht meldet nur noch 40cm Schnee, fraglich wieviele der unpr\u00e4parierten Abfarten noch gehen, SL 2+3 waren h\u00e4ufig zu die letzten Tage und n\u00e4chste Woche von MO-MI hat man nur von 15-22 Uhr offfen.<\/p>\n<p>Heute also nach Bjorkliden (noch eine gute Stunde Fahrt) und den Parkplatz zahlen, aber mal nur 3h,  weil ja eh schon recht sp\u00e4t dran. Um nicht f\u00fcr die 15min Umziehzeit etc. zu zahlen, machte ich das zuvor. Allerdings hab ich ja gestern 3 Mikrowellenfertiggerichte gekauft, d.h. die Zeit wird auch noch vom Skifahren abgehen.<\/p>\n<p>Um 12:15 unterhalb Bj\u00f6rkliden angekommen, ja, da liegt doch deutlich weniger Schnee als vor ein paar Wochen und wohl auch weniger wie sonst oft Anfang Mai. Ob da in Riksgr\u00e4nsen der Katterj\u00e5kk-KSSL noch bis 27.5. fahren wird k\u00f6nnen und der Schnee bis runter zum Parkplatz f\u00fcr die Abfahrt reichen wird? Ohne dem h\u00e4tte ich keine Lust, weiter in R. zu bleiben, Saisonkarte hin oder her. Aber eben, wenn ich schon bef\u00fcrchte, dass der KSSL vielleicht nicht mehr lang gehen w\u00fcrde (k\u00f6nnte ja auch mal wieder ein technisches Problem haben), sollte ich dann wirklich n\u00e4chste Woche 3-8 Tage nach Narvik? Von SO bis MI w\u00fcrde dort aber jetzt sehr sonnig gemeldet werden.<\/p>\n<p>Genau deswegen hass ich den Scheiss: am Parkplatz angekommen, musste diese verf* Aimo-Parking-App erst mal noch upgedated werden. Hab dich doch erst downgeloadet!! Musste noch mein Kennzeichen registrieren lassen und die Kreditkarte, danach sprang das Zeug wieder zum Hauptmen\u00fc und zeigte nix an, dass das Parken nun aktiviert  w\u00e4re. Naja, dann halt 5min sp\u00e4ter das Parken aktiviert, 1245-1545.<\/p>\n<p>2h h\u00e4tten da heute auch gereicht. Schnee war sehr pappig, offpiste noch schlimmer als auf der Piste. Gut, dass ich die letzten Tage noch in FI geblieben bin, denn hier war ja immer sonniger und etwas w\u00e4rmer gemeldet die letzten Tage. Und im Ort nat\u00fcrlich auch weniger Schnee, die Stra\u00dfen frei, da h\u00e4tte ich vom Stellplatz am Hostel aus aber wesentlich mehr Fu\u00dfwege gehabt als vor ein paar Wochen!! Also doppelt froh, die letzten Tage noch in FI geblieben zu sein. <\/p>\n<p>Am Tellerlift war es sulziger = weniger pappig = besser. Daf\u00fcr eben noch n\u00e4ssere Hosenbeine.<\/p>\n<p><a href='http:\/\/ski.inmontanis.info\/d\/331329-2\/DSC04396.jpg'><img src=http:\/\/ski.inmontanis.info\/d\/331328-3\/DSC04396.jpg \/><\/a><br \/>\n^ Abfahrt 7 oberer Teil \/ Pano West<\/p>\n<p><a href='http:\/\/ski.inmontanis.info\/d\/331333-2\/DSC04399.jpg'><img src=http:\/\/ski.inmontanis.info\/d\/331332-3\/DSC04399.jpg \/><\/a><br \/>\n^ Abfahrt 7 oberer Teil \/ Pano Nord<\/p>\n<p><a href='http:\/\/ski.inmontanis.info\/d\/331337-2\/DSC04400.jpg'><img src=http:\/\/ski.inmontanis.info\/d\/331336-3\/DSC04400.jpg \/><\/a><br \/>\n^ Pano Ost<\/p>\n<p><a href='http:\/\/ski.inmontanis.info\/d\/331341-2\/DSC04403.jpg'><img src=http:\/\/ski.inmontanis.info\/d\/331340-3\/DSC04403.jpg \/><\/a><br \/>\n^ Altes Schild am evtl. alten Lifth\u00e4uschen (siehe letzten Bericht)<\/p>\n<p><a href='http:\/\/ski.inmontanis.info\/d\/331345-2\/DSC04406.jpg'><img src=http:\/\/ski.inmontanis.info\/d\/331344-3\/DSC04406.jpg \/><\/a><br \/>\n^ St\u00fctze 15 am langen SL<\/p>\n<p>Ich w\u00e4rmte zum Schluss das Fertiggericht auf, a\u00df es und fuhr noch ca. 3-4km zum bekannten, kleinen Rastplatz in der N\u00e4he, auf dem ich bei meinen Riksgr\u00e4nsenbesuchen schon \u00f6fters geschlafen hatte &#8211; von hier aber ist er wesentlich n\u00e4her. Zog meine Skischuhe aus und trocknete die unten nass gewordene Skihose etwas au\u00dferhalb des Fahrzeugs, brachte aber nicht viel, fehlte die Sonne. Der Zug tutet hier in derGegend wohl mind. 2-3x.  Daf\u00fcr gibts hier ein TC oder DC, also ein WC ohne W.<\/p>\n<p>Durch die W\u00e4rme und die Sonneneinstrahlung ins Auto spar ich mir zwar Standheizung, daf\u00fcr l\u00e4uft der K\u00fchlschrank \u00f6fters. Ob ich den stromm\u00e4\u00dfig ausschalten sollte, wenn ich hier noch 2-3 Wochen stehen bleiben m\u00f6chte? <\/p>\n<p>Erg\u00e4nzung zum letzten Bericht:<\/p>\n<p><a href='http:\/\/extra.inmontanis.info\/d\/103466-3\/DSC04410.jpg'><img src=http:\/\/extra.inmontanis.info\/d\/103465-4\/DSC04410.jpg \/><\/a><br \/>\n^ Souvenirs aus Finnland, die K\u00fchlschrankmagnete haben allesamt ein 3D-Bild. Keine Ahnung wie das obere Zeug mit Ren bzw. Elch schmeckt.<\/p>\n<p><strong>Fr, 3.5.2024<\/strong> (Bj\u00f6rkliden)<\/p>\n<p>Morgens sah es recht nett aus, aber f\u00fcr nachmittags wird etwas Nieselregen gemeldet. Morgen dann st\u00fcrmisch, somit die Frage, ob ich nicht besser Riksgr\u00e4nsen fahren sollte (und SO nochmals hier her, wobei zwischen B und R auch 30kmFahrt (einfach) liegen),  <\/p>\n<p>Aufgrund des gestrigen Schneezustands und des f\u00fcr heute Nachmittag gemeldeten Nieselregens blieb ich auch heute bei der 3h-Parkkarte. Anscheinend k\u00f6nnte man das Parken beliebig verl\u00e4ngern (oder vielleicht auch verk\u00fcrzen), immerhin ein kleiner Vorteil.<\/p>\n<p>Schnee \u00e4hnlich wie gestern, etwas Sonne war auch zu sehen .<\/p>\n<p><a href='http:\/\/extra.inmontanis.info\/d\/103470-3\/DSC04411.jpg'><img src=http:\/\/extra.inmontanis.info\/d\/103469-4\/DSC04411.jpg \/><\/a><br \/>\n^ Raggmunk &#8211; Fertiggericht<\/p>\n<p>Am Rastplatz war um 14:30 lediglich der Platz neben den M\u00fclltonnen und dem WC frei, den ich nicht wollte, weil vielleicht zu laut. Also fuhr ich zum n\u00e4chsten eigentlich bekannten Parkplatz, der gr\u00f6\u00dfer w\u00e4re. Er war im Inneren auch ger\u00e4umt, aber an der Einfahrt lag ein riesiger Schneehaufen. Der n\u00e4chste Platz war als Notplatz eher untauglich; danach als vielleicht letzter vor Riksgr\u00e4nsen kam ein recht neuer, gro\u00dfer Platz, dessen Einfahrt wohl auch nicht ganz ger\u00e4umt war, wohl aber schon ein PKW und ein Camper drin stand, also fuhr ich die holprige, schneebedeckte Einfahrt rein. Etwas eigenartig, dass man auf diesem gro\u00dfen Wanderparkplatz kein Trocken-WC gebaut hat, anscheinend nur einen Grill?unterstand. Warum hier auch keine Schneemobilautos samt Anh\u00e4nger stehen?<\/p>\n<p>Der Camper fuhr sp\u00e4ter noch weg, es kamen aber noch andere \u00dcbernachtungsg\u00e4ste (DE und NL). Es blieb trocken und wurde eher noch sonniger. Der Zug hupt hier leider lauter.<\/p>\n<p>3h PC-Arbeit zogen heute Vormittag ca. 8 Ah aus der batterie. Ich hab mit dem chinesischen Kochtopf schon Fertiggerichte bzw gek\u00fchlte Nudeln mit ca. der H\u00e4lfte gew\u00e4rmt.  <\/p>\n<p>Eigentlich mag ich weder diese lange Helligkeit hier nachts jetzt zur Sommerzeit, aber fast genausowenig die lange Dunkelheit ein halbes Jahr vorher. Ich w\u00e4re von dem her vielleicht eher \u00c4quatorfan (12h Nacht, 12h Tag), aber dann g\u00e4b&#8217;s wohl keine Jahreszeiten und somit auch keinen Schnee, zumindest nicht momentan.<\/p>\n<p>Wollte mal wissen, ob T\u00e4rnaby noch offen hat, weil sie eigentlich auf der Homepage so was schrieben, dass sie Anfang Mai je nach Schnee offen bleiben w\u00fcrden, aber sind wohl doch schon zu bzw. nur noch f\u00fcr gebuchte Renntrainings offen. Daf\u00fcr k\u00f6nnte man bis 5.5. viel Geld sparen, wenn man sich die Saisonkarte 2024\/25 kauft. Puh. Sollte ich mich doch schon f\u00fcr n\u00e4chsten Winter jetzt entscheiden? Und ggf. Pech haben, falls in T\u00e4rnaby irgendwas grundlegend anders sein sollte?<\/p>\n<p>Preise bis 5.5. 5.750 SEK, bis 31.10. 6.075, danach 6.750. Schon ab 75 Jahren \u00fcbrigens gratis. 5750 w\u00e4ren derzeit 493 \u20ac. Ne, das ist mir jetzt zu viel f\u00fcr zu fr\u00fch. Bei 50% Nachlass h\u00e4tte ich wohl zugeschlagen.  <\/p>\n<p>Oweiowei. In Hemavan gibts laut Skiresort Pl\u00e4ne f\u00fcr 2 neue 6KSB, eine 2024, eine 2026, wobei erst 2026 der Centrumslift dran ist, der ja immer diese langen Schlangen hat. K\u00f6nnte aber sein, dass der SL als Windschutz dann stehen bleibt und wie der SL neben der Kombibahn vielleicht sogar dauerhaft offen ist. Die 2024er scheint wohl eine Neuerschlie\u00dfung am linken Skigebietsrand zu werden:<\/p>\n<blockquote class=\"wp-embedded-content\" data-secret=\"So6zvBVLZJ\"><p><a href=\"https:\/\/www.freeride.se\/hemavan-bygger-nytt-skidomrade-systerskalet\/\">Hemavans nya omr\u00e5de Systerskalet: 7 nya backar och 3 liftar<\/a><\/p><\/blockquote>\n<p><iframe loading=\"lazy\" class=\"wp-embedded-content\" sandbox=\"allow-scripts\" security=\"restricted\" style=\"position: absolute; visibility: hidden;\" title=\"\u201dHemavans nya omr\u00e5de Systerskalet: 7 nya backar och 3 liftar\u201d &ndash; Freeride\" src=\"https:\/\/www.freeride.se\/hemavan-bygger-nytt-skidomrade-systerskalet\/embed\/#?secret=uUYdkA2Pa7#?secret=So6zvBVLZJ\" data-secret=\"So6zvBVLZJ\" width=\"600\" height=\"338\" frameborder=\"0\" marginwidth=\"0\" marginheight=\"0\" scrolling=\"no\"><\/iframe><\/p>\n<p>Ab heute f\u00fcr den Rest der Saison g\u00e4b&#8217;s in Riksgr\u00e4nsen auch Nachtski am FR und SO 22:00-0:30 Uhr an den Sesselliften. Mal abgesehen von den Parkgeb\u00fchren, dem bescheuerten Sesseleinstiegsregimes hab ich um die Uhrzeit auch einfach keine Lust.<\/p>\n<p><strong>Sa, 4.5.2024<\/strong> (Riksgr\u00e4nsen)<\/p>\n<p>Zum Zimtpulver in der kalten Milch: l\u00f6st sich leider auch nach Tagen nicht richtig auf.<\/p>\n<p>Die Parkpl\u00e4tze unterm Katterj\u00e5kk-KSSL waren auch etwas schwierig anzufahren, da es am oberen Parkplatz zwischen Parkplatz und Zufahrt einen h\u00f6heren Schneematschbereich gab, der so aussah, als k\u00f6nnte man da stecken bleiben. Raufw\u00e4rts mit Schwung dr\u00fcber gefahren. Lyca empf\u00e4ngt hier am Parkplatz allerdings so gut wie nix.<\/p>\n<p><a href='http:\/\/ski.inmontanis.info\/d\/331229-2\/DSC04414.jpg'><img src=http:\/\/ski.inmontanis.info\/d\/331228-3\/DSC04414.jpg \/><\/a><br \/>\n^ Katterj\u00e5kk-Parkplatz mit etwas unsch\u00f6nem, matschigen Schnee an der Einfahrt<\/p>\n<p>Ansonsten liegt hier momentan noch genug Schnee f\u00fcr Lift und Abfahrt, zumal es ja demn\u00e4chst wieder k\u00e4lter werden soll, tags\u00fcber nur um oder knapp unter 0\u00b0 und nachts bis zu -12\u00b0 gemeldet. Von DO-SO ist sogar einiges an Neuschnee angek\u00fcndigt. Aber ob das noch bis Ende Mai reicht, darf schon bezweifelt werden.<\/p>\n<p>Beim Raufgehen \u00fcberlegte ich mir, ob ich mir das wirklich nun bis zu 20 Tage antun will (ein paar Regentage werden  wohl ausfallen), eigentlich ja nicht, aber im Gegensatz zu einer Skitour ist es dann doch wieder ertr\u00e4glich, die paar hundert Meter zum Lift zu laufen, solang der f\u00e4hrt.  <\/p>\n<p><a href='http:\/\/ski.inmontanis.info\/d\/331233-2\/DSC04415.jpg'><img src=http:\/\/ski.inmontanis.info\/d\/331232-3\/DSC04415.jpg \/><\/a><br \/>\n^ Zugang zum KSSL, Bahn-Unterf\u00fchrung, kann im Fr\u00fchjahr schwierig sein. Ich hielt mich ganz links und blieb trocken<\/p>\n<p>Die Verbindung vom unteren KSSL zu den oberen Liften war an einer Stelle auch schon aper und wurde nicht mehr pr\u00e4pariert. Alternativ m\u00fc\u00dfte man zur DSB runterfahren. Die Pisten waren morgens eisig hart gefroren, die Sicht schlecht und es gab einige unsehbare, unsch\u00f6ne Pr\u00e4parierungsabs\u00e4tze.  <\/p>\n<p>Es graupelte hin und wieder, aber der Sturm war nicht so stark und die Sessellifte schienen in Betrieb, aber ich blieb vorsichtshalber an den SL und machte hin und wieder eine Pause in der kleinen V\u00e4rmestuga, die selbst um 12 Uhr komplett leer war. <\/p>\n<p><a href='http:\/\/ski.inmontanis.info\/d\/331237-2\/DSC04418.jpg'><img src=http:\/\/ski.inmontanis.info\/d\/331236-3\/DSC04418.jpg \/><\/a><br \/>\n^ In der V\u00e4rmestuga h\u00e4ngt eine sch\u00f6ne alte Karte, der Bereich Nordskandinaviens nennt sich also Nordkalotten.<\/p>\n<p><a href='http:\/\/ski.inmontanis.info\/d\/331241-2\/DSC04420.jpg'><img src=http:\/\/ski.inmontanis.info\/d\/331240-3\/DSC04420.jpg \/><\/a><br \/>\n^ .. wie gesagt, die Karte ist etwas \u00e4lter. Damals gab&#8217;s noch die UdSSR. Damals konnte man noch \u00fcber die Grenze nach Russland fahren.<\/p>\n<p>Beim Blick auf die Karte w\u00fcrd ich ja schon irgendwie gern nochmals rauf in den Norden fahren, aber einerseits mit dem Auto-Service vielleicht problematisch, dann die teuren Spritkosten in Norwegen und naja, ich war ja auch erst bei meiner letzten Skandinavienreise dort oben und es ist schon immer eine ewige Fahrerei alles und was will ich dann jeweils dort.<\/p>\n<p>DIe befahreneren Pisten wurden noch etwas weicher, aber ich h\u00f6rte trotzdem um 14 Uhr auf. Fuhr auf der anderen Seite durch die Unterf\u00fchrung und nach der Untef\u00fchrung gab es nochmals eine Pf\u00fctze aus der eigentlich etwas Schnee ragte, aber zuf\u00e4llig sto\u00df ich meinen Stecken rein und der ging ca. 30cm in die Pf\u00fctze rein, also stieg ich lieber die kleine B\u00f6schung links hinauf. <\/p>\n<p><a href='http:\/\/ski.inmontanis.info\/d\/331245-2\/DSC04422.jpg'><img src=http:\/\/ski.inmontanis.info\/d\/331244-3\/DSC04422.jpg \/><\/a><br \/>\n^ Der Schnee um die Zugstrecke ist recht schwarz &#8211; nein, es fahren keine Dampfz\u00fcge ;)<\/p>\n<p>Nachmittags ging&#8217;s noch zum Supermarkt in Riksgr\u00e4nsen, zwar in Gegenrichtung zu Bj\u00f6rkliden morgen, aber ich musste ja eh noch einkaufen und wollte auch was f\u00fcr heut Abend mitnehmen. WC gibt&#8217;s hier auch, aber man darf nur 1h parken.<\/p>\n<p>Am Ausgang im kleinen Caf\u00e9-Bereich gibt&#8217;s  sogar einen Mikrowellenofen, also nahm ich mir ein TK-Fertiggericht mit, w\u00e4rmte es dort und ging dann aber zum Auto, da ich ja jetzt kein Besteck dabei hatte. K\u00f6nnte man nat\u00fcrlich die n\u00e4chsten Wochen h\u00e4ufiger machen. <\/p>\n<p>Gegen\u00fcber am kostenpflichtigen Aimo-Parkplatz stehen trotz Campingverbots einige Camper und den Matten am Fenster nach auch nachts. D.h. die zahlen hier den Tagestarif und k\u00f6nnten trotzdem wg. Campings bestraft werden?! W\u00e4r mir zu risikant. <\/p>\n<p><a href='http:\/\/extra.inmontanis.info\/d\/103474-3\/DSC04424.jpg'><img src=http:\/\/extra.inmontanis.info\/d\/103473-4\/DSC04424.jpg \/><\/a><br \/>\n^ Der teurere Oatly-Schoko-Deluxe im K\u00fchlragel hatte noch einen Drehverschluss, den kann man wenigstens fest schlie\u00dfen. Aber leider ist er angewachsen und man braucht noch die Schere. Wird heutzutage eigentlich nur noch M\u00fcll produziert??? Jaja, besser als ganz ohne Verschluss wie die anderen Milchkakaos in Schweden. <\/p>\n<p>Hab heut mal wieder meine Finanzen gecheckt. Depots haben sich weiterhin etwas erholt und der Goldkurs ging ja quasi durch die Decke in letzter Zeit. &#8220;Da h\u00e4tte man letztes Jahr doch noch mehr kaufen sollen&#8221; &#8211; aber wer wei\u00df, wie der Kurs sein wird, wenn ich es mal verkaufen muss. Mittlerweile aber den Verlust, wenn auch nicht ganz die Inflation eingeholt.<\/p>\n<p><strong>So, 5.5.2024<\/strong> (Bj\u00f6rkliden) &#8211; Saisonskitag 175<\/p>\n<p>Da es morgens bedeckt war und aufgrund der gestrig eisigen Pisten \u00fcberflog ich etwas meine UK-Berichte von 2022, weil ich etwas Zweifel hatte, was ich so lang im UK machen sollte, aber damals hatte ich ja wirklich fast jeden Tag irgendwas angesehen oder gemacht, irgendein interessantes Museum, Castle oder sonst Verlassenes lag wohl immer auf dem Weg. Aber die Sachen (oder die meisten davon) will ich ja nicht schon wiedre besuchen (Trams&#038;Co nat\u00fcrlich schon), da ich zudem in SE noch das Autoservice machen muss, k\u00f6nnte ich auch mal wieder weiter hinauf nach Schottland in die Highlands, auch wenn mich Schottland 2022 ja recht genervt hat.  (Ortsdurchfahrten Hauptstra\u00dfen 30 km\/h, aus Scherheitsgr\u00fcnden fast alle Castle-Ruinen geschlossen, die damals noch laufende Tram im Summerleemuseum seit kurz danach nicht mehr in Betrieb ist, Helmpflicht im Mattenskigebiet Midlothian etc.). <\/p>\n<p>Wirral Tram ist auch fraglich, wann sie wieder l\u00e4uft (wurde verkauft), Heaton geht zumindest aktuell wg. eines Problems nicht, Black Country Museum hat die Tram ja schon jahrelang nicht offen wg. irgendwelcher Umbauma\u00dfnahmen, die Trolleybusse in Beamish fahren wohl auch noch nicht, Blackpool hab ich ja schon erw\u00e4hnt, etc. etc.  :(  Wobei ich diesmal auch endlich mal wieder den S\u00fcden etwas besuchen m\u00f6chte, also zum Schluss der Reise, da w\u00e4re ich 2022 ja etwas zu sp\u00e4t dran gewesen, das sollte heuer besser klappen ca. Ende September. Im Juni ist es mir da nat\u00fcrlich zu warm im S\u00fcden.<\/p>\n<p>Bliebe noch die Frage, wenn Schottland, dann vor oder nach der Isle of Man, wann macht es temperaturm\u00e4\u00dfig (=s\u00fcdlicher zu warm) und m\u00fcckenm\u00e4\u00dfg mehr Sinn?! <\/p>\n<p>Um kurz nach 10 Uhr war ich dann in Bj\u00f6rkliden, heute letzter Betriebstag und soviel mal wieder zum wolkenlos gemeldeten Sonntag heute, es war bedeckt, die Bergstationen in Nebelwolken und es graupelte leicht.<\/p>\n<p>Da man anscheinend auf der App ja nachtr\u00e4glich verl\u00e4ngern kann, w\u00e4hlte ich erst mal wieder 3 Stunden Parkzeit.<\/p>\n<p>Los war heut weniger als vorgestern, Pisten noch recht hart, aber ab 11e weicher werdend, mittlerweile mehr und mehr schneearme Stellen. Nach den letzten Winter-Wochen in Finnland so mit dem Fr\u00fchjaher und Saisonende konfrontiert zu werden, ist doch traurig.<\/p>\n<p>Bj\u00f6rkliden entt\u00e4uschte heuer wie Storlien, was die Skigebiete auf der Scandinavian Saisonkarte angng. Vielleicht w\u00e4r Storlien Mitte\/Ende April sch\u00f6ner gewesen Sollte ich mal wieder den Scandinavian Skipass haben und nicht wg. eines zus\u00e4tzlichen finnischen Saisonpasses im hohen Norden sein, w\u00fcrd ich den April wohl lieber im Bereich \u00d6stersund verbringen. Wobei ich ja auch schon Pech hatte in \u00c5re mit kaum Sulz und viel harten Pisten.<\/p>\n<p>Offpiste war es heute sehr hart, aber tragend, also besser als Bruchharsch oder Sumpfschnee, daher noch ein paar der unpr\u00e4parierten Abfahrten und Varianten gefahren, nicht sch\u00f6n, nicht knieschonend, aber abwechslungsreicher und daher den Parkplatz verl\u00e4ngert. Um die Kosten f\u00fcr&#8217;n Parkplatz kann man mehr als 1 Tag von satt werden. Ne ne, also sollte ich n\u00e4chstes Mal wieder den Scandinavian Skipass haben, werd ich mir den Umweg f\u00fcr Bj\u00f6rkliden und Riksgr\u00e4nsen nicht antun, auch Absiko und Kittelfj\u00e4ll w\u00fcrde ich n\u00e4chstes Mal wieder auslassen. Dann wohl lieber doch diese bl\u00f6de neue Outby-Keycard kaufen und Edsasdalen, Klimpfj\u00e4ll und Nalovardo besuchen. \u00c0 propos Klimfpj\u00e4ll, der S\u00fcd-SL ist da auch schon zu, haben wohl auch weniger Schnee als sonst manchmal im Mai.<\/p>\n<p>Als ich dann vor 14:15 den Parkplatz nochmals verl\u00e4ngerte, bemerkte ich, dass 1515, also 5h, ja noch gar nicht der Tagestarif gewese w\u00e4re (79 statt 84). Da ich aber nun essen wollte, falls die V\u00e4rmestuga am letzten Tag nicht bis zum Liftbetriebsschluss offen h\u00e4tte, verl\u00e4ngerte ich also bis 17 Uhr und a\u00df erst.<\/p>\n<p>Es blieb offpiste gefroren (au\u00dfer zum Schluss etwas im flachen, unteren Wald, dort sumpfig), auch die Pisten wurden nicht alle weich. Am Tellerlift um 16:00 gefrorener Sulz, daher um 16:15 aufgeh\u00f6rt. Aus dem Lautsprecher an der Tellerlifttalstation dr\u00f6hnte gerade das 1982er Lied &#8220;Major Tom v\u00f6llig losgel\u00f6st&#8221; und zwar in der deutschen Fassung!<\/p>\n<p><a href='http:\/\/ski.inmontanis.info\/d\/331349-2\/DSC04425.jpg'><img src=http:\/\/ski.inmontanis.info\/d\/331348-3\/DSC04425.jpg \/><\/a><br \/>\n^ Abfahrt am Tellerlift<\/p>\n<p><a href='http:\/\/ski.inmontanis.info\/d\/331353-2\/DSC04426.jpg'><img src=http:\/\/ski.inmontanis.info\/d\/331352-3\/DSC04426.jpg \/><\/a><br \/>\n^ Verbindungsweg vom Tellerlift zu den anderen SL, da war man wohl zu faul, schon vor ein paar Tage ein bisschen Schnee hinzufahren<\/p>\n<p><a href='http:\/\/ski.inmontanis.info\/d\/331357-2\/DSC04427.jpg'><img src=http:\/\/ski.inmontanis.info\/d\/331356-3\/DSC04427.jpg \/><\/a><br \/>\n^ Abfahrt 8<\/p>\n<p><a href='http:\/\/ski.inmontanis.info\/d\/331361-2\/DSC04429.jpg'><img src=http:\/\/ski.inmontanis.info\/d\/331360-3\/DSC04429.jpg \/><\/a><br \/>\n^ Variante ganz rechts<\/p>\n<p><a href='http:\/\/ski.inmontanis.info\/d\/331365-2\/DSC04430.jpg'><img src=http:\/\/ski.inmontanis.info\/d\/331364-3\/DSC04430.jpg \/><\/a><br \/>\n^ Variante ganz rechts, hier zwischen den B\u00e4umchen gefiel&#8217;s mir<\/p>\n<p><a href='http:\/\/ski.inmontanis.info\/d\/331369-2\/DSC04431.jpg'><img src=http:\/\/ski.inmontanis.info\/d\/331368-3\/DSC04431.jpg \/><\/a><br \/>\n^ Weil die normale Strecke etwas schneearm aussah, probierte ich es mal, ob man da in dem Bereich durchk\u00e4me. Naja, bissl Schieben musste man da im Flachteil dann doch ..<\/p>\n<p><a href='http:\/\/ski.inmontanis.info\/d\/331373-2\/DSC04432.jpg'><img src=http:\/\/ski.inmontanis.info\/d\/331372-3\/DSC04432.jpg \/><\/a><br \/>\n^ .. und landete pl\u00f6tzlich im Flussgraben. Bin aber nicht geradeaus, sondern rechts ..<\/p>\n<p><a href='http:\/\/ski.inmontanis.info\/d\/331377-2\/DSC04433.jpg'><img src=http:\/\/ski.inmontanis.info\/d\/331376-3\/DSC04433.jpg \/><\/a><br \/>\n^ .. sondern lieber oberhalb geblieben.<\/p>\n<p><a href='http:\/\/ski.inmontanis.info\/d\/331381-2\/DSC04434.jpg'><img src=http:\/\/ski.inmontanis.info\/d\/331380-3\/DSC04434.jpg \/><\/a><br \/>\n^ Blick ins Hauptgebiet zu den 3 SL<\/p>\n<p><a href='http:\/\/ski.inmontanis.info\/d\/331385-2\/DSC04438.jpg'><img src=http:\/\/ski.inmontanis.info\/d\/331384-3\/DSC04438.jpg \/><\/a><br \/>\n^ Offpiste links<\/p>\n<p><a href='http:\/\/ski.inmontanis.info\/d\/331389-2\/DSC04441.jpg'><img src=http:\/\/ski.inmontanis.info\/d\/331388-3\/DSC04441.jpg \/><\/a><br \/>\n^ Offpiste links<\/p>\n<p><a href='http:\/\/ski.inmontanis.info\/d\/331393-2\/DSC04442.jpg'><img src=http:\/\/ski.inmontanis.info\/d\/331392-3\/DSC04442.jpg \/><\/a><br \/>\n^ <\/p>\n<p><a href='http:\/\/ski.inmontanis.info\/d\/331397-2\/DSC04443.jpg'><img src=http:\/\/ski.inmontanis.info\/d\/331396-3\/DSC04443.jpg \/><\/a><br \/>\n^ Offpiste ganz rechts, man kam durch die aperen Stellen oben noch durch. Schnee war heut komplett gefroren, aber wenigstens nicht sumpfig<\/p>\n<p><a href='http:\/\/ski.inmontanis.info\/d\/331401-2\/DSC04448.jpg'><img src=http:\/\/ski.inmontanis.info\/d\/331400-3\/DSC04448.jpg \/><\/a><br \/>\n^ Offpiste ganz rechts, diesmal den normalen R\u00fcckweg genommen. Ging auch. Nur weiter unten war der Schnee im Wald dann doch noch sumpfig<\/p>\n<p><a href='http:\/\/ski.inmontanis.info\/d\/331405-2\/ge20240502-05.jpg'><img src=http:\/\/ski.inmontanis.info\/d\/331404-3\/ge20240502-05.jpg \/><\/a><br \/>\n^ GPS-Track 2.\/3.\/5.5.2024 in Orange\/Rosa\/T\u00fcrkis. Vorherige Besuche in Hellgelb<\/p>\n<p>Durch die warmen Temperaturen, nachmitt\u00e4gliche Sonne, die 30km Fahrt nach Riksgr\u00e4nsen und retour und sparsamer Umgang, ist meine Batterie nach wie vor fast voll &#8211; 89% laut BMS. Allerdings kann ich momentan ja nur bis ca. 30-40% entnehmen (Garantieaustausch ist noch ausst\u00e4ndig). <\/p>\n<p>\u00dcbernachtet wird heute nochmals am bj\u00f6rklidennahen Rastplatz mit Trockenklo, den ich von Riksgr\u00e4nsen aus wohl nicht anfahren werde, da es n\u00e4here M\u00f6glichkeiten gibt. Au\u00dfer ich will etwas mehr Batterie nachladen.<\/p>\n<p>Letzter Skitag heute auch in einigen norwegischen Skigebieten bei teils \u00fcber 10\u00b0, zB. in Tyin mit allen Liften, 95cm Schnee und 20% Rabatt auf die Tagskarte.<\/p>\n<p>Als ich eh etwas sp\u00e4t erst nach 23 Uhr ins Bett kam, stellte sich noch so ein Arschloch mit seinem Van direkt neben mich und l\u00e4rmte bis 1 Uhr und machte sicherlich mind. 50x die Schiebet\u00fcr auf oder zu. Um 3 Uhr (ich war imer noch nicht richtig eingeschlafen) machte er die T\u00fcr nochmals auf, ging raus und machte eigenartige Ger\u00e4usche. Sein lautes Schnarchen wenig sp\u00e4ter war auch zuh\u00f6ren.<\/p>\n<p><strong>Mo, 6.5.2024<\/strong> (Riksgr\u00e4nsen)<\/p>\n<p>Ab dem sp\u00e4ten VormiIttag war&#8217;s sonnig, Pisten blieben aber hart, Offpiste somit auch unlohnenswert. Da zur DSB ja nur die Skiwegabfahrt offen ist, an deren Ende man auch noch schieben muss, w\u00fcrde ich da derzeit nur dann runterfahren wollen, wenn ich ins WC oder das Restaurant schauen wollte (was sie f\u00fcr ein Tagesgericht heute haben, aber bei 155  bin ich da eh nicht so scharf drauf), alternativ gibts ja oben an den SL das kleine Cafe bzw.  ein Trockenklo . 3SB  fuhr ich halt mal, die hat oben wenigstgens 2,5 pr\u00e4parierte Abfahrten. Nachmittags hier eh angenehmer heute, weil an den SL der zuvor etwas aufgeweichte Sulz wieder anfror und an der 3SB die Pisten noch hart und teils unbenutzt waren. Daher aber auch um 14:40, nach ca. 3 Stunden, aufgeh\u00f6rt, trotz des wolkenlosen Sonnenscheins. <\/p>\n<p>Im Gegensatz zum Samstag war heute wieder der Spie\u00dfrutenlauf an der KSSL-Talstation gesteckt, aber als ich da war, diesmal zum Gl\u00fcck mit einer Abk\u00fcrzungs\u00f6ffnung.<\/p>\n<p><a href='http:\/\/ski.inmontanis.info\/d\/331249-2\/DSC04450.jpg'><img src=http:\/\/ski.inmontanis.info\/d\/331248-3\/DSC04450.jpg \/><\/a><br \/>\n^ Bj\u00f6rkliden-Riksgr\u00e4nsen<\/p>\n<p><a href='http:\/\/ski.inmontanis.info\/d\/331253-2\/DSC04452.jpg'><img src=http:\/\/ski.inmontanis.info\/d\/331252-3\/DSC04452.jpg \/><\/a><br \/>\n^ Bj\u00f6rkliden-Riksgr\u00e4nsen<\/p>\n<p><a href='http:\/\/ski.inmontanis.info\/d\/331257-2\/DSC04457.jpg'><img src=http:\/\/ski.inmontanis.info\/d\/331256-3\/DSC04457.jpg \/><\/a><br \/>\n^ Skigebiet Riksgr\u00e4nsen von der Stra\u00dfe aus (SL-Bereich links)<\/p>\n<p><a href='http:\/\/ski.inmontanis.info\/d\/331261-2\/DSC04462.jpg'><img src=http:\/\/ski.inmontanis.info\/d\/331260-3\/DSC04462.jpg \/><\/a><br \/>\n^ Die Unterf\u00fchrung auf dem Weg zum KSSL war heute einfacher<\/p>\n<p><a href='http:\/\/ski.inmontanis.info\/d\/331265-2\/DSC04463.jpg'><img src=http:\/\/ski.inmontanis.info\/d\/331264-3\/DSC04463.jpg \/><\/a><br \/>\n^ Unterer KSSL, der ja leider nur von 10-12 Uhr offen ist. Die Abfahrt ist aber auch flach und bei Gegenwind unlohnenswert<\/p>\n<p><a href='http:\/\/ski.inmontanis.info\/d\/331269-2\/DSC04469.jpg'><img src=http:\/\/ski.inmontanis.info\/d\/331268-3\/DSC04469.jpg \/><\/a><br \/>\n^ Offpiste-Event links vom Kurven-SL<\/p>\n<p><a href='http:\/\/ski.inmontanis.info\/d\/331273-2\/DSC04471.jpg'><img src=http:\/\/ski.inmontanis.info\/d\/331272-3\/DSC04471.jpg \/><\/a><br \/>\n^ Kurven-SL und KSSL, heuer war am Kurven-SL leider gar keine Abfahrt pr\u00e4pariert &#8211; wenigstens die Diagonale dazwischen, die aber auch schon schmal ist und apere Stellen hat<\/p>\n<p><a href='http:\/\/ski.inmontanis.info\/d\/331277-2\/DSC04472.jpg'><img src=http:\/\/ski.inmontanis.info\/d\/331276-3\/DSC04472.jpg \/><\/a><br \/>\n^ Tellerlift<\/p>\n<p><a href='http:\/\/ski.inmontanis.info\/d\/331281-2\/DSC04473.jpg'><img src=http:\/\/ski.inmontanis.info\/d\/331280-3\/DSC04473.jpg \/><\/a><br \/>\n^ Kurven-SL links der Event<\/p>\n<p><a href='http:\/\/ski.inmontanis.info\/d\/331285-2\/DSC04474.jpg'><img src=http:\/\/ski.inmontanis.info\/d\/331284-3\/DSC04474.jpg \/><\/a><br \/>\n^ Offpiste-Event<\/p>\n<p><a href='http:\/\/ski.inmontanis.info\/d\/331289-2\/DSC04478.jpg'><img src=http:\/\/ski.inmontanis.info\/d\/331288-3\/DSC04478.jpg \/><\/a><br \/>\n^ Kurven-SL und Offpiste-Event<\/p>\n<p><a href='http:\/\/ski.inmontanis.info\/d\/331293-2\/DSC04479.jpg'><img src=http:\/\/ski.inmontanis.info\/d\/331292-3\/DSC04479.jpg \/><\/a><br \/>\n^ Links der 3SB<\/p>\n<p><a href='http:\/\/ski.inmontanis.info\/d\/331297-2\/DSC04480.jpg'><img src=http:\/\/ski.inmontanis.info\/d\/331296-3\/DSC04480.jpg \/><\/a><br \/>\n^ Rechts der 3SB mit der DSB<\/p>\n<p><a href='http:\/\/ski.inmontanis.info\/d\/331301-2\/DSC04482.jpg'><img src=http:\/\/ski.inmontanis.info\/d\/331300-3\/DSC04482.jpg \/><\/a><br \/>\n^ R\u00fcckseite vom Skigebiet Narvik, da w\u00fcrd ja nicht viel fehlen, dass man zum Fjord sehen k\u00f6nnte.<\/p>\n<p><a href='http:\/\/ski.inmontanis.info\/d\/331305-2\/DSC04486.jpg'><img src=http:\/\/ski.inmontanis.info\/d\/331304-3\/DSC04486.jpg \/><\/a><br \/>\n^ Blick ins Skigebiet Riksgr\u00e4nsen vom norwegischen Parkplatz vor der Grenze aus &#8230;<\/p>\n<p><a href='http:\/\/ski.inmontanis.info\/d\/331309-2\/DSC04487.jpg'><img src=http:\/\/ski.inmontanis.info\/d\/331308-3\/DSC04487.jpg \/><\/a><br \/>\n^ .. man sieht DSB, 3SB und paar Offpisteh\u00e4nge<\/p>\n<p>Nachmittags dann wieder einkaufen, im Supermarkt essen und \u00fcber die Grenze zum Parkplatz in Norwegen. Ca. 5km weniger als der gro\u00dfe Wanderparkplatz weiter \u00f6stlich in Schweden, wo ich zuletzt war. Kaufte mir einen Schinken-K\u00e4se-Paj (also Quiche) und als Nachspeise einen Wilhelm-Tell-Donut (Apfel\/Zimt), zwar etwas kleiner als die Zimtschnecke (gleicher Preis hier 9,90), aber auch lecker. An einer Lasagne gesehen, dass Garfield hier in Schweden &#8220;Gustaf&#8221; hei\u00dft?! \u00dcbrigens, in Norwegen &#8220;Pusur&#8221;, in Finnland &#8220;Karvinen&#8221; &#8230;<\/p>\n<p>\u00dcberraschenderweise war der Parkplatz an der Grenze in NO komplett leer (letztes Mal ja fast komplett voll), zumindest auf der einen Seite, auf der anderen standen ja nach wie vor etliche Wohnw\u00e4gen. Nachteilig ist hier aber auch, dass er von der Strase her abfallend ist, dh. ich liege falsch. Und dass ich manchmal keinen Lyca-Empfang hab. <\/p>\n<p>Bin die Tage auch mal ein anderes Thema angegangen, das von Jahr zu Jahr nerviger wird in vielen westlichen L\u00e4ndern: Umweltzonen &#038; Co. Das is mittlerweile europaweit ein heilloses Durcheinander und es gibt ja immer mehr L\u00e4nder, St\u00e4dte, mal muss man sich registrieren, mal braucht man einen Aufkleber usw. &#8211; was man da nicht alles bedenken muss! Es soll in Italien sogar einen autofreien Sonntag an jedem ersten Sonntag im Monat im Winterhalbjahr geben!?<\/p>\n<p><a href='https:\/\/urbanaccessregulations.eu'>https:\/\/urbanaccessregulations.eu<\/a><\/p>\n<p>Sp\u00e4ter noch gesehen, dass das Skigebiet in Narvik nun wegen Schneemangel nur noch heute und morgen offen hat, d.h. selbst am MI ist nicht mehr offen und ihr Feiertags-WE f\u00e4llt dann leider auch weg. Nur gut, dass ich mir da die letzten Tage nicht noch eine 8-Tageskarte gekauft hab &#8230; da w\u00e4rste ja dann komplett angschmiert. Pisten werden allerdings jetzt gar nicht mehr pr\u00e4pariert laut Website, man morgen also auf dem heutigen M\u00fcll fahren darf, falls es anfrieren und nicht tauen sollte. Und eben nur noch EUB + unterer SL offen.<\/p>\n<p>Rein batteriem\u00e4\u00dfig k\u00f6nnte ich wohl noch einige Tage so aushalten, eine Fahrt nach Narvik und retour w\u00fcrde die Betterie allein durch die Fahrt komplett laden, 2 N\u00e4chte sollten sich hier noch problemlos ausgehen. Bl\u00f6des Timing jetzt. Die 21-28\u00b0 nachmittags im sonnengew\u00e4rmten Auto sind derzeit jedenfalls angenehm.<\/p>\n<p>Folgende M\u00f6glichkeiten also:<br \/>\na) ich fahr morgen DI nach Narvik, kauf mir um 1500 den 3h-Pass, bleib nur bis MI Mittag und hoffe auf noch trockenes Skifahren am MI fr\u00fchen Nachmittag in Riksgr\u00e4nsen. Mittlerweile wird erst f\u00fcr DO-SA Regen+Schnee gemeldet, wobei es ja tw. auch nur nachts sein k\u00f6nnte<br \/>\nb) ich fahr morgen DI nach Narvik, kauf mir um 1500 den 3h-Pass und bleib bis FR oder SA, je nachdem wann dann wieder besseres Wetter in R. gemeldet wird und in der Hoffnung, dass der Parkplatz offen bleibt, wenn die Gondelbahn zu ist (ich denk ja schon) und spar mir das Schlechtwetterskifahren in Riksgr\u00e4nsen; danach w\u00e4r wieder sonnig gemeldet<br \/>\nc) ich fahr morgen DI+MI noch in Riksgr\u00e4nsen, weil DI sonnig und MI evtl. um Mittag noch trocken und Batterie noch reicht und weil in Narvik kaum noch was offen ist und ich ja im nahen Ankenes heuer schon Ski gefahren bin und mein rechter Arm keine sonderliche Lust auf Ski hochheben bei jeder Gondelbahnfahrt hat, fahr dann am MI nach Narvik zum Batterieladen und bleib bis SA am Parkplatz (sofern offen; bei ziemlichen Regen und mit viel Sitzen am PC, Ausn\u00fctzen vom Strom, Planen der restlichen Reise ins UK)   <\/p>\n<p>Grundlegend bescheuert ist, dass am DO Feiertag ist, wenn das Wetter so bescheiden gemeldet wird und ich dann ggf. noch dazu an einem Stellplatz mit Strom stehe.<\/p>\n<p>Zudem muss ich ja vorher einkaufen, bevor ich zum Platz fahr, d.h. ich muss mir dann zuvor im Klaren sein, wie lang ich stehen will, wieviel ich einkaufen will.  <\/p>\n<p>Ein deutscher Opel kam heut noch mit Dachzelt an den Parkplatz, da konnte ich etwas beim Aufbauen zusehen. Der erste Akt geht ja recht schnell, Leiter und das Dachzeug einmal rumheben und schon steht das Zelt am Dach, aber anschenend m\u00fcssen noch einige andere Sachen gemacht werden, eine zus\u00e4tzliche Plane dr\u00fcber eingeh\u00e4ngt\/verzurrt. Das machen zu m\u00fcssen, wenn es gerade regnet? Nicht spa\u00dfig. Plus wesentlich lauter, auffallender, die Leiter, w\u00e4r nix f\u00fcr mich. <\/p>\n<p><strong>Di, 7.5.2024<\/strong>  (Riksgr\u00e4nsen)<\/p>\n<p>Als ich um 7 aufstand, waren die beiden schon weg. Es war auch sehr st\u00fcrmisch. Wobei morgen noch st\u00fcrmischer gemeldet wird, also fraglich sein wird, ob morgen irgendwas geht. F\u00fcr DO+FR werden mittlerweile 20mm NIederschlag gemeldet, also je nach Schneefallgrenze vielleicht 20-30cm Schnee. Plus Verwehung nat\u00fcrlich.<\/p>\n<p>Trotz des starken Sturmes heute am Parkplatz liefen die beiden Sessellifte, an den SL aber nerviger Gegenwind beim Abfahren, die Sonne konnte heute die Pisten noch weniger auffirnen. <\/p>\n<p>Dann lieber die im Tagesverlauf pappigen Verh\u00e4ltnisse am M\u00f6lltaler letztes Jahr? Interessanter ist er schon irgendwie.  Sobald aber die Panorama-DSB mit der geplanten 8KSB ersetzt wird, wird er f\u00fcr mich wohl ziemlich gestorben sein. Saisonkarte w\u00fcrde jetzt 529,- kosten bis Ende Mai; relevant nicht mehr f\u00fcr diese Sasion, aber ggf. f\u00fcr n\u00e4chstes Fr\u00fchjahr in Kombination mit diesem Jahresende, falls ich via Skifahren in SK\/CZ\/PL nach Skandinavien und fr\u00fcher wiedder retour fahren m\u00f6chte. Aber vmtl. w\u00e4re dann ein Kauf f\u00fcr die folgende Saison sinnvoller. Au\u00dfer die DSB w\u00fcrde dann ersetzt werden.<\/p>\n<p><a href='http:\/\/ski.inmontanis.info\/d\/331313-2\/DSC04488.jpg'><img src=http:\/\/ski.inmontanis.info\/d\/331312-3\/DSC04488.jpg \/><\/a><br \/>\n^ Riksgr\u00e4nsen von Norwegen aus<\/p>\n<p>Hab um 14 Uhr aufgeh\u00f6rt, komplett unspa\u00dfig dieser eisige Wind und die eisigen Pisten. Und weil es morgen ja mindestens gleich stark windig (und nur bis Mittag Sonne) gemeldet wird, spar ich mir den Fu\u00dfweg rauf zum KSSL.  Fraglich, ob Narvik heute besser gegangen w\u00e4re (oder gehen w\u00fcrde, da sie ja erst nach 15 Uhr aufmachen).<\/p>\n<p>Ich a\u00df wieder im Supermarkt (obwohl mir die Batterie noch zum Kochen gereicht h\u00e4tte) und fuhr wieder zum Parkplatz hinter der Grenze, wo es heute \u00fcberraschenderweise recht hohen Lyca-Empfang aus SE gab. Leider sieht man auf der Lyca-Website nicht, wievel EU-Roaming-Daten man verbraucht hat &#8211; das soll ja limitiert sein und ich war ja einige Wochen in Finnland und die n\u00e4chsten Tage nochmals in Norwegen &#8230;    <\/p>\n<p>Ich hab ja auch nach wie vor die komplette Winterkleidung an, also Thermohose, dicker Pulli, abends im Auto auch mal beide Pullis \u00fcbereinander, Winterstiefel, beim Skifahren zumeist die Heizhandschuhe, nat\u00fcrlich eine der Skibrillen mit Nasenschutz, Hals\/Mund\/Nasentuch, dicke Winterjacke  etc. &#8211; nach jetzt \u00fcber 6 Monaten w\u00fcrd ich da auch gern mal  leichtere Klediung anziehen&#8230;. Oder anders gesagt: 6 Monate Winter reichen, f\u00fcr Fr\u00fchling sollte auch mal Platz sein. Der wird f\u00fcr mich heuer ausfallen, auf dem Weg nach S\u00fcden werd ich dann sicherlich schnell 25-35\u00b0 haben<\/p>\n<p>&#8212;<\/p>\n<p>Na witzig: &#8220;Laut dem Urteil des Bundesverfassungsgerichts von 1972 sind offensichtlich alle Menschen mit deutscher Staatsb\u00fcrgerschaft (auch) \u201eReichsb\u00fcrger\u201c, also Staatsb\u00fcrger des Deutschen Reiches.&#8221;<br \/>\n<a href='https:\/\/anti-spiegel.ru\/2024\/sind-wir-jetzt-alle-reichsbuerger-laut-bundesverfassungsgericht-ist-das-deutsche-reich-nie-untergegangen\/'>https:\/\/anti-spiegel.ru\/2024\/sind-wir-jetzt-alle-reichsbuerger-laut-bundesverfassungsgericht-ist-das-deutsche-reich-nie-untergegangen\/<\/a><\/p>\n","protected":false},"excerpt":{"rendered":"<p>Do, 2.5.2024 (Bj\u00f6rkliden)<\/p>\n<p>Wie schon am Abend, gab es morgens am Parkplatz leichten Nieselregen, daf\u00fcr soll&#8217;s ab dem WE wieder sonniger werden. Es st\u00fcnde ja nach wie vor im Raum, n\u00e4chste Woche mehrere Tage oder eine ganze Woche in Narvik zu bleiben, aber der Schneebericht meldet nur noch 40cm Schnee, fraglich wieviele der unpr\u00e4parierten Abfarten <a href=\"http:\/\/blog.inmontanis.info\/?p=9857\">[&#8230;]<\/a><\/p>\n","protected":false},"author":1,"featured_media":9859,"comment_status":"closed","ping_status":"closed","sticky":false,"template":"","format":"standard","meta":{"footnotes":""},"categories":[912,689,636,19,27],"tags":[48,45,47],"class_list":["post-9857","post","type-post","status-publish","format-standard","has-post-thumbnail","hentry","category-2023-09-2024-xx-skandinavien","category-bjorkliden","category-riksgransen","category-schwedensweden","category-skifahren-winterskiing-winter","tag-kssl","tag-see","tag-sl","odd"],"_links":{"self":[{"href":"http:\/\/blog.inmontanis.info\/index.php?rest_route=\/wp\/v2\/posts\/9857","targetHints":{"allow":["GET"]}}],"collection":[{"href":"http:\/\/blog.inmontanis.info\/index.php?rest_route=\/wp\/v2\/posts"}],"about":[{"href":"http:\/\/blog.inmontanis.info\/index.php?rest_route=\/wp\/v2\/types\/post"}],"author":[{"embeddable":true,"href":"http:\/\/blog.inmontanis.info\/index.php?rest_route=\/wp\/v2\/users\/1"}],"replies":[{"embeddable":true,"href":"http:\/\/blog.inmontanis.info\/index.php?rest_route=%2Fwp%2Fv2%2Fcomments&post=9857"}],"version-history":[{"count":7,"href":"http:\/\/blog.inmontanis.info\/index.php?rest_route=\/wp\/v2\/posts\/9857\/revisions"}],"predecessor-version":[{"id":9871,"href":"http:\/\/blog.inmontanis.info\/index.php?rest_route=\/wp\/v2\/posts\/9857\/revisions\/9871"}],"wp:featuredmedia":[{"embeddable":true,"href":"http:\/\/blog.inmontanis.info\/index.php?rest_route=\/wp\/v2\/media\/9859"}],"wp:attachment":[{"href":"http:\/\/blog.inmontanis.info\/index.php?rest_route=%2Fwp%2Fv2%2Fmedia&parent=9857"}],"wp:term":[{"taxonomy":"category","embeddable":true,"href":"http:\/\/blog.inmontanis.info\/index.php?rest_route=%2Fwp%2Fv2%2Fcategories&post=9857"},{"taxonomy":"post_tag","embeddable":true,"href":"http:\/\/blog.inmontanis.info\/index.php?rest_route=%2Fwp%2Fv2%2Ftags&post=9857"}],"curies":[{"name":"wp","href":"https:\/\/api.w.org\/{rel}","templated":true}]}}