{"id":9853,"date":"2024-05-01T15:29:32","date_gmt":"2024-05-01T13:29:32","guid":{"rendered":"http:\/\/blog.inmontanis.info\/?p=9853"},"modified":"2024-05-09T16:42:41","modified_gmt":"2024-05-09T14:42:41","slug":"pallas-24-4-1-5-2024-abschluss-finnland","status":"publish","type":"post","link":"http:\/\/blog.inmontanis.info\/?p=9853","title":{"rendered":"Pallas, 24.4.-1.5.2024 \/ Abschluss Finnland"},"content":{"rendered":"<p><strong>Mi, 24.4.2024<\/strong><\/p>\n<p>Nachts schneite es noch ein wenig, aber der Schnee heute  Morgen am Parkplatz war nass und pappig. Wenigstens jetzt nur noch 2 Paar Ski mit Kanten, die rosten k\u00f6nnen, auf dem Dach. Fraglich nur, wann bzw. ob ich meine Tourenski noch brauchen werde&#8230; Klar, falls hier wegen Wind mal zu sein sollte, w\u00fcrde ich mit den Tourenskiern mal auf einen anderen Gipfel gehen, aber sonst?<\/p>\n<p>Am Hotel in Pallas angekommen, schneite es noch. Da ich meine &#8220;Frischwasserflasche&#8221; auff\u00fcllen wollte, hatte ich sie auf dem Bett liegen. Dumme Idee, denn die lag irgendwann auf dem Kopf und ist wohl nicht mehr ganz dicht, auch wenn sie verschraubt ist :(  Ein gro\u00dfer Wasserfleck auf dem Bett. Wenigstens nicht Schmutzwasser&#8230;<\/p>\n<p>Ich machte um 12 Uhr noch Brotzeit im Auto, ging ins Hotel aufs Klo (inkl. Nachf\u00fcllen besagter Wasserflasche), retour dann nochmals Schneefall; erst danach zum Lift. Mehr als 3h m\u00f6cht ich heut eh nicht fahren und retour am Imbisswagen nachmittags mal dieses Porokebabpita um 15,- \u20ac probieren.<\/p>\n<p>Die Munkki am Liftcaf\u00e9 hinten sind zwar etwas lauwarm, aber ich vermute, wie schon letztes Mal, dass die nicht immer frisch sind, weil sie nicht so weich wie anderswo sind. Am hinteren Lift waren dann auch 2 der Abfahrten offizielll geschlossen und wurden nicht mehr pr\u00e4pariert. Die frisch pr\u00e4parierten Pisten waren aber zumeist sch\u00f6n weich (\u00fcblliche Morgenpr\u00e4parierung dieser kleinen Gebiete). <\/p>\n<p>Knapp \u00fcber 3h geblieben, war gerade nebelig oben und fing wieder zu schneien an (unten Graupel) und die Knie fingen wieder an. Eigentlich gefiel&#8217;s mir hier heute nach 4 Tagen Yll\u00e4s+Levi besser als letztes Mal nach einer Woche Olos, einfach wieder befreiend, den Druck gro\u00dfer Skigebiete und bezahlter Tageskarten zu entgehen und mit der Saisonkarte in einem kleinen Skigebiet ein paar St\u00fcndchen zu fahren = so viel entspannter.<\/p>\n<p><a href='http:\/\/ski.inmontanis.info\/d\/331033-2\/DSC04292.jpg'><img src=http:\/\/ski.inmontanis.info\/d\/331032-3\/DSC04292.jpg \/><\/a><br \/>\n^ Vintertec-Graffer-Typenschild<\/p>\n<p><a href='http:\/\/ski.inmontanis.info\/d\/331037-2\/DSC04295.jpg'><img src=http:\/\/ski.inmontanis.info\/d\/331036-3\/DSC04295.jpg \/><\/a><br \/>\n^ Pistenraupentankstelle, wobei es hier in dem Bereich mehrere freistehende Stroms\u00e4ulen gibt<\/p>\n<p>Das Rentierkebab scheint wohl den ganzen Tag in so einer W\u00e4rme-Gastro-Box zu liegen und zwar mit einer s\u00fc\u00df-scharfen Ketchupmischung. Leider gab&#8217;s ungefragt noch Pepperoni und wohl Petersilie dazu, gleich mal weg den Schei\u00df. Essen in der Hand war unm\u00f6glich, weil viel zu viel Feuchtigkeit das eh schon weiche Pitabrot schnell durchn\u00e4sste und das ja viel zu viel war. Musste bald die Gabel nehmen. Viel Fleisch war&#8217;s allerdings, so dass ich satt wurde. Von der Sch\u00e4rfe her gerade noch OK f\u00fcr meine Verh\u00e4ltnisse.<\/p>\n<p><a href='http:\/\/extra.inmontanis.info\/d\/103426-3\/DSC04296.jpg'><img src=http:\/\/extra.inmontanis.info\/d\/103425-4\/DSC04296.jpg \/><\/a><br \/>\n^ Rentier-Kebab<\/p>\n<p><a href='http:\/\/extra.inmontanis.info\/d\/103430-3\/DSC04297.jpg'><img src=http:\/\/extra.inmontanis.info\/d\/103429-4\/DSC04297.jpg \/><\/a><br \/>\n^ Rentier-Kebab, muss man leider so essen<\/p>\n<p>Rentierfleisch schmeckt ja nicht sehr streng, nur ganz leicht nach Wild oder Lamm oder dazwischen. Zumindest nicht in so einem Kebabstatus, kann ja gestreckt sein. <\/p>\n<p>Also ja, gut war&#8217;s, aber 15 \u20ac in dem Zustand brauch ich&#8217;s  die n\u00e4chsten Tage nicht noch einmal. Und in so einem Pitabrot schmeckt ein deftiges Lammkebab eigentlich besser. Bekommt man nur so selten.<\/p>\n<p><a href='http:\/\/extra.inmontanis.info\/d\/103434-3\/DSC04299.jpg'><img src=http:\/\/extra.inmontanis.info\/d\/103433-4\/DSC04299.jpg \/><\/a><br \/>\n^ Ob der da tote Rentiere transportiert? Oder einfach nur keinen Platz im Kofferraum f\u00fcr seine Sachen hat?<\/p>\n<p>Den Wettervorhersagen nach soll&#8217;s hier leider erst ab Montag wieder sonnig werden. SA oder max. SO w\u00e4ren ja geplant. Bis dahin aber an einigen Tagen Schnee\/Nieselregen gemeldet. <\/p>\n<p>In Bj\u00f6rkliden wohl genau umgekehrt, da war es die ganzen letzten Tage recht sonnig und ist es noch ein paar Tage, aber ab Samstag dann nur noch bedeckt gemeldet, wenn ich dann kommen wollte.. <\/p>\n<p>Hab mir mal diese bescheuerte Aimoparkingapp installiert, immerhin muss man sich nicht gleich komplett mit Adresse und Kreditkarte registrieren, um die Preise zu sehen. Also so von wegen dynamisch, was die Mitarbeiter da im Skigebiet gelabert haben, man kann f\u00fcr Bj\u00f6rkliden\/Riksgr\u00e4nsen recht einfach die &#8220;Standard Fee&#8221;, alle Tage von 0-24h anzeigen lassen, etwas, was also von den Mitarbeitern unm\u00f6glich zu beantworten war, egal ob vor Ort oder via E-Mail. Der Tarif also w\u00e4re 15,- SEK pro Std. oder 80,- pro Tag zzgl 4,- Servicegeb\u00fchren!!<\/p>\n<p>Interessant w\u00e4r auch noch, ob man beim Campingplatz um die 415,- pro Nacht f\u00fcr den An- und Abreisetag noch eine Parkberechtigung bek\u00e4me, sonst w\u00e4r das ja auch komplett witzlos.  <\/p>\n<p>Bis Donnerstag k\u00f6nnte man n\u00e4chste Woche ja das Hostel buchen, sollte ich danach ab SA oder SO in Narvik sein, k\u00f6nnt ich ja die 2-3 Tage dazwischen freistehen, m\u00fcsste dann aber eben via Aimo-App max. 84,- SEK pro Tag abdr\u00fccken &#8211; oder einfach in Riksgr\u00e4nsen Ski fahren, wo man am KSSL ja noch gratis parken darf. Aber das k\u00f6nnte (&#8220;muss&#8221;) ich danach auch noch wochenlang machen. Au\u00dfer eben ich will doch nicht nach Narvik, weil kaum noch Schnee oder weil Wettervorhersagen. Ich wei\u00df  noch nicht, ob ich auf all das wirklich Lust hab? 8 Tage Narvik? 14-16 Tage lang Riksgr\u00e4nsen, jeden Tag auf einen der umliegenden Parkpl\u00e4tze schlafen und dann zum KSSL-Parklatz fahren und zum KSSL raufgehen? (Au\u00dfer es regnet, dann w\u00fcrd ich verzichten.)<\/p>\n<p><strong>Do, 25.4.2024<\/strong><\/p>\n<p>\u00dcber Nacht kamen heute 3-5cm (nasser) Neuschnee aufs Auto. Die morgens pr\u00e4parierten Abfahrten waren wieder sch\u00f6n weich (und nicht pappig). Der kalte Wind aber wieder pr\u00e4sent.<\/p>\n<p>Heute mal das Hotdog um 5 \u20ac im hinteren Liftcaf\u00e9 gekauft, im Gegensatz zu sonst standen Ketchup und Senf gar noch nicht au\u00dfen und mussten erst rausger\u00e4umt werden. Dauerte ein paar Minuten, was aber ja kein Problem war, wollte mich ja eh aufw\u00e4rmen. H\u00f6rte sich aber nach Mikrowelle an. Dann k\u00f6nnten sie auch Pizzast\u00fccke oder Pirogs anbieten. Ich nahm dann halb Ketchup\/Senf\/R\u00f6stzwiebel und halb Coleslaw, somit man halbwegs satt wurde, aber in so einem Skigebiet in NO oder SE w\u00e4re das nat\u00fcrlich g\u00fcnstiger, wobei da ja auch die Tageskarten g\u00fcnstiger w\u00e4ren.<\/p>\n<p>Tageskarte kostet hier 43,50 \u20ac (1h 26,50, 3h 39,50, 7 Tage aber nur noch 174,-).<\/p>\n<p>Da nach 15 Uhr endlich bisschen die Sonne rauskam, blieb ich halt noch bis ca. 16:30 Uhr. Lifte fahren bis ca. 17 Uhr.<\/p>\n<p><a href='http:\/\/ski.inmontanis.info\/d\/331041-2\/DSC04306.jpg'><img src=http:\/\/ski.inmontanis.info\/d\/331040-3\/DSC04306.jpg \/><\/a><br \/>\n^ Die Wartungspodeste am Vintertec-Graffer-SL sind sehr filigran befestigt und dann auch noch bei dem Rostzustand &#8230; Im Gegensatz zu anderen SL zudem auch recht tief.<\/p>\n<p>So wirklich entscheidungsfreudig war ich heut auch nicht, morgen letzter Tag hier und dann Bj\u00f6rkliden? Hab mir mal einen halben Tag morgen freigenommenm um fr\u00fcher aufh\u00f6ren zu k\u00f6nnen. Aber eben, sch\u00f6n weiche Abfahrten, nix los, da will man eigentlich gar nicht abreisen. Alternative w\u00e4r dann in Muonio mal am Sellplatz Batterie nachladen, einkaufen und nochmals hier nach Pallas fahren; allerdings wird ja f\u00fcr Samstag hier etwas Schneefall gemeldet und unter der Woche ist die weite Strecke bis Bj\u00f6rkliden auch unsch\u00f6n zu fahren &#8211; au\u00dfer dann am Mittwoch, da ist Feiertag. <\/p>\n<p>Andererseits wird&#8217;s am SA in Bj. besser als hier, was ab MO wird, ist noch unklar; Wind wird die n\u00e4chsten Tage wie heute hier gemeldet, am SA sogar etwas mehr.  Vorteil von hier w\u00e4ren die leichteren Pisten und recht schneem\u00e4\u00dfig unlohnenswerte Offpistevarianten, insofern Bj\u00f6rkliden anstrengender f\u00fcr die Knie w\u00e4re.<\/p>\n<p>Also, M\u00f6glichkeiten:<br \/>\n&#8211; wie geplant morgen FR hier fr\u00fcher aufh\u00f6ren, einkaufen, bis Karesuando, \u00fcbermorgen SA Kiruna einkaufen und Pizza essen und dann nach Bj\u00f6rkliden zum Hostel-Stellplatz, dort bis DO bleiben<br \/>\n&#8211; noch eine Nacht l\u00e4nger hier in Pallas bleiben, sollte sich stromm\u00e4\u00dfig ausgehen, dann am SO nach Bj\u00f6rkliden fahren. Wetterm\u00e4\u00dfig unlohnenswert, da am SA f\u00fcr Bj. besser gemeldet wird.<br \/>\n&#8211; morgen nach Muonio fahren und am Stellplatz \u00fcbernachten, um die Batterie wieder voll zu bekommen und noch ein paar Tage in Pallas Ski fahren (Muonio und retour = 66km); und dann am DI aufh\u00f6ren f\u00fcr MI (Feiertag 1.5.) Start in Bj.<\/p>\n<p>Schade, dass Bj. nicht noch eine Woche l\u00e4nger offen hat, dann k\u00f6nnt ich hier noch einige Tage bleiben und trotzdem noch eine Woche in Bj. bleiben. <em>Spoiler: Das h\u00e4tte heuer schneem\u00e4\u00dfig gar nicht gereicht!<\/em><\/p>\n<p><strong>Fr, 26.4.2024<\/strong><\/p>\n<p>Dem morgendlichen Blick auf die Wettervorhersage nach sollte ich bei dem urspr\u00fcnglichen Plan, also morgen Bj\u00f6rkliden, bleiben. Zumindest nach 2 von 3 Wetterdiensten soll es bis ca. DI in Bj. etwas sonnig werden und morgen hier windiger und Schneefall.<\/p>\n<p>Heute hier nochmals sonniges Wetter, wenig Wind, etwas Plusgrade gemeldet, die Abfahrten am oberen Lift wieder alle pr\u00e4pariert, auch die 2 zuletzt geschlossenen, damit der Abschied besonders schwer f\u00e4llt.<\/p>\n<p>Der letzte Tag mit einem Grafferlift, der letzte Tag in diesen netten kleinen 4 finnischen Saisonkartengebieten? H\u00e4tte ich doch blo\u00df auf dese 3 Tage in Yll\u00e4s verzichtet. Aber w\u00e4r ja hier auch kalt und st\u00fcrmisch gewesen.<\/p>\n<p><a href='http:\/\/ski.inmontanis.info\/d\/331045-2\/DSC04308.jpg'><img src=http:\/\/ski.inmontanis.info\/d\/331044-3\/DSC04308.jpg \/><\/a><br \/>\n^ Hotel und Graffer-SL<\/p>\n<p><a href='http:\/\/ski.inmontanis.info\/d\/331049-2\/DSC04311.jpg'><img src=http:\/\/ski.inmontanis.info\/d\/331048-3\/DSC04311.jpg \/><\/a><br \/>\n^ Graffer-SL, St\u00fctze 3 &#8211; wie soll ich mich von dem Lift jetzt schon trennen k\u00f6nnen &#8230;<\/p>\n<p><a href='http:\/\/ski.inmontanis.info\/d\/331053-2\/DSC04312.jpg'><img src=http:\/\/ski.inmontanis.info\/d\/331052-3\/DSC04312.jpg \/><\/a><br \/>\n^ Graffer-SL, St\u00fctze 5, der zweite Niederhalter<\/p>\n<p><a href='http:\/\/ski.inmontanis.info\/d\/331057-2\/DSC04313.jpg'><img src=http:\/\/ski.inmontanis.info\/d\/331056-3\/DSC04313.jpg \/><\/a><br \/>\n^ Graffer-SL, St\u00fctze 6<\/p>\n<p><a href='http:\/\/ski.inmontanis.info\/d\/331061-2\/DSC04314.jpg'><img src=http:\/\/ski.inmontanis.info\/d\/331060-3\/DSC04314.jpg \/><\/a><br \/>\n^ Graffer-SL, St\u00fctze 7 mit dem ersten Zwischenausstieg, rechts gehts zur kleinen Waldabfahrt und zur Abfahrt zu den Parkpl\u00e4tzen, muss man aber trotzdem aufsteigen<\/p>\n<p><a href='http:\/\/ski.inmontanis.info\/d\/331065-2\/DSC04315.jpg'><img src=http:\/\/ski.inmontanis.info\/d\/331064-3\/DSC04315.jpg \/><\/a><br \/>\n^ Graffer-SL, St\u00fctze  8, Abfahrt ist zwar parallel, aber immerhin etwas welliger<\/p>\n<p><a href='http:\/\/ski.inmontanis.info\/d\/331069-2\/DSC04316.jpg'><img src=http:\/\/ski.inmontanis.info\/d\/331068-3\/DSC04316.jpg \/><\/a><br \/>\n^ Graffer-SL, St\u00fctze 9<\/p>\n<p><a href='http:\/\/ski.inmontanis.info\/d\/331073-2\/DSC04317.jpg'><img src=http:\/\/ski.inmontanis.info\/d\/331072-3\/DSC04317.jpg \/><\/a><br \/>\n^ Graffer-SL, St\u00fctze 10 mit 4er Rollenbatterie<\/p>\n<p><a href='http:\/\/ski.inmontanis.info\/d\/331077-2\/DSC04318.jpg'><img src=http:\/\/ski.inmontanis.info\/d\/331076-3\/DSC04318.jpg \/><\/a><br \/>\n^ Graffer-SL, St\u00fctze 11 mit 8er Rollenbatterie und dem zweiten Zwischenausstieg, nur nach links<\/p>\n<p><a href='http:\/\/ski.inmontanis.info\/d\/331081-2\/DSC04319.jpg'><img src=http:\/\/ski.inmontanis.info\/d\/331080-3\/DSC04319.jpg \/><\/a><br \/>\n^ Graffer-SL, St\u00fctze 12<\/p>\n<p><a href='http:\/\/ski.inmontanis.info\/d\/331085-2\/DSC04320.jpg'><img src=http:\/\/ski.inmontanis.info\/d\/331084-3\/DSC04320.jpg \/><\/a><br \/>\n^ Graffer-SL, St\u00fctze 13<\/p>\n<p><a href='http:\/\/ski.inmontanis.info\/d\/331089-2\/DSC04321.jpg'><img src=http:\/\/ski.inmontanis.info\/d\/331088-3\/DSC04321.jpg \/><\/a><br \/>\n^ Graffer-SL, St\u00fctze 14 und dem dritten Zwischenausstieg; nach rechts geht der Weg zum rechten SL, nicht zu empfehlen, da man viel schieben muss<\/p>\n<p><a href='http:\/\/ski.inmontanis.info\/d\/331093-2\/DSC04323.jpg'><img src=http:\/\/ski.inmontanis.info\/d\/331092-3\/DSC04323.jpg \/><\/a><br \/>\n^ Graffer-SL, St\u00fctze 15<\/p>\n<p><a href='http:\/\/ski.inmontanis.info\/d\/331097-2\/DSC04324.jpg'><img src=http:\/\/ski.inmontanis.info\/d\/331096-3\/DSC04324.jpg \/><\/a><br \/>\n^ Graffer-SL, St\u00fctze 16 mit 8er Rollenbatterie<\/p>\n<p><a href='http:\/\/ski.inmontanis.info\/d\/331101-2\/DSC04325.jpg'><img src=http:\/\/ski.inmontanis.info\/d\/331100-3\/DSC04325.jpg \/><\/a><br \/>\n^ Graffer-SL, St\u00fctze 17 mit 8er Rollenbatterie<\/p>\n<p><a href='http:\/\/ski.inmontanis.info\/d\/331105-2\/DSC04327.jpg'><img src=http:\/\/ski.inmontanis.info\/d\/331104-3\/DSC04327.jpg \/><\/a><br \/>\n^ Graffer-SL, St\u00fctze 19 mit dem finalen Ausstieg. Bergstation hatte ich ja im letzten Bericht von weiter oben fotografiert<\/p>\n<p><a href='http:\/\/ski.inmontanis.info\/d\/331109-2\/DSC04330.jpg'><img src=http:\/\/ski.inmontanis.info\/d\/331108-3\/DSC04330.jpg \/><\/a><br \/>\n^ Graffer-SL, Talstation<\/p>\n<p><a href='http:\/\/ski.inmontanis.info\/d\/331113-2\/DSC04331.jpg'><img src=http:\/\/ski.inmontanis.info\/d\/331112-3\/DSC04331.jpg \/><\/a><br \/>\n^ Graffer-SL, St\u00fctze 1<\/p>\n<p><a href='http:\/\/ski.inmontanis.info\/d\/331117-2\/DSC04332.jpg'><img src=http:\/\/ski.inmontanis.info\/d\/331116-3\/DSC04332.jpg \/><\/a><br \/>\n^ Hinterer SL; die Abfahrten direkt links vom SL und die \u00e4u\u00dfere rechte sind von MO-DO jetzt wohl geschlossen bzw. werden erst wieder zum Wochenende hin pr\u00e4pariert<\/p>\n<p><a href='http:\/\/ski.inmontanis.info\/d\/331121-2\/DSC04333.jpg'><img src=http:\/\/ski.inmontanis.info\/d\/331120-3\/DSC04333.jpg \/><\/a><br \/>\n^ Hinterer SL<\/p>\n<p><a href='http:\/\/ski.inmontanis.info\/d\/331125-2\/DSC04338.jpg'><img src=http:\/\/ski.inmontanis.info\/d\/331124-3\/DSC04338.jpg \/><\/a><br \/>\n^ Ist zwar durch seine verrosteten St\u00fctzen auch ganz nett, aber halt weil Doppelmayer etwas langweiliger und ja auch kein Kurzb\u00fcgler mehr<\/p>\n<p>Um 12:30 zum Auto raufgegangen, Brotzeitpause und mittlerweile fast alles in Frage gestellt. Angenommen, ich bleib noch bis DI hier, sollte ich dann doch heute hier schlafen, weil das Auto so sch\u00f6n warm ist durch die Sonne? Anstatt heute Stellplatz und danach 3 Tage hier? Nur was heute essen, mal im Restaurant fragen, ob sie Pommes oder Nuggets haben?<\/p>\n<p>Und was ist, wenn dann am DI f\u00fcr Bj\u00f6rkliden nur noch bedeckt gemeldet wird, nachdem es die n\u00e4chsten Tage tats\u00e4chlich nochmal so sonnig geworden ist? Und wenn dann gar hier f\u00fcr den Rest der Woche Sonne gemeldet werden w\u00fcrde, w\u00fcrd ich dann noch l\u00e4nger hier bleben?<\/p>\n<p>Und \u00fcberhaupt, sollte ich vielleicht doch n\u00e4chsten Winter wieder Skandinavien fahren, ggf. sogar die n\u00e4chsten Jahre hintereinander? Abgesehen von der Bequemlichkeit des Anfahrens der Skigebiete, der vielen Skilifte statt Sessel-\/Gondelbahnen, dem im Durchschnitt besseren Schnee (wann hatte ich heuer schon eisige Pisten, au\u00dfer in Ruka am Anfang und dann in Storlien ja fast nirgends mehr), den im Winter vielleicht leichter zu findenden Campingpl\u00e4tzen (wobei die vielleicht im S\u00fcden auch seltener n\u00f6tig w\u00e4ren, weil w\u00e4rmer, weil h\u00e4ufigere Fahrstrecken, weil g\u00fcnstigere Hotelm\u00f6glickeiten), spr\u00e4che insbesondere und ganz hart ein Argument daf\u00fcr: Kosten. Irgendwann werden mir die Benzinpreise hier oben in Skandinavien zu hoch werden (2 \u20ac find ich jetzt schon arg grenzwertig), irgendwann werden mir die Campingpl\u00e4tze hier zu teuer werden (40\u20ac bin ich ja eigentlich jetzt schon nicht bereit zu zahlen) und auch die Skip\u00e4sse in manchen Skigebieten &#8230; vielleicht kann ich mit Gl\u00fcck noch 1, 2 oder 5 Winter Skandinavien fahren, bevor ich dann sowieso preism\u00e4\u00dfig &#8220;in den S\u00fcdosten&#8221; (oder in AT bleiben) muss? <\/p>\n<p>Puh!!!!<\/p>\n<p>Norwegen ging mir ja heuer ein paar Mal ziemlich auf den Zeiger (fast schon wie Italien+Frankreich letzten Winter), aber mit Schweden und sogar Finnland hab ich nach wie vor keinen solch grundlegenden Zoff, da gibt&#8217;s nur vereinzelte Problemgebiete.<\/p>\n<p><a href='http:\/\/ski.inmontanis.info\/d\/331129-2\/DSC04339.jpg'><img src=http:\/\/ski.inmontanis.info\/d\/331128-3\/DSC04339.jpg \/><\/a><br \/>\n^ Hinterer SL und Zoom ins Skigebiet Levi<\/p>\n<p><a href='http:\/\/ski.inmontanis.info\/d\/331133-2\/DSC04344.jpg'><img src=http:\/\/ski.inmontanis.info\/d\/331132-3\/DSC04344.jpg \/><\/a><br \/>\n^ Offpiste<\/p>\n<p><a href='http:\/\/ski.inmontanis.info\/d\/331137-2\/DSC04345.jpg'><img src=http:\/\/ski.inmontanis.info\/d\/331136-3\/DSC04345.jpg \/><\/a><br \/>\n^ .. da bin ich mal so weit drau\u00dfen und dann ist die Sonne wieder weg :(<\/p>\n<p><a href='http:\/\/ski.inmontanis.info\/d\/331141-2\/DSC04346.jpg'><img src=http:\/\/ski.inmontanis.info\/d\/331140-3\/DSC04346.jpg \/><\/a><br \/>\n^ Die neue Talstation des hinteren (wohl mit dem Umbau von Kurz- auf Langb\u00fcgler)<\/p>\n<p><a href='http:\/\/ski.inmontanis.info\/d\/331145-2\/DSC04347.jpg'><img src=http:\/\/ski.inmontanis.info\/d\/331144-3\/DSC04347.jpg \/><\/a><br \/>\n^ .. die geh\u00f6rte wohl mal zu einem Gratlift. An einer der Rollenwippen stand noch: Kurve<\/p>\n<p>Kurz nach 1600 h\u00f6rte ich auf, die Lifttrassen vereist, der weiche Schnee auf den Pisten gefror langsam und die Knie wollten auch nicht mehr so wirklich.<\/p>\n<p>Ich hab noch kurz in den Barbereich im Hotel geschaut, aber da ich auch kein Ketchup irgendwo hab rumstehen sehen, hab ich doch nicht wg. Fritten oder Nuggets gefragt. Bei meinem letzten Besuch hab ich ja eh geschrieben, dass es beides hier nicht &#8220;um g\u00fcnstiges Geld gibt&#8221;, war mir jetzt aber nicht mehr sicher, ob es nicht doch bei den Kinderspeisen aufgef\u00fchrt wurde oder ob es teurer war oder gar nicht angeboten wird. Egal, die Batterie sollte heute wohl auch noch zum Nudelkochen reichen, entweder Tomatenmark und K\u00e4se dazu (das h\u00e4tte ich da, auch Tr\u00fcffelsalamisticks w\u00e4ren eine Option), wenn ich nicht das Pesto-Genovese-Glas oder die Gulaschdose \u00f6ffnen m\u00f6chte oder alternativ Sp\u00e4tzle plus britisches Gravy-So\u00dfenpulver.  <\/p>\n<p>Ausgerechnet abends mal wieder der intensivste Sonnenschein des Tages, naja, bleibt das Auto l\u00e4nger warm und ich spar die Standheizung. Allerdings braucht heute auch der K\u00fchlschrank etwas Strom. PC blieb vorsichtshalber aus.<\/p>\n<p><strong>Sa, 27.4.2024<\/strong><\/p>\n<p>Heut wollte ich bei dem Wetter nicht lange fahren und daf\u00fcr fr\u00fcher am Stellplatz in Muonio sein. Wetterm\u00e4\u00dfig nach wie vor sonnig gemeldet die n\u00e4chsten 2 Tage in Bj. und hier bedeckt bis inkl. DI (und heute ja Schneefall+Wind bei -1\u00b0).<\/p>\n<p>Trotz Wind waren sogar beide SL in Betrieb, wobei der obere wegen Sicht und Schneeverwehungen unlohnenswert war, ich stieg wg. Wind am vorderen Lift meist am 1. oder 2. Ausstieg aus und h\u00f6rte um 12 Uhr auf.<\/p>\n<p>In Muonio am Supermarkt dann die endg\u00fcltige Entscheidung n\u00f6tig: Heute noch weiter nach Bj\u00f6rkliden fahren oder hier bis zumindest inkl. DI bleiben und entsprechend einkaufen? Leider machen ja alle Skigebiete hier in Nord-Finnland sp\u00e4testens am 5.5. zu, glaub fr\u00fcher waren die teilweise auch l\u00e4nger offen, Schnee l\u00e4g sowieso noch einige Zeit. H\u00e4tte zB. Saariselk\u00e4 bis 12.5. offen, w\u00fcrde ich das wohl n\u00e4chste Woche besuchen. Sind aber halt auch ca. 300km einfach.)<\/p>\n<p>Mal wieder so eine nervige Pfandm\u00fcllsackfrau am Automaten vor mir gehabt. Nach ca. 100 Objekten (oder zu langer Pause) wird wohl der Zettel automatisch ausgedruckt, aber der gro\u00dfe M\u00fcllsack war noch lange nicht leer. Nur Dosen + 0,5l-Flaschen versteht sich. Diese S\u00e4cke mit den gro\u00dfen S\u00e4cken haben fast immer nur Dosen + kleine Flaschen. <\/p>\n<p>Somit war ich bereits vor 14 Uhr am Stellplatz und konnte mal sch\u00f6n lang nachmittags am PC hocken, Bilder bearbeiten, Berichte online stellen und diverse Akkus aufladen, f\u00fcr die ich die letzten Tage keinen Strom verschwenden wollte. Und auch endlich mal wieder einen Kartoffeltopf kochen, wobei ich mich f\u00fcr Pommes entschied plus Lindstr\u00f6mbiffar, also Hackfleischlaibchen\/kuchen mit roter Beete eingearbeitet. Auf 2x aufgeteilt, also morgen den Rest. F\u00fcr \u00dcbermorgen Gorgonzola-Tortellini (+Tomtenmark).<\/p>\n<p>Bl\u00f6derweise war heut der Bj\u00f6rklidenbericht von Anfang April zu machen, bei den Bildern hab ich nat\u00fcrlich schon etwas Lust bekommen, dort hin zu fahren .. und es heuer wenigsten einmal bei Sonne zu erleben. Bilder bearbeiten, hochladen, Bericht korrigieren, Fahrstrecke Feb-April mit POIs machen etc., Statistikupdate, plus kochen und essen, dauerte ca. 5,5 Stunden.<\/p>\n<p>Hab dann noch die Bilder f\u00fcr den n\u00e4chsten Bericht bearbeitet + hochgeladen, was nochmals ca. 2 Stunden gedauert hat. Und die ganze Zeit nat\u00fcrlich durchgehend auf dem selben Platz sitzend ohne Aufzustehen etc. Sicher ganz gesund ;)<\/p>\n<p><a href='http:\/\/extra.inmontanis.info\/d\/103438-3\/DSC04348.jpg'><img src=http:\/\/extra.inmontanis.info\/d\/103437-4\/DSC04348.jpg \/><\/a><br \/>\n^ Eink\u00e4ufe, wobei der Rentierschinken nicht so mein Fall war (und sauteuer noch dazu, 100g Rentierirgendwas kosten um die 5-9 \u20ac und der hier wohl auch 5,x oder 6,x \u20ac, mir schmeckte er zu blutig, wobei eine Scheibe als Belag pro Brotdingens noch ging.)<\/p>\n<p><strong>So, 28.4.2024<\/strong><\/p>\n<p>Bissl Nebel im Gipfelbereich, ab Mittag etwas Sonne und auf der Grafferlift-Piste einige heftige Schneeverwehungen.<\/p>\n<p>Im Graben unterm hinteren Lift war heut irgendeine Veranstaltung mit St\u00e4nden, keine Ahnung, was sie da genau verkauften und warum das ausgerechnet hier war. Als ich mal die Au\u00dfenrum-Grabenpiste fuhr (mit anschlie\u00dfendem Bergauffu\u00dfweg und Cafebesuch) sah ich, dass einige Tafeln an den St\u00e4nden waren und es auch warme Snacks gab, aber f\u00fcr die Tafeln h\u00e4tte man nat\u00fcrlich Finnisch verstehen m\u00fcssen und das wichtgste: Es standen keine Preise angeschrieben, daher dann eh ignoriert und warmen Munkki im Liftcafe gekauft.<\/p>\n<p><a href='http:\/\/ski.inmontanis.info\/d\/331149-2\/DSC04353.jpg'><img src=http:\/\/ski.inmontanis.info\/d\/331148-3\/DSC04353.jpg \/><\/a><br \/>\n^ Veranstaltung unterm hinteren SL<\/p>\n<p><a href='http:\/\/ski.inmontanis.info\/d\/331153-2\/DSC04355.jpg'><img src=http:\/\/ski.inmontanis.info\/d\/331152-3\/DSC04355.jpg \/><\/a><br \/>\n^ Teilweise flogen die von der Bergstation des hinteren SL zu dessen Talstaion und fuhren mit dem SL wieder rauf und dann wieder ab. Kurzes Vergn\u00fcgen<\/p>\n<p><a href='http:\/\/ski.inmontanis.info\/d\/331157-2\/DSC04356.jpg'><img src=http:\/\/ski.inmontanis.info\/d\/331156-3\/DSC04356.jpg \/><\/a><br \/>\n^ Direkt vorm Hotel gibts noch diesen kleinen Platz, auf dem man wohl frei campen darf, zumindest ist das Verbot erst links von mir &#8230;<\/p>\n<p><a href='http:\/\/ski.inmontanis.info\/d\/331161-2\/DSC04363.jpg'><img src=http:\/\/ski.inmontanis.info\/d\/331160-3\/DSC04363.jpg \/><\/a><br \/>\n^ .. dass sich manche aber direkt vor die M\u00fclltonnen hinstellen m\u00fcssen mit ihrem Grill und ihre Ski oder Stecken an die Tonnen anlehnen m\u00fcssen (aktuell nicht ganz), ist schon sehr frech<\/p>\n<p><a href='http:\/\/extra.inmontanis.info\/d\/103442-3\/DSC04359.jpg'><img src=http:\/\/extra.inmontanis.info\/d\/103441-4\/DSC04359.jpg \/><\/a><br \/>\n^ Bastelstunde, alte Rollup-Leinwand-Bespannung, das Zeug bleibt leider so hart, sperrig, gewellt; wird nun ersetzt mit der abwaschbaren Tischdecke, die es als Meterware z.B. in Schweden im \u00d6oB und in Finnland im Tokmanni gibt; also ich nehm nat\u00fcrlich die R\u00fcckseite, ist so ein bisschen gerippt (und matt) wie Leinwandstoff.<\/p>\n<p><a href='http:\/\/extra.inmontanis.info\/d\/103446-3\/DSC04361.jpg'><img src=http:\/\/extra.inmontanis.info\/d\/103445-4\/DSC04361.jpg \/><\/a><br \/>\n^ .. schaut jedenfalls wesentlich besser aus f\u00fcr die erstbeste Bespannung. Hat nat\u00fcrlich auch ein paar Nachteile zur anderen Folie, daf\u00fcr glatter.<\/p>\n<p><strong>Mo, 29.4.2024<\/strong><\/p>\n<p>Der Imbisswagen blieb heute geschlossen. Leider ungemeldeterweise viel Nebel (oben) und Schneefall heut am Nachmittag :( Die n\u00e4chsten beiden Tage w\u00fcrden allerdings noch sonnig gemeldet werden&#8230;  <\/p>\n<p>F\u00fcr heute hab ich ja noch Tortelloni, aber falls ich bis MI bleiben wollen sollte (zB. weil am MI hier Sonne und in Bj\u00f6rkliden nicht, dann k\u00f6nnte ich ja auch am MI noch  3h hier bleiben und dann bis Kiruna fahren anstatt fr\u00fcher zu \u00fcbernachten und erst am n\u00e4chsten Tag nach Kiruna), dann br\u00e4uchte ich morgen Abend aber noch etwas zu Essen.<\/p>\n<p>Leider heute auch arg bremsender Pappschnee in den unteren Pistenbereichen, besonders am Grafferlift (dort auch weiter hinauf), am anderen war&#8217;s aber bis zum Einstiegsbereich wieder recht gut zu fahren.<\/p>\n<p>(Spoiler: gefrorener Sulz ist viel nerviger als Pappschnee und einige Tage sp\u00e4ter in Schweden h\u00e4tte ich mir den Pappschnee wieder gew\u00fcnscht.)<\/p>\n<p><strong>Di, 30.4.2024<\/strong><\/p>\n<p>Jubil\u00e4umstag heute &#8211; Saisonskitag 170 und 100. Skitag in Folge ohne Pause. Dazu heute (sp\u00e4t) nachmittags und morgen sehr sonnig gemeldet. In Bj\u00f6rkliden morgen schlechter, aber auch hier ab Donnerstag schlechter, also werd ich wohl morgen am fr\u00fchen Nachmittag abreisen, wobei ein Wetterbericht am Freitag sogar Regen in Bj\u00f6rkliden meldet, aber hier am Donnerstag.  <\/p>\n<p>Der Imbisswagen wurde heute abtransportiert, die Option des Rentierkebabs g\u00e4be es jetzt also nicht mehr. Hotdog um 5 (bzw 2 um 10) \u20ac oder doch mal wegen Fritten fragen? Zur Not h\u00e4tte ich auch noch etwas Brot \u00fcbrig, das ich belegen k\u00f6nnte, wenn ich wg. Strom nicht kochen wollte. Der reicht zwar f\u00fcr heute Nacht, aber ich w\u00fcrde die Batterie auf der Fahrt bis Bj\u00f6rkliden gern voll bekommen.<\/p>\n<p>Es war zu Mittag k\u00e4lter, der Schnee noch nicht so sch\u00f6n weich und von der Sonne noch weit und breit nix zu sehen, daher ausnahmsweise nach ca. 1h zum Hotel raufgegangen und eben doch nach Fritten oder Nuggets gefragt. Ich kaufte mir den Schoko-Karamell-Krapfen um 3 \u20ac (oben war er dunkler als die anderen, aber innen doch mit Karamell) und fragte wegen den anderen Sachen nach, Fritten wurden bejaht um 6,50, dann kauf ich mir die halt vielleicht doch noch sp\u00e4ter. <\/p>\n<p>Witzigerweise schmeckt der Krapfen mehr nach unseren Donuts im Gegensatz ja zu dem Munkki-Donut, der ja eher nach unserem (lockereren) Krapfenteig schmeckt, also quasi genau umgekehrt ;)<\/p>\n<p>Leider gab es dann erst ab kurz vor 16 Uhr etwas blauen Himmel und Sonne (weit von dem gemeldeten Wolkenlos entfernt) , so &#8220;qu\u00e4lte&#8221; ich meine m\u00fcden Muskeln noch bis 16:45 und ging danach ins Hotel auf die Portion Pommes. Etwas wenig Ketchup, viel zu viel Salz und auch zu wenig Pommes um richtig satt zu werden. Wie schon erw\u00e4hnt, da sind mir die anderen 3 Gebiete dieser Saisonkarte lieber.<\/p>\n<p><a href='http:\/\/ski.inmontanis.info\/d\/331165-2\/DSC04365.jpg'><img src=http:\/\/ski.inmontanis.info\/d\/331164-3\/DSC04365.jpg \/><\/a><br \/>\n^ Schau an, wo die Pistenraupe herkommt<\/p>\n<p><a href='http:\/\/extra.inmontanis.info\/d\/103450-3\/DSC04366.jpg'><img src=http:\/\/extra.inmontanis.info\/d\/103449-4\/DSC04366.jpg \/><\/a><br \/>\n^ Pommes mit etwas wenig Ketchup daf\u00fcr zu viel Salz im Hotelrestaurant, daf\u00fcr sch\u00f6n knusprig dunkel, nicht so ein &#8220;l\u00e4tschertes Zeuch&#8221; wie im UK; Wasser ist ja gratis<\/p>\n<p><a href='http:\/\/ski.inmontanis.info\/d\/331169-2\/DSC04368.jpg'><img src=http:\/\/ski.inmontanis.info\/d\/331168-3\/DSC04368.jpg \/><\/a><br \/>\n^ Blick vom gro\u00dfen Parkplatz ein paar hundert Meter vor dem Skigebiet zum Skigebiet, hier kann man ruhiger schlafen, es stellte sich auch keiner neben mich, es wurden die Ecken ausgen\u00fctzt.<\/p>\n<p>Nachmittags wurde nun f\u00fcr DO und FR hier Schneeregen (bei +5\u00b0?!) gemeldet, noch ein Argument mehr, morgen ab zu fahren. Aber abends wurde es noch wolkenlos sonnig, leider zu sp\u00e4t.<\/p>\n<p><strong>Mi, 1.5.2024<\/strong><\/p>\n<p>.. und das war eigentlich so bis heute Mittag gemeldet, aber morgens war es wieder bedeckt :(<\/p>\n<p>Somit die Wettervorhersagen heute sich wieder ge\u00e4ndert haben, bedekt bis Nachmittag und erst dann Sonne. Tja, dann hab ich hier wohl kein Gl\u00fcck mehr. Sp\u00e4testens um 13\/14 Uhr will ich abfahren. Dann h\u00e4tte ich leider vielleicht doch heute in Bj\u00f6rkliden den sonnigeren Tag gehabt. Schei\u00df falsche Wettervorhersagen jedesmal, genau deshalb bn ich doch heute noch hier geblieben :(. Naja, es war nicht so schlecht wie gestern. Vor Mittag dann doch noch recht sonnig geworden.<\/p>\n<p>Auch heute war unterm hinteren Lift irgendeine Veranstaltung, sah aber kleiner aus. Letztes Mal heut also den leckeren Zucker-Kardamom-Krapfendonut.<\/p>\n<p>Offpiste gab es heute teils sch\u00f6ne Verh\u00e4ltnisse, sp\u00e4ter und insb. wieder onpiste am Graffer-SL war es aber recht pappg. Um 14 Uhr hab ich aufgeh\u00f6rt, reichte ja eh heute und hab noch einige Stunden Fahrt und einige Eink\u00e4ufe vor mir.<\/p>\n<p>Zum Skifahren nahm ich heute die IR-Cam mit und stieg auch mal zu dem Gipfel am hinteren SL auf.<\/p>\n<p><a href='http:\/\/ski.inmontanis.info\/d\/331173-2\/DSC05535.jpg'><img src=http:\/\/ski.inmontanis.info\/d\/331172-3\/DSC05535.jpg \/><\/a><br \/>\n^ IR-R\u00fcckseitenpano<\/p>\n<p><a href='http:\/\/ski.inmontanis.info\/d\/331177-2\/DSC05544.jpg'><img src=http:\/\/ski.inmontanis.info\/d\/331176-3\/DSC05544.jpg \/><\/a><br \/>\n^ Bergstation hinterer SL mit Pano (IR)<\/p>\n<p><a href='http:\/\/ski.inmontanis.info\/d\/331181-2\/DSC05548.jpg'><img src=http:\/\/ski.inmontanis.info\/d\/331180-3\/DSC05548.jpg \/><\/a><br \/>\n^ IR-R\u00fcckseitenpano<\/p>\n<p><a href='http:\/\/ski.inmontanis.info\/d\/331185-2\/DSC05550.jpg'><img src=http:\/\/ski.inmontanis.info\/d\/331184-3\/DSC05550.jpg \/><\/a><br \/>\n^ IR-R\u00fcckseitenpano<\/p>\n<p><a href='http:\/\/ski.inmontanis.info\/d\/331189-3\/DSC05551.jpg'><img src=http:\/\/ski.inmontanis.info\/d\/331188-4\/DSC05551.jpg \/><\/a><br \/>\n^ IR-R\u00fcckseitenpano<\/p>\n<p><a href='http:\/\/ski.inmontanis.info\/d\/331193-3\/DSC05588.jpg'><img src=http:\/\/ski.inmontanis.info\/d\/331192-4\/DSC05588.jpg \/><\/a><br \/>\n^ IR-Zoom ins Skigebiet Yll\u00e4s, die Nordseite mit den vielen SL vorne und der 4KSB rechts, sowie dem Verbindungs-SL links etwas dahinter<\/p>\n<p><a href='http:\/\/ski.inmontanis.info\/d\/331197-3\/DSC05589.jpg'><img src=http:\/\/ski.inmontanis.info\/d\/331196-4\/DSC05589.jpg \/><\/a><br \/>\n^ IR-Zoom ins Skigebiet Olos<\/p>\n<p><a href='http:\/\/ski.inmontanis.info\/d\/331201-3\/DSC05591.jpg'><img src=http:\/\/ski.inmontanis.info\/d\/331200-4\/DSC05591.jpg \/><\/a><br \/>\n^ IR-Zoom ins Skigebiet Levi (Front\/Nordseite vorne gut zu sehen)<\/p>\n<p><a href='http:\/\/ski.inmontanis.info\/d\/331205-3\/DSC05594.jpg'><img src=http:\/\/ski.inmontanis.info\/d\/331204-4\/DSC05594.jpg \/><\/a><br \/>\n^ Hinterer SL (IR)<\/p>\n<p><a href='http:\/\/ski.inmontanis.info\/d\/331209-3\/DSC05598.jpg'><img src=http:\/\/ski.inmontanis.info\/d\/331208-4\/DSC05598.jpg \/><\/a><br \/>\n^ Hinterer SL (IR)<\/p>\n<p><a href='http:\/\/ski.inmontanis.info\/d\/331213-2\/DSC05600.jpg'><img src=http:\/\/ski.inmontanis.info\/d\/331212-3\/DSC05600.jpg \/><\/a><br \/>\n^ Offpiste ging heut teilweise ganz gut<\/p>\n<p><a href='http:\/\/ski.inmontanis.info\/d\/331217-3\/DSC05607.jpg'><img src=http:\/\/ski.inmontanis.info\/d\/331216-4\/DSC05607.jpg \/><\/a><br \/>\n^ Graffer-SL (IR)<\/p>\n<p><a href='http:\/\/ski.inmontanis.info\/d\/331221-3\/DSC05611.jpg'><img src=http:\/\/ski.inmontanis.info\/d\/331220-4\/DSC05611.jpg \/><\/a><br \/>\n^ Graffer-SL (IR)<\/p>\n<p><a href='http:\/\/ski.inmontanis.info\/d\/331225-3\/ge20240424-0501b.jpg'><img src=http:\/\/ski.inmontanis.info\/d\/331224-4\/ge20240424-0501b.jpg \/><\/a><br \/>\n^ GPS-Track vorherige Besuche in Hellgelb und in Orange bis Gr\u00fcn  vom 24.4.-1.5.2024<\/p>\n<p>Dass ich jetzt 8 Tage in Pallas bleiben w\u00fcrde, h\u00e4tte ich ja nicht erwartet, aber zum Saisonende ist es hier doch ganz nett, jeden Tag ca. 2-3 St\u00fcndchen gem\u00fctlicher Saisonendeski, passt scho.<\/p>\n<p>Ich fuhr auf dem Weg nach Muonio noch am Skigebiet Olos vorbei, war aber etwas \u00fcberrascht, nur die gerollten Matten auf den Depots zu sehen, ich h\u00e4tte ja gedacht, dass erst die neuen dicken Matten drunterkommen w\u00fcrden. Kommen die dann noch drauf?<\/p>\n<p><a href='http:\/\/ski.inmontanis.info\/d\/331021-3\/DSC04374.jpg'><img src=http:\/\/ski.inmontanis.info\/d\/331020-4\/DSC04374.jpg \/><\/a><br \/>\n^ Linkes Schneedepot in Olos, da wo der Funpark war<\/p>\n<p><a href='http:\/\/ski.inmontanis.info\/d\/331025-3\/DSC04376.jpg'><img src=http:\/\/ski.inmontanis.info\/d\/331024-4\/DSC04376.jpg \/><\/a><br \/>\n^ Rechtes Schneedepot<\/p>\n<p><a href='http:\/\/ski.inmontanis.info\/d\/331029-3\/DSC04378.jpg'><img src=http:\/\/ski.inmontanis.info\/d\/331028-4\/DSC04378.jpg \/><\/a><br \/>\n^ Rechtes Schneedepot. Ist das nun so fertig oder kommen dann die neuen Matten drauf? Und dann nochmals was dr\u00fcber oder nicht?<\/p>\n<p>Tja, das war&#8217;s dann mit dieser kleinen finnischen Saisonkarte um die g\u00fcnstigen 269,- \u20ac dank 50%-Preis zum Saisonanfang, die es mir durchaus angetan hat mit den 4 netten, kleinen Gebieten mit den vielen rostigen St\u00fctzen und nur einer einzigen Sesselbahn.<\/p>\n<p>Olos und Ounasvaara hatten mich positiv \u00fcberrascht, weil dank der vielen einzelnen Pisten abwechslungsreich, Luosto dagegen etwas entt\u00e4uschend, wobei die verschneiten B\u00e4ume oben und das Offpistefahren dadurch schon auch sehr nett war.<\/p>\n<p>Mein Ranking w\u00e4re somit:<br \/>\n1. Olos (sofern der rechte SL l\u00e4uft)<br \/>\n2. Ounasvaara<br \/>\n3. Luosto + Pallas. Hier k\u00f6nnte ich mich f\u00fcr keinen eindeutigen Sieger entscheiden, ich hatte in Luosto bessere und schlechtere Tage als in Pallas.<\/p>\n<p>Von den Besuchen her wurden es:<br \/>\n18 Tage in Ounasvaara<br \/>\n15 Tage in Olos<br \/>\n14 Tage in Luosto<br \/>\n10 Tage in Pallas<br \/>\n= 57 Tage insgesamt, macht bei 269 \u20ac Saisonkartenpreis 4,719 \u20ac pro Tag.<\/p>\n<p>Auch das h\u00e4tte ich im November nicht gedacht, dass ich \u00fcber 50 Tage auf diese Saisonkarte fahren w\u00fcrde. Wenn ich die 50 Tage alle auf die Scandinavian Karte h\u00e4tte fahren m\u00fcssen, wei\u00df nicht, ob mir das getaugt h\u00e4tte. Da h\u00e4tte ich dann im Fr\u00fchjahr nochmals in den \u00d6stersund-Bereich fahren m\u00fcssen.<\/p>\n<p>Oder anders gesagt: Bei 180 Skitagen in der Saison kann man trotz 2 Saisonkarten noch genug fremd gehen.<\/p>\n<p><a href='http:\/\/extra.inmontanis.info\/d\/103454-3\/DSC04381.jpg'><img src=http:\/\/extra.inmontanis.info\/d\/103453-4\/DSC04381.jpg \/><\/a><br \/>\n^ Heute erstmals +10\u00b0 und zwischen Olos und Muonio gibt&#8217;s die ersten schneefreien Bodenbereiche neben der Stra\u00dfe<\/p>\n<p>In Muonio noch die letzten Pfandflaschen abgegeben bis auf ein Cola light, das ist ja selbst mit 0,40 \u20ac Pfand g\u00fcnstiger ist als in Schweden. Noch g\u00fcnstiger w\u00e4re es nat\u00fcrlich gewesen, wenn man es in eine leere schwedische Pfandflasche h\u00e4tte umf\u00fcllen k\u00f6nnen.<\/p>\n<p>Monatelang hab ich in finnischen Superm\u00e4rkten in der Geb\u00e4ckabteilung keine &#8220;russischen&#8221; Fleisch-Pirogs mehr gesehen &#8211; heute gab es welche, also musste ich nochmals einen kaufen.<\/p>\n<p>Im Souvenierladen weiter n\u00f6rdlich dr\u00fcckte ich 60 \u20ac ab f\u00fcr ein paar K\u00fchlschrankmagnete und Rentierfleischdosen&#038;Co, weniger f\u00fcr mich, eher als Mitbringsel f\u00fcr die Verwandtschaft. Bild davon im n\u00e4chsten Bericht. Ich hatte die letzten Monate niemanden mehr in finnischen Superm\u00e4rkten mit Gesichtswindel gesehen, aber die Frau hinterm Tresen des Souvenirgesch\u00e4fts hatte eine unterm Kinn h\u00e4ngen, also quasi wie eine Halskette, naja, da schadet sie wenigstens nicht ;)  <\/p>\n<p>Am Grenz\u00fcbergang an der Tankstelle in Finnland gbts ja ein Caf\u00e9, da hatte ich glaub schonmal Rentierhack mit Kartoffelp\u00fcree? Da g\u00e4b&#8217;s Rentierfleischkl\u00f6pse um 14,90, aber ich hab mich heut auf die Pizza in Kiruna eingestellt. Nahm nur ein Eis mit, um wenigstens einmal noch ein finnisches Eis gegessen zu haben, allerdings mal klassische Schoko-Vanille-T\u00fcte. Regelrechter Mini-Supermarkt hier, sogar Pfandr\u00fcckgabeautomat g\u00e4be es hier.<\/p>\n<p>Ein alternatives Halstuch (zum Skifahren f\u00fcr Nase- &#038; Mundw\u00e4rmen, anstelle des aus Nalovardo) hat mir aber keines gefallen. <\/p>\n<p>Auf dem Rastplatz vor Kiruna noch M\u00fcll wegschmei\u00dfen und WC leeren, falls ich da in Riksgr\u00e4nsen etwas mehr Platz drin brauch. Bis ich dann in Kiruna war, war es trotz Zeitumstellung recht sp\u00e4t (19:30) und ich ging gleich in die Pizzeria und orderte eine Kaptan Hook um 120,- SEK mit Oxfil\u00e9 und B\u00e9arnaise und Champignon und Knoblauch und Zwiebeln und ging schnell r\u00fcber in den Coop noch ein Getr\u00e4nk kaufen.<\/p>\n<p><a href='http:\/\/extra.inmontanis.info\/d\/103462-3\/DSC04386.jpg'><img src=http:\/\/extra.inmontanis.info\/d\/103461-4\/DSC04386.jpg \/><\/a><br \/>\n^ Boot-Pizza (Rindfleisch, Champignons, Zwiebel und oben die Bearnaisesauce) &#8211; nix f\u00fcr Leute, die den Rand an der Pizza abschneiden und liegenlassen :-)<\/p>\n<p>Im Coop g\u00e4b&#8217;s ja auch einen Frasses, aber bei den leckeren und vergleichsweise g\u00fcnstigen Pizzen &#8230; <\/p>\n<p>F\u00fcr den Gro\u00dfeinkauf fuhr ich aber noch zum ICA Kvantum r\u00fcber. Auch der ICA-Haferkakako hat nun diese bscheuerten neuen Clip-Verschl\u00fcsse, daher noch 2 von den alten mitgenommen, wird dann wohl auch der letzte Kauf sein.  <\/p>\n<p><a href='http:\/\/extra.inmontanis.info\/d\/103458-3\/IMG_20240501_203636_3.jpg'><img src=http:\/\/extra.inmontanis.info\/d\/103457-4\/IMG_20240501_203636_3.jpg \/><\/a><br \/>\n^ Alte und neue Verschl\u00fcsse bei Milch und Haferdrinks (erst Oatly, jetzt auch ICA), der rechte Clip-Verschluss ist f\u00fcr mich wohl untauglich, daher werd ich solche Getr\u00e4nke nicht kaufen. Allerdings sind teilweise auch die linken mittlerweile angewachsen und m\u00fcssen erst abgeschnitten werden. Die 2020er Jahre nerven mehr und mehr.<\/p>\n<p>Um 21:30 kam ich am gew\u00fcnschten Nachtplatz paar km hinter Kiruna an, leider schon etliche Wohnmobile, Wohnwagen und 2 LKWs mit eingeschalteten Standlichtern da &#8211; l\u00e4uft vielleicht deren Motor? Allerdings war meine Batterie voll und eine Weiterfahrt unn\u00f6tig, da lad ich lieber morgen wieder voll. Ich stellte mich mal an den vorderen Platz, wo die (Trocken-) Toiletten sind.<\/p>\n<p>Nat\u00fcrlich haben sich abends die Wettervorhersagen wieder verschlechtert, keine Sonne mehr f\u00fcr Bj\u00f6rkliden morgen und am Freitag den ganzen Nachmittag Nieselregen gemeldet.<\/p>\n<p>Die Nacht verlief jedenfalls gut ruhig. <\/p>\n<p>&#8212;<\/p>\n<p>Jaja, die freie Meinungs\u00e4u\u00dferung in der EU &#8230;  wer das glaubt, glaubt auch an den Weihnachtsmann. Wehe, man hat die falsche Meinung, selbst, wenn man sie eigentlich nicht so gemeint hat, wie man dann daf\u00fcr verurteilt wird:<br \/>\n<a href='https:\/\/wien.orf.at\/stories\/3254598\/'>https:\/\/wien.orf.at\/stories\/3254598\/<\/a><\/p>\n<p>Zum Thema &#8220;freie Meinungs\u00e4userung&#8221; auch:<br \/>\n<a href='https:\/\/anti-spiegel.ru\/2024\/die-meinungs-und-pressefreiheit-wird-in-der-eu-abgeschafft\/'>https:\/\/anti-spiegel.ru\/2024\/die-meinungs-und-pressefreiheit-wird-in-der-eu-abgeschafft\/<\/a><\/p>\n<p>Und mal nix von wegen Russland oder Klima, sondern USD:<br \/>\n<a href='https:\/\/www.anti-spiegel.ru\/2024\/das-bretton-woods-system-oder-die-entstehung-der-allmacht-des-us-dollar\/'>https:\/\/www.anti-spiegel.ru\/2024\/das-bretton-woods-system-oder-die-entstehung-der-allmacht-des-us-dollar\/<\/a><\/p>\n","protected":false},"excerpt":{"rendered":"<p>Mi, 24.4.2024<\/p>\n<p>Nachts schneite es noch ein wenig, aber der Schnee heute Morgen am Parkplatz war nass und pappig. Wenigstens jetzt nur noch 2 Paar Ski mit Kanten, die rosten k\u00f6nnen, auf dem Dach. Fraglich nur, wann bzw. ob ich meine Tourenski noch brauchen werde&#8230; Klar, falls hier wegen Wind mal zu sein sollte, w\u00fcrde <a href=\"http:\/\/blog.inmontanis.info\/?p=9853\">[&#8230;]<\/a><\/p>\n","protected":false},"author":1,"featured_media":9855,"comment_status":"closed","ping_status":"closed","sticky":false,"template":"","format":"standard","meta":{"footnotes":""},"categories":[912,20,918,283,27],"tags":[91,90,47],"class_list":["post-9853","post","type-post","status-publish","format-standard","has-post-thumbnail","hentry","category-2023-09-2024-xx-skandinavien","category-finnlandfinland","category-olos","category-pallas","category-skifahren-winterskiing-winter","tag-graffer","tag-infrarot","tag-sl","odd"],"_links":{"self":[{"href":"http:\/\/blog.inmontanis.info\/index.php?rest_route=\/wp\/v2\/posts\/9853","targetHints":{"allow":["GET"]}}],"collection":[{"href":"http:\/\/blog.inmontanis.info\/index.php?rest_route=\/wp\/v2\/posts"}],"about":[{"href":"http:\/\/blog.inmontanis.info\/index.php?rest_route=\/wp\/v2\/types\/post"}],"author":[{"embeddable":true,"href":"http:\/\/blog.inmontanis.info\/index.php?rest_route=\/wp\/v2\/users\/1"}],"replies":[{"embeddable":true,"href":"http:\/\/blog.inmontanis.info\/index.php?rest_route=%2Fwp%2Fv2%2Fcomments&post=9853"}],"version-history":[{"count":2,"href":"http:\/\/blog.inmontanis.info\/index.php?rest_route=\/wp\/v2\/posts\/9853\/revisions"}],"predecessor-version":[{"id":9856,"href":"http:\/\/blog.inmontanis.info\/index.php?rest_route=\/wp\/v2\/posts\/9853\/revisions\/9856"}],"wp:featuredmedia":[{"embeddable":true,"href":"http:\/\/blog.inmontanis.info\/index.php?rest_route=\/wp\/v2\/media\/9855"}],"wp:attachment":[{"href":"http:\/\/blog.inmontanis.info\/index.php?rest_route=%2Fwp%2Fv2%2Fmedia&parent=9853"}],"wp:term":[{"taxonomy":"category","embeddable":true,"href":"http:\/\/blog.inmontanis.info\/index.php?rest_route=%2Fwp%2Fv2%2Fcategories&post=9853"},{"taxonomy":"post_tag","embeddable":true,"href":"http:\/\/blog.inmontanis.info\/index.php?rest_route=%2Fwp%2Fv2%2Ftags&post=9853"}],"curies":[{"name":"wp","href":"https:\/\/api.w.org\/{rel}","templated":true}]}}