{"id":9843,"date":"2024-04-22T18:55:49","date_gmt":"2024-04-22T16:55:49","guid":{"rendered":"http:\/\/blog.inmontanis.info\/?p=9843"},"modified":"2024-05-02T19:15:08","modified_gmt":"2024-05-02T17:15:08","slug":"yllas-20-22-4-2024","status":"publish","type":"post","link":"http:\/\/blog.inmontanis.info\/?p=9843","title":{"rendered":"Yll\u00e4s, 20.-22.4.2024"},"content":{"rendered":"<p><strong>Sa, 20.4.2024<\/strong><\/p>\n<p>Kurz nach 9 Uhr kam ich bei frostigen -10\u00b0 am Parklatz Yll\u00e4s Nord an. Manche Lifte laufen von 9-17 Uhr andere erst ab 10 oder weniger lang. Die jetzt zum Saisonschluss g\u00fcnstigere 3-von-5-Tageskarte kostet 117,50 \u20ac, eine Tageskarte kostet etwas \u00fcber 50 \u20ac.<\/p>\n<p>&#128681; Gespeicherte Geolocation &#8211; Karte anzeigen: <a href='https:\/\/www.google.com\/maps\/@?api=1&#038;map_action=map&#038;center=67.5823683,24.2053216&#038;zoom=12&#038;basemap=terrain' target=_blank> GoogleMaps<\/a> &#128681; <a href='https:\/\/www.openstreetmap.org\/?&#038;mlat=67.5823683&#038;mlon=24.2053216#map=10\/67.5823683\/24.2053216&#038;layers=P' target=_blank> OSM &#128681;<\/a><\/p>\n<p>Bis man im Servicecenter hier mal die WCs findet&#8230; wenn man von den Pisten aus reingeht, gehts links und rechts zu den Restaurants und geradeaus die Treppen runter stehen zig sachen angeschrieben, aber nirgends steht was von Toilette. Also mal die Treppe runtergegangen, unten auch nichts gefunden, wieder raufgegangen, da steht am Schild auf der R\u00fcckseite etwas von WC im oberen Stock, aber trotzdem nicht wo. Der Lageplan an der Wand sagte es einem schlie\u00dflich, hinter der Treppe, zwischen den Restaurants. Boah.<\/p>\n<p>Derweil  die EUB auf der S\u00fcdseite (die man auch Ostseite nennen k\u00f6nnte) wg. Wind au\u00dfer Betrieb markiert war.<\/p>\n<p>Leider also ziemlich windig, was bei den kalten Temperaturen sehr unsch\u00f6n war. Den Gipfellift sp\u00e4ter auf der S\u00fcdseite konnte ich nur bis zur H\u00e4lfte fahren, dann musste ich abb\u00fcgeln, weil es mit trotz (mittlerweilse nassem) Tuch und Hand davor zu eisig um die Nase wurde. Dabei konnte ich die neue 6KSB beobachten, die mir nach Zwangsverriegelung aussah. Aber zum Gl\u00fcck kann man sie umfahren, selbst wenn die EUB nicht f\u00e4hrt, dann mit langem F\u00f6rderband + Tellerlift + SL. Zum Gipfel und der Verbindung braucht man dann ja eh noch den Gipfel-SL. Das F\u00f6rderband fuhr \u00fcbrigens rasend schnell, schneller als mancher \u00dcbungstellerlift!<\/p>\n<p>Hab auch mal die Essensm\u00f6glichkeiten abgecheckt, Nuggets&#038;Pommes sind hier wesentlich teurer (meist um die 14-15 \u20ac), Pizza gibt&#8217;s aber auch ab ca. 17 \u20ac.<\/p>\n<p>Es wurde auch mal die Gondelbahn ausgaragiert, danach wieder eingaragiert. Wind blieb wohl zu stark.<\/p>\n<p>Mit dem eisigen Wind heute leider gar keinen Spa\u00df gemacht, k\u00f6nnte ja noch bis Mitwoch die 3 Tage aufbrauchen, aber Levi wird ja auch nicht w\u00e4rmer sein und bis Pallas und wieder retour ist&#8217;s mir auch zu bl\u00f6d.<\/p>\n<p>Hatte bald keine Lust mehr auf die st\u00fcrmischen Liftfahrten der S\u00fcdseite, dann lieber k\u00fcrzer beim Abfahren und daf\u00fcr im Lift kaum Wind auf der Nordseite, aber um dort hin zu kommen, musste ich den qualhaft eisigen Gegenwind am langsamen Huippu-Gipffellift ertragen plus dann im Gegenwind die flache Schiebe-Verbindung \u00fcbern Gipfel, und dann der starke Gegendwind auder Abfahrt, grauenhaft, und das Ende April.<\/p>\n<p>Dort auf der Nordseite gibts im gro\u00dfen Restaurantbereich ein Mittags-Buffet um 17,90 inkl. Pizzabuffet (4 Sorten) und  Tagesgericht, Salat usw. &#8211; naja, zu teuer, wenn ich schon den Skipass gekauft hab. Schau ich mal in den Supermarkt heute Abend. Im gegen\u00fcberliegenden Skipub (selbes Geb\u00e4ude) g\u00e4be es zB. Nuggets\/Pommes um 14,- und Pommes (fin. &#8220;Ranskalaiset&#8221;) um 5\u20ac. Vor den Restaurants gab&#8217;s auch einige Tische und B\u00e4nke, nahm also an, dass man hier sein mitgebrachtes Zeug verzehren darf und machte eine l\u00e4ngere Aufw\u00e4rmphase.<\/p>\n<p><a href='http:\/\/ski.inmontanis.info\/d\/330685-2\/DSC04152.jpg'><img src=http:\/\/ski.inmontanis.info\/d\/330684-3\/DSC04152.jpg \/><\/a><br \/>\n^ Nordseite<\/p>\n<p><a href='http:\/\/ski.inmontanis.info\/d\/330689-2\/DSC04155.jpg'><img src=http:\/\/ski.inmontanis.info\/d\/330688-3\/DSC04155.jpg \/><\/a><br \/>\n^ Nordseite<\/p>\n<p><a href='http:\/\/ski.inmontanis.info\/d\/330693-2\/DSC04157.jpg'><img src=http:\/\/ski.inmontanis.info\/d\/330692-3\/DSC04157.jpg \/><\/a><br \/>\n^ \u00dcbungslifte im unteren linken Bereich<\/p>\n<p><a href='http:\/\/ski.inmontanis.info\/d\/330697-2\/DSC04160.jpg'><img src=http:\/\/ski.inmontanis.info\/d\/330696-3\/DSC04160.jpg \/><\/a><br \/>\n^ SL Jokeri, die n\u00e4chste Generation Graffer-Vintertec im Vgl. zu Pallas ;) Und es geht halt nix \u00fcber Graffer-8er-Wippen.<\/p>\n<p><a href='http:\/\/ski.inmontanis.info\/d\/330701-2\/DSC04162.jpg'><img src=http:\/\/ski.inmontanis.info\/d\/330700-3\/DSC04162.jpg \/><\/a><br \/>\n^ Nordseite<\/p>\n<p><a href='http:\/\/ski.inmontanis.info\/d\/330705-2\/DSC04163.jpg'><img src=http:\/\/ski.inmontanis.info\/d\/330704-3\/DSC04163.jpg \/><\/a><br \/>\n^ Pallas<\/p>\n<p><a href='http:\/\/ski.inmontanis.info\/d\/330709-2\/DSC04170.jpg'><img src=http:\/\/ski.inmontanis.info\/d\/330708-3\/DSC04170.jpg \/><\/a><br \/>\n^ Verbindungslift Nord-S\u00fcd<\/p>\n<p><a href='http:\/\/ski.inmontanis.info\/d\/330713-2\/DSC04171.jpg'><img src=http:\/\/ski.inmontanis.info\/d\/330712-3\/DSC04171.jpg \/><\/a><br \/>\n^ Verbindungslift Nord-S\u00fcd<\/p>\n<p><a href='http:\/\/ski.inmontanis.info\/d\/330717-2\/DSC04173.jpg'><img src=http:\/\/ski.inmontanis.info\/d\/330716-3\/DSC04173.jpg \/><\/a><br \/>\n^ S\u00fcdseite linke Abfahrten<\/p>\n<p><a href='http:\/\/ski.inmontanis.info\/d\/330721-2\/DSC04174.jpg'><img src=http:\/\/ski.inmontanis.info\/d\/330720-3\/DSC04174.jpg \/><\/a><br \/>\n^ Vielleicht die sch\u00f6nste Abfahrt auf der S\u00fcdseite, die \u00e4u\u00dferste Linke<\/p>\n<p><a href='http:\/\/ski.inmontanis.info\/d\/330725-2\/DSC04178.jpg'><img src=http:\/\/ski.inmontanis.info\/d\/330724-3\/DSC04178.jpg \/><\/a><br \/>\n^ Wenn die 8EUB zu ist, kann man von unten via F\u00f6rderband &#8211; diesem Telelrlift, dem n\u00e4chsten SL in Bildmitte und dem SL rechts der EUB bis zum Gipfel fahren<\/p>\n<p><a href='http:\/\/ski.inmontanis.info\/d\/330729-2\/DSC04180.jpg'><img src=http:\/\/ski.inmontanis.info\/d\/330728-3\/DSC04180.jpg \/><\/a><br \/>\n^ Gipfel-SL, der mir oben aber zu st\u00fcrmisch wurde<\/p>\n<p><a href='http:\/\/ski.inmontanis.info\/d\/330733-2\/DSC04181.jpg'><img src=http:\/\/ski.inmontanis.info\/d\/330732-3\/DSC04181.jpg \/><\/a><br \/>\n^ Zum Gl\u00fcck braucht man diese schrottige moderne 6KSB nicht zu fahren. Erschlie\u00dft eh nur den langweiligsten, flachen Teil hier<\/p>\n<p><a href='http:\/\/ski.inmontanis.info\/d\/330737-2\/DSC04184.jpg'><img src=http:\/\/ski.inmontanis.info\/d\/330736-3\/DSC04184.jpg \/><\/a><br \/>\n^ Das F\u00f6rderband fuhr rasend schnell<\/p>\n<p><a href='http:\/\/ski.inmontanis.info\/d\/330741-2\/DSC04186.jpg'><img src=http:\/\/ski.inmontanis.info\/d\/330740-3\/DSC04186.jpg \/><\/a><br \/>\n^ Wieder auf der Nordseite, hier hat Vintertec-Graffer noch die Doppel-SL-St\u00fctze gebaut (im Gegensatz zu den  Jokeri-SL)<\/p>\n<p><a href='http:\/\/ski.inmontanis.info\/d\/330745-2\/DSC04189.jpg'><img src=http:\/\/ski.inmontanis.info\/d\/330744-3\/DSC04189.jpg \/><\/a><br \/>\n^ 4KSB und Tellerlift auf der Westseite<\/p>\n<p><a href='http:\/\/ski.inmontanis.info\/d\/330749-2\/DSC04190.jpg'><img src=http:\/\/ski.inmontanis.info\/d\/330748-3\/DSC04190.jpg \/><\/a><br \/>\n^ Leider vergessen, dass die bl\u00f6de 4KSB keine Fu\u00dfraster hat, daher nur 1x gefahren<\/p>\n<p><a href='http:\/\/ski.inmontanis.info\/d\/330753-2\/DSC04191.jpg'><img src=http:\/\/ski.inmontanis.info\/d\/330752-3\/DSC04191.jpg \/><\/a><br \/>\n^ Ausruhbereich im Servicecenter auf der Nordseite<\/p>\n<p><a href='http:\/\/ski.inmontanis.info\/d\/330757-2\/DSC04192.jpg'><img src=http:\/\/ski.inmontanis.info\/d\/330756-3\/DSC04192.jpg \/><\/a><br \/>\n^ Zwischen Servicecenter und Jokeri-SL kann man ja mit mehreren \u00dcbungsliften im Tal hin- und herpendeln; in Bildmitte der geschlossene SL Rillumarei<\/p>\n<p><a href='http:\/\/ski.inmontanis.info\/d\/330761-2\/DSC04193.jpg'><img src=http:\/\/ski.inmontanis.info\/d\/330760-3\/DSC04193.jpg \/><\/a><br \/>\n^ Vintertec-Graffer-SL Jokeri, kurzer St\u00fctzenabstand und warum Vintertec hier Anfang\/Mitte 90er jeweils zwei einzelne St\u00fctzen verbaut hatte?<\/p>\n<p>Grundlegend konnte mich das Skigebiet heute auch nicht mehr so \u00fcberzeugen wie vor ein paar Jahren, als ich 2 Tage lang hier war. vielleicht h\u00e4tte ich doch Levi fahren sollen, das mich aber zuvor ja auch nicht aus den Socken gehauen hatte. Yll\u00e4s ist ja eigentlich gr\u00f6\u00dfer, was H\u00f6henmeter und vmtl. Abfahrtskilometer betrifft, daf\u00fcr hat man in Levi ja alle Bergseite und kann um den Berg herum fahren.<\/p>\n<p>Fast am \u00fcberlegen, die n\u00e4chsten 2 Tage nach Levi zu fahren nur um zu \u00fcberpr\u00fcfen, ob mir das vielleicht doch besser gefallen w\u00fcrde. W\u00e4ren auch wieder 60km Fahrt einfach (und dnn wieder reotur), nach Pallas \u00fcbrigens 66km und zsammen gar nicht so viel weniger wie erwartet (116km).  In Levi heute die West-6KSB und die dort nahe EUB wg. des Sturmes au\u00dfer Betrieb. Restlichen KSBen und Gondeln laufen.<\/p>\n<p>Um 16:00 hab ich aufgeh\u00f6rt, mein rechtes Knie tut eh schon seit Tagen weh. Ich vermute, dass es mir mit den gesch\u00e4umten Strolz-Skischuhen nicht (so) wehtun w\u00fcrde, weil ich da einfach fester drin war. Daf\u00fcr w\u00e4re halt das Einstiegen bei den kalten Temperaturen immer eine Qual. Und ich bin ja auch noch nie so viel Tage hintereinander Ski gefahren. Und ja fast nur SL<\/p>\n<p>Ein recht gro\u00dfer K-Supermarkt, aber bei den gek\u00fchlten Tortellini nur Mozzarella-Tomaten oder Spinat-Ricotta zur Auswahl. Es gab noch paar eigene Fertiggerichte zu teils -30%, tw. aber trotzdem zu teuer, aber Knoblauch-Sahne-Kartoffelauflauf, wenn auch fleischfrei, schien preislich ok .. wird vielleicht etwas mehr Strom zum Aufw\u00e4rmen brauchen als gek\u00fchlte Nudeln. Noch bissl Schwarzw.\u00e4lder Schinken rein. Knapp 500g ist aber eine ziemlich gro\u00dfe Portion. Die Tortelloni dann morgen.<\/p>\n<p>Tat noch etwas K\u00fcmmel rein, aber wohl allein wg. Knoblauch war es sehr lecker.<\/p>\n<p><a href='http:\/\/extra.inmontanis.info\/d\/103414-3\/DSC04194.jpg'><img src=http:\/\/extra.inmontanis.info\/d\/103413-4\/DSC04194.jpg \/><\/a><br \/>\n^ Knoblauchkartoffelauflauf oder so<\/p>\n<p><strong>So, 21.4.2024<\/strong><\/p>\n<p>Wettervorhersagenm\u00e4\u00dfig heut fr\u00fch nicht weitergekommen, also so von wegen &#8220;jetzt 2 Tage Levi und dann die restlichen 2 Tage Yll\u00e4s&#8221;, f\u00fcr DI ist momentan \u00fcberall etwas st\u00e4rkerer Schneefall gemeldet, in Pallas aber weniger und in Yll\u00e4s am meisten und heute+morgen nun so gut wie gar keine Sonne mehr :(<\/p>\n<p>Wollte mich dann heute auf die S\u00fcdseite konzentrieren, evtl. gleich r\u00fcber fahren und nur die S\u00fcdseite heut fahren und auf die Schiebe-Verbindung verzichten? Gondel f\u00e4hrt auch ab 9e. Also fuhr ich mit dem Auto r\u00fcber, dort angekommen auch einige Windb\u00f6en &#8211; und am Schneebericht war jetzt die Gondel wieder auf wind-geschlossen. Tja, also die 10km wieder retourfahren, sonst m\u00fcsste ich hier ja die scheiss neue 6KSB fahren :( Nerv. Wurde doch gar nicht so windig gemeldet heute!<\/p>\n<p>Laut Skiresort-Website soll heuer in Levi noch eine Seite mit einer 6KSB verseucht werden, also wird heuer wohl das letzte Jahr sein, dass es noch halbwegs akzeptabel w\u00e4re&#8230;<\/p>\n<p>Oh Mann, warum bin ich Depp blo\u00df dieses WE nach Yll\u00e4s gefahren. Um 11:10 Uhr war ich mit den nordseitigen Abfahrten ziemlich durch, die ich fahren wollte und machte meine Mittagspause (mitgebracht), bevor ich mich auf die S\u00fcdseite und sp\u00e4ter retour qu\u00e4len w\u00fcrde. Gondelbahn ist mittlerweile auf &#8220;gr\u00fcn&#8221;, trotz des nach wie vor starken und eisigen Windes.<\/p>\n<p>Ich fuhr also r\u00fcber, 1x den rechten SL noch gefahren und ein paar mal die Gondel mit ihren Abfahrten. Auffahrtsm\u00e4\u00dfig ist die bei dem Wind schon angenehmer, aber die Abfahrten find ich trotzdem fast alle langweilig und dann auch noch das lange Flachst\u00fcck unten &#8230; ne ne, lieber 1 Woche in Olos wie zuletzt als 2 Tage in Yll\u00e4s, gef\u00e4llt mir viel besser. Bock auf morgen einen dritten Tag Yll\u00e4s hab ich ja \u00fcberhaut nicht. Leider f\u00fcr die n\u00e4chsten beiden Tage bereits Urlaub genommen &#8211; wollte ja SO-DI hier fahren und SO+MO wurde so sonnig gemeldet.<\/p>\n<p>Etliche B\u00fcgel an den SL hier sind wohl aufgrund der Windanf\u00e4lligkeit so streng am Einzug eingestellt, dass man sie vmtl. (fast) nicht mit der Hand runterziehen k\u00f6nnte. Allerdings kommen sie auf Arschh\u00f6he an, so dass das K\u00f6rpergewicht den Rest macht.   <\/p>\n<p>Die tags\u00fcber abgeschobeneren Pistenpr\u00e4parierungsspuren entbl\u00f6\u00dften einen teils sehr eisigen Untergrund. Trotz weiterer Pausen konnte ich auch auf der S\u00fcdseite quasi alle Abfahrten fahren. Man schafft also eigentlich an einem ganzen Tag das komplette Skigebiet, vielleicht au\u00dfer ein paar Skiwegverbindungen oder \u00dcbungslifte.<\/p>\n<p><a href='http:\/\/ski.inmontanis.info\/d\/330765-2\/DSC04196.jpg'><img src=http:\/\/ski.inmontanis.info\/d\/330764-3\/DSC04196.jpg \/><\/a><br \/>\n^ 8EUB und alternative SL<\/p>\n<p><a href='http:\/\/ski.inmontanis.info\/d\/330769-3\/DSC04198.jpg'><img src=http:\/\/ski.inmontanis.info\/d\/330768-4\/DSC04198.jpg \/><\/a><br \/>\n^ S\u00fcdseite<\/p>\n<p>Nach dem Skifahren dann die gro\u00dfe Frage: wohin morgen und die n\u00e4chsten Tage, f\u00fcr welche der verschiedenen M\u00f6glichkeiten entscheide ich mich nun??<\/p>\n<p>&#8211; 2 Tage Pallas (MO\/DI) und nochmals 1 Tag hier Yll\u00e4s am MI und dann evtl noch Levi oder nicht<br \/>\n&#8211; 2 Tage Levi (MO\/DI) und nochmals 1 Tag hier am MI und dann evtl Pallas oder nicht<br \/>\n&#8211; den letzten Tag morgen noch hier und dann Pallas 2-4 tage<br \/>\n&#8211; den letzten Tag morgen noch hier und dann 1-2 Tage (DI\/MI) Levi und dann Pallas oder nicht<\/p>\n<p>Der Umweg ist im Bereich von ca. 100km zwischen den beiden extremen, also von dem her vertretbar.<\/p>\n<p>DI in Levi wird wegen des Schneefalls nicht toll sein, daf\u00fcr so viel Geld auszugeben. Preise: 3h 43,-; 1TK 51,50; 2TK 96,50=48,25\/Tag; 3TK 136,50=45,50\/Tag, evtl als Schlechtwetteroption f\u00fcr ein St\u00fcndchen: Kinderland 12,- (2 F\u00f6rderb\u00e4nder, 1 kurzer Tellerlift)<\/p>\n<p>Pallas h\u00e4tte den Vorteil der g\u00fcltigen Saisonkarte, aber die heurigen 2 Besuche fand ich auch eher langweilig und bei dem gemeldeten Sturm auch fraglich, ob da was geht, weil es ja keinen windsicheren Lift im Waldbereich gibt. Zudem wird die Nacht von MO auf DI auch sehr kalt gemeldet, -13 oder k\u00e4lter.<\/p>\n<p>Also dann morgen halt doch noch den letzten Tag hier, am DI ev 3h Levi bei Schneefall und falls es mir taugt, am MI dann ggf. nochmals vielleicht 3h, h\u00e4tte man zur 2-TK immerhin 10 \u20ac gespart, danach Pallas f\u00fcr 2-4 Tage, je nachdem.<\/p>\n<p>Ein Vorteil meiner Autofahrt auf die S\u00fcdseite heute morgen: sch\u00f6nen N\u00e4chtigungsplatz nahe des linken SL gesehen. Sah besser aus als der Platz an der Verbindungsstra\u00dfe, daher nachmittags wieder dorthin gefahren. Morgen also Start auf der S\u00fcdseite.<\/p>\n<p><strong>Mo, 22.4.2024<\/strong><\/p>\n<p>Was ich auch schon die letzten beiden Tage erw\u00e4hnen wollte, weil es nervt, sind hier einige der neueren Skidata-Leser von der Sorte, die nicht automatisch aufgehen und nach dem ersten Dr\u00fccken auch dann nicht aufgehen, sondern nochmals in eine Stopp-Position verharren, das ist mir heuer in Skandinavien noch nicht untergekommen, wohl aber nat\u00fcrlich in den Vorjahren mal irgendwo.<\/p>\n<p>Und auf Dauer nervt das EUB-fahren hier auch. Ski ausziehen, B\u00fccken zum Aufheben, Ski tragen, Treppe rauf, rutschiger Metallboden, an der Bergstation wieder Ski tragen und die Treppe runtergehen &#8230; zumal mir seit ein Paar Tagen auch noch der rechte Arm im Ellenbogenbereich etwas schmerzt. Ab 10 Uhr daher die SL genommen, die hatten heute auf der S\u00fcdseite R\u00fcckenwind und waren daher angenehm warm. Was man vom Abfahren hier und den SL+Abfahren auf der Nordseite nicht sagen konnte (-9\u00b0 am Gipfel zu Mittag), daher bald Aufw\u00e4rmpause f\u00e4llig. Glaub meine linke Fu\u00dfheizung funktioniert auch nicht mehr richtig.<\/p>\n<p>Obwohl ich 2x mind. eine halbe Stunde Pause gemacht hab, hatte ich um 15:30 keine Lust, noch irgendeine Abfahrt ein zweites Mal zu fahren. <\/p>\n<p><a href='http:\/\/ski.inmontanis.info\/d\/330773-3\/DSC04202.jpg'><img src=http:\/\/ski.inmontanis.info\/d\/330772-4\/DSC04202.jpg \/><\/a><br \/>\n^ Lampenreparatur. Wolkenloser Sonnenschein heute, nicht?<\/p>\n<p><a href='http:\/\/ski.inmontanis.info\/d\/330777-3\/DSC04203.jpg'><img src=http:\/\/ski.inmontanis.info\/d\/330776-4\/DSC04203.jpg \/><\/a><br \/>\n^ Evtl. ist das der Lift, dessen Schrotteile ich beim letzten Besuch neben dem Verbindungs-SL Kuru fotografiert hatte?!<\/p>\n<p><a href='http:\/\/ski.inmontanis.info\/d\/262815-3\/DSC04883.jpg'><img src=http:\/\/ski.inmontanis.info\/d\/262814-4\/DSC04883.jpg \/><\/a><br \/>\n^ 2018<\/p>\n<p><a href='http:\/\/ski.inmontanis.info\/d\/330781-3\/DSC04205.jpg'><img src=http:\/\/ski.inmontanis.info\/d\/330780-4\/DSC04205.jpg \/><\/a><br \/>\n^ Wohl eine der kuriosesten St\u00fctzen von Vintertec<\/p>\n<p><a href='http:\/\/ski.inmontanis.info\/d\/330785-3\/DSC04207.jpg'><img src=http:\/\/ski.inmontanis.info\/d\/330784-4\/DSC04207.jpg \/><\/a><br \/>\n^ .. die erste und letzte noch dazu mit Ablenkung<\/p>\n<p><a href='http:\/\/ski.inmontanis.info\/d\/330789-2\/DSC04212.jpg'><img src=http:\/\/ski.inmontanis.info\/d\/330788-3\/DSC04212.jpg \/><\/a><br \/>\n^ Ex-SL Rillumarei<\/p>\n<p><a href='http:\/\/ski.inmontanis.info\/d\/330793-3\/DSC04210.jpg'><img src=http:\/\/ski.inmontanis.info\/d\/330792-4\/DSC04210.jpg \/><\/a><br \/>\n^ Daten Ex-SL Rillumarei<\/p>\n<p><a href='http:\/\/ski.inmontanis.info\/d\/330797-3\/ge20240420-22a.jpg'><img src=http:\/\/ski.inmontanis.info\/d\/330796-3\/ge20240420-22a.jpg \/><\/a><br \/>\n^ GPS-Track vorherige Besuche in Gelb, restliche Farben 20.-22.4.2024<\/p>\n<p><a href='http:\/\/ski.inmontanis.info\/d\/330801-3\/ge20240420-22d.jpg'><img src=http:\/\/ski.inmontanis.info\/d\/330800-4\/ge20240420-22d.jpg \/><\/a><br \/>\n^ S\u00fcdseite\/Ostseite: GPS-Track vorherige Besuche in Gelb, restliche Farben 20.-22.4.2024<\/p>\n<p><a href='http:\/\/ski.inmontanis.info\/d\/330805-3\/ge20240420-22c.jpg'><img src=http:\/\/ski.inmontanis.info\/d\/330804-3\/ge20240420-22c.jpg \/><\/a><br \/>\n^ Nordseite\/Westseite: GPS-Track vorherige Besuche in Gelb, restliche Farben 20.-22.4.2024<\/p>\n<p>\u00dcbrigens, bei keinem einzigen der Graffer-Vintertec-Lifte hier oder in Olos oder in Pallas wurden, wie es in Italien und Schweden h\u00e4ufig bei Grafferliften zu sehen ist, die Seilrollen\/Wippen mit Spanngurten verzurrt! <\/p>\n<p>Jaja, einerseits etwas Wetterpech jetzt, aber trotzdem, ich glaub nicht, dass ich Yll\u00e4s in den n\u00e4chsten Jahren nochmals besuchen m\u00f6chte. Gut, dass ich mich nicht f\u00fcr diese Saisonkarte im November entschieden hatte. 1 Woche Olos fand ich wesentlich sch\u00f6ner als (1 oder 2 oder) 3 Tage Yll\u00e4s. Obwohl es hier so viele SL gibt, man das komplette Skigebiet ohne EUB+KSB nur mit SL befahren kann, obwohl es so leer war.<\/p>\n<p>Nat\u00fcrlich nach wie vor unentschieden, was ich nun mit Levi mach morgen und ggf. \u00fcbermorgen, 3h, Kinderland (am MI vielleicht besseres Wetter und jedenfallls w\u00e4rmere Temperaturen), Tageskarte, 2-Tageskarte oder gar nicht? Womit ich mich aber festgelegt hab:  nach Pallas via Karesuando nach Kiruna zu fahren, da sind ein oder zwei Souvenirshops, die ich gerne besuchen m\u00f6chte. Je nach Wetter w\u00fcrde dann entweder FR oder SA mein letzter Tag in Pallas sein. <\/p>\n<p>Mein erster Zwischenhalt heute in Kittil\u00e4 war am Tokmanni, wo ich zumindest nochmals die g\u00fcnstigen Getr\u00e4nkesirups kaufen wollte plus evtl doch so ne Tischdecke f\u00fcr die Leinwand.  Es gab sogar eine wei\u00dfe Tischdecke, 6,99 \u20ac pro Meter, aber ob man f\u00fcr einen halben die H\u00e4lfte zahlen muss? War zuf\u00e4llig eine Mitarbeiterin da, weil ein anderer Kunde auch eine kaufte, also nahm ich einen halben Meter, mal testen. H\u00e4tte mir auch 45cm abschneiden lassen k\u00f6nnen, aber wollte mal versuchen, es umzuschlagen.<\/p>\n<p>Zweiter Halt w\u00e4re ein K-Market, weil die h\u00e4ufiger als der S-Market auch mal warme, abgepackte Seisen (zB gegrillte H\u00e4hnchenteile) haben, auch das klappte.<\/p>\n<p><a href='http:\/\/extra.inmontanis.info\/d\/103418-3\/DSC04215.jpg'><img src=http:\/\/extra.inmontanis.info\/d\/103417-4\/DSC04215.jpg \/><\/a><br \/>\n^ H\u00fchnchen<\/p>\n<p>Mittlerweile fast wolkenloser Himmel, 18:30 und ggf. noch ein bisschen Fahrt nach Levi vor mir, somit gut warm im Auto und Batterie fast voll geladen, so dass ich nicht geschaut hab, ob der Campingpl\u00e4tz hier um 25 \u20ac heute offen h\u00e4tte oder nicht.<\/p>\n<p>Eine Sache wollte ich heute auch noch machen: die Carpani Racecarver ins Innere r\u00e4umen. Die bin ich die letzten 2 Tage gefahren, somit sind die Kanten jetzt halbwegs rostfrei und trocken und aufgrund der Fu\u00dfwege werde ich die schweren Skier ja in den n\u00e4chsten Tagen nicht mehr fahren wollen &#8211; und bevor es wieder schneit oder regnet und der Rost wieder kommt&#8230; <\/p>\n<p>Dann also zum S-Market und m\u00f6glichst den Rest noch einkaufen (z.B. das g\u00fcnstige Cola light)  den ich in Finnland noch brauch diese Woche. Benzin hier &#8220;nur&#8221; 1,844 (in Muonio die letzte Woche immer \u00fcber 2,00).<\/p>\n<p>Ganz schneefrei waren die Ski unter den Bindungen leider doch noch nicht, eine sogar ziemlich angeforeren und auch sonst noch etwas Schnee in einigen L\u00f6chern. Mit Schraubenzieher, Klopfen und etwas in der Sonne stehend usw. ging das meiste zumindest raus, wobei die Sonne um 19:30 bald vom Supermarktgeb\u00e4ude verdeckt werden w\u00fcrde und ich ja noch einkaufen wollte.<\/p>\n<p>Dort gab&#8217;s heut Laugenstangen!! Hab ich so etwas schon mal in Skandinavien gesehen? Wohl noch komplette Tagesmenge um 20 Uhr 18 St\u00fcck, also 4 mitgenommen f\u00fcr die n\u00e4chsten Tage (0,85 \u20ac pro Stk., aber wenn mal mal die seltene Gelegenheit hat&#8230;).<\/p>\n<p>Danach noch nach Levi und zum dritten Mal diese Saison an einer der Talstationen \u00fcbernachtet.<\/p>\n<p>&#8211; &#8211; &#8211;<\/p>\n<p>Weil der letzte Bericht schon so lang war, die Politikthemen der letzten Tage hier:<\/p>\n<p>&#8220;SPD-Vizefraktionschef Matthias Miersch sagte, durch die Novelle \u201edarf kein Gramm CO2 mehr ausgesto\u00dfen werden\u201c.&#8221; &#8211; d.h., wer in Zukunft SPD w\u00e4hlt: Verbot von kohlens\u00e4urehaltigen Getr\u00e4nken, was aber ja eh egal ist, da man nicht mehr ausatmen darf, weil man da ja sonst CO2 aussto\u00dfen w\u00fcrde?! Alle Politiker One-Way-Ticket zum Saturn bitte, weil der Mars ist noch zu nah.<br \/>\n<a href='https:\/\/www.orf.at\/#\/stories\/3354520\/'>https:\/\/www.orf.at\/#\/stories\/3354520\/<\/a><br \/>\ndazu passend<br \/>\n<a href='https:\/\/reitschuster.de\/post\/klima-der-film-die-kalte-wahrheit-eine-doku-die-sie-nicht-sehen-sollen\/'>https:\/\/reitschuster.de\/post\/klima-der-film-die-kalte-wahrheit-eine-doku-die-sie-nicht-sehen-sollen\/<\/a><\/p>\n<p>&#8211;<br \/>\n&#8220;Am Donnerstag hat Verteidigungsminister Pistorius behauptet, Putin habe &#8220;klar gesagt&#8221;, er wolle nach der Ukraine Europa angreifen. Auch andere westliche Politiker, &#8220;Journalisten&#8221; und &#8220;Experten&#8221; behaupten das. Warum l\u00fcgen sie so offensichtlich? &#8221;<br \/>\n<a href='https:\/\/www.anti-spiegel.ru\/2024\/die-offenen-luegen-deutscher-politiker-und-medien\/'>https:\/\/www.anti-spiegel.ru\/2024\/die-offenen-luegen-deutscher-politiker-und-medien\/<\/a><br \/>\nselbes Thema:<br \/>\n<a href='https:\/\/www.nachdenkseiten.de\/?p=114030'>https:\/\/www.nachdenkseiten.de\/?p=114030<\/a><\/p>\n","protected":false},"excerpt":{"rendered":"<p>Sa, 20.4.2024<\/p>\n<p>Kurz nach 9 Uhr kam ich bei frostigen -10\u00b0 am Parklatz Yll\u00e4s Nord an. Manche Lifte laufen von 9-17 Uhr andere erst ab 10 oder weniger lang. Die jetzt zum Saisonschluss g\u00fcnstigere 3-von-5-Tageskarte kostet 117,50 \u20ac, eine Tageskarte kostet etwas \u00fcber 50 \u20ac.<\/p>\n<p>&#128681; Gespeicherte Geolocation &#8211; Karte anzeigen: GoogleMaps &#128681; OSM &#128681;<\/p>\n<p> <a href=\"http:\/\/blog.inmontanis.info\/?p=9843\">[&#8230;]<\/a><\/p>\n","protected":false},"author":1,"featured_media":9847,"comment_status":"closed","ping_status":"closed","sticky":false,"template":"","format":"standard","meta":{"footnotes":""},"categories":[912,20,27,285],"tags":[49,56,53,91,47],"class_list":["post-9843","post","type-post","status-publish","format-standard","has-post-thumbnail","hentry","category-2023-09-2024-xx-skandinavien","category-finnlandfinland","category-skifahren-winterskiing-winter","category-yllas","tag-4sb","tag-6sb","tag-8eub","tag-graffer","tag-sl","odd"],"_links":{"self":[{"href":"http:\/\/blog.inmontanis.info\/index.php?rest_route=\/wp\/v2\/posts\/9843","targetHints":{"allow":["GET"]}}],"collection":[{"href":"http:\/\/blog.inmontanis.info\/index.php?rest_route=\/wp\/v2\/posts"}],"about":[{"href":"http:\/\/blog.inmontanis.info\/index.php?rest_route=\/wp\/v2\/types\/post"}],"author":[{"embeddable":true,"href":"http:\/\/blog.inmontanis.info\/index.php?rest_route=\/wp\/v2\/users\/1"}],"replies":[{"embeddable":true,"href":"http:\/\/blog.inmontanis.info\/index.php?rest_route=%2Fwp%2Fv2%2Fcomments&post=9843"}],"version-history":[{"count":4,"href":"http:\/\/blog.inmontanis.info\/index.php?rest_route=\/wp\/v2\/posts\/9843\/revisions"}],"predecessor-version":[{"id":9848,"href":"http:\/\/blog.inmontanis.info\/index.php?rest_route=\/wp\/v2\/posts\/9843\/revisions\/9848"}],"wp:featuredmedia":[{"embeddable":true,"href":"http:\/\/blog.inmontanis.info\/index.php?rest_route=\/wp\/v2\/media\/9847"}],"wp:attachment":[{"href":"http:\/\/blog.inmontanis.info\/index.php?rest_route=%2Fwp%2Fv2%2Fmedia&parent=9843"}],"wp:term":[{"taxonomy":"category","embeddable":true,"href":"http:\/\/blog.inmontanis.info\/index.php?rest_route=%2Fwp%2Fv2%2Fcategories&post=9843"},{"taxonomy":"post_tag","embeddable":true,"href":"http:\/\/blog.inmontanis.info\/index.php?rest_route=%2Fwp%2Fv2%2Ftags&post=9843"}],"curies":[{"name":"wp","href":"https:\/\/api.w.org\/{rel}","templated":true}]}}