{"id":9838,"date":"2024-04-19T18:51:32","date_gmt":"2024-04-19T16:51:32","guid":{"rendered":"http:\/\/blog.inmontanis.info\/?p=9838"},"modified":"2024-04-29T19:19:39","modified_gmt":"2024-04-29T17:19:39","slug":"olos-pallas-11-19-4-2024-schimmelupdate-reiseplane","status":"publish","type":"post","link":"http:\/\/blog.inmontanis.info\/?p=9838","title":{"rendered":"Olos (+Pallas), 11.-19.4.2024 \/ Graffer + Schimmelupdate + Reisepl\u00e4ne&#8230;"},"content":{"rendered":"<p><strong>Do, 11.4.2024<\/strong><\/p>\n<p>Diese Woche ist in der Gegend um Muonio das j\u00e4hrliche (Weitsrecken, bis zu 80km) Langlaufevent, wobei das Skigebiet Olos da sehr zentral integriert sein soll (Rennb\u00fcro und Ziel).  Allerdings stand was von MO&#038;MI&#038;FR als Streckentage, somit es heute parkplatzm\u00e4\u00dfig am Skigebiet hoffentlich problemloser sein sollte. Pallas steht zwar morgen auch auf der Route, scheint aber kein Start\/Ende zu sein. Problem k\u00f6nnte aber sein, heut Abend an dem Parkplatz vor Pallas einen Schlafplatz  zu bekommen&#8230;<\/p>\n<p>Um 8:30 gab es im Supermarkt noch kein frisches Geb\u00e4ck?! Dann eben mal am Parkplatz bleiben und sp\u00e4ter nochmals schauen. Zur\u00fcck im Auto platzte dann eine der gekauften Flaschen (genauer gesagt, die mit Blaubeergeschmack und zwar am Boden der Flasch und zwar 2x an diesen schmalen Einkerbungen und machte alles nass bis ich das gecheckt hab, wo da was rausgeht :( So eine Schei\u00dfe. Hose nass, Auto nass, Boden nass, Bett nass, knapp ein halber Liter ergoss sich mit einer weiten Font\u00e4ne. Hatte wenigstens eine fast leere flasche, wo ich den Rest dann umf\u00fcllen konnte.<\/p>\n<p>Semmeln oder Baguette oder leere Croissants gab&#8217;s leider auch sp\u00e4ter nicht im Supermark beim frischen Geb\u00e4ck. Die Stra\u00dfe von Muonio nach Olos hat mittlerweile einige gro\u00dfe L\u00f6cher im Belag, aber ein paar Tage sp\u00e4ter waren die schon gestopft.<\/p>\n<p>Im Skigebiet angekommen, wurde mir wieder bewusst, dass das Hauptproblem in Pallas heute Abend oder morgen fr\u00fch wohl weniger sein wird, ob es einen Platz gibt oder nicht, sondern eher, ob man ihn erreicht und wieder rauskommt bei den momentanen, tiefen Schneematschverh\u00e4ltnissen. <\/p>\n<p>In Betrieb heute wieder 3 Lifte, aber diesmal anders, diesmal nicht der Kurzb\u00fcgler, sondern der lange Graffer-Vintertec, den ich ja heuer noch nie in ganzer L\u00e4nge fahren konnte. Nachteil, dass man von den linken Abfahrten eben entweder etwas im Tal schieben muss oder den lahmen Telllift nehmen muss.<\/p>\n<p>Sehr st\u00fcrmisch, so dass man bald kaum noch die rechten Abfahrten 9+10 erreichen konnte, weil man kaum gegen den Wind am Ausstieg ankam um nach rechts zu den Pisten schieben konnte.<\/p>\n<p>Schnee war off-piste recht pappig durch den gestrigen Regen, die pr\u00e4parierten Abfahrten gingen aber zumeist.<\/p>\n<p><a href='http:\/\/ski.inmontanis.info\/d\/323436-3\/DSC09199.jpg'><img src=http:\/\/ski.inmontanis.info\/d\/323435-4\/DSC09199.jpg \/><\/a><br \/>\n^ Pistenplan zur Erinnerung, zwischen 3 und 4 verl\u00e4uft der kurze Tellerlift und der Kurzb\u00fcgel-SL, zwischen 4 und 5 der lange Graffer T-SL und zwischen 7 und 8 (nicht ge\u00f6ffnet) der Graffer mit den roten Gamma- oder Galgenst\u00fctzen.<\/p>\n<p><a href='http:\/\/ski.inmontanis.info\/d\/330501-2\/DSC04018.jpg'><img src=http:\/\/ski.inmontanis.info\/d\/330500-3\/DSC04018.jpg \/><\/a><br \/>\n^ Links vom linken SL\/Funpark, neue Vermattung anscheinend ohne Rollen &#8211; evtl. aber auch unter den Rollen anstelle der Holzsp\u00e4ne?!<\/p>\n<p><a href='http:\/\/ski.inmontanis.info\/d\/330505-2\/DSC04019.jpg'><img src=http:\/\/ski.inmontanis.info\/d\/330504-3\/DSC04019.jpg \/><\/a><br \/>\n^ Typenschild Schneedepotmatten<\/p>\n<p><a href='http:\/\/ski.inmontanis.info\/d\/330509-2\/DSC04021.jpg'><img src=http:\/\/ski.inmontanis.info\/d\/330508-3\/DSC04021.jpg \/><\/a><br \/>\n^ Mittlerer und rechter SL, der mittlere SL hat ja recht fr\u00fch seinen Ausstieg<\/p>\n<p><a href='http:\/\/ski.inmontanis.info\/d\/330513-2\/DSC04023.jpg'><img src=http:\/\/ski.inmontanis.info\/d\/330512-3\/DSC04023.jpg \/><\/a><br \/>\n^ Rechter SL. Die St\u00fctzen sind allesamt rechtwinklig und stehen nur hangseitig schr\u00e4g, aber nicht schief zur Trasse &#8211; das sind alles nur Fehler vom Fotoobjektiv.. K\u00f6nnte man als Gamma-St\u00fctzen oder Galgen-St\u00fctzen bezeichnen, wenn die anderen T- und Schr\u00e4g-T sind&#8230;<\/p>\n<p><a href='http:\/\/ski.inmontanis.info\/d\/330517-2\/DSC04026.jpg'><img src=http:\/\/ski.inmontanis.info\/d\/330516-3\/DSC04026.jpg \/><\/a><br \/>\n^ Rechter SL mit starkem Sturm &#8211; siehe B\u00fcgel. Vorteil dieser St\u00fctzen, wenn der Wind vom Westen kommt.<\/p>\n<p><a href='http:\/\/ski.inmontanis.info\/d\/330521-2\/DSC04030.jpg'><img src=http:\/\/ski.inmontanis.info\/d\/330520-3\/DSC04030.jpg \/><\/a><br \/>\n^ Rechter SL mit 8er Graffer-Wippe<\/p>\n<p><a href='http:\/\/ski.inmontanis.info\/d\/330525-2\/DSC04033.jpg'><img src=http:\/\/ski.inmontanis.info\/d\/330524-3\/DSC04033.jpg \/><\/a><br \/>\n^ Schneedepot rechts vom mittleren SL<\/p>\n<p><a href='http:\/\/ski.inmontanis.info\/d\/330529-2\/DSC04034.jpg'><img src=http:\/\/ski.inmontanis.info\/d\/330528-3\/DSC04034.jpg \/><\/a><br \/>\n^ Mittlerer SL<\/p>\n<p><a href='http:\/\/ski.inmontanis.info\/d\/330533-2\/DSC04039.jpg'><img src=http:\/\/ski.inmontanis.info\/d\/330532-3\/DSC04039.jpg \/><\/a><br \/>\n^ Seiten\/R\u00fcckseitenpano<\/p>\n<p><a href='http:\/\/ski.inmontanis.info\/d\/330537-2\/DSC04042.jpg'><img src=http:\/\/ski.inmontanis.info\/d\/330536-3\/DSC04042.jpg \/><\/a><br \/>\n^ R\u00fcckseitenpano<\/p>\n<p><a href='http:\/\/ski.inmontanis.info\/d\/330541-2\/DSC04045.jpg'><img src=http:\/\/ski.inmontanis.info\/d\/330540-3\/DSC04045.jpg \/><\/a><br \/>\n^ Es schien noch nicht mal der einzige B\u00fcgel zu sein, der kurz unter dem Einzug regelrecht abges\u00e4gt ist, nur noch an einem kleinen St\u00fcck festh\u00e4ngend. In den n\u00e4chsten Tagen war er ab und ich sah so einen Stumpf an noch mind. einem weiteren Geh\u00e4nge. <\/p>\n<p>Aufmerksam wurde ich darauf, da er einmal genau kam, als ich einsteigen wollte &#8211; hab ihn aber lieber nicht genommen.<\/p>\n<p><a href='http:\/\/ski.inmontanis.info\/d\/330545-2\/DSC04049.jpg'><img src=http:\/\/ski.inmontanis.info\/d\/330544-3\/DSC04049.jpg \/><\/a><br \/>\n^ Tellerlift, leider ja lahm, aber daf\u00fcr mit den originalen gr\u00fcnen Grafferstangen<\/p>\n<p>In Bj\u00f6rkliden waren heut immerhin auch die beiden Tellerlifte offen. War bei dem teils gemeldeten Sturm ja nicht zu erwarten.<\/p>\n<p>Hier in Olos ist am Samstag in einer Woche der letzte Betriebstag, da w\u00e4r ich eigentlich gern nochmals hier, dann m\u00fcsste ich aber von DI-FR nach Levi, wo es dzt. kalt und sonnenlos gemeldet wird. 4 Tage sollten es eigentlich sein, erstens weil gro\u00df und zweitens weil der Skipass eh so teuer ist. Bei 3 Tagen ist man noch bei 45,50 \u20ac pro Tag, bei 4 wenigstens nur noch auf 42.90. Aber l\u00e4nger will ich dort auch nicht bleiben.<\/p>\n<p>Mangels sinnvoller besserer Alternativen fuhr ich dann halt doch nicht nach Pallas, sondern zu dem 28\u20ac-Stellplatz in Muonio. Temperaturm\u00e4\u00dfig zwar nicht so n\u00f6tig gewesen, aber falls in Pallas alles voller Schneematsch ist .. dann probier ichs morgen Mittag doch hier in Olos, ob ich einen Parkplatz bekomm. Das w\u00e4re der Plan bei Abfahrt gewesen, aber als ich dann losfahren wollte, sah ich gegen\u00fcber der Hauptstra\u00dfe ger\u00e4umte Parkpl\u00e4tze an der dortigen Nebenstra\u00dfe, zwar matschig, aber schneelos, ein Wohnmobil stand auch schon da. Dann doch gleich hier stehen bleiben! Auch wenn der Speck f\u00fcr die Nudeln heute etwas mehr Strom brauchen wird. Hoffe nur, dass die nicht die ganze Nacht ein Stromaggregat laufen lassen werden&#8230;<br \/>\n.. oder dass hier morgen nicht schon ab 6 Uhr Halligalli sist, denn um 7 Uhr sollen Busse von Olos zum Startpunkt (Start um 9 Uhr) fahren und wg. Zeitverschiebung m\u00fcsste ich ja erst um 8 Uhr aufstehen &#8230;<\/p>\n<p>Der Boden hinterm Fahrersitz ist auch nach wie vor nass. Hab am Stellplatz in Bj\u00f6rkliden zwar mit dem zweiten Heizer in dem Bereich teilweise versucht es zu trocknen, nachts und tags\u00fcber, soweit es ging, den Platz frei zu lassen, dass es vielleicht ausd\u00fcnstet, aber n\u00f6. Sp\u00e4testens seit heute scheint das zu m\u00fcffeln. Sollte vielleicht Papiert\u00fccher kaufen zum Trocknen und \u00fcberhaupt mal Katzenstreu, um die Katzenstreusocken zu erneuern, das wird wohl auch l\u00e4ngst mal Zeit &#8230; <\/p>\n<p>Wie erwartet, wurde der Notstromer sp\u00e4ter noch eingeschaltet, aber wenigstens nicht die ganze Nacht \u00fcber.<\/p>\n<p>Abends hab ich noch ein M\u00e4del erschreckt, die hielten mit ihrem Auto nahe an meinem und die eine ging dann &#8220;hinter&#8221; mein Auto, also neben mein Auto und zog sich gerade aus um zu pinkeln oder sonstwas &#8211; da hab ich mal eben meinen Fenstschaumstoff weg und ans Fenster geklopft, was war die schnell wieder angezogen und ist kreischend und kichernd weggerannt :) Vielleicht h\u00e4tte ich etwas sp\u00e4ter klopfen sollen &#8230;<\/p>\n<p><strong>Fr, 12.4.2024<\/strong><\/p>\n<p>Gegen 4:30 bin ich mal aufgeweckt worden, glaub lautes T\u00fcrschlagen + Dauerger\u00e4usch, vielleicht der Stromgenerator wieder oder Pistenraupen. Der gro\u00dfe Ansturm blieb um 6-7 Uhr mal aus, aber ein paar Autos fuhren doch vorbei bzw hielten hier kurz.<\/p>\n<p>Parkplatzm\u00e4\u00dfig am Skigbiet h\u00e4tte man sich morgens entweder steil abfallend am Stra\u00dfenrand n\u00e4he Hotel hinsstellen k\u00f6nnen (f\u00fcrs Alpinskigbiet besser, aber gef\u00e4hrlich, wenn meine Bremsen oder die vom Hintermann versagen w\u00fcrden) oder unten im Zielbereich, wo nun etliche Pl\u00e4tze frei waren (schlechter f\u00fcrs Skigebiet, weil man dann irgendwie die Loipe queren muss oder die lange Treppe raufgehen muss und evtl. nachmittags alles voll  ist und nicht wegkommt. Entschied mich f\u00fcr letzteres.<\/p>\n<p>Hatte mir letztens die Ergebnisse vom Vorjahr angesehen, die schnellsten brauchen f\u00fcr die 80km wohl nur etwas mehr als 3 Stunden, d.h. die ersten L\u00e4ufter k\u00f6nnten bereits kurz nach dem Ende meiner Arbeitszeit hier eintreffen &#8211; dann wohl doch die Treppe.<\/p>\n<p>Es kamen auch bald Parkplatzeinweiser bzw die, die daf\u00fcr sorgten, dass sich hier wohl keiner mehr hinstellen w\u00fcrde, so dass die Pl\u00e4tze neben mir frei blieben?! Um 11 Uhr kamen ein paar leere Busse, die sp\u00e4ter noch vermutlich zu dem 12-Uhr-Halbstrecken-Start abfuhren.<\/p>\n<p>In meiner ersten Stunde im Skigebiet heute noch weniger los, 2 am Tellerlift und 2 am rechten SL gesehen. Offpiste teilweise tragend, aber nur im oberen Bereich, daher nicht weiter probiert. Abfahrten 2+6 waren nicht frisch pr\u00e4pariert (noch etwas hart gefroren), die anderen waren teils firnig weich, au\u00dfer den  Steilh\u00e4ngen = hart.<\/p>\n<p>\u00dcberraschenderweise waren mittags sogar alle 4 Lifte in Betrieb. Der Kurzb\u00fcgler aber bald wg. vielleicht technischem Problem abgeschaltet. <\/p>\n<p>Da (bis auf den Kurzb\u00fcgler) die Lifte ja sehr langsam fahren, dauert eine Runde (alle 7 Hauptabfahrten) ca. eine Stunde, dh. 3-4x eine Abahrt pro Tag. Heute Freitag w\u00e4re ja bis 19:15 Uhr Skibetrieb, aber nat\u00fcrlich hatte ich keine Lust bis 19 Uhr zu fahren (f\u00e4hrt ja eh nur der vordere Lift), sondern h\u00f6rte um 16:45 auf.<\/p>\n<p><a href='http:\/\/ski.inmontanis.info\/d\/330549-2\/DSC04055.jpg'><img src=http:\/\/ski.inmontanis.info\/d\/330548-3\/DSC04055.jpg \/><\/a><br \/>\n^ Langlauf-Event<\/p>\n<p><a href='http:\/\/ski.inmontanis.info\/d\/330553-2\/DSC04056.jpg'><img src=http:\/\/ski.inmontanis.info\/d\/330552-3\/DSC04056.jpg \/><\/a><br \/>\n^ Langlauf-Event Zieleinauf<\/p>\n<p><a href='http:\/\/ski.inmontanis.info\/d\/330557-2\/DSC04059.jpg'><img src=http:\/\/ski.inmontanis.info\/d\/330556-3\/DSC04059.jpg \/><\/a><br \/>\n^ Abfahrt 9+10<\/p>\n<p><a href='http:\/\/ski.inmontanis.info\/d\/330561-2\/DSC04060.jpg'><img src=http:\/\/ski.inmontanis.info\/d\/330560-3\/DSC04060.jpg \/><\/a><br \/>\n^ Rechter SL und links davon Abfahrt 7<\/p>\n<p><a href='http:\/\/ski.inmontanis.info\/d\/330565-2\/DSC04061.jpg'><img src=http:\/\/ski.inmontanis.info\/d\/330564-3\/DSC04061.jpg \/><\/a><br \/>\n^ Abfahrt 9 um 12:55 Uhr<\/p>\n<p><a href='http:\/\/ski.inmontanis.info\/d\/330569-2\/DSC04063.jpg'><img src=http:\/\/ski.inmontanis.info\/d\/330568-3\/DSC04063.jpg \/><\/a><br \/>\n^ Abfahrt 9, die Frage Graben oder Grat wurde diese Woche h\u00e4ufiger mit Grat entschieden, weil der Graben nur selten pr\u00e4pariert wurde<\/p>\n<p><a href='http:\/\/ski.inmontanis.info\/d\/330573-2\/DSC04064.jpg'><img src=http:\/\/ski.inmontanis.info\/d\/330572-3\/DSC04064.jpg \/><\/a><br \/>\n^ Abfahrt 7, die erste Spur von mir um 13:04 Uhr<\/p>\n<p><a href='http:\/\/ski.inmontanis.info\/d\/330577-2\/DSC04065.jpg'><img src=http:\/\/ski.inmontanis.info\/d\/330576-3\/DSC04065.jpg \/><\/a><br \/>\n^ Funpark links vom Tellerlift wird auch als Schneedepot verwendet<\/p>\n<p><a href='http:\/\/ski.inmontanis.info\/d\/330581-2\/DSC04068.jpg'><img src=http:\/\/ski.inmontanis.info\/d\/330580-3\/DSC04068.jpg \/><\/a><br \/>\n^ Am mittleren und rechten SL h\u00e4ngen einige B\u00fcgel um 90\u00b0 gedreht, was beim Rauffahren eigenartig ausschaut und an der Talstation muss man aufpassen, nicht aufgespie\u00dft zu werden<\/p>\n<p><a href='http:\/\/ski.inmontanis.info\/d\/330585-2\/DSC04074.jpg'><img src=http:\/\/ski.inmontanis.info\/d\/330584-3\/DSC04074.jpg \/><\/a><br \/>\n^ Abfahrt 7 um 15:47, es fuhr weiterhin keiner au\u00dfer mir und ich hab nun meine 4 Spuren drin. Doppelz\u00f6pfe sind auch im Schnee cool ;)<\/p>\n<p>In Luosto ist nicht mehr nur der linke SL nicht mehr in Betrieb, sondern auch die Abfahrten 2 und 3 mittlerweile gschlossen. Da bin ich also froh, dass ich da vor Ostern 1. hingefahren und 2. wenigstens 4 Tage geblieben bin, dann kann ich den Umweg dorthin jetzt auslassen. In Ounasvaara sind noch alle Lifte und Abfahrten offen. Von Luosto h\u00e4tte ich mir eigentlich auch ein bisschen mehr erhofft. Dass ausgerechnet Ounasvaara und Olos die 2 interessanteren der 4 Gebiete sein w\u00fcrden, das Gegenteil h\u00e4tte ich erwartet.   <\/p>\n<p>Bin mir allerdings unsicher, ob ich \u00fcberhaupt nach Levi fahren will und dort teure Skip\u00e4sse kaufen will f\u00fcr KSBen und Gondelbahnen (ja, es gibt auch noch viele SL) und dem Stress, alle Abfahrten und Lifte zu fahren (nat\u00fclrlich nicht an 1 Tag, eh zu gro\u00df, aber von ggf. 10-18 Uhr), wenn ich hier so sch\u00f6n rostige Skilifte und quasi Privatskigebiet hab und &#8211; so ich will &#8211; g\u00fcnstige Chicken Nuggets mit Pommes essen kann oder den Krapfendonut (gestern wie heute, seh ich eher als Unterst\u00fctzung f\u00fcr&#8217;s Skigebiet, aber ist nat\u00fcrlich auch lecker und ja, ein Karpfendonut w\u00e4r sicher auch lecker). Kommt vielleicht drauf an, wie meine Laune dann am Montag oder Dienstag ist. Und ob hier der rechte SL noch in Betrieb ist. Deshalb werd ich wohl auch morgen nicht nach Pallas fahren &#8211; f\u00fcr den Fall, dass der rechte SL  morgen den letzten Tag haben sollte.<\/p>\n<p>Zugegeben h\u00e4tte ich eher gedacht, heuer in Finnland auch erstmals Pyh\u00e4, Salla und Saariselk\u00e4 zu besuchen. Aber die Skip\u00e4sse sind im Vgl. zu den gro\u00dfen Gebieten Yll\u00e4s + Levi nicht viel g\u00fcnstiger und so unterschiedlch sind die Skigebiete hier in Finnland ja auch nicht.<\/p>\n<p>F\u00fcr heute Nacht ist etwas Regen\/Schneeregen gemeldet, ebenso f\u00fcr morgen Nacht. Welche Nacht soll ich nun in Muonio am Campingplatz verbringen und zuvor Katzenstreu kaufen und das austauschen? Wetterm\u00e4\u00dfig soll&#8217;s an beiden Abenden mit +7\/+8\u00b0 sch\u00f6n warm sein (und noch m\u00fcckenfrei, um das Reinigen bei ge\u00f6ffneter Heckklappe anzugehen). Aber weil ich morgen ja schon um 11 Uhr starte, h\u00f6r ich vielleicht fr\u00fcher auf? Ja, das mit dem sp\u00e4ten 11-Uhr-Start am WE ist in Olos ein bisschen bl\u00f6d, insb. wenn ich direkt nebendran frei stehe und nicht an einem Campingplatz.    <\/p>\n<p>Der Parkplatz gegen\u00fcber war mittlerweile recht matschig, gut, dass ich auf meinem Freisteh-Nachtplatz normalerweise nicht aus dem Auto will.<\/p>\n<p>Heut gleich mal im &#8220;Keller&#8221; bissl rumgeschaut und f\u00fcr den Katzenstreuersatz vorbereitet, ja, viel zu sp\u00e4t. Direkt hinter der Katzenstreusocke, die jetzt wohl monatelang an der Holzseitenwand lag, eine dicke Schicht Schimmel. H\u00e4tte ich vmtl. viel fr\u00fcher und \u00f6fters wechseln m\u00fcssen. Aber bei dem Silica sieht man halt nicht, wann das voll ist. Daher will ich mir morgen mal Klumpstreu kaufen, vielleicht merkt man es da schneller.<\/p>\n<p>Auch an einer anderen Stelle war eine dicke, flauschige Schicht Schimmel. Dort lag aber keine feuchte Katzenstreusocke, sondern eine feuchte (nach altem Zigarettenrauch stinkende) Stofftasche. Die ich ja deshalb verwendet hatte, weil ich kein freiliegendes Plastik und Metall mehr haben wollte, an dem die Luft kondensiert. Nunja, irgendwo kondensiert die Luft aber trotzdem und die feuchte Tasche am Holz sorgt dann eben auch f\u00fcr Schimmel :-\/ Und wenn man alles mit Katzenstreu auslegen w\u00fcrde, sobald man das nicht zeitig genug dann ersetzt, wird auch das zu feucht werden und sich nebendran Schimmel ansetzen sch\u00e4tz ich?! <\/p>\n<p>Es ist wohl alles egal.. Keine Ahnung, darf ich in Zukunft nix mehr mitnehmen, damit die Luft besser zirkulieren kann. Oder nur soviel, dass ich immer einen Teilbereich alle paar Tage freir\u00e4ume. Was ich dann auch nicht regelm\u00e4\u00dfig machen w\u00fcrde, kenn mich ja.<\/p>\n<p>D.h. wenn ich morgen Klumpstreu in die Socken stecke, muss ich daran denken, regelm\u00e4\u00dfig zu \u00fcberpr\u00fcfen, wie der Klumpstatus ist&#8230;   <\/p>\n<p>Derweil heute mal die gesehenen Stellen mit dem Anti-Schimmel-Spray eingespr\u00fcht und abgewischt; morgen Abend dann von hinten begutachten und die hintere Seitent\u00fcr, da muss ich eh mal staubsaugen. Falls was zu saugen geht und nicht der ganze Schmutz eine feuchte Schimmeldecke sein wird ;)<\/p>\n<p>Immerhin war von Vorteil, dass ich heuer den Kochtopf im Keller hatte und diesen Bereich fast t\u00e4glich freigemacht hab (und der ja auch nicht am Holz breit angelehnt ist), da ist nat\u00fcrlich nix schimmelig. <\/p>\n<p>Hab heut Abend mal noch etwas Routen durchgespielt, z.B. was ist der Umweg, wenn ich zwischen Pallas mal nach Yll\u00e4s fahre im Vergleich zu Yll\u00e4s erst am Ende und von dort nach Bj\u00f6rkliden &#8211; ja schon sp\u00fcrbar k\u00fcrzer, aber die Entscheidung wird haupts\u00e4chlich nach Wetter gemacht. Die jetzt verg\u00fcnstigten 3 Tage Yll\u00e4s will ich jedenfalls mitnehmen, unabh\u00e4ngig von den 3 oder 4 Tagen in Levi. Und dann noch jedenfalls 7 Tage in Bj\u00f6rkliden sein. Ob ich dann 3 Wochen Riksgr\u00e4nsen mach oder die erste Woche noch Narvik oder 2 Wochen Riksgr\u00e4nsen und fr\u00fcher runter? Ich werd jedenfalls auch nicht die 3 Wochen bis zum Midsommer-Skifahren in Riksgr\u00e4nsen Mitte Juni warten. Aktuell liegt ja so wenig Schnee in Riksgr\u00e4nsen, dass das sowieso sehr fraglich ist. Und ich einfach keine Ahnung h\u00e4tte, was ich in den 3 Wochen im Norden machen wollte au\u00dfer wieder hunderte Kilometer sinnlos rumzufahren &#8211; \u00e4h n\u00f6.<\/p>\n<p>Au\u00dferdem geschaut, wie der Umweg w\u00e4re, falls ich beim Runterfahren noch die norwegischen Sommerskigebiete mitnehmen m\u00f6chte, also zumindest Stryn oder noch mehr. Der Umweg hielte sich in Grenzen, wenn man dann von Riksgr\u00e4nsen aus \u00fcber Norwegen runter f\u00e4hrt. Die nervige, nervige, nervige E6 plus Mautgeb\u00fchren plus die teuren norwegischen Benzinpreise. Da hab ich ja gar keinen Bock. Via Schweden runter w\u00e4re dann nochmals ca. 260km Umweg. W\u00e4re auch noch im Rahmen. Aber in Summe dann 200-600km mehr als direkt via Schweden ohne Sommerski (je nach welcher F\u00e4hre oder ob Br\u00fccken; bin ich ja gar kein Fan von, aber Kopenhagen mit Mattenskigebiet und Stra\u00dfenbahnmuseum w\u00e4re halt auch ein Argument f\u00fcr die Br\u00fcckenstrecke.)<\/p>\n<p>Und eigentlich sind sie mir auch mittlerweile zu teuer, diese norwegischen Sommerskigebiete. Bei 2 von 3 kommt dann ja auch noch die Maut auf der Zufahrt dazu.<\/p>\n<p>Wann ich also nach UK fahre, vielleicht doch etwas fr\u00fcher? Der Hauptevent-Tag in Crich ist 14.-15.9., , bis dahin muss ich also auf jeden Fall im UK bleiben. Unsch\u00f6ne Nachrichten aus Blackpool, wegen eines Problems im alten Depot und weniger Platz im neuen, werden wohl nur 5 alte Trams heuer in Betrieb sein. Ob ich heuer also \u00fcberhaupt nach Blackpool fahren werde&#8230; Und auf der Isle of Man hat man zwei der blauen bzw. gr\u00fcnen Trams nun in den Standard-Farben (rot etc) neu lackiert :( Und ob Wirral\/Birkenhead heuer wieder in Betrieb gehen wird, ist ebenfalls noch unklar. Wie schon letztes oder vorletztes Jahr festgestelt, es wird halt auch immer bl\u00f6der im UK.<\/p>\n<p>Diese teure Isle-of-Man-F\u00e4hre ist glatt noch viel teurer geworden, 2022 hatte ich 278 GBP gezahlt, mittlerweile sind die Preise nochmals 16% teurer, 323,50 (ca. 380,- \u20ac) Und das sind die Juli-Preise. Im August und September? Noch etwas teurer. G\u00fcnstiger w\u00e4re ein 5-Tagestrip, weil es da immer dieses Max-5-Tage-Angebot gibt (261,50), aber letztes Mal haben mir ja schon 2 Wochen nicht gereicht. Ohne Auto 52,- GBP (bei 2-3 Wochen), aber um 300 \u20ac bekommt man wohl keine Unterkunft f\u00fcr 2-3 Wochen ;) Vielleicht einen Zeltplatz. Aber ernsthaft, fast 400 \u20ac f\u00fcr die F\u00e4hr\u00fcberfahrt zur Isle of Man und retour, will ich das echt bezahlen?? <\/p>\n<p>Nein, wollen tu ich das nicht wirklich, aber wollen w\u00fcrd ich schon gern auf die IoM. 400 \u20ac, damit komm ich bei einem 2 \u20ac Benzinpreis \u00fcber 3.000 km weit. Ok, das ist in etwa die Strecke von Riksgr\u00e4nsen nach \u00d6sterreich. Dann gut, dass der Sprit momentan g\u00fcnstiger ist als vor 2 Jahren .. das ist doch alles schei\u00dfe teuer heutzutage. Dann hab ich halt den bl\u00f6den Schimmel alle paar Monate im Auto, spar mir aber die \u00dcbernachtungskosten, wenn der Rest schon so teuer ist .. <\/p>\n<p>Falls ich aber 3-4 Wochen auf der Isle of Man bleiben m\u00f6chte, brauch ich entweder hin und wieder doch einen Campingplatz mit Strom zum Batterieladen oder schau doch mal wegen eines Solarpanels, aber wenn das nicht fix verschraubt o.\u00e4. ist, sollte ich das ja eher auch nicht tags\u00fcber auf dem Dach oder \u00fcber die Windschutzscheibe gespannt lassen?! Wenn, dann m\u00fcsst ich da was zumindest im Skitr\u00e4ger eingeklemmt bekommen, dann sollte die Gr\u00f6\u00dfe aber auch entsprechend passen, evtl. so faltbare, wo dann die Skitr\u00e4gerklemme in dem Faltrahmen ist; muss nicht fahrtauglich sein, weil da kann ich ja mit der Lichtmaschine nachladen, eher was f\u00fcr die Standzeit und wenn ich nicht gerade einen Schattenplatz hab. Wenn ich da 200W am Tag erzeugen kann, w\u00fcrde mir das eigentlich schon viel helfen, auch falls ich mal wieder am Hintertuxer oder M\u00f6lltaler einige Zeit stehen m\u00f6chte&#8230; muss ich sp\u00e4testens bis zur Fahrt durch DE mal durch\u00fcberlegt haben, was das kostet und wie der Platz da oben ist.<\/p>\n<p>Ich glaub, wenn meine Eltern nicht mehr leben w\u00fcrden, w\u00fcrd ich mir doch im Norden Schwedens ein g\u00fcnstiges H\u00e4uschen kaufen und die n\u00e4chsten Jahre hier oben verbringen. Wobei nat\u00fcrlich die Campingpl\u00e4tze auch bald &#8220;unbezahlbar&#8221; werden, aber skigebietsm\u00e4\u00dfig gef\u00e4llt es mir hier momentan einfach besser als in den Alpen.<\/p>\n<p>Abends h\u00f6rte man noch Flap-Flap-Ger\u00e4usche, wohl von den Windr\u00e4dern oben am Berg.<\/p>\n<p><strong>Sa, 13.4.2024<\/strong><\/p>\n<p>Auch heute morgen wieder irgendwelche laufenden Automotoren l\u00e4nger am Platz und andere Ger\u00e4usche, das Wohnmobil fuhr  auch irgendwann weg. Ich wollte ja erst nach 9 Uhr aufstehen, wenn die Lifte erst ab 11e gehen, aber so lag ich doch wieder ab 7 oder 7:30 relativ wach im Bett. <\/p>\n<p>Heute war der mittlere SL zu, also der Kurzb\u00fcgler wieder offen. W\u00e4hrend meiner ersten Runde (also von 11-12 Uhr) waren ein paar Kids im Funpark, sonst weniger als 5 Leute, einmal hab ich noch 2 andere an einem B\u00fcgel am rechten SL gesehen.  Schlie\u00dflich war der mittlere SL nach Mittg doch f\u00fcr 1-2 Stunden in Betrieb.<\/p>\n<p>Da ich ja mal die Rentierfleischkl\u00f6pse probieren wollte, aber mal nur die kleine Portion (9,-) als Mittagessen und nicht die gro\u00dfe (16,-) als nachmitt\u00e4gliche Hauptmahlzeit, ging ich gleich um 12 Uhr ins Restaurant. Hab momentan abends schwedische K\u00f6ttbullar, rotes Pesto, Nudeln offen. Die Portion war dann doch etwas sehr klein. war aber echt lecker, insb. die &#8220;creamy game sauce&#8221; ;) Oh Mann, das ist tats\u00e4chlich richtig \u00fcbersetzt, &#8220;game sauce&#8221; hei\u00dft nicht &#8220;Spielso\u00dfe&#8221;, sondern &#8220;Wildso\u00dfe&#8221; .. Ja, schmeckte nach Wildso\u00dfe, sehr lecker. Ob ich mir da irgendwann doch noch die normalgro\u00dfe Portion kaufen muss?  Die Chicken Nuggets um 8,- machen jedenfalls doppelt so satt. <\/p>\n<p><a href='http:\/\/ski.inmontanis.info\/d\/330589-2\/DSC04076.jpg'><img src=http:\/\/ski.inmontanis.info\/d\/330588-3\/DSC04076.jpg \/><\/a><br \/>\n^ Rentierkl\u00f6pse mit Preiselbeeren und leckerer Wildso\u00dfe<\/p>\n<p>Da musste heute noch ein knuspriger Munkki \/ M\u00f6nch \/ Krapfen-Donut um 2,50 hinterher ;) Ich frag mich ja seit einiger Zeit, was die schwarzen Punkte im Teig immer sind. Kardamom? Eins der St\u00fcckchen mal einzeln draufgebissen erinnerte schon an eine Teezutat, aber ist das Kardamomgeschmack oder nicht?  Ahja, laut Wikipedia ist Kardamom tats\u00e4chlich in schwedischen Zimtschnecken drin und auch in finnischen Backwaren, allerdings wird hier nicht Munkki gelistet.<\/p>\n<p><a href='http:\/\/ski.inmontanis.info\/d\/330593-2\/DSC04077.jpg'><img src=http:\/\/ski.inmontanis.info\/d\/330592-3\/DSC04077.jpg \/><\/a><br \/>\n^ Munkki \/ Krapfen-Donut<\/p>\n<p>Wenn so ein Krapfendonut &#8220;M\u00f6nch&#8221; genannt wird, vermutkich wegen seiner Form, die an die Frisur eines M\u00f6nchs erinnert, soll dann der viele Zucker darauf die Schuppen symobolisieren?! ;)<\/p>\n<p>Schnee heute recht pappig, paar mehr Leute kamen noch und zwei hatten am rechten SL das Pech, das ihr B\u00fcgel abgegangen ist. Das hab ich heuer ja schon etliche Male gesehen.<\/p>\n<p>Nachdem ab 14 Uhr die Sonne rauskam, wurde der Pappschnee etwas besser, h\u00f6rte aber trotzdem um 1530 auf.<\/p>\n<p><a href='http:\/\/ski.inmontanis.info\/d\/330597-2\/DSC04078.jpg'><img src=http:\/\/ski.inmontanis.info\/d\/330596-3\/DSC04078.jpg \/><\/a><br \/>\n^ Manchmal verliert der Liftler auf seinem Schneemobil in der Lifttrasse was ohne es zu merken ..<\/p>\n<p><a href='http:\/\/ski.inmontanis.info\/d\/330601-2\/DSC04082.jpg'><img src=http:\/\/ski.inmontanis.info\/d\/330600-3\/DSC04082.jpg \/><\/a><br \/>\n^ Abfahrt 4, Hotel, alle 4 Lift-Talstationen im Bild<\/p>\n<p><a href='http:\/\/ski.inmontanis.info\/d\/330605-2\/DSC04086.jpg'><img src=http:\/\/ski.inmontanis.info\/d\/330604-3\/DSC04086.jpg \/><\/a><br \/>\n^ Abfahrt 7 um 15:09 Uhr<\/p>\n<p><a href='http:\/\/ski.inmontanis.info\/d\/330609-2\/DSC04088.jpg'><img src=http:\/\/ski.inmontanis.info\/d\/330608-3\/DSC04088.jpg \/><\/a><br \/>\n^ Der tolle rechte SL, der nicht nur mit seinen St\u00fctzen, sondern auch seinen Abfahrten \u00fcberzeugt<\/p>\n<p>Von der W\u00e4rme her h\u00e4tte ich ja heut keinen Strom gebraucht (+1\u00b0 nachts, von DI auf MI und auf DO werden nachts wieder -10 und -12\u00b0 gemeldet), aber f\u00fcr die Katzenstreuarbeiten samt offener Heckklappe sind halt doch die w\u00e4rmeren Temperaturen derzeit brauchbar und auch der M\u00fcllcontainer wird ben\u00f6tigt.  Benzin- und Dieselpreise hier in Muonio wieder 1,98-2,01 \u20ac.<\/p>\n<p>Schimmel war nicht mehr soo viel  da hinten, einen See gab&#8217;s auch nicht, aber noch zwei nasse Stofft\u00fcten und die ganze Sommerkleidung etc. war auch recht feucht. Je tiefer, desto feuchter, insb. das Bettleinen ganz unten (das ich f\u00fcr Hostels dabei hab) war feucht und m\u00fcffelte &#8211; das hab ich gleich ganz entsorgt, war ja nicht teuer und kann man g\u00fcnstig nachkaufen. Auch mein zweiter Schlafanzug ist richtig feucht.<\/p>\n<p>Nach 1,5-2h war ich soweit fertig mit den Entsschimmmlungsaktionen, Wegschmeissen, Katzenstreu ersetzen. Einige Str\u00fcmpfe sind aber zu feucht und m\u00fcssen erst trocknen. Das, was ich heute gemacht hab, w\u00e4r mir im Hochwinter aber auch viel zu kalt&#8230;.<\/p>\n<p>Der Schuhtrockner funktionierte heute mal wieder richtig und wurde hei\u00df &#8211; komisches DIng. Da ich ja keine Au\u00dfenluft durch Standheizung heute reinkrieg und soviel feuchte Sachen hab, hab ich \u00f6fters die Standheizung auf L\u00fcftung gestelllt. Bleibt nat\u00fcrlich trotzdem zu bef\u00fcrchten, dass die Feuchtigkeit der Kleidung wieder an unerw\u00fcnschte Stellen kondensiert.<\/p>\n<p>Interessant ist auch, das ich trotz des Schimmels nicht \u00f6fters erk\u00e4ltet war heuer? Entweder es macht einen Unterschied, ob man dauernd im Auto ist oder nur wochenweise, oder letzten Sommer Hintertux war nicht der Schimmel im Auto Schuld an der Erk\u00e4ltung jedesmal. Oder es war einfach mehr.<\/p>\n<p>Ich hab auch noch Katzenstreu auf den nassen Bodenbereich gesch\u00fcttet, evtl mit Hilfe der F\u00fc\u00dfe hat das schon ziemlich Feuchtigkeit rausgesaugt, aber das wird dann zu einer recht lehmigen, feuchten Masse, die man wiederum mit Papiert\u00fccher o\u00e4 entfernen muss (und das wohl auch nur schlecht, so lang es so nass ist) &#8211; die Konsistenz in den Str\u00fcmpfen wird also auch fraglich werden. <\/p>\n<p><strong>So, 14.4.2024<\/strong><\/p>\n<p>\u00dcber Nacht hatte es wieder etwas geregnet, der obere Teil des Skigebiets war noch im Nebel. Heute nochmals warm mit +8\u00b0 gemeldet, danach soll es wieder k\u00e4lter werden mit bis zu -12\u00b0 nachts und -4\u00b0 tags\u00fcber, bevor es zum n\u00e4chsten WE wieder Plusgrade geben soll.<\/p>\n<p>Es wurde noch vor 12 Uhr sonnig und alle 4 Lifte in Betrieb. K\u00f6nnte von mir aus so noch monatelang weitergehen ;)<\/p>\n<p>Zu Beginn etwas pappig, allerdings wurden die Steilh\u00e4nge anscheinend durch die Sonne und weil sonnenabgewandte Seite schnell unsch\u00f6n angefroren. Bin bis 16 Uhr geblieben.<\/p>\n<p><a href='http:\/\/ski.inmontanis.info\/d\/330613-2\/DSC04092.jpg'><img src=http:\/\/ski.inmontanis.info\/d\/330612-3\/DSC04092.jpg \/><\/a><br \/>\n^ Blick vom gegen\u00fcberliegenden Matsch-Nachtplatz zum Skigebiet<\/p>\n<p><a href='http:\/\/extra.inmontanis.info\/d\/103402-3\/DSC04091.jpg'><img src=http:\/\/extra.inmontanis.info\/d\/103401-4\/DSC04091.jpg \/><\/a><br \/>\n^ Katzenstreu, bekomm ich damit den Boden trocken?<\/p>\n<p>Morgen will ich ja nochmals hier nach Olos, weil ich morgen nicht kochen m\u00f6chte, also eins der beiden Retaurants besuchen, entweder das untere hat offen und was nach meinem Geschmack zu angenehmen Preisen oder eben oben die Chicken Nuggets mit Pommes. Vielleicht dann am DIenstag mal Pallas. Sind halt auch 25km einfach zu fahren, also H&#038;R schon 50km, was nur f\u00fcr einen Tag eigentlich schon recht viel sind. <\/p>\n<p>Anstatt endlich die n\u00e4chsten Bilder zu bearbeiten und Berichte online zu stellen,  fang ich in den letzten Tagen mit den Planungen f\u00fcr UK im Sommer an, trage die Tram-Events in den Kalender ein usw., einiges ja bereits weiter oben erw\u00e4hnt. Und ja, ich brauch auch irgendwann ein Auto-Service, ob ich da noch bis DE komme oder es in SE machen will (oder es eh hier g\u00fcnstiger w\u00e4re?!) und wann und wo ich einen Termin vereinbare, muss ich mir auch in den n\u00e4chsten Wochen \u00fcberlegen. Wenn ich mir vielleicht die Option offen lassen wollte, nicht bis zum Ende in Riksgr\u00e4nsen zu fahren, sondern weiter s\u00fcdlich zu sein, falls da noch zuf\u00e4lligerweise ein Skigebiet offen haben sollte .. oder wenn ich keine Lust mehr hab auf Riksgr\u00e4nsen und fr\u00fcher s\u00fcdlich fahren wollte .. schwierig dann einen Termin zu buchen.<\/p>\n<p>Komplett dunkel wird es hier mittlerweile nicht mehr, am dunkelsten w\u00e4re es um ca. 1:30 Uhr, Sterne (und Nordlichter) k\u00f6nnte man also nur noch kurze Zeit sehen, wenn \u00fcberhaupt. Das war dann hinsichtlich Nordlichter wohl die entt\u00e4uschendste Skandinavienreise bisher. Aber wie schon gesagt, hatte ich ja keine Lust in der K\u00e4lte nachts rauszugehen und vom Fenster her muss Umgebungslicht, Bew\u00f6lkung, Richtung, Aktivit\u00e4t passen..<\/p>\n<p><strong>Mo, 15.4.2024<\/strong><\/p>\n<p>Paar Schneeflocken in der Luft und alle 4 Lifte liefen &#8211; zum Start leer. Kuckte also mal in das Lunchbuffet-Restaurant unten rein, aber 26 \u20ac, n\u00f6, das ist mir zu teuer ;)  Dann wieder die Nuggets.<\/p>\n<p>Sehr satt gewesen, Skibetrieb heute am Montag ja wieder bis 19:15,  der Big-Air-Bag war nach meiner Essenspause mal offen, dh. die Querung von der Abfahrt 1 unsch\u00f6n. Pisten auf der rechten Seite (7+9+10) unsch\u00f6n ruppig pr\u00e4pariert und hart, die linken Abfahrten (1+4) wurden evtl. (heute Morgen) sp\u00e4ter pr\u00e4pariert, weil die etwas weicher waren. 2+6 werden wohl eh nicht mehr pr\u00e4pariert.<\/p>\n<p><a href='http:\/\/ski.inmontanis.info\/d\/330617-2\/DSC04093.jpg'><img src=http:\/\/ski.inmontanis.info\/d\/330616-3\/DSC04093.jpg \/><\/a><br \/>\n^ Rechter SL, einige Fundamente scheinen kein sichtbares Betonfundament zu haben, sondern solche Steinhaufen obendrauf<\/p>\n<p><a href='http:\/\/ski.inmontanis.info\/d\/330621-2\/DSC04094.jpg'><img src=http:\/\/ski.inmontanis.info\/d\/330620-3\/DSC04094.jpg \/><\/a><br \/>\n^ Das Cafe\/Restaurant am Lift<\/p>\n<p><a href='http:\/\/ski.inmontanis.info\/d\/330625-3\/DSC04096.jpg'><img src=http:\/\/ski.inmontanis.info\/d\/330624-3\/DSC04096.jpg \/><\/a><br \/>\n^ Die Fahnen vorm Hotel; die aus Italien hat vor ein paar Tagen schlapp gemacht und was fehlt z.B. die Nachbarl\u00e4nder Norwegen, Schweden und Russland..<\/p>\n<p>Tja, so schnell kann sich die Wettervorhersage mal wieder \u00e4ndern, f\u00fcr morgen (inkl. heute und morgen Nacht) ist nun in Pallas ganztags leichter Schneefall gemeldet, in Summe 5-6mm Niederschlag. Hier aber auch nicht viel anders. Daf\u00fcr von FR-SO sehr sonnig, nachts nochmals -14 und -16\u00b0, danach wieder w\u00e4rmer.<\/p>\n<p>Leider zu sp\u00e4t bemerkt &#038; dran gedacht, die Webcam in Pallas anzusehen, die am hinteren SL steht, ob der heut gefahren ist. Nach 17 Uhr schien der Ausstieg eher nicht verwendet worden zu sein. Falls der heute wegen Wind nicht gefahren ist, k\u00f6nnte das morgen auch gelten, da ca. gleich viel Wind gemeldet wird, dann vielleicht lieber nicht heute zum \u00dcbernachten hin fahren.<\/p>\n<p>Olos hier hat noch bis Samstag offen, danach Pallas noch 2 Wochen, wobei ich in deren letzten Woche ja lieber nach Bj\u00f6rkliden m\u00f6chte, weil auch noch nicht oft genug gewesen und wohl etwas interessanter. Beide sind bis 5.5. offen. D.h. ab Sonntag ev. 4 Tage Pallas und dann 3 Tage Yll\u00e4s? F\u00fcr Levi hab ich weder Zeit noch Lust. Bzw. h\u00e4tte ich schon Lust, aber nicht f\u00fcr 2-3 Tage jeweils 45-48 \u20ac f\u00fcr den Skipass ausgeben zu m\u00fcssen. Und f\u00fcr 4-5 Tage reicht die Zeit eigentlich nicht mehr. Und ab 26.4. Saisonabschlusspartytage, die ich auch vermeiden m\u00f6chte. <\/p>\n<p><strong>Di, 16.4.2024<\/strong><\/p>\n<p>Lift fuhr heute schon ab 9:15, anscheinend eine ganze Schulklasse oder gar die ganze Schule hier.<\/p>\n<p>Es regnete zwar nicht und auch kein Nebel, aber Graupel und da ich eh heut Abend zum Campingplatz wollte, musste ich heute nicht all zu viel Skifahren. Die Abfahrten 7\/8\/9 waren aber wieder wesentlich besser zu fahren, nun wieder sch\u00f6n griffig. Die unpr\u00e4parierten Abfahrten 2+6 lie\u00df ich aus, die waren sicher eisig gefroren und noch schlimmer als gestern. <\/p>\n<p>Heute somit etwas anders gefahren aufgrund diverser Umst\u00e4nde, also nicht 7-9-10-1-2-4-da&#8217;capo, sondern 7-10-9-7-10-9-1-4-WC\/Munkki-7-10-9-7-10-9-1-4-WC-7-10-9, was dann ca. 3 Stunden waren.<\/p>\n<p><a href='http:\/\/ski.inmontanis.info\/d\/330629-3\/DSC04100.jpg'><img src=http:\/\/ski.inmontanis.info\/d\/330628-3\/DSC04100.jpg \/><\/a><br \/>\n^ Seit gestern wurde mal eben die Zufahrt zum Mattendepot am rechten SL freigemacht, es gibt auch hier die dicken, eckigen Matten, aber wegtransportiert wurden die Rollen in eine Halle, vielleicht zum Auftauen und Reinigen?!<\/p>\n<p><a href='http:\/\/ski.inmontanis.info\/d\/330633-3\/DSC04101.jpg'><img src=http:\/\/ski.inmontanis.info\/d\/330632-3\/DSC04101.jpg \/><\/a><br \/>\n^ Ein anderes Fundament am rechten SL<\/p>\n<p>Der Vorteil von Levi zu Yll\u00e4s ist ja, dass in Levi einige Lifte bis 18 Uhr offen sind, in Yll\u00e4s nur noch bis 17 Uhr. Dort heut \u00fcbrigens EUB+KSB wg. Wind geschlossen.<\/p>\n<p>Am Capingplatz heute nicht alleine gewesen wie vor ein paar Tagen, sondern 2 Wohnmobile da, in einem waren Japaner drin, die am WC ihre Unterw\u00e4sche gewaschen und auf die Elektroheizung zum trocknen gelegt hatten. Sp\u00e4ter kamen noch weitere G\u00e4ste.<\/p>\n<p><strong>Mi, 17.4.2024<\/strong><\/p>\n<p>Als ich um 12 Uhr am Skigebiet ankam, lief der mittlere und rechte SL, d.h. ausnahmsweise mal sogar nicht der Tellerlift. Das ist dann schade, wenn man die linke Abfahrt 1 f\u00e4hrt und zum mittleren SL Talstation etwas schieben muss. Heute aber war der Schnee schnell genug, dass man nich schieben musste. \u00dcberraschenderweise wurden am Kurzb\u00fcgler heute die Geh\u00e4nge entfernt, 4 Tage vor Saisonschluss. Na wenigsstens l\u00e4uft der rechte SL noch.<\/p>\n<p>Ebenfalls \u00fcberraschenderweise waren die Abfahrten 2+6 (und die kurze 5) wieder einmal pr\u00e4pariert, aber da sie die letzten Tage unr\u00e4pariert waren, waren sie nicht so gut wie die anderen. <\/p>\n<p>Um 15:30 bin ich ins Restaurant und hatte mich auf die gro\u00dfe Portion Rentierfleischb\u00e4llchen mit der leckeren Wildsauce gefreut, aber leider aus. Und weil ja am Samstag Saisonende ist, kann man wohl davon ausgehen, dass das so bleiben wird.  Daher halt nochmals die Chicken Nuggets genommen.<\/p>\n<p><a href='http:\/\/ski.inmontanis.info\/d\/330637-3\/DSC04103.jpg'><img src=http:\/\/ski.inmontanis.info\/d\/330636-3\/DSC04103.jpg \/><\/a><br \/>\n^ Abfahrt 4 mit mittlerem SL<\/p>\n<p><a href='http:\/\/ski.inmontanis.info\/d\/330641-3\/DSC04107.jpg'><img src=http:\/\/ski.inmontanis.info\/d\/330640-3\/DSC04107.jpg \/><\/a><br \/>\n^ Am Kurzb\u00fcgel-SL werden mittlerweile die Geh\u00e4nge abmontiert &#8211; h\u00e4tte das nicht bis zum letzten Tag warten k\u00f6nnen? Was, wenn der mittlere SL jetzt einen Defekt hat?<\/p>\n<p><a href='http:\/\/ski.inmontanis.info\/d\/330645-3\/DSC04109.jpg'><img src=http:\/\/ski.inmontanis.info\/d\/330644-4\/DSC04109.jpg \/><\/a><br \/>\n^ Abfahrt 2 heute mal wieder frisch pr\u00e4pariert<\/p>\n<p>Was die 3 Tage Yll\u00e4s anbelangt, aktuell w\u00fcrde f\u00fcr SO+MO sehr sonnig gemeldet, daf\u00fcr evtl. am DI etwas Schneeregen; der Rest der Woche eher wolkig-bedeckt mit etwas Sonne, d.h. ich sollte das ggf. f\u00fcr SO-DI oder SA-MO anpeilen. <\/p>\n<p>Am Parklatz vor Pallas angekommmen, war ich \u00fcberrascht, anscheinend hat man vor dem Langlaufevent nun auch diesen Parkplatz gr\u00f6\u00dfer ger\u00e4umt, also er war nun xxx-mal so gro\u00df wie zuvor und bis runter zum Asphalt ger\u00e4umt. Im gro\u00dfen der beiden Bereiche standen bereits 3 Wohnmobile \/ Campervans in den anderen Ecken (eine Ecke ist die Zufahrt), einer aus der Schweizer, einer aus Deutschland, einer aus Finnland, also musste ich mich aus \u00d6sterreich eben irgendwo dazwischen stellen; leider zum Rand hin abfallend, so dass ich nicht r\u00fcckw\u00e4rts parken konnte. Vor 19:30 kam noch ein weiterer finnisches Mobil. L\u00e4rm machten aber nur die anderen Deutschen mit ihrem Campervan und zix mal T\u00fcr-auf-T\u00fcr-zu.<\/p>\n<p>Hab mir heut Abend mal wieder meine Bilder vom Skigebiet Narvik angesehen. Es gibt zwar auch mit EUB+SL tolles Fjordpano, aber ohne DSB scheint mir das trotzdem &#8220;angezogene Handbremse&#8221; zu sein &#8211; und bei der geringen F\u00f6rderleistung der EUB laut meinem Bild von Ankenes mit den wenigen Gondeln, k\u00f6nnte das wartezeitentechnisch ggf. auch nervig werden &#8211; und ggf. nervige Gondelbahnmitfahrer&#8230; (au\u00dfer der mittlere SL w\u00e4re in Betrieb, dann kann man die Gondel ja umgehen, aber der ist auch h\u00e4ufiger mal geschlossen)<\/p>\n<p>Alternativerweise k\u00f6nnte nach Bj\u00f6rkliden auch noch Kiruna mit seinem Luuosavaarabacken offen sein, wesentlich g\u00fcnstiger, aber uninteressanter und unter der WOche nur noch sp\u00e4ter abends. Wobei Narvik ja teils auch erst ab 13 oder 15 Uhr \u00f6ffnet.<\/p>\n<p>Wow, gerade gelesen, dass der M\u00f6lltaler heuer sogar bis 16.6. offen bleibt. Bringt mir nix, gibt aber Hoffnung auf n\u00e4chstes Fr\u00fchjahr 2025, falls ich die S\u00fcdosteuropatour im Winter 2024\/25 mach, w\u00fcrde ich ja vmtl. &#8220;relativ fr\u00fch&#8221; wieder zur\u00fcck sein, dann w\u00fcrde ich mir wohl den GoPass f\u00fcr die n\u00e4chste Saison 2025\/26 kaufen, der ja bisher im Fr\u00fchjahr an den noch ge\u00f6ffneten Skigebieten wie dem M\u00f6lltaler g\u00fcltig ist, d.h. dann Fr\u00fchjahr 2025 M\u00f6lltaler, Herbst+Winterstart 2025\/26 M\u00f6lltaler + Dez\/Jan ein bisschen CZ\/SK\/PL vom GoPass und dann ab ca. Feb. wieder nach Skandinavien mit welcher Saisonkarte dann auch immer, Skistar, Scandinavian, Hemavan-T\u00e4rnaby oder dem heurigen kleinen finnischen. Sinnvoller w\u00e4re es ja eigentlich mal wieder, dann Anfang Mai weiter s\u00fcdlich zu sein, um wenigstens ein bisschen Firn und Sulz zu haben, was einem hier oben im Norden zumeist verwehrt wird. <\/p>\n<p>Ansonsten kann ich dem aktuellen Gopass-Newsletter aber nicht zustimmen: &#8220;Haben Sie auch das Gef\u00fchl, dass es in dieser Wintersaison weniger Skifahren gab?&#8221; &#8211; Nein, definitiv nicht, absolute Rekordsaison :))<\/p>\n<p><strong>Do, 18.4.2024<\/strong> &#8211; Pallas<\/p>\n<p>Eigentlich hab ich keine Lust mehr auf diese kalten N\u00e4chte. Vielleicht bleib ich die n\u00e4chsten Tage am Stellplatz in Muonio. Heute und Samstag Abend h\u00e4tte ich das ja eh vorgehabt. Bl\u00f6derweise wird nun f\u00fcr Yll\u00e4s nur noch am MO so richtig sonnig gemeldet, aber wenn ich ab SO 3 Tage Yll\u00e4s sein will, h\u00e4tte ich wieder jede Nacht -10\u00b0. Ok, in Pallas nat\u00fcrlich auch. <\/p>\n<p>Hab dann im Hotel an der Bar nach den Lunch-M\u00f6glichkeiten gefragt, das Restaurant im Hotel ist nur \u00c0-la-card ab 13 Uhr und laut Karte kosten die Hauptseisen 20-40 \u20ac, nix f\u00fcr mich, alternativ eben der Imbisswagen mit zB Rentierkebab um 15 \u20ac als einzig sinnvolle Speise oder dann eben die Hotdogs  an dem kleinen Caf\u00e9 am oberen Lift. Leider keine Portion Pommes oder Chicken Nuggets um g\u00fcnstig Geld.<\/p>\n<p>Die Abfahrten sind jetzt auch alle offen, aber Abfahrten parallel zum SL find ich halt normalerweise langweilig, egal ob 200m oder 2000m. Sowas wie in Ankens vielleicht ausgenommen und es gibt hier eigentlich keine Abfahrt, die mich so richtig \u00fcberzeugen w\u00fcrde, was schade ist, weil ich das Gebiet aufgrund des rostigen Grafferlifts m\u00f6gen m\u00f6chte.<\/p>\n<p><a href='http:\/\/ski.inmontanis.info\/d\/330449-2\/DSC04114.jpg'><img src=http:\/\/ski.inmontanis.info\/d\/330448-3\/DSC04114.jpg \/><\/a><br \/>\n^ Linker SL, oberer Teil ab St\u00fctze 11<\/p>\n<p><a href='http:\/\/ski.inmontanis.info\/d\/330453-2\/DSC04116.jpg'><img src=http:\/\/ski.inmontanis.info\/d\/330452-3\/DSC04116.jpg \/><\/a><br \/>\n^ Pano mit Olos rechts der Mitte<\/p>\n<p><a href='http:\/\/ski.inmontanis.info\/d\/330457-2\/DSC04117.jpg'><img src=http:\/\/ski.inmontanis.info\/d\/330456-3\/DSC04117.jpg \/><\/a><br \/>\n^ Linker SL<\/p>\n<p><a href='http:\/\/ski.inmontanis.info\/d\/330461-3\/DSC04118.jpg'><img src=http:\/\/ski.inmontanis.info\/d\/330460-4\/DSC04118.jpg \/><\/a><br \/>\n^ Verbindungsabfahrt zum oberen, rechten, hinteren SL<\/p>\n<p><a href='http:\/\/ski.inmontanis.info\/d\/330465-3\/DSC04119.jpg'><img src=http:\/\/ski.inmontanis.info\/d\/330464-4\/DSC04119.jpg \/><\/a><br \/>\n^ Abfahrt links des hinteren SL nun pr\u00e4pariert und offiziell offen<\/p>\n<p><a href='http:\/\/ski.inmontanis.info\/d\/330469-3\/DSC04121.jpg'><img src=http:\/\/ski.inmontanis.info\/d\/330468-4\/DSC04121.jpg \/><\/a><br \/>\n^ Hinterer SL<\/p>\n<p><a href='http:\/\/ski.inmontanis.info\/d\/330473-3\/DSC04122.jpg'><img src=http:\/\/ski.inmontanis.info\/d\/330472-4\/DSC04122.jpg \/><\/a><br \/>\n^ Hinterer SL<\/p>\n<p><a href='http:\/\/ski.inmontanis.info\/d\/330477-3\/DSC04124.jpg'><img src=http:\/\/ski.inmontanis.info\/d\/330476-4\/DSC04124.jpg \/><\/a><br \/>\n^ Hinterer SL<\/p>\n<p><a href='http:\/\/ski.inmontanis.info\/d\/330481-3\/DSC04126.jpg'><img src=http:\/\/ski.inmontanis.info\/d\/330480-4\/DSC04126.jpg \/><\/a><br \/>\n^ Kleines Caf\u00e9 an der Talstation des hinteren SL<\/p>\n<p><a href='http:\/\/ski.inmontanis.info\/d\/330485-3\/DSC04127.jpg'><img src=http:\/\/ski.inmontanis.info\/d\/330484-4\/DSC04127.jpg \/><\/a><br \/>\n^ Offpistevariante vom hinteren\/oberen SL zum vorderen\/linken SL<\/p>\n<p><a href='http:\/\/ski.inmontanis.info\/d\/330489-3\/DSC04129.jpg'><img src=http:\/\/ski.inmontanis.info\/d\/330488-4\/DSC04129.jpg \/><\/a><br \/>\n^ Bergstation linker SL<\/p>\n<p><a href='http:\/\/ski.inmontanis.info\/d\/330493-3\/DSC04130.jpg'><img src=http:\/\/ski.inmontanis.info\/d\/330492-4\/DSC04130.jpg \/><\/a><br \/>\n^ Bergstation linker SL, so ein wundersch\u00f6ner rot-braun-rostiger Grafferlift ;)<\/p>\n<p><a href='http:\/\/ski.inmontanis.info\/d\/330497-3\/ge20240418b.jpg'><img src=http:\/\/ski.inmontanis.info\/d\/330496-4\/ge20240418b.jpg \/><\/a><br \/>\n^ GPS-Track 18.4.2024 in Magenta, vorherige besuche in Gelb<\/p>\n<p>Ich fuhr wieder nach Muonio zum Stellplatz, klar, Auto oben sch\u00f6n sonnengew\u00e4rmt, aber unten K\u00fchlschrank. Man k\u00f6nnte eigentlich auch nochmals in einen Rolls gehen und einen Burger kaufen &#8211; nein, keinen mit Ananas diesmal.<\/p>\n<p>Der normale Baconburger kostete 7,50, der gro\u00dfe 12, der aber nur aussah, als h\u00e4tte er eine zweite Scheibe Fleisch drin, also den um 7,50 genommen. Zwar lecker dank Ei und Bacon, aber schon recht klein f\u00fcr mein heutiges Hauptabendessen. Men\u00fc mit Pommes&#038;Cola h\u00e4tte 12,50 gekostet. Nuggets mit Pommes und Getr\u00e4nk wohl nur 8,90. Tagesgericht (&#8220;normale&#8221; Speisen, die es sonst nicht gibt) mittags kosten auch 12,50, aber da war ich zu sp\u00e4t. <\/p>\n<p><a href='http:\/\/extra.inmontanis.info\/d\/103406-3\/DSC04131.jpg'><img src=http:\/\/extra.inmontanis.info\/d\/103405-4\/DSC04131.jpg \/><\/a><br \/>\n^ Baconburger von Rolls, bissl klein, aber wenigstens mit Ei<\/p>\n<p>Am Stellplatz r\u00e4umte ich die nun wieder trockene Kleidung hinter in den Kofferraum und checkte dabei die Katzenstreusocken &#8211; die meisten f\u00fchlten sich noch recht trocken=locker an, eine war an der Au\u00dfenwand festgefroren, den dortigen, gefrorenen Batzen\/Klumpen entfernte ich also.<\/p>\n<p>Weil ich alleine am Platz war, rasierte ich mir noch die Kopfhaare, war auch schon l\u00e4nger wieder n\u00f6tig. <\/p>\n<p>Ich kapier diese Wohnmobilisten einfach nicht. Der ganze Platz ist frei, keiner da au\u00dfer mir, um 20 Uhr muss jemand kommen und sich auf dem Platz neben mich hinstellen. Warum??? Die sind dann auch um 8 Uhr schon wieder gefahren. Auf dem Freistehplatz in Pallas funktioniert das besser!<\/p>\n<p><strong>Fr, 19.4.2024<\/strong><\/p>\n<p>Um 12:20 Uhr am Skigeiet in Olos angekommen, die herbe Entt\u00e4uschung: der rechte SL ist nicht mehr in Betrieb, Geh\u00e4nge wurden abmontiert :( Keine Ahnung, ob also vorgestern der letzte Tag war oder ich gestern nochmals h\u00e4tte fahren k\u00f6nnen. <\/p>\n<p>Somit also nur noch der mittlere SL in Betrieb, wobei der immerhin noch die rechte Afahrt 6+7 mit erschloss, auch wenn ein Bagger auf der 5 mit den Schneedepotarbeiten besch\u00e4ftigt ist. Da morgen ja eh der letzte Tag ist, h\u00e4tte man die 2-3 Tage auch noch warten k\u00f6nnen.<\/p>\n<p>Mit etwas queren kam man sogar bis zum unteren Teil der 9 (und auch 10) und die beiden waren im Gegensatz zur 1+2+6+7  sogar frisch pr\u00e4paiert, evtl. wusste der Fahrer nicht, dass der Lift zu ist??? W\u00e4re der beste Schnee gewesen, schade.<\/p>\n<p>Ich schaute mal in den Shop an der Talstation, war aber nur Verleih, hatten nix zu verkaufen, au\u00dfer Liftp\u00e4sse.<\/p>\n<p>Da ich also evtl nur 1x heut Abend kochen m\u00f6chte, war die Frage, was .. ich entschied mich f\u00fcr einen unkonventionellen Weg und kaufte nachmittags im Restaurant eine Portion Pommes und mal ein anderes Geb\u00e4ck als Munkki zum testen (in Summe also 6,50), wollte aber die halbe P.P. f\u00fcr abends mitnehmen und dann im Supermarkt noch 1-2 von den Unter-1\u20ac-Hamburgern mitnehmen, diese in die restlichen Pommes reinschneiden (+Bearnaise+Hela Ketchup) und ggf. die Hamburgersemmeln dann morgen mit Wurst\/K\u00e4se belegen. Waren aber doch etwas weniger Pommes als gedacht. Und Munkki schmeckt mir auch besser. Irgendwie schmeckte das beim ersten Bissen wie eine Hefesemmel mit K\u00e4se und Zucker?? Sch\u00f6n weich allerdings und Kardamom war auch wieder drin.<\/p>\n<p>Bei meiner letzten Bergfahrt musste ich leider 35-40min an der Talstation warten, weil am SL was defekt war und ja unbedingt so kurz vorm Saisonschluss schon alle anderen Lifte eingemottet werden mussten. Also am Tellerlift w\u00e4ren noch 2 Teller gehangen. Jedenfalls war das Prolem dann der Notstop-Taster an der Talstation, der wurde vom Liftler mit dem von der Tellerliftbergstation oder so ausgetauscht und dann ging der Lift wieder. H\u00e4tte ich  mein Auto nicht oben am Hotel stehen, w\u00e4r ich schon fr\u00fcher gegangen.<\/p>\n<p><a href='http:\/\/ski.inmontanis.info\/d\/330649-3\/DSC04132.jpg'><img src=http:\/\/ski.inmontanis.info\/d\/330648-4\/DSC04132.jpg \/><\/a><br \/>\n^ Arbeiten am Schneedepot rechts vom mittleren SL<\/p>\n<p><a href='http:\/\/ski.inmontanis.info\/d\/330653-3\/DSC04135.jpg'><img src=http:\/\/ski.inmontanis.info\/d\/330652-4\/DSC04135.jpg \/><\/a><br \/>\n^ Linker Kurzb\u00fcgel-SL nun im Sommerschlaf<\/p>\n<p><a href='http:\/\/ski.inmontanis.info\/d\/330657-3\/DSC04138.jpg'><img src=http:\/\/ski.inmontanis.info\/d\/330656-4\/DSC04138.jpg \/><\/a><br \/>\n^ Abfahrt 9 wurde frisch pr\u00e4pariert, obwohl der rechte SL nicht mehr in Betrieb ist :(<\/p>\n<p><a href='http:\/\/ski.inmontanis.info\/d\/330661-3\/DSC04139.jpg'><img src=http:\/\/ski.inmontanis.info\/d\/330660-4\/DSC04139.jpg \/><\/a><br \/>\n^ Auch die Abfahrt 10 wurde frisch pr\u00e4pariert, kann man ohne den rechten SL aber ja gar nicht erreichen. Stattdessen blieben die, die man erreichen kann (6+7) unpr\u00e4pariert.<\/p>\n<p><a href='http:\/\/ski.inmontanis.info\/d\/330665-3\/DSC04140.jpg'><img src=http:\/\/ski.inmontanis.info\/d\/330664-4\/DSC04140.jpg \/><\/a><br \/>\n^ Offpiste im Wald ganz links; hatte ja leider nie passenden Schnee hier daf\u00fcr<\/p>\n<p><a href='http:\/\/ski.inmontanis.info\/d\/330669-3\/DSC04144.jpg'><img src=http:\/\/ski.inmontanis.info\/d\/330668-4\/DSC04144.jpg \/><\/a><br \/>\n^ .. man landet dann auf einem Weg, mit dem man zu den Talstationen kommt<\/p>\n<p><a href='http:\/\/ski.inmontanis.info\/d\/330673-3\/DSC04145.jpg'><img src=http:\/\/ski.inmontanis.info\/d\/330672-4\/DSC04145.jpg \/><\/a><br \/>\n^ Die beiden linken Lifte sind schon au\u00dfer Betrieb<\/p>\n<p><a href='http:\/\/ski.inmontanis.info\/d\/330677-3\/DSC04147.jpg'><img src=http:\/\/ski.inmontanis.info\/d\/330676-4\/DSC04147.jpg \/><\/a><br \/>\n^ Portion Pommes und irgendein s\u00fc\u00dfes Geb\u00e4ck<\/p>\n<p><a href='http:\/\/ski.inmontanis.info\/d\/330681-3\/ge20240411-19a.jpg'><img src=http:\/\/ski.inmontanis.info\/d\/330680-4\/ge20240411-19a.jpg \/><\/a><br \/>\n^ GPS-Track 11.-17. + 19.4.2024 in den Farben au\u00dfer Hellgelb (= vorherige Besuche); in Gr\u00fcn zu sehen die Querung zu Abfahrten 9+10 ganz rechts vom mittleren SL aus, weil der rechte SL ja schon zu war<\/p>\n<p>Ich h\u00e4tte es noch ein paar Tage l\u00e4nger ausgehalten, aber weil nun nur noch der mittlere SL in Betrieb ist, werd ich morgen mal Yll\u00e4s probieren.<\/p>\n<p>Im Supermarkt mal testweise ein Gl\u00e4schen Zimt gekauft, statt Kakao f\u00fcr die Milch, vermutlich durch das kleinere Fl\u00e4schchen einfacher reinzusch\u00fctten.<\/p>\n<p><a href='http:\/\/extra.inmontanis.info\/d\/103410-3\/DSC04150.jpg'><img src=http:\/\/extra.inmontanis.info\/d\/103409-4\/DSC04150.jpg \/><\/a><br \/>\n^ Restliche Pommes von heute Mittag plus Hamburger vom Supermarkt und noch etwas Speck dazu<\/p>\n<p>Die Wettervorhersagen f\u00fcr n\u00e4chste Woche haben sich heute Nachmittag auch verschlechtert, anstatt viel Sonne fast jeden Tag au\u00dfer am DI nun nur noch wenig Sonne die n\u00e4chsten Tage, mehr Schneefall am DI+MI, ggf. Regen oder Schnee am FR+SA.<\/p>\n<p>Der eine mitltlere SL in Bj\u00f6rkliden, der lt. Betriebsplan -5.5. von FR-SO jeweils fahren solllte, wird nun als f\u00fcr den Rest der Saison geschlossen angezeigt. So ein sinnloser M\u00fclllift. Die Wettervorhersagen melden dort \u00fcbern\u00e4chste Woche auch immer wieder etwas leichten Regen.<\/p>\n<p>Somit bin ich mit meinen Pl\u00e4nen wieder nahe 0 und m\u00f6chte weiterhin den Stellplatz in Bj\u00f6rkliden nicht buchen, auch auf die Gefahr hin, dass das bald nicht mehr m\u00f6glich sein k\u00f6nnte. Aber falls es dann die ganze Woche regnet .. und hier in Finnland noch trocken w\u00e4re, dann bliebe ich lieber noch in Finnland .. <\/p>\n<p>Abends noch die Buchungsseite von dem Hostel in Bj\u00f6rkliden gecheckt, mittlerweile kann man nur noch bis 2.5. buchen, d.h. ab DO 2.5. ist nun das Hostel wohl schon f\u00fcr eine Gruppe gebucht. Keine Ahnung, ob ich dann noch den Stellplatz per Email buchen k\u00f6nnte. Dann kann ich mir die restliche Buchung nun auch sparen. Entweder ich muss mir also doch diese bl\u00f6de Aimo-Park-App installieren oder ich frag am offiziellen Campingplatz vom Skigebiet nach. Die verlangen halt 415 statt 265 pro Nacht.  <\/p>\n<p>Gr\u00fcnde genug, da endlich mal eine EMail mit Fragen zu verschicken. Vielleicht nehm ich sonst doch noch einen 4-Tagespass in Levi und bleib noch ein paar Tage l\u00e4nger in Pallas und besuch Bj\u00f6rkliden dann leider nur kurz je nach Wetter. Ziemlich viele Entt\u00e4uschungen heute. <\/p>\n<p>Hab mich heut am Stellplatz in Muonio auf die andere Seite gestellt, was ist, stellt sich tats\u00e4chlich wieder einer direkt neben mich hin, anstatt wenigstens einen Platz frei zu lassen. Die regen mich auf. H\u00e4tte mich doch in die schnebeedeckte Ecke stellen sollen. (1 Woche sp\u00e4ter .. ich stellte mich in eine der Ecken, wieder kam einer und stellte sich direkt am Platz neben mich. Bin ich hier irgendwie magnetisch???)<\/p>\n<p>Der n\u00e4chste M\u00fcll am n\u00e4chsten Morgen: Der Milchverschluss ist nicht dicht, zumindest beim Sch\u00fctteln (Zimt!) geht wo was raus und hat einige Sachen vollgespritzt, bis ich das gemerkt hab. Was verkaufen die in dem K-Markt hier eigentlich f\u00fcr einen Schei\u00df!!<\/p>\n<p>Am n\u00e4chsten Tag kam die Antwort aus Riksgr\u00e4nsen bzw. Bj\u00f6rkliden: Riksgr\u00e4nsen hat gar keine Tagescampingpl\u00e4tze, nur Saison, wo soll ich dann 2-3 Wochen Strom nachladen?! Der n\u00e4chste Campingplatz w\u00e4re wohl in Norwegen richtung Narvik, falls der schon offen hat, aber wohl noch nicht, sp\u00e4testens dann erst in Narvik selbst.<\/p>\n<p>Der Campingplatz in Bj\u00f6rkliden kostet 415,- egal wie lange man steht, also wird nicht g\u00fcnstiger, wenn man eine Woche bleiben w\u00fcrde; Check-In ist oben am Hotel. Der Parkplatz, der nur ein P-Schild hat und ein verh\u00fclltes Aimo-Anleitungszeug, wurde auch von ihr &#8211; oder es war die selbe wie bei meiner Nachfrage vor Ort &#8211; als &#8220;Staff-Parking&#8221; beschrieben und auch mit Scandinavian oder nicht mal deren eigenen Saisonp\u00e4ssen w\u00e4re das Parken inkludiert und auch hier bekam ich wieder die Antwort, dass man den Preis nicht kenne und man ihn in der App checken m\u00fcsste&#8230;<\/p>\n<p>Ich schrieb noch eine Antwort mit einem Sat-Bild-Screenshot und markierte den entsprechenden Platz; die Antwort darauf am n\u00e4chsten Tag von einer anderen Mitarbeiterin, dass alle Parkpl\u00e4tze kostenpflichtig w\u00e4ren und der markierte Platz kein Campingplatz sei. Ja ne is klar, hab ich ja auch nie behauptet. Ich geb&#8217;s auf mit denen. Vielleicht bleib ich doch noch l\u00e4nger in Finnland.<\/p>\n","protected":false},"excerpt":{"rendered":"<p>Do, 11.4.2024<\/p>\n<p>Diese Woche ist in der Gegend um Muonio das j\u00e4hrliche (Weitsrecken, bis zu 80km) Langlaufevent, wobei das Skigebiet Olos da sehr zentral integriert sein soll (Rennb\u00fcro und Ziel). Allerdings stand was von MO&#038;MI&#038;FR als Streckentage, somit es heute parkplatzm\u00e4\u00dfig am Skigebiet hoffentlich problemloser sein sollte. Pallas steht zwar morgen auch auf der Route, <a href=\"http:\/\/blog.inmontanis.info\/?p=9838\">[&#8230;]<\/a><\/p>\n","protected":false},"author":1,"featured_media":9840,"comment_status":"closed","ping_status":"closed","sticky":false,"template":"","format":"standard","meta":{"footnotes":""},"categories":[912,20,918,283,27],"tags":[91,47],"class_list":["post-9838","post","type-post","status-publish","format-standard","has-post-thumbnail","hentry","category-2023-09-2024-xx-skandinavien","category-finnlandfinland","category-olos","category-pallas","category-skifahren-winterskiing-winter","tag-graffer","tag-sl","odd"],"_links":{"self":[{"href":"http:\/\/blog.inmontanis.info\/index.php?rest_route=\/wp\/v2\/posts\/9838","targetHints":{"allow":["GET"]}}],"collection":[{"href":"http:\/\/blog.inmontanis.info\/index.php?rest_route=\/wp\/v2\/posts"}],"about":[{"href":"http:\/\/blog.inmontanis.info\/index.php?rest_route=\/wp\/v2\/types\/post"}],"author":[{"embeddable":true,"href":"http:\/\/blog.inmontanis.info\/index.php?rest_route=\/wp\/v2\/users\/1"}],"replies":[{"embeddable":true,"href":"http:\/\/blog.inmontanis.info\/index.php?rest_route=%2Fwp%2Fv2%2Fcomments&post=9838"}],"version-history":[{"count":3,"href":"http:\/\/blog.inmontanis.info\/index.php?rest_route=\/wp\/v2\/posts\/9838\/revisions"}],"predecessor-version":[{"id":9842,"href":"http:\/\/blog.inmontanis.info\/index.php?rest_route=\/wp\/v2\/posts\/9838\/revisions\/9842"}],"wp:featuredmedia":[{"embeddable":true,"href":"http:\/\/blog.inmontanis.info\/index.php?rest_route=\/wp\/v2\/media\/9840"}],"wp:attachment":[{"href":"http:\/\/blog.inmontanis.info\/index.php?rest_route=%2Fwp%2Fv2%2Fmedia&parent=9838"}],"wp:term":[{"taxonomy":"category","embeddable":true,"href":"http:\/\/blog.inmontanis.info\/index.php?rest_route=%2Fwp%2Fv2%2Fcategories&post=9838"},{"taxonomy":"post_tag","embeddable":true,"href":"http:\/\/blog.inmontanis.info\/index.php?rest_route=%2Fwp%2Fv2%2Ftags&post=9838"}],"curies":[{"name":"wp","href":"https:\/\/api.w.org\/{rel}","templated":true}]}}