{"id":983,"date":"2009-11-15T22:18:11","date_gmt":"2009-11-15T21:18:11","guid":{"rendered":"http:\/\/blog.inmontanis.info\/?p=983"},"modified":"2023-08-06T20:37:13","modified_gmt":"2023-08-06T18:37:13","slug":"obergurgl-15-11-2009","status":"publish","type":"post","link":"http:\/\/blog.inmontanis.info\/?p=983","title":{"rendered":"Obergurgl, 15.11.2009"},"content":{"rendered":"<p>Am 15.11. ging&#8217;s nach Obergurgl, war schon gut was los und die Pistenverh\u00e4ltnisse waren auch schon viel schlechter zum Saisonstart.<br \/>\n<!--more--><br \/>\n<em>[_de]Bilder anklicken zum Vergr\u00f6\u00dfern[\/_de]\u2028[_en]Click photos to enlarge[\/_en]<\/em><\/p>\n<p><a href='http:\/\/ski.inmontanis.info\/d\/105344-3\/P1440508.JPG'><img src=http:\/\/ski.inmontanis.info\/d\/105342-4\/P1440508.JPG \/><\/a><br \/>\n^ Die Gams \u00fcber dem \u00d6tztal (kleiner Steg neben der Top Mountain Star &#8211; H\u00fctte)<\/p>\n<p><a href='http:\/\/ski.inmontanis.info\/d\/105348-3\/P1440510.JPG'><img src=http:\/\/ski.inmontanis.info\/d\/105346-4\/P1440510.JPG \/><\/a><br \/>\n^ Italien-Pano mit Nebelmeer<\/p>\n<p><a href='http:\/\/ski.inmontanis.info\/d\/105361-3\/P1440506.JPG'><img src=http:\/\/ski.inmontanis.info\/d\/105359-4\/P1440506.JPG \/><\/a><br \/>\n^ Leichter Zoom ins norditalienische Nebelmeer :-)<\/p>\n<p><a href='http:\/\/ski.inmontanis.info\/d\/105353-3\/P1440511.JPG'><img src=http:\/\/ski.inmontanis.info\/d\/105351-4\/P1440511.JPG \/><\/a><br \/>\n^ Italien-Pano mit Nebelmeer<\/p>\n<p><a href='http:\/\/ski.inmontanis.info\/d\/105357-3\/P1440513.JPG'><img src=http:\/\/ski.inmontanis.info\/d\/105355-4\/P1440513.JPG \/><\/a><br \/>\n^ Zoom ins Nebelmeer und die Dolomiten<\/p>\n<p><a href='http:\/\/ski.inmontanis.info\/d\/105365-3\/P1440521.JPG'><img src=http:\/\/ski.inmontanis.info\/d\/105363-4\/P1440521.JPG \/><\/a><br \/>\n^ St\u00e4rkerer Zoom ins Nebelmeer, da links unten scheint eine Liftstation oder zumindest ein Haus zu sein ?<\/p>\n<p><a href='http:\/\/ski.inmontanis.info\/d\/105369-3\/P1440531.JPG'><img src=http:\/\/ski.inmontanis.info\/d\/105367-4\/P1440531.JPG \/><\/a><br \/>\n^ Neben der Gams steht das Murmeltier. W\u00e4r doch cool, wenn auf jedem Gipfel statt einem Gipfelkreuz so ein Murmele st\u00fcnde :-)<\/p>\n<p><a href='http:\/\/ski.inmontanis.info\/d\/105373-3\/P1440533.JPG'><img src=http:\/\/ski.inmontanis.info\/d\/105371-4\/P1440533.JPG \/><\/a><br \/>\n^ Pano am Wurmkogl richtung Norden, d\u00fcrfte die R\u00fcckseite der Stubaier Alpen sein<\/p>\n<p><a href='http:\/\/ski.inmontanis.info\/d\/105377-3\/P1440536.JPG'><img src=http:\/\/ski.inmontanis.info\/d\/105375-4\/P1440536.JPG \/><\/a><br \/>\n^ S\u00fcdpano vom Wurmkogl<\/p>\n<p><a href='http:\/\/ski.inmontanis.info\/d\/105381-3\/P1440537.JPG'><img src=http:\/\/ski.inmontanis.info\/d\/105379-4\/P1440537.JPG \/><\/a><br \/>\n^ Der Steg bietet auch ins Skigebiet von Hochgurgl neue Perspektiven.<\/p>\n<p><a href='http:\/\/ski.inmontanis.info\/d\/105385-3\/P1440546.JPG'><img src=http:\/\/ski.inmontanis.info\/d\/105383-4\/P1440546.JPG \/><\/a><br \/>\n^ Italien ging unter. Zumindest heute Nachmittag im Nebelmeer :-)<\/p>\n<p><a href='http:\/\/ski.inmontanis.info\/d\/105389-3\/P1440551.JPG'><img src=http:\/\/ski.inmontanis.info\/d\/105387-4\/P1440551.JPG \/><\/a><br \/>\n^ Talschluss Obergurgl. Wir schreiben Mitte November, und hier ist bereits tiefster Winter.<br \/>\n<a href='http:\/\/ski.inmontanis.info\/d\/105393-3\/P1440555.JPG'><img src=http:\/\/ski.inmontanis.info\/d\/105391-4\/P1440555.JPG \/><\/a><br \/>\n^ Im SB-Restaurant Mittelstation am Wurmkogl sind noch \u00fcberreste einer ehemaligen DSB?? Ich dachte vor den beiden 4KSBs gab es hier 2 SL (der obere als Gletscher-SL)?<\/p>\n<p><a href='http:\/\/ski.inmontanis.info\/d\/105397-3\/P1440558.JPG'><img src=http:\/\/ski.inmontanis.info\/d\/105395-4\/P1440558.JPG \/><\/a><br \/>\n^ Am Parkplatz eine unsch\u00f6ne \u00dcberraschung: Der BMW X5 eines Tschechen rutschte auf meinen Fusion &#8211; und der ist so dreist und behauptet gegen\u00fcber der Polizei, als er nach ca. einer Stunde endlich kam, ich k\u00f6nnte ja genauso gut auf ihn aufgefahren sein!!<\/p>\n<p>Alte Karte von Hoch\/Obergurgl von einem alten Skiatlas:<\/p>\n<p><img src=http:\/\/ski.inmontanis.info\/d\/105401-3\/P1440560.JPG \/><\/p>\n<p>Wie geil muss das bitte gewesen sein? Also abgesehen von der eisigen K\u00e4lte mit den ganzen SBs in der H\u00f6he. Ich z\u00e4hle 2 DSB, 5 ESL und 14 SL. Und dann noch so wenig Lifte, die Skigebiete waren alle so eigenst\u00e4ndig &#8230;. ICH WILL DA HIN!!! Menno. <\/p>\n","protected":false},"excerpt":{"rendered":"<p>Am 15.11. ging&#8217;s nach Obergurgl, war schon gut was los und die Pistenverh\u00e4ltnisse waren auch schon viel schlechter zum Saisonstart.<\/p>\n<p> <a href=\"http:\/\/blog.inmontanis.info\/?p=983\">[&#8230;]<\/a><\/p>\n","protected":false},"author":1,"featured_media":0,"comment_status":"open","ping_status":"closed","sticky":false,"template":"","format":"standard","meta":{"footnotes":""},"categories":[902,25,13,27],"tags":[],"class_list":["post-983","post","type-post","status-publish","format-standard","hentry","category-ober-hochgurgl","category-noreport","category-austria","category-skifahren-winterskiing-winter","odd"],"_links":{"self":[{"href":"http:\/\/blog.inmontanis.info\/index.php?rest_route=\/wp\/v2\/posts\/983","targetHints":{"allow":["GET"]}}],"collection":[{"href":"http:\/\/blog.inmontanis.info\/index.php?rest_route=\/wp\/v2\/posts"}],"about":[{"href":"http:\/\/blog.inmontanis.info\/index.php?rest_route=\/wp\/v2\/types\/post"}],"author":[{"embeddable":true,"href":"http:\/\/blog.inmontanis.info\/index.php?rest_route=\/wp\/v2\/users\/1"}],"replies":[{"embeddable":true,"href":"http:\/\/blog.inmontanis.info\/index.php?rest_route=%2Fwp%2Fv2%2Fcomments&post=983"}],"version-history":[{"count":3,"href":"http:\/\/blog.inmontanis.info\/index.php?rest_route=\/wp\/v2\/posts\/983\/revisions"}],"predecessor-version":[{"id":3352,"href":"http:\/\/blog.inmontanis.info\/index.php?rest_route=\/wp\/v2\/posts\/983\/revisions\/3352"}],"wp:attachment":[{"href":"http:\/\/blog.inmontanis.info\/index.php?rest_route=%2Fwp%2Fv2%2Fmedia&parent=983"}],"wp:term":[{"taxonomy":"category","embeddable":true,"href":"http:\/\/blog.inmontanis.info\/index.php?rest_route=%2Fwp%2Fv2%2Fcategories&post=983"},{"taxonomy":"post_tag","embeddable":true,"href":"http:\/\/blog.inmontanis.info\/index.php?rest_route=%2Fwp%2Fv2%2Ftags&post=983"}],"curies":[{"name":"wp","href":"https:\/\/api.w.org\/{rel}","templated":true}]}}