{"id":9819,"date":"2024-04-05T18:44:36","date_gmt":"2024-04-05T16:44:36","guid":{"rendered":"http:\/\/blog.inmontanis.info\/?p=9819"},"modified":"2024-04-21T19:11:22","modified_gmt":"2024-04-21T17:11:22","slug":"galtis-5-4-2024","status":"publish","type":"post","link":"http:\/\/blog.inmontanis.info\/?p=9819","title":{"rendered":"Galtis, 5.4.2024"},"content":{"rendered":"<p><strong>Fr, 5.4.2024<\/strong><\/p>\n<p>Die Halbtageskarte in Galtis w\u00fcrde leider erst ab 13 Uhr (f\u00fcr 3h) gelten; Alternative w\u00e4re also die 2-Stunden-Karte. Au\u00dfer man w\u00fcrde das laut Website g\u00fcnstige Dagens-Mittagessen in Arjeplog (mit guter Auswahl) verspeisen und noch etwas bis 13 Uhr rumtr\u00f6deln, wobei die Wettervorhersage ab 13 Uhr leichten Schneefall meldet, wobei es schon um 11 Uhr leicht geschneit hatte, was zumindest daf\u00fcr sorgte, dass man den Berg nicht mehr gut sah.<\/p>\n<p>Andererseits blickte auch etwas die Sonne durch, d.h. also ab ca. 12:00 (bis ich dort und fertig w\u00e4re) 350,- SEK, ab 13:00 290, jeweils bis 16:00, oder nur 2h umd 250. Bis Abisko sinds mind. 7 Stunden Fahrt, selbst wenn ich morgen noch 1,5h fahre und heute noch einkaufen muss f\u00fcr die n\u00e4chsten Tage (oder morgen fr\u00fch), muss ich heut noch ca. 6h fahren, also besser nur den 2h-Pass und aufs Tagesgericht im Restaurant in Arjeplog verzichten.<\/p>\n<p>Weil sehr wenig los, weil blauer Himmel zu sehen war, weil Schnee gut aussah, weil der alte SL noch lief, weil man um das Geld in Kabdalis nur einen 2h Pass bekommt  &#8230; entschied ich mich doch f\u00fcr die Tageskarte um 350,-. Fernsicht oben blieb aber kurz, auch wenn hin und wieder die Sonne durch die Wolkendecke sichtbar war.<\/p>\n<p>Wetter- und sichtm\u00e4\u00dfig war es sogar nach 15 Uhr am besten,  aber der Wind war st\u00e4rker und eiskalt und als Gegenwind beim Abfahren und meine Zehen trotz Heizung eiskalt (sp\u00e4ter auch wieder kleine Frostbeulen bemerkt), daher um 15:30 am Auto gewesen und aufgeh\u00f6rt. 2h w\u00e4ren doch etwas wenig hier, aber wetterm\u00e4\u00dfig h\u00e4tte ich wohl doch auch Mittagessen und die 13-16-Nachmittagskarte nehmen k\u00f6nnnen.<\/p>\n<p>Da ich hier bei besserem Wetter im Winter, im Herbst und im Sommer war, hab ich nicht viele Fotos heute gemacht. Ich verweise somit also ausdr\u00fccklich auf meine vorherigen Berichte mit dem Galtis-Kategorie-Link ganz unten.<\/p>\n<p><a href='http:\/\/ski.inmontanis.info\/d\/330109-2\/DSC03825.jpg'><img src=http:\/\/ski.inmontanis.info\/d\/330108-3\/DSC03825.jpg \/><\/a><br \/>\n^ Neuer Pistenplan<\/p>\n<p><a href='http:\/\/ski.inmontanis.info\/d\/330113-2\/DSC03828.jpg'><img src=http:\/\/ski.inmontanis.info\/d\/330112-3\/DSC03828.jpg \/><\/a><br \/>\n^ .. aber zum Gl\u00fcck noch der alte SL ;)<\/p>\n<p><a href='http:\/\/ski.inmontanis.info\/d\/330117-2\/DSC03830.jpg'><img src=http:\/\/ski.inmontanis.info\/d\/330116-3\/DSC03830.jpg \/><\/a><br \/>\n^ Panorama linke Abfahrt, da hatte ich schon bessere Fernsichten hier oben<\/p>\n<p><a href='http:\/\/ski.inmontanis.info\/d\/330121-3\/DSC03834.jpg'><img src=http:\/\/ski.inmontanis.info\/d\/330120-4\/DSC03834.jpg \/><\/a><br \/>\n^ Die sch\u00f6nste Abfahrt ist die ganz rechte, bei der man ..<\/p>\n<p><a href='http:\/\/ski.inmontanis.info\/d\/330125-2\/DSC03835.jpg'><img src=http:\/\/ski.inmontanis.info\/d\/330124-3\/DSC03835.jpg \/><\/a><br \/>\n^ .. dann aber den kurzen Tellerlift retour fahren muss<\/p>\n<p><a href='http:\/\/ski.inmontanis.info\/d\/330129-3\/DSC03837.jpg'><img src=http:\/\/ski.inmontanis.info\/d\/330128-4\/DSC03837.jpg \/><\/a><br \/>\n^ Linker SL, der ist \u00fcberfl\u00fcssig, wenn der Hauptlift geht.<\/p>\n<p><a href='http:\/\/ski.inmontanis.info\/d\/330133-3\/DSC03840.jpg'><img src=http:\/\/ski.inmontanis.info\/d\/330132-4\/DSC03840.jpg \/><\/a><br \/>\n^ Abfahrt gleich rechts vom SL<\/p>\n<p><a href='http:\/\/ski.inmontanis.info\/d\/330137-3\/DSC03841.jpg'><img src=http:\/\/ski.inmontanis.info\/d\/330136-4\/DSC03841.jpg \/><\/a><br \/>\n^ \u00d6ffnungstage<\/p>\n<p><a href='http:\/\/ski.inmontanis.info\/d\/330141-3\/DSC03844.jpg'><img src=http:\/\/ski.inmontanis.info\/d\/330140-4\/DSC03844.jpg \/><\/a><br \/>\n^ Auch im Wald bin ich heut mal etwas gefahren<\/p>\n<p><a href='http:\/\/ski.inmontanis.info\/d\/330145-3\/DSC03845.jpg'><img src=http:\/\/ski.inmontanis.info\/d\/330144-4\/DSC03845.jpg \/><\/a><br \/>\n^ Rechte Abfahrt und Panorama<\/p>\n<p><a href='http:\/\/ski.inmontanis.info\/d\/330149-3\/DSC03846.jpg'><img src=http:\/\/ski.inmontanis.info\/d\/330148-4\/DSC03846.jpg \/><\/a><br \/>\n^ Diverse Abfahrten<\/p>\n<p><a href='http:\/\/ski.inmontanis.info\/d\/330153-3\/DSC03847.jpg'><img src=http:\/\/ski.inmontanis.info\/d\/330152-4\/DSC03847.jpg \/><\/a><br \/>\n^ Die mittlere Abfahrt, die auch am linken SL dann vorbei f\u00fchrt<\/p>\n<p><a href='http:\/\/ski.inmontanis.info\/d\/330157-3\/ge20240405b.jpg'><img src=http:\/\/ski.inmontanis.info\/d\/330156-4\/ge20240405b.jpg \/><\/a><br \/>\n^ GPS-Track 5.4.2024 in T\u00fcrkis, vorheriger Besuch in Rosa und dazwischenliegende Skitour in Gelb, ich bin im Sommer aber auch schon mit dem Auto zum Gipfel gefahren<\/p>\n<p>Bis nach Abisko sind&#8217;s \u00fcber 500km, d.h. der Umweg \u00fcber J\u00e4ckvick war jetzt was, 800-1000km? Schon bescheuert. Wenn&#8217;s nur sinnvoller w\u00e4r, morgen Kabdalis, \u00fcbermorgen Dundret und erst am MO dann in Abisko zu sein. Nach dem sonnigen Samstag wird f\u00fcr Sonntag nun starker Sturm zum Schneefall gemeldet, am MI\/DO ist sogar Regen gemeldet, aber das ist auch f\u00fcr Finnland in der Vorhersage.  Also wenn Abisko, dann nur morgen.<\/p>\n<p>Einige schwedische Superm\u00e4rkte haben jetzt Kassen, die bescheuerter nicht sein k\u00f6nnten: links ein kurzes Band, wo man seine Sachen drauflegen kann, mittig die Kasse\/Kassierer\/in und rechts, dahinter dann die eingescannten Sachen. D.h. 1. wenn jemand vor der Kasse steht, kann man nicht wirklich seine Sachen auf&#8217;s Band legen, 2. w\u00e4hrend die Sachen durchgescannt werden, kann man sie nicht einfach dahinter gleich in den Wagen oder die T\u00fcte tun, sondern muss warten, bis alles fertig ist und man bezahlt hat.<\/p>\n<p>Um das zu visualisieren:<\/p>\n<p>B<br \/>\nA |<br \/>\n|+|<br \/>\n|K<br \/>\n|<br \/>\n|<\/p>\n<p>B und A sind Kunden, | sind die B\u00e4nder, + ist der Einscann- &#038; Bezahl- &#038; Kassenberich, K ist der\/die Kassiererin in Blickrichtung zu A, weit hinter K kann man seine Eink\u00e4ufe dann eint\u00fcten oder in den Wagen tun, A kann den Kassenbereich erst nach Bezahlen verlassen und eigentlich kann B erst danach seine Sachen aufs Band legen (oder sich schwer verrenken). Wer denkt sich so einen Schei\u00df bitte aus!!??!!<\/p>\n<p>Um 22 Uhr kam ich an einem bekannten Parkplatz vor G\u00e4llivare an, wo ich \u00fcbernachten wollte, von dem ich aber laut Navi leider noch 3 Stunden bis Abisko fahren m\u00fcsste &#8211; und ich m\u00f6chte ja sp\u00e4testens um 10 Uhr dort ankommen, wird also eine kurze Nacht. <\/p>\n<p>Ich sollte vielleicht au\u00dferdem noch den Stellplatz am Hostel in Bj\u00f6rkliden buchen. Kann man nicht gleich bezahlen, sondern man muss erst vor Ort bezahlen und ja, sinnvoll das 1 Tag vorher zu tun, denn man kann fr\u00fchestens ab dem n\u00e4chsten Tag buchen.<\/p>\n<p>Was mir schon vor ein paar Tagen aufgefallen ist, heute somit best\u00e4tigen konnte: Wenn ich, weil ja leider nirgends sonst Infos zu finden sind, die Facebook-Seite eines Skigebiets aufrufen muss, kommt, wenn ich \u00fcber die schwedische SIM-Karte online bin, laufend die Meldung &#8220;Nicht angemeldet, bitte melden sie sich an&#8221; &#8211; das kann man 100x wegklicken, kommt sofort wieder,  so dass es nahezu (aber nicht ganz) unm\u00f6glich ist, wenigstens den letzten Beitrag zu entziffern. Bin ich mit der \u00f6sterreichischen SIM online, muss ichs nur 1x wegklicken und kann dann die Beitr\u00e4ge lesen. Zumindest ist das mommentan so. <\/p>\n","protected":false},"excerpt":{"rendered":"<p>Fr, 5.4.2024<\/p>\n<p>Die Halbtageskarte in Galtis w\u00fcrde leider erst ab 13 Uhr (f\u00fcr 3h) gelten; Alternative w\u00e4re also die 2-Stunden-Karte. Au\u00dfer man w\u00fcrde das laut Website g\u00fcnstige Dagens-Mittagessen in Arjeplog (mit guter Auswahl) verspeisen und noch etwas bis 13 Uhr rumtr\u00f6deln, wobei die Wettervorhersage ab 13 Uhr leichten Schneefall meldet, wobei es schon um 11 <a href=\"http:\/\/blog.inmontanis.info\/?p=9819\">[&#8230;]<\/a><\/p>\n","protected":false},"author":1,"featured_media":9821,"comment_status":"closed","ping_status":"closed","sticky":false,"template":"","format":"standard","meta":{"footnotes":""},"categories":[912,675,19,27],"tags":[45,47],"class_list":["post-9819","post","type-post","status-publish","format-standard","has-post-thumbnail","hentry","category-2023-09-2024-xx-skandinavien","category-galtis","category-schwedensweden","category-skifahren-winterskiing-winter","tag-see","tag-sl","odd"],"_links":{"self":[{"href":"http:\/\/blog.inmontanis.info\/index.php?rest_route=\/wp\/v2\/posts\/9819","targetHints":{"allow":["GET"]}}],"collection":[{"href":"http:\/\/blog.inmontanis.info\/index.php?rest_route=\/wp\/v2\/posts"}],"about":[{"href":"http:\/\/blog.inmontanis.info\/index.php?rest_route=\/wp\/v2\/types\/post"}],"author":[{"embeddable":true,"href":"http:\/\/blog.inmontanis.info\/index.php?rest_route=\/wp\/v2\/users\/1"}],"replies":[{"embeddable":true,"href":"http:\/\/blog.inmontanis.info\/index.php?rest_route=%2Fwp%2Fv2%2Fcomments&post=9819"}],"version-history":[{"count":2,"href":"http:\/\/blog.inmontanis.info\/index.php?rest_route=\/wp\/v2\/posts\/9819\/revisions"}],"predecessor-version":[{"id":9822,"href":"http:\/\/blog.inmontanis.info\/index.php?rest_route=\/wp\/v2\/posts\/9819\/revisions\/9822"}],"wp:featuredmedia":[{"embeddable":true,"href":"http:\/\/blog.inmontanis.info\/index.php?rest_route=\/wp\/v2\/media\/9821"}],"wp:attachment":[{"href":"http:\/\/blog.inmontanis.info\/index.php?rest_route=%2Fwp%2Fv2%2Fmedia&parent=9819"}],"wp:term":[{"taxonomy":"category","embeddable":true,"href":"http:\/\/blog.inmontanis.info\/index.php?rest_route=%2Fwp%2Fv2%2Fcategories&post=9819"},{"taxonomy":"post_tag","embeddable":true,"href":"http:\/\/blog.inmontanis.info\/index.php?rest_route=%2Fwp%2Fv2%2Ftags&post=9819"}],"curies":[{"name":"wp","href":"https:\/\/api.w.org\/{rel}","templated":true}]}}