{"id":9806,"date":"2024-03-31T18:18:15","date_gmt":"2024-03-31T16:18:15","guid":{"rendered":"http:\/\/blog.inmontanis.info\/?p=9806"},"modified":"2024-04-16T18:39:47","modified_gmt":"2024-04-16T16:39:47","slug":"riksgransen-31-3-2024-neue-argernisse","status":"publish","type":"post","link":"http:\/\/blog.inmontanis.info\/?p=9806","title":{"rendered":"Riksgr\u00e4nsen, 31.3.2024 &#8211; neue \u00c4rgernisse"},"content":{"rendered":"<p><strong>So, 31.3.2024<\/strong><\/p>\n<p>Der Tag begann wesentlich sonniger als gemeldet. Statt stark bew\u00f6lkt war es vormittags fast wolkenlos sonnig. In Riksgr\u00e4nsen ging ich in den Supermarkt &#8211; trotz Ostern auch am Sonntag offen.<\/p>\n<p><a href='http:\/\/extra.inmontanis.info\/d\/103282-3\/DSC03594.jpg'><img src=http:\/\/extra.inmontanis.info\/d\/103281-4\/DSC03594.jpg \/><\/a><br \/>\n^ Richtung Riksgr\u00e4nsen<\/p>\n<p><a href='http:\/\/extra.inmontanis.info\/d\/103286-3\/DSC03595.jpg'><img src=http:\/\/extra.inmontanis.info\/d\/103285-4\/DSC03595.jpg \/><\/a><br \/>\n^ Richtung Riksgr\u00e4nsen<\/p>\n<p><a href='http:\/\/extra.inmontanis.info\/d\/103290-3\/DSC03597.jpg'><img src=http:\/\/extra.inmontanis.info\/d\/103289-4\/DSC03597.jpg \/><\/a><br \/>\n^ Richtung Riksgr\u00e4nsen<\/p>\n<p><a href='http:\/\/extra.inmontanis.info\/d\/103294-3\/DSC03599.jpg'><img src=http:\/\/extra.inmontanis.info\/d\/103293-4\/DSC03599.jpg \/><\/a><br \/>\n^ Richtung Riksgr\u00e4nsen<\/p>\n<p>An der DSB gibt&#8217;s mittlerweile wohl nur noch kostenpflichtige Parkpl\u00e4tze (Aimo-Mobilbezahlen); die Parkpl\u00e4tze neben dem Supermarkt, wo man zuvor auch nachts stehen konnte, k\u00f6nnten mittlerweile alle vermietet sein, ist aber nicht 100% eindeutig ausgeschildert. Am Katterj\u00e5kk-KSSL (nur 10-12 Uhr in Betrieb) sind dagegen noch alle Pl\u00e4tze frei, evtl. sogar gr\u00f6\u00dfer ger\u00e4umt als sonst und kam mir teils auch etwas weniger schr\u00e4g vor? Allerdings Schild &#8220;keine Wohnw\u00e4gen&#8221; &#8211; ob das auch f\u00fcr Schlafen im Auto gilt? <\/p>\n<p>Der Nachteil am KSSL-Einstieg ist der evtl. etwas l\u00e4ngere Fu\u00dfweg, daf\u00fcr nachmittags einfacher abzufahren und an einem KSSL den Skitag zu starten ist einfach sch\u00f6ner. Zudem bin ich heuer von Campingpl\u00e4tzen schon mehr gegangen &#8230;<\/p>\n<p>Skipass bekam man diesmal auch (einmal musste ich ja gratis rauf, in den Ort abfahren und zum Hotel runtergehen). An der KSSL-Skipasskasse orderte ich einen &#8220;free day&#8221;, aber das hielt sie wohl f\u00fcr einen Scherz und tippte einen Betrag ins Kartenterminal ein, worauf ich meinte, nein ich m\u00fcsste nix bezahlen, free. Warum? Weil das Scandinavian Skipass ist und ihr inkludiert seid. Also sowas. Jetzt ist Riksgr\u00e4nsen doch schon seit Jahren dabei und einige wissen immer noch nix davon? M\u00fchsam. <\/p>\n<p>Heute endlich mal beide KSSL und auch der Kurven-SL offen, das bin ich ja gar nicht gew\u00f6hnt, h\u00e4ufiger war, dass einer der beiden KSSL z.B. wegen Defekt monatelang stillsteht. Und naja, der Kurven-SL ist offiziell nur FR-SO offen (plus Ferien), wenn der KSSL oben l\u00e4uft.<\/p>\n<p>Laut Plan sollte am Tellerlift eine V\u00e4rmestuga sein, etwas versteckt und klein (nur 3 Tische), aber ja. Ebenfalls neben den Toiletten im Restaurant vor der DSB-Talstation, aber starker Abfluss-Gestank. Mikrowelle gabs in keiner der beiden. Das Dagens im Restaurant ist mit 155,- recht teuer, nur Salat gibt&#8217;s vom Buffet. Heute Fisch, also verzichtete ich eh, aber bei dem Preis kann ich wohl auch dann im Mai generell verzichten. Jedenfalls schon mal gut zu wissen, dass es keine Mikrowelle gibt, das ist f\u00fcr die Mai-Zeit schade :(.  Im Caf\u00e9 am Tellerlift: 40,- f\u00fcrs Hotdog, 90-99 f\u00fcr&#8217;n Hamburger (nicht genau geschaut).<br \/>\n&#128681; Gespeicherte Geolocation &#8211; Karte anzeigen: <a href='https:\/\/www.google.com\/maps\/@?api=1&#038;map_action=map&#038;center=68.4129087,18.1324482&#038;zoom=12&#038;basemap=terrain' target=_blank> GoogleMaps<\/a> &#128681; <a href='https:\/\/www.openstreetmap.org\/?&#038;mlat=68.4129087&#038;mlon=18.1324482#map=10\/68.4129087\/18.1324482&#038;layers=P' target=_blank> OSM &#128681;<\/a><\/p>\n<p>Leider gab&#8217;s aber viel gr\u00f6\u00dfere Nervpunkte hier, f\u00fcr die ich die zwei Sessellifte eigentlich auf die Boykottliste setzen m\u00fcsste. Nicht nur wieder Liftler, die laufend langsamer schalten, sondern weil die Einstiege extremst weit vorne definiert wurden, am Ende der Zone, direkt an der Kante, somit eigentlich kein &#8220;fliegender Einstieg&#8221; m\u00f6glich (den ich bevorzuge, wenn ich alleine bin, da es einfach angenehmer ist, wenn der Sessel kommt, w\u00e4hrend man f\u00e4hrt, daher ja auch F\u00f6rderb\u00e4nder) und genau deshalb, weil ich nicht ganz vorne am offiziellen Einstieg bin, wird der Sessel dann sinnloserweise verlangsamt!!!<\/p>\n<p>Die Chinesin an der Talstation der DSB ging mir bald sowas von auf den Zeiger, weil sie die DSB jedesmal verlangsamte und mich somit beim normalen Einsteigen hinderte, dass ich die DSB f\u00fcr den Rest des Tages mied. Was nat\u00fcrlich schade ist, da es dort die sch\u00f6nsten Offpistevarianten gibt und ich die 2-3 Steilhangvarianten gar nicht gefahren bin.<\/p>\n<p>An der 3SB ist der Einstieg noch weiter weg, da muss man sogar ein St\u00fcck den Hang raufschieben, kannste dir nicht ausdenken. Allerdings war hier wohl ein intelligenterer Kerl am Lift und hat nicht bei jedem meiner Einstiege verlangsamt. Wenn es voller ist, also dann vermutlich im Mai, und ich nicht mehr alleine am Sessel sein kann, muss ich mich ja dann eh beugen und so weit zum offiziellen Einstieg vorschieben. Ist ja ein Anf\u00e4ngerskigebiet hier und nicht das Offpiste-Eldorado Schwedens, gell!?<\/p>\n<p>Also ohne Saisonkarte w\u00fcrd ich mir das heuer nicht antun. Ich werd dann definitiv fast nur die Schlepplifte fahren, das wird mir das komplette Saisonende versauen heuer, dieses bescheuerte neue Einsteigeregime hier. Wobei, wenn dann unter der Woche der Kurven-SL nicht in Betrieb ist und man bei jeder Fahrt am KSSL wieder diesen ewiglangen Viehkanal durchwandern muss, ist das auch nervig. <\/p>\n<p>Ob ich mir das 3 Wochen lang im Mai (bis 26.5.) antun will, darf \u00e4u\u00dferst bezweifelt werden. Entweder fr\u00fcher abfahren? Oder nach Bj\u00f6rdkliden doch die zweite Maiwoche in Narvik f\u00fcr eine Woche bis zu deren Saisonende (12.5.) bleiben und Skipass + Stellplatz bezahlen? Wennst Pech hast, geht halt nur noch die EUB (und nicht mehr die SL), die DSB ist ja seit dem letzten Sturm sowieso au\u00dfer Betrieb und wer wei\u00df, ob da \u00fcberhaupt genug Schnee l\u00e4ge, haben ja fast nix, au\u00dferdem ist die neue EUB ca. 1\/3 k\u00fcrzer als die vorherige GUB (ca. 1 vs 1,5km) &#8211; aber das kommt dann nat\u00fcrlich auch noch auf die Wettervorhersagen an. Insofern aber sinnvoll gewesen, dass ich heute hier war und von den neuen \u00c4rgernissen hier wei\u00df. Falls der Katterj\u00e5kk-KSSL wegen Schneemangel oder Defekt nicht mehr laufen sollte, w\u00fcsste ich auch noch nicht, ob ich die kostenpflichtigen Parkpl\u00e4tze an der DSB bezahlen wollte. Man wei\u00df ja auch nicht, was es kostet und muss sich erst ne App downloaden und sich registrieren und den ganzen Schei\u00df.<\/p>\n<p>Nachmittags dann bedeckt, ein paar Schneeflocken und zum Gl\u00fcck nach 14 Uhr freier Platz  in der V\u00e4rmestuga, daher einige Zeit aufgew\u00e4rmt und Rest Semmel und Rest Zimtschnecke (9,90 SEK im Supermarkt) gegessen. Liftbetrieb je nach LIft ca. 9\/10 bis 15\/16 Uhr, an der DSB steht an der Scheibe in Handschrift &#8220;15:53&#8221; &#8230;<\/p>\n<p>Wartezeiten gab&#8217;s heut nur am oberen KSSL, der Anstehbereich oft n\u00f6tig, aber trotzdem nervig, dass man fr\u00fch und sp\u00e4t trotzdem komplett durchgehen musste, selbst wenn nix los war. Der Kurven-SL und der Tellerlift dazwischen fuhren recht leer. <\/p>\n<p>Nach meiner zweiten Pause nur noch 2x den KSSL gefahren, Kurven-SL ja mittlerweile Betriebsende, aber die Schieberei hier im Anstehbereich mit den vielen 180\u00b0 Kehren war mir zu nervig, meine letzte Bergfahrt ca. 15:30. <\/p>\n<p><img src=http:\/\/ski.inmontanis.info\/d\/329721-2\/DSC03602.jpg \/><br \/>\n^ Parkgeb\u00fchren in Riksgr\u00e4nsen an der DSB<\/p>\n<p><a href='http:\/\/ski.inmontanis.info\/d\/329725-2\/DSC03603.jpg'><img src=http:\/\/ski.inmontanis.info\/d\/329724-3\/DSC03603.jpg \/><\/a><br \/>\n^ .. aber unterm Katterj\u00e5kk-KSSL darf man noch gratis parken. Einen weiten Fu\u00dfweg hat man sowieso auf beiden Seiten. Der KSSL ist aber nur von 10-12 Uhr in Betrieb.<\/p>\n<p><a href='http:\/\/ski.inmontanis.info\/d\/329729-2\/DSC03610.jpg'><img src=http:\/\/ski.inmontanis.info\/d\/329728-3\/DSC03610.jpg \/><\/a><br \/>\n^ Dass man am oberen KSSL immer durch diese bl\u00f6de Einz\u00e4unung komplett durchgehen muss, selbst wenn (in ca. der ersten und letzten Stunde) nix los ist und man nicht abk\u00fcrzen kann, nervt.<\/p>\n<p><a href='http:\/\/ski.inmontanis.info\/d\/329733-2\/DSC03611.jpg'><img src=http:\/\/ski.inmontanis.info\/d\/329732-3\/DSC03611.jpg \/><\/a><br \/>\n^ Oberer KSSL. Dass hier mal alle SL+KSSL offen sind, hab ich nur seltenst erlebt, meist war irgendeiner defekt.<\/p>\n<p><a href='http:\/\/ski.inmontanis.info\/d\/329737-2\/DSC03614.jpg'><img src=http:\/\/ski.inmontanis.info\/d\/329736-3\/DSC03614.jpg \/><\/a><br \/>\n^ Alternativ zum KSSL kann man ja mit dem Tellerlift (links) zum Kurven-SL (rechts), wobei der nur FR-SO und in den Ferien offen sein soll.<\/p>\n<p><a href='http:\/\/ski.inmontanis.info\/d\/329741-2\/DSC03615.jpg'><img src=http:\/\/ski.inmontanis.info\/d\/329740-3\/DSC03615.jpg \/><\/a><br \/>\n^ KSSL und Tellerlift, noch sind viele Abfahrten nicht pr\u00e4pariert. <\/p>\n<p><a href='http:\/\/ski.inmontanis.info\/d\/329745-2\/DSC03616.jpg'><img src=http:\/\/ski.inmontanis.info\/d\/329744-3\/DSC03616.jpg \/><\/a><br \/>\n^ Kurven-SL links und KSSL rechts, es ist bisher lediglich die diagonale Abfahrt pr\u00e4pariert<\/p>\n<p><a href='http:\/\/ski.inmontanis.info\/d\/329749-2\/DSC03618.jpg'><img src=http:\/\/ski.inmontanis.info\/d\/329748-3\/DSC03618.jpg \/><\/a><br \/>\n^ Kurven-SL mal bei wenig Schnee. Die beiden KSSL haben keine Kurve, aber den (ja sowieso recht sinnlosen) Kurvenlift baut man als B\u00fcgel-Dreieckslift&#8230;<\/p>\n<p><a href='http:\/\/ski.inmontanis.info\/d\/329753-2\/DSC03620.jpg'><img src=http:\/\/ski.inmontanis.info\/d\/329752-3\/DSC03620.jpg \/><\/a><br \/>\n^ Gel\u00e4nde neben dem Kurven-SL<\/p>\n<p><a href='http:\/\/ski.inmontanis.info\/d\/329757-2\/DSC03621.jpg'><img src=http:\/\/ski.inmontanis.info\/d\/329756-3\/DSC03621.jpg \/><\/a><br \/>\n^ Freeridebereich<\/p>\n<p><a href='http:\/\/ski.inmontanis.info\/d\/329761-2\/DSC03622.jpg'><img src=http:\/\/ski.inmontanis.info\/d\/329760-3\/DSC03622.jpg \/><\/a><br \/>\n^ Talstation oberer KSSL + Tellerlift + Caf\u00e9 und laut Plan soll hier auch eine V\u00e4rmestuga sein ..<\/p>\n<p><a href='http:\/\/ski.inmontanis.info\/d\/329765-2\/DSC03623.jpg'><img src=http:\/\/ski.inmontanis.info\/d\/329764-3\/DSC03623.jpg \/><\/a><br \/>\n^ .. gefunden, unter der Trib\u00fchne. Allerdings klein (ich sitze am einzigen 4er Tisch, der nicht im Bild zu sehen ist). Alternativ gibts unterm Restaurant nahe DSB-Talstation, wo auch Toiletten sind, einen Aufw\u00e4rmraum, aber da stinkts extrem nach Kanal. Mikrowelle gibts nirgends.<\/p>\n<p><a href='http:\/\/ski.inmontanis.info\/d\/329769-2\/DSC03625.jpg'><img src=http:\/\/ski.inmontanis.info\/d\/329768-3\/DSC03625.jpg \/><\/a><br \/>\n^ Einzig pr\u00e4parierte Abfahrt derzeit in den Ort ist diese hier; links das Offpistegel\u00e4nde an der DSB<\/p>\n<p><a href='http:\/\/ski.inmontanis.info\/d\/329773-2\/DSC03626.jpg'><img src=http:\/\/ski.inmontanis.info\/d\/329772-3\/DSC03626.jpg \/><\/a><br \/>\n^ Der Campingplatz ist schon weit von der DSB weg, wobei ich nicht wei\u00df, wo die Tagespl\u00e4tze w\u00e4ren, die es laut Homepage ja zumindest geben sollte. Der Campingplatz am Kattarjakk-SL w\u00e4r mir sympathischer, da m\u00fcsste man weniger gehen als hier, wenn aber auch mehr als vom Tagesparkplatz.<\/p>\n<p><a href='http:\/\/ski.inmontanis.info\/d\/329777-2\/DSC03630.jpg'><img src=http:\/\/ski.inmontanis.info\/d\/329776-3\/DSC03630.jpg \/><\/a><br \/>\n^ DSB-3SB, auch hier noch viele Abfahrten geschlossen, offpiste aber fahrbar<\/p>\n<p><a href='http:\/\/ski.inmontanis.info\/d\/329781-2\/DSC03633.jpg'><img src=http:\/\/ski.inmontanis.info\/d\/329780-3\/DSC03633.jpg \/><\/a><br \/>\n^ D\u00e4mlicher Einstieg an der 3SB, offiziell vor&#8217;m Haus, wo die zwei dort unten nun stehen, bis dahin sollte man vorschieben, warum zum Teufel??<\/p>\n<p><a href='http:\/\/ski.inmontanis.info\/d\/329785-2\/DSC03634.jpg'><img src=http:\/\/ski.inmontanis.info\/d\/329784-3\/DSC03634.jpg \/><\/a><br \/>\n^ Offpiste an der DSB<\/p>\n<p><a href='http:\/\/ski.inmontanis.info\/d\/329789-2\/DSC03635.jpg'><img src=http:\/\/ski.inmontanis.info\/d\/329788-3\/DSC03635.jpg \/><\/a><br \/>\n^ Genauso bescheuert, der Einstieg an der DSB. Und wer sich weigert, diesen sinnlosen Weg direkt bis zur Kante am Hausende vorzuschieben, dann wird der Sessel langsamer gestellt, egal ob die bl\u00f6de Liflterin innen hockt oder au\u00dfen steht. Was f\u00fcr ein Schwachsinn.<\/p>\n<p>Wenn es ein Skigebiet also nicht schafft, mich mit neuen Sesselliften zu nerven, findet man andere M\u00f6glichkeiten, dies zu tun.<\/p>\n<p>SMHI meldet hier f\u00fcr DI und MI morgens -24\/-23\u00b0,  leider auch in J\u00e4ckvik -18\/-21\u00b0 (tags\u00fcber -10\u00b0), das ist ja auch wieder einmal komplett bescheuert, da der Campingplatz dort nur f\u00fcr Dauercamper ist und sonst auch nix preislich sinnvolles in der Gegend ist :( Somit werde ich wohl nur 2 N\u00e4chte = 3 Skitage bleiben k\u00f6nnen, statt 4-5 Skitage, au\u00dfer sie h\u00e4tten, wie in Gruvbacken, tempor\u00e4re Stellpl\u00e4tze.<\/p>\n<p>Heut Abend noch zum Pizzabakeren in Narvik (aber dann keinen vern\u00fcnftigen Nachtplatz bekommen) oder das heute fr\u00fch im Supermarkt gekaufte TK-Fertiggericht aufw\u00e4rmen und am Parkplatz direkt hinter der Grenze stehen bleiben? Entschied mich f\u00fcr letzteres, da man von hier aus l\u00e4nger bis Ankenes f\u00e4hrt, die ja morgen erst ab 11 Uhr aufsperren.<\/p>\n<p>Nat\u00fcrlich stellte ich mich nicht auf die Seite mit den Wohnw\u00e4gen &#8211; die werden garantiert Stromgeneratoren  haben. Die 20mm Niederschlag in J\u00e4ckvik f\u00fcr morgen wurden ja wieder aus der Vorhersage ausradiert, aber was die K\u00e4lte anbelangt, wurden am Abend  f\u00fcr n\u00e4chste Woche -21\u00b0 und -23\u00b0 nachts auch in J\u00e4ckvik gemeldet und da muss ich dann freistehen :(<\/p>\n<p>Problem ist aber, dass nur noch diese Woche t\u00e4glich offen ist, danach nur FR-SO. Nach J\u00e4ckvik m\u00f6cht ich ja nochmal hier in die Gegend (Bj\u00f6rkliden+Abisko f\u00fcr 5-7 Tage) und weiter nach Finnland und dann wieder retour, aber eben durch die FR-SO-\u00d6ffnung danach in J\u00e4ckvik funktioniert das in umgekehrter Richtung nicht sinnvoll, zumindest nicht nach aktuellen Planungen.  Im Nachhinein h\u00e4tte ich wohl doch besser nach T\u00e4rnaby gleich J\u00e4ckvik fahren sollen.<\/p>\n","protected":false},"excerpt":{"rendered":"<p>So, 31.3.2024<\/p>\n<p>Der Tag begann wesentlich sonniger als gemeldet. Statt stark bew\u00f6lkt war es vormittags fast wolkenlos sonnig. In Riksgr\u00e4nsen ging ich in den Supermarkt &#8211; trotz Ostern auch am Sonntag offen.<\/p>\n<p> ^ Richtung Riksgr\u00e4nsen<\/p>\n<p> ^ Richtung Riksgr\u00e4nsen<\/p>\n<p> ^ Richtung Riksgr\u00e4nsen<\/p>\n<p> ^ Richtung Riksgr\u00e4nsen<\/p>\n<p>An der DSB gibt&#8217;s mittlerweile wohl nur <a href=\"http:\/\/blog.inmontanis.info\/?p=9806\">[&#8230;]<\/a><\/p>\n","protected":false},"author":1,"featured_media":9808,"comment_status":"closed","ping_status":"closed","sticky":false,"template":"","format":"standard","meta":{"footnotes":""},"categories":[912,636,19,27],"tags":[55,38,48,47],"class_list":["post-9806","post","type-post","status-publish","format-standard","has-post-thumbnail","hentry","category-2023-09-2024-xx-skandinavien","category-riksgransen","category-schwedensweden","category-skifahren-winterskiing-winter","tag-3sb","tag-dsb","tag-kssl","tag-sl","odd"],"_links":{"self":[{"href":"http:\/\/blog.inmontanis.info\/index.php?rest_route=\/wp\/v2\/posts\/9806","targetHints":{"allow":["GET"]}}],"collection":[{"href":"http:\/\/blog.inmontanis.info\/index.php?rest_route=\/wp\/v2\/posts"}],"about":[{"href":"http:\/\/blog.inmontanis.info\/index.php?rest_route=\/wp\/v2\/types\/post"}],"author":[{"embeddable":true,"href":"http:\/\/blog.inmontanis.info\/index.php?rest_route=\/wp\/v2\/users\/1"}],"replies":[{"embeddable":true,"href":"http:\/\/blog.inmontanis.info\/index.php?rest_route=%2Fwp%2Fv2%2Fcomments&post=9806"}],"version-history":[{"count":2,"href":"http:\/\/blog.inmontanis.info\/index.php?rest_route=\/wp\/v2\/posts\/9806\/revisions"}],"predecessor-version":[{"id":9809,"href":"http:\/\/blog.inmontanis.info\/index.php?rest_route=\/wp\/v2\/posts\/9806\/revisions\/9809"}],"wp:featuredmedia":[{"embeddable":true,"href":"http:\/\/blog.inmontanis.info\/index.php?rest_route=\/wp\/v2\/media\/9808"}],"wp:attachment":[{"href":"http:\/\/blog.inmontanis.info\/index.php?rest_route=%2Fwp%2Fv2%2Fmedia&parent=9806"}],"wp:term":[{"taxonomy":"category","embeddable":true,"href":"http:\/\/blog.inmontanis.info\/index.php?rest_route=%2Fwp%2Fv2%2Fcategories&post=9806"},{"taxonomy":"post_tag","embeddable":true,"href":"http:\/\/blog.inmontanis.info\/index.php?rest_route=%2Fwp%2Fv2%2Ftags&post=9806"}],"curies":[{"name":"wp","href":"https:\/\/api.w.org\/{rel}","templated":true}]}}