{"id":9802,"date":"2024-03-30T18:47:26","date_gmt":"2024-03-30T17:47:26","guid":{"rendered":"http:\/\/blog.inmontanis.info\/?p=9802"},"modified":"2024-04-15T19:06:02","modified_gmt":"2024-04-15T17:06:02","slug":"gratangsfjellet-30-3-2024-klein-aber-waldvarianten","status":"publish","type":"post","link":"http:\/\/blog.inmontanis.info\/?p=9802","title":{"rendered":"Gratangsfjellet, 30.3.2024 &#8211; klein, aber Waldvarianten"},"content":{"rendered":"<p><strong>Sa, 30.3.2024<\/strong><\/p>\n<p>Auch heute um 24,40 je Liter 5 tanken m\u00fcssen, es wird wohl meine letzte Norwegenreise werden, bei den Benzinpreisen, die ja wohl  nicht mehr g\u00fcnstiger werden.<\/p>\n<p>Das kleine Skigebiet Gratangsfjellet soll von 11-15 Uhr heute offen sein, sofern man sich nicht kurzfristig umentscheidet oder wg. Wind schlie\u00dfen muss. Pr\u00e4pariert evtl. 1, maximal 2 von den 3 Abfahrten und der Schnee wird vermutlich nach den letzten sonnigen Tagen heute vereist sein.<\/p>\n<p>Um 10:55 kam ich an, der Lift lief, zwei Abfahrten schienen pr\u00e4partiert zu sein, also testete ich das Skigebiet halt mal. Tageskarte kostet  300,- NOK (Waffel 30, leider auch hier ohne Schlagsahne, Hotdog 30), frisch pr\u00e4pariert war leider nichts, aber die Vereisung hielt sich in Grenzen und die obere H\u00e4lfte war offpiste im lichten Laubwald sch\u00f6n pulvrig (au\u00dfer die Abfahrt direkt rechts vom SL, daher nur 1x gefahren). Bei den \u00e4u\u00dfersten Varianten war aber irgendwann das Gel\u00e4nde oder der Schnee nervig und man konnte nur noch schlecht zur\u00fcck. Generell kam es hin und wieder vor, dass man irgendwann eine gew\u00fcnschte Kurve  nicht mehr machen konnte, weil man im Bruchharsch landete. <\/p>\n<p>In Summe jedenfals netter und abwechslungsreicher als erwartet. Der dauerhafte Schneefall sorgte auch auf dem Auto f\u00fcr keine Schicht und der Wind, der auf der E6 noch stark sicht- und sp\u00fcrbar war, war im Skigebiet nicht zu bemerken.<\/p>\n<p><a href='http:\/\/ski.inmontanis.info\/d\/329622-2\/DSC03547.jpg'><img src=http:\/\/ski.inmontanis.info\/d\/329621-3\/DSC03547.jpg \/><\/a><br \/>\n^ Auffahrt ins Skigebiet Gratangsfjellet; der Campingplatz liegt ja direkt an der E6, zum Skigebiet muss man noch ein St\u00fcckchen fahren<\/p>\n<p><a href='http:\/\/ski.inmontanis.info\/d\/329626-2\/DSC03548.jpg'><img src=http:\/\/ski.inmontanis.info\/d\/329625-3\/DSC03548.jpg \/><\/a><br \/>\n^ Skigebiet Gratangsfjellet, es gibt 3 Abfahrten, links vom SL und zwei rechts, wobei die erste rechts etwas verwuchert und nicht pr\u00e4pariert ist<\/p>\n<p><a href='http:\/\/ski.inmontanis.info\/d\/329630-2\/DSC03550.jpg'><img src=http:\/\/ski.inmontanis.info\/d\/329629-3\/DSC03550.jpg \/><\/a><br \/>\n^ SL und rechte Abfahrten<\/p>\n<p><a href='http:\/\/ski.inmontanis.info\/d\/329634-2\/DSC03551.jpg'><img src=http:\/\/ski.inmontanis.info\/d\/329633-3\/DSC03551.jpg \/><\/a><br \/>\n^ SL und linke Abfahrt<\/p>\n<p><a href='http:\/\/ski.inmontanis.info\/d\/329638-2\/DSC03555.jpg'><img src=http:\/\/ski.inmontanis.info\/d\/329637-3\/DSC03555.jpg \/><\/a><br \/>\n^ Rechte Abfahrt<\/p>\n<p><a href='http:\/\/ski.inmontanis.info\/d\/329642-2\/DSC03556.jpg'><img src=http:\/\/ski.inmontanis.info\/d\/329641-3\/DSC03556.jpg \/><\/a><br \/>\n^ Rechte Abfahrt<\/p>\n<p><a href='http:\/\/ski.inmontanis.info\/d\/329646-2\/DSC03557.jpg'><img src=http:\/\/ski.inmontanis.info\/d\/329645-3\/DSC03557.jpg \/><\/a><br \/>\n^ Rechte Abfahrt<\/p>\n<p><a href='http:\/\/ski.inmontanis.info\/d\/329650-2\/DSC03558.jpg'><img src=http:\/\/ski.inmontanis.info\/d\/329649-3\/DSC03558.jpg \/><\/a><br \/>\n^ Ausstieg<\/p>\n<p><a href='http:\/\/ski.inmontanis.info\/d\/329654-2\/DSC03567.jpg'><img src=http:\/\/ski.inmontanis.info\/d\/329653-3\/DSC03567.jpg \/><\/a><br \/>\n^ Linke Abfahrt, sch\u00f6n schmal, nur eine Pistenraupenspur breit<\/p>\n<p><a href='http:\/\/ski.inmontanis.info\/d\/329658-2\/DSC03560.jpg'><img src=http:\/\/ski.inmontanis.info\/d\/329657-3\/DSC03560.jpg \/><\/a><br \/>\n^ Linke Abfahrt und lichter Wald<\/p>\n<p><a href='http:\/\/ski.inmontanis.info\/d\/329662-3\/DSC03561.jpg'><img src=http:\/\/ski.inmontanis.info\/d\/329661-4\/DSC03561.jpg \/><\/a><br \/>\n^ Linke Abfahrt und lichter Wald<\/p>\n<p><a href='http:\/\/ski.inmontanis.info\/d\/329666-3\/DSC03562.jpg'><img src=http:\/\/ski.inmontanis.info\/d\/329665-4\/DSC03562.jpg \/><\/a><br \/>\n^ Linke Abfahrt<\/p>\n<p><a href='http:\/\/ski.inmontanis.info\/d\/329670-3\/DSC03563.jpg'><img src=http:\/\/ski.inmontanis.info\/d\/329669-4\/DSC03563.jpg \/><\/a><br \/>\n^ Linke Abfahrt und Talstation<\/p>\n<p><a href='http:\/\/ski.inmontanis.info\/d\/329674-3\/DSC03564.jpg'><img src=http:\/\/ski.inmontanis.info\/d\/329673-4\/DSC03564.jpg \/><\/a><br \/>\n^ Mittlere Abfahrt<\/p>\n<p><a href='http:\/\/ski.inmontanis.info\/d\/329678-3\/DSC03565.jpg'><img src=http:\/\/ski.inmontanis.info\/d\/329677-4\/DSC03565.jpg \/><\/a><br \/>\n^ Mittlere Abfahrt<\/p>\n<p><a href='http:\/\/ski.inmontanis.info\/d\/329682-3\/DSC03569.jpg'><img src=http:\/\/ski.inmontanis.info\/d\/329681-4\/DSC03569.jpg \/><\/a><br \/>\n^ Offpiste im Wald zwischen linker Abfahrt und SL<\/p>\n<p><a href='http:\/\/ski.inmontanis.info\/d\/329686-2\/DSC03570.jpg'><img src=http:\/\/ski.inmontanis.info\/d\/329685-3\/DSC03570.jpg \/><\/a><br \/>\n^ Offpiste im Wald links<\/p>\n<p><a href='http:\/\/ski.inmontanis.info\/d\/329690-3\/DSC03572.jpg'><img src=http:\/\/ski.inmontanis.info\/d\/329689-3\/DSC03572.jpg \/><\/a><br \/>\n^ Offpiste im Wald links<\/p>\n<p><a href='http:\/\/ski.inmontanis.info\/d\/329694-2\/DSC03573.jpg'><img src=http:\/\/ski.inmontanis.info\/d\/329693-3\/DSC03573.jpg \/><\/a><br \/>\n^ Offpiste rechts von der rechten Abfahrt<\/p>\n<p><a href='http:\/\/ski.inmontanis.info\/d\/329698-2\/DSC03575.jpg'><img src=http:\/\/ski.inmontanis.info\/d\/329697-3\/DSC03575.jpg \/><\/a><br \/>\n^ Offpiste rechts von der rechten Abfahrt<\/p>\n<p><a href='http:\/\/ski.inmontanis.info\/d\/329702-2\/DSC03576.jpg'><img src=http:\/\/ski.inmontanis.info\/d\/329701-3\/DSC03576.jpg \/><\/a><br \/>\n^ Offpiste rechts von der rechten Abfahrt<\/p>\n<p><a href='http:\/\/ski.inmontanis.info\/d\/329706-2\/DSC03577.jpg'><img src=http:\/\/ski.inmontanis.info\/d\/329705-3\/DSC03577.jpg \/><\/a><br \/>\n^ Offpiste rechts von der rechten Abfahrt<\/p>\n<p><a href='http:\/\/ski.inmontanis.info\/d\/329710-2\/DSC03578.jpg'><img src=http:\/\/ski.inmontanis.info\/d\/329709-3\/DSC03578.jpg \/><\/a><br \/>\n^ Skipass. Funktionsweise nicht ganz klar, im rechten Loch h\u00e4lt das Teil nicht und das linke Loch ist doch viel zu klein?! Ich habs in meine schwedische Armbindentasche.<\/p>\n<p><a href='http:\/\/ski.inmontanis.info\/d\/329714-2\/DSC03579.jpg'><img src=http:\/\/ski.inmontanis.info\/d\/329713-3\/DSC03579.jpg \/><\/a><br \/>\n^ R\u00fcckseite Skipass. Zweckentfremdet von einer Autowerkstatt.<\/p>\n<p><a href='http:\/\/ski.inmontanis.info\/d\/329718-2\/ge20240330b.jpg'><img src=http:\/\/ski.inmontanis.info\/d\/329717-3\/ge20240330b.jpg \/><\/a><br \/>\n^ GPS-Track 30.3.2024, die vielen Varianten durch den lichten Wald sind das Highlight hier, wobei die schmale und kurvige linke Abfahrt auch nett ist.<\/p>\n<p>Laut GMaps w\u00e4ren die beiden Superm\u00e4rkte in Bjerkvik heute Ostersamstag nur bis 1600 offen und weil nach 2 und vor 2 Feiertage, musste ich nat\u00fcrlich noch einkaufen. Die beiden Tankstellen verlangten 25,44 und 23,49 f\u00fcr den Lizer Benzin, also vorsichtshalber mal 9 Liter um die 23,49 getankt, und zwar noch vor dem Einkaufen, was eine gute Entscheidung war, denn danach auch hier 25,48 NOK.<\/p>\n<p>Da ich im Supermarkt wieder keine Medisterkaker bekam, wollte ich mir das Kochen sparen und kaufte mir danach in der Esso einen Mini-Hamburger um g\u00fcnstige 30,- und Pommes um 34,- Mitnahmepreis, hier essen kostet mehr. Der normale Hamburger w\u00e4r mehr als 3x so teuer, wieso sollte man den dann kaufen?! Bernerw\u00fcrstl-Hotdog ist mit 62,- auch noch wesentlich g\u00fcnstiger als letztens in der Shell und am allerbesten: es gab endlich mal wieder das leckere Glaze-Ketchup (BBQ-m\u00e4\u00dfig aber s\u00fc\u00dfpickend wie diese asiatischen Glutamat-So\u00dfen)  &#8230; da ich nach Hamburger+Pommes noch nicht satt war, musste ich nochmals irgendwas kaufen, wozu diese Sauce passt, also doch noch ein Bernerw\u00fcrstl &#8230;. (Die Glaze-So\u00dfe ist von der Konsistenz \u00e4hnlich wie die Hela-Ketchups, aber vielleicht etwas bitterer+dunkler.)<\/p>\n<p>Die 62,- f\u00fcr das Benerw\u00fcrstlhotdog werden nicht mehr lang gelten, in der Kasse sind schon 65, aber als ich auf die 62 auf der Tafel zeigte, bekam ichs um 62. <\/p>\n<p><a href='http:\/\/extra.inmontanis.info\/d\/103262-2\/DSC03580.jpg'><img src=http:\/\/extra.inmontanis.info\/d\/103261-3\/DSC03580.jpg \/><\/a><br \/>\n^ Kleiner Hamburger mit Pommes und Glaze-Sauce von der Tankstelle<\/p>\n<p><a href='http:\/\/extra.inmontanis.info\/d\/103266-2\/DSC03581.jpg'><img src=http:\/\/extra.inmontanis.info\/d\/103265-3\/DSC03581.jpg \/><\/a><br \/>\n^ .. und noch ein Berner-W\u00fcrstl-Hotdog<\/p>\n<p><a href='http:\/\/extra.inmontanis.info\/d\/103270-2\/DSC03582.jpg'><img src=http:\/\/extra.inmontanis.info\/d\/103269-3\/DSC03582.jpg \/><\/a><br \/>\n^ Die Treibstoffpreise in Norwegen sind momentan unertr\u00e4glich hoch und im Gegensatz zu sonst keine Tankstelle g\u00fcnstiger.<\/p>\n<p>Morgen dann Riksgr\u00e4nsen und \u00fcbermorgen Ankenes? Oder morgen Ankenes und \u00fcbermorgen was auf dem Weg nach J\u00e4ckvik? Dort k\u00f6nnte aber das Wetter schlechter sein. Zwischen Ankenes und J\u00e4ckvik liegt quasi direkt auf dem Weg Holtanlia, mit etwas Umweg Sulitjelma und Vestvatn. Laut Sat-Bild s\u00e4he mir Sulitjelma am interessantesten aus. <\/p>\n<p>Wettervorhersagen meldeten nachmittags f\u00fcr Montag in Ankenes nun wieder sehr sonnig (morgen bedeckt und kaum Sonne), wobei auch f\u00fcr Holtanlia und Sulitjelma nun trocken mit Chance auf Sonne gemeldet werden w\u00fcrde. Holtanlia hatte diese Woche  wegen Schneemangel aber geschlossen, f\u00e4llt also aus.  DerUmweg nach Riksgr\u00e4nsen w\u00e4re etwas weniger als via Sulitjelma. Pro Riks: Saisonkarte, Pro Sulit: neues Skigebiet und ein Zwischenhalt bei der langen Fahrt von Ankenes nach J\u00e4ckvik (\u00fcber 6h mit F\u00e4hre) und Riksgr. ja eh im Mai noch oft genug. <\/p>\n<p>Wobei ich ja wg. der NO-Pfandflaschen am DI eh noch in NO einen Supermarkt brauch und der ist wohl auch ca. 2h von J\u00e4ckvik entfernt, dh. max. 4h Fahrt nach Ankenes am Montag w\u00e4r wohl auch OK. Durch die Sommerzeitumstellung morgen fr\u00fch w\u00e4re Ankenes mit 11 Uhr Betriebsbeginn allerdings angenehmer als erst am Montag. Entschied mich dann doch f\u00fcr Riksgr\u00e4nsen morgen.<\/p>\n<p>Kaum wieder nach Narvik\/Riksgr\u00e4nsen unterwegs wieder st\u00fcrmischer Wind, Gefahr von Schneeverwehungen und da will ich auf dem Weg rauf nach Riksgr\u00e4nsen irgendwo \u00fcbernachten? Der erste von 3 m\u00f6glichen Pl\u00e4tzen w\u00e4re vielleicht der kleinste der drei und am n\u00e4hesten an der Stra\u00dfe, aber am weitesten von Riksgr\u00e4nsen morgen entfernt (naja, trotzdem nur ca. 15min) und der Wind hier war nicht so stark wie zuvor auf der Stra\u00dfe, also blieb ich mal hier. <\/p>\n<p><a href='http:\/\/extra.inmontanis.info\/d\/103274-2\/DSC03585.jpg'><img src=http:\/\/extra.inmontanis.info\/d\/103273-3\/DSC03585.jpg \/><\/a><br \/>\n^ Fahrt richtung Riksgr\u00e4nsen<\/p>\n<p>Beim l\u00e4ngst \u00fcberf\u00e4lligen Staubsaugen hab ich bemerkt, dass die Fu\u00dfmatten hinterm Fahrersitz nass waren. Da hatte ich heuer ja ein anderes St\u00fcck Schaumstoffmatte dr\u00fcber gelegt, das vielleicht w\u00e4rmer war, aber anscheinend auch die Luftzirkulation zu stark behinderte? Wobei ich die d\u00fcnneren Schaumstoffmatten unter der offiziellen Fu\u00dfmatte ja schon mindestens letzten Winter hatte oder  schon zuvor, da fiel mir nie Feuchtigkeit auf dort unten, vielleicht abr auch nie nachgeschaut. Wegschmei\u00dfen geht grad auch nicht, weil kein M\u00fclleimer an diesem Parkplatz.<\/p>\n<p>Wahrscheinlich schauts dann hinten unten im Kofferraum auch wieder sehr nass aus, trau mich gar nicht nachschauen :(<\/p>\n<p>Oh Schimmel, ich riech dich wachsen. Vielleicht h\u00e4tte ich die Schaumstoffmatten heut lieber drauflassen sollen anstatt zwei zum trocknen zu entfernen .. <\/p>\n<p><a href='http:\/\/extra.inmontanis.info\/d\/103278-2\/DSC03589.jpg'><img src=http:\/\/extra.inmontanis.info\/d\/103277-3\/DSC03589.jpg \/><\/a><br \/>\n^ Nasser Bodenbereich hinterm Fahrersitz, also wo ich zB abends bei aufgebautem Tisch meine F\u00fc\u00dfe hab oder mich aus\/anzieh etc., aber eben noch eine gr\u00fcne Matte dr\u00fcberliegt. Oder zuvor: wei\u00dfe, dickere St\u00fccke.<\/p>\n<p>Der Bereich hat mich dann noch mehrere Wochen besch\u00e4ftigt, einige der Matten hab ich in den n\u00e4chten Tagen wegschmei\u00dfen k\u00f6nnen, aber bis der unterste (fest verbaute) Filz endlich mal trocken war&#8230;. also am 15.4. und mit Hilfe von Klump-Katzenstreu war es noch nicht ganz trocken.<\/p>\n<p>Wenn der Schneer\u00e4umer alle ca. 1-2 Stunden vorbeif\u00e4hrt, ist das ein erschreckender L\u00e4rm, weil ja kein Schnee mehr auf der Stra\u00dfe liegt, maximal paar Flocken, die es reinweht&#8230; Ansonsten w\u00e4r die Stra\u00dfe sehr ruhig, aber der R\u00e4umdienst ist lauter als jeder LKW, der  vorbeifahren w\u00fcrde. Nachts aber wohl doch nicht gefahren. Am n\u00e4chsten Tag: der n\u00e4chste Platz war nicht ger\u00e4umt, der letzte an der Grenze sehr voll, zumindest morgens und inkl. einiger Wohnw\u00e4gen, die hier wohl dauerhaft stehen. Wieder einmal zeigte sich: am erstbesten Parkplatz sollte man bleiben, es wird meist schlechter. Wobei ich dann am n\u00e4chsten Tag an dem an der Grenze stand. War auch OK.<\/p>\n","protected":false},"excerpt":{"rendered":"<p>Sa, 30.3.2024<\/p>\n<p>Auch heute um 24,40 je Liter 5 tanken m\u00fcssen, es wird wohl meine letzte Norwegenreise werden, bei den Benzinpreisen, die ja wohl nicht mehr g\u00fcnstiger werden.<\/p>\n<p>Das kleine Skigebiet Gratangsfjellet soll von 11-15 Uhr heute offen sein, sofern man sich nicht kurzfristig umentscheidet oder wg. Wind schlie\u00dfen muss. Pr\u00e4pariert evtl. 1, maximal 2 <a href=\"http:\/\/blog.inmontanis.info\/?p=9802\">[&#8230;]<\/a><\/p>\n","protected":false},"author":1,"featured_media":9804,"comment_status":"closed","ping_status":"closed","sticky":false,"template":"","format":"standard","meta":{"footnotes":""},"categories":[912,927,18,27],"tags":[47],"class_list":["post-9802","post","type-post","status-publish","format-standard","has-post-thumbnail","hentry","category-2023-09-2024-xx-skandinavien","category-gratangsfjellet","category-norwegennorway","category-skifahren-winterskiing-winter","tag-sl","odd"],"_links":{"self":[{"href":"http:\/\/blog.inmontanis.info\/index.php?rest_route=\/wp\/v2\/posts\/9802","targetHints":{"allow":["GET"]}}],"collection":[{"href":"http:\/\/blog.inmontanis.info\/index.php?rest_route=\/wp\/v2\/posts"}],"about":[{"href":"http:\/\/blog.inmontanis.info\/index.php?rest_route=\/wp\/v2\/types\/post"}],"author":[{"embeddable":true,"href":"http:\/\/blog.inmontanis.info\/index.php?rest_route=\/wp\/v2\/users\/1"}],"replies":[{"embeddable":true,"href":"http:\/\/blog.inmontanis.info\/index.php?rest_route=%2Fwp%2Fv2%2Fcomments&post=9802"}],"version-history":[{"count":2,"href":"http:\/\/blog.inmontanis.info\/index.php?rest_route=\/wp\/v2\/posts\/9802\/revisions"}],"predecessor-version":[{"id":9805,"href":"http:\/\/blog.inmontanis.info\/index.php?rest_route=\/wp\/v2\/posts\/9802\/revisions\/9805"}],"wp:featuredmedia":[{"embeddable":true,"href":"http:\/\/blog.inmontanis.info\/index.php?rest_route=\/wp\/v2\/media\/9804"}],"wp:attachment":[{"href":"http:\/\/blog.inmontanis.info\/index.php?rest_route=%2Fwp%2Fv2%2Fmedia&parent=9802"}],"wp:term":[{"taxonomy":"category","embeddable":true,"href":"http:\/\/blog.inmontanis.info\/index.php?rest_route=%2Fwp%2Fv2%2Fcategories&post=9802"},{"taxonomy":"post_tag","embeddable":true,"href":"http:\/\/blog.inmontanis.info\/index.php?rest_route=%2Fwp%2Fv2%2Ftags&post=9802"}],"curies":[{"name":"wp","href":"https:\/\/api.w.org\/{rel}","templated":true}]}}