{"id":9798,"date":"2024-03-29T19:37:41","date_gmt":"2024-03-29T18:37:41","guid":{"rendered":"http:\/\/blog.inmontanis.info\/?p=9798"},"modified":"2024-04-13T19:59:53","modified_gmt":"2024-04-13T17:59:53","slug":"sollifjellet-29-3-2024-nochmals-sonne-fjord-meer","status":"publish","type":"post","link":"http:\/\/blog.inmontanis.info\/?p=9798","title":{"rendered":"Sollifjellet, 29.3.2024 \/ nochmals Sonne, Fjord &#038; Meer"},"content":{"rendered":"<p><strong>Fr, 29.3.2024<\/strong><\/p>\n<p>Ich fuhr also nur noch 10min ins Skigebiet Sollifjellet, das sich jetzt Sollia nennt, der Lift fuhr bereits vor 10 Uhr, weil Renntraining. Aber immerhin heisst das, dass der Wind nicht zu stark oben sein sollte.<\/p>\n<p>&#128681; Gespeicherte Geolocation &#8211; Karte anzeigen: <a href='https:\/\/www.google.com\/maps\/@?api=1&#038;map_action=map&#038;center=68.8019067,16.4050667&#038;zoom=12&#038;basemap=terrain' target=_blank> GoogleMaps<\/a> &#128681; <a href='https:\/\/www.openstreetmap.org\/?&#038;mlat=68.8019067&#038;mlon=16.4050667#map=10\/68.8019067\/16.4050667&#038;layers=P' target=_blank> OSM &#128681;<\/a><\/p>\n<p>Seit meinem letzten Besuch haben sie einen zweiten Lift im unteren Bereich rechts gebaut und vielleicht auch die eine oder andere Abfahrt.  Die neue Waldabfahrt ist auch nett.<\/p>\n<p>Tageskarte kostet online 410,- NOK (also ca. 35-36 \u20ac), vor Ort etwas mehr. Die Anfahrt ist sehr steil (ich vermute mal \u00fcber 20%), trotzdem ist oben sogar ein Campingplatz.<\/p>\n<p>Spannender sind die beiden Lofotenskigebiete, familientauglicher ist dieses, vom Fjord\/Meerpano k\u00f6nnt ich mich nicht entscheiden, welches besser ist, normalerweise hat dieses Gebiet den meisten Schnee, Skibetrieb im Mai ist nicht ungew\u00f6hnlich.<\/p>\n<p>Restaurant gibt&#8217;s auch hier keines und das Caf\u00e9 ist in den Verleih integriert, also eher Kiosk, anscheinend gab&#8217;s Waffeln und Hotdogs, genaueres wusste man nicht, da es keine Preistafel gab. Ohne Preisauszeichnung kauf ich nichts. Vom Caf\u00e9 her waren also beide Gebiete auf den Lofoten besser.<\/p>\n<p>Schnee war gut, eisig war nix, die befahreneren Offpistesachen aber nicht mehr sehr pulvrig. Im lichten Laubwald gings teilweise ganz gut, ist links aber nur oben, darunter dichter Nadelwand und rechts vom Tellerlift gibts ein paar st\u00f6rende Gr\u00e4ben, die man zuletzt queren muss.<\/p>\n<p>Der linke SL f\u00e4hrt sehr langsam, der Tellerlift sehr schnell, leider beiderseits faule Liftler, die nicht rausgehen und helfen, sondern zur Not (wenn Anf\u00e4nger und Kinder mehrmals einen Teller oder B\u00fcgel auslassen) w\u00e4hrend einer Auffahrt zig mal den Lift langsamer und schneller schalten, was mir immer unheimlich auf den Zeiger geht, ich bin ein Fan von m\u00f6glichst konstanten Geschwindigkeiten. <\/p>\n<p>DIe viele und lange Schleppliftfahrei in letzter Zeit macht mich mittlerweile m\u00fcde und die Beine schmerzen, es wird Zeit, mal wieder ein Saisonkartengebiet f\u00fcr einige Tage zu besuchen und nur 2-3 Stunden pro Tag zu fahren ;)<\/p>\n<p><a href='http:\/\/ski.inmontanis.info\/d\/329426-2\/DSC03476.jpg'><img src=http:\/\/ski.inmontanis.info\/d\/329425-3\/DSC03476.jpg \/><\/a><br \/>\n^ Steile Zufahrt ins Skigebiet, an dessen Parkplatz auch ein Campingplatz ist<\/p>\n<p><a href='http:\/\/ski.inmontanis.info\/d\/329430-2\/DSC03479.jpg'><img src=http:\/\/ski.inmontanis.info\/d\/329429-3\/DSC03479.jpg \/><\/a><br \/>\n^ Haupt-SL<\/p>\n<p><a href='http:\/\/ski.inmontanis.info\/d\/329434-2\/DSC03480.jpg'><img src=http:\/\/ski.inmontanis.info\/d\/329433-3\/DSC03480.jpg \/><\/a><br \/>\n^ Aktueller Pistenplan<\/p>\n<p><a href='http:\/\/ski.inmontanis.info\/d\/329438-2\/DSC03482.jpg'><img src=http:\/\/ski.inmontanis.info\/d\/329437-3\/DSC03482.jpg \/><\/a><br \/>\n^ Rotkreuzh\u00fctte auf der Anh\u00f6he, hatten heute wohl ein Event, jedenfalls fuhren sie ziemlich oft mit ihren Schneemobilen rauf und runter und auch weiter hinauf, neben dem Lift, querten die Abfahrt usw. = Nervige Spuren in der Piste, nerviger Gestank beim Liftfahren.<\/p>\n<p><a href='http:\/\/ski.inmontanis.info\/d\/329442-2\/DSC03486.jpg'><img src=http:\/\/ski.inmontanis.info\/d\/329441-3\/DSC03486.jpg \/><\/a><br \/>\n^ Blick nach links, wo es keinen Fjord und kein Meer zu sehen gibt<\/p>\n<p><a href='http:\/\/ski.inmontanis.info\/d\/329446-2\/DSC03487.jpg'><img src=http:\/\/ski.inmontanis.info\/d\/329445-3\/DSC03487.jpg \/><\/a><br \/>\n^ Offpistehang links vom SL im oberen Bereich<\/p>\n<p><a href='http:\/\/ski.inmontanis.info\/d\/329450-2\/DSC03490.jpg'><img src=http:\/\/ski.inmontanis.info\/d\/329449-3\/DSC03490.jpg \/><\/a><br \/>\n^ Von der Bergstation zur mittleren und rechten Abfahrt kann man sch\u00f6n r\u00fcckseitig auf Fjord\/Meer schauen<\/p>\n<p><a href='http:\/\/ski.inmontanis.info\/d\/329454-2\/DSC05511.jpg'><img src=http:\/\/ski.inmontanis.info\/d\/329453-3\/DSC05511.jpg \/><\/a><br \/>\n^ R\u00fcckseiten-Pano in IR<\/p>\n<p><a href='http:\/\/ski.inmontanis.info\/d\/329458-2\/DSC03491.jpg'><img src=http:\/\/ski.inmontanis.info\/d\/329457-3\/DSC03491.jpg \/><\/a><br \/>\n^ Von der Bergstation zur mittleren und rechten Abfahrt kann man sch\u00f6n r\u00fcckseitig auf Fjord\/Meer schauen<\/p>\n<p><a href='http:\/\/ski.inmontanis.info\/d\/329462-2\/DSC05512.jpg'><img src=http:\/\/ski.inmontanis.info\/d\/329461-3\/DSC05512.jpg \/><\/a><br \/>\n^ R\u00fcckseiten-Pano in IR<\/p>\n<p><a href='http:\/\/ski.inmontanis.info\/d\/329466-2\/DSC05513.jpg'><img src=http:\/\/ski.inmontanis.info\/d\/329465-3\/DSC05513.jpg \/><\/a><br \/>\n^ Kurzes Hintenrumst\u00fcck in IR<\/p>\n<p><a href='http:\/\/ski.inmontanis.info\/d\/329470-2\/DSC03493.jpg'><img src=http:\/\/ski.inmontanis.info\/d\/329469-3\/DSC03493.jpg \/><\/a><br \/>\n^ Fjordblick mittlere+rechte Abfahrt<\/p>\n<p><a href='http:\/\/ski.inmontanis.info\/d\/329474-2\/DSC05514.jpg'><img src=http:\/\/ski.inmontanis.info\/d\/329473-3\/DSC05514.jpg \/><\/a><br \/>\n^ Fjordblick mittlere+rechte Abfahrt IR<\/p>\n<p><a href='http:\/\/ski.inmontanis.info\/d\/329478-2\/DSC03494.jpg'><img src=http:\/\/ski.inmontanis.info\/d\/329477-3\/DSC03494.jpg \/><\/a><br \/>\n^ Fjordblick mittlere+rechte Abfahrt<\/p>\n<p><a href='http:\/\/ski.inmontanis.info\/d\/329482-2\/DSC05515.jpg'><img src=http:\/\/ski.inmontanis.info\/d\/329481-3\/DSC05515.jpg \/><\/a><br \/>\n^ Fjordblick mittlere Abfahrt IR<\/p>\n<p><a href='http:\/\/ski.inmontanis.info\/d\/329486-3\/DSC03496.jpg'><img src=http:\/\/ski.inmontanis.info\/d\/329485-3\/DSC03496.jpg \/><\/a><br \/>\n^ Mittlere Abfahrt<\/p>\n<p><a href='http:\/\/ski.inmontanis.info\/d\/329490-2\/DSC03498.jpg'><img src=http:\/\/ski.inmontanis.info\/d\/329489-3\/DSC03498.jpg \/><\/a><br \/>\n^ Mittlere Abfahrt<\/p>\n<p><a href='http:\/\/ski.inmontanis.info\/d\/329494-3\/DSC03499.jpg'><img src=http:\/\/ski.inmontanis.info\/d\/329493-3\/DSC03499.jpg \/><\/a><br \/>\n^ Rechte Abfahrt<\/p>\n<p><a href='http:\/\/ski.inmontanis.info\/d\/329498-2\/DSC03500.jpg'><img src=http:\/\/ski.inmontanis.info\/d\/329497-3\/DSC03500.jpg \/><\/a><br \/>\n^ Rechte Abfahrt<\/p>\n<p><a href='http:\/\/ski.inmontanis.info\/d\/329502-2\/DSC03501.jpg'><img src=http:\/\/ski.inmontanis.info\/d\/329501-3\/DSC03501.jpg \/><\/a><br \/>\n^ Rechte Abfahrt<\/p>\n<p><a href='http:\/\/ski.inmontanis.info\/d\/329506-2\/DSC03502.jpg'><img src=http:\/\/ski.inmontanis.info\/d\/329505-3\/DSC03502.jpg \/><\/a><br \/>\n^ Neuer SL<\/p>\n<p><a href='http:\/\/ski.inmontanis.info\/d\/329510-2\/DSC03503.jpg'><img src=http:\/\/ski.inmontanis.info\/d\/329509-3\/DSC03503.jpg \/><\/a><br \/>\n^ Neuer SL, Tellerlift<\/p>\n<p><a href='http:\/\/ski.inmontanis.info\/d\/329514-2\/DSC03504.jpg'><img src=http:\/\/ski.inmontanis.info\/d\/329513-3\/DSC03504.jpg \/><\/a><br \/>\n^ Neuer Tellerlift vs. Fjord<\/p>\n<p><a href='http:\/\/ski.inmontanis.info\/d\/329518-2\/DSC05517.jpg'><img src=http:\/\/ski.inmontanis.info\/d\/329517-3\/DSC05517.jpg \/><\/a><br \/>\n^ Alter SL vs. Fjord in IR<\/p>\n<p><a href='http:\/\/ski.inmontanis.info\/d\/329522-2\/DSC03508.jpg'><img src=http:\/\/ski.inmontanis.info\/d\/329521-3\/DSC03508.jpg \/><\/a><br \/>\n^ Offpistehang, SL, Fjord<\/p>\n<p><a href='http:\/\/ski.inmontanis.info\/d\/329526-2\/DSC03509.jpg'><img src=http:\/\/ski.inmontanis.info\/d\/329525-3\/DSC03509.jpg \/><\/a><br \/>\n^ Im unteren Bereich f\u00fchrt eine pr\u00e4parierte Spur sch\u00f6n kurvig ..<\/p>\n<p><a href='http:\/\/ski.inmontanis.info\/d\/329530-2\/DSC03511.jpg'><img src=http:\/\/ski.inmontanis.info\/d\/329529-3\/DSC03511.jpg \/><\/a><br \/>\n^ .. durch den Wald<\/p>\n<p><a href='http:\/\/ski.inmontanis.info\/d\/329534-2\/DSC03512.jpg'><img src=http:\/\/ski.inmontanis.info\/d\/329533-3\/DSC03512.jpg \/><\/a><br \/>\n^ Start der direkten Abfahrt am SL<\/p>\n<p><a href='http:\/\/ski.inmontanis.info\/d\/329538-2\/DSC03515.jpg'><img src=http:\/\/ski.inmontanis.info\/d\/329537-3\/DSC03515.jpg \/><\/a><br \/>\n^ Direkte Abfahrt am SL<\/p>\n<p><a href='http:\/\/ski.inmontanis.info\/d\/329542-2\/DSC03518.jpg'><img src=http:\/\/ski.inmontanis.info\/d\/329541-3\/DSC03518.jpg \/><\/a><br \/>\n^ Bergstation SL<\/p>\n<p><a href='http:\/\/ski.inmontanis.info\/d\/329546-2\/DSC03519.jpg'><img src=http:\/\/ski.inmontanis.info\/d\/329545-3\/DSC03519.jpg \/><\/a><br \/>\n^ R\u00fcckseite vom SL<\/p>\n<p><a href='http:\/\/ski.inmontanis.info\/d\/329550-3\/DSC03520.jpg'><img src=http:\/\/ski.inmontanis.info\/d\/329549-3\/DSC03520.jpg \/><\/a><br \/>\n^ R\u00fcckseitenpano<\/p>\n<p><a href='http:\/\/ski.inmontanis.info\/d\/329554-3\/DSC03521.jpg'><img src=http:\/\/ski.inmontanis.info\/d\/329553-3\/DSC03521.jpg \/><\/a><br \/>\n^ Rechte\/Mittlere Abfahrt<\/p>\n<p><a href='http:\/\/ski.inmontanis.info\/d\/329558-3\/DSC03522.jpg'><img src=http:\/\/ski.inmontanis.info\/d\/329557-3\/DSC03522.jpg \/><\/a><br \/>\n^ Im Wald links vom SL, also im oberen Bereich. Weiter unten dann enge Nadelb\u00e4ume<\/p>\n<p><a href='http:\/\/ski.inmontanis.info\/d\/329562-2\/DSC03523.jpg'><img src=http:\/\/ski.inmontanis.info\/d\/329561-3\/DSC03523.jpg \/><\/a><br \/>\n^ Zwischen beiden SL<\/p>\n<p><a href='http:\/\/ski.inmontanis.info\/d\/329566-2\/DSC03524.jpg'><img src=http:\/\/ski.inmontanis.info\/d\/329565-3\/DSC03524.jpg \/><\/a><br \/>\n^ Lange Wartezeit aber viele leere Teller, weil Lift sehr schnell, enger Abstand, viele Anf\u00e4nger und der Liftler hilft nicht, sondern stellt ggf. den Lift dann langsamer, wenn einer mehrmals den Teller nicht nehmen kann<\/p>\n<p><a href='http:\/\/ski.inmontanis.info\/d\/329570-2\/DSC03525.jpg'><img src=http:\/\/ski.inmontanis.info\/d\/329569-3\/DSC03525.jpg \/><\/a><br \/>\n^ Im Wald rechts<\/p>\n<p><a href='http:\/\/ski.inmontanis.info\/d\/329574-2\/DSC03527.jpg'><img src=http:\/\/ski.inmontanis.info\/d\/329573-3\/DSC03527.jpg \/><\/a><br \/>\n^ Im Wald rechts, hier geht der lichte Laubwald bis runter ..<\/p>\n<p><a href='http:\/\/ski.inmontanis.info\/d\/329578-2\/DSC03528.jpg'><img src=http:\/\/ski.inmontanis.info\/d\/329577-3\/DSC03528.jpg \/><\/a><br \/>\n^ &#8230; aber leider gibts dann ein paar unsch\u00f6ne Gr\u00e4ben<\/p>\n<p><a href='http:\/\/ski.inmontanis.info\/d\/329582-2\/DSC05524.jpg'><img src=http:\/\/ski.inmontanis.info\/d\/329581-3\/DSC05524.jpg \/><\/a><br \/>\n^ SL+ Fjord in IR<\/p>\n<p><a href='http:\/\/ski.inmontanis.info\/d\/329586-2\/DSC03539.jpg'><img src=http:\/\/ski.inmontanis.info\/d\/329585-3\/DSC03539.jpg \/><\/a><br \/>\n^ Offpistehang links vom SL<\/p>\n<p><a href='http:\/\/ski.inmontanis.info\/d\/329590-2\/DSC03540.jpg'><img src=http:\/\/ski.inmontanis.info\/d\/329589-3\/DSC03540.jpg \/><\/a><br \/>\n^ SL, Offpistehang, Fjord<\/p>\n<p><a href='http:\/\/ski.inmontanis.info\/d\/329594-2\/DSC03541.jpg'><img src=http:\/\/ski.inmontanis.info\/d\/329593-3\/DSC03541.jpg \/><\/a><br \/>\n^ SL, Offpistehang, Fjord<\/p>\n<p><a href='http:\/\/ski.inmontanis.info\/d\/329598-2\/DSC05525.jpg'><img src=http:\/\/ski.inmontanis.info\/d\/329597-3\/DSC05525.jpg \/><\/a><br \/>\n^ SL, Offpistehang, Fjord (IR)<\/p>\n<p><a href='http:\/\/ski.inmontanis.info\/d\/329602-2\/DSC05526.jpg'><img src=http:\/\/ski.inmontanis.info\/d\/329601-3\/DSC05526.jpg \/><\/a><br \/>\n^ SL, Offpistehang, Fjord (IR)<\/p>\n<p><a href='http:\/\/ski.inmontanis.info\/d\/329606-3\/DSC03542.jpg'><img src=http:\/\/ski.inmontanis.info\/d\/329605-3\/DSC03542.jpg \/><\/a><br \/>\n^ Talstation, Parkpl\u00e4tze, Campingplatz etc.<\/p>\n<p><a href='http:\/\/ski.inmontanis.info\/d\/329610-2\/DSC05528.jpg'><img src=http:\/\/ski.inmontanis.info\/d\/329609-3\/DSC05528.jpg \/><\/a><br \/>\n^ R\u00fcckseitenpano Fjord+Meer in IR<\/p>\n<p><a href='http:\/\/ski.inmontanis.info\/d\/329614-3\/DSC05529.jpg'><img src=http:\/\/ski.inmontanis.info\/d\/329613-3\/DSC05529.jpg \/><\/a><br \/>\n^ R\u00fcckseitenpano Fjord+Meer in IR<\/p>\n<p><a href='http:\/\/ski.inmontanis.info\/d\/329618-2\/ge20240329a.jpg'><img src=http:\/\/ski.inmontanis.info\/d\/329617-3\/ge20240329a.jpg \/><\/a><br \/>\n^ GPS-Track 29.3.2024 in Gelb, vorheriger Besuch in Blau<\/p>\n<p>Das Skigebiet erinnert vom Pano her ja stark an Nemrut am Vansee in der T\u00fcrkei, nur dass da eine DSB anstelle eines SL ist:<\/p>\n<p><a href='http:\/\/ski.inmontanis.info\/d\/197181-3\/DSC01319.jpg'><img src=http:\/\/ski.inmontanis.info\/d\/197180-4\/DSC01319.jpg \/><\/a><\/p>\n<p><a href='http:\/\/ski.inmontanis.info\/d\/197157-3\/DSC01317.jpg'><img src=http:\/\/ski.inmontanis.info\/d\/197156-4\/DSC01317.jpg \/><\/a><br \/>\n^ T\u00fcrkei \/ Nemrut, ganzer Bericht von damals:<br \/>\n<a href='http:\/\/blog.inmontanis.info\/?p=3135'>http:\/\/blog.inmontanis.info\/?p=3135<\/a><\/p>\n<p>Kleines Video von heute:<br \/>\n<object style=\"height: 500px; width: 900px\"><param name=\"movie\" value=\"http:\/\/www.youtube.com\/v\/-eYNN-Xnmmk\"><\/param><param name=\"wmode\" value=\"transparent\"><\/param><embed src=\"http:\/\/www.youtube.com\/v\/-eYNN-Xnmmk\" type=\"application\/x-shockwave-flash\" wmode=\"transparent\"  width=\"900\" height=\"480\"><\/embed><\/object><\/p>\n<p>Wettercheck w\u00e4hrend der nachmitt\u00e4glichen Pause: \u00dcberraschenderweise etwas Sonne am Sonntag in Ankenes, das ich eher erst f\u00fcr Montag geplant h\u00e4tte. Zeitgleich neben dem Sonnensymbol aber auch Niederschlag 0-0,5mm pro Stunde, also k\u00f6nnte es auch schlecht werden. Montag zwar nur Bedeckt-Symbole, aber kein Niederschlag. Morgen dagegen \u00fcberall etwas schlechter mit Schneefall und viel Wind; in Riksgr\u00e4nsen mehr Schneefall<\/p>\n<p>Allerdings muss ich ja auch MO+DI bedenken und s\u00fcdlich von Ankenes (Sulitjelma auf dem Weg bzw. dann J\u00e4ckvik in Schweden) wird am MO ja wesentlich st\u00e4rkerer Schneefall gemeldet, d.h. egtl sollte ich erst am MO in Ankenes fahren. F\u00fcr Sandviklia wird morgen zumindest etwas weniger WInd gemeldet als in Steilia oder Gratangen; inwieweit welcher Lift da mehr oder weniger windanf\u00e4llig ist, wei\u00df ich nicht. Der Umweg nur \u00fcber Steilia+Gratangen w\u00e4r jedenfalls etwas k\u00fcrzer als \u00fcber Sandviklia.  <\/p>\n<p>Wobei Sandviklia morgen eh geschlossen haben will, weil sie keine freiweilligen Mitarbeiter gefunden haben. Jetzt, wo sie den Lift repariert haben, ist keiner da, der ihn betreibt am Samstag &#8230; in Rumanien ist es umgekehrt, da ist das Liftpersonal vor Ort, schalte den Lift aber nicht ein, weil zu wenig G\u00e4ste kommen ;)<\/p>\n<p>Noch weniger Auswahl, Steilia hat am SA+SO auch nicht offen in den Osterferien.  Bleibt also nur Gratangsfjellet oder Riksgr\u00e4nsen morgen. Gratangsfjellet soll laut Wetterbericht morgen 9-17 oder 12-18 m\/s Sturm bekommen &#8230;<\/p>\n<p>Nachtplatz auch fraglich. Hier im Skigebiet bleiben (einige Wohnmobile standen frei am Parkplatz und nicht im Campingplatzbereich), zudem recht schr\u00e4g und morgen fr\u00fch die eventuell eisige Stra\u00dfe runterfahren m\u00fcssen? Den Platz von gestern nehmen, der ja recht ruhig war, aber auch ein paar km in die falsche Richutng liegt? Oder weiter in Richtung Narvik fahren, in Harstad zu einem Pizzabakeren gehen und dann noch ein St\u00fcck weiter fahren und irgendwann neben der vielbefahrenen E10 parken, weil zuvor evtl. nix mehr sein wird?  (Harstad sollte man innerhalb 60min durchqueren, weil mehrere Mautstationen, aber innerhalb 60min muss man nur 1x zahlen.)<\/p>\n<p>Auch nicht so geil, zudem hab ich ja morgen fr\u00fch Zeit zum fahren (wenn Gratangsfjellet, weil nur von 11-15 Uhr offen) und w\u00fcrde heut gar nicht viel fahren wollen. Also wieder zum gestrigen Langlaufparkplatz retour gefahren, 2x4km Umweg sind \u00fcberschaubar.<\/p>\n<p>Abends dann also den Elektrobereich freigelegt wegen diesen bl\u00f6den Stromausf\u00e4llen, die Kabel schienen &#8220;leider&#8221; alle gut fest zu sein. Zum Fehlertesten schien es mir mal sinnvoll zu sein, die Standheizung vom Mess-Shunt des Batteriemonitors zu nehmen und direkt an die Batterie anzuschlie\u00dfen. Logischerweise misst der Monitor dann Mist. Das Kabel, das ich als Standheizung angeschrieben hatte, schien aber falsch, da sie nicht ging. Daher ein anderes Kabel genommen, das dann funktionierte. Als ich den Motor startete und das Ladeger\u00e4t aktivierte, die n\u00e4chste \u00dcberraschung: Der Batteriemonitor zeigt nicht an, dass es l\u00e4dt. d.h. der Strom vom Ladeger\u00e4t scheint \u00fcber die gleiche Minusleitung wie die Standheizung zu gehen?! Vielleicht hab ich beim Anschlie\u00dfen des neuen Ladeger\u00e4ts da absichtlich oder unabsichtlich irgendwas falsch gemacht. Nur wieso das in den letzten Tagen zu Stromausf\u00e4llen f\u00fchren sollte?<\/p>\n<p>Jedenfalls hatte ich die n\u00e4chsten 2 Wochen mal keinen Stromausfall mehr.<\/p>\n","protected":false},"excerpt":{"rendered":"<p>Fr, 29.3.2024<\/p>\n<p>Ich fuhr also nur noch 10min ins Skigebiet Sollifjellet, das sich jetzt Sollia nennt, der Lift fuhr bereits vor 10 Uhr, weil Renntraining. Aber immerhin heisst das, dass der Wind nicht zu stark oben sein sollte.<\/p>\n<p>&#128681; Gespeicherte Geolocation &#8211; Karte anzeigen: GoogleMaps &#128681; OSM &#128681;<\/p>\n<p>Seit meinem letzten Besuch haben sie einen <a href=\"http:\/\/blog.inmontanis.info\/?p=9798\">[&#8230;]<\/a><\/p>\n","protected":false},"author":1,"featured_media":9801,"comment_status":"closed","ping_status":"closed","sticky":false,"template":"","format":"standard","meta":{"footnotes":""},"categories":[912,18,27,576],"tags":[90,37,45,47],"class_list":["post-9798","post","type-post","status-publish","format-standard","has-post-thumbnail","hentry","category-2023-09-2024-xx-skandinavien","category-norwegennorway","category-skifahren-winterskiing-winter","category-sollifjellet","tag-infrarot","tag-meer","tag-see","tag-sl","odd"],"_links":{"self":[{"href":"http:\/\/blog.inmontanis.info\/index.php?rest_route=\/wp\/v2\/posts\/9798","targetHints":{"allow":["GET"]}}],"collection":[{"href":"http:\/\/blog.inmontanis.info\/index.php?rest_route=\/wp\/v2\/posts"}],"about":[{"href":"http:\/\/blog.inmontanis.info\/index.php?rest_route=\/wp\/v2\/types\/post"}],"author":[{"embeddable":true,"href":"http:\/\/blog.inmontanis.info\/index.php?rest_route=\/wp\/v2\/users\/1"}],"replies":[{"embeddable":true,"href":"http:\/\/blog.inmontanis.info\/index.php?rest_route=%2Fwp%2Fv2%2Fcomments&post=9798"}],"version-history":[{"count":2,"href":"http:\/\/blog.inmontanis.info\/index.php?rest_route=\/wp\/v2\/posts\/9798\/revisions"}],"predecessor-version":[{"id":9800,"href":"http:\/\/blog.inmontanis.info\/index.php?rest_route=\/wp\/v2\/posts\/9798\/revisions\/9800"}],"wp:featuredmedia":[{"embeddable":true,"href":"http:\/\/blog.inmontanis.info\/index.php?rest_route=\/wp\/v2\/media\/9801"}],"wp:attachment":[{"href":"http:\/\/blog.inmontanis.info\/index.php?rest_route=%2Fwp%2Fv2%2Fmedia&parent=9798"}],"wp:term":[{"taxonomy":"category","embeddable":true,"href":"http:\/\/blog.inmontanis.info\/index.php?rest_route=%2Fwp%2Fv2%2Fcategories&post=9798"},{"taxonomy":"post_tag","embeddable":true,"href":"http:\/\/blog.inmontanis.info\/index.php?rest_route=%2Fwp%2Fv2%2Ftags&post=9798"}],"curies":[{"name":"wp","href":"https:\/\/api.w.org\/{rel}","templated":true}]}}