{"id":9794,"date":"2024-03-28T18:14:47","date_gmt":"2024-03-28T17:14:47","guid":{"rendered":"http:\/\/blog.inmontanis.info\/?p=9794"},"modified":"2024-04-11T18:42:21","modified_gmt":"2024-04-11T16:42:21","slug":"lofoten-stamsund-28-3-2024-weiter-nach-harstad","status":"publish","type":"post","link":"http:\/\/blog.inmontanis.info\/?p=9794","title":{"rendered":"Lofoten \/ Stamsund, 28.3.2024 + weiter nach Harstad"},"content":{"rendered":"<p><strong>Do, 28.3.2024<\/strong><\/p>\n<p>Vormittags musste ich noch die m\u00f6glichen Ziele der n\u00e4chsten Tage durchgehen, wie das Wetter gemeldet wird und was das f\u00fcr Umwege sein w\u00fcrden&#8230; Die Bandbreite liegt zwischen 530 und 900km von Svolv\u00e6r nach J\u00e4ckvik, auch ein Besuch in Ankenes w\u00e4re nochmals \u00fcberlegenswert, da am MO vielleicht Sonne gemeldet wird (gestern ja, heute nicht mehr) und Ankenes laut zweitem Bild nun doch n\u00e4chsten Montag tags\u00fcber statt abends offen haben k\u00f6nnte und auch der 2. SL nun offen ist.<\/p>\n<p>Auch der Lift in Sandviklia w\u00e4re nun repariert (aber eben, das w\u00e4r dann die 900km-Variante). Verglichen mit den Skigebieten hier und Sollifjellet d\u00fcrfte das Fjordpano in Sandviklia, \u00c5nstadbl\u00e5heia und auch Ankenes aber &#8220;langweilig&#8221; sein.<\/p>\n<p>Im Grunde wird derzeit leider \u00fcberall f\u00fcr SA+SO bedeckt gemeldet und nur morgen nochmals richtig sonnig. D.h. falls ich z.B. Sollifjellet fahren m\u00f6chte, sollte ich morgen dort sein. Generell k\u00f6nnte ich auch das gestrige Kongstind nochmals besuchen, wobei ich da ja alles fotografiert hab und die Offpistevarianten heute noch mehr befahren und morgen also noch eisiger sein werden.<\/p>\n<p><a href='http:\/\/extra.inmontanis.info\/d\/103210-2\/DSC03347.jpg'><img src=http:\/\/extra.inmontanis.info\/d\/103209-3\/DSC03347.jpg \/><\/a><br \/>\n^ Svolv\u00e6r-Stamsund<\/p>\n<p>Ich kam dann fast etwas zu sp\u00e4t im Skigebiet Stamsund an, Tageskarte kostete also 400,- (11-16h). die Hauotabfahrt war dank Sonne schon weich, oben aber windig.<\/p>\n<p><a href='http:\/\/ski.inmontanis.info\/d\/329064-3\/ge20240326-28a.jpg'><img src=http:\/\/ski.inmontanis.info\/d\/329063-4\/ge20240326-28a.jpg \/><\/a><br \/>\n^ GPS-Track 26.3.2024 abends in Rosa, 28.3.2024 tags\u00fcber in Gelb<\/p>\n<p><a href='http:\/\/ski.inmontanis.info\/d\/329290-2\/DSC03174.jpg'><img src=http:\/\/ski.inmontanis.info\/d\/329289-3\/DSC03174.jpg \/><\/a><br \/>\n^ Skigebiet Stamsund vom S\u00fcden her (gestriges Foto)<\/p>\n<p><a href='http:\/\/ski.inmontanis.info\/d\/329294-2\/DSC03351.jpg'><img src=http:\/\/ski.inmontanis.info\/d\/329293-3\/DSC03351.jpg \/><\/a><br \/>\n^ Skigebiet Stamsund vom Norden her (rechts oben sieht man den obersten Teil des SL)<\/p>\n<p><a href='http:\/\/ski.inmontanis.info\/d\/329298-2\/DSC03354.jpg'><img src=http:\/\/ski.inmontanis.info\/d\/329297-3\/DSC03354.jpg \/><\/a><br \/>\n^ Skigebiet und Hauptabfahrt<\/p>\n<p><a href='http:\/\/ski.inmontanis.info\/d\/329302-2\/DSC03355.jpg'><img src=http:\/\/ski.inmontanis.info\/d\/329301-3\/DSC03355.jpg \/><\/a><br \/>\n^ Talstation<\/p>\n<p><a href='http:\/\/ski.inmontanis.info\/d\/329306-2\/DSC03358.jpg'><img src=http:\/\/ski.inmontanis.info\/d\/329305-3\/DSC03358.jpg \/><\/a><br \/>\n^ Untere SL-Strecke, Steilhang und rechts im Bild der Bereich, den die Kids selbst bei Dunkelheit ohne Beleuchtung noch fahren<\/p>\n<p><a href='http:\/\/ski.inmontanis.info\/d\/329310-2\/DSC03360.jpg'><img src=http:\/\/ski.inmontanis.info\/d\/329309-3\/DSC03360.jpg \/><\/a><br \/>\n^ Oberer Teil des SL<\/p>\n<p><a href='http:\/\/ski.inmontanis.info\/d\/329314-3\/DSC03362.jpg'><img src=http:\/\/ski.inmontanis.info\/d\/329313-3\/DSC03362.jpg \/><\/a><br \/>\n^ Meerpano von der Bergstation<\/p>\n<p><a href='http:\/\/ski.inmontanis.info\/d\/329318-2\/DSC03366.jpg'><img src=http:\/\/ski.inmontanis.info\/d\/329317-3\/DSC03366.jpg \/><\/a><br \/>\n^ Offpiste immer noch gut heute<\/p>\n<p><a href='http:\/\/ski.inmontanis.info\/d\/329322-3\/DSC03367.jpg'><img src=http:\/\/ski.inmontanis.info\/d\/329321-3\/DSC03367.jpg \/><\/a><br \/>\n^ Steilhang (heute sch\u00f6n weich) und Meer<\/p>\n<p><a href='http:\/\/ski.inmontanis.info\/d\/329326-3\/DSC03368.jpg'><img src=http:\/\/ski.inmontanis.info\/d\/329325-3\/DSC03368.jpg \/><\/a><br \/>\n^ Linke Abfahrt im untersten Teil, bin ich nicht gefahren, schade, zu wenig Schnee.<\/p>\n<p><a href='http:\/\/ski.inmontanis.info\/d\/329330-3\/DSC03369.jpg'><img src=http:\/\/ski.inmontanis.info\/d\/329329-3\/DSC03369.jpg \/><\/a><br \/>\n^ Es gibt weitere Schneisen von der linken Abfahrt, aber pr\u00e4pariert und genug Schnee hat nur die, die an der n\u00e4chsten St\u00fctze rauskommt &#8211; man muss daher bis zu den Leuten runter die SL-Trasse fahren<\/p>\n<p><a href='http:\/\/ski.inmontanis.info\/d\/329334-3\/DSC03373.jpg'><img src=http:\/\/ski.inmontanis.info\/d\/329333-3\/DSC03373.jpg \/><\/a><br \/>\n^ Gipfelbereich<\/p>\n<p><a href='http:\/\/ski.inmontanis.info\/d\/329338-2\/DSC03376.jpg'><img src=http:\/\/ski.inmontanis.info\/d\/329337-3\/DSC03376.jpg \/><\/a><br \/>\n^ R\u00fcckseitenpano<\/p>\n<p><a href='http:\/\/ski.inmontanis.info\/d\/329342-3\/DSC03377.jpg'><img src=http:\/\/ski.inmontanis.info\/d\/329341-3\/DSC03377.jpg \/><\/a><br \/>\n^ R\u00fcckseitenpano<\/p>\n<p><a href='http:\/\/ski.inmontanis.info\/d\/329346-2\/DSC03378.jpg'><img src=http:\/\/ski.inmontanis.info\/d\/329345-3\/DSC03378.jpg \/><\/a><br \/>\n^ R\u00fcckseitenpano<\/p>\n<p><a href='http:\/\/ski.inmontanis.info\/d\/329350-2\/DSC03380.jpg'><img src=http:\/\/ski.inmontanis.info\/d\/329349-3\/DSC03380.jpg \/><\/a><br \/>\n^ Offpiste und Meerblick<\/p>\n<p><a href='http:\/\/ski.inmontanis.info\/d\/329354-2\/DSC03381.jpg'><img src=http:\/\/ski.inmontanis.info\/d\/329353-3\/DSC03381.jpg \/><\/a><br \/>\n^ Oberer Teil, die Abfahrt bin ich nur sehr selten gefahren, meist war ich im Gel\u00e4nde<\/p>\n<p><a href='http:\/\/ski.inmontanis.info\/d\/329358-2\/DSC03382.jpg'><img src=http:\/\/ski.inmontanis.info\/d\/329357-3\/DSC03382.jpg \/><\/a><br \/>\n^ SL und Abfahrt<\/p>\n<p><a href='http:\/\/ski.inmontanis.info\/d\/329362-2\/DSC03383.jpg'><img src=http:\/\/ski.inmontanis.info\/d\/329361-3\/DSC03383.jpg \/><\/a><br \/>\n^ Linke Abfahrt, Start an einem Zwischenausstieg des SL<\/p>\n<p><a href='http:\/\/ski.inmontanis.info\/d\/329366-2\/DSC03384.jpg'><img src=http:\/\/ski.inmontanis.info\/d\/329365-3\/DSC03384.jpg \/><\/a><br \/>\n^ .. und Blick retour zum SL und Meer<\/p>\n<p><a href='http:\/\/ski.inmontanis.info\/d\/329370-2\/DSC03385.jpg'><img src=http:\/\/ski.inmontanis.info\/d\/329369-3\/DSC03385.jpg \/><\/a><br \/>\n^ Linke Abfahrt, die ge\u00f6ffnet ist. Man kann noch weiter raus fahren (z.B. rechts im Bild hier oder weiter unten)<\/p>\n<p><a href='http:\/\/ski.inmontanis.info\/d\/329374-2\/DSC05495.jpg'><img src=http:\/\/ski.inmontanis.info\/d\/329373-3\/DSC05495.jpg \/><\/a><br \/>\n^ Blick aufs Meer und Stamsund in IR<\/p>\n<p><a href='http:\/\/ski.inmontanis.info\/d\/329378-2\/DSC05497.jpg'><img src=http:\/\/ski.inmontanis.info\/d\/329377-3\/DSC05497.jpg \/><\/a><br \/>\n^ R\u00fcckseitenpano in IR<\/p>\n<p><a href='http:\/\/ski.inmontanis.info\/d\/329382-2\/DSC05498.jpg'><img src=http:\/\/ski.inmontanis.info\/d\/329381-3\/DSC05498.jpg \/><\/a><br \/>\n^ R\u00fcckseitenpano in IR<\/p>\n<p><a href='http:\/\/ski.inmontanis.info\/d\/329386-2\/DSC05500.jpg'><img src=http:\/\/ski.inmontanis.info\/d\/329385-3\/DSC05500.jpg \/><\/a><br \/>\n^ R\u00fcckseitenpano in IR<\/p>\n<p><a href='http:\/\/ski.inmontanis.info\/d\/329390-2\/DSC03389.jpg'><img src=http:\/\/ski.inmontanis.info\/d\/329389-3\/DSC03389.jpg \/><\/a><br \/>\n^ R\u00fcckseitenpano aufs offene Meer<\/p>\n<p><a href='http:\/\/ski.inmontanis.info\/d\/329394-2\/DSC03393.jpg'><img src=http:\/\/ski.inmontanis.info\/d\/329393-3\/DSC03393.jpg \/><\/a><br \/>\n^ SL und Meer von dieser Seite offpiste  ..<\/p>\n<p><a href='http:\/\/ski.inmontanis.info\/d\/329398-2\/DSC03398.jpg'><img src=http:\/\/ski.inmontanis.info\/d\/329397-3\/DSC03398.jpg \/><\/a><br \/>\n^ .. auf dieser Seite offpiste leider sehr bruchharschig gewesen<\/p>\n<p><a href='http:\/\/ski.inmontanis.info\/d\/329402-3\/DSC03401.jpg'><img src=http:\/\/ski.inmontanis.info\/d\/329401-3\/DSC03401.jpg \/><\/a><br \/>\n^ Ganz linke Abfahrt<\/p>\n<p><a href='http:\/\/ski.inmontanis.info\/d\/329406-2\/DSC03402.jpg'><img src=http:\/\/ski.inmontanis.info\/d\/329405-3\/DSC03402.jpg \/><\/a><br \/>\n^ Ganz linke Abfahrt, hier liegen leider einige B\u00e4ume quer, es gingen zwar Spuren weiter, aber bevor ich da \u00fcber die B\u00e4ume klettern muss, bin ich lieber nicht gefahren<\/p>\n<p><a href='http:\/\/ski.inmontanis.info\/d\/329410-3\/DSC03403.jpg'><img src=http:\/\/ski.inmontanis.info\/d\/329409-3\/DSC03403.jpg \/><\/a><br \/>\n^ Links der Bereich mit den umgest\u00fcrzten B\u00e4umen, rechts von wo ich gekommen bin<\/p>\n<p><a href='http:\/\/ski.inmontanis.info\/d\/329414-3\/DSC03407.jpg'><img src=http:\/\/ski.inmontanis.info\/d\/329413-3\/DSC03407.jpg \/><\/a><br \/>\n^ Ganz linke Abfahrt<\/p>\n<p><a href='http:\/\/ski.inmontanis.info\/d\/329418-3\/DSC03409.jpg'><img src=http:\/\/ski.inmontanis.info\/d\/329417-3\/DSC03409.jpg \/><\/a><br \/>\n^ Ganz linke Abfahrt, geradeaus k\u00e4me man dann in den schneearmen unteren Bereich, daher links abgebogen und wieder zum SL r\u00fcber<\/p>\n<p><a href='http:\/\/ski.inmontanis.info\/d\/329422-3\/DSC03411.jpg'><img src=http:\/\/ski.inmontanis.info\/d\/329421-3\/DSC03411.jpg \/><\/a><br \/>\n^ Nachmittags zwar hier schattig, aber dr\u00fcben am Festland sind die Berge an der K\u00fcste nun  auch ohne IR gut zu sehen<\/p>\n<p>Und nochmals ein kurzer Videoclip:<br \/>\n<object style=\"height: 500px; width: 900px\"><param name=\"movie\" value=\"http:\/\/www.youtube.com\/v\/zY-lj8P6kss\"><\/param><param name=\"wmode\" value=\"transparent\"><\/param><embed src=\"http:\/\/www.youtube.com\/v\/zY-lj8P6kss\" type=\"application\/x-shockwave-flash\" wmode=\"transparent\"  width=\"900\" height=\"480\"><\/embed><\/object><\/p>\n<p>Nach 20 Abfahrten lt. Tracker h\u00f6rte ich um 15:25 auf, sollte ich morgen Sollifjellet fahren wollen, m\u00fcsste ich heute noch eine F\u00e4hre fahren, die in ca. 3h entfernt liegt und st\u00fcndlich bis 21:30 heute am Feiertag f\u00e4hrt.  GInge auch ohne F\u00e4hre und mit dem bisschen Umweg + Maut vmtl. auch g\u00fcnstiger, aber Stra\u00dfe hinter F\u00e4hre k\u00f6nnte nachts sch\u00f6n ruhig sein (zum Schlafen), die erste F\u00e4hre geht  morgen erst um 8:30\/9:00.<\/p>\n<p>Re-check Wettervorhersagen um 15:30: J\u00e4ckvik am Montag 25mm NIederschlag (Schnee), d.h. da darf ich fr\u00fchstens am DI sein. Spricht auch f\u00fcr Ankenes am MO. <\/p>\n<p><a href='http:\/\/extra.inmontanis.info\/d\/103214-2\/DSC03413.jpg'><img src=http:\/\/extra.inmontanis.info\/d\/103213-3\/DSC03413.jpg \/><\/a><br \/>\n^ .. wieder auf dem Weg in den Norden<\/p>\n<p><a href='http:\/\/extra.inmontanis.info\/d\/103218-2\/DSC03415.jpg'><img src=http:\/\/extra.inmontanis.info\/d\/103217-3\/DSC03415.jpg \/><\/a><br \/>\n^ Sonne und Meer<\/p>\n<p><a href='http:\/\/extra.inmontanis.info\/d\/103222-2\/DSC03418.jpg'><img src=http:\/\/extra.inmontanis.info\/d\/103221-3\/DSC03418.jpg \/><\/a><br \/>\n^ Sonne und Meer<\/p>\n<p><a href='http:\/\/extra.inmontanis.info\/d\/103226-2\/DSC03419.jpg'><img src=http:\/\/extra.inmontanis.info\/d\/103225-3\/DSC03419.jpg \/><\/a><br \/>\n^ Sonne und Meer<\/p>\n<p><a href='http:\/\/extra.inmontanis.info\/d\/103230-2\/DSC05502.jpg'><img src=http:\/\/extra.inmontanis.info\/d\/103229-3\/DSC05502.jpg \/><\/a><br \/>\n^ Meer und Festland gegen\u00fcber in IR<\/p>\n<p><a href='http:\/\/extra.inmontanis.info\/d\/103234-2\/DSC05509.jpg'><img src=http:\/\/extra.inmontanis.info\/d\/103233-3\/DSC05509.jpg \/><\/a><br \/>\n^ Meer, K\u00fcste, IR<\/p>\n<p>Heut Nachmittag musste ich bei unversch\u00e4mtesten 25,57 NOK (2,19 \u20ac !!) tanken, aber nur 5l. und ich meine es waren noch 2 oder 3,- weniger, als ich in die Tankstelle reingefahren bin. Leider die n\u00e4chste mit 24,86 auch nicht viel g\u00fcnstiger, aber ich brauchte wohl nochmals ein paar Liter. <\/p>\n<p><a href='http:\/\/extra.inmontanis.info\/d\/103238-2\/DSC03425.jpg'><img src=http:\/\/extra.inmontanis.info\/d\/103237-3\/DSC03425.jpg \/><\/a><br \/>\n^ E10 Lofoten-Narvik<\/p>\n<p><a href='http:\/\/extra.inmontanis.info\/d\/103242-2\/DSC03427.jpg'><img src=http:\/\/extra.inmontanis.info\/d\/103241-3\/DSC03427.jpg \/><\/a><br \/>\n^ E10 Lofoten-Narvik<\/p>\n<p><a href='http:\/\/extra.inmontanis.info\/d\/103246-2\/DSC03431.jpg'><img src=http:\/\/extra.inmontanis.info\/d\/103245-3\/DSC03431.jpg \/><\/a><br \/>\n^ Raftsundet, ich hatte heute leider keine Lust am Ende der Br\u00fccke anzuhalten und f\u00fcr sch\u00f6ne Fotos auf der Br\u00fccke zu wandern<\/p>\n<p><a href='http:\/\/extra.inmontanis.info\/d\/103250-2\/DSC03432.jpg'><img src=http:\/\/extra.inmontanis.info\/d\/103249-3\/DSC03432.jpg \/><\/a><br \/>\n^ Raftsundet, ich hatte heute leider keine Lust am Ende der Br\u00fccke anzuhalten und f\u00fcr sch\u00f6ne Fotos auf der Br\u00fccke zu wandern<\/p>\n<p><a href='http:\/\/extra.inmontanis.info\/d\/103254-2\/DSC03437.jpg'><img src=http:\/\/extra.inmontanis.info\/d\/103253-3\/DSC03437.jpg \/><\/a><br \/>\n^ E10 Lofoten-Narvik<\/p>\n<p><a href='http:\/\/extra.inmontanis.info\/d\/103258-2\/DSC03438.jpg'><img src=http:\/\/extra.inmontanis.info\/d\/103257-3\/DSC03438.jpg \/><\/a><br \/>\n^ E10 Lofoten-Narvik<\/p>\n<p><a href='http:\/\/extra.inmontanis.info\/d\/103154-2\/DSC03442.jpg'><img src=http:\/\/extra.inmontanis.info\/d\/103153-3\/DSC03442.jpg \/><\/a><br \/>\n^ \u00dcberall wird hier mal wieder an diesem neuen H\u00e5logalandsvegen gebaut, man muss sich wundern, dass noch keine Mautstationen aufgestellt wurden, wie es sonst oft gleich mit Beginn von gro\u00dfen Stra\u00dfenbauarbeiten der Fall ist. Wird sicher bald kommen :(<\/p>\n<p><a href='http:\/\/extra.inmontanis.info\/d\/103158-2\/DSC03443.jpg'><img src=http:\/\/extra.inmontanis.info\/d\/103157-3\/DSC03443.jpg \/><\/a><br \/>\n^ Gullesfjord-Flesnes<\/p>\n<p><a href='http:\/\/extra.inmontanis.info\/d\/103162-2\/DSC03445.jpg'><img src=http:\/\/extra.inmontanis.info\/d\/103161-3\/DSC03445.jpg \/><\/a><br \/>\n^ Gullesfjord-Flesnes<\/p>\n<p><a href='http:\/\/extra.inmontanis.info\/d\/103166-2\/DSC03446.jpg'><img src=http:\/\/extra.inmontanis.info\/d\/103165-3\/DSC03446.jpg \/><\/a><br \/>\n^ Gullesfjord-Flesnes<\/p>\n<p><a href='http:\/\/extra.inmontanis.info\/d\/103170-2\/DSC03451.jpg'><img src=http:\/\/extra.inmontanis.info\/d\/103169-3\/DSC03451.jpg \/><\/a><br \/>\n^ Gullesfjord-Flesnes<\/p>\n<p><a href='http:\/\/extra.inmontanis.info\/d\/103174-2\/DSC03452.jpg'><img src=http:\/\/extra.inmontanis.info\/d\/103173-3\/DSC03452.jpg \/><\/a><br \/>\n^ F\u00e4hre Flesnes-Refsnes<\/p>\n<p><a href='http:\/\/extra.inmontanis.info\/d\/103178-2\/DSC03454.jpg'><img src=http:\/\/extra.inmontanis.info\/d\/103177-3\/DSC03454.jpg \/><\/a><br \/>\n^ F\u00e4hre Flesnes-Refsnes<\/p>\n<p><a href='http:\/\/extra.inmontanis.info\/d\/103182-2\/DSC03456.jpg'><img src=http:\/\/extra.inmontanis.info\/d\/103181-3\/DSC03456.jpg \/><\/a><br \/>\n^ F\u00e4hre Flesnes-Refsnes<\/p>\n<p><a href='http:\/\/extra.inmontanis.info\/d\/103186-2\/DSC03459.jpg'><img src=http:\/\/extra.inmontanis.info\/d\/103185-3\/DSC03459.jpg \/><\/a><br \/>\n^ F\u00e4hre Flesnes-Refsnes<\/p>\n<p><a href='http:\/\/extra.inmontanis.info\/d\/103190-2\/DSC03461.jpg'><img src=http:\/\/extra.inmontanis.info\/d\/103189-3\/DSC03461.jpg \/><\/a><br \/>\n^ F\u00e4hre Flesnes-Refsnes<\/p>\n<p><a href='http:\/\/extra.inmontanis.info\/d\/103194-2\/DSC03462.jpg'><img src=http:\/\/extra.inmontanis.info\/d\/103193-3\/DSC03462.jpg \/><\/a><br \/>\n^ F\u00e4hre Flesnes-Refsnes<\/p>\n<p>Leider ist der Parkplatz auf der anderen F\u00e4hrhafenseite jetzt eine Stromtankstelle, d.h. man m\u00fcsste dann direkt neben der Stra\u00dfe stehen bleiben, was vmtl. auch OK w\u00e4r, da ja keine F\u00e4hre nachts geht, aber ich hatte trotzdem keine Lust und fuhr noch zum Langlaufparkplatz kurz vor dem Skigebiet Sollifjellet. Vor 23 Uhr stellte ich dann noch den Troms\u00f8-Bericht online.<\/p>\n<p><a href='http:\/\/extra.inmontanis.info\/d\/103198-2\/DSC03466.jpg'><img src=http:\/\/extra.inmontanis.info\/d\/103197-3\/DSC03466.jpg \/><\/a><br \/>\n^ Refsnes-Harstad<\/p>\n<p><a href='http:\/\/extra.inmontanis.info\/d\/103202-2\/DSC03469.jpg'><img src=http:\/\/extra.inmontanis.info\/d\/103201-3\/DSC03469.jpg \/><\/a><br \/>\n^ Refsnes-Harstad<\/p>\n<p><a href='http:\/\/extra.inmontanis.info\/d\/103206-2\/ge20240326-28e.jpg'><img src=http:\/\/extra.inmontanis.info\/d\/103205-3\/ge20240326-28e.jpg \/><\/a><br \/>\n^ Lage der Skigebiete im Bereich Riksgr\u00e4nsen\/Narvik und Harstad \/ Lofoten<\/p>\n<p>Der Satz &#8220;morgen ist 5 Minuten k\u00e4lter als heute&#8221; ergibt als Standheizungsbesitzer beim Stellen der Zeitschaltuhr ja durchaus Sinn ;)<\/p>\n<p>Das mit den Stromausf\u00e4llen nervt jetzt aber &#8211; diemsal war es \u00fcber Nacht und hat nicht nur den hinteren Bereich erwischt, sondern auch die Standheizung zur\u00fcckgesetzt, somit hatte sich die Standheizung morgens nicht eingeschaltet :( Und als ich sie h\u00e4ndisch einschaltete, war nach ca. 1 Minute der Strom ganz weg f\u00fcr mehrere Sekunden, bevor er wieder kam  Da werd ich wohl mal schaun m\u00fcssen, ob die Kabel noch richtig sitzen?!  Oder mal den Batteriemonitor entfernen und wieder alles direkt anschlie\u00dfen alles..<\/p>\n<p>Der PC blieb dann jedenfalls an am Vormittag.<\/p>\n","protected":false},"excerpt":{"rendered":"<p>Do, 28.3.2024<\/p>\n<p>Vormittags musste ich noch die m\u00f6glichen Ziele der n\u00e4chsten Tage durchgehen, wie das Wetter gemeldet wird und was das f\u00fcr Umwege sein w\u00fcrden&#8230; Die Bandbreite liegt zwischen 530 und 900km von Svolv\u00e6r nach J\u00e4ckvik, auch ein Besuch in Ankenes w\u00e4re nochmals \u00fcberlegenswert, da am MO vielleicht Sonne gemeldet wird (gestern ja, heute nicht <a href=\"http:\/\/blog.inmontanis.info\/?p=9794\">[&#8230;]<\/a><\/p>\n","protected":false},"author":1,"featured_media":9796,"comment_status":"closed","ping_status":"closed","sticky":false,"template":"","format":"standard","meta":{"footnotes":""},"categories":[912,601,18,27],"tags":[90,37,45,47],"class_list":["post-9794","post","type-post","status-publish","format-standard","has-post-thumbnail","hentry","category-2023-09-2024-xx-skandinavien","category-lofoten","category-norwegennorway","category-skifahren-winterskiing-winter","tag-infrarot","tag-meer","tag-see","tag-sl","odd"],"_links":{"self":[{"href":"http:\/\/blog.inmontanis.info\/index.php?rest_route=\/wp\/v2\/posts\/9794","targetHints":{"allow":["GET"]}}],"collection":[{"href":"http:\/\/blog.inmontanis.info\/index.php?rest_route=\/wp\/v2\/posts"}],"about":[{"href":"http:\/\/blog.inmontanis.info\/index.php?rest_route=\/wp\/v2\/types\/post"}],"author":[{"embeddable":true,"href":"http:\/\/blog.inmontanis.info\/index.php?rest_route=\/wp\/v2\/users\/1"}],"replies":[{"embeddable":true,"href":"http:\/\/blog.inmontanis.info\/index.php?rest_route=%2Fwp%2Fv2%2Fcomments&post=9794"}],"version-history":[{"count":2,"href":"http:\/\/blog.inmontanis.info\/index.php?rest_route=\/wp\/v2\/posts\/9794\/revisions"}],"predecessor-version":[{"id":9797,"href":"http:\/\/blog.inmontanis.info\/index.php?rest_route=\/wp\/v2\/posts\/9794\/revisions\/9797"}],"wp:featuredmedia":[{"embeddable":true,"href":"http:\/\/blog.inmontanis.info\/index.php?rest_route=\/wp\/v2\/media\/9796"}],"wp:attachment":[{"href":"http:\/\/blog.inmontanis.info\/index.php?rest_route=%2Fwp%2Fv2%2Fmedia&parent=9794"}],"wp:term":[{"taxonomy":"category","embeddable":true,"href":"http:\/\/blog.inmontanis.info\/index.php?rest_route=%2Fwp%2Fv2%2Fcategories&post=9794"},{"taxonomy":"post_tag","embeddable":true,"href":"http:\/\/blog.inmontanis.info\/index.php?rest_route=%2Fwp%2Fv2%2Ftags&post=9794"}],"curies":[{"name":"wp","href":"https:\/\/api.w.org\/{rel}","templated":true}]}}