{"id":978,"date":"2009-11-07T23:59:54","date_gmt":"2009-11-07T22:59:54","guid":{"rendered":"http:\/\/blog.inmontanis.info\/?p=978"},"modified":"2015-07-15T19:20:03","modified_gmt":"2015-07-15T17:20:03","slug":"nurnberg-good-bye-quelle-kaufhaus-7-11-2009","status":"publish","type":"post","link":"http:\/\/blog.inmontanis.info\/?p=978","title":{"rendered":"N\u00fcrnberg: Good-bye Quelle-Kaufhaus, 7.11.2009"},"content":{"rendered":"<p>Man ist ja bekanntlich ein wenig Stolz auf die Firmen, die aus seiner Heimatstadt bzw. Heimatregion kommen, und dazu z\u00e4hlt(e) f\u00fcr uns N\u00fcrnberger und F\u00fcrther sicher auch der Quelle Versand.<\/p>\n<p>Das Traditionsunternehmen ging vor kurzem in Konkurs, am 1.11. begann der Ausverkauf im Internet. <\/p>\n<p>Die wenigsten werden vermutlich wissen, dass Quelle in N\u00fcrnberg und F\u00fcrth ein Kaufhaus hatte (Gr\u00f6\u00dfenordnung mit Kaufhof\/Karstadt zu vergleichen), und Kaufh\u00e4user haben uns Kinder der 70\/80er wohl mindestens \u00e4hnlich gepr\u00e4gt wie Einkaufszentren die heutige Generation. Lasst mich also zum Abschied ein paar Worte dar\u00fcber verlieren.<\/p>\n<p>In den 80ern gab es in N\u00fcrnberg etliche gro\u00dfe Kaufh\u00e4user:<\/p>\n<p>KWT &#8211; Kaufhaus Wei\u00dfer Turm. Wurde bereits in den 80ern vom nebenan liegenden Modehaus W\u00f6hrl aufgekauft, danach wurde das Sortiment umgestellt bzw. wurden aus den beiden Geb\u00e4uden eins. Geschichtliches dazu: <a href='http:\/\/www.nz-online.de\/artikel.asp?art=1052301&#038;kat=317'>http:\/\/www.nz-online.de\/artikel.asp?art=1052301&#038;kat=317<\/a><\/p>\n<p>Hertie &#8211; gegen\u00fcber dem Kaufhof, wurde in den 90ern geschlossen bzw. in ein Einkaufszentrum verwandelt<\/p>\n<p>Kaufhof &#8211; existiert auch heute noch<\/p>\n<p>Karstadt &#8211; existiert auch heute noch. Inbegriff des exklusiveren, Technikm\u00e4\u00dfig gab&#8217;s allerdings oft Dinge, die es in anderen Kaufh\u00e4usern nicht gab, z.B. farbige Plotter-Stifte oder Thermopapier f\u00fcr die kleinen tragbaren Sharp-Drucker.<\/p>\n<p>Horten &#8211; war f\u00fcr mich immer etwas abgelegen in der N\u00fcrnberger S\u00fcdstadt, ob es den aktuell noch gibt und ob das noch wie fr\u00fcher ist, hab ich keine Ahnung, glaub mich aber an einen Ausverkauf zu erinnern&#8230;<\/p>\n<p>Und: das Quelle-Kaufhaus n\u00e4he der Stadtgrenze zu F\u00fcrth, gegen\u00fcber der AEG (die ja in den sp\u00e4ten 90ern? ebenfalls stillgelegt wurden)<\/p>\n<p>Der Quelle-Versand wurde ja von Hrn. Schickedanz aus F\u00fcrth gegr\u00fcndet, seine Frau f\u00fchrte jahrelang das Unternehmen, irgendwann in neuester Zeit ist mit Karstadt fusioniert ist), zum Schickedanz-Konzern geh\u00f6rte in den 80ern \u00fcbrigens auch die Marke &#8220;Tempo&#8221;, die ihren Firmensitz (und vmtl. auch einen Gro\u00df?teil der Produktion) in N\u00fcrnberg in der Bayreuther Stra\u00dfe hatte. Kann mich noch gut an die sch\u00f6ne blaue Leuchtreklame erinnern&#8230;<\/p>\n<p>Au\u00dfer dem Quelle-Versand gab&#8217;s dann irgendwann noch M\u00f6belquelle und Apollo-Optik (heute Pearl), Foto Quelle, einen Gro\u00dfmarkt (SB\/Selgro\u00df oder so), ein 2.-Wahl-Shop, und eine Bank hatten&#8217;s doch auch mal?<\/p>\n<p>Da ich am Samstag, 7.11., kurz in den Conrad wollte und der ja seit einigen Jahren quasi gegen\u00fcber vom Quelle-Kaufhaus ist (fr\u00fcher war der Conrad ja in der N\u00e4he vom Pl\u00e4rrer), musste ich aufgrund der aktuellen Situation auch r\u00fcber in die Quelle schauen und wollte noch ein paar Bilder machen &#8211; wer wei\u00df, was aus dem Geb\u00e4ude wird&#8230;<\/p>\n<p>Jedenfalls war alles schon ziemlich leer (obwohl man bis 31.12. mit st\u00e4ndig neuen Produkten offen halten will) und es war eine recht d\u00fcstere, z.T. chaotische Endzeit-Stimmung.<\/p>\n<p><a href='http:\/\/extra.inmontanis.info\/d\/3008-2\/IMG_0114.JPG'><img src=http:\/\/extra.inmontanis.info\/d\/3005-3\/IMG_0114.JPG \/><\/a><br \/>\n^ Schon von weitem sichtbar: Der Quelle-Turm<\/p>\n<p><a href='http:\/\/extra.inmontanis.info\/d\/3012-2\/IMG_0126.JPG'><img src=http:\/\/extra.inmontanis.info\/d\/3010-3\/IMG_0126.JPG \/><\/a><br \/>\n^ Quelle Kaufhaus in N\u00fcrnberg an der F\u00fcrther Stra\u00dfe. <\/p>\n<p><a href='http:\/\/extra.inmontanis.info\/d\/3016-2\/IMG_0116.JPG'><img src=http:\/\/extra.inmontanis.info\/d\/3014-3\/IMG_0116.JPG \/><\/a><br \/>\n^ Der Versand-Trackt, hier konnte man durch die Fenster von der Stra\u00dfe gegen\u00fcber Pakete am Band entlang rollen sehen<\/p>\n<p><a href='http:\/\/extra.inmontanis.info\/d\/3020-2\/IMG_0117.JPG'><img src=http:\/\/extra.inmontanis.info\/d\/3018-3\/IMG_0117.JPG \/><\/a><br \/>\n^ Das Untergeschoss ist bereits leer ger\u00e4umt und abgesperrt<\/p>\n<p><a href='http:\/\/extra.inmontanis.info\/d\/3024-2\/IMG_0118.JPG'><img src=http:\/\/extra.inmontanis.info\/d\/3022-3\/IMG_0118.JPG \/><\/a><br \/>\n^ Im EG, mit Aufz\u00fcgen. Hinten rechts war eigentlich lange Jahre ein Edeka-Supermarkt, d\u00fcrfte noch nicht allzu lang weg sein<\/p>\n<p><a href='http:\/\/extra.inmontanis.info\/d\/3028-2\/IMG_0119.JPG'><img src=http:\/\/extra.inmontanis.info\/d\/3026-3\/IMG_0119.JPG \/><\/a><br \/>\n^ Bekleidungsabteilung 1. Stock, schon ziemlich leer ger\u00e4umt<\/p>\n<p><a href='http:\/\/extra.inmontanis.info\/d\/3032-2\/IMG_0120.JPG'><img src=http:\/\/extra.inmontanis.info\/d\/3030-3\/IMG_0120.JPG \/><\/a><br \/>\n^ Bekleidungsabteilung 1. Stock, schon ziemlich leer ger\u00e4umt (man sieht nur ca. 1\/8 der gesamten Fl\u00e4che)<\/p>\n<p><a href='http:\/\/extra.inmontanis.info\/d\/3036-2\/IMG_0121.JPG'><img src=http:\/\/extra.inmontanis.info\/d\/3034-3\/IMG_0121.JPG \/><\/a><br \/>\n^ 1. OG<\/p>\n<p><a href='http:\/\/extra.inmontanis.info\/d\/3040-2\/IMG_0122.JPG'><img src=http:\/\/extra.inmontanis.info\/d\/3038-3\/IMG_0122.JPG \/><\/a><br \/>\n^ Technikabteilung 2. OG, ziemlich leer ger\u00e4umt (Wei\u00dfware gegen\u00fcber war noch in ausreichender Menge vorhanden)<\/p>\n<p><a href='http:\/\/extra.inmontanis.info\/d\/3044-2\/IMG_0123.JPG'><img src=http:\/\/extra.inmontanis.info\/d\/3042-3\/IMG_0123.JPG \/><\/a><br \/>\n^ Schn\u00e4ppchenmarkt im EG<\/p>\n<p><a href='http:\/\/extra.inmontanis.info\/d\/3048-2\/IMG_0124.JPG'><img src=http:\/\/extra.inmontanis.info\/d\/3046-3\/IMG_0124.JPG \/><\/a><br \/>\n^ EG<\/p>\n<p><a href='http:\/\/extra.inmontanis.info\/d\/3052-2\/IMG_0125.JPG'><img src=http:\/\/extra.inmontanis.info\/d\/3050-3\/IMG_0125.JPG \/><\/a><br \/>\n^ Hunderte Uhren um 5,- pro St\u00fcck inkl. Ersatzbatterie<\/p>\n<p>Hab mir 2 Uhren gekauft (eigentlich weil ich Uhrb\u00e4nder gebraucht hatte, aber die gefallen mir eh ganz gut jetzt :) ) und eine Winterjacke um 19,-, Hosen und Schuhe hatten&#8217;s leider nix passendes f\u00fcr mich da. <\/p>\n<p>Kurzer, weiterf\u00fchrender Link zum Thema Kaufh\u00e4user in N\u00fcrnberg: <a href='http:\/\/www.nn-online.de\/artikel.asp?art=943372&#038;kat=5&#038;man=3'>http:\/\/www.nn-online.de\/artikel.asp?art=943372&#038;kat=5&#038;man=3<\/a><\/p>\n","protected":false},"excerpt":{"rendered":"<p>Man ist ja bekanntlich ein wenig Stolz auf die Firmen, die aus seiner Heimatstadt bzw. Heimatregion kommen, und dazu z\u00e4hlt(e) f\u00fcr uns N\u00fcrnberger und F\u00fcrther sicher auch der Quelle Versand.<\/p>\n<p>Das Traditionsunternehmen ging vor kurzem in Konkurs, am 1.11. begann der Ausverkauf im Internet. <\/p>\n<p>Die wenigsten werden vermutlich wissen, dass Quelle in N\u00fcrnberg und <a href=\"http:\/\/blog.inmontanis.info\/?p=978\">[&#8230;]<\/a><\/p>\n","protected":false},"author":1,"featured_media":0,"comment_status":"open","ping_status":"closed","sticky":false,"template":"","format":"standard","meta":{"footnotes":""},"categories":[12,8],"tags":[],"class_list":["post-978","post","type-post","status-publish","format-standard","hentry","category-germany","category-private","odd"],"_links":{"self":[{"href":"http:\/\/blog.inmontanis.info\/index.php?rest_route=\/wp\/v2\/posts\/978","targetHints":{"allow":["GET"]}}],"collection":[{"href":"http:\/\/blog.inmontanis.info\/index.php?rest_route=\/wp\/v2\/posts"}],"about":[{"href":"http:\/\/blog.inmontanis.info\/index.php?rest_route=\/wp\/v2\/types\/post"}],"author":[{"embeddable":true,"href":"http:\/\/blog.inmontanis.info\/index.php?rest_route=\/wp\/v2\/users\/1"}],"replies":[{"embeddable":true,"href":"http:\/\/blog.inmontanis.info\/index.php?rest_route=%2Fwp%2Fv2%2Fcomments&post=978"}],"version-history":[{"count":2,"href":"http:\/\/blog.inmontanis.info\/index.php?rest_route=\/wp\/v2\/posts\/978\/revisions"}],"predecessor-version":[{"id":980,"href":"http:\/\/blog.inmontanis.info\/index.php?rest_route=\/wp\/v2\/posts\/978\/revisions\/980"}],"wp:attachment":[{"href":"http:\/\/blog.inmontanis.info\/index.php?rest_route=%2Fwp%2Fv2%2Fmedia&parent=978"}],"wp:term":[{"taxonomy":"category","embeddable":true,"href":"http:\/\/blog.inmontanis.info\/index.php?rest_route=%2Fwp%2Fv2%2Fcategories&post=978"},{"taxonomy":"post_tag","embeddable":true,"href":"http:\/\/blog.inmontanis.info\/index.php?rest_route=%2Fwp%2Fv2%2Ftags&post=978"}],"curies":[{"name":"wp","href":"https:\/\/api.w.org\/{rel}","templated":true}]}}