{"id":9774,"date":"2024-03-24T19:28:57","date_gmt":"2024-03-24T18:28:57","guid":{"rendered":"http:\/\/blog.inmontanis.info\/?p=9774"},"modified":"2024-03-30T19:49:36","modified_gmt":"2024-03-30T18:49:36","slug":"malselv-24-3-2024","status":"publish","type":"post","link":"http:\/\/blog.inmontanis.info\/?p=9774","title":{"rendered":"M\u00e5lselv, 24.3.2024"},"content":{"rendered":"<p><strong>So, 24.3.2024<\/strong><\/p>\n<p>Wie man sich morgens die Stimmung verdirbt: Wettervorhersagen checken. Mal wieder ganz anders und viel schlechter und viel weniger Sonne. Nun Morgen ganztags Schnee in Ankenes, nicht Abends etwas Sonne, nicht mehr von DI-DO nachmittags sehr sonnig in den Fjordskigebieten, mittlerweile nur noch f\u00fcr MI sonnig gemeldet.<\/p>\n<p>Geplant hatte ich gestern Abend f\u00fcr heute M\u00e5lselv und morgen Abend Ankenes, aber wenn ich morgen wetterbedingt Malselv fahren sollte, m\u00fcsste ich doch heute Steilia und dann wieder retour?!<\/p>\n<p>Nun w\u00e4re heute (au\u00dfer am MI) am sonnigsten in Ankenes gemeldet, aber da komm ich jetzt zu sp\u00e4t an. Morgen und \u00dcbermorgen w\u00e4r laut aktuellen Vorhersagen aber unlohnenswert, danach w\u00e4re aber der Umweg gr\u00f6\u00dfer.<\/p>\n<p>Da der Umweg von Steilia retour nach Malselv fast ident zum Umweg nach Riksgr\u00e4nsen ist (wo aber ja meine Saisonkarte gilt), fuhr ich heut doch M\u00e5lselv. Die beiden \u00e4u\u00dferen Abfahrten sollen laut Schneebericht zu sein bzw. auf eigene Gefahr fahrbar. Bei Ankunft schienen sie aber doch mehr oder weniger pr\u00e4pariert.<\/p>\n<p><a href='http:\/\/extra.inmontanis.info\/d\/102954-2\/DSC02731.jpg'><img src=http:\/\/extra.inmontanis.info\/d\/102953-3\/DSC02731.jpg \/><\/a><br \/>\n^ Erstmals diese Nutella-Alternative in der Quetschtube gekauft, aber das spanische Nocilla oder wie das hie\u00df, ist besser und dem Nutella \u00e4hnlicher.<\/p>\n<p>Mitte Januar auf dem Weg nach Stranda hatte ja mein Navi-Radio gestreikt wg. \u00dcberhitzung. Seitdem ist das nicht mehr vorgekommen, egal wie hei\u00df ich geheitzt und wie lang ich gefahren bin. Bis heute, bei dem eher kurzen Weg vom Nachtplatz nach Malselv, kam das Problem wieder.<\/p>\n<p>Skibetrieb hier momentan von 10:30-18:00 (gestern -20:00), Tageskarte kostet (online, verg\u00fcnstigt) 420,-, 3h 360,-, 2h 310,-, 1h 220,-, also die Tageskarte noch unter 40 \u20ac, somit gekauft.<\/p>\n<p>Ich hatte keine Zeit zum Nachsehen, aber ich denke, dass das Skigebiet recht neu ist, alle Lifte wurden von LST gebaut. Auf der anderen Seite des Beckens gab es fr\u00fcher ein Skigebiet, das aber schon \u00fcber 10 Jahre stillgelegt ist &#8211; schon ca. 2013 sah ich mich da mal um, entdeckte aber keinen Lift mehr.<\/p>\n<p>Die Abfahrten waren dann doch ganz nett, mit Ausnahme der Schiebeteile und dass vieles im Plan eher Phantomvarianten sind, die nicht ausgeschildert und somit kaum zu finden\/erkennen sind. V\u00e4rmestuga gibts wohl keine  und das SB-Restaurant ist f\u00fcr meine Verh\u00e4ltnisse zu teuer.<\/p>\n<p>Gleich nach einer meiner ersten Abfahrten lagen 2 Leute kurz nach dem Anb\u00fcgeln am Boden, der eine schien etwas mehr Schmerzen zu haben. Keine Ahnung ob wegen dem, aber sp\u00e4ter kam der Krankenwagen und noch viel sp\u00e4ter kam ein Hubschrauber!? Leider musste f\u00fcr den der Lift eingestellt werden, sogar als er noch hoch in der Luft war. Aber nicht, als er dann am Boden war.<\/p>\n<p><a href='http:\/\/ski.inmontanis.info\/d\/328656-2\/DSC02740.jpg'><img src=http:\/\/ski.inmontanis.info\/d\/328654-3\/DSC02740.jpg \/><\/a><br \/>\n^ Zufahrt ins Skigebiet<\/p>\n<p><a href='http:\/\/ski.inmontanis.info\/d\/328660-2\/DSC02744.jpg'><img src=http:\/\/ski.inmontanis.info\/d\/328659-3\/DSC02744.jpg \/><\/a><br \/>\n^ Unterer SL mit den Abfahrten 2+3, eigentlich sch\u00f6n schmal und nicht italienisch totmodelliert<\/p>\n<p><a href='http:\/\/ski.inmontanis.info\/d\/328664-2\/DSC02745.jpg'><img src=http:\/\/ski.inmontanis.info\/d\/328663-3\/DSC02745.jpg \/><\/a><br \/>\n^ Pistenplan; die dortige L\u00e4ngenangabe vom unteren Lift ist aber falsch, vmtl. sollten da 1399m statt 1939m stehen. Die Abfahrten 11,13,16,17 sind wohl Freeride; 9 ist der Funpark<\/p>\n<p><a href='http:\/\/ski.inmontanis.info\/d\/328668-2\/DSC02747.jpg'><img src=http:\/\/ski.inmontanis.info\/d\/328667-3\/DSC02747.jpg \/><\/a><br \/>\n^ Unterer SL im oberen Bereich<\/p>\n<p><a href='http:\/\/ski.inmontanis.info\/d\/328672-2\/DSC02749.jpg'><img src=http:\/\/ski.inmontanis.info\/d\/328671-3\/DSC02749.jpg \/><\/a><br \/>\n^ Unterer SL mit den Abfahrten 3+6<\/p>\n<p><a href='http:\/\/ski.inmontanis.info\/d\/328676-2\/DSC02751.jpg'><img src=http:\/\/ski.inmontanis.info\/d\/328675-3\/DSC02751.jpg \/><\/a><br \/>\n^ Zoom vom unteren SL zu den oberen Tellerliften<\/p>\n<p><a href='http:\/\/ski.inmontanis.info\/d\/328680-2\/DSC02761.jpg'><img src=http:\/\/ski.inmontanis.info\/d\/328679-3\/DSC02761.jpg \/><\/a><br \/>\n^ Die Abfahrten 2+3 am unteren SL umfahren hier in der Mitte einen Felsbereich, ansonsten sind sie parallel zum Lift<\/p>\n<p><a href='http:\/\/ski.inmontanis.info\/d\/328684-2\/DSC02763.jpg'><img src=http:\/\/ski.inmontanis.info\/d\/328683-3\/DSC02763.jpg \/><\/a><br \/>\n^ Verbindungsweg 10 vom unteren SL zu den oberen Liften<\/p>\n<p><a href='http:\/\/ski.inmontanis.info\/d\/328688-2\/DSC02764.jpg'><img src=http:\/\/ski.inmontanis.info\/d\/328687-3\/DSC02764.jpg \/><\/a><br \/>\n^ Oberer Tellerlift, alle 3 Lifte sind von LST<\/p>\n<p><a href='http:\/\/ski.inmontanis.info\/d\/328692-2\/DSC02765.jpg'><img src=http:\/\/ski.inmontanis.info\/d\/328691-3\/DSC02765.jpg \/><\/a><br \/>\n^ Bergstation oberer Tellerlift<\/p>\n<p><a href='http:\/\/ski.inmontanis.info\/d\/328696-2\/DSC02766.jpg'><img src=http:\/\/ski.inmontanis.info\/d\/328695-3\/DSC02766.jpg \/><\/a><br \/>\n^ Oberer Tellerlift<\/p>\n<p><a href='http:\/\/ski.inmontanis.info\/d\/328700-2\/DSC02772.jpg'><img src=http:\/\/ski.inmontanis.info\/d\/328699-3\/DSC02772.jpg \/><\/a><br \/>\n^ Zoom Flughafen und dahinter das ehemalige Skigebiet<\/p>\n<p><a href='http:\/\/ski.inmontanis.info\/d\/328704-3\/ge20240324d.jpg'><img src=http:\/\/ski.inmontanis.info\/d\/328703-4\/ge20240324d.jpg \/><\/a><br \/>\n^ Vor einigen Jahren hab ich mir das ehemalige Skigebiet gegen\u00fcber ja mal angesehen, Reste waren keine, links war wohl eine Stromtrasse, Talstation und Bergstation unbekannt, aber die Trasse d\u00fcrfte der magentafarbene Strich gewesen sein; am unteren Ende des Strichs waren wohl die Parkpl\u00e4tze<\/p>\n<p><a href='http:\/\/ski.inmontanis.info\/d\/328708-3\/DSC02769.jpg'><img src=http:\/\/ski.inmontanis.info\/d\/328707-4\/DSC02769.jpg \/><\/a><br \/>\n^ Au\u00dfenrumabfahrt 1 von der Bergstation des oberen SL zur Talstation des unteren SL<\/p>\n<p><a href='http:\/\/ski.inmontanis.info\/d\/328712-2\/DSC02771.jpg'><img src=http:\/\/ski.inmontanis.info\/d\/328711-3\/DSC02771.jpg \/><\/a><br \/>\n^ Au\u00dfenrumabfahrt 1, hier leider sehr flach werdend, da muss man in Schuss fahren<\/p>\n<p><a href='http:\/\/ski.inmontanis.info\/d\/328716-3\/DSC02774.jpg'><img src=http:\/\/ski.inmontanis.info\/d\/328715-4\/DSC02774.jpg \/><\/a><br \/>\n^ Au\u00dfenrumabfahrt 1<\/p>\n<p><a href='http:\/\/ski.inmontanis.info\/d\/328720-3\/DSC02775.jpg'><img src=http:\/\/ski.inmontanis.info\/d\/328719-4\/DSC02775.jpg \/><\/a><br \/>\n^ Blick von der Au\u00dfenrumabfahrt 1 zur Siedlung und der Abfahrtsschneise des oberen SL<\/p>\n<p><a href='http:\/\/ski.inmontanis.info\/d\/328724-2\/DSC02777.jpg'><img src=http:\/\/ski.inmontanis.info\/d\/328723-3\/DSC02777.jpg \/><\/a><br \/>\n^ Au\u00dfenrumabfahrt 1<\/p>\n<p><a href='http:\/\/ski.inmontanis.info\/d\/328728-3\/DSC02779.jpg'><img src=http:\/\/ski.inmontanis.info\/d\/328727-3\/DSC02779.jpg \/><\/a><br \/>\n^ Au\u00dfenrumabfahrt 1<\/p>\n<p><a href='http:\/\/ski.inmontanis.info\/d\/328732-3\/DSC02781.jpg'><img src=http:\/\/ski.inmontanis.info\/d\/328731-4\/DSC02781.jpg \/><\/a><br \/>\n^ Au\u00dfenrumabfahrt 1, schon recht nett irgendwie<\/p>\n<p><a href='http:\/\/ski.inmontanis.info\/d\/328736-2\/DSC02783.jpg'><img src=http:\/\/ski.inmontanis.info\/d\/328735-3\/DSC02783.jpg \/><\/a><br \/>\n^ Au\u00dfenrumabfahrt 1 bzw. der Teil als Abfahrt 4 im Plan und Talstation unterer SL. Die meisten Leute scheinen bis zu den oberen Liften zu fahren anstatt hier zu parken<\/p>\n<p><a href='http:\/\/ski.inmontanis.info\/d\/328740-3\/DSC02786.jpg'><img src=http:\/\/ski.inmontanis.info\/d\/328739-3\/DSC02786.jpg \/><\/a><br \/>\n^ Au\u00dfenrumabfahrt 6 von der Bergstation des unteren SL zu dessen Talstation<\/p>\n<p><a href='http:\/\/ski.inmontanis.info\/d\/328744-2\/DSC02788.jpg'><img src=http:\/\/ski.inmontanis.info\/d\/328743-3\/DSC02788.jpg \/><\/a><br \/>\n^ Au\u00dfenrumabfahrt 6, leider muss man in dem Bereich schieben, das h\u00e4tte man wohl besser trassieren sollen<\/p>\n<p><a href='http:\/\/ski.inmontanis.info\/d\/328748-2\/DSC02789.jpg'><img src=http:\/\/ski.inmontanis.info\/d\/328747-3\/DSC02789.jpg \/><\/a><br \/>\n^ Au\u00dfenrumabfahrt 6<\/p>\n<p><a href='http:\/\/ski.inmontanis.info\/d\/328752-2\/DSC02791.jpg'><img src=http:\/\/ski.inmontanis.info\/d\/328751-3\/DSC02791.jpg \/><\/a><br \/>\n^ Au\u00dfenrumabfahrt 6<\/p>\n<p><a href='http:\/\/ski.inmontanis.info\/d\/328756-2\/DSC02792.jpg'><img src=http:\/\/ski.inmontanis.info\/d\/328755-3\/DSC02792.jpg \/><\/a><br \/>\n^ Au\u00dfenrumabfahrt 6<\/p>\n<p><a href='http:\/\/ski.inmontanis.info\/d\/328760-2\/DSC02793.jpg'><img src=http:\/\/ski.inmontanis.info\/d\/328759-3\/DSC02793.jpg \/><\/a><br \/>\n^ Au\u00dfenrumabfahrt 6, zum Schluss noch ein Tunnel unter der Stra\u00dfe<\/p>\n<p><a href='http:\/\/ski.inmontanis.info\/d\/328764-2\/DSC02795.jpg'><img src=http:\/\/ski.inmontanis.info\/d\/328763-3\/DSC02795.jpg \/><\/a><br \/>\n^ Abfahrt 2 links vom unteren SL<\/p>\n<p><a href='http:\/\/ski.inmontanis.info\/d\/328768-2\/DSC02797.jpg'><img src=http:\/\/ski.inmontanis.info\/d\/328767-3\/DSC02797.jpg \/><\/a><br \/>\n^ Abfahrt 11, untere (rote) Einfahrt<\/p>\n<p><a href='http:\/\/ski.inmontanis.info\/d\/328772-2\/DSC02801.jpg'><img src=http:\/\/ski.inmontanis.info\/d\/328771-3\/DSC02801.jpg \/><\/a><br \/>\n^ Abfahrt 11 links, kommt dann an der Abfahrt 6 raus<\/p>\n<p><a href='http:\/\/ski.inmontanis.info\/d\/328776-2\/DSC02803.jpg'><img src=http:\/\/ski.inmontanis.info\/d\/328775-3\/DSC02803.jpg \/><\/a><br \/>\n^ Es gab regen Flugverkehr am hiesigen Flughafen<\/p>\n<p><a href='http:\/\/ski.inmontanis.info\/d\/328780-2\/DSC02804.jpg'><img src=http:\/\/ski.inmontanis.info\/d\/328779-3\/DSC02804.jpg \/><\/a><br \/>\n^ Heli an der SL-Talstation, der Platz ist auch ung\u00fcnstig, da der SL schon lange vor der Landung gestoppt wurde; daher Wartezeiten<\/p>\n<p><a href='http:\/\/ski.inmontanis.info\/d\/328784-2\/DSC02807.jpg'><img src=http:\/\/ski.inmontanis.info\/d\/328783-3\/DSC02807.jpg \/><\/a><br \/>\n^ Die Talstation des oberen SL befindet sich leider ein St\u00fcck oberhalb Restaurant+Toiletten, so dass man entweder aufsteigen muss oder den \u00dcbungstellerlift nehmen muss, der aber meist noch voller ist<\/p>\n<p><a href='http:\/\/ski.inmontanis.info\/d\/328788-2\/DSC02808.jpg'><img src=http:\/\/ski.inmontanis.info\/d\/328787-3\/DSC02808.jpg \/><\/a><br \/>\n^ Nur die obere H\u00e4lfte der St\u00fctzen am oberen SL gl\u00e4nzten<\/p>\n<p><a href='http:\/\/ski.inmontanis.info\/d\/328792-2\/DSC02810.jpg'><img src=http:\/\/ski.inmontanis.info\/d\/328791-3\/DSC02810.jpg \/><\/a><br \/>\n^ Funpark am oberen SL<\/p>\n<p><a href='http:\/\/ski.inmontanis.info\/d\/328796-2\/DSC02811.jpg'><img src=http:\/\/ski.inmontanis.info\/d\/328795-3\/DSC02811.jpg \/><\/a><br \/>\n^ Abfahrt 13, von der Bergstation des oberen SL zur Bergstation des unteren SL &#8211; wo auch immer die offiziell verlaufen sollte<\/p>\n<p><a href='http:\/\/ski.inmontanis.info\/d\/328800-2\/DSC02812.jpg'><img src=http:\/\/ski.inmontanis.info\/d\/328799-3\/DSC02812.jpg \/><\/a><br \/>\n^ Abfahrt 13 oder vielleicht daneben, ich kam jedenfalls sp\u00e4ter heraus an der ..<\/p>\n<p><a href='http:\/\/ski.inmontanis.info\/d\/328804-2\/DSC02814.jpg'><img src=http:\/\/ski.inmontanis.info\/d\/328803-3\/DSC02814.jpg \/><\/a><br \/>\n^ Bergstation des unteren SL (LST)<\/p>\n<p><a href='http:\/\/ski.inmontanis.info\/d\/328808-2\/DSC02819.jpg'><img src=http:\/\/ski.inmontanis.info\/d\/328807-3\/DSC02819.jpg \/><\/a><br \/>\n^ Abfahrt 16 oder 17, vmtl. eher 16<\/p>\n<p><a href='http:\/\/ski.inmontanis.info\/d\/328812-3\/DSC02820.jpg'><img src=http:\/\/ski.inmontanis.info\/d\/328811-4\/DSC02820.jpg \/><\/a><br \/>\n^ Abfahrt 16 oder 17, vmtl. eher 16<\/p>\n<p><a href='http:\/\/ski.inmontanis.info\/d\/328816-3\/DSC02821.jpg'><img src=http:\/\/ski.inmontanis.info\/d\/328815-4\/DSC02821.jpg \/><\/a><br \/>\n^ Abfahrt 16 oder 17, vmtl. eher 16, war gut eingefahren und lie\u00df sich somit gut fahren<\/p>\n<p><a href='http:\/\/ski.inmontanis.info\/d\/328820-3\/DSC02825.jpg'><img src=http:\/\/ski.inmontanis.info\/d\/328819-4\/DSC02825.jpg \/><\/a><br \/>\n^ Abfahrt 11, das obere, schwarze St\u00fcck<\/p>\n<p><a href='http:\/\/ski.inmontanis.info\/d\/328824-3\/DSC02826.jpg'><img src=http:\/\/ski.inmontanis.info\/d\/328823-4\/DSC02826.jpg \/><\/a><br \/>\n^ Abfahrt 11, das obere, schwarze St\u00fcck, hier gibt&#8217;s einen Durchbruch durch die Felsen<\/p>\n<p><a href='http:\/\/ski.inmontanis.info\/d\/328828-3\/DSC02827.jpg'><img src=http:\/\/ski.inmontanis.info\/d\/328827-4\/DSC02827.jpg \/><\/a><br \/>\n^ .. und man landet im unteren St\u00fcck der Abfahrt 11, das ich vorher schon gefahren bin<\/p>\n<p><a href='http:\/\/ski.inmontanis.info\/d\/328832-3\/DSC02828.jpg'><img src=http:\/\/ski.inmontanis.info\/d\/328831-4\/DSC02828.jpg \/><\/a><br \/>\n^ Evtl. ist das die Abfahrt 17, aber man kann das so schwer erkennen, wie man da fahren m\u00fcsste ..<\/p>\n<p><a href='http:\/\/ski.inmontanis.info\/d\/328836-3\/DSC02829.jpg'><img src=http:\/\/ski.inmontanis.info\/d\/328835-4\/DSC02829.jpg \/><\/a><br \/>\n^ .. man will ja nicht dort in dem Felsbereich landen!<\/p>\n<p><a href='http:\/\/ski.inmontanis.info\/d\/328840-2\/DSC02830.jpg'><img src=http:\/\/ski.inmontanis.info\/d\/328839-3\/DSC02830.jpg \/><\/a><br \/>\n^ \u00dcbungslift; das Kind wird bergauf getragen, die Skier sind vorne mit einer Querverbindung zusammengeschraubt<\/p>\n<p><a href='http:\/\/ski.inmontanis.info\/d\/328844-3\/DSC02832.jpg'><img src=http:\/\/ski.inmontanis.info\/d\/328843-4\/DSC02832.jpg \/><\/a><br \/>\n^ Abfahrt 12 Traktorveien, die Alternative zur Abfahrt 4 an der Au\u00dfenrumabfahrt 1 im unteren Bereich<\/p>\n<p><a href='http:\/\/ski.inmontanis.info\/d\/328848-3\/ge20240324b.jpg'><img src=http:\/\/ski.inmontanis.info\/d\/328847-4\/ge20240324b.jpg \/><\/a><br \/>\n^ GPS-Track 24.3.2024; das Highlight &#8211; trotz ggf. Schiebest\u00fccken &#8211; sind, wie erwartet, die beiden Au\u00dfenrumabfahrten; im Falle der rechten unter Einbezug der Waldvarianten<\/p>\n<p>Die nachmitt\u00e4glichen Wettervorhersagen &#8230; einzig MI und ev. DO sonnenm\u00e4\u00dfig in den Fjordgebieten lohnenswert, Mo+Di bedeckt oder leichter Schneefall. Dr\u00fcben in Schweden bis zu -20\u00b0 nachts und unter -10 tags\u00fcber, also eher auch keine Option.<\/p>\n<p>Tankstelle um 19,99 NOK besucht plus Brunost-Waffel um 29,-, nicht weit weg w\u00e4re ein Pizzabakeren auf dem Weg, aber da wollte ich diesmal nur eine von den kleinen Pizzen mitnehmen, 2 w\u00e4ren mir jetzt abends wohl zu viel. \u00dcberraschenderweise schneite es nun relativ stark.<\/p>\n<p><a href='http:\/\/extra.inmontanis.info\/d\/102958-2\/DSC02834.jpg'><img src=http:\/\/extra.inmontanis.info\/d\/102957-3\/DSC02834.jpg \/><\/a><br \/>\n^ Die kleine BBQen-Pizza kostet mittlerweile 79,-, also ca. 7 \u20ac. Teilweise kosten die kleinen 20cm &#8211; Pizzen weniger als die H\u00e4lfte von den 30cm &#8211; Pizzen!<\/p>\n<p>\u00dcbernachtet wird dann wohl im n\u00e4chsten Ort am oder nahe des anderen f\u00fcr heute geplanten Skigebietes (Steilia), das ja morgen leider nicht offen hat. W\u00e4re alles so viel einfacher. <\/p>\n<p><a href='http:\/\/extra.inmontanis.info\/d\/102962-2\/DSC02836.jpg'><img src=http:\/\/extra.inmontanis.info\/d\/102961-3\/DSC02836.jpg \/><\/a><br \/>\n^ Das Auto scheint im Winter wohl nicht gebraucht zu werden ;)<\/p>\n<p>Wettervorhersagen abends &#8211; yr macht mich wahnsinnig, jetzt f\u00fcr morgen doch eher Sonne statt Schneefall in Ankenes, ok, dann also Ankenes morgen Abend. Brauch ich eh noch einige Zeit bis dorthin. Sollifjellet soll nun auch morgen sonnig werden, aber eher nur vormittags = suboptimal f\u00fcr mich.  Dann aber erst am MI wieder, bleibt also noch der DI, entweder Ankenes auch tags\u00fcber (und dann vielleicht mit dem oberen SL, falls abends nur der untere l\u00e4uft, sofern der obere \u00fcberhaupt noch in Betrieb ist und genug Schnee hat)  oder Riksgr\u00e4nsen.<\/p>\n","protected":false},"excerpt":{"rendered":"<p>So, 24.3.2024<\/p>\n<p>Wie man sich morgens die Stimmung verdirbt: Wettervorhersagen checken. Mal wieder ganz anders und viel schlechter und viel weniger Sonne. Nun Morgen ganztags Schnee in Ankenes, nicht Abends etwas Sonne, nicht mehr von DI-DO nachmittags sehr sonnig in den Fjordskigebieten, mittlerweile nur noch f\u00fcr MI sonnig gemeldet.<\/p>\n<p>Geplant hatte ich gestern Abend f\u00fcr <a href=\"http:\/\/blog.inmontanis.info\/?p=9774\">[&#8230;]<\/a><\/p>\n","protected":false},"author":1,"featured_media":9776,"comment_status":"closed","ping_status":"closed","sticky":false,"template":"","format":"standard","meta":{"footnotes":""},"categories":[912,926,18,27],"tags":[47],"class_list":["post-9774","post","type-post","status-publish","format-standard","has-post-thumbnail","hentry","category-2023-09-2024-xx-skandinavien","category-malselv","category-norwegennorway","category-skifahren-winterskiing-winter","tag-sl","odd"],"_links":{"self":[{"href":"http:\/\/blog.inmontanis.info\/index.php?rest_route=\/wp\/v2\/posts\/9774","targetHints":{"allow":["GET"]}}],"collection":[{"href":"http:\/\/blog.inmontanis.info\/index.php?rest_route=\/wp\/v2\/posts"}],"about":[{"href":"http:\/\/blog.inmontanis.info\/index.php?rest_route=\/wp\/v2\/types\/post"}],"author":[{"embeddable":true,"href":"http:\/\/blog.inmontanis.info\/index.php?rest_route=\/wp\/v2\/users\/1"}],"replies":[{"embeddable":true,"href":"http:\/\/blog.inmontanis.info\/index.php?rest_route=%2Fwp%2Fv2%2Fcomments&post=9774"}],"version-history":[{"count":4,"href":"http:\/\/blog.inmontanis.info\/index.php?rest_route=\/wp\/v2\/posts\/9774\/revisions"}],"predecessor-version":[{"id":9779,"href":"http:\/\/blog.inmontanis.info\/index.php?rest_route=\/wp\/v2\/posts\/9774\/revisions\/9779"}],"wp:featuredmedia":[{"embeddable":true,"href":"http:\/\/blog.inmontanis.info\/index.php?rest_route=\/wp\/v2\/media\/9776"}],"wp:attachment":[{"href":"http:\/\/blog.inmontanis.info\/index.php?rest_route=%2Fwp%2Fv2%2Fmedia&parent=9774"}],"wp:term":[{"taxonomy":"category","embeddable":true,"href":"http:\/\/blog.inmontanis.info\/index.php?rest_route=%2Fwp%2Fv2%2Fcategories&post=9774"},{"taxonomy":"post_tag","embeddable":true,"href":"http:\/\/blog.inmontanis.info\/index.php?rest_route=%2Fwp%2Fv2%2Ftags&post=9774"}],"curies":[{"name":"wp","href":"https:\/\/api.w.org\/{rel}","templated":true}]}}