{"id":9762,"date":"2024-03-22T16:03:52","date_gmt":"2024-03-22T15:03:52","guid":{"rendered":"http:\/\/blog.inmontanis.info\/?p=9762"},"modified":"2024-03-26T16:36:37","modified_gmt":"2024-03-26T15:36:37","slug":"olos-pallas-20-22-3-2024","status":"publish","type":"post","link":"http:\/\/blog.inmontanis.info\/?p=9762","title":{"rendered":"Olos &#038; Pallas, 20.-22.3.2024"},"content":{"rendered":"<p><strong>Mi, 20.3.2024<\/strong> (Olos)<\/p>\n<p>Olos hat momentan t\u00e4glich von 11-17h offen (vor 11 Uhr haben die wohl nie offen?! Bl\u00f6d am WE) plus dzt. Mo+Fr -19:30), wobei auch um 12:15, als ich kam, noch nix los war. Blieb auch sehr leer, erst gegen 15 oder 16 Uhr kamen noch ein paar Schulkinder. In Betrieb derzeit der linke und der rechte SL.<\/p>\n<p>Wollte letztens eigentlich Luosto von den 4 Gebieten als das mit den un\u00fcblichsten Liftst\u00fctzen k\u00fcren, aber der ro(s?)tbraune, halbe Doppel-Graffer von Vintertec hier ist schon auch sehr un\u00fcblich, auch wenn ich so einen (in besserem Zustand) in Yll\u00e4s schon mal gefahren sein m\u00fcsste. Leider recht langsam, aber war auch etwas windig oben und fuhr ja fast keiner.<\/p>\n<p>Ich kaufte mir wieder das leckere Munkki, das hier auch 2,50 kostete. Die Portion Pommes w\u00e4re mit 4 \u20ac g\u00fcnstiger als in Luosto, der H\u00fchnernuggetkorb kostet 8,- (in Luosto ja 10,50, in Ounasvaara gibts ja zwei Gr\u00f6\u00dfen, insofern fraglich, ob der hier kleiner w\u00e4re), wobei es auch Rentier-Hackfleischb\u00e4llchen  (klein im 9,- und gro\u00df um 16,- &#8211; wie klein mag die kleine Portion dann sein?!) gibt, ebenso Pizza (eher um die 17 \u20ac) und nat\u00fcrlich Hamburger, beides f\u00fcr meine Verh\u00e4ltnisse aber dann zu teuer. Warum hatte ich mir die Preise nicht schon im Dezember angeschaut? Da sah ich nur die teuren Pizzen au\u00dfen am Aufsteller.<\/p>\n<p><a href='http:\/\/ski.inmontanis.info\/d\/328306-2\/DSC02319.jpg'><img src=http:\/\/ski.inmontanis.info\/d\/328305-3\/DSC02319.jpg \/><\/a><br \/>\n^ Zoom Pallas von Olos; der dortige linke SL verl\u00e4uft links der Bildmitte im schattigen Bereich von rechts unten nach links zum schattigen Gpfelbereich<\/p>\n<p><a href='http:\/\/ski.inmontanis.info\/d\/328310-2\/DSC02322.jpg'><img src=http:\/\/ski.inmontanis.info\/d\/328309-3\/DSC02322.jpg \/><\/a><br \/>\n^ Rechter SL mit Br\u00fccke<\/p>\n<p><a href='http:\/\/ski.inmontanis.info\/d\/328314-2\/DSC02325.jpg'><img src=http:\/\/ski.inmontanis.info\/d\/328313-3\/DSC02325.jpg \/><\/a><br \/>\n^ Talstation rechter SL<\/p>\n<p><a href='http:\/\/ski.inmontanis.info\/d\/328318-2\/DSC02327.jpg'><img src=http:\/\/ski.inmontanis.info\/d\/328317-3\/DSC02327.jpg \/><\/a><br \/>\n^ Talstation rechter SL Daten<\/p>\n<p><a href='http:\/\/ski.inmontanis.info\/d\/328322-2\/DSC02329.jpg'><img src=http:\/\/ski.inmontanis.info\/d\/328321-3\/DSC02329.jpg \/><\/a><br \/>\n^ Rechter SL mit seinen kuriosen Graffer-Vintertec-St\u00fctzen<\/p>\n<p><a href='http:\/\/ski.inmontanis.info\/d\/328326-2\/DSC02351.jpg'><img src=http:\/\/ski.inmontanis.info\/d\/328325-3\/DSC02351.jpg \/><\/a><br \/>\n^ Abfahrt 9 landet im unteren Teil zwar wie alle 3 rechts vom SL auch im Graben, aber man hat die Wahl, ob man die Spur im Graben oder am Grat f\u00e4hrt<\/p>\n<p><a href='http:\/\/ski.inmontanis.info\/d\/328330-2\/DSC02359.jpg'><img src=http:\/\/ski.inmontanis.info\/d\/328329-3\/DSC02359.jpg \/><\/a><br \/>\n^ Rechter SL mit seinen kuriosen Graffer-Vintertec-St\u00fctzen<\/p>\n<p><a href='http:\/\/ski.inmontanis.info\/d\/328334-2\/DSC02361.jpg'><img src=http:\/\/ski.inmontanis.info\/d\/328333-3\/DSC02361.jpg \/><\/a><br \/>\n^ Leider ist der rechte SL nur bis 15:45 ge\u00f6ffnet<\/p>\n<p><a href='http:\/\/ski.inmontanis.info\/d\/328338-2\/DSC02363.jpg'><img src=http:\/\/ski.inmontanis.info\/d\/328337-3\/DSC02363.jpg \/><\/a><br \/>\n^ Bergstation mittlerer SL<\/p>\n<p><a href='http:\/\/ski.inmontanis.info\/d\/328342-2\/DSC02368.jpg'><img src=http:\/\/ski.inmontanis.info\/d\/328341-3\/DSC02368.jpg \/><\/a><br \/>\n^ Gut, dass der BigAirBag deaktiviert ist, sonst k\u00e4me man von der Abfahrt 1 nicht so sch\u00f6n retour zum Lift<\/p>\n<p><a href='http:\/\/ski.inmontanis.info\/d\/328346-2\/DSC02372.jpg'><img src=http:\/\/ski.inmontanis.info\/d\/328345-3\/DSC02372.jpg \/><\/a><br \/>\n^ Abfahrt 9<\/p>\n<p><a href='http:\/\/ski.inmontanis.info\/d\/328350-2\/DSC02374.jpg'><img src=http:\/\/ski.inmontanis.info\/d\/328349-3\/DSC02374.jpg \/><\/a><br \/>\n^ Rechter SL<\/p>\n<p><a href='http:\/\/ski.inmontanis.info\/d\/328354-2\/DSC02375.jpg'><img src=http:\/\/ski.inmontanis.info\/d\/328353-3\/DSC02375.jpg \/><\/a><br \/>\n^ Abfahrt 8, wohl noch geschlossen<\/p>\n<p><a href='http:\/\/ski.inmontanis.info\/d\/328358-2\/DSC02376.jpg'><img src=http:\/\/ski.inmontanis.info\/d\/328357-3\/DSC02376.jpg \/><\/a><br \/>\n^ Abfahrt 8 landet wie 9+10 ebenfalls in einem Graben<\/p>\n<p><a href='http:\/\/ski.inmontanis.info\/d\/328362-2\/DSC02379.jpg'><img src=http:\/\/ski.inmontanis.info\/d\/328361-3\/DSC02379.jpg \/><\/a><br \/>\n^ Rechter SL oberer Teil<\/p>\n<p><a href='http:\/\/ski.inmontanis.info\/d\/328366-2\/DSC02380.jpg'><img src=http:\/\/ski.inmontanis.info\/d\/328365-3\/DSC02380.jpg \/><\/a><br \/>\n^ Abfahrt 7<\/p>\n<p><a href='http:\/\/ski.inmontanis.info\/d\/328370-2\/DSC02382.jpg'><img src=http:\/\/ski.inmontanis.info\/d\/328369-3\/DSC02382.jpg \/><\/a><br \/>\n^ Abfahrten 7+6 bzw. dazwischen (zwischen mittlerem und rechtem SL)<\/p>\n<p><a href='http:\/\/ski.inmontanis.info\/d\/328374-2\/DSC02383.jpg'><img src=http:\/\/ski.inmontanis.info\/d\/328373-3\/DSC02383.jpg \/><\/a><br \/>\n^ Im rechten SL mit Blick zu den Abfahrten 6 und 7 bzw. der Querung von der 6 zur 7<\/p>\n<p><a href='http:\/\/ski.inmontanis.info\/d\/328378-2\/DSC02384.jpg'><img src=http:\/\/ski.inmontanis.info\/d\/328377-3\/DSC02384.jpg \/><\/a><br \/>\n^ Abfahrten 10+9<\/p>\n<p><a href='http:\/\/ski.inmontanis.info\/d\/328382-2\/DSC02390.jpg'><img src=http:\/\/ski.inmontanis.info\/d\/328381-3\/DSC02390.jpg \/><\/a><br \/>\n^ Zoom nach Muonio und vorne gro\u00dfe Schneehaufen, evtl. Langlauf-Schneedepot f\u00fcr n\u00e4chste Saison?<\/p>\n<p><a href='http:\/\/ski.inmontanis.info\/d\/328386-2\/DSC02392.jpg'><img src=http:\/\/ski.inmontanis.info\/d\/328385-3\/DSC02392.jpg \/><\/a><br \/>\n^ Rechteste Abfahrt 10<\/p>\n<p><a href='http:\/\/ski.inmontanis.info\/d\/328390-2\/DSC02396.jpg'><img src=http:\/\/ski.inmontanis.info\/d\/328389-3\/DSC02396.jpg \/><\/a><br \/>\n^ Abfahrt 10 landet in einem kurvigen Graben<\/p>\n<p><a href='http:\/\/ski.inmontanis.info\/d\/328394-2\/DSC02397.jpg'><img src=http:\/\/ski.inmontanis.info\/d\/328393-3\/DSC02397.jpg \/><\/a><br \/>\n^ Ende Abfahrten 9+10<\/p>\n<p><a href='http:\/\/ski.inmontanis.info\/d\/328398-2\/DSC02398.jpg'><img src=http:\/\/ski.inmontanis.info\/d\/328397-3\/DSC02398.jpg \/><\/a><br \/>\n^ Talstation rechter SL<\/p>\n<p><a href='http:\/\/ski.inmontanis.info\/d\/328402-2\/DSC02402.jpg'><img src=http:\/\/ski.inmontanis.info\/d\/328401-3\/DSC02402.jpg \/><\/a><br \/>\n^ Bergstation Rechter SL<\/p>\n<p><a href='http:\/\/ski.inmontanis.info\/d\/328406-2\/DSC02403.jpg'><img src=http:\/\/ski.inmontanis.info\/d\/328405-3\/DSC02403.jpg \/><\/a><br \/>\n^ Oberhalb Ausstieg rechter SL und Bergstation mittlerer SL<\/p>\n<p><a href='http:\/\/ski.inmontanis.info\/d\/328410-2\/DSC02405.jpg'><img src=http:\/\/ski.inmontanis.info\/d\/328409-3\/DSC02405.jpg \/><\/a><br \/>\n^ Gipfelplateau und R\u00fcckseitenpano<\/p>\n<p><a href='http:\/\/ski.inmontanis.info\/d\/328414-2\/DSC02409.jpg'><img src=http:\/\/ski.inmontanis.info\/d\/328413-3\/DSC02409.jpg \/><\/a><br \/>\n^ Linker SL und Abfahrt 4<\/p>\n<p><a href='http:\/\/ski.inmontanis.info\/d\/328418-2\/DSC02411.jpg'><img src=http:\/\/ski.inmontanis.info\/d\/328417-3\/DSC02411.jpg \/><\/a><br \/>\n^ Linker SL mit seinen rostigen St\u00fctzen<\/p>\n<p><a href='http:\/\/ski.inmontanis.info\/d\/328422-2\/DSC02412.jpg'><img src=http:\/\/ski.inmontanis.info\/d\/328421-3\/DSC02412.jpg \/><\/a><br \/>\n^ Die linken Abfahrten 2+1 kann man nun von der Bergstation des SL aus befahren<\/p>\n<p><a href='http:\/\/ski.inmontanis.info\/d\/328426-2\/DSC02413.jpg'><img src=http:\/\/ski.inmontanis.info\/d\/328425-3\/DSC02413.jpg \/><\/a><br \/>\n^ Wenn ich schon mit dem lahmen Tellerlift fahr, dann wart ich wenigstens auf das halbtransparente, gr\u00fcne original Graffer-Teil ;)<\/p>\n<p>Leider f\u00e4hrt der rechte SL (wesentlich interessanter!) nur bis 15:45 und weil ich mir ja den Stellplatz in Muonio um 28 \u20ac leisten will und noch einkaufen m\u00f6chte, hab ich um 16:30 aufgeh\u00f6rt.  Bis ich dann alles erledigt und den PC aufgebaut hatte, war es aber 18:30 und ich musste mal die m\u00f6glichen Skigebiete f\u00fcr n\u00e4chste Woche in Norwegen abchecken .. da gibt&#8217;s Skigebiete, die selbst in den Osterschulferien unter der Woche nicht t\u00e4glich offen haben, eins der Fjordskigebiete hat einen Liftschaden, benotigt Ersatzteile  und hofft, am Montag neue Informationen kund tun zu k\u00f6nnen. <\/p>\n<p>Naja, grundlegend h\u00e4tte ich nun einige der vorhandenen Skigebiete f\u00fcr einen m\u00f6glichen Zwischenhalt auserkoren und die Wettervorhersagen sind eigentlich auch nicht so \u00fcbel. Wird halt teilweise schon eine ziemliche Autofahrerei..<\/p>\n<p><strong>Do, 21.3.2024<\/strong> (Pallas)<\/p>\n<p>In Pallas angekommen waren die Parkpl\u00e4tze vor dem Hotel voll, einer frei und da ich nicht wusste, ob dahinter was w\u00e4re, blieb ich hier stehen. Zum SL geht&#8217;s etwas abw\u00e4rts und das Hotel ist w\u00e4hrend des Skifahrens quasi nicht erreichbar.<\/p>\n<p>Das kleine Caf\u00e9 an der Talstation des oberen=hinteren SL hatte auch ein Munkki um 2,20 (noch warm, aber nicht knusprig), daher dies genommen (sonst hatt ich auch ein Hot-Dog genommen, was bei 5 \u20ac aber hoffentlich ein &#8220;franz\u00f6sisches&#8221; ist und nicht das kleine, schwedische Semmelchen).<\/p>\n<p>Neben dem Hoteleingang gibt&#8217;s noch einen Imbisswagen, wobei da irgendwelche 3 Sachen  angeschrieben sind, die um die 15 \u20ac jeweils kosten. Hab weder als ich kam noch als ich ging dort jemand was kaufen sehen. Mir eigentlich auch egal, was das sein soll um den Preis.<\/p>\n<p>Da also das Hotel tags\u00fcber ung\u00fcnstig liegt, gibts als WC-Alternative nur die Trocken-Danfo-Kabine an der Talstation des vorderen SL. Das ist in Ounasvaara und Luosto schon wesentlich besser, wobei man da jeweils unter dem Restaurant aufs Klo geht, d.h. auch wieder zum Lift aufsteigen muss; in Olos geht man ja im Restaurant zwischen Talstation und Hotel, weil das WC an der Talstation nahe des SL wieder nicht offen hat (obwohl Schild mit 7-22 Uhr offen oder so).<\/p>\n<p>Der vordere SL ist bekannt flach, der hintere steiler und mit mehren Abfahrten versehen, von den 4 Gebieten gibts hier die gr\u00f6\u00dften H\u00f6henmeterdifferenz, aber den geringsten Waldbereich, zum Gl\u00fcck heute nicht windig. Als ich im November diese Saisonkarte kaufte, kannte ich ja zuvor nur dieses Skigebiet Pallas und nahm an, dass das das Highlight werden w\u00fcrde.<\/p>\n<p>Mittlerweile muss ich sagen, dass alle 4 Gebiete ihre Vor- und Nachteile haben, Ounasvaara punktet mit der Stadtn\u00e4he, dem windgesch\u00fctzten Waldbereich, den Waldvarianten, den vielen eigenst\u00e4ndigen Abfahrten, den l\u00e4ngsten \u00d6ffnungszeiten und der einzigen Sesselbahn. Luosto und Pallas punkten mit den waldfreien Bereichen (aber schlechter Schnee und so oft st\u00fcrmisch), Luosto und Olos mit den ungew\u00f6hnlichen St\u00fctzen und insb. Luosto mit den wenigsten Leuten, Olos mit vielleicht den nettesten Abfahrten, Pallas mit den gr\u00f6\u00dften H\u00f6henmetern und dem &#8220;grafferigsten&#8221; Lift und den verrosteten St\u00fctzen.<\/p>\n<p>In Summe kann man von Mitte November bis inklusive erster Mai-Woche Ski fahren um zum 50%-Vorverkaufspreis g\u00fcnstige 269,- \u20ac. Wenn ich im Norden Skandinaviens wohnen w\u00fcrde, w\u00e4re das meine erste Wahl f\u00fcr eine Saisonkarte.<\/p>\n<p>Bereits 2011 hatte ich von Pallas gesagt, dass es mich an das Skigebiet Kaimaktsalan in Griechenland erinnert &#8211; nur dass dort eine DSB und kein SL der vordere=l\u00e4ngere Lift ist. <\/p>\n<p><a href='http:\/\/ski.inmontanis.info\/d\/328102-2\/DSC02417.jpg'><img src=http:\/\/ski.inmontanis.info\/d\/328101-3\/DSC02417.jpg \/><\/a><br \/>\n^ Zoom ins Skigebiet von der Zufahrt, hier schaut&#8217;s so aus, als seien die beiden SL nebeneinander ..<\/p>\n<p><a href='http:\/\/ski.inmontanis.info\/d\/328106-2\/DSC02418.jpg'><img src=http:\/\/ski.inmontanis.info\/d\/328105-3\/DSC02418.jpg \/><\/a><br \/>\n^ .. nahe des Hotels schaut das schon ganz anders aus. Im Skigebiet sieht man entweder den einen oder den anderen SL<\/p>\n<p><a href='http:\/\/ski.inmontanis.info\/d\/328110-2\/DSC02421.jpg'><img src=http:\/\/ski.inmontanis.info\/d\/328109-3\/DSC02421.jpg \/><\/a><br \/>\n^ Alte Fotos  \/ Geschichte<\/p>\n<p><a href='http:\/\/ski.inmontanis.info\/d\/328114-2\/DSC02422.jpg'><img src=http:\/\/ski.inmontanis.info\/d\/328113-3\/DSC02422.jpg \/><\/a><br \/>\n^ Alte Fotos  \/ Geschichte<\/p>\n<p><a href='http:\/\/ski.inmontanis.info\/d\/328118-2\/DSC02423.jpg'><img src=http:\/\/ski.inmontanis.info\/d\/328117-3\/DSC02423.jpg \/><\/a><br \/>\n^ Der linke SL startet unerhalb vom Hotel bzw. den Parkpl\u00e4tzen<\/p>\n<p><a href='http:\/\/ski.inmontanis.info\/d\/328122-2\/DSC02426.jpg'><img src=http:\/\/ski.inmontanis.info\/d\/328121-3\/DSC02426.jpg \/><\/a><br \/>\n^ Pistenplan<\/p>\n<p><a href='http:\/\/ski.inmontanis.info\/d\/328126-2\/DSC02427.jpg'><img src=http:\/\/ski.inmontanis.info\/d\/328125-3\/DSC02427.jpg \/><\/a><br \/>\n^ Talstation linker SL, obwohl das hier kein reinrassiger Graffer ist, sondern bereits Vintertec-typische Sachen hat, hat er doch ein Graffer-Herstellerschild an der Talstation<\/p>\n<p><a href='http:\/\/ski.inmontanis.info\/d\/328130-2\/DSC02428.jpg'><img src=http:\/\/ski.inmontanis.info\/d\/328129-3\/DSC02428.jpg \/><\/a><br \/>\n^ Linker SL St\u00fctze 3, die war 2011 noch etwas mehr in Grau, aber schaut so nat\u00fcrlich sch\u00f6ner aus<\/p>\n<p>2011:<br \/>\n<a href='http:\/\/ski.inmontanis.info\/d\/131210-3\/DSC02853.jpg'><img src=http:\/\/ski.inmontanis.info\/d\/131209-4\/DSC02853.jpg \/><\/a><br \/>\n^ 2011<\/p>\n<p><a href='http:\/\/ski.inmontanis.info\/d\/328134-2\/DSC02430.jpg'><img src=http:\/\/ski.inmontanis.info\/d\/328133-3\/DSC02430.jpg \/><\/a><br \/>\n^ Einer der Portalst\u00fctzenniederhalter<\/p>\n<p><a href='http:\/\/ski.inmontanis.info\/d\/328138-2\/DSC02432.jpg'><img src=http:\/\/ski.inmontanis.info\/d\/328137-3\/DSC02432.jpg \/><\/a><br \/>\n^ Mittlerer Teil des linken SL<\/p>\n<p><a href='http:\/\/ski.inmontanis.info\/d\/328142-2\/DSC02433.jpg'><img src=http:\/\/ski.inmontanis.info\/d\/328141-3\/DSC02433.jpg \/><\/a><br \/>\n^ St\u00fctze 10<\/p>\n<p><a href='http:\/\/ski.inmontanis.info\/d\/328146-2\/DSC02435.jpg'><img src=http:\/\/ski.inmontanis.info\/d\/328145-3\/DSC02435.jpg \/><\/a><br \/>\n^ St\u00fctze 18 und Bergstationsbereich<\/p>\n<p><a href='http:\/\/ski.inmontanis.info\/d\/328150-2\/DSC02436.jpg'><img src=http:\/\/ski.inmontanis.info\/d\/328149-3\/DSC02436.jpg \/><\/a><br \/>\n^ Linker SL<\/p>\n<p><a href='http:\/\/ski.inmontanis.info\/d\/328154-2\/DSC02437.jpg'><img src=http:\/\/ski.inmontanis.info\/d\/328153-3\/DSC02437.jpg \/><\/a><br \/>\n^ Zoom Skigebiet Olos<\/p>\n<p><a href='http:\/\/ski.inmontanis.info\/d\/328158-2\/DSC02440.jpg'><img src=http:\/\/ski.inmontanis.info\/d\/328157-3\/DSC02440.jpg \/><\/a><br \/>\n^ Pano und Abfahrt 6<\/p>\n<p><a href='http:\/\/ski.inmontanis.info\/d\/328162-2\/DSC02442.jpg'><img src=http:\/\/ski.inmontanis.info\/d\/328161-3\/DSC02442.jpg \/><\/a><br \/>\n^ St\u00fctze 17 am linken SL<\/p>\n<p><a href='http:\/\/ski.inmontanis.info\/d\/328166-2\/DSC02443.jpg'><img src=http:\/\/ski.inmontanis.info\/d\/328165-3\/DSC02443.jpg \/><\/a><br \/>\n^ Linker SL und Abfahrt 6, sowie das Hotel und die Parkpl\u00e4tze<\/p>\n<p><a href='http:\/\/ski.inmontanis.info\/d\/328170-2\/DSC02445.jpg'><img src=http:\/\/ski.inmontanis.info\/d\/328169-3\/DSC02445.jpg \/><\/a><br \/>\n^ Verbindungsabfahrt 5 leider bl\u00f6d trassiert mit Bergaufst\u00fcck nach dem Ausstieg vom linken SL<\/p>\n<p><a href='http:\/\/ski.inmontanis.info\/d\/328174-2\/DSC02448.jpg'><img src=http:\/\/ski.inmontanis.info\/d\/328173-3\/DSC02448.jpg \/><\/a><br \/>\n^ Rechter SL<\/p>\n<p><a href='http:\/\/ski.inmontanis.info\/d\/328178-2\/DSC02452.jpg'><img src=http:\/\/ski.inmontanis.info\/d\/328177-3\/DSC02452.jpg \/><\/a><br \/>\n^ Rechter SL<\/p>\n<p><a href='http:\/\/ski.inmontanis.info\/d\/328182-2\/DSC02463.jpg'><img src=http:\/\/ski.inmontanis.info\/d\/328181-3\/DSC02463.jpg \/><\/a><br \/>\n^ Sonnenbeschienene Gipfel weiter hinten<\/p>\n<p><a href='http:\/\/ski.inmontanis.info\/d\/328186-2\/DSC02466.jpg'><img src=http:\/\/ski.inmontanis.info\/d\/328185-3\/DSC02466.jpg \/><\/a><br \/>\n^ Die rechte Abfahrt 1 hat mal eine Abzweigung, ich bin au\u00dfen geblieben, dann kommt man in den Graben bzw. auf die andere Bergseite r\u00fcber<\/p>\n<p><a href='http:\/\/ski.inmontanis.info\/d\/328190-2\/DSC02468.jpg'><img src=http:\/\/ski.inmontanis.info\/d\/328189-3\/DSC02468.jpg \/><\/a><br \/>\n^ .. leider muss man dann aus dem Graben zur Talstation aufsteigen<\/p>\n<p><a href='http:\/\/ski.inmontanis.info\/d\/328194-2\/DSC02469.jpg'><img src=http:\/\/ski.inmontanis.info\/d\/328193-3\/DSC02469.jpg \/><\/a><br \/>\n^ .. oder vielleicht kann man auch im Graben weiter runter fahren &#8211; oder steigt links den Weg hinauf zum Weg zum Hotel<\/p>\n<p><a href='http:\/\/ski.inmontanis.info\/d\/328198-2\/DSC02470.jpg'><img src=http:\/\/ski.inmontanis.info\/d\/328197-3\/DSC02470.jpg \/><\/a><br \/>\n^ Zwiebelsuppe um 13,- \u20ac oder Hotdog um 5,- \u20ac .. zum Gl\u00fcck gab&#8217;s auch ein Munkki um 2,20 hier an der H\u00fctte an der Talstation des rechten SL<\/p>\n<p><a href='http:\/\/ski.inmontanis.info\/d\/328202-2\/DSC02471.jpg'><img src=http:\/\/ski.inmontanis.info\/d\/328201-3\/DSC02471.jpg \/><\/a><br \/>\n^ Rechter SL, war 2011 noch ein Kurzb\u00fcgler mit Liftomat<\/p>\n<p>2011:<br \/>\n<a href='http:\/\/ski.inmontanis.info\/d\/131144-3\/DSC02862.jpg'><img src=http:\/\/ski.inmontanis.info\/d\/131143-4\/DSC02862.jpg \/><\/a><br \/>\n^ Talstation des rechten SL mit Liftomat \/ 4.4.2011<\/p>\n<p><a href='http:\/\/ski.inmontanis.info\/d\/328206-2\/DSC02474.jpg'><img src=http:\/\/ski.inmontanis.info\/d\/328205-3\/DSC02474.jpg \/><\/a><br \/>\n^ Noch so eine Gemeinsamkeit mit Kaimaktsalan &#8211; verkrustete Geb\u00e4ude am Gipfel ;)<\/p>\n<p><a href='http:\/\/ski.inmontanis.info\/d\/328210-2\/DSC02475.jpg'><img src=http:\/\/ski.inmontanis.info\/d\/328209-3\/DSC02475.jpg \/><\/a><br \/>\n^ Rechter SL<\/p>\n<p><a href='http:\/\/ski.inmontanis.info\/d\/328214-2\/DSC02476.jpg'><img src=http:\/\/ski.inmontanis.info\/d\/328213-3\/DSC02476.jpg \/><\/a><br \/>\n^ Rechter SL, geht doch nix \u00fcber eine ordentlich verrostete St\u00fctze ;)<\/p>\n<p><a href='http:\/\/ski.inmontanis.info\/d\/328218-2\/DSC02477.jpg'><img src=http:\/\/ski.inmontanis.info\/d\/328217-3\/DSC02477.jpg \/><\/a><br \/>\n^ Rechter SL. Mit den vielen H\u00fcgeln drumherum h\u00e4tte man hier ein gro\u00dfes Skigebiet aufziehen k\u00f6nnen<\/p>\n<p><a href='http:\/\/ski.inmontanis.info\/d\/328222-2\/DSC02479.jpg'><img src=http:\/\/ski.inmontanis.info\/d\/328221-3\/DSC02479.jpg \/><\/a><br \/>\n^ Blick von der Abfahrt 1 zu den zus\u00e4tzlichen Abzweig in den Graben, den ich zuvor mal gefahren bin<\/p>\n<p><a href='http:\/\/ski.inmontanis.info\/d\/328226-2\/DSC02481.jpg'><img src=http:\/\/ski.inmontanis.info\/d\/328225-3\/DSC02481.jpg \/><\/a><br \/>\n^ Rechter SL, die Abfahrt direkt links daneben war eigenartigerweise offiziell gesperrt<\/p>\n<p><a href='http:\/\/ski.inmontanis.info\/d\/328230-2\/DSC02483.jpg'><img src=http:\/\/ski.inmontanis.info\/d\/328229-3\/DSC02483.jpg \/><\/a><br \/>\n^ Rechter SL<\/p>\n<p><a href='http:\/\/ski.inmontanis.info\/d\/328234-2\/DSC02485.jpg'><img src=http:\/\/ski.inmontanis.info\/d\/328233-3\/DSC02485.jpg \/><\/a><br \/>\n^ Rechter SL<\/p>\n<p><a href='http:\/\/ski.inmontanis.info\/d\/328238-2\/DSC02487.jpg'><img src=http:\/\/ski.inmontanis.info\/d\/328237-3\/DSC02487.jpg \/><\/a><br \/>\n^ N\u00e4chstes Mal werd ich mal testen, von hier aus rechts herum zur Bergstation des linken SL zu kommen; offiziell gibts hier n\u00e4mlich keine Verbindungsabfahrt, nur unten rum zur Talstation<\/p>\n<p><a href='http:\/\/ski.inmontanis.info\/d\/328242-2\/DSC02488.jpg'><img src=http:\/\/ski.inmontanis.info\/d\/328241-3\/DSC02488.jpg \/><\/a><br \/>\n^ Rechter SL<\/p>\n<p><a href='http:\/\/ski.inmontanis.info\/d\/328246-2\/DSC02489.jpg'><img src=http:\/\/ski.inmontanis.info\/d\/328245-3\/DSC02489.jpg \/><\/a><br \/>\n^ Verbindungsabfahrt 9 zum linken SL<\/p>\n<p><a href='http:\/\/ski.inmontanis.info\/d\/328250-2\/DSC02500.jpg'><img src=http:\/\/ski.inmontanis.info\/d\/328249-3\/DSC02500.jpg \/><\/a><br \/>\n^ Verbindungsabfahrt, die einem etwas n\u00e4her zum Hotel \/ Parkplatz bringt, aber nicht ohne rauflaufen zu m\u00fcssen<\/p>\n<p><a href='http:\/\/ski.inmontanis.info\/d\/328254-2\/DSC02505.jpg'><img src=http:\/\/ski.inmontanis.info\/d\/328253-3\/DSC02505.jpg \/><\/a><br \/>\n^ Von einem der Zwischenausstiege des linken SL gibts noch einen Abzweig zum rechten SL, aber da muss man genauso bergauf gehen<\/p>\n<p><a href='http:\/\/ski.inmontanis.info\/d\/328258-2\/DSC02508.jpg'><img src=http:\/\/ski.inmontanis.info\/d\/328257-3\/DSC02508.jpg \/><\/a><br \/>\n^ Ich hab mal von der Bergstation des rechten SL so weit wie m\u00f6glich r\u00fcberquert, h\u00e4tte aber nicht erwartet, dass es hier in die falsche Richtung bergab dann gehen wird. Also musste ich nach rechts in einen Graben queren<\/p>\n<p><a href='http:\/\/ski.inmontanis.info\/d\/328262-2\/DSC02510.jpg'><img src=http:\/\/ski.inmontanis.info\/d\/328261-3\/DSC02510.jpg \/><\/a><br \/>\n^ R\u00fcckseitenpano<\/p>\n<p><a href='http:\/\/ski.inmontanis.info\/d\/328266-3\/DSC02512.jpg'><img src=http:\/\/ski.inmontanis.info\/d\/328265-4\/DSC02512.jpg \/><\/a><br \/>\n^ Doch anstatt im Graben zu fahren, wollte ich weiter links bleiben um zu dem Weg zum Hotel zu gelangen<\/p>\n<p><a href='http:\/\/ski.inmontanis.info\/d\/328270-3\/DSC02514.jpg'><img src=http:\/\/ski.inmontanis.info\/d\/328269-4\/DSC02514.jpg \/><\/a><br \/>\n^ Dort unten im Graben verl\u00e4uft die eine genannte Piste<\/p>\n<p><a href='http:\/\/ski.inmontanis.info\/d\/328274-3\/DSC02519.jpg'><img src=http:\/\/ski.inmontanis.info\/d\/328273-4\/DSC02519.jpg \/><\/a><br \/>\n^ Bl\u00f6de Sicht leider, man kann ja nix erkennen. Blick zum rechten SL und seinen rechten Abfahrten<\/p>\n<p><a href='http:\/\/ski.inmontanis.info\/d\/328278-2\/DSC02522.jpg'><img src=http:\/\/ski.inmontanis.info\/d\/328277-3\/DSC02522.jpg \/><\/a><br \/>\n^ Offpistegel\u00e4nde, das eher f\u00fcr die Tourengeher ist. Da h\u00e4tte man ein paar nette Liftchen bauen k\u00f6nnen<\/p>\n<p><a href='http:\/\/ski.inmontanis.info\/d\/328282-2\/DSC02526.jpg'><img src=http:\/\/ski.inmontanis.info\/d\/328281-3\/DSC02526.jpg \/><\/a><br \/>\n^ Rechter SL<\/p>\n<p><a href='http:\/\/ski.inmontanis.info\/d\/328286-2\/DSC02528.jpg'><img src=http:\/\/ski.inmontanis.info\/d\/328285-3\/DSC02528.jpg \/><\/a><br \/>\n^ Rechter SL<\/p>\n<p><a href='http:\/\/ski.inmontanis.info\/d\/328290-3\/DSC02530.jpg'><img src=http:\/\/ski.inmontanis.info\/d\/328289-4\/DSC02530.jpg \/><\/a><br \/>\n^ Rechter SL; ich habs dann mit etwas Schieben tats\u00e4chlich auf den Weg geschafft&#8230;<\/p>\n<p><a href='http:\/\/ski.inmontanis.info\/d\/328294-3\/DSC02533.jpg'><img src=http:\/\/ski.inmontanis.info\/d\/328293-3\/DSC02533.jpg \/><\/a><br \/>\n^ Der Weg bzw. die Loipe f\u00fchrt zum Hotel, lie\u00df sich bei dem harten Schnee heute ohne Schieben fahren<\/p>\n<p><a href='http:\/\/ski.inmontanis.info\/d\/328298-3\/DSC02540.jpg'><img src=http:\/\/ski.inmontanis.info\/d\/328297-3\/DSC02540.jpg \/><\/a><br \/>\n^ Blick zum Bereich zwischen den beiden SL<\/p>\n<p><a href='http:\/\/ski.inmontanis.info\/d\/328302-3\/ge20240321a.jpg'><img src=http:\/\/ski.inmontanis.info\/d\/328301-3\/ge20240321a.jpg \/><\/a><br \/>\n^ GPS-Track 2011 in Orange, 21.3.2024 in T\u00fcrkis<\/p>\n<p>Am Hotelparkplatz ist ein Campingverbotsschild, ob das auch f\u00fcr die unteren Liftparkpl\u00e4tze und den Parkplatz kurz davor gilt, ist nicht zu erkennen; alternativ gibts aber noch ein paar hundert Meter vor dem Hotel einen Parkplatz, den ich heute mal austesten wollte. Morgen eh wieder Olos, aber Ende April \/ Anfang Mai w\u00e4r ich ja mehrere Tage hier, da w\u00e4re ein fu\u00dfl\u00e4ufiger Nachtplatz angenehm, denn bis nach Muonio (zum Campingplatz) sind&#8217;s \u00fcber 30km. <\/p>\n<p>Jetzt im Winter aber auch nur sehr klein ger\u00e4umt, hinten schon mit ein paar Wohnmobilen und Vans belegt, vorne in die falsche Richtung abh\u00e4ngend, also dann n\u00e4her zu den anderen gestellt.  Sp\u00e4ter schien immer mal f\u00fcr ein paar Sekunden ein Aggregat zu laufen?! Das ist ja noch schlimmer, wenn das alle paar Minuten (oder manchmal nur Sekunden) f\u00fcr ein paar Sekunden l\u00e4uft als wenn es durchlaufen w\u00fcrde. War aber wohl nachts doch nicht so aktiv.<\/p>\n<p>Abendessen f\u00fcr heue und die n\u00e4chsten 3 Tage mal wieder Hirtenmakkaroni  ;)<\/p>\n<p><a href='http:\/\/extra.inmontanis.info\/d\/102914-3\/DSC02545.jpg'><img src=http:\/\/extra.inmontanis.info\/d\/102913-4\/DSC02545.jpg \/><\/a><br \/>\n^ Bacon, Sahne und Erbsen hab ich auf 3 Portionen aufgeteilt.<\/p>\n<p>Die ganzen letzten Tage war immer (nur) f\u00fcr Sonntag Sonne gemeldet in Troms\u00f8, ab heute steht nun f\u00fcr Sonntag bedeckt, aber f\u00fcr Samstag Sonne in der Vorhersage. Nun, ich kann auch am Samstag dort sein, ist mir teilweise sogar lieber, weil ich sonst am Samstag nochmals in Olos h\u00e4tte fahren wollen, die ja erst ab 11 Uhr \u00f6ffnen. Nachteilig ist aber, dass, wenn ich schon morgen Nachmittag gen Norwegen fahre, wohl eine finnische Pfandflasche f\u00fcr die n\u00e4chsten Wochen dabei haben werde, da ich aktuell noch 2 volle Flaschen habe.<\/p>\n<p>Ein weiterer Nachteil ist, dass dann das Dienstags-Skigebiet wegfallen w\u00fcrde, weil das am MO nicht offen hat und ich dann auch nicht w\u00fcsste, ob das Fjordskigebiet mit dem Liftersatzteil evtl. am MO offen haben w\u00fcrde &#8211; was ja vmtl. sowieso nicht der Fall sein wird. Das h\u00e4tte man dann sch\u00f6n am SO besuchen k\u00f6nnen, wenn der Lift denn nicht kaputt w\u00e4re :(<\/p>\n<p><strong>Fr, 22.3.2024<\/strong>  (Olos)<\/p>\n<p>Ich fuhr morgens noch bis ins Skigebiet von Olos (&#8220;Meinten Sie Oslo?&#8221;), wo es vormittags dicke Schneeflocken gab, \u00fcberraschenderweise heute also Schneefall gemeldet wurde. <\/p>\n<p>Der rechte SL schien um 12 Uhr mal nicht zu laufen, um 12:25 bewegte er sich doch. Hoffentlich ist der Mitte April in der letzten Betriebswoche auch offen, wenn ich wieder da bin, ansonsten werd ich in Olos nicht lang bleiben.<\/p>\n<p>Mittlerweile wird SA+SO sonnig in Troms\u00f8 gemeldet, soll ich dann 2 Tage dort fahren oder doch noch einen Tag hier bleiben?<\/p>\n<p>Um 8 \u20ac w\u00fcrde man hier auch einen 75g-Hamburger mit Pommes bekommen, aber ich entschied mich wieder f\u00fcr&#8217;s Chicken Basket. N\u00e4chstes Mal muss ich aber mal die Rentierfleischkl\u00f6pse probieren, kleine Portion, mit &#8220;creamy game sauce&#8221; laut Karte oder so ;)<\/p>\n<p>Die Nuggets sind hier kleiner, aber in Summe schaut das recht ident aus zu der 10,50-Portion in Luosto. Ketchup und Mayo kann man sich wie Wasser frei und selbst zapfen. Leider wieder vergessen, die Pommes ungesalzen zu verlangen. Mir h\u00e4tte die H\u00e4lfte gereicht, wie soll ich da heut Abend noch Nudeln essen&#8230;  <\/p>\n<p>MO+FR hier dzt. bis 19:30 offen, aber am rechten SL stand auch heute 15:45. Leider nach meiner Pause nach 15:00 nur noch 2x den rechten SL fahren k\u00f6nnen, weil laufend l\u00e4ngere Zeit stillgestanden :(<\/p>\n<p>Hab dann um 16:30 aufgeh\u00f6rt, es schneite auch wieder st\u00e4rker.<\/p>\n<p><a href='http:\/\/ski.inmontanis.info\/d\/328430-2\/DSC02550.jpg'><img src=http:\/\/ski.inmontanis.info\/d\/328429-3\/DSC02550.jpg \/><\/a><br \/>\n^ Ob man f\u00fcr Wartungsarbeiten den gro\u00dfen Sendemast einfach anhand der Seile umlegt?<\/p>\n<p><a href='http:\/\/ski.inmontanis.info\/d\/328434-2\/DSC02551.jpg'><img src=http:\/\/ski.inmontanis.info\/d\/328433-3\/DSC02551.jpg \/><\/a><br \/>\n^ Mittlerer SL w\u00e4re nicht mal betriebsbereit momentan, an einer der letzten St\u00fctzen fehlt gerade eine Seilrolle<\/p>\n<p><a href='http:\/\/ski.inmontanis.info\/d\/328438-2\/DSC02552.jpg'><img src=http:\/\/ski.inmontanis.info\/d\/328437-3\/DSC02552.jpg \/><\/a><br \/>\n^ Am linken SL ist das Seil an der St\u00fctze 2 zu weit rechts &#8230;<\/p>\n<p><a href='http:\/\/ski.inmontanis.info\/d\/328442-2\/DSC02553.jpg'><img src=http:\/\/ski.inmontanis.info\/d\/328441-3\/DSC02553.jpg \/><\/a><br \/>\n^ .. und an der St\u00fctze 3 zu weit links :)<\/p>\n<p><a href='http:\/\/ski.inmontanis.info\/d\/328446-2\/DSC02554.jpg'><img src=http:\/\/ski.inmontanis.info\/d\/328445-3\/DSC02554.jpg \/><\/a><br \/>\n^ .. und an der letzten St\u00fctze ist zumindest die erste Rolle schief<\/p>\n<p><a href='http:\/\/ski.inmontanis.info\/d\/328450-2\/DSC02556.jpg'><img src=http:\/\/ski.inmontanis.info\/d\/328449-3\/DSC02556.jpg \/><\/a><br \/>\n^ Der H\u00fchnerkorb schaut etwas anders aus, aber gr\u00f6\u00dfenm\u00e4\u00dfig f\u00fcr mich nicht von dem 2,50 \u20ac teureren in Luosto zu unterschieden<\/p>\n<p><a href='http:\/\/ski.inmontanis.info\/d\/328454-2\/ge20240320-22b.jpg'><img src=http:\/\/ski.inmontanis.info\/d\/328453-3\/ge20240320-22b.jpg \/><\/a><br \/>\n^ GPS-Track vorherige Besuche in Blassgelb, aktuelle Besuche 20.+22.3.2024 in T\u00fcrkis und Magenta. Den mittleren SL konnte ich bisher nicht in ganzer L\u00e4nge fahren<\/p>\n<p>Benzinpreise hier oben im Norden Norwegens lt. GMaps zwischen 19 und 23 NOK, dh. je nach Tankstelle entweder teurer oder g\u00fcnstiger als in Finnland, aber es sind nicht viele Preise online.<\/p>\n<p>Das mit den Zeitzonen ist schon schwierig, Arbeits-PC l\u00e4uft auf MEZ, Standheizung auch, Handys und Armbanduhr auf OEZ (?), morgen in NO also wieder -1h, ebenso wenn ich heute kurz nach Schweden fahre (Benzin g\u00fcnstiger, evtl. schnelleres Handynetz, weil nicht im Roaming), morgen dann in Finnland nochmals zum Supermarkt wieder andere Zeit.<\/p>\n<p>In Karesuando (SE) also mal kurz in den Handlar&#8217;n &#8211; Supermarkt geschaut, brauchte zwar nix.<br \/>\nEcht krass, was der alles an Nicht-Lebensmittel hat. Anscheinend derzeit Gummistiefelsaison, ein ganzer Raum mit Gummistiefel, sonst keine Schuhe :). Der Oatly Kakao war mir mit 29,90 aber zu teuer, paar Naschsachen nahm ich aber mit, zwar noch viel da, aber gab ein paar andere Godis..<\/p>\n<p>Benzin in FI an der Grenze 1,90, hier in SE 18,89 ca 1,66 \u20ac. <\/p>\n<p>Der Parkplatz an der \u00f6rtlichen Langlaufloipe war zwar klein, fast direkt an der Stra\u00dfe und es schneite weiter, aber ich blieb hier stehen. Ankunft 1855 finnnische Zeit sind hier 1755, ca. 1,5h Fahrt morgen Fr\u00fch bis zum letzten Supermarkt in Finnland um 2 oder 3 Pfandflaschen abzugeben, der um 9 Uhr aufmacht, macht Abfahrt ca. 7:30 finnische Zeit oder 6:30 lokale Zeit, Handy 2 mit dem Wecker bleibt auf finnischer Zeit, Standheizung ist ja noch schwedisch, also dann Wecker am Handy um 6:50 und Standheizung um 5:30? Das Weckerhandy steht auf manueller Zeitzone, insb. in Grenzgebieten n\u00f6tig.<\/p>\n<p>Durch das gro\u00dfe Mittagessen nach 14 Uhr h\u00e4tte ich nicht mehr unbedingt kochen m\u00fcssen, aber da die Sachen offen sind und sowieso mind 3 Tage zum Aufbrauchen ben\u00f6tigen, musste ich halt doch noch eine Portion machen.<\/p>\n<p>Am Anfang der Saison hatte ich ja bei jedem heuer neu besuchten Gebiet eine Geolocation mit Links zu GMaps und OSM in den Bericht eingebunden &#8211; leider in den letzten Wochen ganz vergessen gehabt. Somit zumindest die von diesem Bericht:<br \/>\nOlos: &#128681; Gespeicherte Geolocation &#8211; Karte anzeigen: <a href='https:\/\/www.google.com\/maps\/@?api=1&#038;map_action=map&#038;center=67.9318909,23.8156213&#038;zoom=12&#038;basemap=terrain' target=_blank> GoogleMaps<\/a> &#128681; <a href='https:\/\/www.openstreetmap.org\/?&#038;mlat=67.9318909&#038;mlon=23.8156213#map=10\/67.9318909\/23.8156213&#038;layers=P' target=_blank> OSM &#128681;<\/a><br \/>\nPallas: &#128681; Gespeicherte Geolocation &#8211; Karte anzeigen: <a href='https:\/\/www.google.com\/maps\/@?api=1&#038;map_action=map&#038;center=68.0465473,24.062484&#038;zoom=12&#038;basemap=terrain' target=_blank> GoogleMaps<\/a> &#128681; <a href='https:\/\/www.openstreetmap.org\/?&#038;mlat=68.0465473&#038;mlon=24.062484#map=10\/68.0465473\/24.062484&#038;layers=P' target=_blank> OSM &#128681;<\/a><\/p>\n<p>Da ich momentan mehrere Tage hinterher bin, die n\u00e4chsten Berichte werden sein aus Norwegen mit Fjord &#038; Meer: Troms\u00f8, M\u00e5lsev, Ankenes, Lofoten &#8211; und werden aufgrund der vielen Fotos jeweils einige Tage dauern ..<\/p>\n<p>&#8211; &#8211; &#8211;<\/p>\n<p>Hab letztens eine EMail erhalten, wo sich einer beschwert, dass ich doch froh sein soll, meine Meinung frei \u00e4u\u00dfern zu d\u00fcrfen, er selbst f\u00e4nde aber meine Meinung unertr\u00e4glich und ich solle sie doch gef\u00e4lligst \u00e4ndern  :) &#8230; sonst .. was? Liest er dann meine Berichte nicht mehr? Und? Hab weder einen Vor- noch einen Nachteil davon, schlie\u00dflich ist hier keinerlei Werbung. Und zum Thema &#8220;freie Meinungs\u00e4u\u00dferung&#8221; &#8211; da erinnere ich doch mal daran, was die Mainstream-Medien und Politiker mit denjenigen machen, die in den letzten Jahren nicht dem &#8220;offiziellen Narrativ&#8221; hinsichtlich Corona+Russland entsprachen, oder dass man auf den gro\u00dfen Plattformen  Zensuren eingef\u00fchrt hat oder noch besser, die ganzen &#8220;Fakten-Checker&#8221;, die genau von denen bezahlt werden, deren &#8220;Fakten&#8221; sie als einzig wahre &#8220;Fakten&#8221; bezeichnen d\u00fcrfen als Untermauerung zur Denunzierung Andersdenkender &#8230;<\/p>\n","protected":false},"excerpt":{"rendered":"<p>Mi, 20.3.2024 (Olos)<\/p>\n<p>Olos hat momentan t\u00e4glich von 11-17h offen (vor 11 Uhr haben die wohl nie offen?! Bl\u00f6d am WE) plus dzt. Mo+Fr -19:30), wobei auch um 12:15, als ich kam, noch nix los war. Blieb auch sehr leer, erst gegen 15 oder 16 Uhr kamen noch ein paar Schulkinder. In Betrieb derzeit der <a href=\"http:\/\/blog.inmontanis.info\/?p=9762\">[&#8230;]<\/a><\/p>\n","protected":false},"author":1,"featured_media":9767,"comment_status":"closed","ping_status":"closed","sticky":false,"template":"","format":"standard","meta":{"footnotes":""},"categories":[912,20,918,283,27],"tags":[91,47],"class_list":["post-9762","post","type-post","status-publish","format-standard","has-post-thumbnail","hentry","category-2023-09-2024-xx-skandinavien","category-finnlandfinland","category-olos","category-pallas","category-skifahren-winterskiing-winter","tag-graffer","tag-sl","odd"],"_links":{"self":[{"href":"http:\/\/blog.inmontanis.info\/index.php?rest_route=\/wp\/v2\/posts\/9762","targetHints":{"allow":["GET"]}}],"collection":[{"href":"http:\/\/blog.inmontanis.info\/index.php?rest_route=\/wp\/v2\/posts"}],"about":[{"href":"http:\/\/blog.inmontanis.info\/index.php?rest_route=\/wp\/v2\/types\/post"}],"author":[{"embeddable":true,"href":"http:\/\/blog.inmontanis.info\/index.php?rest_route=\/wp\/v2\/users\/1"}],"replies":[{"embeddable":true,"href":"http:\/\/blog.inmontanis.info\/index.php?rest_route=%2Fwp%2Fv2%2Fcomments&post=9762"}],"version-history":[{"count":5,"href":"http:\/\/blog.inmontanis.info\/index.php?rest_route=\/wp\/v2\/posts\/9762\/revisions"}],"predecessor-version":[{"id":9768,"href":"http:\/\/blog.inmontanis.info\/index.php?rest_route=\/wp\/v2\/posts\/9762\/revisions\/9768"}],"wp:featuredmedia":[{"embeddable":true,"href":"http:\/\/blog.inmontanis.info\/index.php?rest_route=\/wp\/v2\/media\/9767"}],"wp:attachment":[{"href":"http:\/\/blog.inmontanis.info\/index.php?rest_route=%2Fwp%2Fv2%2Fmedia&parent=9762"}],"wp:term":[{"taxonomy":"category","embeddable":true,"href":"http:\/\/blog.inmontanis.info\/index.php?rest_route=%2Fwp%2Fv2%2Fcategories&post=9762"},{"taxonomy":"post_tag","embeddable":true,"href":"http:\/\/blog.inmontanis.info\/index.php?rest_route=%2Fwp%2Fv2%2Ftags&post=9762"}],"curies":[{"name":"wp","href":"https:\/\/api.w.org\/{rel}","templated":true}]}}