{"id":9756,"date":"2024-03-19T19:54:26","date_gmt":"2024-03-19T18:54:26","guid":{"rendered":"http:\/\/blog.inmontanis.info\/?p=9756"},"modified":"2024-03-22T20:17:56","modified_gmt":"2024-03-22T19:17:56","slug":"luosto-16-19-3-2024-blutig-aber-geil-stutzenporno","status":"publish","type":"post","link":"http:\/\/blog.inmontanis.info\/?p=9756","title":{"rendered":"Luosto, 16.-19.3.2024 &#8211; Blutig, aber geil + St\u00fctzenporno"},"content":{"rendered":"<p><strong>Sa, 16.3.2024<\/strong> &#8211; Saison-Skitag#125* &#8211; Reisetag#175<\/p>\n<p>Nach dem Einkauf im Lidl in Rovaniemi kam ich um kurz nach 11 Uhr in Luosto an und hielt erst am Hotel, um f\u00fcr 2 Tage den 42,- \u20ac teuren Campingplatz zu buchen (ja, Schwimmbad&#038;Co im Hotel w\u00e4r inkludiert, brauch ich aber ja nicht). Offizieller Check-in\/out 12\/12 Uhr, also fuhr ich erst zum Liftparkplatz, noch ist etwas Sonne und vielleicht ist&#8217;s auch praktischer, heut Nachmittag die Skischuhe anzuhaben, um zur Stroms\u00e4ule zu kraxeln. Das Skigbiet sah wieder einmal seeeehr leer aus, trotz WE.<\/p>\n<p>Da die Saisonkarte ja so g\u00fcnstig war (269 \u20ac im Vorverauf) und das der einzige Campingplatz ist, wo sie von mir noch etwas zus\u00e4tzlich verdienen, st\u00f6ren mich die 42,- nicht so wirklich. 2 Tage im Hotel w\u00fcrden \u00fcbrigens 430 \u20ac kosten, weil ich da gestern nachgesehen hab, ob man den Campingplatz buchen kann (um zu sehen, ob was frei ist). Bei den Preisen der Hotelzimmer ist wohl der Abgang (die roten Zahlen) des Skigebiets einkaluliert. Wobei Ounasvaara vmtl. am ehesten kostendeckend sein wird auch dank der Fu\u00dfg\u00e4nger in der DSB. Bei den anderen 3 Skigebieten hab ich meine Zweifel ..<\/p>\n<p>Leider ist die Abfahrt links vom linken SL nicht offen, die anderen Abfahrten kann ma ja alle vom Hauptlift aus machen. Warum die heuer nicht offen ist? Das Lawinengefahrschild scheint eher pauschal dauerhaft hier zu stehen, auf der anderen Seite des Lifts war&#8217;s offpiste windgepresst und unter dem, wo vorhandenen, Neuwchnee eisig hart.<\/p>\n<p>Bald war die Sonne weg, -6\u00b0 und Wind im oberen Bereich, der Schnee on-piste ist dank des Neuschnees und der geringen Befahrung nat\u00fcrlich sehr gut.<\/p>\n<p><a href='http:\/\/extra.inmontanis.info\/d\/102882-3\/DSC02118.jpg'><img src=http:\/\/extra.inmontanis.info\/d\/102881-4\/DSC02118.jpg \/><\/a><br \/>\n^ Rovaniemi-Sodankyl\u00e4<\/p>\n<p><a href='http:\/\/ski.inmontanis.info\/d\/327818-3\/DSC02126.jpg'><img src=http:\/\/ski.inmontanis.info\/d\/327817-3\/DSC02126.jpg \/><\/a><br \/>\n^ Abfahrt 2<\/p>\n<p><a href='http:\/\/ski.inmontanis.info\/d\/327822-2\/DSC02131.jpg'><img src=http:\/\/ski.inmontanis.info\/d\/327821-3\/DSC02131.jpg \/><\/a><br \/>\n^ Schaut ja ein bisschen nach Moschee aus, aber Muezzin war keiner zu h\u00f6ren ;)<\/p>\n<p><a href='http:\/\/ski.inmontanis.info\/d\/327826-2\/DSC02132.jpg'><img src=http:\/\/ski.inmontanis.info\/d\/327825-3\/DSC02132.jpg \/><\/a><br \/>\n^ Abfahrt 1, leider gesperrt<\/p>\n<p><a href='http:\/\/ski.inmontanis.info\/d\/327830-2\/DSC02133.jpg'><img src=http:\/\/ski.inmontanis.info\/d\/327829-3\/DSC02133.jpg \/><\/a><br \/>\n^ Zoom zum Skigbiet Pyh\u00e4<\/p>\n<p><a href='http:\/\/ski.inmontanis.info\/d\/327834-2\/DSC02134.jpg'><img src=http:\/\/ski.inmontanis.info\/d\/327833-3\/DSC02134.jpg \/><\/a><br \/>\n^ Eins der beiden verkrusteten (unbenutzten) Starth\u00e4uschen<\/p>\n<p><a href='http:\/\/ski.inmontanis.info\/d\/327838-2\/DSC02135.jpg'><img src=http:\/\/ski.inmontanis.info\/d\/327837-3\/DSC02135.jpg \/><\/a><br \/>\n^ Abfahrt 3<\/p>\n<p><a href='http:\/\/ski.inmontanis.info\/d\/327842-2\/DSC02141.jpg'><img src=http:\/\/ski.inmontanis.info\/d\/327841-3\/DSC02141.jpg \/><\/a><br \/>\n^ Offpiste zwischen den beiden SL<\/p>\n<p><a href='http:\/\/ski.inmontanis.info\/d\/327846-2\/DSC02144.jpg'><img src=http:\/\/ski.inmontanis.info\/d\/327845-3\/DSC02144.jpg \/><\/a><br \/>\n^ Im Tal war heut ein Rentierrennen<\/p>\n<p><a href='http:\/\/ski.inmontanis.info\/d\/327850-2\/DSC02145.jpg'><img src=http:\/\/ski.inmontanis.info\/d\/327849-3\/DSC02145.jpg \/><\/a><br \/>\n^ Der Bereich ganz links, der im Plan als Lawinenbereich gekennzeichnet ist<\/p>\n<p><a href='http:\/\/ski.inmontanis.info\/d\/327854-2\/DSC02149.jpg'><img src=http:\/\/ski.inmontanis.info\/d\/327853-3\/DSC02149.jpg \/><\/a><br \/>\n^ Wald-Freeride-Abfahrt 4, Ex-SL-Trasse<\/p>\n<p><a href='http:\/\/ski.inmontanis.info\/d\/327858-2\/DSC02152.jpg'><img src=http:\/\/ski.inmontanis.info\/d\/327857-3\/DSC02152.jpg \/><\/a><br \/>\n^ (Letzte) St\u00fctze 17 am rechten SL<\/p>\n<p><a href='http:\/\/ski.inmontanis.info\/d\/327862-2\/DSC02154.jpg'><img src=http:\/\/ski.inmontanis.info\/d\/327861-3\/DSC02154.jpg \/><\/a><br \/>\n^ (Letzte) St\u00fctze 17 am rechten SL;  gr\u00fcn und rostbraun, eine sch\u00f6ne Kombination ;)<\/p>\n<p><a href='http:\/\/ski.inmontanis.info\/d\/327866-2\/DSC02156.jpg'><img src=http:\/\/ski.inmontanis.info\/d\/327865-3\/DSC02156.jpg \/><\/a><br \/>\n^ Rechter SL und Schneeb\u00e4ume<\/p>\n<p><a href='http:\/\/ski.inmontanis.info\/d\/327870-2\/DSC02158.jpg'><img src=http:\/\/ski.inmontanis.info\/d\/327869-3\/DSC02158.jpg \/><\/a><br \/>\n^ Offpiste rechts der Abfahrten<\/p>\n<p>Nachmittags wurde es also doch nochmals recht sonnig, aber der Wind blieb. Heute ist einer der letzten Tage, wo bis 19 Uhr Betrieb ist (also letzte Bergfahrt 18:45 am Hauptlift) und man in den Sonnenuntergang fahren k\u00f6nnte. Weils mir schon kalt war hab ich doch um 16:45 mal kurz aufgeh\u00f6rt und das Auto auf den Campingplatz gefahren, die Skier noch im Skigebiet gelassen um sp\u00e4ter nochmals ein bisschen zu fahen. Laut Internet soll der Sonnenuntergang hier heute um 18:15 sein.<\/p>\n<p><a href='http:\/\/ski.inmontanis.info\/d\/327874-2\/DSC02160.jpg'><img src=http:\/\/ski.inmontanis.info\/d\/327873-3\/DSC02160.jpg \/><\/a><br \/>\n^ Die Stroms\u00e4ule am Campingplatz ist so hoch, wie soll man da denn raufklettern&#8230; musste mir erst Stufen in den Schnee schlagen, gut, dass ich die Skischuhe noch an hatte.<\/p>\n<p>Am linken SL war den ganzen Tag die Schlie\u00dfung um 16:30 oder so angeschrieben, er fuhr aber nach meiner R\u00fcckkehr weiterhin. Irgendwann getraute ich mich doch noch hinzufahren, da stand dann 18:30 Uhr dort, somit nochmals rauf und oben ein bisschen richtung Gipfel gewandert f\u00fcr ein paar Sonnenuntergangsfotos.<\/p>\n<p><a href='http:\/\/ski.inmontanis.info\/d\/327878-2\/DSC02164.jpg'><img src=http:\/\/ski.inmontanis.info\/d\/327877-3\/DSC02164.jpg \/><\/a><br \/>\n^ R\u00fcckseitenpano; 17:33 Uhr, bald ist Sonnenuntergang<\/p>\n<p><a href='http:\/\/ski.inmontanis.info\/d\/327882-2\/DSC02168.jpg'><img src=http:\/\/ski.inmontanis.info\/d\/327881-3\/DSC02168.jpg \/><\/a><br \/>\n^ Sonnenuntergang am Gipfel, links-oberhalb vom linken SL. <\/p>\n<p><a href='http:\/\/ski.inmontanis.info\/d\/327886-2\/DSC02171.jpg'><img src=http:\/\/ski.inmontanis.info\/d\/327885-3\/DSC02171.jpg \/><\/a><br \/>\n^ Sonnenuntergang am Gipfel<\/p>\n<p><a href='http:\/\/ski.inmontanis.info\/d\/327890-2\/DSC02173.jpg'><img src=http:\/\/ski.inmontanis.info\/d\/327889-3\/DSC02173.jpg \/><\/a><br \/>\n^ Gipfelplateau mit Blick zum rechten SL<\/p>\n<p><a href='http:\/\/ski.inmontanis.info\/d\/327894-2\/DSC02175.jpg'><img src=http:\/\/ski.inmontanis.info\/d\/327893-3\/DSC02175.jpg \/><\/a><br \/>\n^ Abfahrt 3 mit Blick zum rechten SL<\/p>\n<p><a href='http:\/\/ski.inmontanis.info\/d\/327898-2\/DSC02176.jpg'><img src=http:\/\/ski.inmontanis.info\/d\/327897-3\/DSC02176.jpg \/><\/a><br \/>\n^ Der obere Skiweg vom linken zum rechten SL war fr\u00fcher wohl anders trassiert, die alte Beleuchtung steht noch hier<\/p>\n<p><a href='http:\/\/ski.inmontanis.info\/d\/327902-2\/DSC02177.jpg'><img src=http:\/\/ski.inmontanis.info\/d\/327901-3\/DSC02177.jpg \/><\/a><br \/>\n^ Abfahrt 2+3 in der Abendd\u00e4mmerung<\/p>\n<p><a href='http:\/\/ski.inmontanis.info\/d\/327906-2\/DSC02178.jpg'><img src=http:\/\/ski.inmontanis.info\/d\/327905-3\/DSC02178.jpg \/><\/a><br \/>\n^ Abendd\u00e4mmerung am rechten SL<\/p>\n<p><a href='http:\/\/ski.inmontanis.info\/d\/327910-2\/DSC02180.jpg'><img src=http:\/\/ski.inmontanis.info\/d\/327909-3\/DSC02180.jpg \/><\/a><br \/>\n^ Abfahrt 8 und Funpark<\/p>\n<p>*) Mittlerweile d\u00fcrfte so ca. die halbe Reise hinter mir sein, Tag 175, das hei\u00dft fast ein halbes Jahr ist vorbei &#8211; ich wei\u00df aber ja noch nicht, wann ich wieder daheim sein werde. Saisonskitag 125, aber Reiseskitag 131 &#8211; da ich ja zu Beginn der Reise zum Saisonschluss in Hintertux noch 6 Tage Ski fahren war.<\/p>\n<p><strong>So, 17.3.2024<\/strong><\/p>\n<p><a href='http:\/\/extra.inmontanis.info\/d\/102886-3\/DSC02181.jpg'><img src=http:\/\/extra.inmontanis.info\/d\/102885-4\/DSC02181.jpg \/><\/a><br \/>\n^ L\u00e4nger gedauert wie vorletzten Winter, aber nun ist doch der erste Schlauch am Heizer gerissen. Ich hab ja heuer schon immer versucht, die nur vorgew\u00e4rmt aus- oder einzufahren und zu verbiegen, aber es gelingt ja nicht immer (insb. wenn man frei steht und man sie 2x am Tag verr\u00e4umen muss).<\/p>\n<p>Heute also sonnig, aber kalt, noch -10\u00b0 vormittags gemeldet und wieder windig im oberen Bereich, daher vorsichtshalber mit langer Unterhose und doppeltem Pullover eingekleidet. Um 14:15 bin ich ins Restaurant, wollte einen Donutkrapfen (um 2,50 wie in Ounasvaara) und den kleinen Speck-Zwiebel-Flammkuchen um 5,-. SIe musste in der K\u00fcche nachfragen, tja leider diese Geschmacksrichtung in dieser Gro\u00dfe ist ausverkauft &#8211; aber ich wollte weder den gro\u00dfen um 13,-, noch den anderen kleinen mit K\u00e4se-Jalapeno. Also bestellte ich die kleine Portion Pommes dazu, die als beilage 2,80 kosten w\u00fcrden, aber sie tippte die gro\u00dfe Portion um 5,50 \u20ac ein, also sagte ich, nein, die kleine, worauf sie meinte, sie sei sich nicht sicher, ob sie die Beilagenportion einzeln verkaufen k\u00f6nnte (Pommes als Beilage gilt wohl nicht zum Krapfen ;) ) . Tja, dann also nur den Donutkrapfen, schon manchmal schwierig, wenn man mal Geld ausgeben will..<\/p>\n<p>Heute endlich mal einen brauchbaren Offpistebereich entdeckt &#8211; ganz rechts drau\u00dfen,  oben landschaftlich sch\u00f6n durch die &#8220;Schneem\u00e4nner&#8221; und dann im etwas dichteren Wald weiter runter.<\/p>\n<p>Kurz nach 16 Uhr h\u00f6rte ich auf, Knochen zu m\u00fcde.<\/p>\n<p><a href='http:\/\/ski.inmontanis.info\/d\/327914-2\/DSC02186.jpg'><img src=http:\/\/ski.inmontanis.info\/d\/327913-3\/DSC02186.jpg \/><\/a><br \/>\n^ Abfahrt 10<\/p>\n<p><a href='http:\/\/ski.inmontanis.info\/d\/327918-2\/DSC02188.jpg'><img src=http:\/\/ski.inmontanis.info\/d\/327917-3\/DSC02188.jpg \/><\/a><br \/>\n^ Abfahrt 8+10<\/p>\n<p><a href='http:\/\/ski.inmontanis.info\/d\/327922-2\/DSC02190.jpg'><img src=http:\/\/ski.inmontanis.info\/d\/327921-3\/DSC02190.jpg \/><\/a><br \/>\n^ Abfahrt 5<\/p>\n<p><a href='http:\/\/ski.inmontanis.info\/d\/327926-2\/DSC02192.jpg'><img src=http:\/\/ski.inmontanis.info\/d\/327925-3\/DSC02192.jpg \/><\/a><br \/>\n^ Abfahrt 5<\/p>\n<p><a href='http:\/\/ski.inmontanis.info\/d\/327930-2\/DSC02193.jpg'><img src=http:\/\/ski.inmontanis.info\/d\/327929-3\/DSC02193.jpg \/><\/a><br \/>\n^ Schneebaum<\/p>\n<p><a href='http:\/\/ski.inmontanis.info\/d\/327934-2\/DSC02194.jpg'><img src=http:\/\/ski.inmontanis.info\/d\/327933-3\/DSC02194.jpg \/><\/a><br \/>\n^ Linker SL (wohl Leitner plus etwas R\u00f6hrs) mit hochgeklappten Wartungspodesten<\/p>\n<p><a href='http:\/\/ski.inmontanis.info\/d\/327938-2\/DSC02195.jpg'><img src=http:\/\/ski.inmontanis.info\/d\/327937-3\/DSC02195.jpg \/><\/a><br \/>\n^ Linker SL<\/p>\n<p><a href='http:\/\/ski.inmontanis.info\/d\/327942-2\/DSC02196.jpg'><img src=http:\/\/ski.inmontanis.info\/d\/327941-3\/DSC02196.jpg \/><\/a><br \/>\n^ Das andere verkrustete Starth\u00e4uschen<\/p>\n<p><a href='http:\/\/ski.inmontanis.info\/d\/327946-2\/DSC02198.jpg'><img src=http:\/\/ski.inmontanis.info\/d\/327945-3\/DSC02198.jpg \/><\/a><br \/>\n^ Weitere Verkrustungen<\/p>\n<p><a href='http:\/\/ski.inmontanis.info\/d\/327950-2\/DSC02199.jpg'><img src=http:\/\/ski.inmontanis.info\/d\/327949-3\/DSC02199.jpg \/><\/a><br \/>\n^ Abfahrt 2 im unteren Bereich zum linken SL<\/p>\n<p><a href='http:\/\/ski.inmontanis.info\/d\/327954-2\/DSC02201.jpg'><img src=http:\/\/ski.inmontanis.info\/d\/327953-3\/DSC02201.jpg \/><\/a><br \/>\n^ Linker SL mit dem linken, ungen\u00fctzten Bereich &#8211; verschenktes Potential<\/p>\n<p><a href='http:\/\/ski.inmontanis.info\/d\/327958-2\/DSC02202.jpg'><img src=http:\/\/ski.inmontanis.info\/d\/327957-3\/DSC02202.jpg \/><\/a><br \/>\n^ Abfahrt 2+3 und der linke SL<\/p>\n<p><a href='http:\/\/ski.inmontanis.info\/d\/327962-2\/DSC02204.jpg'><img src=http:\/\/ski.inmontanis.info\/d\/327961-3\/DSC02204.jpg \/><\/a><br \/>\n^ Der linke SL hat eine ungew\u00f6hnliche St\u00fctzennummerierung<\/p>\n<p><a href='http:\/\/ski.inmontanis.info\/d\/327966-2\/DSC02211.jpg'><img src=http:\/\/ski.inmontanis.info\/d\/327965-3\/DSC02211.jpg \/><\/a><br \/>\n^ Linker SL, oberer Teil<\/p>\n<p><a href='http:\/\/ski.inmontanis.info\/d\/327970-2\/DSC02212.jpg'><img src=http:\/\/ski.inmontanis.info\/d\/327969-3\/DSC02212.jpg \/><\/a><br \/>\n^ Pistenplan, Daten und der Hinweis auf den lawinengef\u00e4hrdeten Bereich links vom linken SL<\/p>\n<p><a href='http:\/\/ski.inmontanis.info\/d\/327974-2\/DSC02214.jpg'><img src=http:\/\/ski.inmontanis.info\/d\/327973-3\/DSC02214.jpg \/><\/a><br \/>\n^ Offpiste ganz rechts durch die netten B\u00e4ume<\/p>\n<p><a href='http:\/\/ski.inmontanis.info\/d\/327978-2\/DSC02215.jpg'><img src=http:\/\/ski.inmontanis.info\/d\/327977-3\/DSC02215.jpg \/><\/a><br \/>\n^ Schneeb\u00e4ume, Schneesoldaten, wie auch immer.<\/p>\n<p><a href='http:\/\/ski.inmontanis.info\/d\/327982-2\/DSC02221.jpg'><img src=http:\/\/ski.inmontanis.info\/d\/327981-3\/DSC02221.jpg \/><\/a><br \/>\n^ Schneeb\u00e4ume und Blick retour zum rechten SL<\/p>\n<p><a href='http:\/\/ski.inmontanis.info\/d\/327986-2\/DSC02224.jpg'><img src=http:\/\/ski.inmontanis.info\/d\/327985-3\/DSC02224.jpg \/><\/a><br \/>\n^ Offpiste ganz rechts<\/p>\n<p><a href='http:\/\/ski.inmontanis.info\/d\/327990-2\/DSC02226.jpg'><img src=http:\/\/ski.inmontanis.info\/d\/327989-3\/DSC02226.jpg \/><\/a><br \/>\n^ Offpiste ganz rechts<\/p>\n<p><a href='http:\/\/ski.inmontanis.info\/d\/327994-2\/DSC02230.jpg'><img src=http:\/\/ski.inmontanis.info\/d\/327993-3\/DSC02230.jpg \/><\/a><br \/>\n^ Offpiste ganz rechts<\/p>\n<p><a href='http:\/\/ski.inmontanis.info\/d\/327998-2\/DSC02232.jpg'><img src=http:\/\/ski.inmontanis.info\/d\/327997-3\/DSC02232.jpg \/><\/a><br \/>\n^ Offpiste ganz rechts, hier gibts mal einen Steilhang, danach folgt wieder ein flacherer Bereich (je nach Abfahrt muss man etwas schieben)<\/p>\n<p><a href='http:\/\/ski.inmontanis.info\/d\/328002-2\/DSC02233.jpg'><img src=http:\/\/ski.inmontanis.info\/d\/328001-3\/DSC02233.jpg \/><\/a><br \/>\n^ .. danach kann man wieder sch\u00f6n im Wald runter bis zur Talstation<\/p>\n<p><a href='http:\/\/ski.inmontanis.info\/d\/328006-2\/DSC02236.jpg'><img src=http:\/\/ski.inmontanis.info\/d\/328005-3\/DSC02236.jpg \/><\/a><br \/>\n^ Diesmal nicht so weit rechts drau\u00dfen<\/p>\n<p><a href='http:\/\/ski.inmontanis.info\/d\/328010-2\/DSC02237.jpg'><img src=http:\/\/ski.inmontanis.info\/d\/328009-3\/DSC02237.jpg \/><\/a><br \/>\n^ Offpiste<\/p>\n<p><a href='http:\/\/ski.inmontanis.info\/d\/328014-2\/DSC02241.jpg'><img src=http:\/\/ski.inmontanis.info\/d\/328013-3\/DSC02241.jpg \/><\/a><br \/>\n^ Talstation linker SL<\/p>\n<p><a href='http:\/\/ski.inmontanis.info\/d\/328018-2\/DSC02242.jpg'><img src=http:\/\/ski.inmontanis.info\/d\/328017-3\/DSC02242.jpg \/><\/a><br \/>\n^ Bergstation Tellerlift mit fliegender Umlenkscheibe<\/p>\n<p><a href='http:\/\/ski.inmontanis.info\/d\/328022-2\/DSC02246.jpg'><img src=http:\/\/ski.inmontanis.info\/d\/328021-3\/DSC02246.jpg \/><\/a><br \/>\n^ Bergstation Tellerlift mit h\u00f6henverstellbaren Seilrollen<\/p>\n<p><a href='http:\/\/ski.inmontanis.info\/d\/328026-2\/DSC02250.jpg'><img src=http:\/\/ski.inmontanis.info\/d\/328025-3\/DSC02250.jpg \/><\/a><br \/>\n^ R\u00fcckseitenpano<\/p>\n<p><a href='http:\/\/ski.inmontanis.info\/d\/328030-2\/DSC02256.jpg'><img src=http:\/\/ski.inmontanis.info\/d\/328029-3\/DSC02256.jpg \/><\/a><br \/>\n^ Und noch einmal ganz rechts drau\u00dfen<\/p>\n<p><a href='http:\/\/ski.inmontanis.info\/d\/328034-2\/DSC02257.jpg'><img src=http:\/\/ski.inmontanis.info\/d\/328033-3\/DSC02257.jpg \/><\/a><br \/>\n^ Offpiste rechts<\/p>\n<p><a href='http:\/\/ski.inmontanis.info\/d\/328038-2\/DSC02258.jpg'><img src=http:\/\/ski.inmontanis.info\/d\/328037-3\/DSC02258.jpg \/><\/a><br \/>\n^ Offpiste rechts<\/p>\n<p>Im Auto sp\u00e4ter gab es eine \u00dcberraschung: das Schrank-Autoradio hat sich irgendwann (ggf. erst nach meiner R\u00fcckkehr) auf Standby eingeschaltet (h\u00e4tte sich, wenn, dann mit dem MP3-CD-Player von zuletzt einschalten m\u00fcssen, auch die Einstellungen waren mal wieder weg) und der Batteriemonitor hatte volle Hintergrundbeleuchtung. Beides deutet auf einen Stromverlust hin. Die Batterie zeigte aber 99% an und auch die Standheizung hatte noch ihre Uhrzeit behalten.  Sehr eigenartig&#8230;.  <\/p>\n<p>Hatte mir zuletzt mal wieder diese g\u00fcnstigen Hamburger im Supermarkt gekauft (0,60 oder 0,65 \u20ac pro St\u00fcck irgendwieso), also gabs heut mal wieder zwei davon, erg\u00e4nzt mit K\u00e4se und als Saucen entweder Bearnaise oder Hella Schaschlick (das noch in DE gekauft) oder beides.<\/p>\n<p><a href='http:\/\/extra.inmontanis.info\/d\/102890-3\/DSC02261.jpg'><img src=http:\/\/extra.inmontanis.info\/d\/102889-4\/DSC02261.jpg \/><\/a><br \/>\n^ Hamburger, die nur um die 60 Cent pro St\u00fcck kosten<\/p>\n<p><a href='http:\/\/extra.inmontanis.info\/d\/102894-3\/DSC02263.jpg'><img src=http:\/\/extra.inmontanis.info\/d\/102893-4\/DSC02263.jpg \/><\/a><br \/>\n^ .. und weil ich zuf\u00e4llig Schwarzw\u00e4lder Schinken gekauft hab, gabs da auch was drauf.<\/p>\n<p>Abends nochmals die Strecken durchgegangen, eigentlich sollte ich doch besser noch 1-2 Tage Luosto bleiben und es dann abschlie\u00dfen und mir die 300km Umweg im April sparen.<\/p>\n<p>Bin mir auch nicht im Klaren, ob ich die Norwegentour machen will, wenn keine Sonne gemeldet wird. Was macht das Skifahren am Meer oder Fjord schon gro\u00dfartig Sinn, wenn keine Sonne scheint? Ziemlich wenig. Meer\/See ohne Sonne ist grau und nicht blau.<\/p>\n<p>Vielleicht sollte ich noch bis DI in Luosto bleiben; sollte die NO-Tour ausgedehnt sein und ich im April keine Zeit mehr f\u00fcr Luosto haben, w\u00e4r ich jetzt wenigstens 4 Tage gewesen; wenn ich doch nochmals herkommen will\/muss, auch kein Problem.<\/p>\n<p><strong>Mo, 18.3.2024<\/strong><\/p>\n<p>Falls die Anzeige im Netz korrekt und aktuell ist, dann sind heute im Nahen Pyh\u00e4 windbedingt nicht nur die beiden KSBen, sondern auch die SL zum Gipfel geschlossen (auch der r\u00fcckseitige); hier in Luosto soll der Hauptlift aber laufen (der linke aber wg. Sturm zu sein).<\/p>\n<p>Nun, der Lift lief zwar noch langsamer als \u00fcblich, aber er lief.  Nat\u00fcrlich fuhr ich bei dem Wind fast nur bis zum Zwischenausstieg oberhalb des Steilhangs, wobei der Wind in Liftfahrtrichtung kam, also man musste beim Abahren im Flachteil nicht runterschieben.<\/p>\n<p><a href='http:\/\/ski.inmontanis.info\/d\/328042-2\/DSC02266.jpg'><img src=http:\/\/ski.inmontanis.info\/d\/328041-3\/DSC02266.jpg \/><\/a><br \/>\n^ Offpiste rechter Waldteil im steileren Bereich<\/p>\n<p><a href='http:\/\/ski.inmontanis.info\/d\/328046-2\/DSC02267.jpg'><img src=http:\/\/ski.inmontanis.info\/d\/328045-3\/DSC02267.jpg \/><\/a><br \/>\n^ Abfahrt 3 mit Schneeverwehungen<\/p>\n<p>Weil ja relativ g\u00fcnstig (und es fritiert nun mal besser schmeckt), wollte ich mir nachmittags im Restaurant nochmals die H\u00fchnerschnitzelchen mit Pommes um 10,50 \u20ac kaufen, diesmal mit Hinweis auf ungesalzene Pommes, wenn m\u00f6glich. Hat nicht ganz funktioniert, wie erwartet, aber schienen wenigstens weniger salzig. Ketchup ist ja inkludiert, wobei es anscheinend auch kleine Ketchup- und Senfbeutelchen gratis g\u00e4be. Warum man dann um 2,20 \u20ac noch einen Spezialdip kaufen sollte &#8211; w\u00fcrde mir nicht mal f\u00fcr 1,- einfallen. Gestern im Restaurant franz\u00f6sisch geh\u00f6rt, heute deutsch und sp\u00e4testens in den n\u00e4chsten Tagen auch niederl\u00e4ndisch.<\/p>\n<p><a href='http:\/\/ski.inmontanis.info\/d\/328050-2\/DSC02268.jpg'><img src=http:\/\/ski.inmontanis.info\/d\/328049-3\/DSC02268.jpg \/><\/a><br \/>\n^ Chicken Basket mit Pommes und Ketchup um 10,50 plus gratis Leitungswasser<\/p>\n<p>Hatte nach dem Essen keine gro\u00dfe &#8220;Luosto&#8221; mehr auf den Wind und hab um 16:10 aufgeh\u00f6rt. Bis ganz nach oben bin ich somit nur 2x gefahren, einmal f\u00fcr die Abfahrt 3 und zuvor f\u00fcr den Offpistebereich rechts. Temperaturen laut Anzeige Talstation zwischen +2 und -2 im Tagesverlauf.<\/p>\n<p>Also morgen, weil weniger Wind, k\u00f6nnte ich hier wohl noch einen Tag aushalten, aber ich glaub, dann reichts mir hier mal wieder. Die Lifte in Ounasvaara sind zwar nur halb so lang aber durch die gr\u00f6\u00dfere horizontalere Ausdehnung und den vielen alleinstehenden Abfahrten hat man gef\u00fchlt mehr Abwechslung.  Es ist einfach schade, dass der linke Bereich nicht gen\u00fctzt wird, so viel Potential verschenkt, da k\u00f6nnte man locker noch 2 Abfahrten, eine im weiteren Bogen, anbieten. <\/p>\n<p>Ich ging noch kurz in den kleinen Supermarkt, ohne was zu brauchen, aber vielleicht gibt&#8217;s wieder runtergesetzte Sachen am Ablaufdatum oder ein passendes, g\u00fcnstiges Geb\u00e4ck. Kochen w\u00fcrde ich heute nix mehr wollen bei dem gro\u00dfen Essen um 15 Uhr. Im Supermarkt &#8220;tiefste&#8221; Briten\/Engl\u00e4nder gewesen. -30% runtergesetzt gab&#8217;s Erdbeeer-Kiisseli (was auch immer), Fleischpizza und beim Geb\u00e4ck die Butterh\u00f6rnchen um 0,50. Also heut noch das Kiisseli probieren und die Pizza muss bis morgen halten.<\/p>\n<p><a href='https:\/\/de.wikipedia.org\/wiki\/Kissel_(Speise)'>https:\/\/de.wikipedia.org\/wiki\/Kissel_(Speise)<\/a><\/p>\n<p>Es war die H\u00e4lfte oben Erdbeerso\u00dfe und darunter eine Vanillecreme mit schleimiger Konsistenz, \u00e4hnlich Creme Brulee vielleicht, so dass ich irgendwann beides verr\u00fchrte und aufs Croissant schmierte, somit kaum von einem Vanille-Erdbeer-Croissant zu unterschieden war.<\/p>\n<p><a href='http:\/\/extra.inmontanis.info\/d\/102898-3\/DSC02270.jpg'><img src=http:\/\/extra.inmontanis.info\/d\/102897-4\/DSC02270.jpg \/><\/a><br \/>\n^ Runtergesetzte Eink\u00e4ufe, Hackfleischpizza und Marsipulami oder so \u00e4hnlich ;)<\/p>\n<p><a href='http:\/\/extra.inmontanis.info\/d\/102902-3\/DSC02274.jpg'><img src=http:\/\/extra.inmontanis.info\/d\/102901-4\/DSC02274.jpg \/><\/a><br \/>\n^ Gr\u00fcner Himmel, jaja, entweder Wetter bl\u00f6d oder keine Nordlichter oder kein dunkler Nachtplatz &#8211; und ich hab sowieso einfach keine Lust, nachts bei der K\u00e4lte nochmals rauszugehen<\/p>\n<p>H\u00e4tte man leichter den Campingplatz verl\u00e4ngern k\u00f6nnenn, w\u00e4r ich wohl die Nacht noch geblieben, aber man h\u00e4tte ja sowieso zum Hotel vorm\u00fcssen wegen zahlen und f\u00fcr neuen Zettel f\u00fcr die Windschutzscheibe &#8211; alles recht umst\u00e4ndlich hier, daher einen anderen Nachtplatz genommen. <\/p>\n<p><strong>Di, 19.3.2024<\/strong><\/p>\n<p>Morgens sehr sonnig, aber immer noch einige st\u00e4rkere Windb\u00f6en im Tal. Der linke SL stand sp\u00e4ter mit 12-1630 als heutige Betriebszeit im Plan. Um 12 Uhr dann leider recht bedeckt. Wind blieb leider \u00e4tzend.<\/p>\n<p>Der linke SL ist aber doch der beste Bereich hier, die Abfahrt 2 die sch\u00f6nste, weil kurvig und muldig\/h\u00fcgelig und keine langen Flachst\u00fccke.<\/p>\n<p><a href='http:\/\/ski.inmontanis.info\/d\/328054-2\/DSC02281.jpg'><img src=http:\/\/ski.inmontanis.info\/d\/328053-3\/DSC02281.jpg \/><\/a><br \/>\n^ Rechter SL, Abfahrt 8 und Parkplatz<\/p>\n<p>Heut gibts noch etwas mehr &#8220;St\u00fctzenporno&#8221;, zumindest der Tellerlift und der rechte SL sollten vom finnischen Hersteller Vintertec sein, allerdings noch bevor er Graffer-Teile verbaut hatte.<\/p>\n<p><a href='http:\/\/ski.inmontanis.info\/d\/328058-2\/DSC02285.jpg'><img src=http:\/\/ski.inmontanis.info\/d\/328057-3\/DSC02285.jpg \/><\/a><br \/>\n^ Rechter SL<\/p>\n<p><a href='http:\/\/ski.inmontanis.info\/d\/328062-3\/DSC02286.jpg'><img src=http:\/\/ski.inmontanis.info\/d\/328061-4\/DSC02286.jpg \/><\/a><br \/>\n^ Rechter SL<\/p>\n<p><a href='http:\/\/ski.inmontanis.info\/d\/328066-3\/DSC02292.jpg'><img src=http:\/\/ski.inmontanis.info\/d\/328065-4\/DSC02292.jpg \/><\/a><br \/>\n^ Rechter SL<\/p>\n<p><a href='http:\/\/ski.inmontanis.info\/d\/328070-3\/DSC02293.jpg'><img src=http:\/\/ski.inmontanis.info\/d\/328069-4\/DSC02293.jpg \/><\/a><br \/>\n^ Rechter SL<\/p>\n<p><a href='http:\/\/ski.inmontanis.info\/d\/328074-3\/DSC02294.jpg'><img src=http:\/\/ski.inmontanis.info\/d\/328073-4\/DSC02294.jpg \/><\/a><br \/>\n^ Rechter SL<\/p>\n<p><a href='http:\/\/ski.inmontanis.info\/d\/328078-3\/DSC02295.jpg'><img src=http:\/\/ski.inmontanis.info\/d\/328077-4\/DSC02295.jpg \/><\/a><br \/>\n^ Rechter SL<\/p>\n<p><a href='http:\/\/ski.inmontanis.info\/d\/328082-3\/DSC02298.jpg'><img src=http:\/\/ski.inmontanis.info\/d\/328081-4\/DSC02298.jpg \/><\/a><br \/>\n^ Rechter SL, letzte St\u00fctze 17<\/p>\n<p><a href='http:\/\/ski.inmontanis.info\/d\/328086-3\/DSC02301.jpg'><img src=http:\/\/ski.inmontanis.info\/d\/328085-4\/DSC02301.jpg \/><\/a><br \/>\n^ Linker SL, immerhin verrostet, leider langweilig grau<\/p>\n<p><a href='http:\/\/ski.inmontanis.info\/d\/328090-3\/DSC02302.jpg'><img src=http:\/\/ski.inmontanis.info\/d\/328089-4\/DSC02302.jpg \/><\/a><br \/>\n^ Tellerlift-St\u00fctze<\/p>\n<p><a href='http:\/\/ski.inmontanis.info\/d\/328094-3\/DSC02306.jpg'><img src=http:\/\/ski.inmontanis.info\/d\/328093-4\/DSC02306.jpg \/><\/a><br \/>\n^ Tellerlift-Talstation<\/p>\n<p><a href='http:\/\/ski.inmontanis.info\/d\/328098-3\/ge20240316-19b.jpg'><img src=http:\/\/ski.inmontanis.info\/d\/328097-4\/ge20240316-19b.jpg \/><\/a><br \/>\n^ GPS-Track vorherige Beuche in Hellgelb und 16.-19.3.2024 in Orange, Rosa, T\u00fcrkis und Gr\u00fcn<\/p>\n<p>Mit dem linken SL und dem rechten offpiste-Bereich war es hier definitiv sch\u00f6ner als im Dezember, allerdings fehlen interessante Waldabfahrten, wenn es mal wieder &#8211; wie fast immer &#8211; Sturm im baumfreien Gipfelbereich gibt.<\/p>\n<p>Wetttervorhersage meldet nun statt unendlich bew\u00f6lkt Sonne am Sonntag in Troms\u00f8, dann kann ich ja vielleicht doch die Norwegentour angehen.<\/p>\n<p>W\u00e4hrend der Fahrt gen Olos fiel mir auf, dass die innenbatterie nicht gelade wird. Das Ladeger\u00e4t zeigt zwar was von wegen Bulkladung und dann Absorptionsladung und 14,5V an, aber die Batterie zeigte nicht, dass sie geladen w\u00fcrde &#8211; aber auch keinen Fehler. Irgendwann ging es f\u00fcr ein paar minuten dann wieder nicht, dann hab ich die Ausgangsspannung von 14,5 auf 14,55V gestellt und es funktionierte besser. <\/p>\n<p>Anstatt in Kittil\u00e4 in einen Supermarkt zu gehen, ging&#8217;s mal wieder in einen Tokmanni. Wie im \u00d6oB in Schweden letztens g\u00e4b&#8217;s auch hier (eine gr\u00f6\u00dfere Auswahl an)  abwaschbaren Tischdecken (oder auch l\u00f6chrige) als Meterware,. allerdings 140cm breit und die Preisangaben sind nicht immer zu finden. Nat\u00fcrlich keine ohne Muster, aber die R\u00fcckseite wei\u00df und manche Muster so gut wie nicht durchschimmernd, allerdings der Stoff eher leinwandm\u00e4\u00dfig, nicht glatt.<\/p>\n<p>Leider nix gefunden, was ich brauchen konnte oder kaufen wollte, au\u00dfer einem alternativen Soda-Siurp Cola light, mal probieren.<\/p>\n<p>Gegen 19 Uhr an meinem Nachtplatz (in Levi) angekommen, blieb der PC nat\u00fcrlich aus, aber kochen musste ich ja noch. Die kleine Pizza passt perfekt auf den Grilltoaster. Als Nachspeise hatte ich noch ein gestern gekauftes Croissant &#8211; da kommt noch Erdbeermarmelade rein.<\/p>\n<p><a href='http:\/\/extra.inmontanis.info\/d\/102906-3\/DSC02313.jpg'><img src=http:\/\/extra.inmontanis.info\/d\/102905-4\/DSC02313.jpg \/><\/a><br \/>\n^ Die Pizza passt gr\u00f6\u00dfenm\u00e4\u00dfig perfekt auf meinen Grilltoaster ;)<\/p>\n<p><a href='http:\/\/extra.inmontanis.info\/d\/102910-3\/DSC02314.jpg'><img src=http:\/\/extra.inmontanis.info\/d\/102909-4\/DSC02314.jpg \/><\/a><br \/>\n^ .. damit es oben schneller warm wird<\/p>\n<p>Leider kam der benachbarte Wohnwagenbesitzer und stellte sein Stromaggregat an. Soll er doch auf den Campingplatz fahren, wenn er Strom braucht. Dauercamper oder was mit dem Wohnwagen hier?! Bliebe zu hoffen, dass er das ausmacht, bevor er schlafen geht. Sp\u00e4ter war das aus und ein anderes Aggregat von einem anderen Wohnmobilisten (etwas weiter weg) wurde eingeschaltet. Erst kurz vor&#8217;m Einschlafen war das Ger\u00e4t dann aus, aber gegen 6:30 lief es wieder, wollte aber eh um 7 Uhr aufstehen, da ich noch 50min fahren wollte. <\/p>\n<p>Zum Titel: &#8220;blutig&#8221; &#8211;  naja, hatte seit einigen Tagen mit einer Fieberblase an der Lippe zu k\u00e4mpfen und die blutig-eitrige Verkrustung klebte immer wieder an dem feucht-gefrierenden Hals-Mund-Nasen-W\u00e4rmetuch fest und riss ungef\u00e4hr t\u00e4glich ab. Da fiel mir der Titel ein und ich fand ihn witzig.<\/p>\n","protected":false},"excerpt":{"rendered":"<p>Sa, 16.3.2024 &#8211; Saison-Skitag#125* &#8211; Reisetag#175<\/p>\n<p>Nach dem Einkauf im Lidl in Rovaniemi kam ich um kurz nach 11 Uhr in Luosto an und hielt erst am Hotel, um f\u00fcr 2 Tage den 42,- \u20ac teuren Campingplatz zu buchen (ja, Schwimmbad&#038;Co im Hotel w\u00e4r inkludiert, brauch ich aber ja nicht). Offizieller Check-in\/out 12\/12 Uhr, also <a href=\"http:\/\/blog.inmontanis.info\/?p=9756\">[&#8230;]<\/a><\/p>\n","protected":false},"author":1,"featured_media":9758,"comment_status":"closed","ping_status":"closed","sticky":false,"template":"","format":"standard","meta":{"footnotes":""},"categories":[912,20,917,27],"tags":[47],"class_list":["post-9756","post","type-post","status-publish","format-standard","has-post-thumbnail","hentry","category-2023-09-2024-xx-skandinavien","category-finnlandfinland","category-luosto","category-skifahren-winterskiing-winter","tag-sl","odd"],"_links":{"self":[{"href":"http:\/\/blog.inmontanis.info\/index.php?rest_route=\/wp\/v2\/posts\/9756","targetHints":{"allow":["GET"]}}],"collection":[{"href":"http:\/\/blog.inmontanis.info\/index.php?rest_route=\/wp\/v2\/posts"}],"about":[{"href":"http:\/\/blog.inmontanis.info\/index.php?rest_route=\/wp\/v2\/types\/post"}],"author":[{"embeddable":true,"href":"http:\/\/blog.inmontanis.info\/index.php?rest_route=\/wp\/v2\/users\/1"}],"replies":[{"embeddable":true,"href":"http:\/\/blog.inmontanis.info\/index.php?rest_route=%2Fwp%2Fv2%2Fcomments&post=9756"}],"version-history":[{"count":4,"href":"http:\/\/blog.inmontanis.info\/index.php?rest_route=\/wp\/v2\/posts\/9756\/revisions"}],"predecessor-version":[{"id":9761,"href":"http:\/\/blog.inmontanis.info\/index.php?rest_route=\/wp\/v2\/posts\/9756\/revisions\/9761"}],"wp:featuredmedia":[{"embeddable":true,"href":"http:\/\/blog.inmontanis.info\/index.php?rest_route=\/wp\/v2\/media\/9758"}],"wp:attachment":[{"href":"http:\/\/blog.inmontanis.info\/index.php?rest_route=%2Fwp%2Fv2%2Fmedia&parent=9756"}],"wp:term":[{"taxonomy":"category","embeddable":true,"href":"http:\/\/blog.inmontanis.info\/index.php?rest_route=%2Fwp%2Fv2%2Fcategories&post=9756"},{"taxonomy":"post_tag","embeddable":true,"href":"http:\/\/blog.inmontanis.info\/index.php?rest_route=%2Fwp%2Fv2%2Ftags&post=9756"}],"curies":[{"name":"wp","href":"https:\/\/api.w.org\/{rel}","templated":true}]}}