{"id":9744,"date":"2024-03-09T19:54:36","date_gmt":"2024-03-09T18:54:36","guid":{"rendered":"http:\/\/blog.inmontanis.info\/?p=9744"},"modified":"2024-03-18T17:24:40","modified_gmt":"2024-03-18T16:24:40","slug":"mattsundsbacken-9-3-2024-schwedische-spezialitaten","status":"publish","type":"post","link":"http:\/\/blog.inmontanis.info\/?p=9744","title":{"rendered":"M\u00e5ttsundsbacken, 9.3.2024 \/ + Schwedische Spezialit\u00e4ten"},"content":{"rendered":"<p><strong>Sa, 9.3.2024<\/strong><\/p>\n<p>Skibetrieb am M\u00e5ttsundsbacken ab 10:00 und ich war schon um 9:10 da, aber l\u00e4nger schlafen h\u00e4tte ich auch nicht k\u00f6nnen. H\u00e4tte h\u00f6chstens einkaufen k\u00f6nnen, aber alle Flaschen waren noch nicht leer, also wird das auf heute Nachmittag verschoben, denn ich will keine schwedische Pfandflasche mit nach Finnland nehmen.<\/p>\n<p>Die Halbtageskarte kostet 120,- SEK, also etwas \u00fcber 10 \u20ac, diese gilt von 10-13 Uhr. Der rechte SL des Doppel-SL ist auch heuer nicht in Betrieb, wie schon bei meinem letzten Besuch vor einigen Jahren.  <\/p>\n<p>Von den kleinen Skigebieten an der K\u00fcste bzw. nahe den St\u00e4dten ist Mattsund noch das interessanteste (obwohl ich fast alle anderen ja auch noch nicht besucht hatte), auch wenn ich es nicht besucht h\u00e4tte, wenn es 1. nicht so g\u00fcnstig und 2. direkt am Weg l\u00e4ge.<\/p>\n<p>Es wurde  nicht so voll, wie erwartet, Wartezeiten nur hin und wieder etwas am Kurven-SL. Die pr\u00e4parierten Abfahrten gingen solang noch gut zu fahren, wie die Pr\u00e4parierungsspur sichtbar war, darunter dann schon eisig. Offpiste nat\u00fcrlich auch sehr eisig und zu vergessen, leider, denn damit hab ich den steileren Wald rechts komplett auslassen und auch die 2 Ausfl\u00fcge in den linken Wald waren grenzwertig schwierig aufgrund des eisigen Untergrundes.<\/p>\n<p>Es war dann in Summe zwar trotzdem recht nett dank des Sonnenscheins, aber n\u00e4chstes Mal ist der Schnee hier hoffentlich wieder besser.<\/p>\n<p><a href='http:\/\/ski.inmontanis.info\/d\/327554-2\/DSC01967.jpg'><img src=http:\/\/ski.inmontanis.info\/d\/327553-3\/DSC01967.jpg \/><\/a><br \/>\n^ Bis auf den SL rechts ist das das komplette Skigebiet. Die mittlere Abfahrt (im Kurven-Lift-Dreieck) ist mittlerweile fast nur noch Funpark und k\u00fcnstliche Buckelpiste, f\u00e4llt somit als Besch\u00e4ftigung aus, au\u00dfer man f\u00e4hrt durch den Funpark<\/p>\n<p><a href='http:\/\/ski.inmontanis.info\/d\/327558-2\/DSC01969.jpg'><img src=http:\/\/ski.inmontanis.info\/d\/327557-3\/DSC01969.jpg \/><\/a><br \/>\n^ Rechter SL, wobei wieder nur der linke in Betrieb ist.<\/p>\n<p><a href='http:\/\/ski.inmontanis.info\/d\/327562-2\/DSC01971.jpg'><img src=http:\/\/ski.inmontanis.info\/d\/327561-3\/DSC01971.jpg \/><\/a><br \/>\n^ Abfahrt am rechten SL und Kurven-SL<\/p>\n<p><a href='http:\/\/ski.inmontanis.info\/d\/327566-2\/DSC01973.jpg'><img src=http:\/\/ski.inmontanis.info\/d\/327565-3\/DSC01973.jpg \/><\/a><br \/>\n^ Pano zu Steinbruch und Lule\u00e5<\/p>\n<p><a href='http:\/\/ski.inmontanis.info\/d\/327570-2\/DSC01974.jpg'><img src=http:\/\/ski.inmontanis.info\/d\/327569-3\/DSC01974.jpg \/><\/a><br \/>\n^ Abfahrt am Kurven-SL<\/p>\n<p><a href='http:\/\/ski.inmontanis.info\/d\/327574-2\/DSC01975.jpg'><img src=http:\/\/ski.inmontanis.info\/d\/327573-3\/DSC01975.jpg \/><\/a><br \/>\n^ Kurven-SL<\/p>\n<p><a href='http:\/\/ski.inmontanis.info\/d\/327578-2\/DSC01978.jpg'><img src=http:\/\/ski.inmontanis.info\/d\/327577-3\/DSC01978.jpg \/><\/a><br \/>\n^ Mittlerweile kann man auch vom Starth\u00e4uschen nicht mehr brauchbar zum Meer sehen<\/p>\n<p><a href='http:\/\/ski.inmontanis.info\/d\/327582-2\/DSC01981.jpg'><img src=http:\/\/ski.inmontanis.info\/d\/327581-3\/DSC01981.jpg \/><\/a><br \/>\n^ Offpiste links vom Kurven-SL<\/p>\n<p><a href='http:\/\/ski.inmontanis.info\/d\/327586-2\/DSC01984.jpg'><img src=http:\/\/ski.inmontanis.info\/d\/327585-3\/DSC01984.jpg \/><\/a><br \/>\n^ .. leider unsch\u00f6n eisig alles<\/p>\n<p><a href='http:\/\/ski.inmontanis.info\/d\/327590-2\/DSC01987.jpg'><img src=http:\/\/ski.inmontanis.info\/d\/327589-3\/DSC01987.jpg \/><\/a><br \/>\n^ Rechter SL<\/p>\n<p><a href='http:\/\/ski.inmontanis.info\/d\/327594-2\/DSC01990.jpg'><img src=http:\/\/ski.inmontanis.info\/d\/327593-3\/DSC01990.jpg \/><\/a><br \/>\n^ Kurven-SL<\/p>\n<p><a href='http:\/\/ski.inmontanis.info\/d\/327598-2\/DSC01991.jpg'><img src=http:\/\/ski.inmontanis.info\/d\/327597-3\/DSC01991.jpg \/><\/a><br \/>\n^ Zoom Lule\u00e5<\/p>\n<p><a href='http:\/\/ski.inmontanis.info\/d\/327602-2\/DSC01992.jpg'><img src=http:\/\/ski.inmontanis.info\/d\/327601-3\/DSC01992.jpg \/><\/a><br \/>\n^ Zoom Lule\u00e5<\/p>\n<p><a href='http:\/\/ski.inmontanis.info\/d\/327606-3\/DSC01994.jpg'><img src=http:\/\/ski.inmontanis.info\/d\/327605-4\/DSC01994.jpg \/><\/a><br \/>\n^ Da die Bergstation am Kurven-SL keine mehreren gro\u00dfen Umlenkscheiben hat, sind anscheinend die Rollen an den letzten beiden St\u00fctzen horizontal verschiebbar<\/p>\n<p><a href='http:\/\/ski.inmontanis.info\/d\/327610-3\/DSC01997.jpg'><img src=http:\/\/ski.inmontanis.info\/d\/327609-4\/DSC01997.jpg \/><\/a><br \/>\n^ Zoom Steinbruch<\/p>\n<p><a href='http:\/\/ski.inmontanis.info\/d\/327614-3\/DSC01998.jpg'><img src=http:\/\/ski.inmontanis.info\/d\/327613-4\/DSC01998.jpg \/><\/a><br \/>\n^ Mittlerweile kaum noch m\u00f6glich, zum Meer zu sehen<\/p>\n<p>Im Sommer 2006 konnte man noch besser nach Osten sehen:<\/p>\n<p><a href='http:\/\/ski.inmontanis.info\/d\/2341-2\/P1090206.jpg'><img src=http:\/\/ski.inmontanis.info\/d\/2341-2\/P1090206.jpg \/><\/a><br \/>\n^ Blick zum Meer im Sommer 2006<\/p>\n<p><a href='http:\/\/ski.inmontanis.info\/d\/2338-2\/P1090205.jpg'><img src=http:\/\/ski.inmontanis.info\/d\/2338-2\/P1090205.jpg \/><\/a><br \/>\n^ Blick zum Meer im Sommer 2006<\/p>\n<p>&#8211;<\/p>\n<p><a href='http:\/\/ski.inmontanis.info\/d\/327618-3\/DSC01999.jpg'><img src=http:\/\/ski.inmontanis.info\/d\/327617-4\/DSC01999.jpg \/><\/a><br \/>\n^ Offpiste vom rechten SL nach links bzw. hintenrum, man kommt zur Stra\u00dfe ..<\/p>\n<p><a href='http:\/\/ski.inmontanis.info\/d\/327622-3\/DSC02000.jpg'><img src=http:\/\/ski.inmontanis.info\/d\/327621-4\/DSC02000.jpg \/><\/a><br \/>\n^ .. die zu diesem Turm f\u00fchrt<\/p>\n<p><a href='http:\/\/ski.inmontanis.info\/d\/327626-3\/DSC02001.jpg'><img src=http:\/\/ski.inmontanis.info\/d\/327625-4\/DSC02001.jpg \/><\/a><br \/>\n^ .. bis hierhin kann man die Stra\u00dfe fahren, dann sollte man wohl abbiegen nach links, wenn man zum SL retour will.<\/p>\n<p><a href='http:\/\/ski.inmontanis.info\/d\/327630-3\/DSC02003.jpg'><img src=http:\/\/ski.inmontanis.info\/d\/327629-4\/DSC02003.jpg \/><\/a><br \/>\n^ Durch die eisigen Schneeverh\u00e4ltnisse musste man immerhin nicht viel schieben<\/p>\n<p><a href='http:\/\/ski.inmontanis.info\/d\/327634-3\/DSC02004.jpg'><img src=http:\/\/ski.inmontanis.info\/d\/327633-4\/DSC02004.jpg \/><\/a><br \/>\n^ .. und man kam an diesem komischen Konstrukt vorbei<\/p>\n<p><a href='http:\/\/ski.inmontanis.info\/d\/327638-3\/DSC02007.jpg'><img src=http:\/\/ski.inmontanis.info\/d\/327637-3\/DSC02007.jpg \/><\/a><br \/>\n^ Skipass<\/p>\n<p><a href='http:\/\/ski.inmontanis.info\/d\/327642-3\/ge20240309b.jpg'><img src=http:\/\/ski.inmontanis.info\/d\/327641-4\/ge20240309b.jpg \/><\/a><br \/>\n^ GPS-Track vom 9.3.2024 in Gelb; vorheriger Besuch in Rosa. Die steileren Offpistevarianten durch den Wald rechts hab ich wg. den eisigen Schneeverh\u00e4ltnissen leider ausgelassen<\/p>\n<p>Was stand heute noch am Plan? Einkaufen im WIllys-Supermarkt und Essen im Biltema-Caf\u00e9, beides in Lule\u00e5 . Einen \u00d6oB-Markt wollte ich auch endlich mal besuchen, weil noch nie gewesen. Vermutlich \u00e4hnlich wie Dollarstore und Rusta, die offenen S\u00fc\u00dfigkeiten sollen laut  Website sogar nur 6,90 oder 5,90 SEK \/ 100g kosten, weil im Angebot. Ob ich heut noch bis Finnland fahren w\u00fcrde oder nochmals in Schweden \u00fcbernachten w\u00fcrde (und das dann freistehend fr\u00fcher an einem Campingplatz oder nicht), war dagegen noch nicht entschieden. <\/p>\n<p>\u00d6oB, ja \u00e4hnlich, aber etwas anderes Sortiment. Vorteil in diesen schwedischen M\u00e4rkten, wie bei Ikea, man geht komplett durch und sieht somit jede Abteilung, nicht zig G\u00e4nge, die man entweder alle einzeln abwandern muss oder dann die H\u00e4lfte verpasst. Nur Biltema hat dieses Konzept nicht \u00fcbernommen.<\/p>\n<p>Was ich noch nirgends bisher gesehen hatte, hier im \u00d6oB aber gibt: abwaschbare Tischdecken als Meterware. Zwei der Muster (also betreffend R\u00fcckseite) w\u00e4ren vielleicht f\u00fcr meinen Leinwandrahmen sinnvoll. Aber ob ich das viel besser gespannt bekommen w\u00fcrde &#8211; und mich das Muster von der R\u00fcckseite nicht vielleicht doch st\u00f6rt? Jedenfalls d\u00fcnner als mein Rollupstoff. Bei dem g\u00fcnstigen Godis-Preis wurden es halt \u00fcber 1kg (um 5 oder 6 \u20ac) ;)<\/p>\n<p>Bei Biltema war das Schinken-K\u00e4se-Hotdog um 10,- im Angebot, also eines genommen, und weil schon lang nicht mehr gehabt, die K\u00f6ttbullar um 39,- gleich hinterher (ohne Gurkenrelish), dann im Einkaufsbereich viele G\u00e4nge durchgegangen und anschlie\u00dfend noch die Pfannkuchen mit Marmelade und Sahne um 25,- gekauft. \u00dcbrigens g\u00e4be es um 5,- SEK nicht nur das kleine Hotdog, sondern auch die Zimtschnecke samt Kaffee. Nach dem Klogang sp\u00e4ter noch ein Semla um 20,- mitgenommen f\u00fcr heut Abend, musste aber etwas verpackt werden und in den K\u00fchlschrank wegen der Sahne.<\/p>\n<p>Semla? ->  <a href='https:\/\/de.wikipedia.org\/wiki\/Semla'>https:\/\/de.wikipedia.org\/wiki\/Semla<\/a><\/p>\n<p>In Summe also 94,- SEK, ca. 8,50 \u20ac f\u00fcr ein 4-G\u00e4nge-Men\u00fc ausgegeben ;)<\/p>\n<p><a href='http:\/\/extra.inmontanis.info\/d\/102830-3\/IMG_20240309_150408_5.jpg'><img src=http:\/\/extra.inmontanis.info\/d\/102829-4\/IMG_20240309_150408_5.jpg \/><\/a><br \/>\n^ K\u00f6ttbullar mit Kartoffelbrei und Preiselbeeren um 39,- SEK (samt gratis Wasser)<\/p>\n<p><a href='http:\/\/extra.inmontanis.info\/d\/102834-3\/IMG_20240309_155841_2.jpg'><img src=http:\/\/extra.inmontanis.info\/d\/102833-4\/IMG_20240309_155841_2.jpg \/><\/a><br \/>\n^ Noch die Pfannkuchen mit Erdbeermarmelade und Sahne um 25,- SEK<\/p>\n<p>Zwar ein relativ h\u00e4ssliches Gr\u00fcn und schm\u00e4ler, aber da mein Scheibenreiniger\/abwischer kaputt geworden ist (der Schwamm ist zerbrochen und rausgegangen) und 64,90 SEK (also unter 6 \u20ac) mit Teleskopstange wohl relativ g\u00fcnstig w\u00e4re, nahm ich&#8217;s halt mit:<\/p>\n<p><a href='http:\/\/extra.inmontanis.info\/d\/102838-3\/DSC02009.jpg'><img src=http:\/\/extra.inmontanis.info\/d\/102837-4\/DSC02009.jpg \/><\/a><br \/>\n^ Scheiben-Wischer, beim alten unten ist der Schwamm rausgebrochen, der neue oben ist halt schm\u00e4ler<\/p>\n<p><a href='http:\/\/extra.inmontanis.info\/d\/102842-3\/DSC02010.jpg'><img src=http:\/\/extra.inmontanis.info\/d\/102841-4\/DSC02010.jpg \/><\/a><br \/>\n^ .. und ein Semla um 20,- mit Mandel\/Marzipancreme und Sahne. Nur immer schwierig zu essen, weil so hoch<\/p>\n<p>Nach etwas Rumtr\u00f6deln war es schon 16:30. Noch vor dem Supermarkt. Der sinnvollste\/einzigste Freistehplatz halbwegs auf dem Weg noch in Schweden w\u00e4re in ca. 1h Fahrzeit entfernt, der Supermarkt in FI in Tornio (nicht mit Torino zu verwechseln ;) ) hat morgen erst ab 10 Uhr offen, dahin aber vom Nachtplatz noch \u00fcber 1h Fahrzeit und Zeitverschiebung +1h, d.h. aber ggf. erst gegen 1300 in Ounasvaara (und morgen w\u00e4r Sonne gemeldet). Alternativ noch ca. 2,5h fahren bis Tornio und auch in FI einkaufen und wieder am kleinen SL dort in der N\u00e4he \u00fcbernachten, dann morgen fr\u00fch aber kein Rastplatz\/Supermarkt mehr mit WC-M\u00f6glichkeit.<\/p>\n<p>Maxi-ICA hab ich hier ja vor ein paar Monaten ja gemieden, weil die Pfandstation irgendwo weit weg auf dem Parkplatz ist; Lidl w\u00e4re heut auch gegangen, weil ich die SE-Pfandflaschen ja nur loswerden und keine einkaufen wollte, aber der ist in Lulea irgendwo in der Stadt, nicht hier am Rand so sch\u00f6n auf Durchfahrt, dann also Willy:s und mich f\u00fcr den Rest des Tages mit der 0,5l-Flasche vom Rucksack begn\u00fcgen, bevor ich dann morgen in FI wieder finnische Pfandflaschen kaufen kann&#8230;  das nervt mit diesen Pfandflaschen&#8230;<\/p>\n<p>Willys ist eh einer der g\u00fcstigsten Superm\u00e4rkte. Mohnsemmel 4,90 das Stk., Zimtschnecke, Donut, Muffin, Krapfen w\u00fcrden 9,90 kosten. Leider sp\u00e4ter im Auto festgestellt, dass die Mohnsemmeln schon komplett hart waren.<\/p>\n<p>Eigentlich wollte ich mal eine Packung Mandelkubb mitnehmen, weil heuer noch gar nicht gekauft und aufgefallen, aber dann fiel mir ein Pepparkaka auf, Pfefferkuchen? Gew\u00fcrzkuchen? Das w\u00e4rja geil. Riechen tut er mal, Zimt, Kardamom, Ingwer und Nelkengw\u00fcrz drin laut Zutatenliste, also mal gekauft. Einige Tage sp\u00e4ter: Ja, schmeckt schon nach Pfefferkuchen, aber die deutsche Gew\u00fcrzkuchenmischung, die ich letztes Jahr im Sommer verbacken hab, war besser. Anscheinend sind da noch ein, zwei andere Gew\u00fcrze drin.<\/p>\n<p><a href='http:\/\/extra.inmontanis.info\/d\/102846-3\/IMG_20240309_171058_1.jpg'><img src=http:\/\/extra.inmontanis.info\/d\/102845-4\/IMG_20240309_171058_1.jpg \/><\/a><br \/>\n^ Die Negerk\u00fcsse\/Schwedenbomben sind in SE ja verh\u00e4ltnism\u00e4\u00dfig recht teuer; aber der Pepparkaka hatte hier meine Aufmerksamkeit erregt.<\/p>\n<p><a href='http:\/\/extra.inmontanis.info\/d\/102850-3\/IMG_20240309_171132_5.jpg'><img src=http:\/\/extra.inmontanis.info\/d\/102849-4\/IMG_20240309_171132_5.jpg \/><\/a><br \/>\n^ Dieser Multipack Zimtschnecken ist sonst auch zu empfehlen (oder auch die derzeit ausverkauften Zimt-Gifflar dr\u00fcber, aber die bekommt man ja auch in DE\/AT manchmal)<\/p>\n<p>Geschnittene (islamisch-deutsche Truthahn\/H\u00fchner-) Paprikawurst gab&#8217;s auch, 200g um 15,90. 550g Pulled Pork BBQ war im Angebot um 47,90 &#8230; mal mit Kartoffeln n\u00e4chste Woche kochen? Ist halt immer eine ziemliche Sauerei, das Zeug rauszubekommen und den Beutel wieder verschliessen. In Schweden produzierte Salsiccia gabs auch, aber wohl zweifelhaft, laut Zutatenliste: Cayennepfeffer. Nein, das ist dann keine richtige italienische Salsiccia. Nat\u00fcrlich auch nochmals einen Oatly Kakao um 16,90 mitgenommen, leider zu sp\u00e4t gesehen, dass das die Packung ist, die sonst nicht in Schweden verkauft wird, und zwar mit Clip- statt Schraubverschluss. So einen M\u00fcll kauf ich mir eigentlich nicht, aber manchmal erwischt man ja auch eine Milchpackung ganz ohne Verschluss und wie hier muss man es dann umf\u00fcllen, wenn man es vern\u00fcnftig verschlie\u00dfen will.<\/p>\n<p>Hab \u00fcber 1h im Supermarkt gebraucht, Willys sind doch gar nicht so gro\u00df&#8230; Sonderlich toll war der Nachtplatz in Schweden dann auch nicht, nur wenig ger\u00e4umt, absch\u00fcssig, eisig&#8230; kam um 18:50 an. <\/p>\n<p><a href='http:\/\/extra.inmontanis.info\/d\/102854-3\/DSC02014.jpg'><img src=http:\/\/extra.inmontanis.info\/d\/102853-4\/DSC02014.jpg \/><\/a><br \/>\n^ Eink\u00e4ufe; diesmal zuf\u00e4llig ein Glas Nur-Erbsen entdeckt und f\u00fcr die n\u00e4chste Speck-Nudelpartie mitgenommen<\/p>\n<p><a href='http:\/\/extra.inmontanis.info\/d\/102858-3\/DSC02012.jpg'><img src=http:\/\/extra.inmontanis.info\/d\/102857-4\/DSC02012.jpg \/><\/a><br \/>\n^ Endlich mal wieder N\u00fcsse bekommen, davon gibts ja in Schweden je nach Supermarkt zwischen 0 und sehr viel Auswahl<\/p>\n<p>Diese Nuss-\/Naturgodis zum Selbstmischen sind f\u00fcr mich eins der Highlights in Schweden, je nach Supermarktkette hat man mal mehr oder mal weniger Auswahl (oder in den kleineren gar nicht), man hat auch nicht immer alles zur Auswahl, es gibt da verschiedene Hersteller, aber was es zB. so alles gibt:<br \/>\n&#8211; Cashew-N\u00fcsse natur, gesalzen, gepfeffert, Honigkruste, Sourcream&#038;Onion, K\u00e4se, Parmesan, Scharf, evtl. noch 1-2 andere Sorten, die mir jetzt nicht einfallen, mit wei\u00dfer\/heller\/dunkler\/Joghurt-Schokolade ummantelt<br \/>\n&#8211; Paran\u00fcsse, natur (ohne Schale) oder mit Schoko drumrum (beides recht selten)<br \/>\n&#8211; Mandeln, natur, gesalzen, ger\u00e4uchert, BBQ, gebrannt, mit Honig, dicker ummantelt mit Lakritz oder Zimtschokolade oder Blaubeerschokolade oder Orangenschokolade und noch einige weitere Varianten, aber leider keine Schoko-Mandelsplitterhaufen<br \/>\n&#8211; Erdn\u00fcsse mit Schokolade (einzeln oder als Haufen) wei\u00df\/hell\/dunkel, als Haufen auch mit Joghurt oder als Apfelstrudelversion, gebrannt, mit Honig, aber nicht pur\/natur\/gesalzen\/gew\u00fcrtzt.<br \/>\n&#8211; Mais ger\u00f6stet oder als Schoko-Popcorn oder in Scharf<br \/>\n&#8211; ganze Erdbeeren in Schokolade, ganze Himbeeren in Schokolade, glaub auch Bananenchips, das ist aber nicht mein Fall<br \/>\n&#8211; Pistazien, eigentlich nur normal ger\u00f6stet+gesalzen mit Schale, leider nicht mit Schokolade<br \/>\n&#8211; Haseln\u00fcsse mit wei\u00dfer\/heller\/dunkler Schokolade<br \/>\n&#8211; und vmtl. noch ein paar andere, die ich jetzt vergessen hab oder die mich nicht so interessieren (Jedenfalls keine z.B. Kichererbsen oder Sonnenblumenkerne), au\u00dferdem gibts auch andere, Nicht-Nuss-Sachen wie zB. Kokos-Schokoladenhaufen etc.<\/p>\n<p><a href='http:\/\/extra.inmontanis.info\/d\/102862-3\/DSC02013.jpg'><img src=http:\/\/extra.inmontanis.info\/d\/102861-4\/DSC02013.jpg \/><\/a><br \/>\n^ Und \u00fcber 1kg S\u00fc\u00dfigkeiten, bei 5,90  oder 6,90 SEK \/ 100g muss man zuschlagen<\/p>\n<p>Eigentlich war ich ja immer noch satt, aber der\/die\/das Semla musste ja noch weg. Der Apfelkrapfen, den ich im Willys auch noch kaufte, wird auf morgen verschoben.<\/p>\n<p><a href='http:\/\/extra.inmontanis.info\/d\/102866-3\/DSC02015.jpg'><img src=http:\/\/extra.inmontanis.info\/d\/102865-4\/DSC02015.jpg \/><\/a><br \/>\n^ Bisher hat mir ja fast noch jedes tiefgek\u00fchlte Fertiggericht geschmeckt, aber die Ox-J\u00e4rper links waren (am n\u00e4chsten Tag) leider nicht mein Fall. Die Mini-R\u00f6sti zerlegten sich und das Gem\u00fcse war mir zu gro\u00df und zu hart. Dazu noch Parprika-Wurst f\u00fcr tags\u00fcber und das Pulled Pork f\u00fcr die n\u00e4chsten Abende<\/p>\n<p>&#8211; &#8211; &#8211;<\/p>\n<p>&#8220;Habe nur ich das Gef\u00fchl, dass die europ\u00e4ischen Regierungen die \u00d6ffentlichkeit auf einen gro\u00dfen Krieg vorbereiten, den sie hinter den Kulissen immer eifriger vorantreiben?&#8221;<br \/>\n<a href='https:\/\/www.anti-spiegel.ru\/2024\/die-kriegsgefahr-wird-auch-fuer-deutschland-realer\/'>https:\/\/www.anti-spiegel.ru\/2024\/die-kriegsgefahr-wird-auch-fuer-deutschland-realer\/<\/a><\/p>\n","protected":false},"excerpt":{"rendered":"<p>Sa, 9.3.2024<\/p>\n<p>Skibetrieb am M\u00e5ttsundsbacken ab 10:00 und ich war schon um 9:10 da, aber l\u00e4nger schlafen h\u00e4tte ich auch nicht k\u00f6nnen. H\u00e4tte h\u00f6chstens einkaufen k\u00f6nnen, aber alle Flaschen waren noch nicht leer, also wird das auf heute Nachmittag verschoben, denn ich will keine schwedische Pfandflasche mit nach Finnland nehmen.<\/p>\n<p>Die Halbtageskarte kostet 120,- SEK, <a href=\"http:\/\/blog.inmontanis.info\/?p=9744\">[&#8230;]<\/a><\/p>\n","protected":false},"author":1,"featured_media":9746,"comment_status":"closed","ping_status":"closed","sticky":false,"template":"","format":"standard","meta":{"footnotes":""},"categories":[912,644,19,27],"tags":[47],"class_list":["post-9744","post","type-post","status-publish","format-standard","has-post-thumbnail","hentry","category-2023-09-2024-xx-skandinavien","category-mattsund","category-schwedensweden","category-skifahren-winterskiing-winter","tag-sl","odd"],"_links":{"self":[{"href":"http:\/\/blog.inmontanis.info\/index.php?rest_route=\/wp\/v2\/posts\/9744","targetHints":{"allow":["GET"]}}],"collection":[{"href":"http:\/\/blog.inmontanis.info\/index.php?rest_route=\/wp\/v2\/posts"}],"about":[{"href":"http:\/\/blog.inmontanis.info\/index.php?rest_route=\/wp\/v2\/types\/post"}],"author":[{"embeddable":true,"href":"http:\/\/blog.inmontanis.info\/index.php?rest_route=\/wp\/v2\/users\/1"}],"replies":[{"embeddable":true,"href":"http:\/\/blog.inmontanis.info\/index.php?rest_route=%2Fwp%2Fv2%2Fcomments&post=9744"}],"version-history":[{"count":3,"href":"http:\/\/blog.inmontanis.info\/index.php?rest_route=\/wp\/v2\/posts\/9744\/revisions"}],"predecessor-version":[{"id":9749,"href":"http:\/\/blog.inmontanis.info\/index.php?rest_route=\/wp\/v2\/posts\/9744\/revisions\/9749"}],"wp:featuredmedia":[{"embeddable":true,"href":"http:\/\/blog.inmontanis.info\/index.php?rest_route=\/wp\/v2\/media\/9746"}],"wp:attachment":[{"href":"http:\/\/blog.inmontanis.info\/index.php?rest_route=%2Fwp%2Fv2%2Fmedia&parent=9744"}],"wp:term":[{"taxonomy":"category","embeddable":true,"href":"http:\/\/blog.inmontanis.info\/index.php?rest_route=%2Fwp%2Fv2%2Fcategories&post=9744"},{"taxonomy":"post_tag","embeddable":true,"href":"http:\/\/blog.inmontanis.info\/index.php?rest_route=%2Fwp%2Fv2%2Ftags&post=9744"}],"curies":[{"name":"wp","href":"https:\/\/api.w.org\/{rel}","templated":true}]}}