{"id":9740,"date":"2024-03-08T19:10:16","date_gmt":"2024-03-08T18:10:16","guid":{"rendered":"http:\/\/blog.inmontanis.info\/?p=9740"},"modified":"2024-03-14T19:22:46","modified_gmt":"2024-03-14T18:22:46","slug":"storklinta-8-3-2024","status":"publish","type":"post","link":"http:\/\/blog.inmontanis.info\/?p=9740","title":{"rendered":"Storklinta, 8.3.2024"},"content":{"rendered":"<p><strong>Fr, 8.3.2024<\/strong><\/p>\n<p>Als ich um kurz nach 12 Uhr in Storklinta angekommen bin, war ich etwas entt\u00e4uscht, denn am rechten, roten Poma-SL  waren weiterhin keine Geh\u00e4nge. H\u00e4tte erwartet, dass der mittlerweile auch in Betrieb w\u00e4re, da er ja damals um Neujahr kurz in Betrieb ging, um das Eis \/ die Windverkrustungen abzusch\u00fctteln. <\/p>\n<p>Der Imbisswagen  war auch nicht offen und bis zum Restaurant im Campingplatz wollte ich nicht r\u00fcberlaufen. Preise laut Homepage: Hamburger 80, Baconbuger 100, Hotdog 25, Wurst mit Kartoffelbrei statt Br\u00f6tchen 30.<\/p>\n<p>Ab 1300 gab es kleine Wartezeiten am SL, wobei es keine sinnvolle Absperrung gab und sich manchmal von beiden Seiten Leute anstellten, anstatt dass  die sich dann ans Ende der Schlange anstellen w\u00fcrden. Immer wenn ich von links kam, gab es nur eine Anstehseite, rechts, also hab ich da bis ans Ende geschoben, aber kaum war ich hinten in der Schlange, bildete sich vorne ein zweiter Anstehbereich. Das nervt.<\/p>\n<p>Abwechslungsreicher war ohne Frage Tjamstan gestern, aber im oberen Bereich war hier der Schnee heute besser und weniger vereist als gestern.<\/p>\n<p><a href='http:\/\/ski.inmontanis.info\/d\/327518-2\/DSC01949.jpg'><img src=http:\/\/ski.inmontanis.info\/d\/327517-3\/DSC01949.jpg \/><\/a><br \/>\n^ Im \u00dcbungs-SSL, der auch als Zubringer vom Parkplatz dient<\/p>\n<p><a href='http:\/\/ski.inmontanis.info\/d\/327522-2\/DSC01951.jpg'><img src=http:\/\/ski.inmontanis.info\/d\/327521-3\/DSC01951.jpg \/><\/a><br \/>\n^ Diorama im und vom Skiverleih<\/p>\n<p><a href='http:\/\/ski.inmontanis.info\/d\/327526-2\/DSC01953.jpg'><img src=http:\/\/ski.inmontanis.info\/d\/327525-3\/DSC01953.jpg \/><\/a><br \/>\n^ Altes Foto, als es wohl nur den Poma-B\u00fcgel-SL gab. Ob der allerdings der erste Lift hier war?!<\/p>\n<p><a href='http:\/\/ski.inmontanis.info\/d\/327530-2\/DSC01956.jpg'><img src=http:\/\/ski.inmontanis.info\/d\/327529-3\/DSC01956.jpg \/><\/a><br \/>\n^ Rechts vom SL<\/p>\n<p><a href='http:\/\/ski.inmontanis.info\/d\/327534-2\/DSC01958.jpg'><img src=http:\/\/ski.inmontanis.info\/d\/327533-3\/DSC01958.jpg \/><\/a><br \/>\n^ Ganz rechts vom SL, hier konnte etwas breiter pr\u00e4pariert werden; offpiste leider momentan untauglich<\/p>\n<p><a href='http:\/\/ski.inmontanis.info\/d\/327538-2\/DSC01960.jpg'><img src=http:\/\/ski.inmontanis.info\/d\/327537-3\/DSC01960.jpg \/><\/a><br \/>\n^ Leider ist der Poma-SL mit den roten St\u00fctzen wohl stillgelegt<\/p>\n<p><a href='http:\/\/ski.inmontanis.info\/d\/327542-2\/DSC01961.jpg'><img src=http:\/\/ski.inmontanis.info\/d\/327541-3\/DSC01961.jpg \/><\/a><br \/>\n^ Mit Hund an der Leine im Lift, tut das Not?<\/p>\n<p><a href='http:\/\/ski.inmontanis.info\/d\/327546-2\/DSC01963.jpg'><img src=http:\/\/ski.inmontanis.info\/d\/327545-3\/DSC01963.jpg \/><\/a><br \/>\n^ &#8230; dem Hund wurd&#8217;s zu bunt und er entschied zu kacken :)<\/p>\n<p><a href='http:\/\/ski.inmontanis.info\/d\/327550-2\/ge20240308b.jpg'><img src=http:\/\/ski.inmontanis.info\/d\/327549-3\/ge20240308b.jpg \/><\/a><br \/>\n^ GPS-Track vorherige Besuche in Rosa und 8.3.2024 in T\u00fcrkis; leider offpiste untauglich heute und auch fototechnisch war der Besuch \u00fcber Neujahr also sinnvoll.<\/p>\n<p>Eine Antwort aus Rovaniemi bekam ich bis 14 Uhr und diese Werkstatt meinte, ich k\u00f6nnte am DI kommen, weil Ersatzteile etwas l\u00e4nger zu bestellen br\u00e4uchten .. war allerdings nicht die Firma mit dem Webasto-Logo auf dem Foto, also wollte ich noch etwas abwarten.<\/p>\n<p>Um 15 Uhr war ich nochmals in der V\u00e4rmestuga und eine zweite Firma hat geantwortet, wo ich am MO um 13:30 komme k\u00f6nnte &#8211; perfekt. Wer davon besser arbeitet und g\u00fcnstiger ist, kann man ja nicht einsch\u00e4tzen, aber die sind wohl noch etwas spezialisierter auf Standheizungen. Von den anderen 2 bekam ich auch die n\u00e4chsten Tage keine Antwort.<\/p>\n<p>Auf der Stra\u00dfe nach Pite\u00e5 waren heute endlich mal wieder ein paar Rentiere auf der Stra\u00dfe. Sp\u00e4ter im Dunkeln war die Stra\u00dfe sehr ungew\u00f6hnlich f\u00fcr Schweden, man sah n\u00e4mlich eine lange Zeit rote und wei\u00dfe Lichter auf einer breiten Lichtung, also wohl von einem Windpark und zwar sehr breit, d.h. die Stra\u00dfe muss hier lang offen gewesen sein und nicht im dichten Wald wie sonst \u00fcblich. Das verlie\u00df mich zu dem Gedanken, dass die Stra\u00dfe auch in einem s\u00fcd(ost)europ\u00e4ischen Land sein k\u00f6nnte mit Lichtern eines Dorfes am Berg o.\u00e4.<\/p>\n<p>Da ich mich entschieden hatte, morgen nicht mehr nach Ounasvaara zu fahren, sondern noch einen Skitag in M\u00e5ttsund einzulegen, hielt ich immer mal wieder an einer Parkbucht bis es mir zu kalt wurde und um sp\u00e4ter an meinem Nachtplatz anzukommen, der in Pite\u00e5 sein sollte. Einen Supermarkt wollte ich auch noch besuchen, weil ich noch was f\u00fcr heute Abend zum Essen br\u00e4uchte.<\/p>\n<p>Im Laufe der Fahrt entschied ich mich um, doch nicht den gro\u00dfen Supermarkt, sondern einen kleineren einen Ort davor zu besuchen und zuf\u00e4llig gesehen, dass quasi nebendran ein SB-Restaurant\/Pizzeria ist, das laut den Preisen auf der Homepage recht g\u00fcnstig sein soll. Dann m\u00fcsste ich heute auch gar nicht mehr zum Supermarkt eigentlich.<\/p>\n<p>Um 19:15 kam ich dort an, es war komplett leer, sp\u00e4ter kamen mal noch 1+2+1 G\u00e4ste. Dass ich eine Pizza mit &#8220;Oxfil\u00e9&#8221; und B\u00e9arnaise-Sauce wollte, stand fest, aber welche davon, gibt ja mehrere? Ich entschied mich f\u00fcr &#8220;GK b\u00e5t&#8221; (Jackpot?) mit zus\u00e4tzlich Kebab und H\u00fchnchen und ohne irgendwelches Gr\u00fcnzeugged\u00f6ns ;) <\/p>\n<p>Da die Preise noch so g\u00fcnstig sind (Pizzen ab 80,-) und ich keinen Wasserspender sah, nahm ich halt noch eine Dose Coca Cola Zero dazu, was in Summe dann 117,- SEK, also etwas \u00fcber 10 \u20ac kostete, wobei meine Pizza in der 95-SEK-Klasse war.<\/p>\n<p>Bissl schade, dass ich das hier nicht schon fr\u00fcher entdeckt hatte, weil die restliche Reise werd ich hier wohl nicht mehr vorbei kommen. Die Vulkanpizza s\u00e4he ja schon auch genialst aus.<\/p>\n<p><a href='http:\/\/extra.inmontanis.info\/d\/102810-2\/IMG_20240308_191651.jpg'><img src=http:\/\/extra.inmontanis.info\/d\/102809-3\/IMG_20240308_191651.jpg \/><\/a><br \/>\n^ Gro\u00dfe Auswahl im Pizza-Grill-Imbiss-Restaurant<\/p>\n<p><a href='http:\/\/extra.inmontanis.info\/d\/102814-2\/IMG_20240308_191653.jpg'><img src=http:\/\/extra.inmontanis.info\/d\/102813-3\/IMG_20240308_191653.jpg \/><\/a><br \/>\n^ Gro\u00dfe Auswahl im Pizza-Grill-Imbiss-Restaurant<\/p>\n<p><a href='http:\/\/extra.inmontanis.info\/d\/102818-2\/IMG_20240308_192844.jpg'><img src=http:\/\/extra.inmontanis.info\/d\/102817-3\/IMG_20240308_192844.jpg \/><\/a><br \/>\n^ Lecke Pizza &#8220;GK b\u00e5t&#8221; mit H\u00fchnchen, Kebab, Rindfleisch und B\u00e9arnaisesauce. Besonders die Kombination Rindfleisch und Bearnaisesauce passt super auch auf einer Pizza!<\/p>\n<p><a href='http:\/\/extra.inmontanis.info\/d\/102822-2\/IMG_20240308_200323.jpg'><img src=http:\/\/extra.inmontanis.info\/d\/102821-3\/IMG_20240308_200323.jpg \/><\/a><br \/>\n^ Spezialpizzen<\/p>\n<p><a href='http:\/\/extra.inmontanis.info\/d\/102826-2\/IMG_20240308_200328.jpg'><img src=http:\/\/extra.inmontanis.info\/d\/102825-3\/IMG_20240308_200328.jpg \/><\/a><br \/>\n^ Diese Vulkanpizza schaut ja schon oberstgeil aus<\/p>\n<p>Da die Batterie voll war und ich wohl nicht sparsam sein m\u00fcsste, k\u00f6nnte ich morgen fr\u00fch zum Aufstehen auch eine halbe Stunde den Heizl\u00fcfter laufen lassen.  Abends noch kurz getestet, bei Stufe 1 zieht der Heizl\u00fcfter samt Wechselrichter ca. 34 A , d.h. auch 1h w\u00e4re morgen fr\u00fch problemlos m\u00f6glich. Sogar abends h\u00e4tte ich da vorgestern noch 1h laufen lassen k\u00f6nnen. Warum hab ich da nicht drangedacht?!<\/p>\n<p>Nachttemperaturen heute Abend ca -2\u00b0, gemeldet f\u00fcr morgen fr\u00fch waren -6, wurde aber nicht so kalt. Innenminimum waren dann 4,3\u00b0, entsprechend war&#8217;s mir recht warm im Bett und morgens funktionierte das mit dem Heizer problemlos.<\/p>\n<p>&#8211; &#8211; &#8211;<br \/>\n&#8230; man kann sich nur noch sch\u00e4men, was aus der EU in den letzten 5 Jahren geworden ist &#8230;<br \/>\n<a href='https:\/\/freedert.online\/europa\/198751-autos-mit-russischen-kennzeichen-muessen-finnland-verlassen\/'>https:\/\/freedert.online\/europa\/198751-autos-mit-russischen-kennzeichen-muessen-finnland-verlassen\/<\/a><\/p>\n","protected":false},"excerpt":{"rendered":"<p>Fr, 8.3.2024<\/p>\n<p>Als ich um kurz nach 12 Uhr in Storklinta angekommen bin, war ich etwas entt\u00e4uscht, denn am rechten, roten Poma-SL waren weiterhin keine Geh\u00e4nge. H\u00e4tte erwartet, dass der mittlerweile auch in Betrieb w\u00e4re, da er ja damals um Neujahr kurz in Betrieb ging, um das Eis \/ die Windverkrustungen abzusch\u00fctteln. <\/p>\n<p>Der Imbisswagen <a href=\"http:\/\/blog.inmontanis.info\/?p=9740\">[&#8230;]<\/a><\/p>\n","protected":false},"author":1,"featured_media":9743,"comment_status":"closed","ping_status":"closed","sticky":false,"template":"","format":"standard","meta":{"footnotes":""},"categories":[912,19,27,634],"tags":[47],"class_list":["post-9740","post","type-post","status-publish","format-standard","has-post-thumbnail","hentry","category-2023-09-2024-xx-skandinavien","category-schwedensweden","category-skifahren-winterskiing-winter","category-storklinta","tag-sl","odd"],"_links":{"self":[{"href":"http:\/\/blog.inmontanis.info\/index.php?rest_route=\/wp\/v2\/posts\/9740","targetHints":{"allow":["GET"]}}],"collection":[{"href":"http:\/\/blog.inmontanis.info\/index.php?rest_route=\/wp\/v2\/posts"}],"about":[{"href":"http:\/\/blog.inmontanis.info\/index.php?rest_route=\/wp\/v2\/types\/post"}],"author":[{"embeddable":true,"href":"http:\/\/blog.inmontanis.info\/index.php?rest_route=\/wp\/v2\/users\/1"}],"replies":[{"embeddable":true,"href":"http:\/\/blog.inmontanis.info\/index.php?rest_route=%2Fwp%2Fv2%2Fcomments&post=9740"}],"version-history":[{"count":2,"href":"http:\/\/blog.inmontanis.info\/index.php?rest_route=\/wp\/v2\/posts\/9740\/revisions"}],"predecessor-version":[{"id":9742,"href":"http:\/\/blog.inmontanis.info\/index.php?rest_route=\/wp\/v2\/posts\/9740\/revisions\/9742"}],"wp:featuredmedia":[{"embeddable":true,"href":"http:\/\/blog.inmontanis.info\/index.php?rest_route=\/wp\/v2\/media\/9743"}],"wp:attachment":[{"href":"http:\/\/blog.inmontanis.info\/index.php?rest_route=%2Fwp%2Fv2%2Fmedia&parent=9740"}],"wp:term":[{"taxonomy":"category","embeddable":true,"href":"http:\/\/blog.inmontanis.info\/index.php?rest_route=%2Fwp%2Fv2%2Fcategories&post=9740"},{"taxonomy":"post_tag","embeddable":true,"href":"http:\/\/blog.inmontanis.info\/index.php?rest_route=%2Fwp%2Fv2%2Ftags&post=9740"}],"curies":[{"name":"wp","href":"https:\/\/api.w.org\/{rel}","templated":true}]}}