{"id":974,"date":"2009-11-01T22:45:30","date_gmt":"2009-11-01T21:45:30","guid":{"rendered":"http:\/\/blog.inmontanis.info\/?p=974"},"modified":"2023-08-06T11:24:03","modified_gmt":"2023-08-06T09:24:03","slug":"stubaier-gletscher-31-10-1-11-2009","status":"publish","type":"post","link":"http:\/\/blog.inmontanis.info\/?p=974","title":{"rendered":"Stubaier Gletscher, 31.10.+1.11.2009"},"content":{"rendered":"<p>An beiden Tagen war komischerweise recht wenig los, am Sonntag sogar noch weniger.  Noch nicht mal der D-Parkplatz um 10:30 komplett voll und am E war noch gar nix! Gleiches Bild dann nat\u00fcrlich oben, Wartezeiten an den meisten Liften gleich 0.<!--more--><\/p>\n<p>Irgendwie muss man das &#8220;Allerheiligen-Wochenende&#8221; wohl neu definieren, die fr\u00fcher so \u00fcblichen Wartezeiten gibt&#8217;s dank leistungsf\u00e4higer Beschneiung wohl wirklich nur noch, wenn es Probleme mit dem Wind gibt&#8230;<\/p>\n<p>Pisten waren allerdings schon relativ voll.<\/p>\n<p><em>[_de]Bilder anklicken zum Vergr\u00f6\u00dfern[\/_de]\u2028[_en]Click photos to enlarge[\/_en]<\/em><\/p>\n<p><a href='http:\/\/ski.inmontanis.info\/d\/105262-2\/P1440453.JPG'><img src=http:\/\/ski.inmontanis.info\/d\/105261-3\/P1440453.JPG \/><\/a><br \/>\n^ 6KSB-Fernau-Abfahrt. \u00dcberf\u00fcllt, steinig, abgefahren &#8211; kurz: Das \u00fcbliche halt im Herbst :)<\/p>\n<p><a href='http:\/\/ski.inmontanis.info\/d\/105266-2\/P1440455.JPG'><img src=http:\/\/ski.inmontanis.info\/d\/105265-3\/P1440455.JPG \/><\/a><br \/>\n^ Gai\u00dfkarferner<\/p>\n<p><a href='http:\/\/ski.inmontanis.info\/d\/105270-2\/P1440462.JPG'><img src=http:\/\/ski.inmontanis.info\/d\/105269-3\/P1440462.JPG \/><\/a><br \/>\n^ Schaufel- und Wildspitze via Beschneiungsteich.<\/p>\n<p><a href='http:\/\/ski.inmontanis.info\/d\/105274-2\/P1440468.JPG'><img src=http:\/\/ski.inmontanis.info\/d\/105273-3\/P1440468.JPG \/><\/a><br \/>\n^ Was es am Stubaier nicht alles gibt &#8230;.<\/p>\n<p>Ja, und dann hab ich was gemacht, was ich wirklich nicht weiter empfehlen kann:<\/p>\n<p>Von der Bergstation SL Daunscharte in die Daunscharte aufsteigen. Extrem steil, um die 45\u00b0, unwissend von Lawinen- und Spaltengefahr, war die Neugierde da, wie es da oben mit dem Pano ausschauen w\u00fcrde. Einige Spuren sind ja schon raufgegangen, man konnte leicht mit den Schuhen Trittstufen schaffen, aber wie gesagt, es war verdammt steil.<\/p>\n<p>Nachdem au\u00dferdem kein Schild stand, dass man da z.B. wg. Spaltengefahr besser nicht raufgehen sollte, &#8220;musste&#8221; ich es halt probieren&#8230;<\/p>\n<p><a href='http:\/\/ski.inmontanis.info\/d\/105278-2\/P1440483.JPG'><img src=http:\/\/ski.inmontanis.info\/d\/105277-3\/P1440483.JPG \/><\/a><br \/>\n^ Auf- und Abstieg oberhalb SL Daunscharte, gesch\u00e4tzt um die 45\u00b0 steil. Einmal und nie wieder :-)<\/p>\n<p>Das Pano oben war dann leider wesentlich weniger interessant als erhofft:<\/p>\n<p><a href='http:\/\/ski.inmontanis.info\/d\/105283-2\/P1440470.JPG'><img src=http:\/\/ski.inmontanis.info\/d\/105282-3\/P1440470.JPG \/><\/a><br \/>\n^ Pano hinter der Daunscharte<\/p>\n<p><a href='http:\/\/ski.inmontanis.info\/d\/105287-2\/P1440471.JPG'><img src=http:\/\/ski.inmontanis.info\/d\/105286-3\/P1440471.JPG \/><\/a><br \/>\n^ Daunscharten-Pano<\/p>\n<p><a href='http:\/\/ski.inmontanis.info\/d\/105292-2\/P1440472.JPG'><img src=http:\/\/ski.inmontanis.info\/d\/105291-3\/P1440472.JPG \/><\/a><br \/>\n^ Daunscharte<\/p>\n<p><a href='http:\/\/ski.inmontanis.info\/d\/105296-2\/P1440474.JPG'><img src=http:\/\/ski.inmontanis.info\/d\/105295-3\/P1440474.JPG \/><\/a><br \/>\n^ Daunscharten-Pano<\/p>\n<p><a href='http:\/\/ski.inmontanis.info\/d\/105300-2\/P1440475.JPG'><img src=http:\/\/ski.inmontanis.info\/d\/105299-3\/P1440475.JPG \/><\/a><br \/>\n^ Daunscharten-Pano gen Stubaital<\/p>\n<p><a href='http:\/\/ski.inmontanis.info\/d\/105305-2\/P1440476.JPG'><img src=http:\/\/ski.inmontanis.info\/d\/105304-3\/P1440476.JPG \/><\/a><br \/>\n^ Daunscharten-Pano<\/p>\n<p>Ja, und wer mal oben ist, muss auch wieder runter. Mir war es zu steil zum Vorw\u00e4rts-Abgehen, und so stieg ich langsam r\u00fcckw\u00e4rts wieder ab, teilweise auf allen Vieren. F\u00fcr Auf- und Abstieg inkl. kurzer Fotopause hab ich immerhin ca. 45 Minuten ben\u00f6tigt.<\/p>\n<p><a href='http:\/\/ski.inmontanis.info\/d\/105309-3\/P1440478.JPG'><img src=http:\/\/ski.inmontanis.info\/d\/105308-3\/P1440478.JPG \/><\/a><br \/>\n^ Schaut mal wieder am Bild bei weitem nicht so steil aus, war aber um die 45\u00b0 steil.<\/p>\n<p>Also ich kann den Aufstieg maximal Steilhang-Fans empfehlen, alle anderen (so wie ich) sollten besser die Finger von lassen.<\/p>\n<p><img src=http:\/\/ski.inmontanis.info\/d\/105313-2\/P1440461.JPG \/><br \/>\n^ Hintertuxer vom Stubai \/ DSB Wildspitze aus. Von dort aus sieht man die Bergstation des GB 3&#8230;<\/p>\n<p><img src=http:\/\/ski.inmontanis.info\/d\/105317-2\/P1440480.JPG \/><br \/>\n^ Hintertuxer vom Stubai \/ Daunscharte aus. Von hier sieht man statt der Bergstation des GB 3 nun die DSB &#8211; Bergstation.<\/p>\n","protected":false},"excerpt":{"rendered":"<p>An beiden Tagen war komischerweise recht wenig los, am Sonntag sogar noch weniger. Noch nicht mal der D-Parkplatz um 10:30 komplett voll und am E war noch gar nix! Gleiches Bild dann nat\u00fcrlich oben, Wartezeiten an den meisten Liften gleich 0.<\/p>\n<p> <a href=\"http:\/\/blog.inmontanis.info\/?p=974\">[&#8230;]<\/a><\/p>\n","protected":false},"author":1,"featured_media":0,"comment_status":"open","ping_status":"closed","sticky":false,"template":"","format":"standard","meta":{"footnotes":""},"categories":[24,13,27,895],"tags":[45,47],"class_list":["post-974","post","type-post","status-publish","format-standard","hentry","category-tagestour","category-austria","category-skifahren-winterskiing-winter","category-stubaier-gletscher","tag-see","tag-sl","odd"],"_links":{"self":[{"href":"http:\/\/blog.inmontanis.info\/index.php?rest_route=\/wp\/v2\/posts\/974","targetHints":{"allow":["GET"]}}],"collection":[{"href":"http:\/\/blog.inmontanis.info\/index.php?rest_route=\/wp\/v2\/posts"}],"about":[{"href":"http:\/\/blog.inmontanis.info\/index.php?rest_route=\/wp\/v2\/types\/post"}],"author":[{"embeddable":true,"href":"http:\/\/blog.inmontanis.info\/index.php?rest_route=\/wp\/v2\/users\/1"}],"replies":[{"embeddable":true,"href":"http:\/\/blog.inmontanis.info\/index.php?rest_route=%2Fwp%2Fv2%2Fcomments&post=974"}],"version-history":[{"count":3,"href":"http:\/\/blog.inmontanis.info\/index.php?rest_route=\/wp\/v2\/posts\/974\/revisions"}],"predecessor-version":[{"id":977,"href":"http:\/\/blog.inmontanis.info\/index.php?rest_route=\/wp\/v2\/posts\/974\/revisions\/977"}],"wp:attachment":[{"href":"http:\/\/blog.inmontanis.info\/index.php?rest_route=%2Fwp%2Fv2%2Fmedia&parent=974"}],"wp:term":[{"taxonomy":"category","embeddable":true,"href":"http:\/\/blog.inmontanis.info\/index.php?rest_route=%2Fwp%2Fv2%2Fcategories&post=974"},{"taxonomy":"post_tag","embeddable":true,"href":"http:\/\/blog.inmontanis.info\/index.php?rest_route=%2Fwp%2Fv2%2Ftags&post=974"}],"curies":[{"name":"wp","href":"https:\/\/api.w.org\/{rel}","templated":true}]}}