{"id":9730,"date":"2024-03-06T12:30:23","date_gmt":"2024-03-06T11:30:23","guid":{"rendered":"http:\/\/blog.inmontanis.info\/?p=9730"},"modified":"2024-03-11T19:41:22","modified_gmt":"2024-03-11T18:41:22","slug":"tarnaby-hemavan-28-2-6-3-2024-derzeit-bestes-skigebiet-in-schweden","status":"publish","type":"post","link":"http:\/\/blog.inmontanis.info\/?p=9730","title":{"rendered":"T\u00e4rnaby (+Hemavan), 28.2.-6.3.2024 \/ derzeit bestes Skigebiet in Schweden"},"content":{"rendered":"<p><strong>Mi, 28.2.2024<\/strong><\/p>\n<p>Da man online den Skipass nicht g\u00fcnstiger bekommt, hab ich den 8-Tagespass um 2495,- SEK (also ca. 220-230 \u20ac) im Hotel gekauft und weil es heut noch etwas sonnig war und der Schnee wegen W\u00e4rme weich war, fuhr ich gleich mal einige Offpiste-Varianten.  Auf den beiden rechten H\u00e4ngen am (langsamen) Anja-SL wurde wohl mal der Bewuchs gek\u00fcrzt seit meinem letzten Besuch, daher wieder gut zu fahren.<\/p>\n<p>Im oberen Stock der V\u00e4rmestuga am Ingemar-SL gibts ein kleines Caf\u00e9 (Gulaschsuppe 100, Pfannkuchen mit Marmelade&#038;Sahne 65,-, Hotdog 30,- -ich entschied mich f\u00fcr die noch etwas warme Zimtschnecke um 25,-)  als um 14 Uhr von Hemavan Nebel bzw. sp\u00e4ter Schneefall reinzog. Mit den Zuckerstreuseln aber so s\u00fc\u00df,  das mir die Z\u00e4hne wehtaten.<\/p>\n<p>Ab ca. 15:30 war ein Schild an der Anja-SL-Talstation, dass die DSB geschlossen sei &#8211; drehte aber trotzdem noch bis nach 16 Uhr ihre Runden. H\u00e4tte man also noch offen lassen k\u00f6nnen. Das ist halt der Nachteil an der Position des Sporthotels samt Campingplatz &#8211; wenn die DSB nicht f\u00e4hrt, muss man mit dem Auto zu den  SL r\u00fcber fahren, weil es keinen windsicheren SL gibt. Bzw. ist die DSB ja eh nur ab Februar in den Ferien und am WE offen.<\/p>\n<p>Hat mir jedenfalls wieder gut gefallen heute in T\u00e4rnaby. ist wohl wirklich eines meiner Lieblingsgebiete in Schweden. Mal schaun, wie das nach den 8 Tagen ausschaut. Wobei ich ja zumindest 1 Tag in Hemavan verbringen will. Aber bei dem nahen Campingplatz hier wird&#8217;s wohl bei dem einen Abstecher nach Hemavan bleiben samt Einkaufen. Laut Website gibt&#8217;s wohl samstags einen Skibus zwischen Hemavan und T\u00e4rnaby, der in jede Richtung einmal morgens und einmal nachmittags verkehrt. Ich k\u00f6nnte mir aber vorstellen, dass am Sonntag (in Skandinavien \u00fcblicherer An-\/Abreisetag) weniger los sein k\u00f6nnte. Die Webcambilder der letzten Tage zeigten jedenfalls ziemlich viel Leute in Hemavan, auch wenn ja erst n\u00e4chste Woche hier im Norden Ferien sind. In T\u00e4rnaby war&#8217;s heut recht leer.<\/p>\n<p><a href='http:\/\/ski.inmontanis.info\/d\/327130-2\/DSC01639.jpg'><img src=http:\/\/ski.inmontanis.info\/d\/327129-3\/DSC01639.jpg \/><\/a><br \/>\n^ DSB und Monne-SL<\/p>\n<p><a href='http:\/\/ski.inmontanis.info\/d\/327134-2\/DSC01643.jpg'><img src=http:\/\/ski.inmontanis.info\/d\/327133-3\/DSC01643.jpg \/><\/a><br \/>\n^ DSB im oberen Berich, appenninisch<\/p>\n<p><a href='http:\/\/ski.inmontanis.info\/d\/327138-2\/DSC01646.jpg'><img src=http:\/\/ski.inmontanis.info\/d\/327137-3\/DSC01646.jpg \/><\/a><br \/>\n^ Pano aus der DSB zum See<\/p>\n<p><a href='http:\/\/ski.inmontanis.info\/d\/327142-2\/DSC01648.jpg'><img src=http:\/\/ski.inmontanis.info\/d\/327141-3\/DSC01648.jpg \/><\/a><br \/>\n^ Ex-DSB-Vorg\u00e4nger-Bergstation<\/p>\n<p><a href='http:\/\/ski.inmontanis.info\/d\/327146-2\/DSC01652.jpg'><img src=http:\/\/ski.inmontanis.info\/d\/327145-3\/DSC01652.jpg \/><\/a><br \/>\n^ DSB-Abfahrt der linke untere Teil<\/p>\n<p><a href='http:\/\/ski.inmontanis.info\/d\/327150-2\/DSC01654.jpg'><img src=http:\/\/ski.inmontanis.info\/d\/327149-3\/DSC01654.jpg \/><\/a><br \/>\n^ Offpiste links von der DSB-Bergstation, auch hier wegen Wind kaum Schnee<\/p>\n<p><a href='http:\/\/ski.inmontanis.info\/d\/327154-2\/DSC01670.jpg'><img src=http:\/\/ski.inmontanis.info\/d\/327153-3\/DSC01670.jpg \/><\/a><br \/>\n^ Die unpr\u00e4parierte Abfahrt rechts vom Anja-SL wurde seit meinem letzten Besuch mal wieder bereinigt und ist nicht mehr so zugewachsen (insb. der untere Teil war ja schon dicht)<\/p>\n<p>So sah es im M\u00e4rz 2021 aus:<br \/>\n<a href='http:\/\/ski.inmontanis.info\/d\/290552-3\/DSC07591.jpg'><img src=http:\/\/ski.inmontanis.info\/d\/290551-4\/DSC07591.jpg \/><\/a><br \/>\n^ Zustand 2021.<\/p>\n<p><a href='http:\/\/ski.inmontanis.info\/d\/327158-2\/DSC01679.jpg'><img src=http:\/\/ski.inmontanis.info\/d\/327157-3\/DSC01679.jpg \/><\/a><br \/>\n^ Offpiste links vom Ingemar-SL<\/p>\n<p><a href='http:\/\/ski.inmontanis.info\/d\/327162-2\/DSC01684.jpg'><img src=http:\/\/ski.inmontanis.info\/d\/327161-3\/DSC01684.jpg \/><\/a><br \/>\n^ Eine dreieckige Wolkenl\u00fccke!<\/p>\n<p><a href='http:\/\/ski.inmontanis.info\/d\/327166-2\/DSC01687.jpg'><img src=http:\/\/ski.inmontanis.info\/d\/327165-3\/DSC01687.jpg \/><\/a><br \/>\n^ Offpiste glaub rechts vom Anja-SL, teilweise sind die W\u00e4lder sch\u00f6n offen und die Varianten gut eingefahren<\/p>\n<p>Von 11 bis 16 Uhr waren es heute 5 Stunden Skifahren zu 3 Stunden Arbeiten. Sch\u00f6nes Verh\u00e4ltnis ;)<\/p>\n<p>Der Weg vom Campingplatz zur DSB ist sp\u00fcrbar k\u00fcrzer als zuletzt in Borgafj\u00e4ll und Kittelfj\u00e4ll, geht auch leicht bergauf, so dass man retour zwar etwas schieben muss, aber nicht so schlimm. Hatte zwar gehofft, da querfeldein abk\u00fcrzen zu k\u00f6nnen, aber gleich hinterm Campingplatz ist eine bewaldete Steilwand, oberhalb am Plateau dann weitere H\u00e4user, so dass mir da ein Durchkommen nur schwer m\u00f6glich scheint.<\/p>\n<p>&#8220;Nat\u00fcrlich&#8221; gibt&#8217;s auch in dem Servicegeb\u00e4ude an diesem Campingplatz eine &#8220;Schuhgrenze&#8221;, diesmal aber ohne Pantoffeln. Wobei die erste Dusch-WC-Kombination zu ca. 75% vor der Grenze liegt, was ich also entsprechend ausn\u00fctzte. Grundlegend werden von den anderen die Schuhe aber ausgezogen.  Also meine Schuhe wurden dann nur deshalb nass, weil da zuvor jemand geduscht hatte und auf dem Boden an einer Stelle noch eine Pf\u00fctze war. Wie schon h\u00e4ufig gesagt, ich kann&#8217;s bei Erdmatsch im Sommer eher verstehen, aber bei den sauberen, wei\u00dfen Schneeverh\u00e4ltnissen im Winter samt Flie\u00dfen- oder PVC-Boden in einem WC- und Duschtrakt find ich einfach keinen Grund. Ob der Schnee unter den Schuhen nun vor oder nach der Schuhgrenze liegt und taut, ist ja wohl egal.<\/p>\n<p>Naja, normalerweise muss ich ja eh nur 1x am Tag ins Servicegeb\u00e4ude, morgens\/vormittags. Nachmittags geh ich einfach im Skigebiet noch einmal aufs Klo, das hat n\u00e4mlich noch den weiteren Vorteil, dass ich nach den Skischuhen nicht nochmals extra die (kalten) Stra\u00dfenschuhe anziehen muss und damit noch mehr Schnee und Feuchtigkeit ins Auto bringe. <\/p>\n<p>Der Speck is weg, das Kebab noch zu, Sahne aber ja noch reichlich vorhanden. Was kann man noch in die Nudeln schmei\u00dfen? Wurst! Wurstnudeln. Wurst anbraten oder nicht? Unter Spiegeleier kann man Wurst auch anbraten, also wieso nicht. Welche Wurst? Finnische Samstagswurst (recht gro\u00dfe Packung) oder den Rest Lammsalami, den ich momentan tags\u00fcber esse (und die mehr Schweinefleisch und mehr Rindfleisch inkludiert hat als Lammfleisch). Oder von beiden was. Die finnische Samstagswurst schmeckt quasi wie Wiener\/Frankfurter in Gro\u00df und als Scheiben. Naja, unpassend war, dass die Wurst so d\u00fcnn geschnitten war, dass sie sich beim Anbraten fast aufgel\u00f6st hat. Wobei die Samstagswurst vmtl. eh fast nur aus Fett und Wasser bestehen wird ;)<\/p>\n<p>Mir ist letztens mal wieder ein fr\u00e4nkisches Wort eingefallen, zu dem ich mal im Web suchen wollte, wie das auf hochdeutsch hei\u00dft oder wo das wohl herkommt. Tante Google meinte aber, dass ich das Wort etwas falsch in Erinnerung hatte, denn statt &#8220;kowerneckisch&#8221; findet man eher was zu &#8220;kobberneggisch&#8221;. Naja, ein &#8220;b&#8221; kann ja mal leicht zu einem &#8220;v\/w&#8221; werden, erst recht, wenn man schon fast 30 Jahre ausgewandert ist.<\/p>\n<p>D\u00e4i Einleidung is fei aa schee gschrie&#8217;m:<br \/>\n<a href='https:\/\/aus-meinem-kochtopf.de\/fraenggisch-werdderbuch-woerterbuch-fraenkisch-deutsch\/'>https:\/\/aus-meinem-kochtopf.de\/fraenggisch-werdderbuch-woerterbuch-fraenkisch-deutsch\/<\/a><\/p>\n<p><strong>Do, 29.2.2024<\/strong><\/p>\n<p>Bonustag  heute &#8211; \u00fcbrigens schon mein 5. Skitag an einem 29.2. (1x in AT, 1x in FR, 2x in IT). Und diesen Februar 29 Skitage gehabt. Das kann man auch maximal alle 4 Jahre mal schaffen!<\/p>\n<p>Obwohl kein sonderlicher Sturm die Tage gemeldet w\u00e4re, windete es am Campingplatz und wie soll&#8217;s anders sein, DSB laut Schneebericht geschlossen, d.h. ich werde zum SL fahren m\u00fcssen, wenn ich nicht nur den kurzen \u00dcbungslift hier fahren wollte. Oder leg heute einen Hemavan-Tag ein. Wobei der oberste SL da heute nat\u00fcrlich auch nicht f\u00e4hrt. Also zum Anja-SL gefahren.<\/p>\n<p>Dort ging ich nachmittags mal r\u00fcber zur Tankstelle \/zum Frendo, was nicht lohnenswert war. Hotdogs relativ teuer (das kleine um 35,-, mit Bacon\/K\u00e4se-Wurst 45,-, als &#8220;French&#8221; 49,-; evtl  lohnenswerter Kebab\/Pita um 79,- oder dann eine der Pizzen um 100-120,-.<\/p>\n<p><a href='http:\/\/ski.inmontanis.info\/d\/327118-2\/DSC01690.jpg'><img src=http:\/\/ski.inmontanis.info\/d\/327117-3\/DSC01690.jpg \/><\/a><br \/>\n^ Blick zur DSB mit dem sturmfreien Sesselbereich .. oder besser dem sturmsicheren sesselfreien Bereich<\/p>\n<p><a href='http:\/\/ski.inmontanis.info\/d\/327122-2\/DSC01691.jpg'><img src=http:\/\/ski.inmontanis.info\/d\/327121-3\/DSC01691.jpg \/><\/a><br \/>\n^ Variante links vom Ingemar-SL<\/p>\n<p><a href='http:\/\/ski.inmontanis.info\/d\/327126-2\/DSC01694.jpg'><img src=http:\/\/ski.inmontanis.info\/d\/327125-3\/DSC01694.jpg \/><\/a><br \/>\n^ Talstation Anja-SL<\/p>\n<p>Hielt bei der R\u00fcckfahrt nochmals am Coop, kaufte (Trink?)Joghurt statt Kakao f\u00fcr morgens und Pommes, weil das die g\u00fcnstigsten (fertiggegarten) Kartoffeln sind und Paprika. <\/p>\n<p><a href='http:\/\/extra.inmontanis.info\/d\/102782-3\/DSC01700.jpg'><img src=http:\/\/extra.inmontanis.info\/d\/102781-4\/DSC01700.jpg \/><\/a><\/p>\n<p>Naja, wohl doch kein Trinkjoghurt, so z\u00e4hfl\u00fcssig wie aus dem Becher. Hatte diese 1l-Gebinde fl\u00fcssiger in Erinnerung&#8230; <\/p>\n<p><a href='http:\/\/extra.inmontanis.info\/d\/102786-3\/DSC01701.jpg'><img src=http:\/\/extra.inmontanis.info\/d\/102785-4\/DSC01701.jpg \/><\/a><br \/>\n^ Gyros-Kebab, kleingeschnittene  Pommes, Paprika, kam also noch ein Teil der restlichen Sahne rein und ein bisschen Emmentaler und ein bisschen Tomatenmark. Kann man mal probieren, muss man aber nicht.<\/p>\n<p><strong>Fr, 1.3.2024<\/strong><\/p>\n<p>Die DSB fuhr heut wieder und ich brauchte ca. 2 Stunden, bis ich alle dortigen Pisten und Varianten, die ich fahren wollte, gefahren bin. Schnee war wieder weich und wurde im Tagesverlauf pappiger. Passend zu meiner Aussage von 2021: &#8220;appenninische DSB&#8221;. <\/p>\n<p>Vor der DSB-Talststation passte ich heut etwas auf, es kamen nur noch 4 Sessel vor dem &#8220;sturmfreien&#8221; Bereich (sesselfreien Sturm-Bereich) und unten standen 5, also fuhr ich 2x den kurzen SL. Sp\u00e4ter kam nochmals der leere Sesselbereich und ich fuhr nochmals 2x den kurzen SL.<\/p>\n<p><a href='http:\/\/ski.inmontanis.info\/d\/327170-2\/DSC01708.jpg'><img src=http:\/\/ski.inmontanis.info\/d\/327169-3\/DSC01708.jpg \/><\/a><br \/>\n^ Wenn man aufpasst und gerade der sesselfreie Breich kommt, kann man 1-2x den SL Monne fahren<\/p>\n<p><a href='http:\/\/ski.inmontanis.info\/d\/327174-2\/DSC01713.jpg'><img src=http:\/\/ski.inmontanis.info\/d\/327173-3\/DSC01713.jpg \/><\/a><br \/>\n^ DSB-Trasse kann auch befahren werden<\/p>\n<p>Eine Zimtschnecke musste heute wieder sein, aber ich tat diesmal einen Teil des groben Zuckers runter. Am WE gibts hier noch einen Grill-Kiosk drau\u00dfen. Am n\u00e4chsten Tag gesehen: Lediglich Hamburger und Halloumiburger um jeweils 100,- &#8211; also nicht wirklich interessant. Da w\u00fcrd ich lieber das Tagesgericht im Sporthotell um 130,- kaufen. Wobei SA+SO im Plan steht, dass der Koch entscheidet. Und was ist, wenn man dort isst und dann der Betrieb der DSB eingestellt wird?<\/p>\n<p>Kaum am Auto am Campingplatz retour, schien es etwas zu nieseln, grundlegend wurde der gemeldete Schneefall f\u00fcr dieses WE aber abgesagt. Erst ab ca. Mittwoch soll es wieder k\u00e4lter werden (zumindest unter -5\u00b0) &#8211; klar doch, wenn ich dann auf dem Weg nach Finnland wieder ein paar Tage freistehen m\u00f6chte.<\/p>\n<p>Eigenartig: SMS von Magenta (AT-Sim) heute, dass ich nicht mehr gegen die EU-Fair-Use-Roaming-RIchtlinie versto\u00dfen w\u00fcrde und wieder surfen k\u00f6nnte. Obwohl ich ja jetzt nicht in AT war.  Werd&#8217;s mir wohl trotzdem f\u00fcr DE+UK aufheben. Oder vielleicht doch in FI+NO, falls mir Lyca dort zu lahm sein sollte. K\u00f6nnte nat\u00fcrlich sein, dass nach 4 Monaten, auch wenn ich gar nichts verwende, trotzdem wieder die Fair-Use-Sperre kommt.<\/p>\n<p><strong>Sa, 2.3.2024<\/strong><\/p>\n<p>Sonne! Heute Morgen also folgende M\u00f6glichkeiten:<\/p>\n<p>&#8211; zum SL fahren, um ab 9 Uhr auf der Piste zu sein, nachmittags nach Hemavan und dort frei \u00fcbernachten<br \/>\n&#8211; bis 10 Uhr am Campingplatz warten, ob die DSB aufgeht, wenn ja, heut hier stehen bleiben und Campingplatz bis zum letzten Tag des Skipasses verl\u00e4ngern <\/p>\n<p>Entschied mich schon gestern Abend f\u00fcr Version 2 und stand heut erst nach 8 Uhr auf.  Wind war keiner in Sicht und nicht gemeldet, beide Skigebiete meldeten um 9 Uhr alle Lifte in Betrieb.<\/p>\n<p>Ich verl\u00e4ngerte also den CP um weitere 4 Tage und ging vorsichtig auf den eisigen Wegen zum Lift. Die Abfahten waren ob des gestrigen Tauwetters und des klaren Morgens eisig hart gefroren. Oben, insbesondere die steileren Pisten, wo die Sonne direkter draufschien, waren schon wieder sch\u00f6n weich. Die flacheren St\u00fccke blieben hart, nach 13 Uhr auch kaum noch Sonne.<\/p>\n<p><a href='http:\/\/ski.inmontanis.info\/d\/327178-2\/DSC01725.jpg'><img src=http:\/\/ski.inmontanis.info\/d\/327177-3\/DSC01725.jpg \/><\/a><br \/>\n^ Detail DSB-St\u00fctze 13<\/p>\n<p><a href='http:\/\/ski.inmontanis.info\/d\/327182-2\/DSC01730.jpg'><img src=http:\/\/ski.inmontanis.info\/d\/327181-3\/DSC01730.jpg \/><\/a><br \/>\n^ Detail DSB-St\u00fctze 17<\/p>\n<p><a href='http:\/\/ski.inmontanis.info\/d\/327186-2\/DSC01731.jpg'><img src=http:\/\/ski.inmontanis.info\/d\/327185-3\/DSC01731.jpg \/><\/a><br \/>\n^ Pano links aus der DSB<\/p>\n<p><a href='http:\/\/ski.inmontanis.info\/d\/327190-2\/DSC01739.jpg'><img src=http:\/\/ski.inmontanis.info\/d\/327189-3\/DSC01739.jpg \/><\/a><br \/>\n^ DSB-Abfahrten<\/p>\n<p><a href='http:\/\/ski.inmontanis.info\/d\/327194-2\/DSC01741.jpg'><img src=http:\/\/ski.inmontanis.info\/d\/327193-3\/DSC01741.jpg \/><\/a><br \/>\n^ Offpiste im oberen Bereich der DSB<\/p>\n<p><a href='http:\/\/ski.inmontanis.info\/d\/327198-2\/DSC01745.jpg'><img src=http:\/\/ski.inmontanis.info\/d\/327197-3\/DSC01745.jpg \/><\/a><br \/>\n^ Die Frau sitzt mit 3 Kindern im Lift (1 auf dem Scho\u00df)<\/p>\n<p><a href='http:\/\/ski.inmontanis.info\/d\/327202-2\/DSC01748.jpg'><img src=http:\/\/ski.inmontanis.info\/d\/327201-3\/DSC01748.jpg \/><\/a><br \/>\n^ F\u00fcr diese Kreuzung zwischen Ingemar- und Anja-SL braucht man einige Zeit, um sie zu kapieren, da 3 Abfahrten her und 3 weg f\u00fchren<\/p>\n<p><a href='http:\/\/ski.inmontanis.info\/d\/327206-2\/DSC01750.jpg'><img src=http:\/\/ski.inmontanis.info\/d\/327205-3\/DSC01750.jpg \/><\/a><br \/>\n^ Anja-SL<\/p>\n<p>Heute Mittag mal in die Waffelh\u00fctte im oberen Bereich vom Ingemar-SL geschaut, die hatten akzeptablere Preise: Waffel mit Marmelade &#038; Sahne 45,-, mit Nutella &#038; Sahne 55,-  .. heut mal die Erdbeervariante probiert.  Sonst g\u00e4be es nur noch &#8220;natur&#8221; um 40,-. Gab gerade einige Bestellungen und bis die ausgeliefert wurden, war meine Waffel schon etwas kalt, au\u00dferdem etwas arg d\u00fcnn und fast zu knusprig. Sonst zwar lecker, aber auch viel M\u00fcll: Pappierteller, Holzbesteck, das extra nochmals in Papier verpackt war  &#8230; und die Zimtschnecke unten im Caf\u00e9 ist s\u00e4ttigender.<\/p>\n<p><a href='http:\/\/ski.inmontanis.info\/d\/327210-2\/DSC01752.jpg'><img src=http:\/\/ski.inmontanis.info\/d\/327209-3\/DSC01752.jpg \/><\/a><br \/>\n^ Waffel mit Erdbeermarmelade und Sahne um 45,- SEK<\/p>\n<p><a href='http:\/\/ski.inmontanis.info\/d\/327214-2\/DSC01756.jpg'><img src=http:\/\/ski.inmontanis.info\/d\/327213-3\/DSC01756.jpg \/><\/a><br \/>\n^ Die nun wieder gut fahrbare (offpiste) Abfahrt rechts vom Anja-SL<\/p>\n<p><a href='http:\/\/ski.inmontanis.info\/d\/327218-2\/DSC01759.jpg'><img src=http:\/\/ski.inmontanis.info\/d\/327217-3\/DSC01759.jpg \/><\/a><br \/>\n^ .. und die noch etwas weiter rechts befindliche Offpiste-Abfahrt<\/p>\n<p><a href='http:\/\/ski.inmontanis.info\/d\/327222-2\/DSC01760.jpg'><img src=http:\/\/ski.inmontanis.info\/d\/327221-3\/DSC01760.jpg \/><\/a><br \/>\n^ .. k\u00f6nnte auch schon verwachsener gewesen sein, ebenfalls gut zu fahren &#8211; in den ersten Tagen<\/p>\n<p><a href='http:\/\/ski.inmontanis.info\/d\/327226-2\/DSC01762.jpg'><img src=http:\/\/ski.inmontanis.info\/d\/327225-3\/DSC01762.jpg \/><\/a><br \/>\n^ Offpiste links der DSB<\/p>\n<p>Zum Abschluss des Tages wollte ich den Skiweg fahren, der im Plan ganz unten links gestrichelt eingezeichnet ist. Hab die Tage mehrmals aufgepasst, aber au\u00dfer einem Schneemobilweg nie was gefunden, also fuhr ich den. Ging sch\u00f6n rassig talw\u00e4rts, bis man zu einer Abzweigung kam &#8211; links den Berg hinauf oder rechts weiter runter? Also mich f\u00fcr weiter runter entschieden. Immer wieder meinen GPS-Track beobachtet und bemerkt, wie ich immer weiter vom Skigebiet und dem von mir angedachten Weg weg komme. N\u00e4chste Schneise muss ich aber links!<\/p>\n<p>Zuvor gab&#8217;s aber schon eine Abzweiung, rechts (vielleicht den Berg hinauf, n\u00f6) oder links oder ganz links, wo ein Schild &#8220;Skidsp\u00e5r&#8221; angeschrieben stand. H\u00f6rt sich sinnvoll an, allerdings gab es da ein kleines St\u00fcck Aufstieg. Danach die gro\u00dfe Stromtrasse gequert &#8211; links zwar sinnvoll, um zur DSB-Talstation zu kommen, aber es ging l\u00e4nger bergauf. Geradeaus die Schneemobilspur folgen w\u00fcrde mich wohl zur Not auf die Stra\u00dfe bringen. Das hatte dann geklappt (noch ein ganz kurzes Bergaufst\u00fcck dazwischen)  und die Stra\u00dfe hatte genug Gef\u00e4lle, um am Rand problemlos bis zur anderen Seite vom Campingplatz zu kommen. Dort also nicht mehr viel schieben m\u00fcssen. Evtl. probier ich das n\u00e4chste Mal, nicht die Abzweigung &#8220;Skidspar&#8221; zu nehmen. Regelrechtes  Backcountry-Abenteuer heute ;)<\/p>\n<p>Die Frage w\u00e4re dann ja auch, wie und wie weit k\u00f6nnte man von der Bergstation der DSB aus links fahren um da noch vern\u00fcnftig=problemlos retour zu kommen?<\/p>\n<p><a href='http:\/\/ski.inmontanis.info\/d\/327230-2\/DSC01765.jpg'><img src=http:\/\/ski.inmontanis.info\/d\/327229-3\/DSC01765.jpg \/><\/a><br \/>\n^ Scooterweg links der DSB, lie\u00df sich gut fahren<\/p>\n<p><a href='http:\/\/ski.inmontanis.info\/d\/327234-2\/DSC01775.jpg'><img src=http:\/\/ski.inmontanis.info\/d\/327233-3\/DSC01775.jpg \/><\/a><br \/>\n^ .. bis man bei H\u00e4usern rauskommt ..<\/p>\n<p><a href='http:\/\/ski.inmontanis.info\/d\/327238-2\/DSC01776.jpg'><img src=http:\/\/ski.inmontanis.info\/d\/327237-3\/DSC01776.jpg \/><\/a><br \/>\n^ .. und dann auf bzw. neben der Stra\u00dfe bis zum Campingplatz runterfahren kann<\/p>\n<p><strong>So, 3.3.2024 &#8211; Hemavan<\/strong><\/p>\n<p>Heute wollte ich also mal nach Hemavan fahren und dort auch nachmitttags einkaufen. Wetter sah morgen sehr bescheiden aus mit Nebel auf mittlerer H\u00f6he, aber die Vorhersage meldete Sonnenfenster.<\/p>\n<p>Leider war wg. Nebel der sch\u00f6ne und so wichtige Gipfel-Lift oben nur bis St\u00fctze 12 offen, also im Flachteil. Da alle Lifte bis 1700 laufen, war die Hoffnung auch lange vorhanden,  aber um 14:30 schien sich das Wetter fest zu zementieren und der Lift blieb oben zu :(<\/p>\n<p>Sollte die Sicht am Mittowch Nachmittag besser und der Lift bis oben in Betrieb sein, schau ich vielleicht nochmals her &#8230; allerdings ist das f\u00fcr Donnerstag angdachte Skigebiet wohl ca. 3h Fahrt entfernt und Hemavan liegt von T\u00e4rnaby aus ca. 20km in der falschen Richtung.<\/p>\n<p>An der Kombibahn gibts ja daneben den SL, der aber nicht so weit hinauf f\u00fchrt, trotzdem bin ich den nat\u00fcrlich mehrmals gefahren, wobei zu Mittag EUB+KSB leer genug waren. Nirgends gab es nach 15 Uhr noch Wartezeiten au\u00dfer an dem bl\u00f6den Centrums-SL. Warum der nicht endlich mal gedoppelt wird!??!!!  Schade, w\u00e4r gern nochmals raufgefahren, weniger wegen des popeligen flachen Lift rechts, den ich heut noch nicht gefahren bin, als eher wegen der Skiwegabfahrt durchs Dorf. Aber nach 16:30 die l\u00e4ngste Warteschange f\u00fcr mich des ganzen Tages? Da h\u00f6r ich lieber auf.<\/p>\n<p>\u00dcberzeugen konnten allerdings nachmittags die Waldvarianten links und rechts der Kombibahn, der beste Offpistewald der bisherigen Saison, weil offen und sauber.<\/p>\n<p><a href='http:\/\/ski.inmontanis.info\/d\/327242-2\/DSC01777.jpg'><img src=http:\/\/ski.inmontanis.info\/d\/327241-3\/DSC01777.jpg \/><\/a><br \/>\n^ SL Centrum, nur morgens kurz leer<\/p>\n<p><a href='http:\/\/ski.inmontanis.info\/d\/327246-2\/DSC01784.jpg'><img src=http:\/\/ski.inmontanis.info\/d\/327245-3\/DSC01784.jpg \/><\/a><br \/>\n^ Die offpiste-Abfahrten zwischen Centrums-SL und Kombibahn<\/p>\n<p><a href='http:\/\/ski.inmontanis.info\/d\/327250-2\/DSC01785.jpg'><img src=http:\/\/ski.inmontanis.info\/d\/327249-3\/DSC01785.jpg \/><\/a><br \/>\n^ Verbindung zum oberen SL, der leider im Nebel blieb und daher nur zur H\u00e4lfte ge\u00f6ffnet war<\/p>\n<p><a href='http:\/\/ski.inmontanis.info\/d\/327254-2\/DSC01786.jpg'><img src=http:\/\/ski.inmontanis.info\/d\/327253-3\/DSC01786.jpg \/><\/a><br \/>\n^ Der Wald links und rechts der Kombibahn war toll zu fahren und mehrere hundert Meter breit wie eine Piste eingefahren!<\/p>\n<p><a href='http:\/\/ski.inmontanis.info\/d\/327258-2\/DSC01787.jpg'><img src=http:\/\/ski.inmontanis.info\/d\/327257-3\/DSC01787.jpg \/><\/a><br \/>\n^ Kombibahn mit Blick zum ungefrorenen Fluss im Tal<\/p>\n<p><a href='http:\/\/ski.inmontanis.info\/d\/327262-2\/DSC01789.jpg'><img src=http:\/\/ski.inmontanis.info\/d\/327261-3\/DSC01789.jpg \/><\/a><br \/>\n^ Eine V\u00e4rmestuga wird in Schweden leider auch oft als Umkleideraum und Depot verwendet; manche sind auch so frech und reservieren einen Tisch f\u00fcr Mittag, wenn sie morgens kommen, in dem sie dort ihre Sachen liegenlassen<\/p>\n<p><a href='http:\/\/ski.inmontanis.info\/d\/327266-2\/ge20240303a.jpg'><img src=http:\/\/ski.inmontanis.info\/d\/327265-3\/ge20240303a.jpg \/><\/a><br \/>\n^ GPS-Track 3.3.2024 in rosa und vorherige Besuche in Gelb. Schade, dass der obere Lift heut wegen Nebel nicht bis oben offen war :( Wobei die Schneelage oben sehr d\u00fcrftig sein soll<\/p>\n<p>Hatte mal wieder Schnitzelhunger, gab aber nur den 6x100g-Pack. Hm, auf 3 Tage, dann wohl maximal mit Baguette dazu?! Allerdings musste ich die mittig teilen und dann 4 St\u00fcck in diesem Kochtopf, das dauert. Und als ob das nicht schon genung war, sah ich schon gleich anhand der Panade, dass die innen noch roh sind :( Wenigstens sind sie d\u00fcnn.<\/p>\n<p><a href='http:\/\/extra.inmontanis.info\/d\/102790-3\/DSC01800.jpg'><img src=http:\/\/extra.inmontanis.info\/d\/102789-4\/DSC01800.jpg \/><\/a><br \/>\n^ Eink\u00e4ufe: Bearnaisesauce, Schnitzel, Preiselbeerschwarzbrot, dazu passend der schwarzw\u00e4lder Schinken, N\u00fcsse<\/p>\n<p>Sehr entt\u00f6uschend. Die Schnitzel schmeckten nicht wie Schnitzel und die Bearnaisesauce schmeckte nicht wie Bearnaisesauce, sondern eher wie Knoblauchmayo. <\/p>\n<p>Am Abend nochmals die m\u00f6glichen Skigebiete auf dem Weg nach Finnland durchgegangen, Bygdsiljum scheint mir f\u00fcr die ca. 180km Umweg doch zu uninteressant zu sein (da k\u00f6nnten die 190km nach Salla in FI sp\u00e4ter lohnenswerter sein), bleibt also noch Tjamstan und nochmals Storklinta wg. Scandinavian-Saisonkarte. Jaja, wenn ich das gewusst h\u00e4tte, dass ich nun doch nochmals vorbeikomme, h\u00e4tte ich mir die Fahrt dort hin zum Jahreswechsel sparen k\u00f6nnen. Immerhin stehen die 450,- Tagescampingplatz nun auch auf der Homepage. Tja, dann bekommen sie halt leider kein Geld mehr von mir. <\/p>\n<p>Mal testweise die d\u00fcnne Deke zusammengerollt und unter die Matratze in die MItte gelegt, damit es vielleicht etwas fester ist. K\u00f6nnte tats\u00e4chlich funktionieren, hatte am n\u00e4chsten Tag weniger R\u00fcckenbeschwerden.<\/p>\n<p><strong>Mo, 4.3.2024<\/strong><\/p>\n<p>Schneeberichte heute Vormittag: In Hemavan der obere Teil des obersten SL wieder geschlossen, diesmal wg. vereister Liftspur und Wind; DSB zu Betriebsbeginn offen, bleibt hoffentlich, bis ich dann dort bin.<\/p>\n<p>Die DSB lief und oben hatte es auch etwas WInd. Um 13:40 stand das Schild an den SL, dass die DSB geschlossen sei (wg. Wind oder Nebel?). Danach etwas mehr Leute am Anja-SL, aber grundlegend nicht zu erkennen, dass diese Woche die Schulferien in Nordschweden w\u00e4ren.<\/p>\n<p>Nach meiner Brot- &#038; Zimtschnecken-Pause waren die Schilder wieder weg und die DSB lief wieder.<\/p>\n<p>Heut leider kein toller Tag, nebelartig bedeckt und der Schnee offpiste (inkl. den unpr\u00e4parierten Abfahrten) bl\u00f6d gefroren. <\/p>\n<p>Zum Schluss sah ich mir nochmals die &#8220;Schneemobilvariante&#8221; zum Campingplatz an. An der einen Stelle bin ich nun zwar nicht abgebogen, aber an der anderen, aber ich kam dann auch wieder zu dem Weg oberhalb der H\u00e4user und dem gleichen Punkt, wo ich rauskam, d.h. ich hab mir zwar das eine kurze St\u00fcck abschnallen gespart, musste aber daf\u00fcr etwas mehr schieben. Fraglich, wo die Spur auf der Stra\u00dfe rauskommen w\u00fcrde, wenn ich die letzte Abbiegung nicht gemacht h\u00e4tte und ob ich auf der Stra\u00dfe h\u00e4tte weniger schieben m\u00fcssen. Die schaut oberhalb der H\u00e4user n\u00e4mlich auch flacher aus und w\u00fcrde ja auch irgendwann wieder runter zum See gehen.<\/p>\n<p><a href='http:\/\/ski.inmontanis.info\/d\/327270-2\/DSC01802.jpg'><img src=http:\/\/ski.inmontanis.info\/d\/327269-3\/DSC01802.jpg \/><\/a><br \/>\n^ Der erste Sessel nach dem sturm-freien Bereich (vor mir) bleibt unbesetzt<\/p>\n<p><a href='http:\/\/ski.inmontanis.info\/d\/327274-2\/DSC01812.jpg'><img src=http:\/\/ski.inmontanis.info\/d\/327273-3\/DSC01812.jpg \/><\/a><br \/>\n^ Vorgestern bin ich die linke Variante gefahren, heute mal geradeaus, aber bringt einem dann auch nix, oder vielleicht bin ich zu fr\u00fch abgebogen<\/p>\n<p><a href='http:\/\/extra.inmontanis.info\/d\/102794-3\/DSC01822.jpg'><img src=http:\/\/extra.inmontanis.info\/d\/102793-4\/DSC01822.jpg \/><\/a><br \/>\n^ Heute die Schnitzel mal im Grilltoaster gemacht, aber halt leider schwieriger zu reinigen im Vergleich zum Kochtopf<\/p>\n<p>Tja, leider bereits die vorletzte Nacht und morgen der vorletzte Tag hier.  <\/p>\n<p><strong>Di, 5.3.2024<\/strong><\/p>\n<p>Heute w\u00e4re der obere SL in Hemavan wieder bis oben offen &#8211; dann werd ich morgen also mal etwas fr\u00fcher freinehmen und schauen, nachmittags dort noch hinzufahren. Der Lift-\/Pistenbericht auf der Homepage sagte auch nachmittags, dass der obere SL bis oben offen sei, obwohl die Webcam so dichten Nebel zeigte wie am Sonntag&#8230;&#8230;<\/p>\n<p>Schnee heute wie gestern, also offpiste nicht lohnenswert. Wetter ebenfalls kaum unterschiedlich, Bergstationen im Nebel, aber bei weniger Wind. <\/p>\n<p>Schneemobilwegm\u00e4\u00dfig zum Campingplatz heute die erste Abzweigung genommen, falls das die laut Plan sein soll? Damit kam man schon oberhalb der Siedlung raus, alles steiler und durch die Siedlung unsch\u00f6n mit den Stra\u00dfen und Tiefschnee hier unsch\u00f6n gefroren und auch nicht wirklich fahrbar..<\/p>\n<p><a href='http:\/\/ski.inmontanis.info\/d\/327278-2\/DSC01823.jpg'><img src=http:\/\/ski.inmontanis.info\/d\/327277-3\/DSC01823.jpg \/><\/a><br \/>\n^ Man kann&#8217;s auch etwas \u00fcbertreiben mit dem Zucker auf so einer Zimtschnecke \/ Kanelbulle. Aber weil sie lecker war, hab ich mehrmals die Tage eine gekauft<\/p>\n<p><a href='http:\/\/ski.inmontanis.info\/d\/327282-2\/DSC01824.jpg'><img src=http:\/\/ski.inmontanis.info\/d\/327281-3\/DSC01824.jpg \/><\/a><br \/>\n^ DSB-Talstation<\/p>\n<p><a href='http:\/\/ski.inmontanis.info\/d\/327286-2\/DSC01832.jpg'><img src=http:\/\/ski.inmontanis.info\/d\/327285-3\/DSC01832.jpg \/><\/a><br \/>\n^ Soll das jetzt der offizielle Weg laut Plan sein? Da muss man jedenfalls ein l\u00e4ngeres St\u00fcck bergauf gehen, landet dann logischerweise in der Ferienhaussiedlung<\/p>\n<p><a href='http:\/\/ski.inmontanis.info\/d\/327290-2\/DSC01837.jpg'><img src=http:\/\/ski.inmontanis.info\/d\/327289-3\/DSC01837.jpg \/><\/a><br \/>\n^ .. wo es aber auch recht steil ist und man nicht wei\u00df, wo man heil runter kommen kann<\/p>\n<p>Daher zur DSB rausgequert. Bei schnellem Schnee w\u00fcrde ich also die erste vom Samstag empfehlen, bei sehr pappigem Schnee vielleicht eher die heutige. Unterschiede siehe GPS-Track  unten im Bericht, Campingplatz ist links unten im Track.<\/p>\n<p><a href='http:\/\/ski.inmontanis.info\/d\/327294-2\/DSC01838.jpg'><img src=http:\/\/ski.inmontanis.info\/d\/327293-3\/DSC01838.jpg \/><\/a><br \/>\n^ Weg zwischen Campingplatz und DSB, das gro\u00dfe dunkle Haus ist das Servicegeb\u00e4ude<\/p>\n<p><a href='http:\/\/ski.inmontanis.info\/d\/327298-2\/DSC01839.jpg'><img src=http:\/\/ski.inmontanis.info\/d\/327297-3\/DSC01839.jpg \/><\/a><br \/>\n^ Servicegeb\u00e4ude mit den 4 Stellpl\u00e4tzen<\/p>\n<p>\u00dcbermorgen DO und SO-DI w\u00fcrde f\u00fcr hier recht sonnig gemeldet. Falsche Woche erwischt? Naja, ab Montag ist die DSB ja wieder geschlossen bis inkl. Donnerstag.<\/p>\n<p><strong>Mi, 6.3.2024<\/strong><\/p>\n<p>Der Tag begann heut zur Abwechslung mal mit Nebel im Tal, aber strahlendem Sonnenschein am Berg. Die steilen H\u00e4nge wurden von der Sonne wieder etwas aufgeweicht, aber eher onpiste als offpiste.<\/p>\n<p>Ich schaute noch in den Sportshop am Anja-SL, aber der hatte recht wenig und nichts, was ich gewollt h\u00e4tte. Also ging ich nochmals in die Waffelstube und wollte wissen, warum die Nutella-Waffel 10,- mehr kostet als die mit Erdbeermarmelade. So viel mehr Nutella?  Nein, eigentlich unversch\u00e4mt wenig f\u00fcr diesen Aufpreis.<\/p>\n<p><a href='http:\/\/ski.inmontanis.info\/d\/327302-2\/DSC01842.jpg'><img src=http:\/\/ski.inmontanis.info\/d\/327301-3\/DSC01842.jpg \/><\/a><br \/>\n^ DSB mittlerer Teil mit &#8220;reifen&#8221; B\u00e4umen ;)<\/p>\n<p><a href='http:\/\/ski.inmontanis.info\/d\/327306-2\/DSC01847.jpg'><img src=http:\/\/ski.inmontanis.info\/d\/327305-3\/DSC01847.jpg \/><\/a><br \/>\n^ Vielleicht der letzte sch\u00f6ne Reif auf Laubb\u00e4umen gen blauen Himmel f\u00fcr diesen Winter?<\/p>\n<p><a href='http:\/\/ski.inmontanis.info\/d\/327310-2\/DSC01849.jpg'><img src=http:\/\/ski.inmontanis.info\/d\/327309-3\/DSC01849.jpg \/><\/a><br \/>\n^ Blick aus der DSB zum Nebelmeer<\/p>\n<p><a href='http:\/\/ski.inmontanis.info\/d\/327314-2\/DSC01850.jpg'><img src=http:\/\/ski.inmontanis.info\/d\/327313-3\/DSC01850.jpg \/><\/a><br \/>\n^ Zoom-Pano links der DSB<\/p>\n<p><a href='http:\/\/ski.inmontanis.info\/d\/327318-2\/DSC01857.jpg'><img src=http:\/\/ski.inmontanis.info\/d\/327317-3\/DSC01857.jpg \/><\/a><br \/>\n^ Bereich DSB zu Ingemar-SL (ca. links der Bildmitte) mit Nebelmeer<\/p>\n<p><a href='http:\/\/ski.inmontanis.info\/d\/327322-2\/DSC01858.jpg'><img src=http:\/\/ski.inmontanis.info\/d\/327321-3\/DSC01858.jpg \/><\/a><br \/>\n^ Bereich DSB zu Anja-SL (auf dem H\u00fcgel rechts)<\/p>\n<p><a href='http:\/\/ski.inmontanis.info\/d\/327326-2\/DSC01860.jpg'><img src=http:\/\/ski.inmontanis.info\/d\/327325-3\/DSC01860.jpg \/><\/a><br \/>\n^ Eine der sch\u00f6nen DSB-Abfahrten<\/p>\n<p><a href='http:\/\/ski.inmontanis.info\/d\/327330-2\/DSC01861.jpg'><img src=http:\/\/ski.inmontanis.info\/d\/327329-3\/DSC01861.jpg \/><\/a><br \/>\n^ DSB-Abfahrt<\/p>\n<p><a href='http:\/\/ski.inmontanis.info\/d\/327334-2\/DSC01863.jpg'><img src=http:\/\/ski.inmontanis.info\/d\/327333-3\/DSC01863.jpg \/><\/a><br \/>\n^ Stacheliger Reif am Baum<\/p>\n<p><a href='http:\/\/ski.inmontanis.info\/d\/327338-2\/DSC01865.jpg'><img src=http:\/\/ski.inmontanis.info\/d\/327337-3\/DSC01865.jpg \/><\/a><br \/>\n^ Stacheliger Reif am Baum<\/p>\n<p><a href='http:\/\/ski.inmontanis.info\/d\/327342-2\/DSC01866.jpg'><img src=http:\/\/ski.inmontanis.info\/d\/327341-3\/DSC01866.jpg \/><\/a><br \/>\n^ Verbindungsabfahrt von der DSB zu den SL<\/p>\n<p><a href='http:\/\/ski.inmontanis.info\/d\/327346-2\/DSC01867.jpg'><img src=http:\/\/ski.inmontanis.info\/d\/327345-3\/DSC01867.jpg \/><\/a><br \/>\n^ Verbindungsabfahrt vom Anja-SL zur DSB in Bildmitte; hier k\u00f6nnte man eigentlich auch mal etwas offpiste fahren<\/p>\n<p><a href='http:\/\/ski.inmontanis.info\/d\/327350-2\/DSC01868.jpg'><img src=http:\/\/ski.inmontanis.info\/d\/327349-3\/DSC01868.jpg \/><\/a><br \/>\n^ Eine der Abfahrten am Ingemar-SL<\/p>\n<p><a href='http:\/\/ski.inmontanis.info\/d\/327354-2\/DSC01870.jpg'><img src=http:\/\/ski.inmontanis.info\/d\/327353-3\/DSC01870.jpg \/><\/a><br \/>\n^ Ingemar-SL<\/p>\n<p><a href='http:\/\/ski.inmontanis.info\/d\/327358-2\/DSC01872.jpg'><img src=http:\/\/ski.inmontanis.info\/d\/327357-3\/DSC01872.jpg \/><\/a><br \/>\n^ Ingemar-SL und links der \u00dcbungslift Lasse<\/p>\n<p><a href='http:\/\/ski.inmontanis.info\/d\/327362-2\/DSC01873.jpg'><img src=http:\/\/ski.inmontanis.info\/d\/327361-3\/DSC01873.jpg \/><\/a><br \/>\n^ B\u00e4ume rechts vom Ingemar-SL<\/p>\n<p><a href='http:\/\/ski.inmontanis.info\/d\/327366-2\/DSC01876.jpg'><img src=http:\/\/ski.inmontanis.info\/d\/327365-3\/DSC01876.jpg \/><\/a><br \/>\n^ Anja-SL, unterer Bereich. Bissl mehr Leute w\u00fcrd ich dem Skigebiet ja schon g\u00f6nnen<\/p>\n<p><a href='http:\/\/ski.inmontanis.info\/d\/327370-2\/DSC01877.jpg'><img src=http:\/\/ski.inmontanis.info\/d\/327369-3\/DSC01877.jpg \/><\/a><br \/>\n^ Anja-SL, oberer Bereich<\/p>\n<p><a href='http:\/\/ski.inmontanis.info\/d\/327374-2\/DSC01878.jpg'><img src=http:\/\/ski.inmontanis.info\/d\/327373-3\/DSC01878.jpg \/><\/a><br \/>\n^ Anja-SL rechts vom Ausstieg, hier hat man die Wahl nach links der kurze Hintenrumteil der Au\u00dfenrumabfahrt, geradeaus die offpiste-Variante \u00fcber den Grat, geradeaus-rechts die steile Offpiste-Variante oder um die Kurve zur pr\u00e4parierten Abfahrt<\/p>\n<p><a href='http:\/\/ski.inmontanis.info\/d\/327378-2\/DSC01879.jpg'><img src=http:\/\/ski.inmontanis.info\/d\/327377-3\/DSC01879.jpg \/><\/a><br \/>\n^ Oberhalb des Hintenrumteils der Au\u00dfenrumabfahrt am Anja-SL<\/p>\n<p><a href='http:\/\/ski.inmontanis.info\/d\/327382-2\/DSC01880.jpg'><img src=http:\/\/ski.inmontanis.info\/d\/327381-3\/DSC01880.jpg \/><\/a><br \/>\n^ Selbst die Hauptabfahrt links vom Anja-SL ist nicht einfach parallel zum Lift, sondern auch sch\u00f6n, dazu gibts  2 schm\u00e4lere Abfahrten, teils richtung Ingemar-SL<\/p>\n<p><a href='http:\/\/ski.inmontanis.info\/d\/327386-2\/DSC01882.jpg'><img src=http:\/\/ski.inmontanis.info\/d\/327385-3\/DSC01882.jpg \/><\/a><br \/>\n^ Verbindung Anja-SL zur DSB, hier oben gibts zudem noch eine H\u00f6henloipe, die via DSB erreicht werden kann<\/p>\n<p><a href='http:\/\/ski.inmontanis.info\/d\/327390-2\/DSC01883.jpg'><img src=http:\/\/ski.inmontanis.info\/d\/327389-3\/DSC01883.jpg \/><\/a><br \/>\n^ Offpiste links vom Anja-SL<\/p>\n<p><a href='http:\/\/ski.inmontanis.info\/d\/327394-2\/DSC01884.jpg'><img src=http:\/\/ski.inmontanis.info\/d\/327393-3\/DSC01884.jpg \/><\/a><br \/>\n^ Mir unerkl\u00e4rlich, warum der Klecks Nutella die Waffel 10,- teurer macht im Vergleich zur Erdbeermarmelade<\/p>\n<p><a href='http:\/\/ski.inmontanis.info\/d\/327398-2\/DSC01890.jpg'><img src=http:\/\/ski.inmontanis.info\/d\/327397-3\/DSC01890.jpg \/><\/a><br \/>\n^ Ex-DSB-Vorg\u00e4nger<\/p>\n<p><a href='http:\/\/ski.inmontanis.info\/d\/327402-2\/DSC01891.jpg'><img src=http:\/\/ski.inmontanis.info\/d\/327401-3\/DSC01891.jpg \/><\/a><br \/>\n^ DSB-Abfahrt<\/p>\n<p><a href='http:\/\/ski.inmontanis.info\/d\/327406-2\/DSC01894.jpg'><img src=http:\/\/ski.inmontanis.info\/d\/327405-3\/DSC01894.jpg \/><\/a><br \/>\n^ Ex-Rollen an der DSB<\/p>\n<p><a href='http:\/\/ski.inmontanis.info\/d\/327410-2\/DSC01897.jpg'><img src=http:\/\/ski.inmontanis.info\/d\/327409-3\/DSC01897.jpg \/><\/a><br \/>\n^ Gipfelpano von oberhalb der DSB<\/p>\n<p><a href='http:\/\/ski.inmontanis.info\/d\/327414-2\/DSC01899.jpg'><img src=http:\/\/ski.inmontanis.info\/d\/327413-3\/DSC01899.jpg \/><\/a><br \/>\n^ Gipfelpano von oberhalb der DSB<\/p>\n<p><a href='http:\/\/ski.inmontanis.info\/d\/327418-2\/DSC01901.jpg'><img src=http:\/\/ski.inmontanis.info\/d\/327417-3\/DSC01901.jpg \/><\/a><br \/>\n^ Gipfelpano von oberhalb der DSB<\/p>\n<p><a href='http:\/\/ski.inmontanis.info\/d\/327422-2\/DSC01902.jpg'><img src=http:\/\/ski.inmontanis.info\/d\/327421-3\/DSC01902.jpg \/><\/a><br \/>\n^ R\u00fcckseitenpano von oberhalb der DSB<\/p>\n<p><a href='http:\/\/ski.inmontanis.info\/d\/327426-2\/DSC01905.jpg'><img src=http:\/\/ski.inmontanis.info\/d\/327425-3\/DSC01905.jpg \/><\/a><br \/>\n^ Ex-DSB-Vorg\u00e4nger<\/p>\n<p><a href='http:\/\/ski.inmontanis.info\/d\/327430-2\/DSC01906.jpg'><img src=http:\/\/ski.inmontanis.info\/d\/327429-3\/DSC01906.jpg \/><\/a><br \/>\n^ Zoom zum See und der Bergstation Ingemar-SL<\/p>\n<p><a href='http:\/\/ski.inmontanis.info\/d\/327434-2\/ge20240228-0306a.jpg'><img src=http:\/\/ski.inmontanis.info\/d\/327433-3\/ge20240228-0306a.jpg \/><\/a><br \/>\n^ Blassgelb: vorherige Besuche, Orange-Rot-Magenta-Lila-Blau-T\u00fcrkis-Gr\u00fcn: 28.2.-6.3.2024<\/p>\n<p>Fazit: T\u00e4rnaby ist heuer eindeutig mein Lieblingsskigebiet in Schweden. Abwechslungsreiche, kurvige, h\u00fcgelig-muldige Abfahrten, die weite, sonnige \u00d6ffnung nach S\u00fcden &#8230;.<\/p>\n<p>Ich wei\u00df zwar noch nicht, ob ich bei meiner n\u00e4chten Skandinavien-Winterreise wieder den Scandinavian oder den SkistarAll &#8211; Saisonpass kaufen werde, aber es w\u00e4re nicht unwahrscheinlich, dass ich als zweite Saisonkarte die f\u00fcr T\u00e4rnaby&#038;Hemavan dazu nehmen w\u00fcrde&#8230; ist allerdings sehr teuer im Vergleich, 6.495,- laut Website (-31.10. wohl 5.850, w\u00e4ren dann also ca. 530 \u20ac heuer gewesen, ab 75 Jahre \u00fcbrigens gratis). Der Ingemar-SL hier in T\u00e4rnaby ist ja vom 28.10.-1.5. t\u00e4glich offen, aber vielleicht zu Saisonbeginn nur f\u00fcr Renngruppen?! DSB (um den Campingplatz sinnvoller auszun\u00fctzen) und Anja-SL sind dagegen ja eher seltener offen, aber ich w\u00fcrde dann nat\u00fcrlich auch \u00f6fters mal nach Hemavan schauen. Leider gibt es ansonsten wohl maximal die  8-Tageskarte, f\u00fcr Skip\u00e4sse ab 9 Tagen gibts weder Preise noch Onlinekauf. Ob es vor Ort mehr Tage zu kaufen g\u00e4be, wei\u00df ich nicht.<\/p>\n<p>Hemavan ist mir zwar normalerweise zu voll und von den Pisten gef\u00e4llt mir T\u00e4rnaby viel, viel besser, aber im Falle einer Saisonkarte w\u00e4re Hemavan nat\u00fcrlich auch tauglich, zumindest sobald auch der obere SL offen ist. Heute Nachmittag hatte ich aber keine Lust mehr, die 20km in die falsche Richtung nach Hemavan zu fahren. Hab ja noch ca. 2h Fahrt bis zum Nachtplatz vor mir. Wobei ja die Lifte hier nur bis 16 Uhr fahren, in Hemavan bis 17 Uhr, bzw. der Centrumslift zumindest heute sogar bis 19 Uhr.<\/p>\n<p>Was ich beim Bericht zur Hinfahrt vergessen hatte zu erw\u00e4hnen: Auf der E12 vor T\u00e4rnaby hat ein rennender Elch die Stra\u00dfe \u00fcberquert, und zwar zwischen dem LKW und dem Bus, die beide vor mir waren. Der Bus konnte wohl noch gerade stark genug abbremsen. Ich war ein St\u00fcck weiter hinten und musste gar nicht mehr wirklich bremsen. Heute an anderer Stelle waren 2 Elche im Stra\u00dfengraben beim vielleicht Essen. Mittlerweile schon fast \u00f6fters Elche als Rentiere auf der Reise gesehen &#8230;<\/p>\n<p><a href='http:\/\/extra.inmontanis.info\/d\/102798-3\/DSC01907.jpg'><img src=http:\/\/extra.inmontanis.info\/d\/102797-4\/DSC01907.jpg \/><\/a><br \/>\n^ Ost-och-Bacon-Korv med Pommes von der OKQ8-Tankstelle<\/p>\n<p>Das Speck-K\u00e4se-W\u00fcrstl diesmal mit Pommes an der OKQ8-Tankstelle hatte 49,- gekostet, also ca. 4,50 \u20ac. Das heutige Tagesgericht w\u00e4re Schnitzel mit Pommes und Getr\u00e4nk um 69,- gewesen, aber ich hatte ja die letzten 3 Tage schon Schnitzel gehabt.  Da ich nicht ganz satt wurde, nahm ich noch ein Eis mit.  Bisher hatte ich ja noch kein Lakritzeis gegessen, das mich wirklich \u00fcberzeugt h\u00e4tte, so nahm ich mir vor einiger Zeit vor, maximal noch einmal ein Lakritzeis zu probieren, wenn es mal ein Himbeerlakritzeis geben sollte, weil bei den Gummib\u00e4rchen und auch bei den finischen Himbeerlakritzkaugummis diese Mischung super passt. Heut in der Tankstelle zuf\u00e4llig ein Himbeerlakritzeis entdeckt. Aber leider auch das ein Fehlkauf. Himbeergeschmack nicht erkennbar. <\/p>\n<p><a href='http:\/\/extra.inmontanis.info\/d\/102802-3\/DSC01908.jpg'><img src=http:\/\/extra.inmontanis.info\/d\/102801-4\/DSC01908.jpg \/><\/a><br \/>\n^ Himbeerlakritz-Eis, leider vom Himbeer nicht wirklich was zu schmecken<\/p>\n<p>Da der Supermarkt morgen ab 7 Uhr offen hat, wollte ich nun nicht mehr heute, sondern erst morgen fr\u00fch vor der Arbeit einkaufen, vielleicht h\u00e4tte er ein WC. Unbedingt br\u00e4ucht ich ja eh nix, aber falls ich ein TK-Gericht morgen Abend warmmachen will, sollte ich es nicht erst morgen Nachmittag kaufen. <\/p>\n<p>Da ich auch ohne Einkaufen erst gegen 19:30 am Nachtplatz war, blieb der PC heute aus.<\/p>\n<p>Gar nicht sch\u00f6n: -7\u00b0 und meine Standheizung hat sich nicht eingeschaltet, diesmal mit einem etwas eigenartigen Ger\u00e4\u00fcsch und einem H2d &#8211; Fehler :( Zweiter Versuch: H15. Im Internet fand sich dazu &#8220;combustion-air fan blocked \/ power circuit defective&#8221; &#8211; vielleicht nur was verstopft? Aber wie soll ich da hinkommen?<\/p>\n<p>Heut Abend geht&#8217;s ja noch, aber morgen fr\u00fch aufstehen wird kalt und da werd ich dann den Motor laufen lassen m\u00fcssen &#8230; da ich dazu das Kupplungspedal dr\u00fccken muss und mir das im d\u00fcnnen Schlafanzug zu kalt werden wird, zog ich mir gleich abends noch Pullover und Stra\u00dfenhose dar\u00fcber.<\/p>\n<p>Morgens au\u00dfen -11\u00b0 lt. Auto, Innenminimum nachts am Thermometer -3,4\u00b0.<\/p>\n<p>&#8211; &#8211; &#8211;<\/p>\n<p>&#8220;Im Westen wird behauptet, Russland bedrohe Europa und Russland wolle nach einem Sieg in der Ukraine NATO-Staaten angreifen. Dass das Unsinn ist, wissen auch die westlichen Politiker.&#8221;<br \/>\n<a href='https:\/\/www.anti-spiegel.ru\/2024\/warum-luegen-politiker-und-medien-ueber-russlands-angebliche-angriffsplaene-auf-europa\/'>https:\/\/www.anti-spiegel.ru\/2024\/warum-luegen-politiker-und-medien-ueber-russlands-angebliche-angriffsplaene-auf-europa\/<\/a><\/p>\n<p>&#8220;Aber das Ziel der deutschen Politik und Medien ist es ja, die Sache umzudrehen und Russland zu beschuldigen.&#8221;<br \/>\n<a href='https:\/\/www.anti-spiegel.ru\/2024\/die-deutschen-medien-und-das-abgehoerte-telefonat\/'>https:\/\/www.anti-spiegel.ru\/2024\/die-deutschen-medien-und-das-abgehoerte-telefonat\/<\/a><\/p>\n","protected":false},"excerpt":{"rendered":"<p>Mi, 28.2.2024<\/p>\n<p>Da man online den Skipass nicht g\u00fcnstiger bekommt, hab ich den 8-Tagespass um 2495,- SEK (also ca. 220-230 \u20ac) im Hotel gekauft und weil es heut noch etwas sonnig war und der Schnee wegen W\u00e4rme weich war, fuhr ich gleich mal einige Offpiste-Varianten. Auf den beiden rechten H\u00e4ngen am (langsamen) Anja-SL wurde wohl <a href=\"http:\/\/blog.inmontanis.info\/?p=9730\">[&#8230;]<\/a><\/p>\n","protected":false},"author":1,"featured_media":9735,"comment_status":"closed","ping_status":"closed","sticky":false,"template":"","format":"standard","meta":{"footnotes":""},"categories":[912,625,19,27],"tags":[53,38,77,45,47],"class_list":["post-9730","post","type-post","status-publish","format-standard","has-post-thumbnail","hentry","category-2023-09-2024-xx-skandinavien","category-hemavan-tarnaby","category-schwedensweden","category-skifahren-winterskiing-winter","tag-8eub","tag-dsb","tag-nebelmeer","tag-see","tag-sl","odd"],"_links":{"self":[{"href":"http:\/\/blog.inmontanis.info\/index.php?rest_route=\/wp\/v2\/posts\/9730","targetHints":{"allow":["GET"]}}],"collection":[{"href":"http:\/\/blog.inmontanis.info\/index.php?rest_route=\/wp\/v2\/posts"}],"about":[{"href":"http:\/\/blog.inmontanis.info\/index.php?rest_route=\/wp\/v2\/types\/post"}],"author":[{"embeddable":true,"href":"http:\/\/blog.inmontanis.info\/index.php?rest_route=\/wp\/v2\/users\/1"}],"replies":[{"embeddable":true,"href":"http:\/\/blog.inmontanis.info\/index.php?rest_route=%2Fwp%2Fv2%2Fcomments&post=9730"}],"version-history":[{"count":4,"href":"http:\/\/blog.inmontanis.info\/index.php?rest_route=\/wp\/v2\/posts\/9730\/revisions"}],"predecessor-version":[{"id":9734,"href":"http:\/\/blog.inmontanis.info\/index.php?rest_route=\/wp\/v2\/posts\/9730\/revisions\/9734"}],"wp:featuredmedia":[{"embeddable":true,"href":"http:\/\/blog.inmontanis.info\/index.php?rest_route=\/wp\/v2\/media\/9735"}],"wp:attachment":[{"href":"http:\/\/blog.inmontanis.info\/index.php?rest_route=%2Fwp%2Fv2%2Fmedia&parent=9730"}],"wp:term":[{"taxonomy":"category","embeddable":true,"href":"http:\/\/blog.inmontanis.info\/index.php?rest_route=%2Fwp%2Fv2%2Fcategories&post=9730"},{"taxonomy":"post_tag","embeddable":true,"href":"http:\/\/blog.inmontanis.info\/index.php?rest_route=%2Fwp%2Fv2%2Ftags&post=9730"}],"curies":[{"name":"wp","href":"https:\/\/api.w.org\/{rel}","templated":true}]}}