{"id":9725,"date":"2024-02-27T19:43:38","date_gmt":"2024-02-27T18:43:38","guid":{"rendered":"http:\/\/blog.inmontanis.info\/?p=9725"},"modified":"2024-03-02T20:33:24","modified_gmt":"2024-03-02T19:33:24","slug":"kittelfjall-20-27-2-2024-2-sl-20x-so-viele-abfahrten","status":"publish","type":"post","link":"http:\/\/blog.inmontanis.info\/?p=9725","title":{"rendered":"Kittelfj\u00e4ll, 20-27.2.2024 &#8211; 2 SL &#038; 20x so viele Abfahrten"},"content":{"rendered":"<p><strong>Di, 20.2.2024<\/strong> &#8211; Saison-Skitag#100, Reisetag#150<\/p>\n<p>Ich kaufte also den 8-Tage-Skipass um 2035,- SEK, was laut Kreditkartenabbuchung 182,85 \u20ac waren. Dazu 2.100,- SEK Camping 7 N\u00e4chte, das wird eine relativ teure Woche.<\/p>\n<p>Kittelfj\u00e4ll spricht man \u00fcbrigens &#8220;Schittelfj\u00e4ll&#8221; aus, mit einem scharfen &#8220;sch&#8221;. (Aber: Kiruna, obwohl es auch mit Ki anf\u00e4ngt, ist trotzdem Kiruna und nicht Schiruna.)<\/p>\n<p>Schon weit, der Weg vom Campingplatz, so ca. 600m lt. GPS-Tracker, mit den geschulterten Skiern. Nachmittags retour nur wenig schieben m\u00fcssen, die Abfahrt Majbacken als Verl\u00e4ngerung geht zur Stra\u00dfe, davor noch abgebogen \u00fcber eine Baustelle. Majbacken hie\u00df fr\u00fcher Dansken.<\/p>\n<p>Ich fuhr von ganz rechts nach ganz links ein paar der  &#8220;Best-of&#8221;-Sachen, soweit sie mir in Erinnerung waren, plus ein paar andere.<\/p>\n<p>Leider heute den ersten Luftverpester der Saison im Lift vor mir gehabt, also ein Raucher, aber man kann ja aussteigen auf der Strecke, Vorteil der SL.  <\/p>\n<p>Die 2 kleinen bis winzigen V\u00e4rmestuga mit WC-M\u00f6glichket sind mir vielleicht noch gar nicht aufgefallen, schauen aber auch improvisiert aus.<\/p>\n<p>Im Vergleich zu Borgafj\u00e4ll sind die Routen hier nicht alle so eng und steil, sondern auch mal etwas breiter und offener, also angenehmer.<\/p>\n<p>(Da ich ja schon sehr viele sch\u00f6ne Fotos aus dem Skigebiet online hab, hab ich wieder viele gel\u00f6scht, anstatt sie online zu stellen, aber in Summe sinds nun doch \u00fcber 70.)<\/p>\n<p><a href='http:\/\/ski.inmontanis.info\/d\/327050-2\/DSC01553.jpg'><img src=http:\/\/ski.inmontanis.info\/d\/327049-3\/DSC01553.jpg \/><\/a><br \/>\n^ Pistenplan, Hotel-SL links, Jan-Express-SL rechts<\/p>\n<p><a href='http:\/\/ski.inmontanis.info\/d\/326890-2\/DSC01442.jpg'><img src=http:\/\/ski.inmontanis.info\/d\/326889-3\/DSC01442.jpg \/><\/a><br \/>\n^ Variante rechts vom Jan-SL noch vor der ersten Piste, nicht im Plan<\/p>\n<p><a href='http:\/\/ski.inmontanis.info\/d\/326894-2\/DSC01447.jpg'><img src=http:\/\/ski.inmontanis.info\/d\/326893-3\/DSC01447.jpg \/><\/a><br \/>\n^ Pastorn (ganz rechts)<\/p>\n<p><a href='http:\/\/ski.inmontanis.info\/d\/326898-2\/DSC01451.jpg'><img src=http:\/\/ski.inmontanis.info\/d\/326897-3\/DSC01451.jpg \/><\/a><br \/>\n^ Glaub die K\u00e5l\u00e5rado<\/p>\n<p><a href='http:\/\/ski.inmontanis.info\/d\/326902-2\/DSC01459.jpg'><img src=http:\/\/ski.inmontanis.info\/d\/326901-3\/DSC01459.jpg \/><\/a><br \/>\n^ Die sch\u00f6ne B-E&#8217;s L\u00f6pa ganz links<\/p>\n<p><a href='http:\/\/ski.inmontanis.info\/d\/326906-2\/DSC01468.jpg'><img src=http:\/\/ski.inmontanis.info\/d\/326905-3\/DSC01468.jpg \/><\/a><br \/>\n^ Nicht nur die Rinnen, auch der Schnee erinnerte mich heute an die Abfahrten am \u00c4tna (schaute wie Vulkanasche aus)<\/p>\n<p><a href='http:\/\/ski.inmontanis.info\/d\/326910-2\/DSC01469.jpg'><img src=http:\/\/ski.inmontanis.info\/d\/326909-3\/DSC01469.jpg \/><\/a><br \/>\n^ Abfahrt 4 Granbacken<\/p>\n<p><a href='http:\/\/ski.inmontanis.info\/d\/326914-2\/DSC01474.jpg'><img src=http:\/\/ski.inmontanis.info\/d\/326913-3\/DSC01474.jpg \/><\/a><br \/>\n^ Abfahrt Majbacken; gr\u00fcn markiert der Stellplatz vom Campingplatz links und die Talstation Jan-SL rechts, mir ist der Weg eigentlich zu weit, aber man kann immerhin nachmittags \u00fcber diese Abfahrt recht problemlos hinfahren<\/p>\n<p><a href='http:\/\/ski.inmontanis.info\/d\/326918-2\/DSC01478.jpg'><img src=http:\/\/ski.inmontanis.info\/d\/326917-3\/DSC01478.jpg \/><\/a><br \/>\n^ Ich zweifle zwar, dass der ganze Bereich rechts nur ein Stellplatz ist, aber der rote scheint mir dann doch auf dem von mir bezahlten Stellplatz zu stehen<\/p>\n<p>Zuwenig K\u00e4se, zuviel Sahne, dann muss es das Apfelmus richten ;) Nach 5 Tagen reicht&#8217;s aber mal wieder mit den \u00c4lplermakkaroni.<\/p>\n<p><a href='http:\/\/extra.inmontanis.info\/d\/102710-2\/DSC01481.jpg'><img src=http:\/\/extra.inmontanis.info\/d\/102709-3\/DSC01481.jpg \/><\/a><br \/>\n^ Letzte Portion \u00c4lplermagronen mit der korrekten Menge an Apfelmus ;) (bevor es einger\u00fchrt wurde)<\/p>\n<p>Das viele SL-Fahren insb. in Kombination mit den Skirouten (Borgafj\u00e4ll, Kittelfj\u00e4ll) schlaucht mich mittlerweile schon, mein Kreuz schmerzt nat\u00fcrlich auch, auch wg. dem schweren Rucksack immer. Und was ich die letzten Tage auch gemerkt hab, dass die Matratze mittlerweile etwas durchgelegen ist, also mittig ist sie nun sp\u00fcrbar weicher als am Rand. Aber dass ich die Tischplatte darunter sp\u00fcren w\u00fcrde, ist trotzdem nur selten der Fall. Ich f\u00fcrchte aber, dass das der Grund sein k\u00f6nnte, dass ich von der Seitenlage h\u00e4ufiger in die R\u00fcckenlage nachts komme und das sorgt wieder f\u00fcr mehr R\u00fcckenbeschwerden. <\/p>\n<p>Hatte mal gesagt, dass das Bett im Auto angenehmer ist und weniger Kreuzschmerzen erzeugt als daheim, aber in den letzten Wochen stimmt das wohl nicht mehr.<\/p>\n<p>Wieviel N\u00e4chte ich wohl mittlerweile auf der Matratze geschlafen hab und wieviel Tage ich die letzten 3 Jahre im Ignis &#8220;gelebt&#8221; hab? Vor 3 Jahren war ich im Hochwinter ja noch in Hostels  und hatte noch nicht die Camping-Strom-Ausr\u00fcstung. Aber es k\u00f6nnten jetzt schon in Summe ca. 2 Jahre in den letzten 3 Jahren gewesen sein.<\/p>\n<p>Hab heut endlich mal wieder die Skitage in die Datenbank eingetragen und dabei festgestellt, dass ich  seit dem 13.1. in Norwegen (Stavedalen) keinen Skipass mehr gekauft hatte und nur auf der Saisonkarte unterwegs war. Damit relativieren sich etwas die Kosten f\u00fcr diese und n\u00e4chste Woche &#8230;<\/p>\n<p>Damit einhergehend wenig sind die Anzahl der Skigebiete bisher diese Saison, gerade einmal 26 verschiedene (und davon 13 neue). 82 von den 100 Tagen bin ich auf den beiden Saisonkarten gefahren. Tja, wenn das mit der S\u00fcdnorwegentour besser geklappt h\u00e4tte &#8230; hoffentlich klappt&#8217;s wenigstens mit der Nordnorwegentour, ansonsten wird das eine Saison mit den wenigsten verschiedenen Skigebieten seit  20 Jahren. N\u00e4chste Saison dann ggf. weniger Skitage, aber mehr Skigebiete, zumindest wenn ich nach S\u00fcdosteuropa komme, denn da sind ja auch oft Skigebiete nur am WE offen (oder wenn genug Leute da sind) und ggf. keine Alternative in der Gegend.<\/p>\n<p><strong>Mi, 21.2.2024<\/strong><\/p>\n<p>Am Anfang des Winters sah es ja nach einer guten Saison in den Alpen aus, aber wie so oft, wenn viel Schnee zu Beginn f\u00e4lt, fehlt er sp\u00e4ter. Aktuell schauts wohl in vielen Bereichen schnee\u00e4rmer aus als letztes Jahr, insb. auch wieder einmal in Italien. Koralpe meldet trotz nur 20cm Schnee aber alle Lifte in Betrieb. Allerdings soll ein Italientief demn\u00e4chst f\u00fcr Schneefall auf der S\u00fcdseite der Alpen sorgen.<\/p>\n<p>Tja, mein Tipp f\u00fcr schneeverarmte Alpenbewohner: Fahrt nach Skandinavien :)<\/p>\n<p>Im Shop an der Talstation (linker) Hotel-SL soll es &#8220;varmkorv &#038; fika&#8221; geben lt. Tafeln. Gestern nix dergleichen, meine Frage nach Hotdog wurde mit einem &#8220;heute aus, morgen wohl wieder&#8221; beantwortet, auch sonst gab&#8217;s nix au\u00dfer Saftt\u00fcten und Kaffeeautomat. Heute  nochmals probiert und zwar schon um 12:30 und bekam von einer anderen Angstellten die Antwort, dass ihnen die Hotdogs heute ausgegangen seien. Bullshit. Sie hatten wohl weder gestern noch heute welche, was soll die L\u00fcgerei? Ein drittes Mal werd&#8217; ich&#8217;s nicht mehr probieren. Tja, kulinarisch und v\u00e4rmestuga-m\u00e4\u00dfig war mir Trillevallen und Borgafj\u00e4ll lieber.<\/p>\n<p>Abfahrtstechnisch haben alle ihre Vor- und Nachteile. Hier zwar mehr und sch\u00f6nere Varianten,  aber man muss auch regelm\u00e4\u00dfig skiben &#8211; \u00e4h &#8211; schieben. Und viele Varianten \u00e4hneln sich nat\u00fcrlich. <\/p>\n<p><a href='http:\/\/ski.inmontanis.info\/d\/326922-2\/DSC01484.jpg'><img src=http:\/\/ski.inmontanis.info\/d\/326921-3\/DSC01484.jpg \/><\/a><br \/>\n^ Pano links vom Jan-SL zum Hotel-SL usw<\/p>\n<p><a href='http:\/\/ski.inmontanis.info\/d\/326926-2\/DSC01487.jpg'><img src=http:\/\/ski.inmontanis.info\/d\/326925-3\/DSC01487.jpg \/><\/a><br \/>\n^ Obwohl so wenig Schnee ist, wurde hier heute 2x gesprengt<\/p>\n<p><a href='http:\/\/ski.inmontanis.info\/d\/326930-2\/DSC01488.jpg'><img src=http:\/\/ski.inmontanis.info\/d\/326929-3\/DSC01488.jpg \/><\/a><br \/>\n^ Im Gipfelbereich liegt kaum Schnee heuer, viel Wind &#8230;<\/p>\n<p><a href='http:\/\/ski.inmontanis.info\/d\/326934-2\/DSC01489.jpg'><img src=http:\/\/ski.inmontanis.info\/d\/326933-3\/DSC01489.jpg \/><\/a><br \/>\n^ Eine der Rinnen gleich links vom Hotel-SL<\/p>\n<p><a href='http:\/\/ski.inmontanis.info\/d\/326938-2\/DSC01490.jpg'><img src=http:\/\/ski.inmontanis.info\/d\/326937-3\/DSC01490.jpg \/><\/a><br \/>\n^ Schneefangz\u00e4unen sei Dank, Abfahrten links vom Hotel-SL<\/p>\n<p><a href='http:\/\/ski.inmontanis.info\/d\/326942-2\/DSC01492.jpg'><img src=http:\/\/ski.inmontanis.info\/d\/326941-3\/DSC01492.jpg \/><\/a><br \/>\n^ Hotel-SL, der bekam neue B\u00fcgel und diesmal keine Boardie-Sitze mehr.<br \/>\n(Und ja, auf der Talstation steht gro\u00df Poma, aber St\u00fctzen und Bergstation tragen die Alimak-Handschrift.)<\/p>\n<p><a href='http:\/\/ski.inmontanis.info\/d\/326946-2\/DSC01493.jpg'><img src=http:\/\/ski.inmontanis.info\/d\/326945-3\/DSC01493.jpg \/><\/a><br \/>\n^ Variante am Hotel-SL<\/p>\n<p><a href='http:\/\/ski.inmontanis.info\/d\/326950-2\/DSC01494.jpg'><img src=http:\/\/ski.inmontanis.info\/d\/326949-3\/DSC01494.jpg \/><\/a><br \/>\n^ Infotafel zur Geschichte des Skifahrens (bis 8.000 v.Chr.)<\/p>\n<p><a href='http:\/\/ski.inmontanis.info\/d\/326954-2\/DSC01495.jpg'><img src=http:\/\/ski.inmontanis.info\/d\/326953-3\/DSC01495.jpg \/><\/a><br \/>\n^ V\u00e4rmestuga am Hotel-SL, war fr\u00fcher wohl was anderes; die am Jan-SL ist noch viel kleiner<\/p>\n<p><a href='http:\/\/ski.inmontanis.info\/d\/326958-2\/DSC01496.jpg'><img src=http:\/\/ski.inmontanis.info\/d\/326957-3\/DSC01496.jpg \/><\/a><br \/>\n^ Es gibt immer wieder solche Schneisen, die eigenartiger Weise auch im Tal weiterf\u00fchren<\/p>\n<p><a href='http:\/\/ski.inmontanis.info\/d\/326962-2\/DSC01497.jpg'><img src=http:\/\/ski.inmontanis.info\/d\/326961-3\/DSC01497.jpg \/><\/a><br \/>\n^ Storgrova<\/p>\n<p><a href='http:\/\/ski.inmontanis.info\/d\/326966-2\/DSC01498.jpg'><img src=http:\/\/ski.inmontanis.info\/d\/326965-3\/DSC01498.jpg \/><\/a><br \/>\n^ Storgrova, konnte heuer schneem\u00e4\u00dfig leider nicht sehr \u00fcberzeugen<\/p>\n<p><a href='http:\/\/ski.inmontanis.info\/d\/326970-2\/DSC01499.jpg'><img src=http:\/\/ski.inmontanis.info\/d\/326969-3\/DSC01499.jpg \/><\/a><br \/>\n^ Nachmittagspano<\/p>\n<p><a href='http:\/\/ski.inmontanis.info\/d\/326974-2\/DSC01501.jpg'><img src=http:\/\/ski.inmontanis.info\/d\/326973-3\/DSC01501.jpg \/><\/a><br \/>\n^ Rechts vom Jan-SL ist es im oberen Bereich teilweise sch\u00f6n offen (wenn der Schnee mal passt)<\/p>\n<p>Es missfiel mir zwar zutiefst, das zu tun, aber ich startete mein Auto und stellte mich noch einen Meter weiter von den anderen Fahrzeugen weg, um wenigstens mit etwas Anstrengung zum Berg sehen zu k\u00f6nnen. Wehe, es stellt sich jetzt noch einer zwischen mir und dem n\u00e4chsten auf meinen Platz, den ich bezahle!!<\/p>\n<p>Nach 5 Tage schweizer K\u00fcche gibts heute+morgen deutsche K\u00fcche: Sauerbraten mit Sp\u00e4tzle. Die halbe Dose kommt bis morgen in das an einer Campingplatzk\u00fcche ausgewaschene Pilaf-Glas.<\/p>\n<p>Gut, dass ich heuer den kleinen Goldrandteller aus England dabei hab, den konnte ich heute erstmals unterwegs brauchen. Die So\u00dfe h\u00e4tte gern etwas dunkler und s\u00e4uerlicher sein k\u00f6nnen. Scheint ne halbe Paprikaso\u00dfe zu sein.<\/p>\n<p><a href='http:\/\/extra.inmontanis.info\/d\/102714-2\/DSC01502.jpg'><img src=http:\/\/extra.inmontanis.info\/d\/102713-3\/DSC01502.jpg \/><\/a><br \/>\n^ Heute mal deutsche K\u00fcche mit Sauerbraten und Sp\u00e4tzle<\/p>\n<p><a href='http:\/\/extra.inmontanis.info\/d\/102718-2\/DSC01503.jpg'><img src=http:\/\/extra.inmontanis.info\/d\/102717-3\/DSC01503.jpg \/><\/a><br \/>\n^ .. und so konnte ich auch mal mein Goldrandtellerchen brauche; die Sauerbratenso\u00dfe schmeckte aber etwas wie eine Paprika-Gulaschso\u00dfe<\/p>\n<p><strong>Do, 22.2.2024<\/strong><\/p>\n<p>Vormittags leichter Schneefall, ab meinem Start trocken und nach Mittag Hochnebel bis kurz unter Bergstationsniveau. Mein heutiger Schwerpunkt: die Routen rechts vom rechten SL. Immer gar nicht so einfach, die Routen so zu fahren, wie sie angedacht sind, weil man nicht immer eine sichtbare Rinne\/Schneise hat bzw. von oben noch nicht sieht. Zwischendrin gibts ja auch noch weitere Rinnen- und Nichtrinnenvarianten, die im Plan nicht drin stehen. Wenn man unten am Namensschild der Abfahrt rauskommt, wei\u00df man, dass man diesmal richtig lag. <\/p>\n<p><a href='http:\/\/ski.inmontanis.info\/d\/326978-2\/DSC01505.jpg'><img src=http:\/\/ski.inmontanis.info\/d\/326977-3\/DSC01505.jpg \/><\/a><br \/>\n^ Faszinierend, wie es der B\u00fcgel am Jan-SL mehrmals um die obere Umlenkscheibe geschafft hat, ohne die Rei\u00dfleine zu ziehen, evtl. erst zu lang und dann zu kurz, nach vielleicht 3-4 Umfahrungen war das Seil eingerollt.<\/p>\n<p><a href='http:\/\/ski.inmontanis.info\/d\/326982-2\/DSC01507.jpg'><img src=http:\/\/ski.inmontanis.info\/d\/326981-3\/DSC01507.jpg \/><\/a><br \/>\n^ <\/p>\n<p>Der Liftler unten merkte wohl nix, weil er kein Fenster zur Lifttrasse hat, also gar nicht mitbekommt, was im Lift los ist?!<\/p>\n<p><a href='http:\/\/ski.inmontanis.info\/d\/326986-2\/DSC01509.jpg'><img src=http:\/\/ski.inmontanis.info\/d\/326985-3\/DSC01509.jpg \/><\/a><br \/>\n^ Teilweise kann man auch sch\u00f6n im Wald fahren, zus\u00e4tzlich zu den offizielenn Varianten<\/p>\n<p><strong>Fr, 23.2.2024<\/strong><\/p>\n<p>F\u00fcr heute waren st\u00e4rkere Schneef\u00e4lle gemeldet, 15-20 mm Niederschlag bei knapp unter 0\u00b0 plus Wind. Da hatte ich ja eigentlich wenig Lust auf den Fu\u00dfweg zum Lift .. aber den ganzen Tag im Auto sitzen ist ja auch nicht soooo toll, wenn man nicht f\u00e4hrt. (Bei Regen w\u00e4r ich aber schon &#8220;daheim&#8221; geblieben.)<\/p>\n<p>Vor 2 Jahren hab ich, wenn ich zum Skifahren ging, am Campingplatz noch fast t\u00e4glich mein Stromkabel abgesteckt und ins Auto gelegt, in letzter Zeit hab ich das Kabel von der Steckdose im Auto getrennt, hier nun nochmals eine \u00c4nderung und stattdessen die SIcherung am Stromkasten ausgeschaltet. Hat den Vorteil, dass es leichter ist und ich jeden Tag mit den Skischuhen den Weg dorthin verfestige. Im Auto hab ich ja einen W\u00fcrfel mit 4 Steckdosen und 2 USB-Anschl\u00fcssen, an 3 Steckdosen h\u00e4ngt eine per Fernbedienung schaltbare Zwischenstreckdose, wo wiederum Bodenheizer, Schuhheizer und das 12V-Ladeger\u00e4t angeschlossen sind, an der freien Steckdose kommt dann entweder die Schuh\/Handschuh-Heizladeger\u00e4te oder Kochtopf etc.<\/p>\n<p>Der W\u00fcrfel kann auch w\u00e4hrend der Autofahrt dort liegen, allerdings muss man ihn immer wieder etwas verrutschen, wenn man die Handbremse bet\u00e4tigen will. Ansonsten aber der beste Platz und aus dem Provisorium wurde wieder einmal die Dauerl\u00f6sung.<\/p>\n<p><a href='http:\/\/extra.inmontanis.info\/d\/102722-2\/DSC01510.jpg'><img src=http:\/\/extra.inmontanis.info\/d\/102721-3\/DSC01510.jpg \/><\/a><br \/>\n^ Campingalltag: Steckdosenverteiler<\/p>\n<p>Mittags ca. 10cm Schnee vom Auto geschoben. Auf dem Fu\u00dfweg zum Lift bemerkt, dass das heute der 4. von 6 Tagen ist, also nur noch 2x der Fu\u00dfweg, dann 2x mit dem Auto am Parkplatz.<\/p>\n<p>Kein sonderlich lohnenswerter Skitag heute, der Neuschnee war teils recht schwer.<\/p>\n<p>Nachmittags am Hotellift, was mir die n\u00e4chsten 2 Wochen bl\u00fchen k\u00f6nnte: Wartezeiten. Dazu noch mehr Nebel, Sturm und Schneefall = letzte Bergfahrt um 14:30 f\u00fcr mich. <\/p>\n<p>Das letzte Mal hatte ich im August meine Finanzen gecheckt, wurde also mal wieder Zeit. Depot 1 ist &#8211; wie h\u00e4ufig in den letzten Jahren &#8211; im Plus, w\u00e4hrend Depot 2 nach wie vor im Minus ist, wobei es einzelne Fonds in beiden Depots gibt, die einen hohen Verlust aufweisen. (Und unbeachtet der Inflation, leider, sonst schauts nach wie vor schlechter aus.) <\/p>\n<p>Gold ist auch etwas gestiegen und in Summe hab ich als Euro-Wert betrachtet 7,7% mehr als im August 2023 und 4% weniger als 2\/2021. Mein j\u00e4hrlicher Verm\u00f6gens-Entnahmebetrag bis zur Pension ist um 12,7% h\u00f6her als 2\/2021.  Inflationsbedingt sollten es wohl ca. 25% sein, aber verglichen mit den letzten Jahren schaut das zumindest wieder etwas besser aus. Unber\u00fccksichtigt lass ich wie \u00fcblich die Wohnung und deren Preisentwicklung. Aber wenn ich mir das aktuelle Angebot in AT so anseh, bin ich schon sehr froh \u00fcber die ruhige Lage (abgesehen von der Hellh\u00f6rigkeit, wenn Nachbarn da sind) meiner g\u00fcnstigen Wohnung und nach wie vor \u00fcberzeugt, das ich da die richtige Entscheidung zum richtigen Zeitpunkt gemacht hab. <\/p>\n<p>Wobei man sich auch \u00fcberlegen k\u00f6nnte, ob eine doppelt so teure, bessere Wohnung nicht sinnvoller gewesen w\u00e4re &#8211; denn ob das Geld f\u00fcr die n\u00e4chsten Jahre auf der Bank liegt oder in einer Wohnung besser investiert gewesen w\u00e4re, kann ich nach der kurzen Zeit nat\u00fcrlich noch nicht absch\u00e4tzen. Einerseits h\u00e4tte ich die dann vielleicht wieder irgendwann verkaufen m\u00fcssen, wenn sie im Wert gut gestiegen w\u00e4re, ich das Geld br\u00e4uchte und in eine g\u00fcnstigere umziehen wollte. Andererseits kann ich mir aber auch nicht vorstellen, dass ich mal das ganze Jahr in meiner jetzigen Wohnung leben m\u00f6chte. Aber naja, wer wei\u00df was in ein paar Jahren ist und in welchem Land ich dann sein werde oder sein m\u00f6chte oder sein m\u00fcsste.<\/p>\n<p><strong>Sa, 24.2.2024<\/strong><\/p>\n<p>Gestern Abend hat sich irgendwann noch ein Wohnmobil an den letzten freien Stellplatz neben mir gestellt, somit sind die 4 Pl\u00e4tze  nun voll. Ich sollte unbedingt heut Abend T\u00e4rnaby buchen, bevor der dann auch voll ist ..<\/p>\n<p>Meine T\u00fcr konnte ich morgens gerade noch \u00fcber dem Schnee \u00f6ffnen, der Schneer\u00e4umer fuhr um kurz vor 7 Uhr, iie\u00df aber  eher eine hohe Kante an der Seite zur\u00fcck, das haben andere anderswo besser gemcht.<\/p>\n<p>Tja, das war heute eher kein sch\u00f6ner Tag. Also die anderen hatten ihren Spa\u00df, aber wenn man schon \u00fcber 100 Tage diese Saison gefahren ist, sieht man das anders. Angefangen hat es damit, dass derJan-SL erst gegen 9:15 statt 9:00 losfuhr und nach meinem schwitzigen Fu\u00dfmarsch schon eine lange Schlange hier war.  Ich fuhr dann r\u00fcber zum Hotel-SL, wo  es mir nach meiner ersten Fahrt auch zu voll wurde und fuhr ein paar mal den Tellerlift daneben, der aber auch nicht lang so leer blieb. Die n\u00e4chsten Tage waren aber wieder etwas leerer.<\/p>\n<p>Schlimmer aber fand ich die Schneeverh\u00e4ltnisse, pappiger, windgepresster Neuschnee, nicht nur offpiste sehr schwer zu fahren, auch onpiste gabs hartgepresste Windverwehungen, wo man kaum um die Kurve kam. Um 10:30 machte ich meine Pause, bevor die V\u00e4rmestuga voll werden w\u00fcrde und hoffte auf ein paar leerere Fahrten \u00fcber Mittag am Jan-SL  <\/p>\n<p><a href='http:\/\/ski.inmontanis.info\/d\/326990-2\/DSC01511.jpg'><img src=http:\/\/ski.inmontanis.info\/d\/326989-3\/DSC01511.jpg \/><\/a><br \/>\n^ Jan-SL fuhr versp\u00e4tet los, nat\u00fcrlich ausgerechnet an einem Samstag, wo ich auch mal fr\u00fch dran bin und es eh voller ist<\/p>\n<p><a href='http:\/\/ski.inmontanis.info\/d\/326994-2\/DSC01513.jpg'><img src=http:\/\/ski.inmontanis.info\/d\/326993-3\/DSC01513.jpg \/><\/a><br \/>\n^ Eine der Rinnen zwischen den beiden SL<\/p>\n<p><a href='http:\/\/ski.inmontanis.info\/d\/326998-2\/DSC01521.jpg'><img src=http:\/\/ski.inmontanis.info\/d\/326997-3\/DSC01521.jpg \/><\/a><br \/>\n^ Funpark neben dem Hotel-SL bzw. dem Tellerlift<\/p>\n<p><a href='http:\/\/ski.inmontanis.info\/d\/327002-2\/DSC01522.jpg'><img src=http:\/\/ski.inmontanis.info\/d\/327001-3\/DSC01522.jpg \/><\/a><br \/>\n^ Hotel-SL mit der Goldst\u00fctze und Tellerlift<\/p>\n<p><a href='http:\/\/ski.inmontanis.info\/d\/327006-2\/DSC01523.jpg'><img src=http:\/\/ski.inmontanis.info\/d\/327005-3\/DSC01523.jpg \/><\/a><br \/>\n^ Und den kurzen \u00dcbungstellerlift bin ich auch einmal gefahren<\/p>\n<p><a href='http:\/\/ski.inmontanis.info\/d\/327010-2\/DSC01524.jpg'><img src=http:\/\/ski.inmontanis.info\/d\/327009-3\/DSC01524.jpg \/><\/a><br \/>\n^ In Bildmitte kam man sonst in die V\u00e4rmestuga, heut alles zugeweht<\/p>\n<p>Ich checkte T\u00e4rnaby, das ich ungern f\u00fcr eine Woche buchen m\u00f6chte, wenn die DSB nicht fahen sollte. Heute war nicht nur die DSB, sondern auch der rechte SL geschlossen, ohne Kommentar allerdings.  Laut Wettervorhersage aber wesentlich st\u00fcrmischer dort heute (und so st\u00fcrmisch wird die n\u00e4chste Woche nicht gemeldet momentan). Dann also mit der Buchung auf morgen warten. Noch ist jedenfalls was frei am Campingplatz. Schade halt, dass es keinen g\u00fcnstigeren Nur-T\u00e4rnaby-Skipass gibt und man immer auch f\u00fcr das teurere, beliebtere Hemavan mitzahlen muss, auf das ich auch verzichten k\u00f6nnte.<\/p>\n<p>70cm Neuschnee sorgten gestern an der Brennerautobahn f\u00fcr Chaos und Sperre. Wenig sp\u00e4ter, heute Vormittag, sorgten &#8220;Klimaaktivisten&#8221; f\u00fcr eine Blockade :) (&#8220;CO2&#8221; und &#8220;Corona&#8221; sind ja *die* Ersatzreligionen der 2020er Jahre!)<\/p>\n<p>Nach 11 Uhr war es am Hotel-SL nun schon relativ leer und ich fuhr noch ein paar Mal, auch am Jan-SL blieb es leer, wobei ich gegen 14 Uhr aufh\u00f6ren wollte.<\/p>\n<p><a href='http:\/\/ski.inmontanis.info\/d\/327014-2\/DSC01527.jpg'><img src=http:\/\/ski.inmontanis.info\/d\/327013-3\/DSC01527.jpg \/><\/a><br \/>\n^ Der Tellerlift zeigt auch Schw\u00e4chen<\/p>\n<p><a href='http:\/\/ski.inmontanis.info\/d\/327018-2\/DSC01528.jpg'><img src=http:\/\/ski.inmontanis.info\/d\/327017-3\/DSC01528.jpg \/><\/a><br \/>\n^ .. und da hat irgendwas geklappert<\/p>\n<p>Ich wollte heute mal die ganz rechte Variante &#8220;Konsumravine&#8221; fahren und zum coop gehen, doch noch etwas Brot+Wurst kaufen, w\u00fcrde sparsam sonst auch bis Montag reichen. Von der Abfahrt kommt man ja nicht mehr direkt zum Lift, ohne weiten Fu\u00dfmarsch, trotzdem waren schon gegen 14 Uhr gen\u00fcgend Spuren drin und Schnee war auch recht gut und \u00fcberhaupt w\u00e4re das eine sch\u00f6ne Abfahrt, wenn dann der weite Fu\u00dfweg nicht w\u00e4re. Campingplatz liegt ja ca. in der Mitte zwischen SL und coop. Obwohl da die Stra\u00dfe abw\u00e4rts ging, musste ich fast durchwegs leicht schieben.<\/p>\n<p><a href='http:\/\/ski.inmontanis.info\/d\/327022-2\/DSC01538.jpg'><img src=http:\/\/ski.inmontanis.info\/d\/327021-3\/DSC01538.jpg \/><\/a><br \/>\n^ Konsumravine, ganz rechts, wo man zum Coop kommt<\/p>\n<p><a href='http:\/\/ski.inmontanis.info\/d\/327026-2\/DSC01539.jpg'><img src=http:\/\/ski.inmontanis.info\/d\/327025-3\/DSC01539.jpg \/><\/a><br \/>\n^ Konsumravine, recht nett<\/p>\n<p><a href='http:\/\/ski.inmontanis.info\/d\/327030-2\/DSC01541.jpg'><img src=http:\/\/ski.inmontanis.info\/d\/327029-3\/DSC01541.jpg \/><\/a><br \/>\n^ Konsumravine, recht nett<\/p>\n<p><a href='http:\/\/ski.inmontanis.info\/d\/327034-2\/DSC01544.jpg'><img src=http:\/\/ski.inmontanis.info\/d\/327033-3\/DSC01544.jpg \/><\/a><br \/>\n^ .. und man landet beim Coop. Rechts geht die Stra\u00dfe etwas abw\u00e4rts, muss aber doch etwas schieben zum Campingplatz<\/p>\n<p><a href='http:\/\/ski.inmontanis.info\/d\/327038-2\/DSC01546.jpg'><img src=http:\/\/ski.inmontanis.info\/d\/327037-3\/DSC01546.jpg \/><\/a><br \/>\n^ Da war der Schneer\u00e4umer etwas schlampig vor meinem Auto, aber links und rechts waren ja leider auch die l\u00e4ngeren Fahrzeuge und standen wohl etwas im Weg, die schienen sich heute abfahrbereit zu machen.<\/p>\n<p><a href='http:\/\/ski.inmontanis.info\/d\/327042-2\/DSC01549.jpg'><img src=http:\/\/ski.inmontanis.info\/d\/327041-3\/DSC01549.jpg \/><\/a><br \/>\n^ Blick vom Campingplatz zum Bereich rechts vom Jan-SL mit Majbacken links und Pastorn rechts<\/p>\n<p><a href='http:\/\/ski.inmontanis.info\/d\/327046-2\/DSC01550.jpg'><img src=http:\/\/ski.inmontanis.info\/d\/327045-3\/DSC01550.jpg \/><\/a><br \/>\n^ Blick vom Campingplatz zum Bereich vom Jan-SL links im Bild bis Majbacken rechts<\/p>\n<p>Ich hatte heute mein 28mm-Canon-FD-Objektiv drauf, das eigentlich mal mein Lieblingsobjektiv war. Auf der IR-Cam hatte ich mich schon \u00fcber den Hotspot gewundert, weil ich meinte, dass die auf der IR-Cam sonst auch recht gut war. Aber heute sieht man, dass es auch auf der normalen Cam irgendwie m\u00fcllig (dunkel) ist im unteren Bereich.  Ich hab das nat\u00fcrlich erst einige Tage sp\u00e4ter (am 29.2.) gemerkt, als ich die Bilder runtergeladen hab, insofern gut, dass ich es nur kurz drauf hatte und aus anderen Gr\u00fcnden dann wieder ein anderes Objektiv draufgeschraubt hatte.  Hab mir das am 29.2. also mal n\u00e4her angesehen, es war ein gr\u00fcnlicher, w\u00e4ssrig aussehender, aber beim Wegwischen sehr KLEBRIGER Fleck auf der unteren Seite &#8211; unerkl\u00e4rlich, wie das da hingelangt ist oder sich bilden konnte.<\/p>\n<p>Vielleicht hatte ich das Objektiv auf der alten Ex-IR-Nex, wo ich mittels doppelseitigem Klebeband den (jaja, das) IR-Sperrfilter wieder draufgeklebt hatte und das ist da irgendwie auf die Linse???!! Jedenfalls sollte ich ausschlie\u00dfen k\u00f6nnen, dass da irgendwas (oder irgendwer) hingespritzt ist\/hat, da das Objektiv ja immer mit Deckel gesch\u00fctzt war, wenn es nicht an einer Cam montiert war.<\/p>\n<p><a href='http:\/\/extra.inmontanis.info\/d\/102726-2\/DSC01547.jpg'><img src=http:\/\/extra.inmontanis.info\/d\/102725-3\/DSC01547.jpg \/><\/a><br \/>\n^ Ok, es ist noch in der Beta-Version, aber wie die smhi-Vorhersage da auf -183\u00b0 und dann -94\u00b0 kommt mit einer 10%-igen Wahrscheinlichkeit, ist schon faszinierend<\/p>\n<p>Nur Plusgrade (und etwas Regen) sind die n\u00e4chsten 10 Tage f\u00fcr Glomfjord in NO gemeldet. H\u00e4tte ich ja evtl. ab n\u00e4chster Woche mal besuchen wollen, da m\u00f6chte ich ja schon so lange mal Skifahren, wenn auch die DSB in Betrieb ist. Der KSSL wird ja beschneit, die DSB nicht und daher nur selten offen. Schaut momentan nicht danach aus, dass das bis zu den Osterferien Ende M\u00e4rz noch was wird. Sie habens nicht mal gschafft, genug Schnee am KSSL f\u00fcr die jetzige Ferienwoche zu halten :( Wobei die Bilder ja nicht so schlecht aussehen. Sollten besser das WE mit dem Schnee \u00f6ffnen, was sie haben, bevor er wegregnet&#8230;<\/p>\n<p>Tageskarte in Narvik kostet 495,- NOK, aber die Homepage schweigt sich komplett aus \u00fcber eventuelle Parkgeb\u00fchren, die DSB ist momentan wohl wg. Sturmsch\u00e4den geschlossen. An der Gondeltalstation soll es einen Wohnmobilstellplatz mit Strom &#038; WC um 300,-\/Tag geben. Dort findet man dann auch die auf der Skigebiets-Homepage verschwiegenen Parkgeb\u00fchren in sehr teuren 21,- NOK \/ Stunde f\u00fcr PKW und 180,- \/ Tag f\u00fcr PKW. Wohnmobil 300,-. Tja, da w\u00e4re die Frage, ob ich mich mit dem 180,- &#8211; PKW-Preis durchmogeln k\u00f6nnte und trotzdem Strom ziehen k\u00f6nnte? ;) Ahja, laut Google-Rezession bekommt man f\u00fcrs Servicegeb\u00e4ude einen Code, den gibts dann vermutlich nur, wenn man den Wohmobilpreis zahlen wird. Im Ort gibts auch Stellpl\u00e4tze, aber da muss man 310,- zahlen und keine Rede von wegen WC.<\/p>\n<p>Es gibt in Narvik zwar keine 6=8-Tageskarte, aber auch hier wirds ab 6 Tagen pro Tag wesentlich g\u00fcnstiger, die 8-Tageskarte kostet fast gleich viel wie Hemavan-T\u00e4rnaby, bei der 9-Tageskarte w\u00fcrde der Tag nur noch 279,- NOK kosten. Tja, vielleicht sollte ich das kategorisch nicht ablehnen, dort mehrere Tage stehen zu wollen, wenn die DSB wieder in Betrieb ist. Klarerweise ist mir der stundenweise Parkplatz plus Tageskarte f\u00fcr einen Tag viel zu teuer, aber als Campingplatz f\u00fcr ne Woche schaut das etwas anders aus. Betriebszeiten unter der Woche abseits der Ferien allerdings 13-20 Uhr bzw.  6.-8.5.: 15-22,  9.-12.5.: 10-17 (Saisonschluss).<\/p>\n<p>Wenn ich mich aber entscheiden m\u00fcsste, 1 Woche T\u00e4rnaby oder 1 Woche Narvik, dann ganz klar T\u00e4rnaby. Das Fjordpano in Narvik ist zwar schon sehr geil, aber T\u00e4rnaby als Skigebiet ist mir sympathischer und Schweden ist mir ebenfalls sympathischer und das Klientel an Skifahrern wird mir in T\u00e4rnaby auch sympathischer sein. Kittelfj\u00e4ll hier ist von dem her auch grenzwertig, insbesondere sehr viel Border heute, die f\u00fcr eine unsch\u00f6n zu fahrende Lifttrasse sorgten. Und ja, Riksgr\u00e4nsen im Fr\u00fchjahr ist auch sehr anstrengend, was das angeht.<\/p>\n<p>Meine liebsten Skigbiete sind wohl die, die bei Rentnern beliebt sind. Da gibts weniger nervige Kids im Lift, keine\/seltenere Raucher im Lift, keinen L\u00e4rm&#038;Parties, wenn man auf dem Parkplatz \u00fcbernachtet und im Offpistebereich hat man auch seine Ruhe und l\u00e4nger unber\u00fchrten Neuschnee. Ist mir irgendwo irgendwann vor einigen Tagen mal so in den Sinn gekommen.<\/p>\n<p><strong>So, 25.2.2024<\/strong><\/p>\n<p>Heute Morgen war es nebelig. War nicht eigentlich sonnig gemeldet?! Derweil T\u00e4rnaby die DSB in Betrieb nennt (allerdings ja nur von 10-16h, die anderen SL fahren von 9-16h, aber der Campingplatz ist ja an der DSB). K\u00f6nnte vielleicht mein letztes Jahr in T\u00e4rnby sein, denn es besteht die Gefahr, dass bei meiner n\u00e4chsten Skandinavienreise entweder selbst die 8-Tageskarte zu teuer ist, oder man das Gebiet bis dahin mit 6KSBen verseucht hat. Wobei der Masterplan ja nun auch schon ca. 10 Jahre alt ist und sich dahingehend noch nichts getan hat.<\/p>\n<p>Scheint sich doch nicht jeder ans Schuhverbot im Servicegb\u00e4ude hier am Campingplatz nach der Einzeichnung zu halten. Naja, ich geh nur 1x am Tag ins Servigeb\u00e4ude, morgens zum kacken, Pinkelkanister leeren und Wasser nachf\u00fcllen. Nachmittags spar ich mir den Gang, geh einfach zuvor im Skigbiet niochmals aufs WC.<\/p>\n<p>Oberhalb des Nebels dann doch sehr sonnig (und dort auch viel w\u00e4rmer als unten), aber wie erwartet waren die Offpistevarianten vormittags hart gefroren. Befahrenere Varianten gingen nat\u00fcrlich etwas leichter.  <\/p>\n<p>Naja, also nach den 8 Tagen werd ich f\u00fcr die n\u00e4chsten Jahre mal genug haben von Kittelfj\u00e4ll. Au\u00dfer ich h\u00e4tte wieder die Scandinavian-Saisonkarte und die hier w\u00e4ren dabei (heuer hatten sie sich ja  nicht daf\u00fcr entschieden, gab aber Verhandlungen), ansonsten werd ich wohl keine Lust haben, nochmals eine ganze Woche am Campingplatz zu stehen und 8 Tage im Skigebiet zu verweilen.<\/p>\n<p><a href='http:\/\/ski.inmontanis.info\/d\/327054-2\/DSC01554.jpg'><img src=http:\/\/ski.inmontanis.info\/d\/327053-3\/DSC01554.jpg \/><\/a><br \/>\n^ Jan-SL mit Nebelmeer<\/p>\n<p><a href='http:\/\/ski.inmontanis.info\/d\/327058-2\/DSC01555.jpg'><img src=http:\/\/ski.inmontanis.info\/d\/327057-3\/DSC01555.jpg \/><\/a><br \/>\n^ Verbindung Jan-SL &#8211; Hotel-SL mit Nebelmeer<\/p>\n<p><a href='http:\/\/ski.inmontanis.info\/d\/327062-2\/DSC01556.jpg'><img src=http:\/\/ski.inmontanis.info\/d\/327061-3\/DSC01556.jpg \/><\/a><br \/>\n^ Rechts vom Hotel-SL mit Nebelmeer<\/p>\n<p><a href='http:\/\/ski.inmontanis.info\/d\/327066-2\/DSC01557.jpg'><img src=http:\/\/ski.inmontanis.info\/d\/327065-3\/DSC01557.jpg \/><\/a><br \/>\n^ Hotel-SL mit Nebelmeer<\/p>\n<p><a href='http:\/\/ski.inmontanis.info\/d\/327070-2\/DSC01559.jpg'><img src=http:\/\/ski.inmontanis.info\/d\/327069-3\/DSC01559.jpg \/><\/a><br \/>\n^ Hotel-SL hatte die Tage auch seine Probleme, dieser B\u00fcgel wurde tagelang nicht richtig eingezogen, schlug in der Talstation um sich (einmal traf er mich voll auf die neue Brille, aber zum Gl\u00fcck hielt sie) oder es passierte dann eben das. Diesmal hielt der Liftler den Lift an und reparierte oder entfernte den B\u00fcgel<\/p>\n<p>Der SL fuhr auch noch nicht, als ich an der Bergstation des Telller-SL ankam. Also fuhr ich zum Jan-SL r\u00fcber, der aber auch gerade stand und somit eine lange Schlange hatte. Dann gleich in die V\u00e4rmestuga..<\/p>\n<p>Hab mich die letzten Wochen oder Monate daran versucht, mich mit dem Vivaldi-Browser am Androidhandy zu arrangiern, weil der wohl als einziger noch richtige Tabs hat und mein 2020er Firefox ja immer weniger Websites anzeigt. Das nervigste ist aber, dass die URL-Historie so klein ist und ich noch keine Einstellung daf\u00fcr gefunden hab. Teils merkt sich das Gelumpe nicht mal 2 Wochen die Adressen (wobei manch \u00e4ltere URLs dann doch wieder vorhanden sind) und man umst\u00e4ndlichst dann die Historie aufrufen muss, wo man problemlos die URL finden kann. <\/p>\n<p>Kaum wollte ich gehen, Jan-SL wieder im Stillstand. Der Liftler hat gerade vor der Talstation zwei abgefallene B\u00fcgel eingesammelt. Vielleicht hat sich damit auch hier das Problem des einen hier nicht richitg einziehenden B\u00fcgels erledigt? <\/p>\n<p><a href='http:\/\/ski.inmontanis.info\/d\/327074-2\/DSC01561.jpg'><img src=http:\/\/ski.inmontanis.info\/d\/327073-3\/DSC01561.jpg \/><\/a><br \/>\n^ Das Nebelmeer reichte dann sp\u00e4ter manchmal bis zu den Liftbergstationen<\/p>\n<p>DIe meisten Offpistesachen waren heute schneem\u00e4\u00dfig m\u00fcllig. Soll ich nun bis DI bleiben oder auf den (wenig) bezahlten 8. Skitag verzichten? Wetterm\u00e4\u00dfig hab ich am DI in T\u00e4rnaby wohl nix zu gewinnen, aber vielleicht am MI die WOche drauf einen Sonnentag zu verlieren?  <\/p>\n<p>Am Campingplatz \u00fcberrascht gewesen, dass au\u00dfer mir nun gar niemand mehr da stand. Ger\u00e4umt wurde aber trotzdem nicht (vielleicht kommt keiner bei den teuren Ferienpreisen jetzt?!), vielleicht also besser, ich befestigte meine Ausfahrspur mit Skiern und Skischuhen.<\/p>\n<p><a href='http:\/\/extra.inmontanis.info\/d\/102730-2\/DSC01562.jpg'><img src=http:\/\/extra.inmontanis.info\/d\/102729-3\/DSC01562.jpg \/><\/a><br \/>\n^ Essen: K\u00f6ttbullar, Bauerntopfpulver udn Kartoffeln jeweils auf 3 Portionen aufgeteilt<\/p>\n<p>Sp\u00e4t am Nachmittag hatte sich der Nebel doch noch aufgel\u00f6st. Abends hatte ich noch mein erstes Videotelefonat (mit meinem Vater, via Skype).<\/p>\n<p>Danach stellte ich noch den Borgafj\u00e4ll-Bericht online und wollte nach 19 Uhr endlich mal entscheiden, von wann bis wann ich den Campingplatz in T\u00e4rnaby buchen m\u00f6chte. Satte 8 N\u00e4chte von DI-MI? Man k\u00f6nnte ja auch mal in Hemavan freistehen, aber ein Besuch in Hemavan w\u00e4re ja wetterbedingt dann sinnvoller, wenn entweder der obere SL f\u00e4hrt (und kein Wind ist) oder die DSB in T\u00e4rnaby wg. Wind nicht f\u00e4hrt (und ich dann sowieso mit dem Auto wohin fahren m\u00fcsste).<\/p>\n<p>Wenn man nur w\u00fcsste, wieviel freie Pl\u00e4tze die aktuell haben und ob ich da spontan verl\u00e4ngern \/ noch was buchen k\u00f6nnte in den n\u00e4chsten 2 Ferienwochen &#8230;<\/p>\n<p>Die DSB in T\u00e4rnaby ist ja auch nicht sehr oft offen, Saisonstart war am 17.2. am WE, jetzt seit gestern ist sie 2 Wochen offen, dann Freitag bis Sonntag, dann 2 Wochen Osterferien und danach noch 2x Freitag-Sonntag. Da mir die Skip\u00e4sse dort eigentlich zu teuer sind au\u00dfer einer 6-8-Tageskarte und ich Ostern anderswo sein m\u00f6chte, bleibt nur jetzt die M\u00f6glichkeit zu fahren, trotz der sonnenlosen Wettervorhersagen.  Ich konnte mich mal wieder nicht entscheiden und vertagte auf morgen. <\/p>\n<p><strong>Mo, 26.2.2024<\/strong><\/p>\n<p>Ich fuhr um 11:30 los:<\/p>\n<p><a href='http:\/\/ski.inmontanis.info\/d\/327078-3\/DSC01567.jpg'><img src=http:\/\/ski.inmontanis.info\/d\/327077-4\/DSC01567.jpg \/><\/a><br \/>\n^ Keine Ahnung, ob ich da auch ohne Allrad rausgekommen w\u00e4re bzw. ob ich mir die vorherige Verfestigung h\u00e4tte sparen k\u00f6nnen, aber es ging jedenfalls. Mein Nachtplatz war dort rechts im viereckigen Bereich&#8230;<\/p>\n<p>An den beiden Liftparkpl\u00e4tzen ist aber Bezahlung angesagt. Parkgeb\u00fchren!! Ich k\u00f6nnte ja noch am Campingplatz bis 15h stehen bleiben, hab aber absolut keine Lust auf den Fu\u00dfweg. <\/p>\n<p>Ich parkte dann in der P-Bucht auf der Stra\u00dfe unten nahe Hotel-SL, wo keinerlei Beschr\u00e4nkung dabei stand. Der Weg rauf zum SL ist zwar auch nervig, aber bevor ich denen noch was zahl, n\u00f6. Damit einhergehend werde ich also auch auf den 8. Skitag hier morgen verzichten.<\/p>\n<p>&#8220;Leider&#8221; war der Schnee in den heute befahrenen Varienten wieder sehr gut, d.h. haupts\u00e4chlich Mulden und in diesen an den Westseiten (die Ostseiten waren teils giftig) &#8211; also wollte ich halt doch bis morgen bleiben.<\/p>\n<p>Obwohl es heut Nacht ja nicht sonderlich kalt war, waren die Toiletten an der mit Ameisen verseuchten V\u00e4rmestuga am Hotel-SL wg gfrorenem Wasser geschlossen. Am n\u00e4chsten Tag sogar die ganze V\u00e4rmestuga.<\/p>\n<p><a href='http:\/\/ski.inmontanis.info\/d\/327082-3\/DSC01570.jpg'><img src=http:\/\/ski.inmontanis.info\/d\/327081-4\/DSC01570.jpg \/><\/a><br \/>\n^ .. auf einer der Sn\u00e4ckorna-Varianten (links vom Hotel-SL), da gibts so ca. 3-5 Schneisen, die man fahren kann<\/p>\n<p><a href='http:\/\/ski.inmontanis.info\/d\/327086-3\/DSC01571.jpg'><img src=http:\/\/ski.inmontanis.info\/d\/327085-4\/DSC01571.jpg \/><\/a><br \/>\n^ .. und die schmale Gratvariante zwischen Sn\u00e4ckorna und Asen, man landet dann in der Harry-Potter-Skogen-Variante, die \u00fcbrigens viel besser zu fahren war als bei meinem letzten Besuch (d.h. weniger Strauchzeug)<\/p>\n<p><a href='http:\/\/ski.inmontanis.info\/d\/327090-3\/DSC01573.jpg'><img src=http:\/\/ski.inmontanis.info\/d\/327089-4\/DSC01573.jpg \/><\/a><br \/>\n^ Links die Abfahrt 7 \u00c5sen und weitere Varianten<\/p>\n<p>Vermutlich n\u00e4chstm\u00f6glicher Nachtplatz, so nicht der nun teure Campingplatz, ca. 16-18km in Richtung Norwegen, zumindest hab ich da schon einmal irgendwo im Fr\u00fchjahr \u00fcbernachtet.<\/p>\n<p>Leider war der Platz wohl auch nicht wirklich besser als das, was ich auf der Fahrt neben der Stra\u00dfe schon h\u00e4tte haben k\u00f6nnen. also falls das der Platz war, wo ich \u00fcbernachtet hatte. Bin noch etwas weiter gefahren bis zum P-Punkt in P4N, immerhin war hier die Aussicht sch\u00f6ner, aber daf\u00fcr nur eine gr\u00f6\u00dfere Bucht direkt neben der Stra\u00dfe. Die aber ja nur sehr sehr wenig befahren ist, in den n\u00e4chstn 2 Stunden fuhr kein einziges Auto! Leider auch so gut wie kein Lyca-Empfang. \u00dcbrigens noch \u00fcber 40km zur Grenze von hier aus&#8230; <\/p>\n<p>Ob ich morgen auf dem Weg nach T\u00e4rnaby auch einen Platz finden k\u00f6nnte? Direkt an der Stra\u00dfe ist dort vermutlich weniger empfehlenswert, da die E12 sicherlich befahrener sein wird oder auch LKWs dort \u00fcbernachten k\u00f6nnten.<\/p>\n<p><a href='http:\/\/extra.inmontanis.info\/d\/102734-2\/DSC01577.jpg'><img src=http:\/\/extra.inmontanis.info\/d\/102733-3\/DSC01577.jpg \/><\/a><br \/>\n^ Kittelfj\u00e4ll richtung Norwegen<\/p>\n<p><a href='http:\/\/extra.inmontanis.info\/d\/102738-2\/DSC01578.jpg'><img src=http:\/\/extra.inmontanis.info\/d\/102737-3\/DSC01578.jpg \/><\/a><br \/>\n^ Kittelfj\u00e4ll richtung Norwegen<\/p>\n<p><a href='http:\/\/extra.inmontanis.info\/d\/102742-3\/DSC01580.jpg'><img src=http:\/\/extra.inmontanis.info\/d\/102741-4\/DSC01580.jpg \/><\/a><br \/>\n^ Eis-Wasserfall an einer gr\u00f6\u00dferen Parkbucht, wo ich \u00fcbernachtete &#8211; noch ca. 40km vor der Grenze<\/p>\n<p><a href='http:\/\/extra.inmontanis.info\/d\/102746-3\/DSC01583.jpg'><img src=http:\/\/extra.inmontanis.info\/d\/102745-4\/DSC01583.jpg \/><\/a><br \/>\n^ Abendstimmung am Nachtplatz<\/p>\n<p><strong>Di, 27.2.2024<\/strong><\/p>\n<p>Wurde nachts doch nicht so kalt wie gemeldet, nur -2\/-4\u00b0. F\u00fcr die heutige Fahrt von hier zur\u00fcck nach Kittelfj\u00e4ll hat sich die gestrige Fahrt hierhin jedenfalls gelohnt:<\/p>\n<p><a href='http:\/\/extra.inmontanis.info\/d\/102750-3\/DSC01587.jpg'><img src=http:\/\/extra.inmontanis.info\/d\/102749-4\/DSC01587.jpg \/><\/a><br \/>\n^ Richtung Kittelfj\u00e4ll<\/p>\n<p><a href='http:\/\/extra.inmontanis.info\/d\/102754-3\/DSC01593.jpg'><img src=http:\/\/extra.inmontanis.info\/d\/102753-4\/DSC01593.jpg \/><\/a><br \/>\n^ Richtung Kittelfj\u00e4ll<\/p>\n<p><a href='http:\/\/extra.inmontanis.info\/d\/102758-3\/DSC01595.jpg'><img src=http:\/\/extra.inmontanis.info\/d\/102757-4\/DSC01595.jpg \/><\/a><br \/>\n^ Richtung Kittelfj\u00e4ll<\/p>\n<p><a href='http:\/\/extra.inmontanis.info\/d\/102762-3\/DSC01607.jpg'><img src=http:\/\/extra.inmontanis.info\/d\/102761-4\/DSC01607.jpg \/><\/a><br \/>\n^ Coole Felswand<\/p>\n<p><a href='http:\/\/extra.inmontanis.info\/d\/102766-3\/DSC01608.jpg'><img src=http:\/\/extra.inmontanis.info\/d\/102765-4\/DSC01608.jpg \/><\/a><br \/>\n^ Den Mobilfunkmasten sieht man ja vom Skigebiet, ganz links am Rand ist das, das hier ist die R\u00fcckseite. Da k\u00f6nnte man sch\u00f6n erweitern<\/p>\n<p><a href='http:\/\/extra.inmontanis.info\/d\/102770-3\/DSC01610.jpg'><img src=http:\/\/extra.inmontanis.info\/d\/102769-4\/DSC01610.jpg \/><\/a><br \/>\n^ Nochmals die Felswand<\/p>\n<p>Vormittaggs recht sonnig, aber als ich dann nach 11e an der Bergstation war, zog eine bleibende Nebeldecke rein :(<\/p>\n<p><a href='http:\/\/ski.inmontanis.info\/d\/327094-3\/DSC01612.jpg'><img src=http:\/\/ski.inmontanis.info\/d\/327093-4\/DSC01612.jpg \/><\/a><br \/>\n^ Blick zum Hotel-SL mit seinen vielen Rinnenvarianten<\/p>\n<p><a href='http:\/\/ski.inmontanis.info\/d\/327098-3\/DSC01615.jpg'><img src=http:\/\/ski.inmontanis.info\/d\/327097-4\/DSC01615.jpg \/><\/a><br \/>\n^ Blick zu Abfahrten und Varianten zwischen 4 Granbacken links und Hotel-SL rechts<\/p>\n<p><a href='http:\/\/ski.inmontanis.info\/d\/327102-3\/DSC01616.jpg'><img src=http:\/\/ski.inmontanis.info\/d\/327101-4\/DSC01616.jpg \/><\/a><br \/>\n^ Rechts vom Hotel-SL: Lillgrova mittig und Abfahrt Nationella rechts<\/p>\n<p><a href='http:\/\/ski.inmontanis.info\/d\/327106-3\/DSC01617.jpg'><img src=http:\/\/ski.inmontanis.info\/d\/327105-4\/DSC01617.jpg \/><\/a><br \/>\n^ Rechts vom Hotel-SL: Abfahrt Nationella links, Varianten K\u00e5l\u00e5rado, S\u00e6llan, Storgrova (die gro\u00dfe Rinne) und ganz rechts Pia&#8217;s, Gorek&#8217;s und der Jan-SL<\/p>\n<p><a href='http:\/\/ski.inmontanis.info\/d\/327110-3\/DSC01625.jpg'><img src=http:\/\/ski.inmontanis.info\/d\/327109-4\/DSC01625.jpg \/><\/a><br \/>\n^ Die Gratvariante links vom Hotel-SL h\u00e4tte ich fast verpasst<\/p>\n<p><a href='http:\/\/ski.inmontanis.info\/d\/327114-3\/ge20240220-27b.jpg'><img src=http:\/\/ski.inmontanis.info\/d\/327113-4\/ge20240220-27b.jpg \/><\/a><br \/>\n^ Blassgelb: vorherige Besuche, Gelborange-Rotorange-Rot-Magenta-Lila-Blau-T\u00fcrkis-Gr\u00fcn: 20.-27.2.2024<\/p>\n<p>Fazit? Tja, wenn der Schnee in den Varianten gut ist, ist&#8217;s schon toll hier, man h\u00e4lt es dann auch 8 Tage aus. Minuspunkte aber die Schiebe-Wege oben rechts und unten links und dass sich unterm Strich halt alles parallel an einem Hang abspielt.<\/p>\n<p>Wettervorhersagen f\u00fcr T\u00e4rnaby die n\u00e4chsen 9 Tage leider eher wieder verschlechtert und nun gar keine Sonne mehr gemeldet, au\u00dfer evtl etwas morgen :(   Allerdings in Finnland gleich und in Kittelfj\u00e4ll war&#8217;s ja jetzt auch besser als gemeldet.<\/p>\n<p>Soll ich jetzt ab heute 8 Tage buchen oder nicht? Da die DSB ja erst ab 10 Uhr f\u00e4hrt, k\u00f6nnte es zB lohnenswert sein, nur bis SA zu buchen, dann SA morgens zum SL zu fahren, dann nach Hemavan, dort einkaufen und freistehen um am SO in Hemavan Ski zu fahren, k\u00f6nnte leerer sein. Aber unspassig, wenn von SA auf SO  dann starker Schneefall oder Regen kommen w\u00fcrde, weil etwas gemeldet.<\/p>\n<p>Schlussendlich doch enschieden, T\u00e4rnaby zu buchen (weil ich es sehr schade f\u00e4nde, es heuer schon wieder auszulassen) und zwar gleich von heute (weil auf dem Weg nix sinnvolles sein wird) mal bis Samstag; wobei ich voraussichtlich trotzdem morgen den 8-Tagespass kaufen werde.<\/p>\n<p>Die schneebedeckten Stra\u00dfen nachmittags waren sehr nervig ruppig, wie eine l\u00f6chrige Naturstra\u00dfe. Der coop in T\u00e4rnaby war auch mal wieder bescheuert, kein Oatly Kakao (f\u00fcr was gek\u00fchltes hatte ich keinen Platz im K\u00fchlschrank, meine offene Packung h\u00e4lt ja noch ca. 2-3 Tage) und kein Mineralwasser. Und es zeigte sich mal wieder, dass man nichts nur deshalb kaufen sollte, weil es im Angebot ist &#8211; denn der Preis war wohl mal wieder falsch oder nur f\u00fcr Mitglieder, sonst h\u00e4tte ich lieber TK-Schnitzel gekauft, die h\u00e4tten zu meinen Sahne-K\u00e4se-Nudeln vmtl. besser gepasst als Gyros-Kebab.  Vielleicht morgen daher Wurst zu den Sahnek\u00e4senudeln&#8230;<\/p>\n<p>Ich fuhr also zum Sporthotel wg. Einchecken am Campingplatz, aber man br\u00e4uchte weder Schl\u00fcssel noch Code f\u00fcrs Servicehaus (derzeit) und vor dem Servicehaus w\u00e4ren die Kurzzeitpl\u00e4tze, 4 und sie seien leer, meinte sie. Das Haus ist mittig, somit sind die Stellpl\u00e4tze mal nicht ewig weit vom Lift weg, was gut ist.<\/p>\n<p>Falls es jemand interessiert, mein aktueller Lebkuchenvorrat: noch 1x die guten Fraunholz Elisen, 1x Haeberlein-Metzger Elisen  und 2x die Mini-Lebkuchen vom Lidl &#8211; da wird nun eine Packung ab morgen aufgemacht. Da sind 16 St\u00fcck drin, jeden Arbeitstag ein St\u00fcck. Von den normalgro\u00dfen Lebkuchen ess ich einen halben pro Tag und von den gr\u00f6\u00dferen\/dickeren Fraunholz 1\/3. D.h. ich komm noch 57 Arbeitstage damit aus.<\/p>\n<p><a href='http:\/\/extra.inmontanis.info\/d\/102774-3\/DSC01634.jpg'><img src=http:\/\/extra.inmontanis.info\/d\/102773-4\/DSC01634.jpg \/><\/a><br \/>\n^ Speck bissl angebraten f\u00fcr die Nudeln<\/p>\n<p><a href='http:\/\/extra.inmontanis.info\/d\/102778-3\/DSC01635.jpg'><img src=http:\/\/extra.inmontanis.info\/d\/102777-4\/DSC01635.jpg \/><\/a><br \/>\n^ Die \u00fcblichen Nudeln mit K\u00e4se-Sahne-Tomatensauce, Speck und frischgemahlenem Pfeffer<\/p>\n<p>&#8211; &#8211; &#8211;<\/p>\n<p>Verlinkenswerte politische Beitrage dieser Tage:<\/p>\n<p>&#8220;Der Frontverlauf im Dritten Weltkrieg wird deutlicher&#8221;<br \/>\n<a href='https:\/\/www.anti-spiegel.ru\/2024\/der-frontverlauf-im-dritten-weltkrieg-wird-deutlicher\/'>https:\/\/www.anti-spiegel.ru\/2024\/der-frontverlauf-im-dritten-weltkrieg-wird-deutlicher\/<\/a><\/p>\n<p>&#8220;Musks Brainchip beim ersten Menschen implantiert &#8211; Weltverbesserung oder Gefahr f\u00fcr die Menschheit?&#8221;<br \/>\n<a href='https:\/\/reitschuster.de\/post\/musks-brainchip-beim-ersten-menschen-implantiert\/'>https:\/\/reitschuster.de\/post\/musks-brainchip-beim-ersten-menschen-implantiert\/<\/a><\/p>\n<p>&#8220;Der Linksstaat schafft sich die Narrative f\u00fcr die \u201eGefahr von rechts\u201c offenbar selbst. Seine eigenen Agenten begehen Straftaten, und dann gibt er \u00fcber eine Milliarde Euro an Steuergeldern f\u00fcr die angebliche Bek\u00e4mpfung solcher Straftaten aus \u2013 und bek\u00e4mpft damit die Opposition.&#8221;<br \/>\n<a href='https:\/\/reitschuster.de\/post\/virtuelle-agenten-des-verfassungsschutzes-begehen-online-straftaten\/'>https:\/\/reitschuster.de\/post\/virtuelle-agenten-des-verfassungsschutzes-begehen-online-straftaten\/<\/a><\/p>\n<p>&#8220;Wir werden uns unter einem Kanzler Merz Scholz und seine Truppe nicht zur\u00fcckw\u00fcnschen, weil deren Politik besser w\u00e4re als die von Merz, sondern weil wir unter Scholz und seiner Gurkentruppe wenigstens noch etwas hatten, wor\u00fcber wir lachen konnten. Unter einem Friedrich Merz d\u00fcrfte uns nicht einmal dieses verzweifelte Lachen bleiben\u2026&#8221;<br \/>\n<a href='https:\/\/www.anti-spiegel.ru\/2024\/merz-waere-fuer-den-ruf-deutschlands-noch-schlimmer-als-scholz-und-baerbock\/'>https:\/\/www.anti-spiegel.ru\/2024\/merz-waere-fuer-den-ruf-deutschlands-noch-schlimmer-als-scholz-und-baerbock\/<\/a><\/p>\n<p>&#8220;Zusammengenommen sind die Forderungen der CDU\/CSU nichts anderes als die Forderung nach einer Kriegserkl\u00e4rung an Russland.&#8221;<br \/>\n&#8220;Es ist schockierend, dass man sich in den heutigen Zeiten schon fast dar\u00fcber freuen muss, dass die radikal anti-russische Bundesregierung etwas weniger radikal ist als die CDU\/CSU-Opposition, die wahrscheinlich den n\u00e4chsten Kanzler stellen wird.&#8221;<br \/>\n<a href='https:\/\/www.anti-spiegel.ru\/2024\/der-aufruf-der-cdu-zum-krieg-gegen-russland\/'>https:\/\/www.anti-spiegel.ru\/2024\/der-aufruf-der-cdu-zum-krieg-gegen-russland\/<\/a><\/p>\n","protected":false},"excerpt":{"rendered":"<p>Di, 20.2.2024 &#8211; Saison-Skitag#100, Reisetag#150<\/p>\n<p>Ich kaufte also den 8-Tage-Skipass um 2035,- SEK, was laut Kreditkartenabbuchung 182,85 \u20ac waren. Dazu 2.100,- SEK Camping 7 N\u00e4chte, das wird eine relativ teure Woche.<\/p>\n<p>Kittelfj\u00e4ll spricht man \u00fcbrigens &#8220;Schittelfj\u00e4ll&#8221; aus, mit einem scharfen &#8220;sch&#8221;. (Aber: Kiruna, obwohl es auch mit Ki anf\u00e4ngt, ist trotzdem Kiruna und nicht Schiruna.)<\/p>\n<p> <a href=\"http:\/\/blog.inmontanis.info\/?p=9725\">[&#8230;]<\/a><\/p>\n","protected":false},"author":1,"featured_media":9728,"comment_status":"closed","ping_status":"closed","sticky":false,"template":"","format":"standard","meta":{"footnotes":""},"categories":[912,655,19,27],"tags":[77,45,47,86],"class_list":["post-9725","post","type-post","status-publish","format-standard","has-post-thumbnail","hentry","category-2023-09-2024-xx-skandinavien","category-kittelfjall","category-schwedensweden","category-skifahren-winterskiing-winter","tag-nebelmeer","tag-see","tag-sl","tag-wasserfall","odd"],"_links":{"self":[{"href":"http:\/\/blog.inmontanis.info\/index.php?rest_route=\/wp\/v2\/posts\/9725","targetHints":{"allow":["GET"]}}],"collection":[{"href":"http:\/\/blog.inmontanis.info\/index.php?rest_route=\/wp\/v2\/posts"}],"about":[{"href":"http:\/\/blog.inmontanis.info\/index.php?rest_route=\/wp\/v2\/types\/post"}],"author":[{"embeddable":true,"href":"http:\/\/blog.inmontanis.info\/index.php?rest_route=\/wp\/v2\/users\/1"}],"replies":[{"embeddable":true,"href":"http:\/\/blog.inmontanis.info\/index.php?rest_route=%2Fwp%2Fv2%2Fcomments&post=9725"}],"version-history":[{"count":3,"href":"http:\/\/blog.inmontanis.info\/index.php?rest_route=\/wp\/v2\/posts\/9725\/revisions"}],"predecessor-version":[{"id":9729,"href":"http:\/\/blog.inmontanis.info\/index.php?rest_route=\/wp\/v2\/posts\/9725\/revisions\/9729"}],"wp:featuredmedia":[{"embeddable":true,"href":"http:\/\/blog.inmontanis.info\/index.php?rest_route=\/wp\/v2\/media\/9728"}],"wp:attachment":[{"href":"http:\/\/blog.inmontanis.info\/index.php?rest_route=%2Fwp%2Fv2%2Fmedia&parent=9725"}],"wp:term":[{"taxonomy":"category","embeddable":true,"href":"http:\/\/blog.inmontanis.info\/index.php?rest_route=%2Fwp%2Fv2%2Fcategories&post=9725"},{"taxonomy":"post_tag","embeddable":true,"href":"http:\/\/blog.inmontanis.info\/index.php?rest_route=%2Fwp%2Fv2%2Ftags&post=9725"}],"curies":[{"name":"wp","href":"https:\/\/api.w.org\/{rel}","templated":true}]}}