{"id":9715,"date":"2024-02-14T18:42:47","date_gmt":"2024-02-14T17:42:47","guid":{"rendered":"http:\/\/blog.inmontanis.info\/?p=9715"},"modified":"2024-02-20T19:04:26","modified_gmt":"2024-02-20T18:04:26","slug":"gruvbacken-12-14-2-2024-planung-der-2-saisonhalfte","status":"publish","type":"post","link":"http:\/\/blog.inmontanis.info\/?p=9715","title":{"rendered":"Gruvbacken, 12.-14.2.2024 + Planung der 2. Saisonh\u00e4lfte"},"content":{"rendered":"<p><strong>Mo, 12.2.2024<\/strong><\/p>\n<p>Morgens zeigte die Wettervorhersage nun weniger Schneefall und mehr Sonne f\u00fcr die 2. Wochenh\u00e4lfte in meinem n\u00e4chsten Ziel, d.h. ich k\u00f6nnte auch bis MI hier bleiben. Heute und morgen ja etwas st\u00fcrmischer gemeldet, aber das sollte bei dem Wald-KSSL hier ja wohl keine Probleme machen. Betriebszeiten sollen momentan 9:30-16:00 sein, schon vor 10 Uhr kamen die ersten, trotz Montag. Ab heute ist das Skigebiet auch unter der Woche ge\u00f6ffnet.<\/p>\n<p>Ich lie\u00df mir den Skipass f\u00fcr 2 Tage ausstellen und sagte, dass ich den Campingplatz erst morgen zahlen w\u00fcrde, da ich noch nicht w\u00fcsste, wie lang ich bleiben m\u00f6chte.<\/p>\n<p>Auf dem handschriftlichen A4-Zettel kamen seit meinem ersten Besuch noch ein paar Besitzer des Scandinavian-Skipasses hinzu, aber es war noch keine ganze Seite voll.<\/p>\n<p>Leider ist auch diesmal der Schnee nicht besonders, onpiste je nach Zeitpunkt der Pistenpr\u00e4parierung (und teils etwas Neuschnee drauf) mal etwas besser, aber grundlegend hart und drunter eisig, auch offpiste war der Schnee die letzten Tage in Trillevallen und Bydalen viel besser und lockerer; die unpr\u00e4parierten Abfahrten waren aber schon fahrbar, also nicht vereist wie zuletzt in Storlien. Etwas hat es seit dem Regen also schon geschneit, aber wohl nicht genug. Zudem heute starker Gegenwind beim Abfahren insb. von den rechten \u00e4u\u00dferen Abfahrten unten retour zum Lift.<\/p>\n<p>Nachdem ich alle Pisten und Varianten mal durchgefahren bin, ging&#8217;s f\u00fcr eine kleine Pause ins Auto, wenn man schon Strom hat. Au\u00dferdem w\u00fcsste ich nicht, wo hier eine V\u00e4rmestuga sein sollte.<\/p>\n<p>Tja, schneem\u00e4\u00dfig w\u00fcrden mir hier wohl 2 Tage reichen &#8230;<\/p>\n<p>(Da ich ja schon mehrmals hier war, hab ich diesmal kaum Fotos gemacht, war kein lohnenswertes Wetter dazu.)<\/p>\n<p><a href='http:\/\/ski.inmontanis.info\/d\/326622-2\/DSC01188.jpg'><img src=http:\/\/ski.inmontanis.info\/d\/326621-3\/DSC01188.jpg \/><\/a><br \/>\n^ Es wird hier ja schon lange angeboten, vom Are-Skigebiet-Gipfel aus offpiste runter ins Skigebiet Gruvbacken zu fahren und sich dann mittels Schneemobil zum SL Stendalen raufziehen zu lassen; anscheinend gibts nun alternativ auch einen Transport zur Offpiste-Abfahrt<\/p>\n<p><a href='http:\/\/ski.inmontanis.info\/d\/326626-3\/DSC01190.jpg'><img src=http:\/\/ski.inmontanis.info\/d\/326625-4\/DSC01190.jpg \/><\/a><br \/>\n^ Unpr\u00e4parierte schwarze Abfahrt rechts vom KSSL<\/p>\n<p><a href='http:\/\/ski.inmontanis.info\/d\/326630-3\/DSC01192.jpg'><img src=http:\/\/ski.inmontanis.info\/d\/326629-4\/DSC01192.jpg \/><\/a><br \/>\n^ KSSL<\/p>\n<p><a href='http:\/\/ski.inmontanis.info\/d\/326634-3\/DSC01193.jpg'><img src=http:\/\/ski.inmontanis.info\/d\/326633-4\/DSC01193.jpg \/><\/a><br \/>\n^ Unpr\u00e4parierte schwarze Abfahrt links vom KSSL<\/p>\n<p><a href='http:\/\/ski.inmontanis.info\/d\/326638-3\/DSC01196.jpg'><img src=http:\/\/ski.inmontanis.info\/d\/326637-4\/DSC01196.jpg \/><\/a><br \/>\n^ Kurz vor mir hatte ein Skifahrer eine Tellerstange in der Hand, die hat&#8217;s wohl zerlegt. Innen ist dieser sehr lange Federdraht, d\u00fcnner und l\u00e4nger als erwartet.<\/p>\n<p>Die E-Mail aus Finnland kam, dass der Garantie-Antrag vom Hersteller akzeptiert wurde und ich k\u00f6nnte dann in ein paar Wochen die Ersatzhandschuhe abholen und die kaputten abgeben. M\u00f6ge auch das dann funktionieren, sie vor Ort so lang aufgehoben werden und sie dann l\u00e4nger funktionieren.<\/p>\n<p>Obwohl es gestern Abend und auch in der Nacht sehr warm im Auto war und trotz meines Heizrohrs &#8220;im Keller&#8221;, war der Sodastream-Sirup heute Abend komplett gefroren. Allerdings hatte ich auch gestern nichts aus der Flasche raus. (Und ein paar Tage sp\u00e4ter hab ich gemerkt, dass weiter vorne eine Verbindung zerst\u00f6rt ist, also wohl gar nicht mehr viel warme Luft durch das Rohr durchgehen wird. Glaub das werd ich irgendwann entsorgen und nicht wieder bis nach \u00d6sterreich fahren.)<\/p>\n<p><a href='http:\/\/extra.inmontanis.info\/d\/102646-3\/DSC01198.jpg'><img src=http:\/\/extra.inmontanis.info\/d\/102645-4\/DSC01198.jpg \/><\/a><br \/>\n^ Leicht zu reinigen ist der Kochtopf schon. Erst mit dem Finger alles ausschlecken und dann 2-3x mit nem feuchten Papiertuch auswischen<\/p>\n<p>Mit ca. 200km bzw. je nachdem, ob man via Storlien f\u00e4hrt oder nicht, k\u00f6nnte man ja auch via Norwegen zum n\u00e4chsten Skigebiet fahren und das dortige Skigebiet Grong, sowie in Schweden Bl\u00e5sj\u00f6n mitnehmen. Aber Grong hat eh nur am WE offen und dazu mittlerweile Parkgeb\u00fchren; Bl\u00e5sj\u00f6n ersetzt gerade den Antrieb des unteren Lifts (warum nicht im Sommer?!) und hat vielleicht ab n\u00e4chstem WE offen &#8211; also etwas fraglich, ob und wann die womit aufmachen. Die Tageskarte ist mit 500,- mittlerweile recht teuer und noch teurer sind die Stellp\u00e4tze im Winter am Campingplatz, die da 500,- \/ Tag kosten (Ab 4 Tage wirds g\u00fcnstiger). <\/p>\n<p>Tja, die einen Skigebiete sind in Konkurs, andere stellen auf bl\u00f6de neue Keycards um und manche werden einfach unlohnenswert teuer.<\/p>\n<p>Kittelfj\u00e4ll, mein n\u00e4chste Ziel nach Borgafj\u00e4ll,  sollte ich dagegen sp\u00e4testens n\u00e4chste Woche  angehen, weil da der Campingplatz noch 300,- kostet &#8211; die Ferienwoche drauf dann 420,-. Wobei ich mich da noch nicht entschieden hab, wie lang ich bleibe, denn es gibt dort zwar keine 8-zum-Preis-von-6-Tagen-Wochenkarte; allerdings sind die Aufpreise nach den 5 Tagen f\u00fcr 6, 7 und 8 Tage sehr gering, ca. 50-100,- SEK pro Tag, also 8 Tage kosten gerade mal 205,- mehr als 5 Tage bzw. 520,- mehr als 4 Tage, da sollte man sich das durchaus \u00fcberlegen. Leider ist&#8217;s vom Campingplatz ca. 500m zum Lift.<\/p>\n<p>Wenn ich also noch in der g\u00fcnstigen Zeit dort sein wollte, aber auch die 5 Tage in Borgafj\u00e4ll ausn\u00fctzen m\u00f6chte, sollte ich tats\u00e4chlich nur noch bis morgen hier bleiben. Allerdings wird morgen halt hier und auf dem Weg Schneefall gemeldet. 8mm bei -10\u00b0, das k\u00f6nnten auch ca. 20cm werden. W\u00e4r dann der Hauptgrund, hier noch einen dritten Tag zu bleiben.<\/p>\n<p><strong>Di, 13.2.2024<\/strong><\/p>\n<p>Die ersten Skifahrer waren heut schon vor 9:30 am Lift, wobei nach 10 Uhr der Schneefall st\u00e4rker wurde. Leider blieb das auch mittags mit der st\u00e4rkeren Schneefallvorhersage f\u00fcr heut Abend\/Nacht auf dem Weg nach Borgafj\u00e4ll (somit ich ungern frei stehen m\u00f6chte, wenn es sich vermeiden l\u00e4sst), zudem ist hier morgen besseres Wetter als in Borgafj\u00e4ll gemeldet, also bleib ich halt doch noch bis morgen.<\/p>\n<p>Auf den Pisten lag Mittag bereits mehr Schnee als erwartet, man musste also schneeverwehungsbedingt aufpassen, da es teils eben auch recht glatt drunter war. Wind \u00e4hnlich unangenehm wie gestern.<\/p>\n<p><a href='http:\/\/ski.inmontanis.info\/d\/326642-3\/DSC01199.jpg'><img src=http:\/\/ski.inmontanis.info\/d\/326641-4\/DSC01199.jpg \/><\/a><br \/>\n^ Unpr\u00e4parierte schwarze Abfahrt rechts vom KSSL<\/p>\n<p><a href='http:\/\/ski.inmontanis.info\/d\/326646-3\/DSC01201.jpg'><img src=http:\/\/ski.inmontanis.info\/d\/326645-4\/DSC01201.jpg \/><\/a><br \/>\n^ Auch auf den pr\u00e4parierten Abfahrten heut sch\u00f6ner Pulver &#8230;<\/p>\n<p><a href='http:\/\/ski.inmontanis.info\/d\/326650-3\/DSC01202.jpg'><img src=http:\/\/ski.inmontanis.info\/d\/326649-4\/DSC01202.jpg \/><\/a><br \/>\n^ .. allerdings weiter unten durch Schneeverwehungen etwas schwieriger<\/p>\n<p>Einmal bin ich von oben etwas zu weit den Spuren nach links raus gefahren, in der Hoffnung, dass die irgendwann in die unpr\u00e4parierte Abfahrt gehen w\u00fcrden. Taten sie aber nicht, es gab keine Querungsspuren r\u00fcber und sp\u00e4ter sah es auch nicht sonderlich gut zu queren aus. Irgendwann wurde es mir jedoch zu ungem\u00fctlich steil, da kommt man wohl bald in den sehr steilen Waldbereich unterhalb der Abfahrts-Trasse, den ich vor Jahren mal gefahren bin und kein zweites Mal mehr fahren wollte. Also bin ich vorsichtshalber ein bisschen aufgestiegen und konnte bald zur Abfahrt rausqueren.<\/p>\n<p>Hab dann den Platz bezahlt, schlussendlich waren es dann abgerundete 1000,- f\u00fcr die 3 N\u00e4chte, nachdem man mir per EMail ja erst 300, dann 350 genannt hatte.<\/p>\n<p>Ob  bei dem windverwehten Neuschnee auf der Piste bis morgen wohl mal einer Lust hat eine der 4 (!) Pistenraupen (nicht alle betriebstauglich) zu nehmen und bissl die Pisten zu pr\u00e4parieren?<\/p>\n<p><strong>Mi, 14.2.2024<\/strong><\/p>\n<p>Der Parkplatz wurde morgens gr\u00e4umt und auch alle (normalen) Pisten waren auf ganzer Breite pr\u00e4pariet. Wind war heut auch nicht mehr so schlimm.<\/p>\n<p><a href='http:\/\/extra.inmontanis.info\/d\/102650-3\/DSC01206.jpg'><img src=http:\/\/extra.inmontanis.info\/d\/102649-4\/DSC01206.jpg \/><\/a><br \/>\n^ Skistr\u00fcmpfe bzw. normale Str\u00fcmpfe liegen abwechselnd auf Duftb\u00e4ume o.\u00e4., dadurch problemlos wochenlang tragbar. Alternativerweise (und f\u00fcrs Fr\u00fchjahr) hab ich auch wieder Lavendel\u00f6l dabei, 1-2 Tropfen in die Schuhe alle 1-2 Tage.<\/p>\n<p><a href='http:\/\/ski.inmontanis.info\/d\/326654-3\/DSC01207.jpg'><img src=http:\/\/ski.inmontanis.info\/d\/326653-4\/DSC01207.jpg \/><\/a><br \/>\n^ KSSL untere Steilstufe an der Querung der linken Abfahrtsroute<\/p>\n<p><a href='http:\/\/extra.inmontanis.info\/d\/102654-3\/DSC01209.jpg'><img src=http:\/\/extra.inmontanis.info\/d\/102653-4\/DSC01209.jpg \/><\/a><br \/>\n^ Heizbare Handschuhe, unten die aus Finnland, oben die, die ich mit Bianka in Trillevallen getauscht hab. Besser sind die 509 (unten), hatte die letzten Tage taube Fingerspitzen insb. links, weil es sich durch die Heizung eigentlich weniger kalt angef\u00fchlt hatte<\/p>\n<p><a href='http:\/\/ski.inmontanis.info\/d\/326658-3\/DSC01211.jpg'><img src=http:\/\/ski.inmontanis.info\/d\/326657-4\/DSC01211.jpg \/><\/a><br \/>\n^ KSSL und mein \u00dcbernachtungsplatz direkt am Lift (so mag ich das!); der alte Skidata-Leser ist ja schon lang nicht mehr in Verwendung, man hat wieder auf handgeschriebene Sichtkarten umgestellt. Reicht f\u00fcr so ein kleines Skigebiet ja locker<\/p>\n<p><a href='http:\/\/ski.inmontanis.info\/d\/326662-3\/ge20240112-14a.jpg'><img src=http:\/\/ski.inmontanis.info\/d\/326661-4\/ge20240112-14a.jpg \/><\/a><br \/>\n^ GPS-Track vorherige Besuche in Gelb und die aktuellen 12.-14.2.2024 in Orange-Magenta-T\u00fcrkis<\/p>\n<p>Wie auch Storlien und T\u00e4nn\u00e4skr\u00f6ket blieb auch Gruvbacken leider hinter den heurigen Erwartungen an die Saisonkarte. Auch das Wetter blieb bisher hinter den Erwartungen (und damit auch Nordlichter, entweder Parkplatz zu hell oder bedeckter Himmel oder zu wenig Aktivit\u00e4t f\u00fcr zu weit im S\u00fcden oder oder oder).<\/p>\n<p><a href='http:\/\/extra.inmontanis.info\/d\/102658-3\/DSC01212.jpg'><img src=http:\/\/extra.inmontanis.info\/d\/102657-4\/DSC01212.jpg \/><\/a><br \/>\n^ Hus\u00e5-J\u00e4rpen<\/p>\n<p>Betreffend Essen auf dem Weg g\u00e4b es mehrere M\u00f6glichkeiten heute:<br \/>\n.. das Dagens um 95,- bs 14h im Bahnhofsimbiss J\u00e4rpen w\u00fcrde ich nicht schaffen<br \/>\n.. das dortige 99,- Nachmittags\/Abendgericht hatte ich mir f\u00fcr Mittwoch mit Jalapenoburger notiert, f\u00e4llt also auch aus<br \/>\n.. das W\u00e4rdshus in Krokom hat sein Dagens-Buff\u00e9 um 125,- zwar bis zum Abend, aber die beiden heutigen Gerichte sind unlohnenswert (Fischgratin mit Spinat und Kartoffeltopf mit Hackfleisch)<br \/>\n.. bleiben au\u00dfer den Tankstellen noch zB. 1-2 Frasses zB. f\u00fcr Laxburger, Hamburger, Kebab, Pizza etc.<\/p>\n<p>Es wurde dann nochmals der Laxburger im Frasses, hatte ich auf der Reise ja erst 1x. Danach Gro\u00dfeinkauf im Supermarkt f\u00fcr die n\u00e4chsten Tage in Borgafj\u00e4ll. Zweiter Gro\u00dfeinkauf im Dollarstore, denn da w\u00fcrde ich die n\u00e4chsten Wochen auch keinen mehr haben.<\/p>\n<p>Hab mich noch entschieden, morgen fr\u00fch ca. 50min von meinem Nachtplatz zum Rastplatz in Hoting zu fahren. WC und bei ca. 3h Fahrt von hier aus bis Borgafj\u00e4ll trotz 1,5h Urlaub sinnvoll.<\/p>\n<p>&#8212;<br \/>\nKalendarisch ist nun die halbe Saison vorbei, ich werde den s\u00fcdlichen Teil der Saisonkarte um \u00d6stersund f\u00fcr den Rest der Saison verlassen und fahre in den Norden, also heuer auch kein Besuch mehr in \u00c5re oder Duved, aber ich lieb\u00e4ugle ja eh wieder mit einer Skistar-Saisonkarte bei meiner n\u00e4chsten Schwedenreise. (Bzw. je nachdem, was dann im Scandinavian alles noch dazu kommt.)<\/p>\n<p>Vielleicht fahr ich nun etwas zu fr\u00fch in den Norden? Es gibt noch folgende Skigebiete vom Scandinavian Skipass:<br \/>\n&#8211; Borgafj\u00e4ll, max. 5 Tage<br \/>\n&#8211; J\u00e4ckvik, max. 5 Tage<br \/>\n&#8211; Riksgr\u00e4nsen &#038; Bj\u00f6rkliden, unbegrenzt, aber Riksgr\u00e4nsen will ich eher erst im Mai besuchen<br \/>\n&#8211; ich k\u00f6nnte auch noch die restlichen 3 Tage Storklinta fahren, aber das liegt voraussichtlich nicht mehr auf dem Weg, au\u00dfer ich w\u00fcrde z.B. wetterbedingt nochmals richtung Meer oder fr\u00fcher nach Finnland fahren wollen (und dabei auch noch die unbekannten Gebiete Tjamstan und Bygdsiljum mitnehmen)<\/p>\n<p>Aber ich hab  ja noch die finnische Saisonkarte, in den 4 Gebieten m\u00f6chte ich auch noch jeweils ca. 1 Woche verbringen.<\/p>\n<p>Auf dem Weg nach Norden m\u00f6chte ich mir noch f\u00fcr 4 oder 8 Tage einen Skipass in Kittelfj\u00e4ll kaufen und f\u00fcr 8 Tage in Hemavan-T\u00e4rnaby (wohl max. 2 Tage in Hemavan) und wenn Wetter+Schneeberichte+\u00d6ffnungszeiten passen noch eine Norwegentour mit Fjordskigebieten einlegen und ggf. noch ein paar zus\u00e4tzliche Tage in anderen finnischen oder schwedischen Skigebieten (zB Yll\u00e4s, Abisko).<\/p>\n<p>Gerade nachgesehen: Ounasvaara (Rovaniemi) hat nach Ostern (also ab 2.4.) werktags erst ab 14 Uhr offen, d.h. von dem her w\u00e4re es wohl sinnvoll, fr\u00fcher dort zu sein. Im Grunde k\u00f6nnte es wohl auch sein, dass dann nach Ostern in Ounasvaara, Luosto und Olos vielleicht nicht mehr alle Lifte (tgl.) offen sind? Dann w\u00fcrd ich mich nat\u00fcrlich \u00e4rgern, wenn ich erst im April dort w\u00e4re. D.h. es k\u00f6nnte sein, dass ich nicht 1 Woche in jedem Gebiet bleibe und dann erst wechsel, sondern mal alle 4 Skigebiete f\u00fcr ein paar Tage besuche und dann im April nochmals. W\u00e4r zwar tendenziell auch gerne Anfang Mai nochmals nach Pallas (vielleicht sch\u00f6nerer Fr\u00fchjahrsschnee wegen S\u00fcdseite im Gegensatz zu Bj\u00f6rkliden&#038;Riksgr\u00e4nsen?!), aber bei \u00fcber 350km Entfernung werd ich mir das noch gut \u00fcberlegen m\u00fcsen. <\/p>\n<p>Ein paar Tage sp\u00e4ter kam mir noch die Idee, bereits nach T\u00e4rnaby nach Finnland zu fahren um dann die Osterferienwoche in Norwegen zu sein (wg. deren bescheuerter \u00d6ffnungspolitik), zwar etwas umwegiger, aber es scheint mir so sinnvoller zu sein. Dann w\u00fcrde ich alle 4 Gebiete mal ein paar Tage vor Ostern besuchen und sp\u00e4ter im April nochmals, zumindest 2-3.<\/p>\n<p>Ob ich die letzten 3 Wochen im Mai dann tats\u00e4chlich durchgehend in RIksgr\u00e4nsen bleiben will, ist schon auch etwas fraglich.  Der Campingplatz, falls er \u00fcberhaupt Platz f\u00fcr Tagesg\u00e4ste hat, kostet 415,-\/Nacht und ist halt &#8220;ewig&#8221; weit vom Lift weg; Hotel&#038;Hostel nat\u00fcrlich viel zu teuer; generell der weite Fu\u00dfweg von den Parkpl\u00e4tzen zu den Liften und die schwierigen (lauten) alternativen Nacht-Parkpl\u00e4tze &#8230;.  wobei man diese Saison ja nachtplatzm\u00e4\u00dfig auch nach Norwegen ausweichen k\u00f6nnte, was bei meinen letzten Besuchen wg. den Coronama\u00dfnahmen ja nicht ging.<\/p>\n<p>Grundlegend sollten aber mal die n\u00e4chsten 3 Wochen mit wenig Autofahren verbunden sein, 5 Tage Borgafj\u00e4ll, ca. 8 Tage Kittelfj\u00e4ll, 8 Tage T\u00e4rnaby.<\/p>\n<p>&#8211; &#8211;<br \/>\n&#8220;In diesen Tagen werden viele Gesetze in Angriff genommen, die von der Regierung abweichende Meinungen unter Strafe stellen und den \u00dcberwachungsstaat massiv ausbauen werden. Dabei wird bewusst auf Willk\u00fcr gesetzt, indem klare Formulierungen, was bestraft werden kann, vermieden werden.&#8221;<\/p>\n<p><a href='https:\/\/www.anti-spiegel.ru\/2024\/wie-bundesregierung-und-eu-abweichende-meinungen-unter-strafe-stellen\/'>https:\/\/www.anti-spiegel.ru\/2024\/wie-bundesregierung-und-eu-abweichende-meinungen-unter-strafe-stellen\/<\/a><\/p>\n","protected":false},"excerpt":{"rendered":"<p>Mo, 12.2.2024<\/p>\n<p>Morgens zeigte die Wettervorhersage nun weniger Schneefall und mehr Sonne f\u00fcr die 2. Wochenh\u00e4lfte in meinem n\u00e4chsten Ziel, d.h. ich k\u00f6nnte auch bis MI hier bleiben. Heute und morgen ja etwas st\u00fcrmischer gemeldet, aber das sollte bei dem Wald-KSSL hier ja wohl keine Probleme machen. Betriebszeiten sollen momentan 9:30-16:00 sein, schon vor 10 <a href=\"http:\/\/blog.inmontanis.info\/?p=9715\">[&#8230;]<\/a><\/p>\n","protected":false},"author":1,"featured_media":9718,"comment_status":"closed","ping_status":"closed","sticky":false,"template":"","format":"standard","meta":{"footnotes":""},"categories":[912,669,19,27],"tags":[48],"class_list":["post-9715","post","type-post","status-publish","format-standard","has-post-thumbnail","hentry","category-2023-09-2024-xx-skandinavien","category-gruvbacken","category-schwedensweden","category-skifahren-winterskiing-winter","tag-kssl","odd"],"_links":{"self":[{"href":"http:\/\/blog.inmontanis.info\/index.php?rest_route=\/wp\/v2\/posts\/9715","targetHints":{"allow":["GET"]}}],"collection":[{"href":"http:\/\/blog.inmontanis.info\/index.php?rest_route=\/wp\/v2\/posts"}],"about":[{"href":"http:\/\/blog.inmontanis.info\/index.php?rest_route=\/wp\/v2\/types\/post"}],"author":[{"embeddable":true,"href":"http:\/\/blog.inmontanis.info\/index.php?rest_route=\/wp\/v2\/users\/1"}],"replies":[{"embeddable":true,"href":"http:\/\/blog.inmontanis.info\/index.php?rest_route=%2Fwp%2Fv2%2Fcomments&post=9715"}],"version-history":[{"count":3,"href":"http:\/\/blog.inmontanis.info\/index.php?rest_route=\/wp\/v2\/posts\/9715\/revisions"}],"predecessor-version":[{"id":9719,"href":"http:\/\/blog.inmontanis.info\/index.php?rest_route=\/wp\/v2\/posts\/9715\/revisions\/9719"}],"wp:featuredmedia":[{"embeddable":true,"href":"http:\/\/blog.inmontanis.info\/index.php?rest_route=\/wp\/v2\/media\/9718"}],"wp:attachment":[{"href":"http:\/\/blog.inmontanis.info\/index.php?rest_route=%2Fwp%2Fv2%2Fmedia&parent=9715"}],"wp:term":[{"taxonomy":"category","embeddable":true,"href":"http:\/\/blog.inmontanis.info\/index.php?rest_route=%2Fwp%2Fv2%2Fcategories&post=9715"},{"taxonomy":"post_tag","embeddable":true,"href":"http:\/\/blog.inmontanis.info\/index.php?rest_route=%2Fwp%2Fv2%2Ftags&post=9715"}],"curies":[{"name":"wp","href":"https:\/\/api.w.org\/{rel}","templated":true}]}}