{"id":9710,"date":"2024-02-11T19:34:50","date_gmt":"2024-02-11T18:34:50","guid":{"rendered":"http:\/\/blog.inmontanis.info\/?p=9710"},"modified":"2024-02-16T19:59:04","modified_gmt":"2024-02-16T18:59:04","slug":"trillevallen-9-11-2-2024-fahrstrecke-poi-letztes-monat","status":"publish","type":"post","link":"http:\/\/blog.inmontanis.info\/?p=9710","title":{"rendered":"Trillevallen, 9.-11.2.2024 \/ Fahrstrecke &#038; POI letztes Monat"},"content":{"rendered":"<p><strong>Fr, 9.2.2024<\/strong><\/p>\n<p>Morgens bei Abfahrt in H\u00f6glekardalen -22\u00b0 und auf der Strecke fast die ganze Zeit \u00fcber -23\u00b0. Es war aber nicht nur w\u00e4rmer gemeldet, sondern auch der Schneebericht von Trillevallen sagte heute Morgen nur -12\u00b0, aber tats\u00e4chlich erst kurz vor Trillevallen stieg die Temperatur, am Parkplatz hatte ich -14\u00b0.<\/p>\n<p><a href='http:\/\/extra.inmontanis.info\/d\/102630-3\/DSC01154.jpg'><img src=http:\/\/extra.inmontanis.info\/d\/102629-4\/DSC01154.jpg \/><\/a><br \/>\n^ Der gro\u00dfe See bei \u00d6stersund<\/p>\n<p>Zuvor im ICA J\u00e4rpen neuer H\u00f6chststand f\u00fcr 1,5l ICA-Mineralwasser: 13,95!! Ich nahm keines mit. Der kleine Supermarkt in Undersaker war etwas g\u00fcnstiger: 10,90. <\/p>\n<p><a href='http:\/\/ski.inmontanis.info\/d\/326538-2\/DSC01156.jpg'><img src=http:\/\/ski.inmontanis.info\/d\/326537-3\/DSC01156.jpg \/><\/a><br \/>\n^ Auffahrt Skigebiet Trillevallen, hier fielen mir im Gipfelbereich 2 neue pr\u00e4parierte Abfahrten auf<\/p>\n<p><a href='http:\/\/ski.inmontanis.info\/d\/326542-2\/DSC01158.jpg'><img src=http:\/\/ski.inmontanis.info\/d\/326541-3\/DSC01158.jpg \/><\/a><br \/>\n^ Allerdings wurde nun auch die Abfahrt links vom mittigen SL auf ganzer Breite pr\u00e4pariert. Schade eigentlich.<\/p>\n<p><a href='http:\/\/ski.inmontanis.info\/d\/326546-2\/DSC01160.jpg'><img src=http:\/\/ski.inmontanis.info\/d\/326545-3\/DSC01160.jpg \/><\/a><br \/>\n^ Die Berge in Bildmitte m\u00fcssten die R\u00fcckseite vom Skigebiet Bydalsfj\u00e4llen sein<\/p>\n<p><a href='http:\/\/ski.inmontanis.info\/d\/326550-2\/DSC01162.jpg'><img src=http:\/\/ski.inmontanis.info\/d\/326549-3\/DSC01162.jpg \/><\/a><br \/>\n^ R\u00fcckseitenpano<\/p>\n<p><a href='http:\/\/ski.inmontanis.info\/d\/326534-2\/DSC01161.jpg'><img src=http:\/\/ski.inmontanis.info\/d\/326533-3\/DSC01161.jpg \/><\/a><br \/>\n^ Skigebiet Edsasdalen, zwischen den unteren Liften und dem oberen Lift (jeweils gr\u00fcn) wird man ja mit dem Schneemobil (ohne Zusatzkosten) raufgezogen. Schon ganz sch\u00f6n weit weg.<\/p>\n<p><a href='http:\/\/ski.inmontanis.info\/d\/326554-2\/DSC01163.jpg'><img src=http:\/\/ski.inmontanis.info\/d\/326553-3\/DSC01163.jpg \/><\/a><br \/>\n^ Dass ich den mittleren SL der 4SB bevorzuge, liegt nat\u00fcrlich auch an dem sch\u00f6neren Panorama und dem St\u00fcck Gratabfart<\/p>\n<p><a href='http:\/\/ski.inmontanis.info\/d\/326558-2\/DSC01166.jpg'><img src=http:\/\/ski.inmontanis.info\/d\/326557-3\/DSC01166.jpg \/><\/a><br \/>\n^ Linker SL<\/p>\n<p><a href='http:\/\/ski.inmontanis.info\/d\/326562-2\/DSC01167.jpg'><img src=http:\/\/ski.inmontanis.info\/d\/326561-3\/DSC01167.jpg \/><\/a><br \/>\n^ Linker SL<\/p>\n<p><a href='http:\/\/ski.inmontanis.info\/d\/326566-2\/DSC01168.jpg'><img src=http:\/\/ski.inmontanis.info\/d\/326565-3\/DSC01168.jpg \/><\/a><br \/>\n^ Am linken SL gibts nun auch von oben noch eine weitere Abfahrt und nicht nur den Weg<\/p>\n<p><a href='http:\/\/ski.inmontanis.info\/d\/326570-2\/DSC01169.jpg'><img src=http:\/\/ski.inmontanis.info\/d\/326569-3\/DSC01169.jpg \/><\/a><br \/>\n^ Links vom linken SL<\/p>\n<p><a href='http:\/\/ski.inmontanis.info\/d\/326574-2\/DSC01170.jpg'><img src=http:\/\/ski.inmontanis.info\/d\/326573-3\/DSC01170.jpg \/><\/a><br \/>\n^ Linker SL<\/p>\n<p><a href='http:\/\/ski.inmontanis.info\/d\/326578-2\/DSC01171.jpg'><img src=http:\/\/ski.inmontanis.info\/d\/326577-3\/DSC01171.jpg \/><\/a><br \/>\n^ Die Talstation des ehemaligen \u00c4lgliften ist nun schneefrei, also musste ich sie halt nochmals fotografieren ;)<\/p>\n<p><a href='http:\/\/ski.inmontanis.info\/d\/326582-3\/DSC01173.jpg'><img src=http:\/\/ski.inmontanis.info\/d\/326581-4\/DSC01173.jpg \/><\/a><br \/>\n^ Alten Stromk\u00e4sten am Ex-SL \u00c4lg. Schaut ja wie aus dem WK2 aus ;)<\/p>\n<p>Um 14:10 ging ich essen, entschied mich f\u00fcr den Pommesteller um 40,- und diesmal 3 St\u00fcck Pfannkuchen um 60,- also insg. ca. 9 \u20ac. Tagesgericht w\u00e4re n\u00e4mlich Pasta Bolognese gewesen (und Nudeln mach ich mir im Auto ja oft genug), da w\u00e4re die Tagespizza (Schinken, Champignon) interessanter gewesen, besser als Hawaii oder Margherita. Und anscheinend sind das die 3 Sorten, die hier durchwechseln?!<\/p>\n<p>Die Pfannkuchen werden \u00fcbrigens nur in der Mikrowelle erw\u00e4rmt. Tja, ist schon kompliziert, die bei Bedarf zu machen?!<\/p>\n<p>Nicht erwartet h\u00e4ttte ich, dass die Portion Pommes um 40,- wesentlich gr\u00f6\u00dfer w\u00e4re als W\u00fcrstl+Pommes um 65 ,- letztens. D.h. damals vielleicht halb so viel Pommes, also zahlt man f\u00fcrs W\u00fcrstl 45,-?! Leider auch viel zu viel Salz an den Pommes (anstelle des in Skandinavien sonst \u00fcblicheren Paprika-Pommes-Gew\u00fcrzes).<\/p>\n<p><a href='http:\/\/ski.inmontanis.info\/d\/326586-3\/DSC01174.jpg'><img src=http:\/\/ski.inmontanis.info\/d\/326585-4\/DSC01174.jpg \/><\/a><br \/>\n^ Riesige Portion Pommes um 40,-, da h\u00e4tte ich keine 3 Pfannkuchen gebraucht. Und \u00fcberhaupt viel zu wenig Sahne f\u00fcr 3 Pfannkuchen.<\/p>\n<p>Ich nahm dann ziemlich viel Pommes mit, evtl. morgen als Kartoffeltopf kochen? Als ich um 15:40 Uhr aufh\u00f6rte, waren die Pommes teilweise noch lauwarm und nach einem kurzen bissen tat ich sie kurz in die Mikro und hab sie alle noch gegessen, danach war ich aber pappsatt.<\/p>\n<p>Obwohl das Skigebiet ja nicht sehr gro\u00df ist, aber man kann sich anscheinend den ganzen Tag (unabsichtlich) aus dem Weg gehen, daher nachmittags noch bei Bianka &#038; Uwe im Wohnmobil gewesen. Die beiden fahren dann am Montag nach Storlien weiter. Darauf hab ich ja keine Lust mehr heuer. Ob wir uns dann nochmals \u00fcber den Weg laufen in dieser Saison wird ob ihrer und meiner Pl\u00e4ne etwas zweifelhaft sein.<\/p>\n<p>Wollte so ein Foto auch machen, aber vergessen, daher von den beiden:<\/p>\n<p><a href='http:\/\/ski.inmontanis.info\/d\/326590-3\/biauwe_IMG_6490.jpg'><img src=http:\/\/ski.inmontanis.info\/d\/326589-4\/biauwe_IMG_6490.jpg \/><\/a><br \/>\n^ Mein &#8220;Microcamper&#8221; und das Wohnmobil von &#8220;BiaUwe&#8221; (Foto von den beiden)<br \/>\n<a href='http:\/\/biauwe.de\/'>http:\/\/biauwe.de\/<\/a><br \/>\n<a href='https:\/\/www.ski-web24.de\/reisen\/2023-24_winterreise\/frame.htm'>https:\/\/www.ski-web24.de\/reisen\/2023-24_winterreise\/frame.htm<\/a><\/p>\n<p>F\u00fcr heute Nacht war ja erst sehr kalt mit unter -20\u00b0 gemeldet, dann wieder nur -17\u00b0, heut leider doch wieder -20\u00b0 f\u00fcr morgen Fr\u00fch, -18\u00b0 waren es schon um 19 Uhr am Parkplatz. Zum Campingplatz nach Valadalen wollte ich aber auch nicht mehr fahren&#8230; dann also mehr Standheizung &#8211; will ja eh nur 2 N\u00e4chte hier frei stehen &#8211; geht scho. <\/p>\n<p>Es macht auch einen gro\u00dfen Unterschied, ob man nachmittags nach dem Skifahren direkt ins kalte Auto kommt oder vorher noch 2-3 Stunden von einem warmen Raum nur kurz r\u00fcber geht.<\/p>\n<p>Gruvbacken hat mir jetzt wieder geschrieben bzw. best\u00e4tigt, dass ich am SO Abend kommen k\u00f6nnte, aber nun mit Preis 350,- statt zuvor 300,-. Oder soll der Preis um 300,- ohne Strom gewesen sein?! Dadurch w\u00fcrd ich gern eine Nacht weniger bleiben, aber wettertechnisch sollte ich wohl doch bei 3 bleiben.<\/p>\n<p>Wenn ich bei so kalten Temperaturen frei stehe, versuche ich ja, nachts nicht pinkeln zu m\u00fcssen, was normalerweise auch klappt, selbst bei 8h Schlaf, aber heute musste ich gleich 2x. Beim ersten Mal daher die Standheizung f\u00fcr eine halbe Stunde eingeschaltet, bis dahin war&#8217;s mir sehr warm im Bett, danach nicht mehr so.<\/p>\n<p><strong>Sa, 10.2.2024<\/strong><\/p>\n<p>Die Pistenraupe kam mehrmals in der Nacht hier vorbei. Ob diese Ecke also wirklich ruhiger ist als gegen\u00fcber bei der Pistenraupentankstelle&#8230;?!<\/p>\n<p>Zu den morgens laut Schneebericht gemeldeten -18\u00b0 kam auch noch Wind beim Abfahren hinzu, so dass ich schon nach 3 Abfahrtren = ca. eine halbe Stunde, wieder in die V\u00e4rmestuga bin.<\/p>\n<p><a href='http:\/\/ski.inmontanis.info\/d\/326594-3\/DSC01177.jpg'><img src=http:\/\/ski.inmontanis.info\/d\/326593-4\/DSC01177.jpg \/><\/a><br \/>\n^ Nebelmeer und 4SB<\/p>\n<p><a href='http:\/\/ski.inmontanis.info\/d\/326598-3\/DSC01179.jpg'><img src=http:\/\/ski.inmontanis.info\/d\/326597-4\/DSC01179.jpg \/><\/a><br \/>\n^ Mittlerer SL<\/p>\n<p><a href='http:\/\/ski.inmontanis.info\/d\/326602-3\/DSC01180.jpg'><img src=http:\/\/ski.inmontanis.info\/d\/326601-4\/DSC01180.jpg \/><\/a><br \/>\n^ Mittlerer SL<\/p>\n<p><a href='http:\/\/ski.inmontanis.info\/d\/326606-3\/DSC01183.jpg'><img src=http:\/\/ski.inmontanis.info\/d\/326605-4\/DSC01183.jpg \/><\/a><br \/>\n^ Offpiste ganz links vom linken SL<\/p>\n<p>Das heutige Tagesgericht w\u00e4re zwar interessant gewesen, sah aber nicht so viel aus, als dass ich daf\u00fcr h\u00e4te 130,- ausgeben wollen. Tagespizza Hawaii fiel aus. Dann diesmal der Kinderburger mit Pommes (um 95,-) plus 1 Pfannkuchen um 25,- (mehr Marmelade als bei den 2 St\u00fcck letztens und genausoviel Sahne wie bei 2+3), war dann g\u00fcnstiger und ich satter. <\/p>\n<p>Leider kam ich nach dem Essen nicht mehr zum linken SL, irgendwann  nach 14:00 blieb er stehen und die Leute im Lift b\u00fcgelten ab und er fuhr nicht wieder. Sp\u00e4ter bin ich mal den Gipfel-Weg vom mittleren SL r\u00fcber gelaufen, an der Talstation sah ich zwei Schneemobile. Und ja, heut bin ich auch mal 2x die 4SB gefahren.<\/p>\n<p><a href='http:\/\/ski.inmontanis.info\/d\/326610-3\/DSC01184.jpg'><img src=http:\/\/ski.inmontanis.info\/d\/326609-4\/DSC01184.jpg \/><\/a><br \/>\n^ Gipfelweg vom mittleren SL (im Bild) zum linken SL, der mal wieder nicht l\u00e4uft, diesmal wg. eines technischen Gebrechens<\/p>\n<p><a href='http:\/\/ski.inmontanis.info\/d\/326614-3\/DSC01185.jpg'><img src=http:\/\/ski.inmontanis.info\/d\/326613-4\/DSC01185.jpg \/><\/a><br \/>\n^ Mittlerer SL und Skigebiete \u00c5re im Hintergrund<\/p>\n<p>Da es abends wieder um die -17\u00b0 hatte, mein Auto heut ausgek\u00fchlter war, hab ich (nachdem ich wieder zu Kakao und Kuchen im Wohnmobil nebendran eingeladen war, danke nochmals) mehr Standheizung ben\u00f6tigt. Erst bei der letzten Runde hab ich die L\u00fcftersteuerung auf &#8220;Umluft&#8221; gestellt, damit es nochmals richtig warm wird. Dabei fing die Standheizung dann gleich mit st\u00e4rkerer L\u00fcfterstufe zu heizen an. Sollte man bei so kalten Temperaturen also auf &#8220;Umluft&#8221; stellen.<\/p>\n<p><strong>So, 11.2.2024<\/strong><\/p>\n<p>Die zweite Runde Standheizung heue Morgen wurde nach wenigen Minuten leider abgebrochen mit einem H4e-Fehler&#8230; Vielleicht wird das K\u00fchlerwasser bei Umluftbetrieb doch zu warm?<\/p>\n<p>Was ich in 2 Tagen sonst auch nicht schaffe: Der Pinkelkanister ist bis ganz oben voll. Hoffentlich gefriert er mir tags\u00fcber nicht, wie soll ich den sonst entleeren am Campingplatz heut Abend? ;)<\/p>\n<p>Auf dem Weg zum WC im Skigebiet die Liftinfo gesehen: der linke SL wg. Defekt heute leider nicht in Betrieb :(<\/p>\n<p>Wetter war bedeckt bei etwas weniger K\u00e4lte (-12\u00b0). In der V\u00e4rmestuga heut wie gestern die Leute \u00fcber den Scandinavian Skipass reden h\u00f6ren. Parkplatz war heute (wg. WE) quasi komplett voll, aber an den Liften keinerlei Wartezeiten und dass obwohl ja die beiden \u00e4u\u00dferen SL gar nicht liefen. <\/p>\n<p>Bei der sp\u00e4tvormitt\u00e4glichen Kaffeepause von Bianka &#038; Uwe kamen wir nochmals auf die heizbaren Handschuhe zu sprechen und Bianka probierte, meine, mir ja etwas zu kleinen und viel zu kalten, d\u00fcnnen Heizhandschuhe, die ich vorletzte Saison in Norwegen gekauft hab, in ihren F\u00e4ustlingen zu tragen, was (f\u00fcr mich sehr \u00fcberraschend) funktionierte. Ihre sind ihr zu gro\u00df und dann auch zu kalt einzeln getragen. <\/p>\n<p>Im Vergleich zu meinen d\u00fcnnen alleine betrachtet sind ihre nat\u00fcrlich viel w\u00e4rmer und so entschieden wir sp\u00e4ter, die Heizhandschuhe zu tauschen. So hab ich nun wieder einen w\u00e4rmeren linken Heizhandschuh (bis ich garantiem\u00e4\u00dfig Ersatz in Finnland bekomme). Dass die Akkus nicht passen, hat f\u00fcr uns beide zwar kleine Nachteile (meine alten ja nur 230V-Netzteil, ihre werden per USB geladen, was f\u00fcr sie der Nachteil ist, dass sie jetzt mit 230V laden muss, f\u00fcr mich ist das USB-Laden zwar ein Vorteil, aber weil meine alten und neuen Heizhandschuhe den selben Akkutyp hatten und die Netzteile und Akkus zwischen den Handschuhen austauschbar waren, verliere ich somit diesen Vorteil, d.h. ich m\u00fcsste dann linken und rechten, wie jetzt, mischen, um jeweils einen Ersatzakku tags\u00fcber zu haben, falls das temperaturm\u00e4\u00dfig n\u00f6tig w\u00e4re.<\/p>\n<p><a href='http:\/\/ski.inmontanis.info\/d\/326618-3\/ge20240209-11d.jpg'><img src=http:\/\/ski.inmontanis.info\/d\/326617-4\/ge20240209-11d.jpg \/><\/a><br \/>\n^ GPS-Track 9-11.2.2024 in den Farben au\u00dfer Gelb (=vorherige Besuche). Rot zwei ehemalige SL, ohne Gew\u00e4hr auf Richtigkeit<\/p>\n<p>Als ich nachmittags die Standheizung nochmals einschaltete, kam wieder der Fehler. Sp\u00e4ter am Supermarkt auch bzw. hab ich da gecheckt, dass ich den Fehler extra wegdr\u00fccken muss &#8211; dann lie\u00df sie sich wieder einschalten.<\/p>\n<p>Wollte ja erst nachmittags am Bahnhofsimbiss in J\u00e4rpen den Kebabteller um sonntagnachmitt\u00e4gliche 99,- kaufen, aber jetzt hab ich 2 Tage in Trillevallen was zu essen gekauft, dass ich mal wieder kochen wollte, wenn ich heut Abend Strom hab. Um ggf. bis DO am Gruvbacken bleiben zu k\u00f6nnen, kaufte ich entsprechend ein. D.h. ich wollte mit dem Glas Erbsen+M\u00f6hren von zuletzt mal so etwas wie Hirtenmakkaroni machen, also kaufte ich noch Penne, Sahne, Speck und K\u00e4se. Tomatenmark hab ich noch.<\/p>\n<p>Bekanntes Prozedere: Erst Speck im Topf anbraten, allein schon f\u00fcr den leckeren Geruch :) Dann raustun, Nudeln im Wasser weich kochen bis Wasser fast aufgebraucht, dann Speck, Sahne, K\u00e4se, Tomatenmark und jetzt halt mal noch dieses halbe Glas M\u00f6hren\/Erbsen dazu. <\/p>\n<p><a href='http:\/\/extra.inmontanis.info\/d\/102634-3\/DSC01186.jpg'><img src=http:\/\/extra.inmontanis.info\/d\/102633-4\/DSC01186.jpg \/><\/a><br \/>\n^ Nudeln-Speck-Sahne-k\u00e4se-Tomatenmark und diesmal zus\u00e4tzlich M\u00f6hren&#038;Erbsen. Dank der Erbsen auch sehr lecker.<\/p>\n<p>Da ich noch den fehlenden Track vom Radio-Navi wg. den Aussetzern in Norwegen durch das andere Navi erg\u00e4nzen musste, geht der Track nur bis Bydalen, also dem letzten Bericht, wo ich diesen Teil eben schon gespeichert hatte. <\/p>\n<p><a href='http:\/\/extra.inmontanis.info\/d\/102638-3\/ge20240111-0208b.jpg'><img src=http:\/\/extra.inmontanis.info\/d\/102637-4\/ge20240111-0208b.jpg \/><\/a><br \/>\n^ Magenta: Fahrstrecke 11.1.-8.2.2024, blau der Teil davor seit Oktober<\/p>\n<p><a href='http:\/\/extra.inmontanis.info\/d\/102642-3\/ge20240111-0208d.jpg'><img src=http:\/\/extra.inmontanis.info\/d\/102641-4\/ge20240111-0208d.jpg \/><\/a><br \/>\n^ Magenta: Fahrstrecke und POI 11.1.-8.2.2024, ca. 2.400 km (ja, bescheuert)<br \/>\nStart in<br \/>\nW rot) Lofsdalen (Scandinavian Skipass)<br \/>\nA gr\u00fcn) Skistar S\u00e4len (zur Info)<br \/>\nB gr\u00fcn) Skistar Trysil (zur Info)<br \/>\nC gr\u00fcn) Stavedalen<br \/>\nD gr\u00fcn) Skistar Hemsedal (zur Info)<br \/>\nE gr\u00fcn) Solheisen (Scandinavian Skipass)<br \/>\nF gr\u00fcn) Norefjell (Scandinavian Skipass)<br \/>\nG gr\u00fcn) Skarslia<br \/>\nH gr\u00fcn) Uvdal (zur Info)<br \/>\nI gr\u00fcn) Haukelifjell (zur Info)<br \/>\nJ gr\u00fcn) R\u00f8ldal (zur Info)<br \/>\nK gr\u00fcn) Sirdal (zur Info)<br \/>\nL gr\u00fcn) Sogn (zur Info)<br \/>\nM gr\u00fcn) Stryn (zur Info)<br \/>\nN gr\u00fcn) Geiranger (zur Info)<br \/>\nO gr\u00fcn) Stranda (Scandinavian Skipass)<br \/>\nP gr\u00fcn) \u00d8rskogfjell<br \/>\nQ gr\u00fcn) Domb\u00e5s<br \/>\nR gr\u00fcn) Tydal<br \/>\nX rot) T\u00e4nn\u00e4skr\u00f6ket (Scandinavian Skipass)<br \/>\nS gr\u00fcn) Skistar Vemdalen<br \/>\nV rot)  Bydalen (Scandinavian Skipass)<br \/>\nT gr\u00fcn) Gr\u00e4ft\u00e5vallen (Bydalen, Scandinavian Skipass)<br \/>\nU rot unter Are) Trillevallen (Scandinavian Skipass)<br \/>\n4 rot) Storlien (Scandinavian Skipass)<br \/>\nU rot) Trillevallen (Scandinavian Skipass)<br \/>\nV rot)  Bydalen (Scandinavian Skipass)<br \/>\n-> und in diesem Bericht wieder nach U rot) Trillevallen (Scandinavian Skipass)<\/p>\n<p>&#8211; &#8211; &#8211;<\/p>\n<p>EU-&#8220;Chefg\u00e4rtner&#8221; Borrell kritisiert die Waffenlieferungen der USA im Hinblick auf Isreal und Gaza:<br \/>\n&#8220;Wenn man der Meinung ist, dass zu viele Menschen get\u00f6tet werden, sollte man vielleicht weniger Waffen liefern, um zu verhindern, dass so viele Menschen get\u00f6tet werden\u201c<br \/>\n-> das hei\u00dft dann wohl im Umkehrschluss, dass in der Ukraine noch nicht genug Menschen get\u00f6tet wurden?! Weil da will die EU ja nicht aufh\u00f6ren, Waffen zu liefern&#8230;<br \/>\n<a href='https:\/\/orf.at\/stories\/3348539\/'>https:\/\/orf.at\/stories\/3348539\/<\/a><\/p>\n","protected":false},"excerpt":{"rendered":"<p>Fr, 9.2.2024<\/p>\n<p>Morgens bei Abfahrt in H\u00f6glekardalen -22\u00b0 und auf der Strecke fast die ganze Zeit \u00fcber -23\u00b0. Es war aber nicht nur w\u00e4rmer gemeldet, sondern auch der Schneebericht von Trillevallen sagte heute Morgen nur -12\u00b0, aber tats\u00e4chlich erst kurz vor Trillevallen stieg die Temperatur, am Parkplatz hatte ich -14\u00b0.<\/p>\n<p> ^ Der gro\u00dfe See <a href=\"http:\/\/blog.inmontanis.info\/?p=9710\">[&#8230;]<\/a><\/p>\n","protected":false},"author":1,"featured_media":9713,"comment_status":"closed","ping_status":"closed","sticky":false,"template":"","format":"standard","meta":{"footnotes":""},"categories":[912,19,27,624],"tags":[49,45,47],"class_list":["post-9710","post","type-post","status-publish","format-standard","has-post-thumbnail","hentry","category-2023-09-2024-xx-skandinavien","category-schwedensweden","category-skifahren-winterskiing-winter","category-trillevallen","tag-4sb","tag-see","tag-sl","odd"],"_links":{"self":[{"href":"http:\/\/blog.inmontanis.info\/index.php?rest_route=\/wp\/v2\/posts\/9710","targetHints":{"allow":["GET"]}}],"collection":[{"href":"http:\/\/blog.inmontanis.info\/index.php?rest_route=\/wp\/v2\/posts"}],"about":[{"href":"http:\/\/blog.inmontanis.info\/index.php?rest_route=\/wp\/v2\/types\/post"}],"author":[{"embeddable":true,"href":"http:\/\/blog.inmontanis.info\/index.php?rest_route=\/wp\/v2\/users\/1"}],"replies":[{"embeddable":true,"href":"http:\/\/blog.inmontanis.info\/index.php?rest_route=%2Fwp%2Fv2%2Fcomments&post=9710"}],"version-history":[{"count":3,"href":"http:\/\/blog.inmontanis.info\/index.php?rest_route=\/wp\/v2\/posts\/9710\/revisions"}],"predecessor-version":[{"id":9714,"href":"http:\/\/blog.inmontanis.info\/index.php?rest_route=\/wp\/v2\/posts\/9710\/revisions\/9714"}],"wp:featuredmedia":[{"embeddable":true,"href":"http:\/\/blog.inmontanis.info\/index.php?rest_route=\/wp\/v2\/media\/9713"}],"wp:attachment":[{"href":"http:\/\/blog.inmontanis.info\/index.php?rest_route=%2Fwp%2Fv2%2Fmedia&parent=9710"}],"wp:term":[{"taxonomy":"category","embeddable":true,"href":"http:\/\/blog.inmontanis.info\/index.php?rest_route=%2Fwp%2Fv2%2Fcategories&post=9710"},{"taxonomy":"post_tag","embeddable":true,"href":"http:\/\/blog.inmontanis.info\/index.php?rest_route=%2Fwp%2Fv2%2Ftags&post=9710"}],"curies":[{"name":"wp","href":"https:\/\/api.w.org\/{rel}","templated":true}]}}