{"id":971,"date":"2009-10-26T17:51:27","date_gmt":"2009-10-26T16:51:27","guid":{"rendered":"http:\/\/blog.inmontanis.info\/?p=971"},"modified":"2023-08-06T21:20:46","modified_gmt":"2023-08-06T19:20:46","slug":"kaunertaler-gletscher-26-10-2009","status":"publish","type":"post","link":"http:\/\/blog.inmontanis.info\/?p=971","title":{"rendered":"Kaunertaler Gletscher, 26.10.2009"},"content":{"rendered":"<p>Bin gestern zum ersten mal die 8EUB gefahren und muss sagen, sie wertet den Kaunertaler doch sehr auf, und auch das Pano oben ist wesentlich toller als ich es in Erinnerung hatte&#8230;<!--more--><\/p>\n<p><em>[_de]Bilder anklicken zum Vergr\u00f6\u00dfern[\/_de]\u2028[_en]Click photos to enlarge[\/_en]<\/em><\/p>\n<p><a href='http:\/\/ski.inmontanis.info\/d\/105141-3\/P1440338.JPG'><img src=http:\/\/ski.inmontanis.info\/d\/105139-4\/P1440338.JPG \/><\/a><br \/>\n^ Endlich darf ich auch mal mit der neuen 8EUB Karlesjoch fahren&#8230;<\/p>\n<p><a href='http:\/\/ski.inmontanis.info\/d\/105190-3\/P1440340.JPG'><img src=http:\/\/ski.inmontanis.info\/d\/105188-4\/P1440340.JPG \/><\/a><br \/>\n^ Zoom zu den immer gr\u00f6\u00dfer werdenden Felsen am SL Wei\u00dfseeferner<\/p>\n<p><a href='http:\/\/ski.inmontanis.info\/d\/105145-3\/P1440342.JPG'><img src=http:\/\/ski.inmontanis.info\/d\/105143-4\/P1440342.JPG \/><\/a><br \/>\n^ 8EUB Karlesjoch. Statt 2 steilen Abfahrten links und rechts des SL Karlesspitz gibt&#8217;s nun eine etwas leichtere Abfahrt mit S-Kurve&#8230; hat Vor- und Nachteile.<\/p>\n<p><img src=http:\/\/ski.inmontanis.info\/d\/105149-3\/P1440343.JPG \/><br \/>\n^ Pano an der Bergstation der 8EUB Karlesjoch mit Langtauferer Tal und Reschensee. Hatte das Pano hier oben wesentlich uninteressanter in Erinnerung, aber bei einer Sicht wie heute durchaus \u00fcberzeugend!<\/p>\n<p><img src=http:\/\/ski.inmontanis.info\/d\/105153-3\/P1440344.JPG \/><br \/>\n^ Pano an der 8EUB Karlesjoch<\/p>\n<p><a href='http:\/\/ski.inmontanis.info\/d\/105157-3\/P1440347.JPG'><img src=http:\/\/ski.inmontanis.info\/d\/105155-4\/P1440347.JPG \/><\/a><br \/>\n^ Gipfel-Zoom Bergstations-Pano 8EUB Karlesjoch<\/p>\n<p><a href='http:\/\/ski.inmontanis.info\/d\/105162-3\/P1440349.JPG'><img src=http:\/\/ski.inmontanis.info\/d\/105160-4\/P1440349.JPG \/><\/a><br \/>\n^ Gipfel-Zoom Bergstations-Pano 8EUB Karlesjoch<\/p>\n<p><a href='http:\/\/ski.inmontanis.info\/d\/105166-3\/P1440351.JPG'><img src=http:\/\/ski.inmontanis.info\/d\/105164-4\/P1440351.JPG \/><\/a><br \/>\n^ Gipfel-Zoom Bergstations-Pano 8EUB Karlesjoch<\/p>\n<p><a href='http:\/\/ski.inmontanis.info\/d\/105170-3\/P1440352.JPG'><img src=http:\/\/ski.inmontanis.info\/d\/105168-4\/P1440352.JPG \/><\/a><br \/>\n^ Gipfel-Zoom Bergstations-Pano 8EUB Karlesjoch<\/p>\n<p><a href='http:\/\/ski.inmontanis.info\/d\/105174-3\/P1440356.JPG'><img src=http:\/\/ski.inmontanis.info\/d\/105172-4\/P1440356.JPG \/><\/a><br \/>\n^ Zoom-Pano Bergstation 8EUB Karlesjoch<\/p>\n<p><a href='http:\/\/ski.inmontanis.info\/d\/105178-3\/P1440357.JPG'><img src=http:\/\/ski.inmontanis.info\/d\/105176-4\/P1440357.JPG \/><\/a><br \/>\n^ Gipfel-Zoom Bergstations-Pano 8EUB Karlesjoch<\/p>\n<p><a href='http:\/\/ski.inmontanis.info\/d\/105182-3\/P1440362.JPG'><img src=http:\/\/ski.inmontanis.info\/d\/105180-4\/P1440362.JPG \/><\/a><br \/>\n^ Zoom Reschensee<\/p>\n<p><a href='http:\/\/ski.inmontanis.info\/d\/105186-3\/P1440364.JPG'><img src=http:\/\/ski.inmontanis.info\/d\/105184-4\/P1440364.JPG \/><\/a><br \/>\n^ Bergstation 8EUB Karlesjoch<\/p>\n<p><a href='http:\/\/ski.inmontanis.info\/d\/105194-3\/P1440365.JPG'><img src=http:\/\/ski.inmontanis.info\/d\/105192-4\/P1440365.JPG \/><\/a><br \/>\n^ Zoom zu den immer gr\u00f6\u00dfer werdenden Felsen am SL Wei\u00dfseeferner<\/p>\n<p><a href='http:\/\/ski.inmontanis.info\/d\/105198-3\/P1440366.JPG'><img src=http:\/\/ski.inmontanis.info\/d\/105196-4\/P1440366.JPG \/><\/a><br \/>\n^ Derzeit einzig ge\u00f6ffnete Abfahrt an der 8EUB Karlesjoch, durchaus interessant trassiert.<\/p>\n<p><a href='http:\/\/ski.inmontanis.info\/d\/105202-3\/P1440368.JPG'><img src=http:\/\/ski.inmontanis.info\/d\/105200-4\/P1440368.JPG \/><\/a><br \/>\n^ Unterhalb SL N\u00f6rderjoch I<\/p>\n<p><a href='http:\/\/ski.inmontanis.info\/d\/105206-3\/P1440376.JPG'><img src=http:\/\/ski.inmontanis.info\/d\/105204-4\/P1440376.JPG \/><\/a><br \/>\n^ SL N\u00f6rderjoch II noch im Sommer-Schlaf<\/p>\n<p><a href='http:\/\/ski.inmontanis.info\/d\/105210-3\/P1440377.JPG'><img src=http:\/\/ski.inmontanis.info\/d\/105208-4\/P1440377.JPG \/><\/a><br \/>\n^ Arbeiten am SL N\u00f6rderjoch II<\/p>\n<p><img src=http:\/\/ski.inmontanis.info\/d\/105214-3\/P1440387.JPG \/><br \/>\n^ Fotogen, die neue 8EUB Karlesjoch vor der Wei\u00dfseespitze!<\/p>\n<p><img src=http:\/\/ski.inmontanis.info\/d\/105218-3\/P1440388.JPG \/><br \/>\n^ Wei\u00dfseespitze, Skigebiet und die neue 8EUB Karlesjoch.<\/p>\n<p><a href='http:\/\/ski.inmontanis.info\/d\/105238-3\/P1440381.JPG'><img src=http:\/\/ski.inmontanis.info\/d\/105237-4\/P1440381.JPG \/><\/a><br \/>\n^ Zoom zum SL im Skigebiet Maseben vom Kaunertaler Gletscher \/ 8EUB Karlesjoch<\/p>\n<p><a href='http:\/\/ski.inmontanis.info\/d\/105242-3\/P1440378.JPG'><img src=http:\/\/ski.inmontanis.info\/d\/105241-4\/P1440378.JPG \/><\/a><br \/>\n^ Zoom zu DSB+SL im Skigebiet Maseben vom Kaunertaler Gletscher \/ 8EUB Karlesjoch<\/p>\n<p><a href='http:\/\/ski.inmontanis.info\/d\/105246-3\/P1440380.JPG'><img src=http:\/\/ski.inmontanis.info\/d\/105245-4\/P1440380.JPG \/><\/a><br \/>\n^ Zoom Bergstation SL im Skigebiet Maseben vom Kaunertaler Gletscher \/ 8EUB Karlesjoch<\/p>\n<p><a href='http:\/\/ski.inmontanis.info\/d\/105222-3\/P1440391.JPG'><img src=http:\/\/ski.inmontanis.info\/d\/105220-4\/P1440391.JPG \/><\/a><br \/>\n^ Den eingeebneten Bereich an der N\u00f6rderjoch-Talstation find ich durchwegs positiv.<\/p>\n<p><a href='http:\/\/ski.inmontanis.info\/d\/105226-3\/P1440402.JPG'><img src=http:\/\/ski.inmontanis.info\/d\/105224-4\/P1440402.JPG \/><\/a><br \/>\n^ Oberer Teil Strecke 8EUB Karlesjoch<\/p>\n<p><a href='http:\/\/ski.inmontanis.info\/d\/105230-3\/P1440405.JPG'><img src=http:\/\/ski.inmontanis.info\/d\/105228-4\/P1440405.JPG \/><\/a><br \/>\n^ SL Wei\u00dfseeferner vom Trainingsareal aus. Denkt ihr was ich denke? Das schreit nach einem Zoom richtung Stausee&#8230;.<\/p>\n<p><img src=http:\/\/ski.inmontanis.info\/d\/105234-3\/P1440408.JPG \/><br \/>\n^ Ungew\u00f6hnliche Perspektive dank Mega-Zoom mit Parkplatz \/ Restaurant \/ 8EUB \/ SL \/ 4KSB und Stausee<\/p>\n","protected":false},"excerpt":{"rendered":"<p>Bin gestern zum ersten mal die 8EUB gefahren und muss sagen, sie wertet den Kaunertaler doch sehr auf, und auch das Pano oben ist wesentlich toller als ich es in Erinnerung hatte&#8230;<\/p>\n<p> <a href=\"http:\/\/blog.inmontanis.info\/?p=971\">[&#8230;]<\/a><\/p>\n","protected":false},"author":1,"featured_media":0,"comment_status":"open","ping_status":"closed","sticky":false,"template":"","format":"standard","meta":{"footnotes":""},"categories":[24,905,13,27],"tags":[53,45,47],"class_list":["post-971","post","type-post","status-publish","format-standard","hentry","category-tagestour","category-kaunertaler-gletscher","category-austria","category-skifahren-winterskiing-winter","tag-8eub","tag-see","tag-sl","odd"],"_links":{"self":[{"href":"http:\/\/blog.inmontanis.info\/index.php?rest_route=\/wp\/v2\/posts\/971","targetHints":{"allow":["GET"]}}],"collection":[{"href":"http:\/\/blog.inmontanis.info\/index.php?rest_route=\/wp\/v2\/posts"}],"about":[{"href":"http:\/\/blog.inmontanis.info\/index.php?rest_route=\/wp\/v2\/types\/post"}],"author":[{"embeddable":true,"href":"http:\/\/blog.inmontanis.info\/index.php?rest_route=\/wp\/v2\/users\/1"}],"replies":[{"embeddable":true,"href":"http:\/\/blog.inmontanis.info\/index.php?rest_route=%2Fwp%2Fv2%2Fcomments&post=971"}],"version-history":[{"count":3,"href":"http:\/\/blog.inmontanis.info\/index.php?rest_route=\/wp\/v2\/posts\/971\/revisions"}],"predecessor-version":[{"id":9303,"href":"http:\/\/blog.inmontanis.info\/index.php?rest_route=\/wp\/v2\/posts\/971\/revisions\/9303"}],"wp:attachment":[{"href":"http:\/\/blog.inmontanis.info\/index.php?rest_route=%2Fwp%2Fv2%2Fmedia&parent=971"}],"wp:term":[{"taxonomy":"category","embeddable":true,"href":"http:\/\/blog.inmontanis.info\/index.php?rest_route=%2Fwp%2Fv2%2Fcategories&post=971"},{"taxonomy":"post_tag","embeddable":true,"href":"http:\/\/blog.inmontanis.info\/index.php?rest_route=%2Fwp%2Fv2%2Ftags&post=971"}],"curies":[{"name":"wp","href":"https:\/\/api.w.org\/{rel}","templated":true}]}}