{"id":9705,"date":"2024-02-08T20:15:16","date_gmt":"2024-02-08T19:15:16","guid":{"rendered":"http:\/\/blog.inmontanis.info\/?p=9705"},"modified":"2024-02-11T21:07:38","modified_gmt":"2024-02-11T20:07:38","slug":"bydalen-3-8-2-2024-ende-gut-alles-gut","status":"publish","type":"post","link":"http:\/\/blog.inmontanis.info\/?p=9705","title":{"rendered":"Bydalen, 3.-8.2.2024 &#8212; Ende gut, alles gut?"},"content":{"rendered":"<p><strong>Sa, 3.2.2024<\/strong><\/p>\n<p>Die Nacht verlief wieder sehr st\u00fcrmisch. Ganzer Tag Skifahren wenn wegen Wind nur die unteren SL in Betrieb sind, da k\u00f6nnte man ja hier mal essen gehen? Tagesgericht &#8220;Kotlett&#8221; mit R\u00f6stkartoffel und Bearnaisesauce (sorry, bisher immer falsch geschrieben), h\u00f6rt sich ja gut an. Gibt&#8217;s von 11-14h also evtl fr\u00fcher dran sein weil leerer. Der gestern Nachmittag eingekaufte Tiefk\u00fchl-Taco-Pie sollte auch bis morgen \u00fcberleben &#8230;<\/p>\n<p><a href='http:\/\/ski.inmontanis.info\/d\/326306-2\/DSC01044.jpg'><img src=http:\/\/ski.inmontanis.info\/d\/326305-3\/DSC01044.jpg \/><\/a><br \/>\n^ Junge Hunde<\/p>\n<p><a href='http:\/\/ski.inmontanis.info\/d\/326310-2\/DSC01047.jpg'><img src=http:\/\/ski.inmontanis.info\/d\/326309-3\/DSC01047.jpg \/><\/a><br \/>\n^ SL Tr\u00e4dgr\u00e4ns, an der Umlenkstation liegt etwas zu viel Schnee<\/p>\n<p><a href='http:\/\/ski.inmontanis.info\/d\/326314-2\/DSC01048.jpg'><img src=http:\/\/ski.inmontanis.info\/d\/326313-3\/DSC01048.jpg \/><\/a><br \/>\n^ SL Tr\u00e4dgr\u00e4ns<\/p>\n<p><a href='http:\/\/ski.inmontanis.info\/d\/326318-2\/DSC01049.jpg'><img src=http:\/\/ski.inmontanis.info\/d\/326317-3\/DSC01049.jpg \/><\/a><br \/>\n^ SL H\u00f6gfj\u00e4ll, neuerdings t\u00e4glich in Betrieb, so es der Wind zul\u00e4ssst<\/p>\n<p><a href='http:\/\/ski.inmontanis.info\/d\/326322-2\/DSC01050.jpg'><img src=http:\/\/ski.inmontanis.info\/d\/326321-3\/DSC01050.jpg \/><\/a><br \/>\n^ Stunde sp\u00e4ter starker Schneefall und eine Offpistevariante<\/p>\n<p>Weil nach dem Schneefall pl\u00f6tzlich gar so sonnig, mussste ich noch 2x SL extra fahren, bevor ich r\u00fcber in den schattigen Drommenbereich fuhr und dort kurz vor 12 Uhr ins Restaurant ging. Leider kein Salatbuffet und das Essen war auch ganz anders als erwartet. Google \u00fcbersetzte &#8220;Helstekt kotlettrad&#8221; mit &#8220;Vollst\u00e4ndig gebratenes Schnitzel&#8221;. Sah dann eher nach Braten aus.<\/p>\n<p><a href='http:\/\/ski.inmontanis.info\/d\/326326-2\/DSC01054.jpg'><img src=http:\/\/ski.inmontanis.info\/d\/326325-3\/DSC01054.jpg \/><\/a><br \/>\n^ Halbe Stunde sp\u00e4ter wieder Sonnenschein am SL Hovde<\/p>\n<p><a href='http:\/\/ski.inmontanis.info\/d\/326330-2\/DSC01057.jpg'><img src=http:\/\/ski.inmontanis.info\/d\/326329-3\/DSC01057.jpg \/><\/a><br \/>\n^ SL Hovde mit einer seiner 3 Graffer-Portalst\u00fctzen<\/p>\n<p>Der Hovde-SL ist von den unteren Liften hier wohl mein Lieblingslift, lang, sch\u00f6ne und abwechslungsreiche Lifttrasse durch den Wald, diverse, kurvige Abfahrtsvarianten links und rechts etwas abseits des Lifts und dann noch die Graffer-Portalniederhalter. Etwas steiler k\u00f6nnten die Abfahrten aber  schon sein&#8230;<\/p>\n<p><a href='http:\/\/ski.inmontanis.info\/d\/326334-2\/DSC01058.jpg'><img src=http:\/\/ski.inmontanis.info\/d\/326333-3\/DSC01058.jpg \/><\/a><br \/>\n^ Der westliche Weg um die ganzen H\u00e4user drumrum, ging nicht ganz ohne zu schieben<\/p>\n<p><a href='http:\/\/ski.inmontanis.info\/d\/326338-2\/DSC01059.jpg'><img src=http:\/\/ski.inmontanis.info\/d\/326337-3\/DSC01059.jpg \/><\/a><br \/>\n^ Tagesgericht im Drommen-Restaurant um 125,- SEK (also ca. 11 \u20ac) inkl. Salat, Semmel, Butter (die 2 Sachen hab ich mitgenommen) und Saft\/Wasser. 3 dicke Scheiben Fleisch. Nat\u00fcrlich w\u00e4re auch Kaffee\/Tee noch dabei. Jaja, bl\u00f6de Petersilie mal wieder. Genauso bescheuert wie in Russland das mit dem Dill \u00fcberall. Nur w\u00fcrde mir Dill besser schmecken als Petersilie.<\/p>\n<p>Aber trotzdem lecker, besonders lecker das angebratene Champignon-Paprika-Zwiebel-Gem\u00fcse (alle 3 Sachen schmecken halt 1000x besser, wenn es jeweils angebraten oder gegrilt  und nicht roh\/gekocht ist) und die Bearnaisesauce (werd hier in Skandinavien noch ein regelrechter Fan von Bearnaise-Sauce, egal ob zu Schnitzel\/Pommes, Hotdog oder, wie heute, eher ein Braten).<\/p>\n<p>Auf den inkludierte Kaffee\/Tee verzichtete ich wie \u00fcblich. Ich zahlte die g\u00fcnstigen 125,- f\u00fcr&#8217;s Tagesgericht und fragte noch an der Rezeption, ob sie zuf\u00e4llig einen Platz auf ihrem Campingplatz haben. Nein, wie erwartet, nur Dauercamper. Daher rest noch bei dem 1-2km entfernten Campingplatz nachfragen, wo Bianka&#038;Uwe immer stehen. Ansonsten frag ich hier nochmals wegen der Steckdosen vor dem Servicegeb\u00e4ude..<\/p>\n<p>Was ich heute auch nicht zum ersten Mal gemerkt hab: Wenn man von Schweden angesprochen wird und nur mit einem &#8220;Sorry?&#8221; reagiert, wiederholen sie es nochmals auf Schwedisch, man muss also explizit noch ein &#8220;I don&#8217;t understand swedish&#8221; erg\u00e4nzen &#8230;<\/p>\n<p>Auch nachmittags ging&#8217;s mit einem Wechsel aus Schneefall und blauem Himmel weiter. Auf den Pisten war es, je nachdem, ob der Neuschnee von heute und den letzten Tagen liegen geblieben (und nicht weggeweht) ist, entweder schon pulvrig, oder eben eisig. Offpiste ebenso.<\/p>\n<p>\u00dcber Nacht k\u00f6nnten nochmals 4-10cm dazu kommen inkl. starkem Sturm, danach soll&#8217;s morgen sehr sonnig werden. Sturmtag soll danach keiner mehr kommen, soweit die Vorhersage reicht.<\/p>\n<p><a href='http:\/\/ski.inmontanis.info\/d\/326342-2\/DSC01061.jpg'><img src=http:\/\/ski.inmontanis.info\/d\/326341-3\/DSC01061.jpg \/><\/a><br \/>\n^ SL Hovde mit den H\u00e4usern links daneben; vorne unten SL Drom<\/p>\n<p><a href='http:\/\/ski.inmontanis.info\/d\/326346-2\/DSC01063.jpg'><img src=http:\/\/ski.inmontanis.info\/d\/326345-3\/DSC01063.jpg \/><\/a><br \/>\n^ Offpiste links vom SL Tr\u00e4dgr\u00e4ns<\/p>\n<p><a href='http:\/\/ski.inmontanis.info\/d\/326350-2\/DSC01064.jpg'><img src=http:\/\/ski.inmontanis.info\/d\/326349-3\/DSC01064.jpg \/><\/a><br \/>\n^ Offpiste links vom SL Tr\u00e4dgr\u00e4ns<\/p>\n<p>Boah, was f\u00fcr ein Bullshit wieder einmal, ich kann am Handy nicht zwischen SMS-App und irgendeiner anderen App hin und her wechseln, um getrennt Telefonnummer und Text r\u00fcber zu kopieren. Die SMS-App ist weder in den Zuletzt-verwendeten-Apps drin, noch kann man eine Bildschirmteilung machen. Muss man also alles in Einem kopieren und dann die Nummer vom Text wieder rauskopieren und ins Nummernfeld. Mannmannmann..<\/p>\n<p>Hab dem Campingplatzbetrieber eine SMS geschrieben, dIe Antwort kam schnell und der Preis mit 300,- entsprach dem, was mir von Bianka&#038;Uwe genannt wurde. Werde voraussichtlich bis Mittwoch bleiben, dann von MI auf DO frei stehen und DO fr\u00fch vor der Arbeit noch etwas fahren und dann bei den beiden in Trillevallen sein. Die sind hier ja jeden Tag von dem besagten Campingplatz \u00fcber Wanderweg\/Langlaufloipe ins Skigebiet gegangen &#8211; mir ist das zu weit. Das w\u00fcrd ich maximal dann machen, wenn man vom Skigebiet  dorthin abfahren kann.  \u00d6ffentlicher Bus f\u00e4hrt wohl nur 1-2x am Tag, Skibus scheint&#8217;s hier nicht zu geben.<\/p>\n<p><strong>So, 4.2.2024<\/strong><\/p>\n<p>Heut fr\u00fch immer noch Schneefall, laut Wetterbericht erst ab Mittag vielleicht sonniger und nachlassender Wind. <\/p>\n<p>Interessant, die Unterschiede: Die, die mit dem Auto hier am Parkplatz ankamen, nahmen die Skischuhe mit in die V\u00e4rmestuga und gingen mit ihren normalen Schuhen durch den hohen Schnee rein. Der Zugang wird teils mehrmals t\u00e4glich durch den Wind verweht und ist mit mit meinen Stiefelchen zu hoch, ich w\u00fcrde mir also extra erst die Skischuhe anziehen, bevor ich da r\u00fcber gehe&#8230;<\/p>\n<p>Heute h\u00e4tten die Skischuhe alleine (ohne Hose dr\u00fcber) auch nicht gereicht, soviel Schnee hat&#8217;s da an die Treppen hingeweht. Nat\u00fcrlich  lag auch um mein Auto entsprechend viel Windschnee.<\/p>\n<p>Nachmittags m\u00fcsste ich zwar den Taco-Paj in der Mikrowelle erw\u00e4rmen, aber weil so klein, wollte ich evtl. mal in die Waffelh\u00fctte an der Talstation Langravin vorbei schauen, was die verlangen. Gut, dass eine Preistafel au\u00dfen war, das ersparte mir das Reingehen. Ich hatte erwartet, eine Waffel mit Erdbeermarmelade und Sahne (oder meinetwegen mit Nutella) um unter 50- zu bekomen, aber ja, das ist wohl typischer f\u00fcr Norwegen, in Schweden sind das dann eher Pfannkuchen. Die g\u00fcnstigste Waffel w\u00e4re mit Himbeermarmelade um 70,- (naja, vielleicht mit ganzen Fr\u00fcchten) und 120,- f\u00fcr die Waffel mit Rentierfleisch. Paar Tage sp\u00e4ter noch die \u00dcbersetzung nachgeschaut: Die &#8220;creme&#8221; soll wohl Meerrettich bzw. Kren sein. Naja .. das brauch ich dann auch nicht.<\/p>\n<p>Der allgemeine Scneebericht um 8 Uhr sprach noch von 16\/16 ge\u00f6ffneten Liften, der Detailbericht war auch um 12 Uhr noch nicht online, die oberen Lifte blieben auch heute leider windbedingt geschlossen.<\/p>\n<p><a href='http:\/\/ski.inmontanis.info\/d\/326354-2\/DSC01065.jpg'><img src=http:\/\/ski.inmontanis.info\/d\/326353-3\/DSC01065.jpg \/><\/a><br \/>\n^ Waffelh\u00fctte; das Angebot konnte mich leider nicht \u00fcberzeugen<\/p>\n<p><a href='http:\/\/ski.inmontanis.info\/d\/326358-2\/DSC01066.jpg'><img src=http:\/\/ski.inmontanis.info\/d\/326357-3\/DSC01066.jpg \/><\/a><br \/>\n^ Stromvariante links vom SL Tr\u00e4dgr\u00e4ns<\/p>\n<p><a href='http:\/\/ski.inmontanis.info\/d\/326362-2\/DSC01067.jpg'><img src=http:\/\/ski.inmontanis.info\/d\/326361-3\/DSC01067.jpg \/><\/a><br \/>\n^ Stromvariante links vom SL Tr\u00e4dgr\u00e4ns<\/p>\n<p><a href='http:\/\/ski.inmontanis.info\/d\/326366-2\/DSC01070.jpg'><img src=http:\/\/ski.inmontanis.info\/d\/326365-3\/DSC01070.jpg \/><\/a><br \/>\n^ Heuer neuste Macke der Jugendlichen, tiefe Furchen in die Lifttrasse zu ziehen :(<br \/>\nD.h. Knie anwinkeln, Skispitze nach hinten am Boden schleifen lassen. Daf\u00fcr sieht man heuer weniger die Lifttrasse runterfahren, w\u00e4hrend man rauff\u00e4hrt.<\/p>\n<p><a href='http:\/\/ski.inmontanis.info\/d\/326370-2\/DSC01072.jpg'><img src=http:\/\/ski.inmontanis.info\/d\/326369-3\/DSC01072.jpg \/><\/a><br \/>\n^ Offpiste rechts vom SL F\u00e4bo, endlich die richtige Einfahrt entdeckt. Fuhr ich ab dann mind. 1x t\u00e4glich<\/p>\n<p><a href='http:\/\/ski.inmontanis.info\/d\/326374-2\/DSC01074.jpg'><img src=http:\/\/ski.inmontanis.info\/d\/326373-3\/DSC01074.jpg \/><\/a><br \/>\n^ Rechts SL Hovde, links nicht zu sehen SL Drom und mittig der Transport-SSL \u00fcber den Fluss. Geht in beide Richtungen trotzdem nur mit einem St\u00fcck bergauf zu gehen.<\/p>\n<p><a href='http:\/\/ski.inmontanis.info\/d\/326378-2\/DSC01078.jpg'><img src=http:\/\/ski.inmontanis.info\/d\/326377-3\/DSC01078.jpg \/><\/a><br \/>\n^ Interessante Fachwerkst\u00fctzen am SL Drom insofern, dass die einen 2 Seiten unten breit sind und oben die anderen beiden Seiten breit sind.<\/p>\n<p><a href='http:\/\/ski.inmontanis.info\/d\/326382-2\/DSC01079.jpg'><img src=http:\/\/ski.inmontanis.info\/d\/326381-3\/DSC01079.jpg \/><\/a><br \/>\n^ SL Drom St\u00fctze 4<\/p>\n<p><a href='http:\/\/ski.inmontanis.info\/d\/326386-2\/DSC01080.jpg'><img src=http:\/\/ski.inmontanis.info\/d\/326385-3\/DSC01080.jpg \/><\/a><br \/>\n^ SL Drom letzte St\u00fctze 5, die hier ist talseitig verbreitert<\/p>\n<p><a href='http:\/\/ski.inmontanis.info\/d\/326390-2\/DSC01082.jpg'><img src=http:\/\/ski.inmontanis.info\/d\/326389-3\/DSC01082.jpg \/><\/a><br \/>\n^ Nette, abenteuerliche Variante rechts vom SL Drom, die wurde ab heute zur Pflicht jeden Tag zum Abschluss mind. 2x ;-)<\/p>\n<p><a href='http:\/\/ski.inmontanis.info\/d\/326398-2\/DSC01084.jpg'><img src=http:\/\/ski.inmontanis.info\/d\/326397-3\/DSC01084.jpg \/><\/a><br \/>\n^ .. da ginge ein Weg noch weiter richtung SL Falkfangar<\/p>\n<p><a href='http:\/\/ski.inmontanis.info\/d\/326394-2\/DSC01083.jpg'><img src=http:\/\/ski.inmontanis.info\/d\/326393-3\/DSC01083.jpg \/><\/a><br \/>\n^ Nette, abenteuerliche Variante rechts vom SL Drom, die wurde ab heute zur Pflicht jeden Tag zum Abschluss mind. 2x ;-)<\/p>\n<p><a href='http:\/\/ski.inmontanis.info\/d\/326402-2\/DSC01086.jpg'><img src=http:\/\/ski.inmontanis.info\/d\/326401-3\/DSC01086.jpg \/><\/a><br \/>\n^ &#8230; weiter unten kommt man auf eine regelrechte Pistenschneise<\/p>\n<p><a href='http:\/\/ski.inmontanis.info\/d\/326406-2\/DSC01087.jpg'><img src=http:\/\/ski.inmontanis.info\/d\/326405-3\/DSC01087.jpg \/><\/a><br \/>\n^ SL Drom nachmittags nun mit Sonne<\/p>\n<p><a href='http:\/\/ski.inmontanis.info\/d\/326410-2\/DSC01091.jpg'><img src=http:\/\/ski.inmontanis.info\/d\/326409-3\/DSC01091.jpg \/><\/a><br \/>\n^ SL Falkfangar gegen\u00fcber dem hinteren Campingplatz H\u00f6glekardalen. Soll in ein paar Wochen wieder in Betrieb gehen, leider zu sp\u00e4t f\u00fcr mich<\/p>\n<p><a href='http:\/\/extra.inmontanis.info\/d\/102618-3\/DSC01088.jpg'><img src=http:\/\/extra.inmontanis.info\/d\/102617-4\/DSC01088.jpg \/><\/a><br \/>\n^ In der Mikro gew\u00e4rmt &#8230; (Nahm mir zus\u00e4tzlich noch ein Gorbys Pirog vom Minimarkt mit.)<\/p>\n<p>Sehr ungew\u00f6hnlich an dem Campingplatz, dass man einen Schl\u00fcssel f\u00fcrs Servicegeb\u00e4ude bekommt, wo man wirklich jede T\u00fcr aktiv auf- und absperren muss, inkl der einzelnen Toiletten. \u00dcblicher ist in \u00e4hnlichen F\u00e4llen ja ein Schloss, dass man nur \u00f6ffnen muss und das sich dann von selbst versperrt, wenn die T\u00fcr zu ist. Es gibt hier eine Waschmaschine und mehrere Trockenschr\u00e4nke, k\u00f6nnte man mal ausn\u00fctzen. <\/p>\n<p>Die Waschbecken im Waschraum und K\u00fcche\/Absp\u00fclraum haben mittlerweile deaktivierte M\u00fcnzautomaten f\u00fcr Warmwasser. Fr\u00fcher musste man 2,- SEK f\u00fcr 1min Warmwasser zahlen. <\/p>\n<p>Gar nicht sch\u00f6n: mein 230V-Ladeger\u00e4t f\u00fcr die gro\u00dfe Batterie wollte heute Abend nicht wirklich funktionieren, weder in der 15A- noch in der 4A-Einstellung. So als wollte die LiFePo4 keinen Strom aufnehmen, obwohl nur 57% voll und keinerlei Meldung angezeigt wurde, dass das Laden nicht erlaubt w\u00e4re. Am Ladeger\u00e4t mal von LiIon auf Normal gestellt und mal etwas an den Voltzahlen rumgespielt, es ging dann einige Zeit, aber bald wieder schw\u00e4cher und das Ladeger\u00e4t schaltete wieder auf &#8220;Absorption&#8221; (bei LiIon&#8230;). Am n\u00e4chsten Tag mit &#8220;Normal&#8221;-Einstellung (14,4V statt 14,2V bei LiIon) hatte das Laden mit 15A dann funktioniert.<\/p>\n<p><strong>Mo, 5.2.2024<\/strong><\/p>\n<p>Auf dem Weg morgens ins Servicegeb\u00e4ude w\u00e4r ich fast hingefallen, weil der Weg wieder so glatt war, obwohl etwas Schnee war. Am Rand war noch etwas mehr Schnee, da konnte man dann besser gehen.<\/p>\n<p>Ich stand eine dreiviertel Stunde fr\u00fcher auf und lie\u00df in der Waschmaschine mal ein 30-Min-Kurzprogramm durchlaufen und hing die W\u00e4sche dann in den Schranktrockner bzw. Trocknerschrank. Nach 1,5h mal geschaut, war gr\u00f6\u00dftenteils schon trocken.<\/p>\n<p>Die Anleitung erkl\u00e4rte, dass man entweder lange oder nasse Kleidung  (wei\u00df nicht mehr) in die \u00e4u\u00dferen Bereiche aufh\u00e4ngen sollte, die anderen in die Mitte und ich glaub weniger nasse in den oberen Bereich. Und dass die Temperatur schon auf &#8220;Halbstellung&#8221; nur 37\u00b0 hat, bei der &#8220;Dreiviertelstellung&#8221; (maximal) 65\u00b0. <\/p>\n<p>Der Schuhheizer funktioniert nun auch besser, was ich bei den k\u00e4lteren Temperaturen heute best\u00e4tigen kann, er heizt nun in allen Stufen richtig und st\u00e4rker und l\u00e4nger, nicht nur auf den h\u00f6chsten Stufen wie zuletzt. \u00dcber Nacht geht die Temperatur aber bei den niedrigeren Einstellungen doch irgendwann zur\u00fcck. Aber trotzdem viel besser als der alte.<\/p>\n<p>Diese Woche h\u00e4tte man wohl T\u00e4nn\u00e4skr\u00f6ket fahren sollen, zumindest ist weniger Wind gemeldet und der K2-SL k\u00f6nnte daher t\u00e4glich in Betrieb sein. Aber nein, liegt heuer nicht mehr auf meinem Weg. Es g\u00e4b nur einen Grund, jetzt nochmals in den S\u00fcden zu fahren, wenn im (viel weiter s\u00fcdlich befindlichen) Skigbiet Valfj\u00e4llet die oberen Abfahrtsteile vom langen SL ge\u00f6ffnet w\u00e4ren. Die fand ich bei meinem Sommerbesuch damals ja recht interessant. Aber wie vor 2 Jahren leider auch heuer wieder immer geschlossen lt. Website, also wohl zu wenig Schnee und man wei\u00df daher nicht, ob man mit dem SL bis rauf (und trotzdem ab) fahren kann oder nicht.<\/p>\n<p>Nach 11 Uhr fuhr ich zum Parkplatz am Dromlift r\u00fcber, den ich dann erst zum Abschluss fahren w\u00fcrde, weil er ja l\u00e4nger f\u00e4hrt und erst nachmmittags etwas Sonne abbekommt.<\/p>\n<p>Leider fuhr wieder einmal der Topplift nicht als ich an der Bergstation Hovdelift ankam, also gleich mal r\u00fcber nach Bydalen gezogen und dort bis ganz rauf, der H\u00f6gfj\u00e4lllift fuhr n\u00e4mlich auch mal heute unter der Woche und nix los.  Leider war im baumfreien Bereich oben abermals ein starker Sturm, dass man wenig Luste hatte, dort zu fahren.  <\/p>\n<p>Es gab erst viel blauen Himmel, aber wenig Sonne, nachmittags auch mal starker Schneefall (soviel zum strahlend sonnig gemeldeten Tag heute) und die Temperaturen sinken nun wieder teilweise in den zweistelligen Bereich.<\/p>\n<p>Von der Bergstation H\u00f6gfjall \u00fcber die Verbindungswege zum SL Parad zu fahren um dann von dort oben die eine sch\u00f6ne Abfahrt zwischen Topp und Parad zu fahren und dann gleich wieder die Verbindungswege nach Bydalen zu nehmen (um dort unten in die V\u00e4rmestuga zu gehen) ist  etwas crazy, aber geht auch: <\/p>\n<p><a href='http:\/\/ski.inmontanis.info\/d\/326414-2\/DSC01093.jpg'><img src=http:\/\/ski.inmontanis.info\/d\/326413-3\/DSC01093.jpg \/><\/a><br \/>\n^ Sch\u00f6ne Abfahrt Toppbranten zwischen SL Topp und Parad, die man aber beide von der Abfahrt nicht mehr erreicht<\/p>\n<p><a href='http:\/\/ski.inmontanis.info\/d\/326418-2\/DSC01094.jpg'><img src=http:\/\/ski.inmontanis.info\/d\/326417-3\/DSC01094.jpg \/><\/a><br \/>\n^ L\u00e5ngravin-Abfahrt heut wg. Windenpr\u00e4parierung gesperrt. 10min sp\u00e4ter stand das Schild nicht mehr da, blieb aber gesperrt<\/p>\n<p>Diese Woche h\u00e4tte man auch Stranda fahren k\u00f6nnen, viel Sonne gemeledet von MI bis DI. Aber nur wegen 2 Saisonkartenskitagen ist mir der nochmalige Weg nun zu weit. <\/p>\n<p>Abends fielen mir ein paar Sachen ein, die ich von der W\u00e4sche nicht mit ins Auto zur\u00fcck gebracht hatte. Werd ich morgen in der Waschmaschine oder dem Trockner suchen m\u00fcssen.<\/p>\n<p><a href='http:\/\/extra.inmontanis.info\/d\/102622-3\/DSC01097.jpg'><img src=http:\/\/extra.inmontanis.info\/d\/102621-4\/DSC01097.jpg \/><\/a><br \/>\n^ Die unteren beiden Sachen hab ich im Mini-Markt heut gekauft, da ich es nur auf 2 Tage aufteilen wollte, lie\u00df ich die Erbsen\/M\u00f6hren\/Champignons weg. Das kleine Gem\u00fcseglas letztens in einem Supermarkt gesehen und eher f\u00fcr Nudeln gedacht.<\/p>\n<p>Dann also nur die H\u00e4lfte der fertigen Kartoffel-Wurst-Fleisch-Pfanne, eine ordentliche Portion K\u00fcmmel dazu (weil saurer Essig) und die halbe Packung K\u00e4se. Rest dann morgen.<\/p>\n<p><strong>Di, 6.2.2024<\/strong><\/p>\n<p>Heute Morgen also die zweite Ladung W\u00e4sche, meine vermissten Sachen lagen noch in der Waschmaschine. Hab wieder das 30-min-Kurzprogramm gew\u00e4hlt (g\u00e4b auch 15 und 45min) und parallel dazu die Socken per Hand am WC-Waschbecken gewaschen. (Diverse Gr\u00fcnde: Geruch und  Fussel gehen sonst manchmal auf  die andere Kleidung \u00fcber, zudem konnte ich so 2 Waschg\u00e4nge mit wenig Waschmittel machen.)<\/p>\n<p>Auch heute wieder alle oberen Lifte in Betrieb bei gemeldeten -8\/-9\u00b0, leider kaum Sonne, viel Nebel\/Hangbew\u00f6lkung im oberen Bereich und zeitweise leichter Schneefall. Der Wind kam unsch\u00f6nerweise mal in Abfahrtsrichtung anstelle von der Seite oder von hinten.<\/p>\n<p>W\u00e4re ja morgen gern nochmals ins Restaurant, aber das Tagesgericht ist Pasta Bolognese, da h\u00e4tt ich ja lieber noch das heutige oder gestrige Tagesgericht gegessen. Und das kleine Pizzaangebot jeweils .. Schinken Champignon ist mir irgendwie immer zu langwielig in einem Restaurant, das bekommt man tiefgek\u00fchlt ja auch \u00fcberall, wenn man wollte. <\/p>\n<p>Und das Wirtshaus vorne mit dem teureren Mittagslunch\/buffet hat laut Wochenplan diese Tage auch nix, was mich reizen w\u00fcrde.<\/p>\n<p><a href='http:\/\/ski.inmontanis.info\/d\/326422-2\/DSC01105.jpg'><img src=http:\/\/ski.inmontanis.info\/d\/326421-3\/DSC01105.jpg \/><\/a><br \/>\n^ Stillgelegte Abfahrt rechts vom SL L\u00e5ngravin, Schnee war gut<\/p>\n<p><a href='http:\/\/ski.inmontanis.info\/d\/326426-2\/DSC01107.jpg'><img src=http:\/\/ski.inmontanis.info\/d\/326425-3\/DSC01107.jpg \/><\/a><br \/>\n^ Offpiste-Abfahrt Edmund lt. Plan zwischen SL L\u00e5ngravin und H\u00f6gfj\u00e4ll<\/p>\n<p><a href='http:\/\/ski.inmontanis.info\/d\/326430-2\/DSC01111.jpg'><img src=http:\/\/ski.inmontanis.info\/d\/326429-3\/DSC01111.jpg \/><\/a><br \/>\n^ Der Offpiste-Bereich rechts vom SL F\u00e4bo musste nun auch t\u00e4glich befahren werden<\/p>\n<p><a href='http:\/\/ski.inmontanis.info\/d\/326434-2\/DSC01114.jpg'><img src=http:\/\/ski.inmontanis.info\/d\/326433-3\/DSC01114.jpg \/><\/a><br \/>\n^ Restaurant Drommen, alles Fake, kein Feuer, keine Kerzen, keine Steine. Taugt nicht zum Aufw\u00e4rmen<\/p>\n<p><a href='http:\/\/ski.inmontanis.info\/d\/326438-2\/DSC01115.jpg'><img src=http:\/\/ski.inmontanis.info\/d\/326437-3\/DSC01115.jpg \/><\/a><br \/>\n^ Die nette, abenteuerliche Variante rechts vom SL Drom<\/p>\n<p>Derweil hab ich den Campingplatz mal um 2 Tage verl\u00e4ngert bis Freitag, auch weil&#8217;s nachts am DO evtl. um\/unter -20\u00b0 geben soll.<\/p>\n<p><strong>Mi, 7.2.2024<\/strong><\/p>\n<p>-19\u00b0 um 11:20 am Auto am Campingplatz, blauer Himmel, Sonnenschein. Jetzt hab ich ja extra bis FR hier verl\u00e4ngert, nun soll es auch die N\u00e4chte auf SA und SO in Trillevallen um oder unter -20\u00b0 geben, wenn ich dort wieder freistehen m\u00fcsste :(<\/p>\n<p><a href='http:\/\/ski.inmontanis.info\/d\/326442-2\/DSC01116.jpg'><img src=http:\/\/ski.inmontanis.info\/d\/326441-3\/DSC01116.jpg \/><\/a><br \/>\n^ SL Topp<\/p>\n<p><a href='http:\/\/ski.inmontanis.info\/d\/326446-2\/DSC01117.jpg'><img src=http:\/\/ski.inmontanis.info\/d\/326445-3\/DSC01117.jpg \/><\/a><br \/>\n^ Die kurze Au\u00dfenrumabfahrt Ripsv\u00e4ngen links vom SL Topp ist seit ein paar Tagen offen, endlich kann ich die auch einmal fahren<\/p>\n<p><a href='http:\/\/ski.inmontanis.info\/d\/326450-2\/DSC01119.jpg'><img src=http:\/\/ski.inmontanis.info\/d\/326449-3\/DSC01119.jpg \/><\/a><br \/>\n^ Kurze Au\u00dfenrumabfahrt Ripsv\u00e4ngen links vom SL Topp<\/p>\n<p><a href='http:\/\/ski.inmontanis.info\/d\/326454-2\/DSC01118.jpg'><img src=http:\/\/ski.inmontanis.info\/d\/326453-3\/DSC01118.jpg \/><\/a><br \/>\n^ Kurze Au\u00dfenrumabfahrt Ripsv\u00e4ngen links vom SL Topp<\/p>\n<p><a href='http:\/\/ski.inmontanis.info\/d\/326458-2\/DSC01120.jpg'><img src=http:\/\/ski.inmontanis.info\/d\/326457-3\/DSC01120.jpg \/><\/a><br \/>\n^ Kurze Au\u00dfenrumabfahrt Ripsv\u00e4ngen links vom SL Topp; gegen\u00fcber der Falkfangar-SL und darunter der Campingplatz, wo ich momentan nachts stehe<\/p>\n<p><a href='http:\/\/ski.inmontanis.info\/d\/326462-2\/DSC01123.jpg'><img src=http:\/\/ski.inmontanis.info\/d\/326461-3\/DSC01123.jpg \/><\/a><br \/>\n^ SL H\u00f6gfj\u00e4ll hat ja unten andere St\u00fctzen (vielleicht war die Talstation fr\u00fcher weiter oben oder einer der beiden Tr\u00e4dgr\u00e4ns-Liften hatte eine Kurve und ging hier rauf), interessant dort zudem, dass an St\u00fctze 4 ein altes Nummernschild mit 10 oder 16 h\u00e4ngt!?!<\/p>\n<p><a href='http:\/\/ski.inmontanis.info\/d\/326466-2\/DSC01126.jpg'><img src=http:\/\/ski.inmontanis.info\/d\/326465-3\/DSC01126.jpg \/><\/a><br \/>\n^ SL H\u00f6gfj\u00e4ll mit Talpano<\/p>\n<p><a href='http:\/\/ski.inmontanis.info\/d\/326470-2\/DSC01127.jpg'><img src=http:\/\/ski.inmontanis.info\/d\/326469-3\/DSC01127.jpg \/><\/a><br \/>\n^ In der L\u00e5ngravin-Abfahrt hat&#8217;s soviel Schnee reingeweht, dass ihr sch\u00f6ner Muldencharakter leider nicht mehr vorhanden ist<\/p>\n<p>Nachdem ich meine 4 Abschlussrunden am Drom-SL gemacht hab und zum Auto runter gefahren bin, ist etwas eigenartiges passiert:<\/p>\n<p>Ich fahr mit den Skiern hinter dem Auto neben mir vorbei, da fuhr es gerade los, als ich hinter dem Auto war, also dachte ich, es s\u00e4\u00dfe jemand drin und h\u00e4tte mich \u00fcbersehen beim R\u00fcckw\u00e4rtsfahren. Dann sah ich, dass gar keiner drin war und versuchte, das Auto vorne am Wildschutz-B\u00fcgel festzuhalten, was mir nat\u00fcrlich nicht gelang.<\/p>\n<p>Ich wei\u00df nicht, ob ich es mit einem Sto\u00df in eine etwas andere Richtung h\u00e4tte einschlagen lassen k\u00f6nnen, ich habs relativ schnell wieder loslassen, als ich sah, dass es in Richtung eines anderen, parkenden Autos fuhr, weil ich ja auch nicht Schuld f\u00fcr irgendwas haben wollte. Es krachte also knapp auf ein parkendes Fahrzeug auf der anderen Stra\u00dfenseite. Gut, dass kein anderes Auto auf der Stra\u00dfe fuhr. <\/p>\n<p>Eine andere Frau, die unterwegs war, hat das auch beobachtet und wir sind dann ins Hotel. Das alleine wegfahrende Auto geh\u00f6rte dem alten Liftler vom Drom-SL, stand also den ganzen Tag schon dort am Parkplatz. Warum sich das ausgerechnet dann in Bewegung gesetzt hat, als ich mit den Skiern daran vorbei fahr, ist ja schon sehr mysteri\u00f6s&#8230;. Das wei\u00dfe Auto dagegen geh\u00f6rte der Rezeptionist, wie sie mir am n\u00e4chsten Tag erz\u00e4hlte.<\/p>\n<p><a href='http:\/\/ski.inmontanis.info\/d\/326474-2\/DSC01128.jpg'><img src=http:\/\/ski.inmontanis.info\/d\/326473-3\/DSC01128.jpg \/><\/a><br \/>\n^ Der blaue Wagen rechts im Bild (links von mir) machte sich genau in dem Moment auf dem Weg, als ich mit den Skiern vorbei fuhr und krachte dann in das wei\u00dfe Auto (vorderer Kotfl\u00fcgel)<\/p>\n<p>Ich hatte ja auch schon \u00f6fters Gl\u00fcck, denn wenn ich mir f\u00fcr nachts einen Parkplatz suche (oder, seltener, manchmal auch sonstwo) kuppel ich ja erst aus um zu checken, wie gerade der Platz ist (oder weil ich noch am Navi was mach). Wenn ich dann nicht gleich rolle kommt es manchmal vor, dass ich den Gang nicht wieder einlege. Oder bis vor wenigen Wochen dachte ich, es sei egal, welcher Gang eingelegt ist. Und manchmal hab ich halt auch noch vergessen, die Handbremse anzuziehen. Am n\u00e4chsten Tag war ich dann mal wieder froh, dass ich nicht weggerollt bin &#8230;<\/p>\n<p>Retour am Campingplatz stand jemand in der Zufahrt zu meinem Stellplatz, aber es gab noch eine andere Zufahrt von einem anderen &#8220;Gang&#8221;. Am Platz hatte jemand tats\u00e4chlich die Stromsteckdose wieder versperrt, d.h. da muss jemand kontrollieren, ob jemand nicht abgesperrt hat?! Wollte mir das Rausholen des und Rumhantieren mit dem Schl\u00fcssel bei den Temperaturen sparen, aber mein Kabel wollte ich auch nicht den Nachmittag \u00fcber unbeaufsichtigt hier rumliegen lassen.<\/p>\n<p><a href='http:\/\/extra.inmontanis.info\/d\/102626-3\/DSC01129.jpg'><img src=http:\/\/extra.inmontanis.info\/d\/102625-4\/DSC01129.jpg \/><\/a><br \/>\n^ Heut das Glas Pilaf gegessen, ziemlich viel, naja, haupts\u00e4chlich Reis mit Tomatensauce und bissl Fleisch<\/p>\n<p>So, endlich mal die Email nach Finnland wegen des einen kaputten Heizhandschuhs geschickt. Hab heut den defekten linken Handschuh mal wieder angezogen, der ist selbst ohne Heizung fast w\u00e4rmer als mein alter Handschuh mit Heizung (den ich in den letzten Wochen anhatte und wo ich heute testweise mal die Finger mit Gewebeband umwickelt hab, damit vielleicht weniger Wind reinzieht, aber das bringt keinen sp\u00fcrbaren W\u00e4rmegewinn).<\/p>\n<p>DIe Bezahlung der zus\u00e4tzlichen  2 Tage hier scheint etwas schwierig zu werden, meine Vorschl\u00e4ge f\u00fcr die n\u00e4chsten Tage wurden abgelehnt und gemeint, ich solle es morgen mal um 10 Uhr vormittags probieren, da k\u00f6nnte eine Lieferung am Caf\u00e9 kommen und deshalb jemand da sein &#8230;.<\/p>\n<p><strong>Do, 8.2.2024<\/strong><\/p>\n<p>Kurz vor 10 Uhr also den eiskalten, umst\u00e4ndlichen Weg zum Caf\u00e9 gemacht, &#8220;nat\u00fcrlich&#8221; war da niemand. Nach 11 Uhr ging es aber. Am Skigebiet musste ich eh meine Keycard nachladen und fragte wg. des Tagesgerichts nach, sie meinte Fleisch mit Pilzsauce und R\u00f6stkartoffeln, also a\u00df ich noch hier, bevor ich Ski fuhr.<\/p>\n<p>Bin noch ein paar Offpistevarianten im oberen Bereich gefahren und hab die V\u00e4rmestuga maximal zum Pinkeln benutzt, d.h. war etwas intensiver auf der Piste, war aber auch nicht mehr sooo kalt. Also nur noch -13 oder so. <\/p>\n<p>Quasi zum Abschluss der beste Bydalen-Tag diese Saison.<\/p>\n<p><a href='http:\/\/ski.inmontanis.info\/d\/326478-2\/DSC01130.jpg'><img src=http:\/\/ski.inmontanis.info\/d\/326477-3\/DSC01130.jpg \/><\/a><br \/>\n^ Nochmals das Dagens im Drommen-Restaurant, leider wieder mit Petersilienfetisch<\/p>\n<p><a href='http:\/\/ski.inmontanis.info\/d\/326482-2\/DSC01131.jpg'><img src=http:\/\/ski.inmontanis.info\/d\/326481-3\/DSC01131.jpg \/><\/a><br \/>\n^ SL Parad<\/p>\n<p><a href='http:\/\/ski.inmontanis.info\/d\/326486-2\/DSC01132.jpg'><img src=http:\/\/ski.inmontanis.info\/d\/326485-3\/DSC01132.jpg \/><\/a><br \/>\n^ Offpiste am SL Parad<\/p>\n<p><a href='http:\/\/ski.inmontanis.info\/d\/326490-2\/DSC01133.jpg'><img src=http:\/\/ski.inmontanis.info\/d\/326489-3\/DSC01133.jpg \/><\/a><br \/>\n^ Offpiste am SL Parad<\/p>\n<p><a href='http:\/\/ski.inmontanis.info\/d\/326494-2\/DSC01135.jpg'><img src=http:\/\/ski.inmontanis.info\/d\/326493-3\/DSC01135.jpg \/><\/a><br \/>\n^ SL Tr\u00e4dgr\u00e4ns an der Skibr\u00fccke, da sind die B\u00fcgel fast am Boden<\/p>\n<p><a href='http:\/\/ski.inmontanis.info\/d\/326498-2\/DSC01138.jpg'><img src=http:\/\/ski.inmontanis.info\/d\/326497-3\/DSC01138.jpg \/><\/a><br \/>\n^ SL Tr\u00e4dgr\u00e4ns hat die selben alten Nummernschilder wie die eine St\u00fctze am SL H\u00f6gfj\u00e4ll dar\u00fcber<\/p>\n<p><a href='http:\/\/ski.inmontanis.info\/d\/326502-2\/DSC01140.jpg'><img src=http:\/\/ski.inmontanis.info\/d\/326501-3\/DSC01140.jpg \/><\/a><br \/>\n^ SL Lill Arne mit seinen halbverrosten, blauen St\u00fctzen<\/p>\n<p><a href='http:\/\/ski.inmontanis.info\/d\/326506-2\/DSC01141.jpg'><img src=http:\/\/ski.inmontanis.info\/d\/326505-3\/DSC01141.jpg \/><\/a><br \/>\n^ Blick vom SL Lill Arne zum SL H\u00f6gfj\u00e4ll rechts, SL Tr\u00e4dgr\u00e4ns mittig und SL Langravin links<\/p>\n<p><a href='http:\/\/ski.inmontanis.info\/d\/326510-2\/DSC01142.jpg'><img src=http:\/\/ski.inmontanis.info\/d\/326509-3\/DSC01142.jpg \/><\/a><br \/>\n^ Offpiste rechts vom SL H\u00f6gfj\u00e4ll<\/p>\n<p><a href='http:\/\/ski.inmontanis.info\/d\/326514-2\/DSC01144.jpg'><img src=http:\/\/ski.inmontanis.info\/d\/326513-3\/DSC01144.jpg \/><\/a><br \/>\n^ SL Topp<\/p>\n<p><a href='http:\/\/ski.inmontanis.info\/d\/326518-2\/DSC01147.jpg'><img src=http:\/\/ski.inmontanis.info\/d\/326517-3\/DSC01147.jpg \/><\/a><br \/>\n^ Blick vom SL Drom r\u00fcber zu SL F\u00e4bo links, dem sch\u00f6nen Offpistebereich rechts daneben (werden in ein paar Jahren evtl. lauter H\u00e4user sein?!) und oben in der Sonne die L\u00e5ngravin-Abfahrt in der &#8220;Arschritze&#8221; :)<\/p>\n<p><a href='http:\/\/ski.inmontanis.info\/d\/326522-2\/DSC01149.jpg'><img src=http:\/\/ski.inmontanis.info\/d\/326521-3\/DSC01149.jpg \/><\/a><br \/>\n^ SL Drom, hier verkleinert schaut die Langravin-Abfahrt links noch mehr nach Arschritze aus ;)<\/p>\n<p><a href='http:\/\/ski.inmontanis.info\/d\/326526-2\/ge20240203-08a.jpg'><img src=http:\/\/ski.inmontanis.info\/d\/326525-3\/ge20240203-08a.jpg \/><\/a><br \/>\n^ GPS-Track vorherige Besuche in Gelb, aktuelle 3.-8.2.2024 in Orange bis T\u00fcrkis vom SL Hovde links bis SL Tr\u00e4dgr\u00e4ns rechts<\/p>\n<p><a href='http:\/\/ski.inmontanis.info\/d\/326530-2\/ge20240203-08b.jpg'><img src=http:\/\/ski.inmontanis.info\/d\/326529-3\/ge20240203-08b.jpg \/><\/a><br \/>\n^ GPS-Track vorherige Besuche in Gelb, aktuelle 3.-8.2.2024 in Orange bis T\u00fcrkis am SL Drom und rechts der SL Falkfangar, den man mit einem SL dazwischen sch\u00f6n ans Hauptgebiet anbinden k\u00f6nnte oder h\u00e4tte k\u00f6nnen, bevor nun hier lauter H\u00e4user und H\u00fctten gebaut werden<\/p>\n<p>Neben dem Drom-SL steht ja im unteren, flachen Bereich der SSL, der eine KSSL-Talstation hat, also mit Stange vom Einkuppeln. Allerdings ging der Lift hier wohl nie weiter hinauf als im \u00dcbungsbereich und geh\u00f6rt mit dem SL F\u00e4bo zu den neuesten Liften hier, also fraglich, ob der hier jemals als KSSL in Betrieb war. Vielleicht eine gebrauchte Taltation?!<\/p>\n<p>Hier jedenfalls ein alter Plan ohne SL F\u00e4bo und ohne besagtem SSL, aber mit allen anderen Liften und im oberen Bereich mit ein paar zus\u00e4tzlichen Abfahrtsvarianten zum jetzigen Plan:<\/p>\n<p><a href='https:\/\/images.aftonbladet-cdn.se\/v2\/images\/632cca28-3c01-4fb2-8fae-b89344130802?fit=crop&#038;format=auto&#038;h=707&#038;q=50&#038;w=1200&#038;s=0aaf26bdcce5807f1ebb041bf87c2fa8b6afbc56'>https:\/\/images.aftonbladet-cdn.se\/v2\/images\/632cca28-3c01-4fb2-8fae-b89344130802?fit=crop&#038;format=auto&#038;h=707&#038;q=50&#038;w=1200&#038;s=0aaf26bdcce5807f1ebb041bf87c2fa8b6afbc56<\/a><\/p>\n<p>Hier noch ein altes Bild vom SL-Drom-Bereich, wo die Schneisen oberhalb der aktuellen Bergstation noch mehr nach Pisten ausschauen &#8211; aber keine Ahnung, ob der mal weiter hinauf ging oder ob es da mal noch eine 2. Sektion gab&#8230;:<\/p>\n<p><a href='https:\/\/jlm.kulturhotell.se\/objects\/c60-265255\/?cat=2596&#038;offset=129'>https:\/\/jlm.kulturhotell.se\/objects\/c60-265255\/?cat=2596&#038;offset=129<\/a><\/p>\n<p>&#8212;<\/p>\n<p>Eigentlich wollte ich ja mein Sticker-Bild auf der Startseite &#8220;Stop Nato, USA = War, Peace for Russia&#8221; immer mal wieder wegtun. Gibt ja auch kaum noch Ukraine-Unterst\u00fctzungs-Bildchen auf den diversen Websites, wegen denen ich das gemacht hab. Aber dann kommen  wieder Meldungen in den News, wo ich mir denk, ne, es passt halt weiterhin. Da schw\u00f6ren diverse deutsche Politiker, sogar Gr\u00fcnen-Gr\u00fcnder Fischer, die Deutschen darauf ein, in den Krieg gegen Russland zu ziehen, die Nato f\u00fchrt derzeit ihre gr\u00f6\u00dfte \u00dcbung seit Jahrzehnten durch um sich auf einen Krieg mit Russland vorzubereiten, den nur die USA und\/oder Nato, aber nicht Russland will (gleichzeitig wird Nato-Chef Stoltenberg f\u00fcr den Kriegs- \u00e4h Friedensnobelpreis nominiert), dann f\u00e4ngt die USA mal wieder an, im Nahen Osten rumzubombardieren  &#8230;<\/p>\n<p>Interessant im Hinblick auf USA ist ja, dass im Zuge der Golfkriege durchaus negative Stimmungen in DE gegen die USA als &#8220;Weltpolizei&#8221; gab, selbst wir Sch\u00fcler haben damals nicht ganz legalerweise w\u00e4hrend des Unterrichts demonstriert gegen diesen Einmarsch der USA. Anscheinend wurden dann die Medien noch mehr von den Amis gekauft, dass die negativen Berichte mehr und mehr verschwanden; so wirklich mitverfolgt hab ich das ja auch alles nicht. \u00c4hnlich wie mit den Helmen bei Skifahrern, pl\u00f6tzlich f\u00e4llt es einem auf, dass man fast der einzige mit Stirnband und ohne Helm ist und versteht eigentlich nicht, wer wann warum da in den den anderen K\u00f6pfen rumgewaschen hat.<\/p>\n<p>Interessant wird ja, was die Natol\u00e4nder Ungarn und T\u00fcrkei machen werden, wenn die Nato endlich ihr Wunschziel Russland angreift? Und wohin wird man auswandern k\u00f6nnen? Kann man sich auf die Neutralit\u00e4t \u00d6sterreichs verlassen? Sollte ich doch mal meine Staatsb\u00fcrgerschaft wechseln? Wenn die nur nicht so teuer w\u00e4re. <\/p>\n<p>&#8211; &#8211; &#8211;<\/p>\n<p><a href='https:\/\/orf.at\/#\/stories\/3347613\/'>https:\/\/orf.at\/#\/stories\/3347613\/<\/a><br \/>\n&#8220;Riesige Demo gegen Rechtsextremismus in Berlin&#8221;<br \/>\n-> Heuzutage wird in DE ja schon alles, was nicht der regierenden Ampel-Koaltion entspricht, als &#8220;Rechtsextremismus&#8221;  bezeichnet. Jedenalls h\u00e4tte ansonsten ja diese Demonstrationen keinen SInn, denn dass es in DE ein gro\u00dffl\u00e4chiges Problem mit R. g\u00e4be, soll wohl ein Witz sein. <\/p>\n<p>&#8211;<\/p>\n<blockquote><p>Denn wer keine Fragen mehr stellt und Schwarz-Wei\u00df-Bilder akzeptiert, ist eine leichte Beute f\u00fcr Manipulationen<\/p><\/blockquote>\n<blockquote><p>Irgendwann \u2013 so hoffe ich \u2013 wird den Deutschen klar werden, dass die gro\u00dfen deutschen Medien sie bel\u00fcgen und in der Ukraine kein demokratisches System herrscht, das man unterst\u00fctzen muss. Wie kann ein Land eine Demokratie sein, in der alle Oppositionsmedien und Oppositionsparteien verboten sind, in dem Rechtsradikale ungestraft ein Gewerkschaftshaus anz\u00fcnden und Andersdenkende auf der Stra\u00dfe anfallen und sogar ermorden k\u00f6nnen?<\/p><\/blockquote>\n<p>-> <a href='https:\/\/www.nachdenkseiten.de\/?p=110243'>https:\/\/www.nachdenkseiten.de\/?p=110243<\/a><\/p>\n<p>&#8211;<br \/>\n&#8220;Was geschah wirklich beim Potsdamer \u201eGeheimtreffen\u201c?&#8221;<br \/>\n<a href='https:\/\/www.youtube.com\/watch?v=SowsQx6etBA'>https:\/\/www.youtube.com\/watch?v=SowsQx6etBA<\/a><\/p>\n","protected":false},"excerpt":{"rendered":"<p>Sa, 3.2.2024<\/p>\n<p>Die Nacht verlief wieder sehr st\u00fcrmisch. Ganzer Tag Skifahren wenn wegen Wind nur die unteren SL in Betrieb sind, da k\u00f6nnte man ja hier mal essen gehen? Tagesgericht &#8220;Kotlett&#8221; mit R\u00f6stkartoffel und Bearnaisesauce (sorry, bisher immer falsch geschrieben), h\u00f6rt sich ja gut an. Gibt&#8217;s von 11-14h also evtl fr\u00fcher dran sein weil leerer. <a href=\"http:\/\/blog.inmontanis.info\/?p=9705\">[&#8230;]<\/a><\/p>\n","protected":false},"author":1,"featured_media":9707,"comment_status":"closed","ping_status":"closed","sticky":false,"template":"","format":"standard","meta":{"footnotes":""},"categories":[912,683,19,27],"tags":[91,47],"class_list":["post-9705","post","type-post","status-publish","format-standard","has-post-thumbnail","hentry","category-2023-09-2024-xx-skandinavien","category-bydalen","category-schwedensweden","category-skifahren-winterskiing-winter","tag-graffer","tag-sl","odd"],"_links":{"self":[{"href":"http:\/\/blog.inmontanis.info\/index.php?rest_route=\/wp\/v2\/posts\/9705","targetHints":{"allow":["GET"]}}],"collection":[{"href":"http:\/\/blog.inmontanis.info\/index.php?rest_route=\/wp\/v2\/posts"}],"about":[{"href":"http:\/\/blog.inmontanis.info\/index.php?rest_route=\/wp\/v2\/types\/post"}],"author":[{"embeddable":true,"href":"http:\/\/blog.inmontanis.info\/index.php?rest_route=\/wp\/v2\/users\/1"}],"replies":[{"embeddable":true,"href":"http:\/\/blog.inmontanis.info\/index.php?rest_route=%2Fwp%2Fv2%2Fcomments&post=9705"}],"version-history":[{"count":3,"href":"http:\/\/blog.inmontanis.info\/index.php?rest_route=\/wp\/v2\/posts\/9705\/revisions"}],"predecessor-version":[{"id":9709,"href":"http:\/\/blog.inmontanis.info\/index.php?rest_route=\/wp\/v2\/posts\/9705\/revisions\/9709"}],"wp:featuredmedia":[{"embeddable":true,"href":"http:\/\/blog.inmontanis.info\/index.php?rest_route=\/wp\/v2\/media\/9707"}],"wp:attachment":[{"href":"http:\/\/blog.inmontanis.info\/index.php?rest_route=%2Fwp%2Fv2%2Fmedia&parent=9705"}],"wp:term":[{"taxonomy":"category","embeddable":true,"href":"http:\/\/blog.inmontanis.info\/index.php?rest_route=%2Fwp%2Fv2%2Fcategories&post=9705"},{"taxonomy":"post_tag","embeddable":true,"href":"http:\/\/blog.inmontanis.info\/index.php?rest_route=%2Fwp%2Fv2%2Ftags&post=9705"}],"curies":[{"name":"wp","href":"https:\/\/api.w.org\/{rel}","templated":true}]}}