{"id":9697,"date":"2024-01-27T17:53:40","date_gmt":"2024-01-27T16:53:40","guid":{"rendered":"http:\/\/blog.inmontanis.info\/?p=9697"},"modified":"2024-02-01T18:10:22","modified_gmt":"2024-02-01T17:10:22","slug":"bydalen-inkl-graftavallen-25-27-1-2024","status":"publish","type":"post","link":"http:\/\/blog.inmontanis.info\/?p=9697","title":{"rendered":"Bydalen inkl. Gr\u00e4ft\u00e5vallen, 25.-27.1.2024"},"content":{"rendered":"<p><strong>Do, 25.1.2024<\/strong><\/p>\n<p>Die Schneer\u00e4umung lie\u00df heute fr\u00fch nicht nur am Campingplatz in \u00c5sarna zu w\u00fcnschen \u00fcbrig, auch in Bydalen war zu Mittag weder der untere Parkplatz vorne, noch der hintere an der 8-18h-ge\u00f6ffneten V\u00e4rmestuga ger\u00e4\u00fcmt (5-10cm) und morgen soll es ja  nochmals so viel schneien, was dann also langsam unangenehm wird. <\/p>\n<p>Bis auf den rechten oberen SL waren alle Lifte in Betrieb, wobei man zu Mittag oben wg. Nebel sehr wenig gesehen hat und es auch noch nieselte, was f\u00fcr nasse Kleidung sorgte.  Wobei das sp\u00e4ter aufh\u00f6rte und zum Schluss gab es auch noch minimalst Sonne.<\/p>\n<p>Es gibt Skigebiete, die s\u00e4ubern wohl regelm\u00e4\u00dfig ihre B\u00fcgel, so dass man immer trockene und nicht vereiste B\u00fcgel hat (T\u00e4nn\u00e4s scheint da dazu zu geh\u00f6ren) (&#8220;da dazu zu&#8221;, lustig) und es gibt welche, die versuchen beim B\u00fcgelgeben etwas zu s\u00e4ubern oder machen gar nichts. Hierzu geh\u00f6rt wohl Bydalen, sowohl unten, wie auch oben, hatten die B\u00fcgel eine teils dicke Eisschicht drauf, die ich mit dem Skistecken freiklopfen bzw. freikratzen musste &#8211; mit dem Handschuh hat man nichts bewirken k\u00f6nnen. Klar im Vgl zu Tellerliften sind hier B\u00fcgel im Vorteil, weil man sie ja \u00fcber die Jacke weiter oben nehmen kann. Ist aber weniger bequem auf Dauer.<\/p>\n<p>Mist, heute w\u00e4r Raggmunk das Tagesgericht (125,- mit Salatbuffet, Getr\u00e4nk und Kaffee) im Restaurant Drommen gewesen, aber heute wollte ich ja nicht essen gehen, weil gestern TK-Fertiggericht f\u00fcr heute gekauft f\u00fcr die Mikro und weil ich wg. den offenen Liften oben heute ja lieber diese fahren wollte &#8211; vielleicht einzige Chance in den n\u00e4chsten Tagen ..<\/p>\n<p>(Laut Website gibts da zB auch 90g Hamburger mit Pommes um 85,- und eine Dagens-Pizza wohl auch 125,-, aber auch keine sonderlich berauschende Auswahl &#8211; und nat\u00fcrlich sind das nur die Mittagspreise, abends wirds teurer.)<\/p>\n<p>Nach meiner kurzen Mittagspause in der V\u00e4rmestuga wieder oben angelangt, war dann leider der Topplift geschlossen und ich musste auch den F\u00e4bo-SL fahren, um zum Paradlift und wieder zum Gipfel zu kommen. Als ich sp\u00e4ter die sch\u00f6ne &#8220;schwarze&#8221; Abfahrt zwischen Topp und Parad-SL gefahren bin, die mittlerweile offen ist und von der man leider zu keinem der beiden oberen SL kommt, sondern wieder die unteren Hovde oder F\u00e4bo nehmen muss, entschied ich mich f\u00fcr F\u00e4bo, aber unten angekommen stand dieser, weil wohl mal wieder jemand ggf. absichtlich oder aus Dummheit nicht richtig abgeb\u00fcgelt hat.  Solche Skifahrer sollten dann von den anderen, die unten warten, geohrfeigt werden d\u00fcrfen. Jedenfalls wenn es Absicht war, bl\u00f6d abzub\u00fcgeln.<\/p>\n<p>Sp\u00e4ter fuhr der Topplift wieder (Mittagspause gehabt?!) und die Sicht wurde auch langsam etwas besser, aber um 15h war ja schon wieder Schluss, leider. Erst ab dem WE gibts verl\u00e4ngerte Betriebszeiten.<\/p>\n<p><a href='http:\/\/ski.inmontanis.info\/d\/325986-2\/DSC00883.jpg'><img src=http:\/\/ski.inmontanis.info\/d\/325985-3\/DSC00883.jpg \/><\/a><br \/>\n^ Um 14:50 Uhr gab&#8217;s endlich bisschen Sonne<\/p>\n<p><a href='http:\/\/ski.inmontanis.info\/d\/325990-2\/DSC00892.jpg'><img src=http:\/\/ski.inmontanis.info\/d\/325989-3\/DSC00892.jpg \/><\/a><br \/>\n^ Um 15 Uhr im unteren Bereich<\/p>\n<p><a href='http:\/\/ski.inmontanis.info\/d\/325994-2\/DSC00893.jpg'><img src=http:\/\/ski.inmontanis.info\/d\/325993-3\/DSC00893.jpg \/><\/a><br \/>\n^ Dieser im Plan nicht enthaltene  (private?) Zubringer-Lift war am Samstag tats\u00e4chlich in Betrieb und es fuhren welche rauf<\/p>\n<p>Noch etwas, was heute sehr nervig war, die vielen Schneemobilspuren an einigen Verbindungswegen, teils 4 Spuren nebeneinander und somit gar keine M\u00f6glichkeit mehr, dem zu entkommen. Die Wahl war dann entweder in den tiefen, schmalen Kuven-Furchen h\u00e4ngen zu bleiben (insb. wenn man Schlittschuhschritt machen wollte) oder dazwischen den bremsenden, weil aufgew\u00fchlten, Schnee der Raupenspur zu nehmen &#8230;.)<\/p>\n<p>Skipass hab ich mir mal f\u00fcr 4 Tage aufbuchen lassen, wobei Sonntag eigentlich der unwahrscheinlichste Tag zum abhauen ist, weil dann wieder mehr Wind als am SA gemeldet wird und wenn ich n\u00e4chste Woche Storlien will, sollte ich am SO am Gruvbacken oder in Trillevallen vorbei. Ein sturmschwacher WE-Tag in Trillevallen w\u00e4re wegen des voraussichtlich dann linken ge\u00f6ffneten SL ja auch mal interessant ..<\/p>\n<p>Nach dem Skifahren sprach mich am Parkplatz ein j\u00fcngerer Mann (Schwede? Grieche?!) an und war begeistert von meinem Auto, &#8220;kompakt und Allarad&#8221;, er kannte den ignis noch gar nicht. Glaub er wurde in SE ja auch nie verkauft&#8230;<\/p>\n<p>Der Parkplatz selbst an der hinteren V\u00e4rmestuga war zwar danach ger\u00e4umt, aber die Zufahrt war eher 20cm lockerer Schnee, ging  aber noch zu fahren. <\/p>\n<p><a href='http:\/\/extra.inmontanis.info\/d\/102570-3\/IMG_20240125_160839_2.jpg'><img src=http:\/\/extra.inmontanis.info\/d\/102569-4\/IMG_20240125_160839_2.jpg \/><\/a><br \/>\n^ TK-Fertiggericht: Schnitzel mit Champignonsauce, Kartoffel und Erbsen, vor dem Erhitzen<\/p>\n<p>Bereits nachmittags war das morgige Tagesgericht vom Drommen-Resrtaurant online: Hackfleischauflauf :( Das ist ja jetzt nicht unbedingt sonderlich lohnenswert.  Das andere Restaurant verlangt 155,- und h\u00e4tte laut Wochenplan voraussichtlich Ossobuco mit Gremolata (laut Internet ist das eine Sauce aus Petersilie, mag ich ja  gar nicht) plus angeblich jeden Tag auch K\u00f6ttbullar alternativ (oder zus\u00e4tzlich, falls Buffet). Am Samstag solls griechische Rindfleischspie\u00dfe mit Tzatziki geben, aber wenn da kein Wind ist und ich nach Gr\u00e4ftavallen will, hab ich auch wieder keine Zeit. Und wegen des Andrangs vielleicht gar keine Lust.<\/p>\n<p>Wettervorhersage morgen? 6,5mm Niederschlag in Form von Schnee (10-21:00) und tags\u00fcber 14-30 m\/s Sturm. Daf\u00fcr w\u00e4re nun f\u00fcr n\u00e4chste Woche nicht mehr so viel Schnee gemeldet, weder hier noch in Storlien.<\/p>\n<p>Auch noch eine interessante Info von Bianka, die nachgefragt hat, wegen des kleinen SL gegen\u00fcber ihres Campingplatzes hier n\u00e4he Bydalen: Der Falkfanger-SL soll ja wieder in Betrieb gehen, aber wohl erst am WE Ende KW8. Das w\u00e4re dann 24.2.? Leider viel zu sp\u00f6t f\u00fcr mich, da will ich schon viel weiter im Norden sein. <\/p>\n<p><strong>Fr, 26.1.2024<\/strong> &#8211; Skitag Nr. 75 &#8211; Reisetag Nr. 125<\/p>\n<p>Erst um 11e gab&#8217;s heut einen aktualisierten Schneebericht mit den ge\u00f6ffneten und geschlossenen Liften auf der Homepage. Oben nat\u00fcrlich alles zu, aber immerhin F\u00e4bo als Verbindungslift unten offen. Den braucht man zwar nicht unbedingt von Hovde nach Bydalen, aber in umgekehrter Richtung, wenn die oberen SL zu sind.<\/p>\n<p>Schneefall fing auch kurz nach 11 Uhr an, Wind lie\u00df aber nach, der war nachts st\u00e4rker. Der leichte Schneefall st\u00f6rte heute wie \u00fcblich nicht, der Sturm je nach Abfahrt mal mehr, mal weniger, wobei es eh nicht so kalt war.<\/p>\n<p>Schneeverh\u00e4ltnisse auf den Pisten, wie eigentlich so oft in Schweden, zumindest im Winter, optimal, auch weil (zumindest in den kleinen Skigebieten) so h\u00e4ufig morgens pr\u00e4pariert wird. Dann sind die Pisten weicher.<\/p>\n<p>In Trillevallen musste laut Schneebericht irgendwann im Laufe des Tages sogar der kurze SL wg. Sturm geschlossen werden, so dass nur noch der kurze SSL und das F\u00f6rderband im \u00dcbungsbereich offen waren. Und T\u00e4nn\u00e4s meldet K2-SL bei 8-13 m\/s ge\u00f6ffnet, ja ne is klar, aber am MIttwoch soll zu viel Wind gewesen sein!! Grrr&#8230;.<\/p>\n<p><a href='http:\/\/ski.inmontanis.info\/d\/325998-2\/DSC00894.jpg'><img src=http:\/\/ski.inmontanis.info\/d\/325997-3\/DSC00894.jpg \/><\/a><br \/>\n^ Ein St\u00fcck offener Wald links vom Tr\u00e4dgr\u00e4ns-SL<\/p>\n<p><a href='http:\/\/ski.inmontanis.info\/d\/326002-2\/DSC00899.jpg'><img src=http:\/\/ski.inmontanis.info\/d\/326001-3\/DSC00899.jpg \/><\/a><br \/>\n^ Tr\u00e4dgr\u00e4ns-SL. So unpassend ist die Bezeichnung Ankerlift statt B\u00fcgellift manchmal gar nicht ;)<\/p>\n<p><a href='http:\/\/ski.inmontanis.info\/d\/326006-2\/DSC00900.jpg'><img src=http:\/\/ski.inmontanis.info\/d\/326005-3\/DSC00900.jpg \/><\/a><br \/>\n^ Topplift von der Bergstation SL Hovde aus<\/p>\n<p><a href='http:\/\/ski.inmontanis.info\/d\/326010-2\/DSC00901.jpg'><img src=http:\/\/ski.inmontanis.info\/d\/326009-3\/DSC00901.jpg \/><\/a><br \/>\n^ Bin zur Bergstation SL Hovde aufgestiegen. Der hat ja ein paar Graffer-Portalst\u00fctzen und die Bergstation sah von weiter unten auch nach Graffer aus &#8230;<\/p>\n<p><a href='http:\/\/ski.inmontanis.info\/d\/326014-2\/DSC00902.jpg'><img src=http:\/\/ski.inmontanis.info\/d\/326013-3\/DSC00902.jpg \/><\/a><br \/>\n^ SL Hovde<\/p>\n<p><a href='http:\/\/ski.inmontanis.info\/d\/326018-2\/DSC00903.jpg'><img src=http:\/\/ski.inmontanis.info\/d\/326017-3\/DSC00903.jpg \/><\/a><br \/>\n^ SL Hovde. Die Rundrohr-Variante der Portalst\u00fctzen gef\u00e4llt mir ja besser.<\/p>\n<p><a href='http:\/\/ski.inmontanis.info\/d\/326022-2\/DSC00904.jpg'><img src=http:\/\/ski.inmontanis.info\/d\/326021-3\/DSC00904.jpg \/><\/a><br \/>\n^ Interessant diese Sicherung, wenn das Seil von der Rolle f\u00e4llt oder wof\u00fcr?<\/p>\n<p>Bl\u00f6derweise bin ich um 14:30 nochmals in die V\u00e4rmestuga zum aufw\u00e4rmen, anstatt gleich mit dem SSL \u00fcber den Fluss zum Drom-SL zu fahren und wollte dann erst um 14:50 r\u00fcber, noch etwas am SL bleiben und retour dann im Supermarkt (eher Minimarkt) vorbei Pizza f\u00fcr die Mikrowelle kaufen. Was is? Haufenweise Leute am SSL und SSL steht. Um 14:59 hab ich&#8217;s aufgegeben (Betriebszeit ja nur bis 1500) und bin zum Auto retour. Einmal am Tag, wenn dieser schei\u00df Lift funktionieren soll, tut er es nicht.<\/p>\n<p><a href='http:\/\/ski.inmontanis.info\/d\/326026-2\/DSC00905.jpg'><img src=http:\/\/ski.inmontanis.info\/d\/326025-3\/DSC00905.jpg \/><\/a><br \/>\n^ Da will man einmal diesen schei\u00df SSL \u00fcber den gefrorenen Fluss fahren und dann f\u00e4hrt er kurz vor 15 Uhr nicht mehr, wenn er mal ben\u00f6tigt wird..<\/p>\n<p>Was nun? Mit dem Auto r\u00fcber und noch etwas Ski fahren? Mit dem Auto r\u00fcber und nur zum Minimarkt?  Letzteres.<\/p>\n<p>Obwohl der Schneer\u00e4umer wohl den ganzen Tag herumgefahren ist, die Wege und Parkpl\u00e4tze relativ ger\u00e4umt bzw. befestigt waren, galt das nicht f\u00fcr das Zufahrts-St\u00fcck zwischen Parkplatz und Stra\u00dfe, hier nach wie vor tief aufgew\u00fchlter Schnee, so dass man fast steckenbleibt.  Hatte keine Lust mehr, nach dem einkaufen da wieder reinzufahren, also kaufte ich mir halt keine TK-Pizza f\u00fcr die Mikrowelle, sondern nur Brot und einen Garnelen-Mayonnaise-Salat (eklig, eine ganze 200g Packung zu essen) und fuhr zu den vorderen Liftparkpl\u00e4tzen, bleib aber schneer\u00e4umbedingt direkt an der Stra\u00dfe stehen.<\/p>\n<p>Da mich das alles schon wieder extrem aufregt, ist es fix, dass ich nicht bis Sonntag bleibe, sondern morgen Nachmittag abfahre.<\/p>\n<p>Bei den Aussichten f\u00fcr n\u00e4chste Woche (Sturm, Schnee) h\u00e4tte ich wohl doch nach S\u00fcden Skistar S\u00e4len fahren sollen&#8230;. <\/p>\n<p><strong>Sa, 27.1.2024<\/strong><\/p>\n<p>Klarerweise war der heutige Nachtplatz lauter als der gestrige, ab den fr\u00fchen Morgenstunden Pistenpr\u00e4parierung, Schneer\u00e4umung und ein paar lautere Fahrzeuge, die vorbei fuhren, abr immerhin kein R\u00fcckw\u00e4rtsfahrgepiepse.<\/p>\n<p>Trillevallen war morgens recht fr\u00fch dran und meldete voraussichtlich nur die 4SB wg. Wind au\u00dfer Betrieb, was f\u00fcr morgen also hoffentlich ebenso gelten sollte.  Und auch der allgemeine Schneebericht f\u00fcr Bydalen  meldet mit 7:50 alle Lifte in Betrieb? Zweifel ..<\/p>\n<p>Um 9:30 wurde der Tr\u00e4dgr\u00e4ns-SL f\u00fcr mich als ersten Fahrgast eingeschaltet. Sollten die oberen SL heute laufen, w\u00fcrd ich sie eh erst einmal fahren wollen, bevor ich Gr\u00e4ftavallen r\u00fcber fahren w\u00fcrde. Und wenn die nicht offen sind, wird auch G. nichts gehen und ich hier bleiben. <\/p>\n<p>Um 10:15 war der Schneebericht online, demnach tats\u00e4chlich alle Lifte offen, wobei um 10 Uhr die oberen noch nicht alle liefen. Ab heute sind die Lifte nun bis 15:30 Uhr ge\u00f6ffnet.<\/p>\n<p>Oben dann jedenfalls starker Wind, am WE scheint die Windschmerzgrenze bei den Liften wohl immer etwas h\u00f6her zu liegen als unter der Woche, wenn nichts los ist. Jedenfalls machte es weniger Spa\u00df als beim Nebel am Donnerstag, denn viel besser hat man heute durch den aufgewirbelten Schnee den Boden auch nicht gesehen.<\/p>\n<p><a href='http:\/\/ski.inmontanis.info\/d\/326030-2\/DSC00907.jpg'><img src=http:\/\/ski.inmontanis.info\/d\/326029-3\/DSC00907.jpg \/><\/a><br \/>\n^ Erster Skifahrer heute im SL Tr\u00e4dgr\u00e4ns<\/p>\n<p><a href='http:\/\/ski.inmontanis.info\/d\/326034-2\/DSC00910.jpg'><img src=http:\/\/ski.inmontanis.info\/d\/326033-3\/DSC00910.jpg \/><\/a><br \/>\n^ Geschlossene Schneedecke auf einer Fachwerkportalst\u00fctze<\/p>\n<p><a href='http:\/\/ski.inmontanis.info\/d\/326038-2\/DSC00912.jpg'><img src=http:\/\/ski.inmontanis.info\/d\/326037-3\/DSC00912.jpg \/><\/a><br \/>\n^ Im Flachland w\u00e4r das Wetter mal wieder sch\u00f6ner<\/p>\n<p><a href='http:\/\/ski.inmontanis.info\/d\/326042-2\/DSC00914.jpg'><img src=http:\/\/ski.inmontanis.info\/d\/326041-3\/DSC00914.jpg \/><\/a><br \/>\n^ Windschief<\/p>\n<p><a href='http:\/\/ski.inmontanis.info\/d\/326046-2\/DSC00915.jpg'><img src=http:\/\/ski.inmontanis.info\/d\/326045-3\/DSC00915.jpg \/><\/a><br \/>\n^ Der kleine Husky an der Talstation SL Parad hat etwas rumgebellt und gezittert, sp\u00e4ter durfte er wieder ins Haus<\/p>\n<p><a href='http:\/\/ski.inmontanis.info\/d\/326050-2\/DSC00916.jpg'><img src=http:\/\/ski.inmontanis.info\/d\/326049-3\/DSC00916.jpg \/><\/a><br \/>\n^ Die sch\u00f6ne Abfahrt zwischen SL Topp und Parad, wo man aber erst zur Talstation Hovde oder F\u00e4bo muss, um wieder zu SL Topp oder Parad zu kommen<\/p>\n<p><a href='http:\/\/ski.inmontanis.info\/d\/326054-2\/DSC00917.jpg'><img src=http:\/\/ski.inmontanis.info\/d\/326053-3\/DSC00917.jpg \/><\/a><br \/>\n^ 2 Erwachsene und 3 Kinder an einem B\u00fcgel, respekt.<\/p>\n<p><a href='http:\/\/ski.inmontanis.info\/d\/326058-2\/ge20240125-27.jpg'><img src=http:\/\/ski.inmontanis.info\/d\/326057-3\/ge20240125-27.jpg \/><\/a><br \/>\n^ GPS-Track vorherige Besuche in Gelb und die aktuellen 3 Tage in Orange, Magenta, T\u00fcrkis<\/p>\n<p>Um 12:00 h\u00f6rte ich auf und fuhr nach Gr\u00e4ft\u00e5vallen. Dort nat\u00fcrlich noch mehr Sturm, aber als ich ankam, alle Lifte in Betrieb. Der rechte wurde aber bald eingestellt und am linken, der ja neu f\u00fcr mich war, war man schnell durch mit den Abfahrtsvarianten, wobei es schon auch erstaunlich war, dass der Lift noch fuhr, so wie es am Ausstieg gest\u00fcrmt hatte. Hab um 14 Uhr aufgeh\u00f6rt, w\u00e4r ja gern noch den rechten SL ein paar Mal gefahren &#8230;.<\/p>\n<p><a href='http:\/\/ski.inmontanis.info\/d\/326062-2\/DSC00919.jpg'><img src=http:\/\/ski.inmontanis.info\/d\/326061-3\/DSC00919.jpg \/><\/a><br \/>\n^ Schmale Zufahrt zum Skigebiet Gr\u00e4ft\u00e5vallen, das skigebietsm\u00e4\u00dfig zu Bydalen geh\u00f6rt<\/p>\n<p><a href='http:\/\/ski.inmontanis.info\/d\/326066-2\/DSC00920.jpg'><img src=http:\/\/ski.inmontanis.info\/d\/326065-3\/DSC00920.jpg \/><\/a><br \/>\n^ Viel Schnee im Wohnmobilpark<\/p>\n<p><a href='http:\/\/ski.inmontanis.info\/d\/326070-2\/DSC00921.jpg'><img src=http:\/\/ski.inmontanis.info\/d\/326069-3\/DSC00921.jpg \/><\/a><br \/>\n^ Rechter SL<\/p>\n<p><a href='http:\/\/ski.inmontanis.info\/d\/326074-2\/DSC00923.jpg'><img src=http:\/\/ski.inmontanis.info\/d\/326073-3\/DSC00923.jpg \/><\/a><br \/>\n^ Linker SL (\u00d6st)<\/p>\n<p><a href='http:\/\/ski.inmontanis.info\/d\/326078-2\/DSC00925.jpg'><img src=http:\/\/ski.inmontanis.info\/d\/326077-3\/DSC00925.jpg \/><\/a><br \/>\n^ Abfahrt am linken SL<\/p>\n<p><a href='http:\/\/ski.inmontanis.info\/d\/326082-2\/DSC00926.jpg'><img src=http:\/\/ski.inmontanis.info\/d\/326081-3\/DSC00926.jpg \/><\/a><br \/>\n^ Coole alte Talstation am linken SL<\/p>\n<p><a href='http:\/\/ski.inmontanis.info\/d\/326086-3\/DSC00928.jpg'><img src=http:\/\/ski.inmontanis.info\/d\/326085-4\/DSC00928.jpg \/><\/a><br \/>\n^ Linker SL<\/p>\n<p><a href='http:\/\/ski.inmontanis.info\/d\/326090-3\/DSC00929.jpg'><img src=http:\/\/ski.inmontanis.info\/d\/326089-4\/DSC00929.jpg \/><\/a><br \/>\n^ Bergstation linker SL<\/p>\n<p><a href='http:\/\/ski.inmontanis.info\/d\/326094-3\/DSC00930.jpg'><img src=http:\/\/ski.inmontanis.info\/d\/326093-4\/DSC00930.jpg \/><\/a><br \/>\n^ Flachlandpano<\/p>\n<p><a href='http:\/\/ski.inmontanis.info\/d\/326098-3\/DSC00931.jpg'><img src=http:\/\/ski.inmontanis.info\/d\/326097-4\/DSC00931.jpg \/><\/a><br \/>\n^ Pano in die andere Richtung<\/p>\n<p><a href='http:\/\/ski.inmontanis.info\/d\/326102-3\/DSC00932.jpg'><img src=http:\/\/ski.inmontanis.info\/d\/326101-4\/DSC00932.jpg \/><\/a><br \/>\n^ Beide SL zu sehen<\/p>\n<p><a href='http:\/\/ski.inmontanis.info\/d\/326106-3\/DSC00933.jpg'><img src=http:\/\/ski.inmontanis.info\/d\/326105-4\/DSC00933.jpg \/><\/a><br \/>\n^ Linker SL hat orangene Mini-Kurzb\u00fcgel, blaue mittelkurze B\u00fcgel, orangene und vielleicht auch noch blaue Langb\u00fcgel<\/p>\n<p><a href='http:\/\/ski.inmontanis.info\/d\/326110-3\/DSC00934.jpg'><img src=http:\/\/ski.inmontanis.info\/d\/326109-4\/DSC00934.jpg \/><\/a><br \/>\n^ Variante am linken SL<\/p>\n<p><a href='http:\/\/ski.inmontanis.info\/d\/326114-3\/DSC00935.jpg'><img src=http:\/\/ski.inmontanis.info\/d\/326113-4\/DSC00935.jpg \/><\/a><br \/>\n^ Talstation linker SL<\/p>\n<p><a href='http:\/\/ski.inmontanis.info\/d\/326118-3\/DSC00936.jpg'><img src=http:\/\/ski.inmontanis.info\/d\/326117-4\/DSC00936.jpg \/><\/a><br \/>\n^ Abfahrt am rechten SL, der mittlerweile leider wg. Sturm geschlossen ist<\/p>\n<p><a href='http:\/\/ski.inmontanis.info\/d\/326122-3\/ge20240127b.jpg'><img src=http:\/\/ski.inmontanis.info\/d\/326121-4\/ge20240127b.jpg \/><\/a><br \/>\n^ GPS-Tracks Gr\u00e4ft\u00e5vallen 27.1.2024 in T\u00fcrkis, vorheriger Besuch in Gelb. Wenn beide SL laufen und nicht wegen Wind oder Schneemangel stehen, kann man es auch 2-3 Stunden aushalten hier.<\/p>\n<p>Wie geht&#8217;s weiter? Morgen Trillevallen, hoffentlich endlich mal den linken SL fahren k\u00f6nnen. Und dann schwierig. MO-MI w\u00e4re Storlien OK, aber f\u00fcr DO werden dzt. 20mm Niederschlag gemeldet. Bei -3\u00b0 werden das aber wohl nur ca. 20-30cm und keine 40-60, ,das w\u00e4r mir auch am Stellplatz sonst zu viel. Freitag nochmals 11mm. K\u00f6nnte sich nat\u00fcrlich noch \u00e4ndern, schlimmer oder weniger  schlimm werden. <\/p>\n<p>Nur wegen MO-MI extra nach Storlien zu fahren, w\u00e4re ansonsten ja fraglich. Ganze Woche Trillevallen (dort DO+FR 13+5mm gemeldet) w\u00e4r mir aber vielleicht zu viel, wobei es ein paar km entfernt einen offenen Campingplatz geben k\u00f6nnte.<\/p>\n<p><a href='http:\/\/extra.inmontanis.info\/d\/102574-3\/DSC00938.jpg'><img src=http:\/\/extra.inmontanis.info\/d\/102573-4\/DSC00938.jpg \/><\/a><br \/>\n^ See nicht gefroren und hinten der Areskutan in der Abendsonne<\/p>\n<p>Die beiden Tankstellen in J\u00e4rpen taugen leider nicht zum essen, beide haben nur Hotdogs. H\u00e4tte ich da mal vorher nachgeschaut vor dem Supermarkt, aber ein TK-Gericht h\u00e4tte ich mir heut Nachmittag nicht kaufen wollen, ist zu nervig zum Aufw\u00e4rmen im Topf, wenn es so gefroren ist. <\/p>\n<p>Nachdem ich nach einem Hotdog logischerweise nicht satt war, die andere Tankstelle auch nix anderes hatte, bin ich noch am Bahnhofs-Imbiss vorbei, das von einer alten Asiatin gef\u00fchrt wird, die wohl auch nur sehr schlecht schwedisch spricht ;)   <\/p>\n<p>Preis f\u00fcr Portion Pommes stand nicht da, bei den Burgern stand auch \u00fcberall nur der Men\u00fcpreis da (129,-), aber das heutige Abend-Tagesgericht war ein 150g-BBQ-Bacon-Burger mit Pommes und Getr\u00e4nkedose um 99,-, also nahm ich eben das und a\u00df es innen, klarerweise war das etwas viel nach dem Hotdog.<\/p>\n<p>Wochentags bekommt man mitags um 95,- das Tagesgericht. Bis auf Mittwoch (Jalapenoburger) k\u00f6nnt ich mich wohl jeden Tag mit dem Nachmittags\/Abend-Spezialgericht um 99,- anfreunden, glaub am Freitag gab&#8217;s Kartoffelpfanne und am Sonntag Kebabteller.<\/p>\n<p>2 frittierte Zwiebelringe waren auch noch mit drauf. aber manno war ich dann voll. Gut, dass mein WC-Wasser wohl mittlerweile wieder aufgetaut sein d\u00fcrfte, k\u00f6nnte sp\u00e4testens morgen fr\u00fch n\u00f6tig sein, bei so einem Abendessen ;)<\/p>\n<p><a href='http:\/\/extra.inmontanis.info\/d\/102578-3\/IMG_20240127_164553_6.jpg'><img src=http:\/\/extra.inmontanis.info\/d\/102577-4\/IMG_20240127_164553_6.jpg \/><\/a><br \/>\n^ In J\u00e4rpen<\/p>\n<p><a href='http:\/\/extra.inmontanis.info\/d\/102582-3\/IMG_20240127_164801_7.jpg'><img src=http:\/\/extra.inmontanis.info\/d\/102581-4\/IMG_20240127_164801_7.jpg \/><\/a><br \/>\n^ BBQ-Bacon-Burger im Men\u00fc mit Pommes und Cola zum Samstags-Spezialpreis um 99,- also unter 9 \u20ac.<\/p>\n<p><a href='http:\/\/extra.inmontanis.info\/d\/102586-3\/DSC00940.jpg'><img src=http:\/\/extra.inmontanis.info\/d\/102585-4\/DSC00940.jpg \/><\/a><br \/>\n^ .. und das n\u00e4chste Teil, was am Schuhtrockner kaputt ist bzw. der Kleber nicht mehr h\u00e4lt, scheint hier ja nur geklebt zu sein. Hab mal Gewebeband rum, mal schaun, ob das bei der Hitze h\u00e4lt.<\/p>\n<p>Auto-Thermometer zeigte heute Abend drau\u00dfen +4\u00b0 an, na sowas!<\/p>\n<p>Um 1:30 wurde in Trillevallen mit der Pistenpr\u00e4parierung angefangen &#8211; hatte leider vergessen, dass ich wegen WE auch am unteren Parkplatz \/ SL h\u00e4tte steheen k\u00f6nnen &#8211; der l\u00e4uft ja derzeit auch nur am WE bis ca. 11 Uhr.<\/p>\n<p>&#8211; &#8211; &#8211;<\/p>\n<p>&#8220;Die AfD tritt richtigerweise f\u00fcr gute Beziehungen Deutschlands mit Russland ein. [&#8230;]   Doch ein Blick hinter die Fassade zeigt, die AfD bef\u00fcrwortet Aufr\u00fcstung, Krieg und NATO-Erweiterung.&#8221;<br \/>\n<a href='https:\/\/www.nachdenkseiten.de\/?p=109951'>https:\/\/www.nachdenkseiten.de\/?p=109951<\/a><\/p>\n","protected":false},"excerpt":{"rendered":"<p>Do, 25.1.2024<\/p>\n<p>Die Schneer\u00e4umung lie\u00df heute fr\u00fch nicht nur am Campingplatz in \u00c5sarna zu w\u00fcnschen \u00fcbrig, auch in Bydalen war zu Mittag weder der untere Parkplatz vorne, noch der hintere an der 8-18h-ge\u00f6ffneten V\u00e4rmestuga ger\u00e4\u00fcmt (5-10cm) und morgen soll es ja nochmals so viel schneien, was dann also langsam unangenehm wird. <\/p>\n<p>Bis auf den <a href=\"http:\/\/blog.inmontanis.info\/?p=9697\">[&#8230;]<\/a><\/p>\n","protected":false},"author":1,"featured_media":9699,"comment_status":"closed","ping_status":"closed","sticky":false,"template":"","format":"standard","meta":{"footnotes":""},"categories":[912,683,671,19,27],"tags":[91,45,47],"class_list":["post-9697","post","type-post","status-publish","format-standard","has-post-thumbnail","hentry","category-2023-09-2024-xx-skandinavien","category-bydalen","category-graftavallen","category-schwedensweden","category-skifahren-winterskiing-winter","tag-graffer","tag-see","tag-sl","odd"],"_links":{"self":[{"href":"http:\/\/blog.inmontanis.info\/index.php?rest_route=\/wp\/v2\/posts\/9697","targetHints":{"allow":["GET"]}}],"collection":[{"href":"http:\/\/blog.inmontanis.info\/index.php?rest_route=\/wp\/v2\/posts"}],"about":[{"href":"http:\/\/blog.inmontanis.info\/index.php?rest_route=\/wp\/v2\/types\/post"}],"author":[{"embeddable":true,"href":"http:\/\/blog.inmontanis.info\/index.php?rest_route=\/wp\/v2\/users\/1"}],"replies":[{"embeddable":true,"href":"http:\/\/blog.inmontanis.info\/index.php?rest_route=%2Fwp%2Fv2%2Fcomments&post=9697"}],"version-history":[{"count":2,"href":"http:\/\/blog.inmontanis.info\/index.php?rest_route=\/wp\/v2\/posts\/9697\/revisions"}],"predecessor-version":[{"id":9700,"href":"http:\/\/blog.inmontanis.info\/index.php?rest_route=\/wp\/v2\/posts\/9697\/revisions\/9700"}],"wp:featuredmedia":[{"embeddable":true,"href":"http:\/\/blog.inmontanis.info\/index.php?rest_route=\/wp\/v2\/media\/9699"}],"wp:attachment":[{"href":"http:\/\/blog.inmontanis.info\/index.php?rest_route=%2Fwp%2Fv2%2Fmedia&parent=9697"}],"wp:term":[{"taxonomy":"category","embeddable":true,"href":"http:\/\/blog.inmontanis.info\/index.php?rest_route=%2Fwp%2Fv2%2Fcategories&post=9697"},{"taxonomy":"post_tag","embeddable":true,"href":"http:\/\/blog.inmontanis.info\/index.php?rest_route=%2Fwp%2Fv2%2Ftags&post=9697"}],"curies":[{"name":"wp","href":"https:\/\/api.w.org\/{rel}","templated":true}]}}