{"id":9692,"date":"2024-01-24T18:09:31","date_gmt":"2024-01-24T17:09:31","guid":{"rendered":"http:\/\/blog.inmontanis.info\/?p=9692"},"modified":"2024-01-31T18:19:39","modified_gmt":"2024-01-31T17:19:39","slug":"sturmtage-in-und-vor-tannas-21-24-1-2024","status":"publish","type":"post","link":"http:\/\/blog.inmontanis.info\/?p=9692","title":{"rendered":"Sturmtage in und vor T\u00e4nn\u00e4s, 21.-24.1.2024"},"content":{"rendered":"<p><strong>So, 21.1.2024<\/strong><\/p>\n<p>Von den 4 Skigebieten auf dem Weg fielen 2 wg. unbekanntem Status aus, blieben Tydal oder \u00c5len, letzteres h\u00e4tte wohl einen l\u00e4ngeren SL und ca. doppelt so viel H\u00f6henmeter, ersteres dagegen sah auf dem Satbild interessanter aus, war von Dombas aber noch ca. 250km und 3-4h entfernt.<br \/>\n(In Stranda heute Vormittag lediglich 4KSB+Tellerlift offen wg. Wind mit Option auf Schlie\u00dfung der 4KSB.)<\/p>\n<p>H\u00e4tte gern noch ein paar Mohnsemmeln eingekauft, die mit ca. 0,40 \u20ac in Norwegen zu bekommen sind, aber gestern im Bunnpris nicht und heute im Extra auch nicht &#8211; und zum Rema1000 wollte ich nicht auch noch. Stattdessen ein paar Vortagssemmeln im Extra um 2,58 NOK, eh egal, bei mir sind die Semmeln ja auch immer ein paar Tage im Plastikbeutel.<\/p>\n<p>Weshalb ich auch nochmals heute zum Extra ging, weil ich noch eine Packung Sylte kaufen wollte und die g\u00fcnstigen Xtra-Produkte gibts bei Coop&#038;Extra, aber hier heute nicht, also die teurere Packung um 25,- pro 100g gekauft.  Sylte ist geschmacklich und aussehensm\u00e4\u00dfig vielleicht \u00e4hnlich wie Presssack in DE oder Bauernpresswurst in AT, allerdings so gut wie keine S\u00fclze, geschmacklich aber deftig (nicht scharf) gew\u00fcrzt.<\/p>\n<p>Auf das Skigebiet bei R\u00f8ros hatte ich keine Lust, weil es so uninteressant aussah, aber als ich kurz vor der Abzweigung nach Tydal war, w\u00e4ren es laut Navi dorthin 50km, also H+R 100km Umweg, soll ich mir das echt antun?? Sonntags g\u00e4bs dort die Tageskarte zum Halbtagespreis, wobei ich eh erst nach 12 Uhr dort w\u00e4re. Bis ich noch rum\u00fcberlegte, w\u00e4re die Ankunftszeit 12:20 gewesen, Skibetrieb bis 1500&#8230;.<\/p>\n<p>.. leider dann doch entschieden, hin zu fahren und nach 30km wieder umgekehrt, weil ich nicht mehr wusste, dass man hier ja \u00fcber ein Fjell fahren musst und bei dem Sturm heute hei\u00dft das ungem\u00fctliche Schneeverwehungen auf der Stra\u00dfe. Als die Stra\u00dfe nur noch wei\u00df war, man nicht mehr die H\u00f6he der Schneewehen gesehen hatte, vielleicht schon ziemlich am Ende des Fjell\u00fcbergangs, bin ich eben doch noch umgekehrt. Hinter mir war zwar irgendwann das Stra\u00dfenr\u00e4umfahrzeug, aber ich m\u00fcsste ja nach dem Skifahren auch wieder retour und da wird&#8217;s dann wieder schlimmer sein, keine Lust auf diesen Stress.<\/p>\n<p><a href='http:\/\/extra.inmontanis.info\/d\/102542-2\/DSC00867.jpg'><img src=http:\/\/extra.inmontanis.info\/d\/102541-3\/DSC00867.jpg \/><\/a><br \/>\n^ Fluss in Norwegen<\/p>\n<p><a href='http:\/\/extra.inmontanis.info\/d\/102546-2\/DSC00869.jpg'><img src=http:\/\/extra.inmontanis.info\/d\/102545-3\/DSC00869.jpg \/><\/a><br \/>\n^ Ri. Tydal muss man leider \u00fcber den Berg fahren<\/p>\n<p><a href='http:\/\/extra.inmontanis.info\/d\/102550-3\/DSC00871.jpg'><img src=http:\/\/extra.inmontanis.info\/d\/102549-4\/DSC00871.jpg \/><\/a><br \/>\n^ .. wurde mir wenig sp\u00e4ter zu ungem\u00fctlich, nachdem ich einige schon etwas h\u00f6here Schneeverwehungen durchfahren hatte und die Stra\u00dfe komplett wei\u00df war und man gar nichts mehr absch\u00e4tzen konnte<\/p>\n<p><a href='http:\/\/extra.inmontanis.info\/d\/102554-3\/DSC00872.jpg'><img src=http:\/\/extra.inmontanis.info\/d\/102553-4\/DSC00872.jpg \/><\/a><br \/>\n^ Ganz oben stand dieses Gef\u00e4hrt<\/p>\n<p>T\u00e4nn\u00e4skr\u00f6ket war dann zeitlich nat\u00fcrlich auch nicht mehr sinnvolll anzufahren (ca. 1400, Liftbetrieb -1500 und ich m\u00fcsste vorher ja noch einkaufen, wenn ich mehrere Tage am CP stehen m\u00f6chte), 450,- f\u00fcr eine 2h Karte in T\u00e4nndalen oder Fun\u00e4sdalen w\u00fcrd ich nat\u00fcrlich auch nicht bezahlen wollen und auf den kleinen SL dazwischen hab ich auch keine Lust.<\/p>\n<p>Danach doch entschlossen, es probieren zu wollen f\u00fcr ein halbes, dreiviertel St\u00fcndchen, da K2-SL heut offen sein soll, aber was ist? Nach dem Einkauf um 13:30 den aktualisierten Schneebericht angesehen und: K2-SL nun geschlossen. Dann kann ich auch gleich ganz verzichten heute und noch in einem der beiden gro\u00dfen S\u00fc\u00dfigkeitskioske in Fun\u00e4sdalen bzw. nach T\u00e4nndalen halten und irgendwo freistehen und morgen fr\u00fch ins Parkhaus. Freistehen wg. Sturm und Schneefall nachts vielleicht auch nicht so optimal &#8230;<\/p>\n<p>Schei\u00dftag Nummer 3 diese Woche, so eine dumme Idee mit diesem Norwegenausflug und ca. 2.000km Autofahrt. Und dann auch noch an einem Sonntag nicht skigefahren, der so wichtig w\u00e4re, wenn die Skigebiete unter der Woche nicht offen haben. Bin sowas von angepisst, nat\u00fcrlich auch \u00fcber meine falschen Entscheidungen heute.<\/p>\n<p>Der neue Godisfabriken-Shop (an der ehemaligen kleinen Tankstelle in Fun\u00e4sdalen) ist im Vgl. auch sehr klein, da ist der andere Shop nahe T\u00e4nndalen wohl gr\u00f6\u00dfer. Und mit knapp 10 SEK \/ 100g auch nicht mehr so g\u00fcnstig. Am Parkplatz wollte mir eine Norwegerin Bierdosen schenken, weil sie zu viel gekauft hat und keinen Zoll an der Grenze zahlen wollte, falls sie erwischt werden w\u00fcrde. Sie fand dann bald einen anderen.<\/p>\n<p>Schlussendlich doch wieder retour nach T\u00e4nndalen gefahren und dort am Skigebietsparkplatz \u00fcbernachtet. H\u00e4tte ich mir das Einkaufen in Fun\u00e4sdalen heut auch sparen (und morgen machen) k\u00f6nnen.<\/p>\n<p>F\u00fcr die n\u00e4chsten 2 Tage wird im Gipfelbereich auch in T\u00e4nn\u00e4s wieder wohl zu viel Wind f\u00fcr den K2-SL gemeldet, Hoffnung liegt dann also auf Mittwoch.<\/p>\n<p>Einer meiner USB-Heizhausschuheinlagen heizt auch nicht mehr seit einiger Zeit, heute mal \u00fcberpr\u00fcft, es ist nicht die Einlage, sondern das Kabel, aber man sieht nirgends eine Besch\u00e4digung und es gibt auch keinen Wackelkontakt. Im USB-Stecker schauts aber etwas br\u00e4unlich aus &#8230;<\/p>\n<p>Rauher Hals ist auch wieder da, entweder weil zu wenig getrunken in letzter Zeit oder zu trockene Luft oder die monatliche Erk\u00e4ltung weil  schon wieder zu viel Schimmel irgendwo?! Kann aber eigentlich jetzt noch nicht sein. Entwickelte sich dann auch zu einem leichten Schnupfen und war in ca. 1 Woche wieder weg.<\/p>\n<p>Frischwasser konnte ich auch nicht auf\u00fcllen (zum Reinigen von Besteck, Kochtopf, Zahnb\u00fcrste) und sp\u00e4ter vergessen, das riecht jetzt auch schon etwas angeschimmelt.<\/p>\n<p>1 Schnitzel ist noch \u00fcbrig, was dazu? Nudeln klar, aber .. Sahnetomatenso\u00dfe? Will ich ab morgen 3 Tage mit dem restlichen Speck machen, der ja mittlerweile abgelaufen ist, aber vmtl. reicht der Speck besser f\u00fcr 2 Portionen und die Sahne f\u00fcr 4. Sahnechampignonso\u00dfe? Zwar eine kleine Champignondose mitgenommen, aber vielleicht trotzdem etwas viel alles? Britisches, braunes So\u00dfenpulver? Dieses genommen plus etwas Sahne dazu. War durchaus OK.<\/p>\n<p>Thema Parkgeb\u00fchren in Stranda, auf der Website des Parkly-Betreibers kann mein Kennzeichen nicht gefunden werden. Evtl. bin ich ja am ersten Tag durch die Anwesenheit des Servicefahrzeugs gratis reingefahren, aber wenigstens das Rausfahren und somit 1 Tag sollte ja gecheckt worden sein? Also wieder einmal eine Mail an den Support schicken m\u00fcssen, damit ich da keine Rechnung bekomme, die ich erst Monate sp\u00e4ter werde lesen k\u00f6nnen. Paar Tage sp\u00e4ter kam die Antwort, Kennzeichen wurde vom System mal wieder nicht erfasst, gratis Parken. Ist mir somit nun schon zum zweiten Mal in NO passiert. <\/p>\n<p>Liftparkplatz im Winter = Gepiepse der Pistenraupe nachts, aber auch Schneer\u00e4umung um 6:15. Klar, lieber Schneer\u00e4umung um 6 Uhr als gar keine. <\/p>\n<p>Ein Grund, in T\u00e4nn\u00e4s die ganze Woche zu bleiben, w\u00e4re ja, wenn der oder die Vargen-Lift(e)  neben Skistar-Vemdalsskalet am WE \u00f6ffnen w\u00fcrden. Da sich die Homepage ausschweigt, mal per EMail nachgefragt, da hie\u00df es auch nur, sie hoffen, dass sie &#8220;bald&#8221; \u00f6ffnen k\u00f6nnen. Also wohl nicht n\u00e4chstes WE, schade. <\/p>\n<p><strong>Mo, 22.1.2024<\/strong><\/p>\n<p>Schnebeericht meldete am Vormittag mehr Wind als gestern &#8211; und somit nat\u00fcrlich K2-SL wieder geschlossen. Wie so h\u00e4ufig, in Fun\u00e4sdalen angeblich Vollbetrieb. Als ich sp\u00e4ter vom Parkhaus unter der EUB wegfuhr, lief sie aber doch nicht. Den Schneebericht auf https:\/\/funasfjallen.se\/funasfjallen-idag\/ darf man f\u00fcr Fun\u00e4sdalen also wohl nicht zu ernst nehmen. T\u00e4nndalen und T\u00e4nn\u00e4skr\u00f6ket dagegen schien mir bisher stets aktuell.<\/p>\n<p>In Bydalen heut nicht nur die oberen Lifte zu, sondern sogar der F\u00e4bo-SL, also der in der Mitte. Ohne dem ist die Verbindung zwischen den beiden Seiten ja noch etwas schwieriger&#8230;<\/p>\n<p>Warum ich trotz Wind, geschlossenem SL, stillgelegter DSB schon wieder ein paar Tage in T\u00e4nn\u00e4s verbringe? Weil Saisonkarte und Campingplatz  am Skigebiet, womit ich wenigstens mal wieder Strom hab und nicht rumfahren muss, auch wenn heute die Temperaturen bei um die -1\u00b0 ja nicht so kalt sind.<\/p>\n<p>Leider heute nicht so sch\u00f6n wie vor 2 Wochen, da Windverwehungen auf den unpr\u00e4parierten St\u00fccken, windgepresster Bruchschnee auf den Offpistevarianten, auch im offeren Wald, da noch kaum einer untwegs war, bremsender Neuschnee in den flachen St\u00fccken und auch noch Gegenwind auf der Abfahrt.. <\/p>\n<p>Somit heute wohl der erste Pappschnee meiner heurigen Saison. Die Stellpl\u00e4tze am Campingplatz waren auch nicht frisch ger\u00e4umt.<\/p>\n<p><a href='http:\/\/extra.inmontanis.info\/d\/102558-3\/DSC00875.jpg'><img src=http:\/\/extra.inmontanis.info\/d\/102557-4\/DSC00875.jpg \/><\/a><br \/>\n^ Verkrustungs-Schicht am Auto<\/p>\n<p><a href='http:\/\/extra.inmontanis.info\/d\/102562-3\/DSC00876.jpg'><img src=http:\/\/extra.inmontanis.info\/d\/102561-4\/DSC00876.jpg \/><\/a><br \/>\n^ Paar Riegel aus CZ hab ich auch noch<\/p>\n<p>Heute endlich mal den Austausch-Schuhheizer getestet, kann nat\u00fcrlich daran liegen, dass es nicht so kalt ist, aber ich meine, dass er auf Heizstufe 3\/3 + L\u00fcfterstufe 3\/5 nie so hei\u00df geblasen hat und nun auch endlich die anderen Heizstufen sp\u00fcrbar besser funktionieren. Allerdings wird er heute ja eh nicht so oft gebraucht werden.<\/p>\n<p>Was eigentlich auch mal wieder auf dem Plan st\u00fcnde wegen warmer Temperaturen und Campingplatz: Kofferrraum hinter\/unter Schrank mal wieder ausr\u00e4umen und schauen, ob da jetzt ein Kondenswassersee ist oder nicht.<\/p>\n<p>See war zwar keiner, aber noch etwas Eis, insb. an der braunen Jeans war Eis, am Boden auch, wobei sich der &#8220;Schnee&#8221; dort unten als Silika-Katzenstreu-Mehl entpuppt hatte, hat sich durch&#8217;s Fahren wohl abgerieben.<\/p>\n<p>Zeitweise wurde es so warm, dass ich gar keinen Heizer laufen lie\u00df, obwohl ja eh schon nur den schw\u00e4cheren auf Stufe 1.<\/p>\n<p>Grundlegend hab ich aber die letzten Wochen schon gemerkt, dass mir im Winter Campingpl\u00e4tze lieber sind, wobei ein t\u00e4gliches Ab- und Aufbauen, wenn man nicht im Skigebiet steht, schon auch m\u00fchsam ist. Insofern w\u00fcrd ich gern den Stellplatz in Storlien mehr als nur f\u00fcr 1 Woche ausn\u00fctzen, wenn auch vielleicht nicht zwingend am St\u00fcck. (Spoiler: \u00c4tsch)<\/p>\n<p>Anscheinend hatte wohl jeder in seiner Schulzeit mit jemand in der Klasse, der im Laufe der Zeit ber\u00fchmt wurde? Oder zumindest ber\u00fchmt genug f\u00fcr einen  Wikipedia-Artikel und der Bezeichnung &#8220;Bestsellerautor&#8221;. Zuf\u00e4llig heut dar\u00fcber gestolpert, allerdings hatte ich mit ihm nicht viel zu tun, war zumeist in der Parallelklasse (glaub zumindest teilweise gemeinsamer Sportunterricht), aber in einem Jahr waren wir mal in der selben Klasse, da m\u00fcsste er dann wohl sitzen geblieben sein und d\u00fcrfte also ein Jahr sp\u00e4ter Abi gemacht haben. Jedenfalls h\u00e4tte ich nicht erwartet, dass ausgerechnet aus ihm &#8220;was wird&#8221; ;-)<\/p>\n<p>Wusstet ihr, dass Suzuki-Fahrer die Autofahrer mit dem zweith\u00f6chsten IQ sind? Nur knapp geschlagen von Skoda:<\/p>\n<p><a href='https:\/\/www.blick.ch\/auto\/abgefahren\/neue-studie-aus-england-das-sagt-dein-auto-ueber-deine-intelligenz-aus-id18394769.html'>https:\/\/www.blick.ch\/auto\/abgefahren\/neue-studie-aus-england-das-sagt-dein-auto-ueber-deine-intelligenz-aus-id18394769.html<\/a><br \/>\n<a href='https:\/\/www.bild.de\/auto\/mobilitaet-reisen-motorrad\/mobilitaet-und-mehr\/autofahrer-iq-intelligenz-rangliste-fuer-22-automarken-86620988.bild.html'>https:\/\/www.bild.de\/auto\/mobilitaet-reisen-motorrad\/mobilitaet-und-mehr\/autofahrer-iq-intelligenz-rangliste-fuer-22-automarken-86620988.bild.html<\/a><\/p>\n<p><strong>Di, 23.1.2024<\/strong><\/p>\n<p>Selbst an Campingpl\u00e4tzen kann man, wenn man Pech hat, um 6:30 Uhr vom Schneer\u00e4umdienst geweckt werden. Wenigstens kein Gepiepse, aber 6:30 Uhr am Campingplatz so einen L\u00e4rm machen, tut das Not?<\/p>\n<p>Daf\u00fcr wurde sogar der Weg runter zum Servicehaus mit einer breiten Rolle am Schneemobil pr\u00e4pariert um 10 Uhr.  Imerhin lief der Hauptlift heute.<\/p>\n<p>Wollte heut mal die warmen Temperaturen n\u00fctzen, meinen R\u00fccken entlasten und mit der alten Bauchtasche anstatt des Rucksacks fahren. Naja, war auch nicht sooo angenehm zu tragen, eng um den Bauch, umst\u00e4ndlich zum Raustun der Sachen ..<\/p>\n<p>Im Skigebiet heute noch leerer als gestern, wobei es auch gestern erst nachmittags noch etwas &#8220;voller&#8221; wurde. Aber heut war ich von meinem Start kurz vor 12 Uhr bis zur Pause kurz nach 13 Uhr komplett alleine am SL; auch der Kinderlift fuhr umsonst. Unten standen immmerhin 3 Paar Ski, evtl waren die gerade essen.<\/p>\n<p><a href='http:\/\/ski.inmontanis.info\/d\/325966-3\/DSC05470.jpg'><img src=http:\/\/ski.inmontanis.info\/d\/325965-4\/DSC05470.jpg \/><\/a><br \/>\n^ IR-Foto r\u00fcber zum K2-SL, der wieder einmal die 3 Tage wegen Wind nicht in Betrieb ist. Wobei er vmtl. am WE mehr Wind vertr\u00e4gt als unter der Woche, wenn wenig los ist &#8230;<\/p>\n<p><a href='http:\/\/ski.inmontanis.info\/d\/325970-3\/DSC05473.jpg'><img src=http:\/\/ski.inmontanis.info\/d\/325969-4\/DSC05473.jpg \/><\/a><br \/>\n^ IR-Foto vom Haupthang rechts vom SL um 14:50 Uhr mit den wenigen Spuren heute<\/p>\n<p>Ob es wohl voller gewesen w\u00e4re, wenn der K2-SL heut offen gewesen w\u00e4re? Ob der morgen aufmacht, selbst wenn&#8217;s weniger Wind gibt, bei den wenigen Leutchen? <\/p>\n<p>Sollte der K2-SL morgen \u00f6ffnen, bleib ich vielleicht noch einen Tag l\u00e4nger, bleib ich \u00fcbermorgen noch hier, dann vielleicht auch noch am Freitag, weil f\u00fcr Bydalen am FR eher mehr Schneefall und Sturm gemeldet wird. Mit Sturm und Schneefall geht&#8217;s dann auch n\u00e4chste Woche in Bydalen weiter &#8211; und somit aber auch wieder in Trillevallen und Storlien noch mehr Schneefall und ebenso st\u00fcrmisch. <\/p>\n<p>Wie mich das Wetter heuer ankotzt hier. Aber ja, da hat die Skistar-Saisonkarte einfach den Vorteil, dass Vemdalen und S\u00e4len wetterbeg\u00fcnstigter liegen. S\u00e4len n\u00e4chste Woche sonnig-bedeckt und kaum Schnee gemeldet bisher, Vemdalen auch kaum Schnee und etwas Sonne. Das Wetter ist heuer also vielleicht gar nicht grundlegend schlechter als vor 2 Jahren, es liegt nur an den besuchten Orten. Are war vor 2 Jahren ja auch oft schlecht + st\u00fcrmisch.<\/p>\n<p><strong>Mi, 24.1.2024<\/strong><\/p>\n<p>Tja, ich geb&#8217;s dann endg\u00fcltig auf mit T\u00e4nn\u00e4s heuer. Laut Schneebericht angeblich auch heute wieder zu viel Wind im Gipfelbereich f\u00fcr den K2-SL. Morgen wird wieder 1 m\/s mehr Wind gemeldet, Freitag noch mehr.  So gern ich das oberste St\u00fcck ja mag, aber mittlerweile (d.h. mit den SL-Sturmschlie\u00dfungen heuer und der Schneearm-Schlie\u00dfung des oberen St\u00fccks vor 2 Jahren) w\u00e4r es mir lieber, sie h\u00e4tten darauf verzichtet und weiter unten die Bergstation gesetzt, so dass er nicht die meiste Zeit geschlossen w\u00e4re :(<\/p>\n<p>Um 11:30 komplett windstill, soweit man das im Tal und an den B\u00e4umen des kurzen SL erkennen konnte. Anscheinend ist der WInd vor 8 Uhr relevant,  ob der SL ge\u00f6ffnt wird oder nicht.<\/p>\n<p>Schade, dass es keinen 8-t\u00e4gigen Skistar-All-Skipass gibt, der in allen Gebieten g\u00fcltig ist, dann w\u00fcrd ich jetzt ein paar Tage S\u00e4len, Trysil und Vemdalen fahren. Man w\u00fcrde aber bei einer 6-8-Tageskarte einen gratis Tag in einem anderen Skistar-Gebiet bekommen, also 9 Tage zum Preis der 6-Tageskarte. Wobei beim 6-8-Tagesskipass in S\u00e4len sogar innerhalb der 8 Tage ein Tag in Trysil inkludiert w\u00e4re. Hmmm. Die freie Tageskarte danach k\u00f6nnte ich dann ja auch in \u00c5re einl\u00f6sen, wobei das wg. Parkgeb\u00fchren erst dann sein sollte, wenn der Ulladal-SL l\u00e4uft. Umgerechnet auf die Tageskarte w\u00e4ren das dann 290,-SEK bei den effektiv 9 Tagen. Zumindest heute w\u00e4ren in S\u00e4len und Trysil alle Lift und Abfahrten (bis auf 1 schwarze in Trysil) offen, das sah vor 2 Jahren ja viel schlechter aus. <\/p>\n<p>Zugegebenerma\u00dfen k\u00f6nnt ich auch noch zu dem kleinen Skigebiet bei Stockholm fahren, das in der heurigen Saisonkarte inkludiert ist, aber der Umweg ist mir zu gro\u00df f\u00fcr das kleine Gebiet. Das sind ja knapp 900km in Summe.<\/p>\n<p>Der Umweg via S\u00e4len+Trysil w\u00e4ren dagegen ca. 400km in Summe. \u00c4rgerlich dabei w\u00e4r vielleicht, dass ich da auf dem Weg nach Norwegen vor 2 Wochen schon einmal vorbei gefahren bin&#8230;<\/p>\n<p>Ist dann halt die Frage, ist mir das das bisschen besseres Wetter wert, f\u00fcr Umweg+Campingplatz+Skipass soviel auszugeben? S\u00e4len+Trysil w\u00e4ren schon wesentlich sch\u00f6ner als zB. die 3 Skigebiete Vemdalen\/Bj\u00f6rnrike\/Kl\u00f6vsj\u00f6.<\/p>\n<p>Als ich etwas vor 12 Uhr mit dem SL hier in T\u00e4nn\u00e4skr\u00f6ket rauf fuhr, war ich der erste, der nach rechts zur Piste fuhr, links war genau 1 Snowboardspur. Am \u00dcbungslift war hin und wieder eine Frau unterwegs. Schnee auf den Pisten wieder gut.<\/p>\n<p>Wenn die hier gleich sagen w\u00fcrden, der K2-SL bleibt unter der Woche im Januar zu, w\u00fcrd ich vielleicht sogar 4 ode 5 Tage hier bleiben, weil ich mich ja dann bewusst daf\u00fcr entscheiden w\u00fcrde. So wie momentan hofft man halt von Tag zu Tag, dass er aufmacht und ist immer wieder entt\u00e4uscht.<\/p>\n<p>Bei meiner 13 Uhr Mittagspause in der V\u00e4rmeestuga nochmals die Wettervorhersagen abgecheckt , Bydalen nicht mehr so viel Schnee, aber weiterhin viel Sturm insb. n\u00e4chste Woche, in Trillevallen und Storlien \u00e4hnlich. <\/p>\n<p>Und doch keine Lust mehr, nochmals so weit in den S\u00fcden zu fahren nur wegen Wetter. Also dann nach Bydalen ab morgen und heute nochmals in Asarna \u00fcbernachten. Zwischen Hede und Vemdalen war eine Vollbremsung n\u00f6tig, weil ein Reh die Stra\u00dfe \u00fcberquerte, nicht schon wieder&#8230;<\/p>\n<p><a href='http:\/\/ski.inmontanis.info\/d\/325974-3\/DSC00878.jpg'><img src=http:\/\/ski.inmontanis.info\/d\/325973-4\/DSC00878.jpg \/><\/a><br \/>\n^ Um 12:00 Uhr war ich der erste, der von der Bergstation auf die rechte Abfahrt r\u00fcbergeschoben ist &#8230;<\/p>\n<p><a href='http:\/\/ski.inmontanis.info\/d\/325978-3\/DSC00880.jpg'><img src=http:\/\/ski.inmontanis.info\/d\/325977-4\/DSC00880.jpg \/><\/a><br \/>\n^ .. und erst der zweite, der die linke Abfahrt gefahren ist<\/p>\n<p><a href='http:\/\/ski.inmontanis.info\/d\/325982-3\/ge20240122-24.jpg'><img src=http:\/\/ski.inmontanis.info\/d\/325981-4\/ge20240122-24.jpg \/><\/a><br \/>\n^ GPS-Track vorherige Besuche in Gelb, aktuelle 3 Tage in T\u00fcrkis-Magenta-Blau<\/p>\n<p>Wie schon bei meinen vorherigen Besuchen in dieser Saison festgestellt: Die Schneer\u00e4umung funktioniert am Campingplatz in \u00c5sarna nicht so gut bzw. h\u00e4ufig wie anderswo..<\/p>\n<p><a href='http:\/\/extra.inmontanis.info\/d\/102566-3\/DSC00881.jpg'><img src=http:\/\/extra.inmontanis.info\/d\/102565-4\/DSC00881.jpg \/><\/a><br \/>\n^ Hat doch gar nicht so viel geschneit in letzter Zeit?! Trotzdem der Campingplatz in Asarna so unger\u00e4umt &#8230;<\/p>\n<p>Kleiner Blick nach Finnland: In Ounasvaara\/Rovaniemi sind mittlerweile beide Seiten und alle Abfahrten offen, in Luosto dagegen ist noch exakt der selbe Stand wie bei meinem letzten Besuch im Dezember. Olos hat ja keine interaktive Karte, meldet auf ski.fi 3\/4 Liften und 4\/10 Abfahrten offen, also nur minimal mehr als im Dezember, falls die Angaben dort aktuell sind. <\/p>\n<p>Ein weiteres SKigebiet, das ich heuer nicht besuchen werde: Bl\u00e5sj\u00f6n. Das l\u00e4ge von Storlien nach Borgafj\u00e4ll \u00fcber Norwegen gar nicht mal so abseits, hat aber von KW 5-7 nur den untersten SL an den WE offen, erst ab KW 8 tgl und erst dann auch die anderen SL &#8211; falls \u00fcberhaupt. War ja letztes Mal ziemlich entt\u00e4uschend. Mit 500,- TK-Preis auch etwas teuer geworden mittlerweile. Rostiger Graffer-SL hin, Kurven-KSSL her, in KW 8 will ich nicht mehr so weit s\u00fcdlich sein.<\/p>\n<p><strong>Do, 25.1.2024<\/strong><\/p>\n<p>Unglaublich. Obwohl heut mehr Wind gemeldet wurde, soll es angeblich in T\u00e4nn\u00e4s weniger Wind haben und der K2-SL tats\u00e4chlich ge\u00f6ffnet sein. Naja, jetzt k\u00f6nnen sie mich am Arsch lecken, jetzt bin ich nicht mehr da. W\u00e4r ich gestern nicht abgefahren, w\u00e4r der K2-SL heut sicher nicht in Betrieb. Wobei es sich bis Mittag ja sowieso wieder \u00e4ndern k\u00f6nnte. Und au\u00dferdem k\u00f6nnte heut evtl. ja auch der einzige Tag sein, wo in Bydalen mal wieder die oberen Lifte offen sind.<\/p>\n<p>&#8211; &#8211; &#8211;<\/p>\n<p>&#8220;Warum der US-gef\u00fchrte Westen in der Ukraine um jeden Preis gewinnen muss. Wenn der US-gef\u00fchrte Westen in der Ukraine gegen Russland verliert, ist die Rolle der USA als f\u00fchrende Weltmacht Geschichte. F\u00fcr die USA geht es in der Ukraine ums \u00dcberleben ihres Systems, das auf der Beherrschung und Ausbeutung der Welt beruht.&#8221;<br \/>\n<a href='https:\/\/www.anti-spiegel.ru\/2024\/warum-der-us-gefuehrte-westen-in-der-ukraine-um-jeden-preis-gewinnen-muss\/'>https:\/\/www.anti-spiegel.ru\/2024\/warum-der-us-gefuehrte-westen-in-der-ukraine-um-jeden-preis-gewinnen-muss\/<\/a><\/p>\n","protected":false},"excerpt":{"rendered":"<p>So, 21.1.2024<\/p>\n<p>Von den 4 Skigebieten auf dem Weg fielen 2 wg. unbekanntem Status aus, blieben Tydal oder \u00c5len, letzteres h\u00e4tte wohl einen l\u00e4ngeren SL und ca. doppelt so viel H\u00f6henmeter, ersteres dagegen sah auf dem Satbild interessanter aus, war von Dombas aber noch ca. 250km und 3-4h entfernt. (In Stranda heute Vormittag lediglich 4KSB+Tellerlift <a href=\"http:\/\/blog.inmontanis.info\/?p=9692\">[&#8230;]<\/a><\/p>\n","protected":false},"author":1,"featured_media":9695,"comment_status":"closed","ping_status":"closed","sticky":false,"template":"","format":"standard","meta":{"footnotes":""},"categories":[912,18,19,27,627],"tags":[90,47],"class_list":["post-9692","post","type-post","status-publish","format-standard","has-post-thumbnail","hentry","category-2023-09-2024-xx-skandinavien","category-norwegennorway","category-schwedensweden","category-skifahren-winterskiing-winter","category-tannaskroket","tag-infrarot","tag-sl","odd"],"_links":{"self":[{"href":"http:\/\/blog.inmontanis.info\/index.php?rest_route=\/wp\/v2\/posts\/9692","targetHints":{"allow":["GET"]}}],"collection":[{"href":"http:\/\/blog.inmontanis.info\/index.php?rest_route=\/wp\/v2\/posts"}],"about":[{"href":"http:\/\/blog.inmontanis.info\/index.php?rest_route=\/wp\/v2\/types\/post"}],"author":[{"embeddable":true,"href":"http:\/\/blog.inmontanis.info\/index.php?rest_route=\/wp\/v2\/users\/1"}],"replies":[{"embeddable":true,"href":"http:\/\/blog.inmontanis.info\/index.php?rest_route=%2Fwp%2Fv2%2Fcomments&post=9692"}],"version-history":[{"count":3,"href":"http:\/\/blog.inmontanis.info\/index.php?rest_route=\/wp\/v2\/posts\/9692\/revisions"}],"predecessor-version":[{"id":9696,"href":"http:\/\/blog.inmontanis.info\/index.php?rest_route=\/wp\/v2\/posts\/9692\/revisions\/9696"}],"wp:featuredmedia":[{"embeddable":true,"href":"http:\/\/blog.inmontanis.info\/index.php?rest_route=\/wp\/v2\/media\/9695"}],"wp:attachment":[{"href":"http:\/\/blog.inmontanis.info\/index.php?rest_route=%2Fwp%2Fv2%2Fmedia&parent=9692"}],"wp:term":[{"taxonomy":"category","embeddable":true,"href":"http:\/\/blog.inmontanis.info\/index.php?rest_route=%2Fwp%2Fv2%2Fcategories&post=9692"},{"taxonomy":"post_tag","embeddable":true,"href":"http:\/\/blog.inmontanis.info\/index.php?rest_route=%2Fwp%2Fv2%2Ftags&post=9692"}],"curies":[{"name":"wp","href":"https:\/\/api.w.org\/{rel}","templated":true}]}}