{"id":9682,"date":"2024-01-17T17:31:53","date_gmt":"2024-01-17T16:31:53","guid":{"rendered":"http:\/\/blog.inmontanis.info\/?p=9682"},"modified":"2024-01-25T18:26:08","modified_gmt":"2024-01-25T17:26:08","slug":"gol-stranda-17-1-2024","status":"publish","type":"post","link":"http:\/\/blog.inmontanis.info\/?p=9682","title":{"rendered":"Gol-Stranda, 17.1.2024"},"content":{"rendered":"<p><strong>Mi, 17.1.2024<\/strong><\/p>\n<p>Nach der Arbeit vom Campingplatz die Stunde nach Skarslia gefahren, wo laut Website ja angeblich jeden Tag im Januar offen sein soll von 11-15:30 oer so. Tja, vor Ort kein Lift in Betrieb und alles sehr ausgestorben. Der Aufgang zum SL war mir mit Stra\u00dfenschuhen zu steil (da w\u00e4r ich nicht runtergekommen ohne zu rutschen), also hab ich auch nicht am SL nachgefragt, ob sie doch offen h\u00e4tten.  Wobei sie mit einer 3h-Karte nur f\u00fcr einen Skifahrer ja eh nix verdienen w\u00fcrden. Zu wenig los oder zu kalt mit -16\u00b0? Wie ich Norwegen mittlerweile hasse!<\/p>\n<p>\u00c5l in der N\u00e4he hat ja auch nur am WE offen, Hallingskarvet k\u00f6nnte unter der Woche offen haben, au\u00dfer DI+MI (also heute), da h\u00e4tte ich morgen schauen wollen. <\/p>\n<p><a href='http:\/\/extra.inmontanis.info\/d\/102426-2\/DSC00500.jpg'><img src=http:\/\/extra.inmontanis.info\/d\/102425-3\/DSC00500.jpg \/><\/a><br \/>\n^ Skigebiet \u00c5l<\/p>\n<p><a href='http:\/\/extra.inmontanis.info\/d\/102430-2\/DSC00503.jpg'><img src=http:\/\/extra.inmontanis.info\/d\/102429-3\/DSC00503.jpg \/><\/a><br \/>\n^ Skigebiet \u00c5l, dzt. nur am WE tags\u00fcber offen<\/p>\n<p><a href='http:\/\/extra.inmontanis.info\/d\/102434-2\/DSC00507.jpg'><img src=http:\/\/extra.inmontanis.info\/d\/102433-3\/DSC00507.jpg \/><\/a><br \/>\n^ Skigebiet Skarslia, in Betrieb oder nicht? SL fuhr mal nicht.<\/p>\n<p><a href='http:\/\/extra.inmontanis.info\/d\/102438-2\/DSC00508.jpg'><img src=http:\/\/extra.inmontanis.info\/d\/102437-3\/DSC00508.jpg \/><\/a><br \/>\n^ Eisproduktion ;-)<\/p>\n<p><a href='http:\/\/extra.inmontanis.info\/d\/102442-2\/DSC00509.jpg'><img src=http:\/\/extra.inmontanis.info\/d\/102441-3\/DSC00509.jpg \/><\/a><br \/>\n^ Wof\u00fcr so ein kleines 1-SL-Skigebiet gleich 4 Pistenmaschinen braucht?!?<\/p>\n<p>Geilo in der N\u00e4he ist mir naturlich viel zu teuer (und zu &#8220;ungeilo&#8221;) und Hemsedal ebenfalls zu teuer. 2h Geilo 500,-, 2h Hemsedal 562,-  pfff&#8230; Nur Vormittagskarte in Geilo von 9:30-1200 w\u00e4re g\u00fcnstiger: 355,- &#8211; das w\u00e4r OK. Nachmittags aber wieder \u00fcber 500. Die Extrakarte in Hemsedal f\u00fcr den Anf\u00e4ngerbereich gibt&#8217;s nur als Tageskarte f\u00fcr \u00fcber 400,- .. f\u00fcr 2-3h Anf\u00e4ngerbereich um 200-250,- h\u00e4tte ich mir gekauft. Manchmal frag ich mich, ob es f\u00fcr Skigebiete nicht lohnenswerter w\u00e4re, solche wie mich &#8220;irgendwie abzuholen&#8221;, die ansonsten lieber komplett verzichten und gar keine Einnahmen generieren?!<\/p>\n<p>Gol h\u00e4tte heut Abendski ab 17h, aber ob sich das lohnt.. Nachts wird eh wieder -19\u00b0 gemeldet.<\/p>\n<p>In\/Am Norefjell soll heute die untere KSB, aber nicht die oberen Lifte offen sien. Da k\u00f6nnt ich nat\u00fcrlich auch wieder f\u00fcr 1-2h hinfahren ohne was zahlen zu m\u00fcssen, aber n\u00f6, ist mir alles echt zu bl\u00f6d jetzt.<\/p>\n<p>F\u00fcr Sogn am Sonntag ist nun Schneefall gemeldet, f\u00e4llt also auch aus, Tyin am Samstg k\u00f6nnte noch halbtags trocken werden, morgen Uvdal w\u00e4r sonnig, aber oben bis zu 14 m\/s WInd gemeldet, k\u00f6nnte also wieder Schlie\u00dfungen geben, wenn freitags \u00fcberhaupt alle Lifte geoffnet sein sollten, der S\u00fcden ist sowieso nach wie vor zu vergessen von den Vorhersagen.<\/p>\n<p>Und Stranda n\u00e4chste Woche? Jeden Tag etwas Schneefall um die 5-10mm Niederschlagsh\u00f6he oder bedeckt und sowieso Wind um die 10 m\/s gemeldet. Ist doch alles Schei\u00dfe. <\/p>\n<p>Dann also zuruck nach Gol gefahren, da gibt&#8217;s ein Biltema-Caf\u00e9, wo man g\u00fcnstig essen konnte (nahm ein Bernerw\u00fcrstl-Hotdog und eine Pizzaecke um in Summe umgerechnet ca.. 5 \u20ac) und weiter nach Hemsedal wg. des Schuhtrockners und dann \u00fcberlegen, ob in Hemsedal \u00fcbernachten (nur -15\u00b0 gemeldet) und wo dann morgen hin (\u00fcbermorgen Freitag g\u00e4bs ja mit Solheisen wieder eine kostenlose, wenn auch wenig w\u00fcnschenswerte Alternative.)<\/p>\n<p><a href='http:\/\/extra.inmontanis.info\/d\/102446-2\/DSC00512.jpg'><img src=http:\/\/extra.inmontanis.info\/d\/102445-3\/DSC00512.jpg \/><\/a><br \/>\n^ Vereister Wasserfall vor Hemsedal<\/p>\n<p>Es g\u00e4be ja noch eine Variante: gleich nach Stranda fahren (die haben momentan nur MO+MI zu, aber unter der Woche nur die 4KSB-Seite offen) und dann halt wieder einmal auf Tyin verzichten. Oder morgen Sogn auf dem Weg mitnehmen, die wollen doch auch DO-SO offen sein. F\u00fcr Sogn morgen aber Schneefall gmeeldet, erst am FR sonnig. Und in Stranda? Morgen Schneefall, FR sonnig, SA teils\/teils, SO teils\/teils, jeweils mit Gefahr auch auf st\u00e4rkerem Schneefall und evtl. zu viel Sturm, dazu in der Nacht auf Morgen auf dem Weg auch st\u00e4rkerer Schneeall &#8230;  na ich weiss nicht&#8230;<\/p>\n<p>Im Touristoffice in Hemsedal holte ich mein Paket mit dem nun 2. Ersatzheizl\u00fcfter ab. Es war ja schon im November an einer Ecke was aufgebrochen und weil letztes+vorletztes Jahr gar nicht und bis dahin heuer ja fast nicht verwendet, k\u00f6nnte das m.E. schon ein Herstellungsfehler gewesen sein, zudem hatte ich noch nachgefragt, ob die Heizfunktion nochmals verbessert wurde, aber das wurde mir per EMail nicht beantwortet. Nach einem kurzen Funktionstest im Auto gab ich den alten wieder ab. Ich denke, das wird jetzt der letzte Ersatz sein.<\/p>\n<p>Ich entschied mich f\u00fcr Stranda dieses WE, weil ja n\u00e4chstes WE auch nicht besser werden soll. Dann also wieder nicht die vielen Skigebiete besucht, die ich teilweise schon so lange im S\u00fcden Norwegens besuchen wollte :( N\u00e4chste Skandinavienreise sollte ich wirklich erst im Februar anfangen, um die gew\u00fcnschten Skigebiete im S\u00fcden Schwedens+Norwegens mal fahren zu k\u00f6nnen.<\/p>\n<p><a href='http:\/\/ski.inmontanis.info\/d\/325682-3\/DSC00513.jpg'><img src=http:\/\/ski.inmontanis.info\/d\/325681-4\/DSC00513.jpg \/><\/a><br \/>\n^ Skigebiet Hemsedal, da wurde mittlerweile neben der 6KSB wohl eine weitere 6KSB (von weiter unten und mit Haube) gebaut. Ob die Skistar-Saisonkarte mich noch reizen wird in ein paar Jahren, darf wohl auch bezweifelt werden, soviel KSBen schon allein in den letzten 2 Jahren gebaut wurden&#8230;<\/p>\n<p><a href='http:\/\/extra.inmontanis.info\/d\/102450-2\/DSC00518.jpg'><img src=http:\/\/extra.inmontanis.info\/d\/102449-3\/DSC00518.jpg \/><\/a><br \/>\n^ 52 \/ Hemsedal n\u00f6rdlich zur E16<\/p>\n<p><a href='http:\/\/extra.inmontanis.info\/d\/102454-2\/DSC00520.jpg'><img src=http:\/\/extra.inmontanis.info\/d\/102453-3\/DSC00520.jpg \/><\/a><br \/>\n^ 52 \/ Hemsedal n\u00f6rdlich zur E16<\/p>\n<p><a href='http:\/\/extra.inmontanis.info\/d\/102458-2\/DSC00522.jpg'><img src=http:\/\/extra.inmontanis.info\/d\/102457-3\/DSC00522.jpg \/><\/a><br \/>\n^ 52 \/ Hemsedal n\u00f6rdlich zur E16<\/p>\n<p><a href='http:\/\/extra.inmontanis.info\/d\/102462-3\/DSC00526.jpg'><img src=http:\/\/extra.inmontanis.info\/d\/102461-4\/DSC00526.jpg \/><\/a><br \/>\n^ Solche Passstra\u00dfen sind in Norwegen h\u00e4ufig beleuchtet in der Nacht, bei zu starkem Sturm und Schneefall gibts dann trotzdem Kolonnen-\u00dcberfahrten.<\/p>\n<p><a href='http:\/\/extra.inmontanis.info\/d\/102466-3\/DSC00529.jpg'><img src=http:\/\/extra.inmontanis.info\/d\/102465-4\/DSC00529.jpg \/><\/a><br \/>\n^ 52 \/ Hemsedal n\u00f6rdlich zur E16<\/p>\n<p><a href='http:\/\/extra.inmontanis.info\/d\/102470-3\/DSC00533.jpg'><img src=http:\/\/extra.inmontanis.info\/d\/102469-4\/DSC00533.jpg \/><\/a><br \/>\n^ 52 \/ Hemsedal n\u00f6rdlich zur E16<\/p>\n<p><a href='http:\/\/extra.inmontanis.info\/d\/102474-3\/DSC00536.jpg'><img src=http:\/\/extra.inmontanis.info\/d\/102473-4\/DSC00536.jpg \/><\/a><br \/>\n^ 52 \/ Hemsedal n\u00f6rdlich zur E16<\/p>\n<p><a href='http:\/\/extra.inmontanis.info\/d\/102478-3\/DSC00538.jpg'><img src=http:\/\/extra.inmontanis.info\/d\/102477-4\/DSC00538.jpg \/><\/a><br \/>\n^ 52 \/ Hemsedal n\u00f6rdlich zur E16<\/p>\n<p><a href='http:\/\/extra.inmontanis.info\/d\/102482-3\/DSC00546.jpg'><img src=http:\/\/extra.inmontanis.info\/d\/102481-4\/DSC00546.jpg \/><\/a><br \/>\n^ Schade, dass ich die F\u00e4hre in der Dunkelheit fahren musste<\/p>\n<p>Bis ich an der F\u00e4hre war, war es bereits dunkel um 17:15. Je weiter ich heute noch nach Stranda fahren w\u00fcrde, desto weniger m\u00fcsste ich morgen fr\u00fch bei Schneefall fahren, insofern m\u00f6chte ich auch ungern morgen vor 8 Uhr fahren. Oder eben doch morgen Sogn, denn der Wetterbericht meldete abends nun wieder weniger Schneefall f\u00fcr hier, dann m\u00fcsste ich aber morgen Abend mehr fahren, bei angeblich weniger Schneefall als vormittags&#8230;.<\/p>\n<p>.. aber. werden die wirklich morgen offen haben? Wird der obere SL auch offen sein? Und die Au\u00dfenrumabfahrt? Oder nur Sparprogramm am DO+FR? Oder wird man gar das Irgendwie-Helmpflicht-Aber-Bei-Nachfrage-Dann-Doch-Nicht-Schild vom letzten Mal nun vielleicht durchsetzen? Sehr risikoreich, auch morgen einen dritten Skitag zu verlieren, also nach Stranda.<\/p>\n<p>Die F\u00e4hre f\u00e4hrt momentan im 20min Takt  und ist kurz, hatte aber einen bemannten (bzw. befrauten ;) ) Kiosk. Die Brunost-Waffeln waren auf 25,- runtergesetzt, daher eine gekauft.<\/p>\n<p>N\u00e4chstes Ziel war dann ein Supermarkt, denn falls ich wirklich bis SO in Stranda am Skigebietsparkplatz stehen sollte, brauch ich ja Wasser + Essen&#8230;. Aber 4 N\u00e4chte (also mit der heutigen) w\u00fcrde mir die Batterie bei den Temperaturen wohl eh nicht reichen und ich m\u00fcsste mal den Campingplatz unten in Stranda besuchen. <\/p>\n<p>In Sogndal dann Chaos, weil Einkaufszentrum und kostenpflichtige Parkpl\u00e4tze. Gegen\u00fcber ein anderer Supermarkt, wo mal nur was von Parkgeb\u00fchr bis -17h stand, dann also dort eingekauft.<\/p>\n<p>Dann ab nach Stranda, unten im Ort soll es einen freien Parkplatz geben. Werd ich halt erst ca. 22 Uhr ankommen und nachts an den vielen Fjorden vorbei ohne was zu sehen, schade..<\/p>\n<p>Sp\u00e4ter gabs noch eine Tunnelbaustelle mit laut Netz nur alle halbe Stunde eine Durchfahrt, musste aber nur ca. 10min warten.<\/p>\n<p>Das Navi-Autoradio schaltete sich wg. Temperatur ca. alle Stunde ab, nach dem 2. Mal hab ich&#8217;s ausgeschaltet gelassen. Zugegbenerma\u00dfen hat der L\u00fcfter schon seit Monaten ein lautes Ger\u00e4usch gemacht, vielleicht geht er jetzt gar nicht mehr. Werd ich mal schauen m\u00fcssen, ob ich das ausbauen kann und ggf. den L\u00fcfter ersetzen kann oder einen anderen in der N\u00f6he einbauen k\u00f6nnte. <\/p>\n<p>Am Kamera-Akku-Deckel hatte sich dann noch der Schlie\u00dfmechanismus gel\u00f6st &#8211; das schien am n\u00e4chsten Tag aber leicht zu reparieren sein. Momentan ist der Wurm drin.<\/p>\n<p><a href='http:\/\/extra.inmontanis.info\/d\/102486-3\/DSC00548.jpg'><img src=http:\/\/extra.inmontanis.info\/d\/102485-4\/DSC00548.jpg \/><\/a><br \/>\n^ An diversen Fjorden entlang &#8230;<\/p>\n<p><a href='http:\/\/extra.inmontanis.info\/d\/102490-3\/DSC00559.jpg'><img src=http:\/\/extra.inmontanis.info\/d\/102489-4\/DSC00559.jpg \/><\/a><br \/>\n^ N\u00e4chtliches Fjordpano am Aussichtsparkplatz zwischen Skigebiet Breimsbygda und Utvik mit Blick in Richtung Stryn<\/p>\n<p><a href='http:\/\/extra.inmontanis.info\/d\/102494-3\/DSC00571.jpg'><img src=http:\/\/extra.inmontanis.info\/d\/102493-4\/DSC00571.jpg \/><\/a><br \/>\n^ Fjord, Stryn<\/p>\n<p><a href='http:\/\/extra.inmontanis.info\/d\/102498-3\/DSC00575.jpg'><img src=http:\/\/extra.inmontanis.info\/d\/102497-4\/DSC00575.jpg \/><\/a><br \/>\n^ Fjord, der in Geiranger endet<\/p>\n<p>Um 22:50 kam ich endlich an meinem Nachtplatz in Stranda an. Hoffentlich ist das Skigebiet die n\u00e4chsten 4 Tage wohlwollender zu mir &#8230;<\/p>\n<p><em>Spoiler &#038; Hinweis: Es waren dann leider nur 3 Tage in Stranda, die aber daf\u00fcr sehr geil, viel Powder und leider nur wenig Sonne. Viele Fotos gemacht und da ich momentan (25.1..) wieder Strom sparen muss, wird es noch einige Tage dauern, bis ich mehrere Tage an einem Camping- oder Stellplatz stehe und der Bericht dann fertig wird. Sp\u00e4testens Mitte n\u00e4chster Woche.<\/em><\/p>\n","protected":false},"excerpt":{"rendered":"<p>Mi, 17.1.2024<\/p>\n<p>Nach der Arbeit vom Campingplatz die Stunde nach Skarslia gefahren, wo laut Website ja angeblich jeden Tag im Januar offen sein soll von 11-15:30 oer so. Tja, vor Ort kein Lift in Betrieb und alles sehr ausgestorben. Der Aufgang zum SL war mir mit Stra\u00dfenschuhen zu steil (da w\u00e4r ich nicht runtergekommen ohne <a href=\"http:\/\/blog.inmontanis.info\/?p=9682\">[&#8230;]<\/a><\/p>\n","protected":false},"author":1,"featured_media":9684,"comment_status":"closed","ping_status":"closed","sticky":false,"template":"","format":"standard","meta":{"footnotes":""},"categories":[912,18],"tags":[45,47,86],"class_list":["post-9682","post","type-post","status-publish","format-standard","has-post-thumbnail","hentry","category-2023-09-2024-xx-skandinavien","category-norwegennorway","tag-see","tag-sl","tag-wasserfall","odd"],"_links":{"self":[{"href":"http:\/\/blog.inmontanis.info\/index.php?rest_route=\/wp\/v2\/posts\/9682","targetHints":{"allow":["GET"]}}],"collection":[{"href":"http:\/\/blog.inmontanis.info\/index.php?rest_route=\/wp\/v2\/posts"}],"about":[{"href":"http:\/\/blog.inmontanis.info\/index.php?rest_route=\/wp\/v2\/types\/post"}],"author":[{"embeddable":true,"href":"http:\/\/blog.inmontanis.info\/index.php?rest_route=\/wp\/v2\/users\/1"}],"replies":[{"embeddable":true,"href":"http:\/\/blog.inmontanis.info\/index.php?rest_route=%2Fwp%2Fv2%2Fcomments&post=9682"}],"version-history":[{"count":2,"href":"http:\/\/blog.inmontanis.info\/index.php?rest_route=\/wp\/v2\/posts\/9682\/revisions"}],"predecessor-version":[{"id":9685,"href":"http:\/\/blog.inmontanis.info\/index.php?rest_route=\/wp\/v2\/posts\/9682\/revisions\/9685"}],"wp:featuredmedia":[{"embeddable":true,"href":"http:\/\/blog.inmontanis.info\/index.php?rest_route=\/wp\/v2\/media\/9684"}],"wp:attachment":[{"href":"http:\/\/blog.inmontanis.info\/index.php?rest_route=%2Fwp%2Fv2%2Fmedia&parent=9682"}],"wp:term":[{"taxonomy":"category","embeddable":true,"href":"http:\/\/blog.inmontanis.info\/index.php?rest_route=%2Fwp%2Fv2%2Fcategories&post=9682"},{"taxonomy":"post_tag","embeddable":true,"href":"http:\/\/blog.inmontanis.info\/index.php?rest_route=%2Fwp%2Fv2%2Ftags&post=9682"}],"curies":[{"name":"wp","href":"https:\/\/api.w.org\/{rel}","templated":true}]}}