{"id":9674,"date":"2024-01-14T18:31:11","date_gmt":"2024-01-14T17:31:11","guid":{"rendered":"http:\/\/blog.inmontanis.info\/?p=9674"},"modified":"2024-01-21T18:46:34","modified_gmt":"2024-01-21T17:46:34","slug":"solheisen-14-1-2024","status":"publish","type":"post","link":"http:\/\/blog.inmontanis.info\/?p=9674","title":{"rendered":"Solheisen, 14.1.2024"},"content":{"rendered":"<p><strong>So, 14.1.2024<\/strong><\/p>\n<p>Wichtig gestern+heute w\u00e4re ja, die Skigebietsschneeberichte zu checken, was die jetzt am WE f\u00fcr Lifte und Abfahrten offen haben, ob &#038; wohin ich da n\u00e4chstes WE m\u00f6chte.  Gestern war viel wg. Wind geschlossen, daher hoffte ich heute auf mehr Infos. <\/p>\n<p>Eines, das morgens am fr\u00fchesten dran war, war Sirdal, das ich als eines der s\u00fcdlichsten Skigebite gerne besucht h\u00e4tte, da das 2 kleine Gebiete sind, die mit leichten SL \u00fcber also wohl eine Art Fast-Hochebene verbunden sind. Leider ist genau die Verbindung weiterhin geschlossen, trotz gemeldeter 80cm Schneh\u00f6he. Und man schreibt heute (also f\u00fcr heute), dass sie ausverkauft seien, was Tageskarten betrifft.  Muss man das alles verstehen?! <\/p>\n<p>DIrekt in der N\u00e4he gibts noch zwei weitere Skigebiete, Adneram und Fidjeland. Ersteres hatte schon gestern den oberen SL als ge\u00f6ffnet dargestellt, zweiteres nicht. Nur wg. Adneram werd ich aber auch nicht extra soweit runter fahren. <\/p>\n<p><a href='http:\/\/extra.inmontanis.info\/d\/102402-2\/DSC00329.jpg'><img src=http:\/\/extra.inmontanis.info\/d\/102401-3\/DSC00329.jpg \/><\/a><br \/>\n^ Stra\u00dfe zum Skigebiet Solheisen<\/p>\n<p>Ankunft am Solheisen-SL war viel zu fr\u00fch; das Parken war auch etwas eigenartig, weil man die Talstation des Lifts gar nicht richtig ausmachen konnte und er etwas am Berg losging. Grundlegend hier mal wieder ein H\u00fctten-Skigebiet.<\/p>\n<p>&#128681; Gespeicherte Geolocation &#8211; Karte anzeigen: <a href='https:\/\/www.google.com\/maps\/@?api=1&#038;map_action=map&#038;center=60.9219098,8.4366805&#038;zoom=12&#038;basemap=terrain' target=_blank> GoogleMaps<\/a> &#128681; <a href='https:\/\/www.openstreetmap.org\/?&#038;mlat=60.9219098&#038;mlon=8.4366805#map=10\/60.9219098\/8.4366805&#038;layers=P' target=_blank> OSM &#128681;<\/a>  (nicht vom Parkplatz, sondern sp\u00e4ter vom Restaurant\/WC, als ich dran gedacht hatte)<\/p>\n<p>Es gibt  mittlerweile Skigebiete in Norwegen, da sieht man am Satbild die Abfarten gar nicht mehr, weil der ganze Hang voll mit H\u00e4usern ist. Schaut aus wie ein Geschw\u00fcr.  Sch\u00f6n (und Natur) geht anders. Gibts ja auch teilweise in Schweden, aber schon eher seltener und nicht so extrem, wie es mittlerweile in Norwegen ausgeufert ist.<\/p>\n<p>Hier mal ein Beispiel:<\/p>\n<p><a href='http:\/\/extra.inmontanis.info\/d\/102406-2\/ge-nesbyen.jpg'><img src=http:\/\/extra.inmontanis.info\/d\/102405-3\/ge-nesbyen.jpg \/><\/a><br \/>\n^ Suche die Abfahrten insb. am linken SL. Offpiste geht bald nichts mehr ;)<\/p>\n<p>Noch ein Beispiel von Rauland, mein GPS-Track-Bild von 2011 im Vergleich zu ca. 2021, insb. der mittlere\/rechte Teil:<\/p>\n<p><a href='http:\/\/ski.inmontanis.info\/d\/129501-3\/ge-rauland3.jpg'><img src=http:\/\/ski.inmontanis.info\/d\/129500-4\/ge-rauland3.jpg \/><\/a><br \/>\n^ GPS-Track Rauland Skisenter, rechts die 4SB,mittig die DSB<\/p>\n<p><a href='http:\/\/ski.inmontanis.info\/d\/325518-2\/ge-rauland.jpg'><img src=http:\/\/ski.inmontanis.info\/d\/325517-3\/ge-rauland.jpg \/><\/a><br \/>\n^ Mein 2011er GPS-Track von Rauland mit dem 2020\/2021er Sat-Bild<\/p>\n<p>&#8211;<\/p>\n<p>Anscheinend ist der Hauptparkplatz doch der untere, der etwas weiter weg vom Lift ist, Auf dem Weg zum SL gibts aber zwei gr\u00f6\u00dfere Parkbuchten neben der Stra\u00dfe, wo man weniger weit zum Lift gehen muss.  Um 9 Uhr, vor \u00d6ffnung (soll 9:30-1530 sein) fing es leicht zu schneien an. An der Kasse mal wieder eine den ersten Tag hier und keine Ahnung gehabt wegen Scandinavian Skipass und sie wollte dann schon probieren, meine Karte zu laden (na das w\u00e4r super, wenn die jetzt den Aufdruck \u00fcberschreiben w\u00fcrde) und sie m\u00fcsste jemand nachfragen. Ich ging derweil aufs Klo und gab ihr Scandinavian Skipass und eine Axess-Karte zum Aufladen.<\/p>\n<p>Mein Plan, die geschlossenen schwarzen Abfahrten rechts vom SL freeridem\u00e4\u00dfig zu fahren, wurde erschwert, weil die direkte Abfahrt rechts beschneit wurde, die Schneihaufen teilweise zerfahren wurden, aber noch nicht fertig war, daf\u00fcr stand oben eine wohl kaputte Pistenraupe mitten im Weg. Auch die anderen Abfahrten waren \u00fcbrigens nicht pr\u00e4pariert.<\/p>\n<p>Sp\u00e4ter fuhr ich die ganz rechte Abfahrt erst, indem ich fr\u00fcher aus dem SL ausgestiegen bin, sp\u00e4ter von oben und noch sp\u00e4ter auch die linke der beiden rechten schwarzen Abfahrten. Als ich die fuhr, begegnete ich dem K\u00f6ter wieder von dem Haus zwischen den beiden Abfahrten, den ich schon bei der ganz rechten gesehen hab. Diesmal aber jagte und bellte er mir hinterher. Zum Gl\u00fcck gab&#8217;s ab dem Haus eine pr\u00e4parierte Pistenraupenspur, so dass ich in Schuss fahre konnte. Ich h\u00f6rte aber noch lange das Bellen und zwar sehr nah, muss also direkt hinter mir gewesen sein. Erst kurz vor der SL-Kreuzung war es dann wieder ruhig hinter mir. Mistvieh. An der Talstation des SL steht \u00fcbrigens ein Schild &#8220;Hunde an die Leine&#8221;. Das sollte auch f\u00fcr die zaunlosen Hausbesitzer hier gelten!<\/p>\n<p><a href='http:\/\/ski.inmontanis.info\/d\/325430-2\/DSC00337.jpg'><img src=http:\/\/ski.inmontanis.info\/d\/325428-3\/DSC00337.jpg \/><\/a><br \/>\n^ Pistenplan, die zwei schwarzen Abfahrten rechts vom SL waren leider offiziell gesperrt<\/p>\n<p><a href='http:\/\/ski.inmontanis.info\/d\/325434-2\/DSC00339.jpg'><img src=http:\/\/ski.inmontanis.info\/d\/325433-3\/DSC00339.jpg \/><\/a><br \/>\n^ Langer Haupt-SL<\/p>\n<p><a href='http:\/\/ski.inmontanis.info\/d\/325438-2\/DSC00345.jpg'><img src=http:\/\/ski.inmontanis.info\/d\/325437-3\/DSC00345.jpg \/><\/a><br \/>\n^ Um die H\u00e4nge zu fahren, muss man den SL links nehmen<\/p>\n<p><a href='http:\/\/ski.inmontanis.info\/d\/325442-2\/DSC00351.jpg'><img src=http:\/\/ski.inmontanis.info\/d\/325441-3\/DSC00351.jpg \/><\/a><br \/>\n^ Blaue Talstation des linken SL<\/p>\n<p><a href='http:\/\/ski.inmontanis.info\/d\/325446-2\/DSC00352.jpg'><img src=http:\/\/ski.inmontanis.info\/d\/325445-3\/DSC00352.jpg \/><\/a><br \/>\n^ Der Portalst\u00fctze nach ein Alimak, aber die restlichen St\u00fctzen sind neuere Rundrohr-T-St\u00fctzen, nicht die schm\u00e4ler werdenden Schr\u00e4g-T-Ts\u00fctzen wie am unteren SL, dessen Talstation aber von Liftbyggarna Schweden ersetzt wurde<\/p>\n<p><a href='http:\/\/ski.inmontanis.info\/d\/325450-2\/DSC00356.jpg'><img src=http:\/\/ski.inmontanis.info\/d\/325449-3\/DSC00356.jpg \/><\/a><br \/>\n^ \u00dcbungs-Tellerlift<\/p>\n<p><a href='http:\/\/ski.inmontanis.info\/d\/325454-2\/DSC00359.jpg'><img src=http:\/\/ski.inmontanis.info\/d\/325453-3\/DSC00359.jpg \/><\/a><br \/>\n^ Abfahrt am oberen SL<\/p>\n<p><a href='http:\/\/ski.inmontanis.info\/d\/325458-2\/DSC00370.jpg'><img src=http:\/\/ski.inmontanis.info\/d\/325457-3\/DSC00370.jpg \/><\/a><br \/>\n^ Funpark zwischen der Bergstation des unteren SL und der Talstation des oberen SL<\/p>\n<p><a href='http:\/\/ski.inmontanis.info\/d\/325462-2\/DSC00371.jpg'><img src=http:\/\/ski.inmontanis.info\/d\/325461-3\/DSC00371.jpg \/><\/a><br \/>\n^ Unterer SL, links die verreckte Pistenraupe, darunter die halbfertige schwarze Abfahrt<\/p>\n<p><a href='http:\/\/ski.inmontanis.info\/d\/325466-2\/DSC00372.jpg'><img src=http:\/\/ski.inmontanis.info\/d\/325465-3\/DSC00372.jpg \/><\/a><br \/>\n^ Waldvariante am oberen SL<\/p>\n<p><a href='http:\/\/ski.inmontanis.info\/d\/325470-2\/DSC00373.jpg'><img src=http:\/\/ski.inmontanis.info\/d\/325469-3\/DSC00373.jpg \/><\/a><br \/>\n^ Neben der Piste wars hier auch gut. Zu sehen der obere SL<\/p>\n<p><a href='http:\/\/ski.inmontanis.info\/d\/325474-2\/DSC00376.jpg'><img src=http:\/\/ski.inmontanis.info\/d\/325473-3\/DSC00376.jpg \/><\/a><br \/>\n^ bunte eisige Wasserf\u00e4lle<\/p>\n<p><a href='http:\/\/ski.inmontanis.info\/d\/325478-3\/DSC00379.jpg'><img src=http:\/\/ski.inmontanis.info\/d\/325477-4\/DSC00379.jpg \/><\/a><br \/>\n^ Rechte gr\u00fcne Abfahrt bzw. Ende der rechten schwarzen Abfahrt<\/p>\n<p><a href='http:\/\/ski.inmontanis.info\/d\/325482-3\/DSC00385.jpg'><img src=http:\/\/ski.inmontanis.info\/d\/325481-4\/DSC00385.jpg \/><\/a><br \/>\n^ Linke schwarze Abfahrt, halbfertig beschneit, vielleicht ganz, wenn die Pistenraupe nicht kaputt gegangen w\u00e4re?!<\/p>\n<p><a href='http:\/\/ski.inmontanis.info\/d\/325486-3\/DSC00390.jpg'><img src=http:\/\/ski.inmontanis.info\/d\/325485-4\/DSC00390.jpg \/><\/a><br \/>\n^ Rechte schwarze Abfahrt<\/p>\n<p><a href='http:\/\/ski.inmontanis.info\/d\/325490-3\/DSC00392.jpg'><img src=http:\/\/ski.inmontanis.info\/d\/325489-4\/DSC00392.jpg \/><\/a><br \/>\n^ Zufahrt zur rechten schwarzen Abfahrt von der SL-Bergstation aus, vorbei an der kaputten Pistenraupe<\/p>\n<p><a href='http:\/\/ski.inmontanis.info\/d\/325494-3\/DSC00395.jpg'><img src=http:\/\/ski.inmontanis.info\/d\/325493-4\/DSC00395.jpg \/><\/a><br \/>\n^ Rechte schwarze Abfahrt im oberen Teil<\/p>\n<p><a href='http:\/\/ski.inmontanis.info\/d\/325498-3\/DSC00397.jpg'><img src=http:\/\/ski.inmontanis.info\/d\/325497-4\/DSC00397.jpg \/><\/a><br \/>\n^ Rechte schwarze Abfahrt im mittleren Teil<\/p>\n<p><a href='http:\/\/ski.inmontanis.info\/d\/325502-3\/DSC00399.jpg'><img src=http:\/\/ski.inmontanis.info\/d\/325501-4\/DSC00399.jpg \/><\/a><br \/>\n^ Linke schwarze Abfahrt; wenn man hier diese B\u00fcsche nicht so riesig h\u00e4tte wachsen lassen, k\u00f6nnte man problemlos fahren und sich die Beschneiung sparen ..<\/p>\n<p><a href='http:\/\/ski.inmontanis.info\/d\/325506-3\/DSC00406.jpg'><img src=http:\/\/ski.inmontanis.info\/d\/325505-4\/DSC00406.jpg \/><\/a><br \/>\n^ Talabfahrt, Bereich unterhalb der Talstation des oberen SL<\/p>\n<p><a href='http:\/\/ski.inmontanis.info\/d\/325510-3\/DSC00408.jpg'><img src=http:\/\/ski.inmontanis.info\/d\/325509-4\/DSC00408.jpg \/><\/a><br \/>\n^ Die beiden rechten schawrzen Abfahrten von der Stra\u00dfe unten<\/p>\n<p><a href='http:\/\/ski.inmontanis.info\/d\/325514-3\/ge2024014b.jpg'><img src=http:\/\/ski.inmontanis.info\/d\/325513-4\/ge2024014b.jpg \/><\/a><br \/>\n^ GPS-Track 14.1.2024; Vorsicht freilaufender und verfolgender K\u00f6ter beim Ausrufezeichen!<\/p>\n<p>Nach 13 Uhr gab&#8217;s an der Talstation des oberen SL lauten L\u00e4rm durch einen aufgestellten Lautsprecher, ich war alles gefahren und hatte nach dem Hundevorfall keine gro\u00dfe Lust mehr, trotz des nun besser werdenden Wetters und somit h\u00f6rte ich um 14 Uhr auf. <\/p>\n<p>Meine restlichen 4 Tage von der Saisonkarte hier werd ich also wohl verfallen lassen. Da zahl ich lieber 40,- \u20ac f\u00fcr ein Skigebiet, das ich noch nicht kenne aber auch schon lange besuchen wollte, falls ich nochmals an einem WE hier sein sollte.<\/p>\n<p>In 10-15km Entfernung  von der Talstation Norefjell gibt&#8217;s 2 Campingpl\u00e4tze, der eine, der eine Website hat und dort auch was vom Winter erw\u00e4hnt, hat auf Nachfrage hin nicht offen. Der andere hat keine Website und EMail-Adresse und m\u00fcsste ich also unbekannterweise morgen Vormittag auf dem Weg anfahren. Jedenfalls sollte ich dann heute von ausgehen, dass ich keinen Strom bekommen werde die n\u00e4chsten Tage, somit aufs Kochen verzichten m\u00fcsste und besser heute auch schon verzichte.<\/p>\n<p>Einkaufen: R\u00e4ucherlachs ist g\u00fcnstiger als Wurst oder Schinken, dann gerne mal wieder R\u00e4ucherlachs (in Scheiben). Ich nahm noch ein Minibaguette (vielleicht 25cm?) mit, leider stand kein Preis ausgeschrieben, sonst h\u00e4tt ich lieber 2-3 Semmeln um unter 5,- genommen, denn an der Kasse wurden da 20,- NOK verlangt, krass!<\/p>\n<p>Die beiden besten Nachtpl\u00e4tze jetzt im Winter auf dem Weg nach Norefjell sind wohl wieder die beiden in\/nahe Hemsedal, zumindest scheint in p4n nichts sinnvolleres eingezeichnet und an dem Rastplatz vor Hemsedal bin ich vor 2 Jahren ja auch einige Male  gestanden. Dann m\u00fcsste ich morgen fr\u00fch aber sehr fr\u00fch losfahren, 1,5h bis zu einem Rastplatz mit WC fahren und dann noch eine halbe Stunde bis ins Skigbiet. Plus tanken plus Campinglpatz anfragen (plus 3h arbeiten).  Getreu dem Motto: wenn du dir nicht 100% sicher bist, dass ein besserer Parkplatz f\u00fcr die Nacht kommt, bleib gleich beim erstbesten, auch wenn er nicht optimal ist, es kommt oft nichts besseres nach.<\/p>\n","protected":false},"excerpt":{"rendered":"<p>So, 14.1.2024<\/p>\n<p>Wichtig gestern+heute w\u00e4re ja, die Skigebietsschneeberichte zu checken, was die jetzt am WE f\u00fcr Lifte und Abfahrten offen haben, ob &#038; wohin ich da n\u00e4chstes WE m\u00f6chte. Gestern war viel wg. Wind geschlossen, daher hoffte ich heute auf mehr Infos. <\/p>\n<p>Eines, das morgens am fr\u00fchesten dran war, war Sirdal, das ich als <a href=\"http:\/\/blog.inmontanis.info\/?p=9674\">[&#8230;]<\/a><\/p>\n","protected":false},"author":1,"featured_media":9676,"comment_status":"closed","ping_status":"closed","sticky":false,"template":"","format":"standard","meta":{"footnotes":""},"categories":[912,18,27,924],"tags":[47],"class_list":["post-9674","post","type-post","status-publish","format-standard","has-post-thumbnail","hentry","category-2023-09-2024-xx-skandinavien","category-norwegennorway","category-skifahren-winterskiing-winter","category-solheisen","tag-sl","odd"],"_links":{"self":[{"href":"http:\/\/blog.inmontanis.info\/index.php?rest_route=\/wp\/v2\/posts\/9674","targetHints":{"allow":["GET"]}}],"collection":[{"href":"http:\/\/blog.inmontanis.info\/index.php?rest_route=\/wp\/v2\/posts"}],"about":[{"href":"http:\/\/blog.inmontanis.info\/index.php?rest_route=\/wp\/v2\/types\/post"}],"author":[{"embeddable":true,"href":"http:\/\/blog.inmontanis.info\/index.php?rest_route=\/wp\/v2\/users\/1"}],"replies":[{"embeddable":true,"href":"http:\/\/blog.inmontanis.info\/index.php?rest_route=%2Fwp%2Fv2%2Fcomments&post=9674"}],"version-history":[{"count":2,"href":"http:\/\/blog.inmontanis.info\/index.php?rest_route=\/wp\/v2\/posts\/9674\/revisions"}],"predecessor-version":[{"id":9677,"href":"http:\/\/blog.inmontanis.info\/index.php?rest_route=\/wp\/v2\/posts\/9674\/revisions\/9677"}],"wp:featuredmedia":[{"embeddable":true,"href":"http:\/\/blog.inmontanis.info\/index.php?rest_route=\/wp\/v2\/media\/9676"}],"wp:attachment":[{"href":"http:\/\/blog.inmontanis.info\/index.php?rest_route=%2Fwp%2Fv2%2Fmedia&parent=9674"}],"wp:term":[{"taxonomy":"category","embeddable":true,"href":"http:\/\/blog.inmontanis.info\/index.php?rest_route=%2Fwp%2Fv2%2Fcategories&post=9674"},{"taxonomy":"post_tag","embeddable":true,"href":"http:\/\/blog.inmontanis.info\/index.php?rest_route=%2Fwp%2Fv2%2Ftags&post=9674"}],"curies":[{"name":"wp","href":"https:\/\/api.w.org\/{rel}","templated":true}]}}