{"id":967,"date":"2009-10-24T23:11:05","date_gmt":"2009-10-24T21:11:05","guid":{"rendered":"http:\/\/blog.inmontanis.info\/?p=967"},"modified":"2023-08-06T21:30:26","modified_gmt":"2023-08-06T19:30:26","slug":"967","status":"publish","type":"post","link":"http:\/\/blog.inmontanis.info\/?p=967","title":{"rendered":"Hochf\u00fcgen &#038; Kitzb\u00fchel, 24.10.2009"},"content":{"rendered":"<p>Hochf\u00fcgen &#038; Kitzb\u00fchel starteten heute in die Wintersaison und getreu meinem Motto &#8220;Nutze die Chance&#8221; hab ich eben gleich beide abgegrast &#8230;.<br \/>\n<!--more--><br \/>\nZuerst nach <strong>Hochf\u00fcgen<\/strong>. Waren doch mehr Autos da, als ich gedacht hatte. Viele Tourengeher. Aber durchaus auch etliche Skipassben\u00fctzer. K\u00f6nnte mir schon vorstellen, dass ein Gro\u00dfteil die Snow Card hatten.<\/p>\n<p>Ge\u00f6ffnet waren:<br \/>\n&#8211; die 8EUB, der anschlie\u00dfende kurze SL und die obere 4SB.<br \/>\n&#8211; Alle Abfahrten in dem Bereich mit Ausnahme der linken schwarzen, im unteren Teil ein paar unproblematische braune Stellen. Die steileren Abfahrten an der 8EUB waren heute morgen nicht in komplett pr\u00e4pariert worden, so dass ca. 10-15cm (Nass-) Neuschneeauflage, der aber erstaunlich gut (locker) zu fahren war. Die ganz linke schwarze wurde nat\u00fcrlich auch befahren :-)<\/p>\n<p>Am schlechtesten ging eigentlich die Abfahrt an der 4SB, weil sie recht schnell zerfahren war.  Am besten ging Mittag die rechte Abfahrt an der 8EUB. Darf allerdings bezweifelt werden, ob die Abfahrten n\u00e4chstes Wochenende auch noch offen sind, bei den weiterhin recht hohen Temperaturen ist es doch recht fraglich, ob die unter der Woche weiterhin beschneien&#8230;<\/p>\n<p><em>[_de]Bilder anklicken zum Vergr\u00f6\u00dfern[\/_de]\u2028[_en]Click photos to enlarge[\/_en]<\/em><\/p>\n<p><a href='http:\/\/ski.inmontanis.info\/d\/105073-2\/P1440304.JPG'><img src=http:\/\/ski.inmontanis.info\/d\/105071-3\/P1440304.JPG \/><\/a><br \/>\n^ Die 8 war auch offen, somit bis auf die 6 alle Abfahrten auf der 8EUB-4SB-Linie. Da hab ich zur Saison\u00f6ffnung im Dezember schon weniger offen gesehen :-)<\/p>\n<p><a href='http:\/\/ski.inmontanis.info\/d\/105057-2\/P1440295.JPG'><img src=http:\/\/ski.inmontanis.info\/d\/105055-3\/P1440295.JPG \/><\/a><br \/>\n^ Gerade noch ausreichend: Die Schneeh\u00f6he an den Talstationen<\/p>\n<p><a href='http:\/\/ski.inmontanis.info\/d\/105061-2\/P1440300.JPG'><img src=http:\/\/ski.inmontanis.info\/d\/105059-3\/P1440300.JPG \/><\/a><br \/>\n^ Schneeband am Ende der 8EUB-Abfahrten<\/p>\n<p><a href='http:\/\/ski.inmontanis.info\/d\/105065-2\/P1440301.JPG'><img src=http:\/\/ski.inmontanis.info\/d\/105063-3\/P1440301.JPG \/><\/a><br \/>\n^ Abfahrt 10<\/p>\n<p><a href='http:\/\/ski.inmontanis.info\/d\/105069-2\/P1440303.JPG'><img src=http:\/\/ski.inmontanis.info\/d\/105067-3\/P1440303.JPG \/><\/a><br \/>\n^ Abfahrt 8<\/p>\n<p><a href='http:\/\/ski.inmontanis.info\/d\/105077-2\/P1440305.JPG'><img src=http:\/\/ski.inmontanis.info\/d\/105075-3\/P1440305.JPG \/><\/a><br \/>\n^ Die gesperrte 6 war oben traumhaft zu fahren<\/p>\n<p><a href='http:\/\/ski.inmontanis.info\/d\/105081-2\/P1440307.JPG'><img src=http:\/\/ski.inmontanis.info\/d\/105079-3\/P1440307.JPG \/><\/a><br \/>\n^ Abfahrt 6, im letzten Teil war der Neuschnee allerdings etwas zu pappig. Ca. 100 Autos am Parkplatz, allerdings etliche davon nur Tourengeher.<\/p>\n<p><a href='http:\/\/ski.inmontanis.info\/d\/105085-2\/P1440310.JPG'><img src=http:\/\/ski.inmontanis.info\/d\/105083-3\/P1440310.JPG \/><\/a><br \/>\n^ Abfahrt 10<\/p>\n<p><a href='http:\/\/ski.inmontanis.info\/d\/105089-2\/P1440312.JPG'><img src=http:\/\/ski.inmontanis.info\/d\/105087-3\/P1440312.JPG \/><\/a><br \/>\n^ Abfahrt 11 an der 4SB. Auch der Off-Piste-Bereich wurde stark genutzt.<\/p>\n<p><a href='http:\/\/ski.inmontanis.info\/d\/105093-2\/P1440314.JPG'><img src=http:\/\/ski.inmontanis.info\/d\/105091-3\/P1440314.JPG \/><\/a><br \/>\n^ Abfahrt 11 und ein (f\u00fcr mich) neuer Schneiteich<\/p>\n<p>Just als die Sonne endlich rauskam (12:45), hab ich&#8217;s aber sein lassen und bin knapp \u00fcber 1,5 Stunden \u00fcber <strong>Kitzb\u00fchel<\/strong> zum Pass Thurn gefahren. Gelegenheiten nutzen und so&#8230;<\/p>\n<p>Mit der Panoramabahn ab Mittelstation hinauf, die Sicht hier war wieder wesentlich schlechter. Die ge\u00f6ffnete 4SB an der Resterh\u00f6he war k\u00fcrzer als die 4SB in Hochf\u00fcgen, durch den wenigeren Neuschnee war die Abfahrt aber fast besser zu fahren. Inoffiziell konnte man auch noch eine zweite Abfahrt fahren. Ohne Beschneiung w\u00e4re hier aber sicher nichts gegangen.<\/p>\n<p><a href='http:\/\/ski.inmontanis.info\/d\/105101-2\/P1440320.JPG'><img src=http:\/\/ski.inmontanis.info\/d\/105099-3\/P1440320.JPG \/><\/a><br \/>\n^ Abfahrt 71 an der 4SB Resterh\u00f6he. Ohne Beschneiung w\u00e4re wohl nichts gegangen.<\/p>\n<p><a href='http:\/\/ski.inmontanis.info\/d\/105105-2\/P1440321.JPG'><img src=http:\/\/ski.inmontanis.info\/d\/105103-3\/P1440321.JPG \/><\/a><br \/>\n^ Inoffiziell konnte man auch die blaue Umfahrungs-Abfahrt fahren. Sicht war allerdings weiterhin recht bescheiden&#8230;.<\/p>\n<p><a href='http:\/\/ski.inmontanis.info\/d\/105109-2\/P1440322.JPG'><img src=http:\/\/ski.inmontanis.info\/d\/105107-3\/P1440322.JPG \/><\/a><br \/>\n^ Oberer Bereich der beiden fahrbaren Abfahrten<\/p>\n<p><a href='http:\/\/ski.inmontanis.info\/d\/105097-2\/P1440324.JPG'><img src=http:\/\/ski.inmontanis.info\/d\/105095-3\/P1440324.JPG \/><\/a><br \/>\n^ Panoramabahn, fast auf kompletter Strecke schneefrei<\/p>\n","protected":false},"excerpt":{"rendered":"<p>Hochf\u00fcgen &#038; Kitzb\u00fchel starteten heute in die Wintersaison und getreu meinem Motto &#8220;Nutze die Chance&#8221; hab ich eben gleich beide abgegrast &#8230;.<\/p>\n<p> <a href=\"http:\/\/blog.inmontanis.info\/?p=967\">[&#8230;]<\/a><\/p>\n","protected":false},"author":1,"featured_media":0,"comment_status":"open","ping_status":"closed","sticky":false,"template":"","format":"standard","meta":{"footnotes":""},"categories":[24,907,904,13,27],"tags":[49,53],"class_list":["post-967","post","type-post","status-publish","format-standard","hentry","category-tagestour","category-kaltenbach-hochfugen","category-kitzbuhel","category-austria","category-skifahren-winterskiing-winter","tag-4sb","tag-8eub","odd"],"_links":{"self":[{"href":"http:\/\/blog.inmontanis.info\/index.php?rest_route=\/wp\/v2\/posts\/967","targetHints":{"allow":["GET"]}}],"collection":[{"href":"http:\/\/blog.inmontanis.info\/index.php?rest_route=\/wp\/v2\/posts"}],"about":[{"href":"http:\/\/blog.inmontanis.info\/index.php?rest_route=\/wp\/v2\/types\/post"}],"author":[{"embeddable":true,"href":"http:\/\/blog.inmontanis.info\/index.php?rest_route=\/wp\/v2\/users\/1"}],"replies":[{"embeddable":true,"href":"http:\/\/blog.inmontanis.info\/index.php?rest_route=%2Fwp%2Fv2%2Fcomments&post=967"}],"version-history":[{"count":4,"href":"http:\/\/blog.inmontanis.info\/index.php?rest_route=\/wp\/v2\/posts\/967\/revisions"}],"predecessor-version":[{"id":3353,"href":"http:\/\/blog.inmontanis.info\/index.php?rest_route=\/wp\/v2\/posts\/967\/revisions\/3353"}],"wp:attachment":[{"href":"http:\/\/blog.inmontanis.info\/index.php?rest_route=%2Fwp%2Fv2%2Fmedia&parent=967"}],"wp:term":[{"taxonomy":"category","embeddable":true,"href":"http:\/\/blog.inmontanis.info\/index.php?rest_route=%2Fwp%2Fv2%2Fcategories&post=967"},{"taxonomy":"post_tag","embeddable":true,"href":"http:\/\/blog.inmontanis.info\/index.php?rest_route=%2Fwp%2Fv2%2Ftags&post=967"}],"curies":[{"name":"wp","href":"https:\/\/api.w.org\/{rel}","templated":true}]}}