{"id":9667,"date":"2024-01-12T18:45:46","date_gmt":"2024-01-12T17:45:46","guid":{"rendered":"http:\/\/blog.inmontanis.info\/?p=9667"},"modified":"2024-01-18T18:55:17","modified_gmt":"2024-01-18T17:55:17","slug":"lofsdalen-12-1-2024-endlich-kssl","status":"publish","type":"post","link":"http:\/\/blog.inmontanis.info\/?p=9667","title":{"rendered":"Lofsdalen, 12.1.2024 &#8211; endlich KSSL"},"content":{"rendered":"<p><strong>Fr, 12.1.2024<\/strong><\/p>\n<p>Um 9:10  wurden die Schilder Ge\u00f6ffnet\/Geschlossen an der Talstation der 6KSB aufgeh\u00e4ngt und demnach w\u00fcrde die obere 6KSB wohl wg. Wind nicht in Betrieb sein, aber diesmal der KSSL offen sein. Das w\u00e4r ja super, wenn ich den endlich mal fahren k\u00f6nnte. Hoffentlich wird der Wind nicht zu schwach ;)<\/p>\n<p>Nach wie vor ist ein Sessel der unteren Sektion mit Sperrband versehen, wie schon zu Weihnachten. Warum man den nicht einfach ausgaragiert?! <\/p>\n<p>Das mit dem KSSL hatte geklappt, er fuhr allerdings langsamer als andere KSSL. Auch der Koks \u00e4h Skogslift fuhr, aber der endet leider etwas zu tief um zum KSSL r\u00fcber zu kommen, geht nur mit Aufstieg, oder eben der unteren KSB :(<\/p>\n<p>Bl\u00f6d war heut auch der obere Verbindungsweg zur rechten Seite, denn weil morgens nicht pr\u00e4pariert, gab&#8217;s viele Windverwehungs-Schneehaufen, die man mangels Sonne aber nicht sehen konnte, also lieber im Pflug fahren.  Auch sonst war der Schnee viel h\u00e4rter als die letzten Tage in T\u00e4nn\u00e4s.<\/p>\n<p><a href='http:\/\/ski.inmontanis.info\/d\/325280-2\/DSC00251.jpg'><img src=http:\/\/ski.inmontanis.info\/d\/325279-3\/DSC00251.jpg \/><\/a><br \/>\n^ Yeah, endlich mal darf ich mit dem KSSL hier fahren!<\/p>\n<p><a href='http:\/\/ski.inmontanis.info\/d\/325284-2\/DSC00253.jpg'><img src=http:\/\/ski.inmontanis.info\/d\/325283-3\/DSC00253.jpg \/><\/a><br \/>\n^ KSSL Toppen 2<\/p>\n<p><a href='http:\/\/ski.inmontanis.info\/d\/325288-2\/DSC00255.jpg'><img src=http:\/\/ski.inmontanis.info\/d\/325287-3\/DSC00255.jpg \/><\/a><br \/>\n^ Die Buckelpiste neben dem KSSL Toppen 2 ist noch nicht sehr buckelig<\/p>\n<p><a href='http:\/\/ski.inmontanis.info\/d\/325292-2\/DSC00256.jpg'><img src=http:\/\/ski.inmontanis.info\/d\/325291-3\/DSC00256.jpg \/><\/a><br \/>\n^ Skogs-SL l\u00e4uft auch ..<\/p>\n<p><a href='http:\/\/ski.inmontanis.info\/d\/325296-2\/DSC00257.jpg'><img src=http:\/\/ski.inmontanis.info\/d\/325295-3\/DSC00257.jpg \/><\/a><br \/>\n^ .. endet aber leider ein St\u00fcck zu weit unten, dass man nicht zum KSSL kommt :-(<\/p>\n<p><a href='http:\/\/ski.inmontanis.info\/d\/325300-3\/DSC00259.jpg'><img src=http:\/\/ski.inmontanis.info\/d\/325299-4\/DSC00259.jpg \/><\/a><br \/>\n^ .. der Ausstieg k\u00f6nnte auch weiter oben sein. Bin hier raufgegangen, weil links dann ein Weg kommt, aber war auch nicht einfacher<\/p>\n<p><a href='http:\/\/ski.inmontanis.info\/d\/325304-3\/DSC00260.jpg'><img src=http:\/\/ski.inmontanis.info\/d\/325303-4\/DSC00260.jpg \/><\/a><br \/>\n^ KSSL Toppen 2 ge\u00f6ffnet. Ob ich jemals den SL Tv\u00e4ren fahren werde k\u00f6nnen?<\/p>\n<p><a href='http:\/\/ski.inmontanis.info\/d\/325308-3\/ge2024012a.jpg'><img src=http:\/\/ski.inmontanis.info\/d\/325307-4\/ge2024012a.jpg \/><\/a><br \/>\n^ 12.1.2024 in Rosa, vorherige Besuche in Gelb und SL Tv\u00e4ren in Rot, der SL rechts daneben ist ja wohl schon lange stillgelegt<\/p>\n<p>Leider muss ich somit feststellen, dass mir T\u00e4nn\u00e4skr\u00f6ket die letzten Tage trotz des nur kurzen ge\u00f6ffneten SL besser gefiel. Unbedingt muss ich nicht nochmals nach Lofsdalen diese Saison und g\u00f6nne ihnen eigentlich nicht nochmals einen Teil meines Saisonskipasses. Auch weil der Tv\u00e4ren-SL ja nie lief bisher und auch andere kleine Sachen, die hier einfach etwas st\u00f6rend sind.<\/p>\n<p>F\u00fcr T\u00e4nn\u00e4s werden mittlerweile in der n\u00e4chsten Woche gegen Ende hin unter -30\u00b0 gemeldet, Bydalen bis zu -26\u00b0 (MO -18, DI+MI -23\u00b0), Storlien auch bis -29\u00b0.<\/p>\n<p>Ich werde mich also WIEDEREINMAL von den Wettervohersagen beeinflussen lassen und die S\u00fcdnorwegentour vorziehen, mit dem Nachteil, sie wegen unter der Woche geschlossener Skigebiete k\u00fcrzen oder um\u00e4ndern zu m\u00fcssen oder wegen noch nicht ge\u00f6ffneter Lifte verk\u00fcrzen zu wollen. <\/p>\n<p>Hat aber auch zumindest 2 Vorteile: Ich bin jetzt nicht umsonst schon soweit im S\u00fcden und ich k\u00f6nnte dann im Februar fr\u00fcher in den Norden. Sofern das temperaturm\u00e4\u00dfig sinnvoll ist&#8230;<\/p>\n<p><a href='http:\/\/extra.inmontanis.info\/d\/102362-3\/DSC00262.jpg'><img src=http:\/\/extra.inmontanis.info\/d\/102361-4\/DSC00262.jpg \/><\/a><br \/>\n^ Abendd\u00e4mmerung um 16:30<\/p>\n<p>Da ich daher heute noch l\u00e4nger fahren w\u00fcrde und keine Lust zum kochen hatte, hielt ich an der OKQ8-Tankstelle mit integrierter Sibylla und wollte W\u00fcrstel mit Pommes kaufen. H\u00e4tte auch Schnitzel mit Pommes um 79,- gegeben, aber als ich die 10 K\u00f6ttbullar mit Kartoffelbrei und Preiselbeeren sah, die nur 55,- kosteten (5 St\u00fcck noch weniger), nahm ich die, hatte ich ja schon lang nicht mehr. Naja, fertiggerichtsm\u00e4\u00dfig stimmte das, aber gek\u00fchlt hab ich  ja gerade eine noch offene Packung dabei und gestern am Toast gegessen, das hatte ich leider in der Tankstelle vergessen. Die 10 waren auch relativ klein und W\u00fcrstl oderSchnitzel mit Pommes w\u00e4r wohl besser gewesen. <\/p>\n<p><a href='http:\/\/extra.inmontanis.info\/d\/102366-3\/DSC00263.jpg'><img src=http:\/\/extra.inmontanis.info\/d\/102365-4\/DSC00263.jpg \/><\/a><br \/>\n^ Portion H\u00fchnchen-K\u00f6ttbullar mit Kartoffelmus und Preiselbeeren von der Tankstelle<\/p>\n<p>War auch nicht so s\u00e4ttigend, daher doch noch ein Hotdog gekauft.<\/p>\n<p>Auf der Fahrt noch am Navi rumgespielt und gecheckt, wieviel km es wieder zur\u00fcck\/hinauf nach Bydalen oder Storlien sind und festgestellt, dass es schon sinnvoll w\u00e4re, wenn ich auch gleich Stranda, das ja weit im Westen n\u00e4he Trondheim liegt, mitnehmen w\u00fcrde. Dann sollte ich also eher 2-3 Wochen jetzt hier in Norwegen bleiben.<\/p>\n<p>Scheiss viel Gegenverkehr heut Abend in Norwegen, vmtl. fahren die alle zu ihren Wochenendh\u00e4usern in Trysil &#038; S\u00e4len.<\/p>\n<p>Um 20:00 einen gro\u00dfen, ruhigen Parkplatz n\u00e4he der Hauptstra\u00dfe (etwas oberhalb) angefahren, wobei der Wetterbericht evtl. 2-5cm Schnee \u00fcber Nacht melden w\u00fcrde. So lang es nicht mehr w\u00fcrde, w\u00e4rs ok. Allerdings noch ca. 3-3,5h Fahrt  zum morgigen Skigebiet (das um 11 Uhr aufmacht), aber in der n\u00e4chsten Stunde g\u00e4b&#8217;s nichts besseres, also blieb ich hier.<\/p>\n","protected":false},"excerpt":{"rendered":"<p>Fr, 12.1.2024<\/p>\n<p>Um 9:10 wurden die Schilder Ge\u00f6ffnet\/Geschlossen an der Talstation der 6KSB aufgeh\u00e4ngt und demnach w\u00fcrde die obere 6KSB wohl wg. Wind nicht in Betrieb sein, aber diesmal der KSSL offen sein. Das w\u00e4r ja super, wenn ich den endlich mal fahren k\u00f6nnte. Hoffentlich wird der Wind nicht zu schwach ;)<\/p>\n<p>Nach wie vor <a href=\"http:\/\/blog.inmontanis.info\/?p=9667\">[&#8230;]<\/a><\/p>\n","protected":false},"author":1,"featured_media":9669,"comment_status":"closed","ping_status":"closed","sticky":false,"template":"","format":"standard","meta":{"footnotes":""},"categories":[912,645,19,27],"tags":[48,47],"class_list":["post-9667","post","type-post","status-publish","format-standard","has-post-thumbnail","hentry","category-2023-09-2024-xx-skandinavien","category-lofsdalen","category-schwedensweden","category-skifahren-winterskiing-winter","tag-kssl","tag-sl","odd"],"_links":{"self":[{"href":"http:\/\/blog.inmontanis.info\/index.php?rest_route=\/wp\/v2\/posts\/9667","targetHints":{"allow":["GET"]}}],"collection":[{"href":"http:\/\/blog.inmontanis.info\/index.php?rest_route=\/wp\/v2\/posts"}],"about":[{"href":"http:\/\/blog.inmontanis.info\/index.php?rest_route=\/wp\/v2\/types\/post"}],"author":[{"embeddable":true,"href":"http:\/\/blog.inmontanis.info\/index.php?rest_route=\/wp\/v2\/users\/1"}],"replies":[{"embeddable":true,"href":"http:\/\/blog.inmontanis.info\/index.php?rest_route=%2Fwp%2Fv2%2Fcomments&post=9667"}],"version-history":[{"count":1,"href":"http:\/\/blog.inmontanis.info\/index.php?rest_route=\/wp\/v2\/posts\/9667\/revisions"}],"predecessor-version":[{"id":9668,"href":"http:\/\/blog.inmontanis.info\/index.php?rest_route=\/wp\/v2\/posts\/9667\/revisions\/9668"}],"wp:featuredmedia":[{"embeddable":true,"href":"http:\/\/blog.inmontanis.info\/index.php?rest_route=\/wp\/v2\/media\/9669"}],"wp:attachment":[{"href":"http:\/\/blog.inmontanis.info\/index.php?rest_route=%2Fwp%2Fv2%2Fmedia&parent=9667"}],"wp:term":[{"taxonomy":"category","embeddable":true,"href":"http:\/\/blog.inmontanis.info\/index.php?rest_route=%2Fwp%2Fv2%2Fcategories&post=9667"},{"taxonomy":"post_tag","embeddable":true,"href":"http:\/\/blog.inmontanis.info\/index.php?rest_route=%2Fwp%2Fv2%2Ftags&post=9667"}],"curies":[{"name":"wp","href":"https:\/\/api.w.org\/{rel}","templated":true}]}}