{"id":9658,"date":"2024-01-08T20:09:22","date_gmt":"2024-01-08T19:09:22","guid":{"rendered":"http:\/\/blog.inmontanis.info\/?p=9658"},"modified":"2024-01-13T20:20:54","modified_gmt":"2024-01-13T19:20:54","slug":"trillevallen-8-1-2024-sturmtag-kurioser-ex-sl","status":"publish","type":"post","link":"http:\/\/blog.inmontanis.info\/?p=9658","title":{"rendered":"Trillevallen, 8.1.2024 \/ Sturmtag \/ Kurioser Ex-SL"},"content":{"rendered":"<p><strong>Mo, 8.1.2024<\/strong><\/p>\n<p>Trillevallen meldet derzeit leider nur einen der Haupt-SL offen, aber wenigstens den mittigen, mit dem ja fast alle Abfahrten zumindest teilweise erreichbar sind. Wenigstens nicht die 4SB, die endet ja deutlich tiefer. Dazu noch der kurze untere linke SL, damit man von den linken Abfahrten wieder zum mittigen SL zur\u00fcckkommt.<\/p>\n<p>F\u00fcr eventuelle 2 Tage Trillevallen m\u00fcsste ich vorher aber noch was einkaufen, zumindest was zum Trinken. und fuhr dann also vom Campingplatz am KSSL Gruvbacken nach Trillevallen; Bydalen w\u00e4re von hier ab Mittag eh zu weit gewesen.<\/p>\n<p>In Trillevallen angekommen, fuhr leider der zentrale SL nicht, es war auch im Tal sehr windig und heute w\u00e4re im Vgl. zu den n\u00e4chsten Tagen ja noch weniger Wind gemeldet. Also werde ich wohl doch nach T\u00e4nn\u00e4s fahren und bleibe heute f\u00fcr ein paar Fahrten am kurzen SL, sofern wenigstens der offen bleiben w\u00fcrde.<\/p>\n<p>Schade, denn temperaturm\u00e4\u00dfig w\u00e4rs mit nur knapp unter 0\u00b0 die Tage schon praktisch zum Freitstehen in Trillevallen und Bydalen gewesen.<\/p>\n<p>\u00dcberraschung, \u00dcberraschung: Es war heut vielleicht sogar mein bester Tag in Trillevallen bisher. Der Lift bot n\u00e4mlich sehr viele Abfahrtsvarianten, in den ca 2,5h bin ich kaum eine doppelt und nicht mal alles gefahren, was m\u00f6glich gewesen w\u00e4re! Und ich hab den ehemaligen SL links entdeckt, ein ganz kurioses Teil.<\/p>\n<p>Es gab ehemalige Abfahrten, anderes Offpistegel\u00e4nde, im Wald ging es auch brauchbar. Allerdings wurde der Sturm ab 14 Uhr auch im SL ungem\u00fclich, wenn aber zum Gl\u00fcck in SL-Fahrtrichtung, denn talw\u00e4rts als Gegenwind hatte man die Pisten sonst runterschieben m\u00fcssen.<\/p>\n<p><a href='http:\/\/ski.inmontanis.info\/d\/284270-3\/DSC03357.jpg'><img src=http:\/\/ski.inmontanis.info\/d\/284269-4\/DSC03357.jpg \/><\/a><br \/>\n^ Pistenplan (2021 fotografiert), heute in Betrieb war also nur SL C, SSL E und (mittlerweile) F\u00f6rderband. Links strichliert der ehemalige Lift, an dem ich heut zuf\u00e4llig gelandet bin und dessen Talstation noch steht!<\/p>\n<p><a href='http:\/\/ski.inmontanis.info\/d\/325084-2\/DSC00158.jpg'><img src=http:\/\/ski.inmontanis.info\/d\/325083-3\/DSC00158.jpg \/><\/a><br \/>\n^ SL Iller, alle weiter raufgehenden Lifte sind wg. Wind leider geschlossen<\/p>\n<p><a href='http:\/\/ski.inmontanis.info\/d\/325088-2\/DSC00159.jpg'><img src=http:\/\/ski.inmontanis.info\/d\/325087-3\/DSC00159.jpg \/><\/a><br \/>\n^ Links unten zu sehen der heute ge\u00f6ffnete SL Iller, rechts im Bild der SL J\u00e4rv, an dem man auch zumindest teilweise abfahren kann, nur von dessen Talstation kommt man schlecht zum SL Iller (viel schieben)<\/p>\n<p><a href='http:\/\/ski.inmontanis.info\/d\/325092-2\/DSC00160.jpg'><img src=http:\/\/ski.inmontanis.info\/d\/325091-3\/DSC00160.jpg \/><\/a><br \/>\n^ Die Abfahrten links vom SL J\u00e4rv (wie \u00fcblich planm\u00e4\u00dfig betrachtet) kann man also auch fahren, man sollte aber eben vor dessen Talstation zur\u00fcckqueren<\/p>\n<p><a href='http:\/\/ski.inmontanis.info\/d\/325096-2\/DSC00162.jpg'><img src=http:\/\/ski.inmontanis.info\/d\/325095-3\/DSC00162.jpg \/><\/a><br \/>\n^ 3 weitere Abfahrtsvarianten links vom SL J\u00e4rv<\/p>\n<p><a href='http:\/\/ski.inmontanis.info\/d\/325100-2\/DSC00163.jpg'><img src=http:\/\/ski.inmontanis.info\/d\/325099-3\/DSC00163.jpg \/><\/a><br \/>\n^ Oder man kann auch im Wald fahren<\/p>\n<p><a href='http:\/\/ski.inmontanis.info\/d\/325104-2\/DSC00166.jpg'><img src=http:\/\/ski.inmontanis.info\/d\/325103-3\/DSC00166.jpg \/><\/a><br \/>\n^ Den SL J\u00e4rv zu queren ist teils schwierig, weil er tief im Graben verl\u00e4uft<\/p>\n<p><a href='http:\/\/ski.inmontanis.info\/d\/325108-3\/DSC00168.jpg'><img src=http:\/\/ski.inmontanis.info\/d\/325107-4\/DSC00168.jpg \/><\/a><br \/>\n^ Noch weiter links drau\u00dfen ist im Plan ein stillgelegter Lift gestrichelt eingezeichnet &#8211; da bin ich jetzt!<\/p>\n<p><a href='http:\/\/ski.inmontanis.info\/d\/325112-3\/DSC00170.jpg'><img src=http:\/\/ski.inmontanis.info\/d\/325111-4\/DSC00170.jpg \/><\/a><br \/>\n^ Sogar die Talstation von dem ehemaligen Lift steht noch!! Coool. Und es wird noch cooler!<\/p>\n<p><a href='http:\/\/ski.inmontanis.info\/d\/325116-3\/DSC00171.jpg'><img src=http:\/\/ski.inmontanis.info\/d\/325115-4\/DSC00171.jpg \/><\/a><br \/>\n^ Ex-SL-Trasse mit seinen beiden ehemaligen Abfahrten<\/p>\n<p><a href='http:\/\/ski.inmontanis.info\/d\/325120-3\/DSC00172.jpg'><img src=http:\/\/ski.inmontanis.info\/d\/325119-4\/DSC00172.jpg \/><\/a><br \/>\n^ Sabber, was ist das denn bitte f\u00fcr ein Lift gewesen???<\/p>\n<p><a href='http:\/\/ski.inmontanis.info\/d\/325124-3\/DSC00173.jpg'><img src=http:\/\/ski.inmontanis.info\/d\/325123-4\/DSC00173.jpg \/><\/a><br \/>\n^ 160hm machte er. War das ein Pendellift? Oder so ein Bring-your-own-B\u00fcgel &#8211; Lift wie ich ihn in Kirgisistan fahren durfte?<\/p>\n<p><a href='http:\/\/ski.inmontanis.info\/d\/325128-2\/DSC00174.jpg'><img src=http:\/\/ski.inmontanis.info\/d\/325127-3\/DSC00174.jpg \/><\/a><br \/>\n^ Schade schade stillgelegt<\/p>\n<p><a href='http:\/\/ski.inmontanis.info\/d\/325132-2\/DSC00175.jpg'><img src=http:\/\/ski.inmontanis.info\/d\/325131-3\/DSC00175.jpg \/><\/a><br \/>\n^ Man beachte auch die dreiseitigen Fachwerkst\u00fctzen!<\/p>\n<p><a href='http:\/\/ski.inmontanis.info\/d\/325136-2\/DSC00176.jpg'><img src=http:\/\/ski.inmontanis.info\/d\/325135-3\/DSC00176.jpg \/><\/a><br \/>\n^ Von der Talstation geht diese Trasse weiter hinunter, hier k\u00e4me man zum SL J\u00e4rv, aber weil ich dann ja nicht zum SL Iller r\u00fcberschieben wollte, fuhr ich stattdessen links durch den Wald.<\/p>\n<p><a href='http:\/\/ski.inmontanis.info\/d\/325140-3\/DSC00178.jpg'><img src=http:\/\/ski.inmontanis.info\/d\/325139-4\/DSC00178.jpg \/><\/a><br \/>\n^ Nochmals der geniale alte Lift von der Seite<\/p>\n<p>Der Seillift-Vorg\u00e4nger des F\u00f6rderbands sah ja etwas \u00e4hnlich, aber doch ganz anders aus:<br \/>\n<a href='http:\/\/ski.inmontanis.info\/d\/284326-3\/DSC03388.jpg'><img src=http:\/\/ski.inmontanis.info\/d\/284325-4\/DSC03388.jpg \/><\/a><br \/>\n^ 25.1.2021<\/p>\n<p><a href='http:\/\/ski.inmontanis.info\/d\/325144-3\/ge20240108e.jpg'><img src=http:\/\/ski.inmontanis.info\/d\/325143-3\/ge20240108e.jpg \/><\/a><br \/>\n^ GPS-Track 8.1.2024 in T\u00fcrkis, vorherige Besuche in Orange. Wer h\u00e4tte gedacht, dass es am SL Iller soooo viele Abfahrtsm\u00f6glichkeiten gibt! Und rechts bin ich ja gar nicht alles gefahren!<\/p>\n<p>Von dem her k\u00f6nnte ich also morgen tats\u00e4chlich nochmals einen Tag hier einlegen, aber was hilfts mir im Hinblick auf MI und DO? <\/p>\n<p>Bin also um 15h in die V\u00e4rmestuga und hab nochmals die Wettervorhersagen gecheckt. Die n\u00e4chsten 3 Tage gleich oder etwas windiger wie heute. Zumindest am MI k\u00f6nnte aber auch in T\u00e4nn\u00e4s der K2-SL wg. WInd nicht fahren. Oder man m\u00fcsste wegen Windrichtung zur Talstation schieben in dem flachen unteren Teil.<\/p>\n<p>Eigentlich h\u00e4tt ich mangels beserer Alternativen heut wieder in \u00c5sarna schlafen wollen und dann auch das, wenn auch abends etwas teurere, Buffetessen (um 145,- also unter 13 \u20ac, aber nat\u00fcrlich trotzdem g\u00fcnstig) kaufen wollen. Vor Svenstavik war aber der eine Parkplatz diesmal ger\u00e4umt und weil es ja so warm ist (nur -1\u00b0) k\u00f6nnte man sich die Kosten f\u00fcr den, wenn auch so g\u00fcnstigen Campingplatz (220,- waren es ja glaub ich) heute ja eigentlich schon sparen. Wenn ich dann eh schon in T\u00e4nn\u00e4s zahlen w\u00fcrde.<\/p>\n<p>Dann m\u00fcsste ich morgen noch irgendwo einkaufen f\u00fcr den Rest der Woche und ggf. morgens noch ein St\u00fcndchen fahren und einen &#8220;halben Tag&#8221; freinehmen. <\/p>\n<p>Um 19 Uhr kam ein LKW, der f\u00fcr eine Stunde immer mal wieder ein St\u00fcck vor und zur\u00fcck fuhr und irgendwas \u00fcberpr\u00fcfte. Danach hatte er sein Problem wohl gel\u00f6st (oder ignoriert) und fuhr wieder weiter.<\/p>\n<p>Um 00:10 bin ich aufgeschreckt aufgewacht, weil ein Schuss oder Knall zu h\u00f6ren war. Galt das mir?<\/p>\n<p>Kleine Vorschau auf die n\u00e4chsten Berichte, weil ich gerade etwas in Verzug bin, es folgt:<br \/>\n&#8211; 3 Tage T\u00e4nn\u00e4skr\u00f6ket mit starkem Wind + Track\/POI-\u00dcbersicht der bisherigen Reise<br \/>\n&#8211; 1 Tag Lofsdalen<br \/>\n&#8211; und dann k\u00e4ltebedingt (es sind mal wieder -30\u00b0 vorhergesagt) nun doch schon die S\u00fcdnorwegentour. (Und &#8220;S\u00fcdnorwegen&#8221; ist f\u00fcr mich alles bis ca. Trondheim.)<\/p>\n","protected":false},"excerpt":{"rendered":"<p>Mo, 8.1.2024<\/p>\n<p>Trillevallen meldet derzeit leider nur einen der Haupt-SL offen, aber wenigstens den mittigen, mit dem ja fast alle Abfahrten zumindest teilweise erreichbar sind. Wenigstens nicht die 4SB, die endet ja deutlich tiefer. Dazu noch der kurze untere linke SL, damit man von den linken Abfahrten wieder zum mittigen SL zur\u00fcckkommt.<\/p>\n<p>F\u00fcr eventuelle 2 <a href=\"http:\/\/blog.inmontanis.info\/?p=9658\">[&#8230;]<\/a><\/p>\n","protected":false},"author":1,"featured_media":9660,"comment_status":"closed","ping_status":"closed","sticky":false,"template":"","format":"standard","meta":{"footnotes":""},"categories":[912,19,27,624],"tags":[47],"class_list":["post-9658","post","type-post","status-publish","format-standard","has-post-thumbnail","hentry","category-2023-09-2024-xx-skandinavien","category-schwedensweden","category-skifahren-winterskiing-winter","category-trillevallen","tag-sl","odd"],"_links":{"self":[{"href":"http:\/\/blog.inmontanis.info\/index.php?rest_route=\/wp\/v2\/posts\/9658","targetHints":{"allow":["GET"]}}],"collection":[{"href":"http:\/\/blog.inmontanis.info\/index.php?rest_route=\/wp\/v2\/posts"}],"about":[{"href":"http:\/\/blog.inmontanis.info\/index.php?rest_route=\/wp\/v2\/types\/post"}],"author":[{"embeddable":true,"href":"http:\/\/blog.inmontanis.info\/index.php?rest_route=\/wp\/v2\/users\/1"}],"replies":[{"embeddable":true,"href":"http:\/\/blog.inmontanis.info\/index.php?rest_route=%2Fwp%2Fv2%2Fcomments&post=9658"}],"version-history":[{"count":2,"href":"http:\/\/blog.inmontanis.info\/index.php?rest_route=\/wp\/v2\/posts\/9658\/revisions"}],"predecessor-version":[{"id":9661,"href":"http:\/\/blog.inmontanis.info\/index.php?rest_route=\/wp\/v2\/posts\/9658\/revisions\/9661"}],"wp:featuredmedia":[{"embeddable":true,"href":"http:\/\/blog.inmontanis.info\/index.php?rest_route=\/wp\/v2\/media\/9660"}],"wp:attachment":[{"href":"http:\/\/blog.inmontanis.info\/index.php?rest_route=%2Fwp%2Fv2%2Fmedia&parent=9658"}],"wp:term":[{"taxonomy":"category","embeddable":true,"href":"http:\/\/blog.inmontanis.info\/index.php?rest_route=%2Fwp%2Fv2%2Fcategories&post=9658"},{"taxonomy":"post_tag","embeddable":true,"href":"http:\/\/blog.inmontanis.info\/index.php?rest_route=%2Fwp%2Fv2%2Ftags&post=9658"}],"curies":[{"name":"wp","href":"https:\/\/api.w.org\/{rel}","templated":true}]}}