{"id":9654,"date":"2024-01-07T19:55:20","date_gmt":"2024-01-07T18:55:20","guid":{"rendered":"http:\/\/blog.inmontanis.info\/?p=9654"},"modified":"2024-01-11T20:09:54","modified_gmt":"2024-01-11T19:09:54","slug":"gruvbacken-ruckseite-are-7-1-2024","status":"publish","type":"post","link":"http:\/\/blog.inmontanis.info\/?p=9654","title":{"rendered":"Gruvbacken (R\u00fcckseite \u00c5re), 7.1.2024"},"content":{"rendered":"<p><strong>So, 7.1.2024<\/strong><\/p>\n<p>-22\u00b0 laut Auto morgens in Storlien, k\u00f6nnte die k\u00e4lteste Nacht jetzt hier gewesen sein. Das Stromkabel aufzurollen war bei diesen Temperaturen quasi unm\u00f6glich, man konnte es nur noch mit Kraftaufwand verbiegen.<\/p>\n<p>Ich entschied mich also doch Gruvbacken heute zu fahren, morgen Trillevallen oder Bydalen und dann T\u00e4nn\u00e4s bis Ende der Woche zu bleiben. Auf der Fahrt nach \u00c5re hatte ich mal -25\u00b0 und trotz der ja weiterhin kalten Temperatuen meckert das TPMS nun nicht mehr \u00fcber zu niedrigen Luftdruck, er stieg in letzter Zeit auch wieder an, als noch gemeckert wurde.<\/p>\n<p><a href='http:\/\/extra.inmontanis.info\/d\/102286-3\/DSC00102.jpg'><img src=http:\/\/extra.inmontanis.info\/d\/102285-4\/DSC00102.jpg \/><\/a><br \/>\n^ N\u00e4he Storlien, Fahrtrichtung \u00c5re<\/p>\n<p><a href='http:\/\/extra.inmontanis.info\/d\/102290-3\/DSC00105.jpg'><img src=http:\/\/extra.inmontanis.info\/d\/102289-4\/DSC00105.jpg \/><\/a><br \/>\n^ Vor \u00c5re<\/p>\n<p><a href='http:\/\/extra.inmontanis.info\/d\/102294-3\/DSC00108.jpg'><img src=http:\/\/extra.inmontanis.info\/d\/102293-4\/DSC00108.jpg \/><\/a><br \/>\n^ Elch, schon der dritte auf dieser Reise. Normalerweise seh ich meist nur einen pro Skandinavientour oder gar keinen .. Auch ein Reh hatte ich \u00fcber die Stra\u00dfe vorbeihuschen und Rentiere gabs auch. <\/p>\n<p><a href='http:\/\/extra.inmontanis.info\/d\/102298-3\/DSC00111.jpg'><img src=http:\/\/extra.inmontanis.info\/d\/102297-4\/DSC00111.jpg \/><\/a><br \/>\n^ Skigebiet \u00c5re<\/p>\n<p><a href='http:\/\/extra.inmontanis.info\/d\/102302-3\/DSC00116.jpg'><img src=http:\/\/extra.inmontanis.info\/d\/102301-4\/DSC00116.jpg \/><\/a><br \/>\n^ \u00c5re<\/p>\n<p><a href='http:\/\/extra.inmontanis.info\/d\/102306-3\/DSC00118.jpg'><img src=http:\/\/extra.inmontanis.info\/d\/102305-4\/DSC00118.jpg \/><\/a><br \/>\n^ \u00c5re-Hus\u00e5<\/p>\n<p><a href='http:\/\/extra.inmontanis.info\/d\/102310-3\/DSC00122.jpg'><img src=http:\/\/extra.inmontanis.info\/d\/102309-4\/DSC00122.jpg \/><\/a><br \/>\n^ \u00c5re-Hus\u00e5, unten im Tal liegt Nebel!?<\/p>\n<p>Um 10:40 war ich am KSSL-Parkplatz, die Passstra\u00dfe von \u00c5re-Bj\u00f6rnen jetzt im Winter angenehm zu fahren, aber der KSSL lief nicht! Ah, es kamen jetzt erst die ersten G\u00e4ste und er wurde eingschaltet.<\/p>\n<p>&#128681; Gespeicherte Geolocation &#8211; Karte anzeigen: <a href='https:\/\/www.google.com\/maps\/@?api=1&#038;map_action=map&#038;center=63.4872583,13.1193117&#038;zoom=12&#038;basemap=terrain' target=_blank> GoogleMaps<\/a> &#128681; <a href='https:\/\/www.openstreetmap.org\/?&#038;mlat=63.4872583&#038;mlon=13.1193117#map=10\/63.4872583\/13.1193117&#038;layers=P' target=_blank> OSM &#128681;<\/a><\/p>\n<p>Ich fragte gleich wg. eines Campingstellplatzes nach, er sei sich nicht sicher, letztes Jahr kostete es 250,-, also vmtl. 300,- heuer, wollte aber noch nachfragen. Nachmittags hie\u00df es dann, der neue Preis w\u00e4re 395 (!!), aber weil er mir schon 300,- sagte, bliebe es bei den 300. Jaja, kaum gibts neue Eigent\u00fcmer, gehen die Preise nach oben. Ich meinte aber noch, dass 395,- etwas teuer f\u00fcr so ein kleines Skigebiet wie hier w\u00e4ren und der Liftler gab mir recht.<\/p>\n<p>Man steht jedenfalls, wie schon zuvor fast erwartet, direkt am Lifthaus, wo ich bereits geparkt hatte, und nimmt sich den Strom von den Schukosteckdosen an der Au\u00dfenwand; 10A lt. Mitarbeiter. <\/p>\n<p>Nachtmittags waren laut Auto immer noch -17\u00b0, die W\u00e4rme soll wohl erst morgen kommen.<\/p>\n<p>Keine einzige Abfahrt war frisch pr\u00e4pariert, vermutlich wird das n\u00e4chstes WE mit dem Neuschnee und Neupr\u00e4parierung dann besser gehen. Die Freeride-Schwarzen waren fast zu gut eingefahren, aber noch griffig.<\/p>\n<p>Die &#8220;ungez\u00fcgelte Wildheit&#8221; des KSSL passt hier nat\u00fcrlich zu den steilen schwarzen Abfahrten, aber immerhin gibt&#8217;s keinen fliegenden Katapultstart, allerdings auch eine steile Abfahrtsrampe (oder Anfahtrsrampe?), so dass man die Stange ja w\u00e4hrend der Fahrt nimmt.<\/p>\n<p><a href='http:\/\/ski.inmontanis.info\/d\/325000-2\/DSC00124.jpg'><img src=http:\/\/ski.inmontanis.info\/d\/324999-3\/DSC00124.jpg \/><\/a><br \/>\n^ Der KSSL existiert noch<\/p>\n<p><a href='http:\/\/ski.inmontanis.info\/d\/325004-2\/DSC00127.jpg'><img src=http:\/\/ski.inmontanis.info\/d\/325003-3\/DSC00127.jpg \/><\/a><br \/>\n^ Abfahrten. Leider liegt das Skigebiet halt hinter dem steilen Areskutan momentan ganztags im Schatten, schade um den sonnigen Sonntag heute.<\/p>\n<p><a href='http:\/\/ski.inmontanis.info\/d\/325008-2\/DSC00128.jpg'><img src=http:\/\/ski.inmontanis.info\/d\/325007-3\/DSC00128.jpg \/><\/a><br \/>\n^ Rechte schwarze Abfahrt (unpr\u00e4pariert)<\/p>\n<p><a href='http:\/\/ski.inmontanis.info\/d\/325012-2\/DSC00129.jpg'><img src=http:\/\/ski.inmontanis.info\/d\/325011-3\/DSC00129.jpg \/><\/a><br \/>\n^ Rechte schwarze Abfahrt (unpr\u00e4pariert)<\/p>\n<p><a href='http:\/\/ski.inmontanis.info\/d\/325016-2\/DSC00130.jpg'><img src=http:\/\/ski.inmontanis.info\/d\/325015-3\/DSC00130.jpg \/><\/a><br \/>\n^ Die 3 Hauptabfahrten<\/p>\n<p><a href='http:\/\/ski.inmontanis.info\/d\/325020-2\/DSC00131.jpg'><img src=http:\/\/ski.inmontanis.info\/d\/325019-3\/DSC00131.jpg \/><\/a><br \/>\n^ Die kurze obere (unpr\u00e4parierte) Variante ging heut auch gut zu fahren<\/p>\n<p><a href='http:\/\/ski.inmontanis.info\/d\/325024-2\/DSC00132.jpg'><img src=http:\/\/ski.inmontanis.info\/d\/325023-3\/DSC00132.jpg \/><\/a><br \/>\n^ Linke schwarze Abfahrt (unpr\u00e4pariert)<\/p>\n<p><a href='http:\/\/ski.inmontanis.info\/d\/325028-2\/DSC00136.jpg'><img src=http:\/\/ski.inmontanis.info\/d\/325027-3\/DSC00136.jpg \/><\/a><br \/>\n^ Linke schwarze Abfahrt (unpr\u00e4pariert)<\/p>\n<p><a href='http:\/\/ski.inmontanis.info\/d\/325032-2\/DSC00137.jpg'><img src=http:\/\/ski.inmontanis.info\/d\/325031-3\/DSC00137.jpg \/><\/a><br \/>\n^ Am Ende der linken schwarzen Abfahrt, wenn man nicht durch den steilen Wald will, muss man ja diesen Weg nehmen &#8211; bl\u00f6derweise ist da einer mit seinem Quad raufgefahren!!!<\/p>\n<p><a href='http:\/\/ski.inmontanis.info\/d\/325036-2\/DSC00138.jpg'><img src=http:\/\/ski.inmontanis.info\/d\/325035-3\/DSC00138.jpg \/><\/a><br \/>\n^ KSSL und Abfahrten<\/p>\n<p><a href='http:\/\/ski.inmontanis.info\/d\/325040-2\/DSC00139.jpg'><img src=http:\/\/ski.inmontanis.info\/d\/325039-3\/DSC00139.jpg \/><\/a><br \/>\n^ Ganz rechte Abfahrt, auch abwechslungsreicher und nicht nur ein gr\u00fcner Skiweg<\/p>\n<p><a href='http:\/\/ski.inmontanis.info\/d\/325044-2\/DSC00141.jpg'><img src=http:\/\/ski.inmontanis.info\/d\/325043-3\/DSC00141.jpg \/><\/a><br \/>\n^ Kurze Hintenrumvariante von der Bergstation aus<\/p>\n<p><a href='http:\/\/ski.inmontanis.info\/d\/325048-2\/DSC00142.jpg'><img src=http:\/\/ski.inmontanis.info\/d\/325047-3\/DSC00142.jpg \/><\/a><br \/>\n^ Im Wald<\/p>\n<p><a href='http:\/\/ski.inmontanis.info\/d\/325052-2\/DSC00144.jpg'><img src=http:\/\/ski.inmontanis.info\/d\/325051-3\/DSC00144.jpg \/><\/a><br \/>\n^ Anderswo im Wald<\/p>\n<p><a href='http:\/\/ski.inmontanis.info\/d\/325056-2\/DSC00146.jpg'><img src=http:\/\/ski.inmontanis.info\/d\/325055-3\/DSC00146.jpg \/><\/a><br \/>\n^ Plateau links von der Bergstation<\/p>\n<p><a href='http:\/\/ski.inmontanis.info\/d\/325060-2\/DSC00147.jpg'><img src=http:\/\/ski.inmontanis.info\/d\/325059-3\/DSC00147.jpg \/><\/a><br \/>\n^ Plateau links von der Bergstation<\/p>\n<p><a href='http:\/\/ski.inmontanis.info\/d\/325064-2\/DSC00148.jpg'><img src=http:\/\/ski.inmontanis.info\/d\/325063-3\/DSC00148.jpg \/><\/a><br \/>\n^ KSSL Bergstation um 14:25 Uhr<\/p>\n<p><a href='http:\/\/ski.inmontanis.info\/d\/325068-2\/DSC00149.jpg'><img src=http:\/\/ski.inmontanis.info\/d\/325067-3\/DSC00149.jpg \/><\/a><br \/>\n^ KSSL Bergstation um 14:25 Uhr<\/p>\n<p><a href='http:\/\/ski.inmontanis.info\/d\/325072-2\/DSC00151.jpg'><img src=http:\/\/ski.inmontanis.info\/d\/325071-3\/DSC00151.jpg \/><\/a><br \/>\n^ KSSL Bergstation um 14:25 Uhr<\/p>\n<p><a href='http:\/\/ski.inmontanis.info\/d\/325076-2\/DSC00153.jpg'><img src=http:\/\/ski.inmontanis.info\/d\/325075-3\/DSC00153.jpg \/><\/a><br \/>\n^ Nachmittagsd\u00e4mmerung um 14:45 ;)<\/p>\n<p><a href='http:\/\/ski.inmontanis.info\/d\/325080-2\/ge20240107a.jpg'><img src=http:\/\/ski.inmontanis.info\/d\/325079-3\/ge20240107a.jpg \/><\/a><br \/>\n^ GPS-Track 7.1.2024 in Magenta; vorherige Besuche in Gelb<\/p>\n<p>Im neuen Servicegeb\u00e4ude gibt es sch\u00f6ne Einzelduschkabinen und endlich mal einen Trockenraum, da sollte man sich also mal wieder duschen. Allerdings hat der Raum mit den Duschen und WCs nur 18\u00b0 und 18\u00b0 Duschraumtemperatur sind verdammt sch.. sch&#8230; schhnnnn&#8230; schhnnnnn.. schnnnaaa&#8230;  schnanananaaa &#8230;  schnnnattrig kalt. Kostete \u00dcberwindung, das warme Wasser abzudrehen und meine Z\u00e4hne klapperten.<\/p>\n<p>Nach Trillevallen sind es morgen Vormittag ca. eine Stunde Fahrt, wobei es \u00fcber den Pass via Bj\u00f6rnen ca. 8km k\u00fcrzer ist als  vornrum via J\u00e4rpen. Wetterm\u00e4\u00dfig k\u00f6nnte es ja 2 Tage brauchbar in Trillevallen werden und auch am MI vielleicht nur wenig Regen; aber es bleibt abzuwarten, wieviel jetzt unter der Woche noch offen ist (hoffentlich nicht die 4SB, lieber die linken 2 der 3 Gipfel-SL stattdessen) und was wg. Wind geschlossen wird, Bydalen wird windm\u00e4\u00dfig auch wenig lohnenswert und wenn ich dann eh schon die Woche den weiten Weg nochmals nach T\u00e4nn\u00f6s fahre, dann wohl lieber gleich schon am Dienstag dort?!<\/p>\n<p>Nachdem ich nun schon wieder 4 Tage Nudeln-Sahne-K\u00e4se-Speck-Tomatenmark-Pfeffer gegegessen hab, ist die 3. Speck-Packung auch schon weg und immer noch lecker.<\/p>\n<p><a href='http:\/\/extra.inmontanis.info\/d\/102314-3\/DSC00155.jpg'><img src=http:\/\/extra.inmontanis.info\/d\/102313-4\/DSC00155.jpg \/><\/a><br \/>\n^ Abgenippelt &#8211; das Kabel vom ThermIC-Schuhheizungsakkuladeger\u00e4t<\/p>\n<p>K\u00f6nnte man wohl noch l\u00f6ten, aber ich hab ja noch das Ersatznetzteil dabei. Mal wieder ein Hoch auf meinen bei Abfahrt erstellten Index dieses Mal, wo ich was verr\u00e4umt hab.<\/p>\n","protected":false},"excerpt":{"rendered":"<p>So, 7.1.2024<\/p>\n<p>-22\u00b0 laut Auto morgens in Storlien, k\u00f6nnte die k\u00e4lteste Nacht jetzt hier gewesen sein. Das Stromkabel aufzurollen war bei diesen Temperaturen quasi unm\u00f6glich, man konnte es nur noch mit Kraftaufwand verbiegen.<\/p>\n<p>Ich entschied mich also doch Gruvbacken heute zu fahren, morgen Trillevallen oder Bydalen und dann T\u00e4nn\u00e4s bis Ende der Woche zu bleiben. <a href=\"http:\/\/blog.inmontanis.info\/?p=9654\">[&#8230;]<\/a><\/p>\n","protected":false},"author":1,"featured_media":9656,"comment_status":"closed","ping_status":"closed","sticky":false,"template":"","format":"standard","meta":{"footnotes":""},"categories":[912,669,19,27],"tags":[48],"class_list":["post-9654","post","type-post","status-publish","format-standard","has-post-thumbnail","hentry","category-2023-09-2024-xx-skandinavien","category-gruvbacken","category-schwedensweden","category-skifahren-winterskiing-winter","tag-kssl","odd"],"_links":{"self":[{"href":"http:\/\/blog.inmontanis.info\/index.php?rest_route=\/wp\/v2\/posts\/9654","targetHints":{"allow":["GET"]}}],"collection":[{"href":"http:\/\/blog.inmontanis.info\/index.php?rest_route=\/wp\/v2\/posts"}],"about":[{"href":"http:\/\/blog.inmontanis.info\/index.php?rest_route=\/wp\/v2\/types\/post"}],"author":[{"embeddable":true,"href":"http:\/\/blog.inmontanis.info\/index.php?rest_route=\/wp\/v2\/users\/1"}],"replies":[{"embeddable":true,"href":"http:\/\/blog.inmontanis.info\/index.php?rest_route=%2Fwp%2Fv2%2Fcomments&post=9654"}],"version-history":[{"count":2,"href":"http:\/\/blog.inmontanis.info\/index.php?rest_route=\/wp\/v2\/posts\/9654\/revisions"}],"predecessor-version":[{"id":9657,"href":"http:\/\/blog.inmontanis.info\/index.php?rest_route=\/wp\/v2\/posts\/9654\/revisions\/9657"}],"wp:featuredmedia":[{"embeddable":true,"href":"http:\/\/blog.inmontanis.info\/index.php?rest_route=\/wp\/v2\/media\/9656"}],"wp:attachment":[{"href":"http:\/\/blog.inmontanis.info\/index.php?rest_route=%2Fwp%2Fv2%2Fmedia&parent=9654"}],"wp:term":[{"taxonomy":"category","embeddable":true,"href":"http:\/\/blog.inmontanis.info\/index.php?rest_route=%2Fwp%2Fv2%2Fcategories&post=9654"},{"taxonomy":"post_tag","embeddable":true,"href":"http:\/\/blog.inmontanis.info\/index.php?rest_route=%2Fwp%2Fv2%2Ftags&post=9654"}],"curies":[{"name":"wp","href":"https:\/\/api.w.org\/{rel}","templated":true}]}}