{"id":9645,"date":"2024-01-05T19:57:05","date_gmt":"2024-01-05T18:57:05","guid":{"rendered":"http:\/\/blog.inmontanis.info\/?p=9645"},"modified":"2024-01-07T20:13:53","modified_gmt":"2024-01-07T19:13:53","slug":"storlien-3-5-1-2024","status":"publish","type":"post","link":"http:\/\/blog.inmontanis.info\/?p=9645","title":{"rendered":"Storlien, 3.-5.1.2024"},"content":{"rendered":"<p><strong>Mi, 3.1.2024<\/strong> (Fortsetzung)<\/p>\n<p>Der Stellplatz in Storlien (&#8220;Stur&#8217;liien&#8221;) ist ja nicht nur direkt am Skigebietsparkplatz, man bekommt auch einen Code f\u00fcr die V\u00e4rmestuga und da soll man dann den Schl\u00fcssel f\u00fcr den Strom nehmen k\u00f6nnen.<\/p>\n<p>Die St\u00e4llpl\u00e4tze sind etwas rundherum um den Parkplatz verteilt, wobei die n\u00e4heren am SL\/WC von Pistenraupenteilen belegt sind, dann kam ein Wohnwagen, dann ein Traktor und ein weiterer Anh\u00e4nger, somit bleiben noch 4 frei, denn auf der S\u00fcdseite gibts wohl noch keine S\u00e4ulen, f\u00e4ngt mit Nummer 9 an, also 1-8 fehlen zumindest hier. <\/p>\n<p>Die Spikes an den Schuhen sind hier momentan auch sinnvoll, weil glatt abgeblasen alles.<\/p>\n<p>Leider ging der scheiss Code an der T\u00fcr nicht und das Telefon nur bis 20:00 besetzt und jetzt schon 21 Uhr. Wollte schon zum Hotel  rauffahren, vielleicht w\u00e4r ja da doch noch irgendein Nachtportier da oder soll ich mal den Alarmknopf an dem Codeschloss dr\u00fccken? Aber dann dachte ich, schau mal, ob vielleicht einer der Stromanschl\u00fcsse nicht abgesperrt ist, wie es ja hin und wieder der Fall ist.<\/p>\n<p>Gleich bei Stroms\u00e4ule Nr. 10 hatte ich Gl\u00fcck und es stecke sogar der Schl\u00fcssel und so bekam ich doch  noch Strom. Au\u00dfer es steht hier jemand anders, der nur gerade unterwegs ist und sp\u00e4ter wieder kommt&#8230;<\/p>\n<p>Wie lang ich jetzt hier bleibe, kommt nat\u00fcrlich auf&#8217;s Wetter an, n\u00e4chste Woche entweder viel Sturm oder viel Schnee um die 0\u00b0 gemeldet. Ich h\u00e4tt ja gern den KSSL in Gruvbacken auf dem Weg mitgenommen bzw. dann richtung Bydalen demn\u00e4chst, aber ab n\u00e4chster Woche ist der ja nur noch am WE in Betrieb bis zum Fr\u00fchjahr.<\/p>\n<p>M\u00f6glich w\u00e4re also<br \/>\n&#8211; nur 2 Tage in Storlien, dann SA+SO Gruvbacken, ggf. noch 2-3 Tage Trillevallen und den Rest der Woche in Bydalen, weil dort besser gemeldet wird<br \/>\n&#8211; oder bis SO oder MO hier bleiben solang es sinnvoll bleibt, dann evtl noch kurzer Zwischenhalt in Trillevallen und nach Bydalen<br \/>\n&#8211; optimal w\u00e4re, wenn es wetterm\u00e4\u00dfig bis ca. DI\/MI hier klappt, dann Trillevallen 2-3 Tage brauchbar w\u00e4re und dann Gruvbacken am WE. Aber bei den momentanen Vorhersagen wohl eher nicht. Wobei es auch mit Bydalen eng werden wird, was obere Lifte und Wind betrift.<br \/>\nAber mehrere Tage um die 10mm Niederschlag hier bei 0\u00b0, also evtl. auch noch als Regen, das brauch ich nicht.<\/p>\n<p>Wie bescheuert ist das denn schon wieder, da hat&#8217;s diese Woche teils -40\u00b0 in Schweden und dann n\u00e4chste Woche bisschen weiter s\u00fcdlich: Regen bei \u00fcber 0\u00b0. Und selbt in Vilhelmina, die da zuletzt knapp an den -40 vorbei geschrammt sind, soll&#8217;s n\u00e4chste Woche wieder Plusgrade geben. Innerhalb einer Woche 40 Grad Temperaturunterschied!<\/p>\n<p><strong>Do, 4.1.2024<\/strong><\/p>\n<p>Meine Cam wollte heute keine Bilder aufnehmen. Kein Speicherplatz auf SD-Karte. Was totaler Bl\u00f6dsinn war. Hab dann am PC etliche alte Verzeichnisse gel\u00f6scht, die SD-Karte \u00fcberpr\u00fcfen lassen in Windows &#8211; keine \u00c4nderung. Also im Men\u00fc mal Bilddatei \u00fcberpr\u00fcfen\/wiederherstellen gew\u00e4hlt. Wieder keine \u00c4nderung in der Cam. Andere Karte ging derweil, daher das Problem auf Abend verschoben.<\/p>\n<p>Grund war dann abends gefunden: Im Video- und Bilder-Verzeichnis werden ja die Ordner durchnummeriert und da f\u00e4ngt das gestrige Verzeichnis mit 999&#8230;.. an und auch wenn kein 001er Verzeichnis mehr existiert, wird nicht 001&#8230; angelegt. <\/p>\n<p>Borgafj\u00e4ll konnte mit -22\u00b0 heute knapp offen bleiben, Kittelfj\u00e4ll blieb mit -28\u00b0 geschlossen. Hier sollen es -15\u00b0 sein und zwar weniger Wind als gestern, aber trotzdem noch windig genug.<\/p>\n<p><a href='http:\/\/extra.inmontanis.info\/d\/102278-3\/DSC09952.jpg'><img src=http:\/\/extra.inmontanis.info\/d\/102277-4\/DSC09952.jpg \/><\/a><br \/>\n^ Heute sogar -43,2\u00b0 in Schweden. In J\u00e4ckvik gilt meine Saisonkarte ja auch 5 Tage.<\/p>\n<p>Der linke SL lief um 11 Uhr mal noch nicht. Als ich nach meiner ersten Bergfahrt r\u00fcber fuhr, war gerade ein Liftler an der obersten St\u00fctze besch\u00e4ftigt, 2 Bergfahrten sp\u00e4rter lief er und ich fuhr mal r\u00fcber,  da meinte der Liftler an der Talstation, sie h\u00e4tten hier ein Elektrikproblem und wenn der Lift stehen bleibt, soll ich wieder zum SL rechts fahren.<\/p>\n<p>Der Lift hielt durch bis ich oben war, stoppte dann aber doch. Komischerweise gibts hier 2 \u00dcberfahrsicherungen\/Rei\u00dfleinen, k\u00f6nnte sein, dass die erste von meinem B\u00fcgel gerissen wurde, denn bei den sp\u00e4teren Fahrten merkte ich, dass sich die B\u00fcgel sehr langsam einrollen und es immer sehr knapp ist bis zum ersten Kabel.<\/p>\n<p>Der rechte Doppel-SL hatte auch seine Probleme, nachmittags ging dann erst der linke nicht, einige Zeit sp\u00e4ter schaltete man den rechten ein, der einen Heidenl\u00e4rm machte und womit ich auch keine 2x raufkam, bevor auch dieser nicht mehr funktionierte :)<\/p>\n<p>Somit etliches rechts davon nicht fahren k\u00f6nnen heute.<\/p>\n<p>Schneeverh\u00e4ltnisse waren leider sehr mies, alles glatt abgeweht :( Wenigstens waren die windgepressten St\u00fccke (bzw. die unpr\u00e4parierten Abfahrten) tragend und nicht br\u00fcchig.<\/p>\n<p>Um 14:55 testete ich den Code an der T\u00fcr nochmals, ging aber immer noch nicht, also nochmals eine EMail geschrieben, falls die mich vergessen haben sollte. K\u00f6nnte ja vielleicht morgen fr\u00fch das WC brauchen. Hab aber keine Antwort mehr erhalten, dass es nun gehen sollte oder wie oder was.  <\/p>\n<p>Die V\u00e4rmestuga, die mit dem Code erreichbar ist (oder sein sollte), hat mehrere WCs und 2 Mikrowellen, aber keine Sp\u00fcle, dh. man muss sich Wasserflaschen vom WC-Waschbecken auff\u00fcllen, wa ja immer etwas schwieriger ist, weil nicht so viel Platz. (Duschen und Sauna sollen am Hotel sein, aber das ist ja am anderen Ende vom Skigebiet.)<\/p>\n<p>Die meisten Lifte laufen momentan bis 15 Uhr (danach zu dunkel), nur der beleuchtete Lift direkt am Parkplatz bis 16 Uhr. Aber die beleuchtete, breite Abfahrt ist ja eh nicht so interessant.<\/p>\n<p>Dadurch, dass man hier so viel weiter im Westen ist (und etwas weiter s\u00fcdlich), ist es aber auch viel l\u00e4nger hell, also man sieht um 1530 noch genug, um auch die anderen Pisten zu fahren und um 16:00 ist es noch nicht stockdunkel.<\/p>\n<p>Wenigstens war es heute mal wieder sonnig UND die Pisten s\u00fcdseitig. Mehr Fotos in den alten Berichten.<\/p>\n<p><a href='http:\/\/ski.inmontanis.info\/d\/324678-2\/DSC09956.jpg'><img src=http:\/\/ski.inmontanis.info\/d\/324677-3\/DSC09956.jpg \/><\/a><br \/>\n^ Blick ins Skigebiet vom Parkplatz aus (Linker Doppel-SL Slalom)<\/p>\n<p><a href='http:\/\/ski.inmontanis.info\/d\/324682-2\/DSC09959.jpg'><img src=http:\/\/ski.inmontanis.info\/d\/324681-3\/DSC09959.jpg \/><\/a><br \/>\n^ SL Slalom<\/p>\n<p><a href='http:\/\/ski.inmontanis.info\/d\/324686-2\/DSC09960.jpg'><img src=http:\/\/ski.inmontanis.info\/d\/324685-3\/DSC09960.jpg \/><\/a><br \/>\n^ SL Slalom<\/p>\n<p><a href='http:\/\/ski.inmontanis.info\/d\/324690-2\/DSC09962.jpg'><img src=http:\/\/ski.inmontanis.info\/d\/324689-3\/DSC09962.jpg \/><\/a><br \/>\n^ Glaub Abfahrt 6, die wurde zum Gl\u00fcck nicht auf ganzer Breite pr\u00e4pariert und da, wo sie unpr\u00e4pariert war, war sie viel sch\u00f6ner\/griffiger<\/p>\n<p><a href='http:\/\/ski.inmontanis.info\/d\/324694-2\/DSC09964.jpg'><img src=http:\/\/ski.inmontanis.info\/d\/324693-3\/DSC09964.jpg \/><\/a><br \/>\n^ SL West<\/p>\n<p><a href='http:\/\/ski.inmontanis.info\/d\/324698-2\/DSC09965.jpg'><img src=http:\/\/ski.inmontanis.info\/d\/324697-3\/DSC09965.jpg \/><\/a><br \/>\n^ SL Slalom, warum der so weit rauf geht, wo oben eh nie eine Abfahrt abzugehen scheint..?!<\/p>\n<p><a href='http:\/\/ski.inmontanis.info\/d\/324702-2\/DSC09966.jpg'><img src=http:\/\/ski.inmontanis.info\/d\/324701-3\/DSC09966.jpg \/><\/a><br \/>\n^ Pano nahe Ausstieg SL Slalom<\/p>\n<p><a href='http:\/\/ski.inmontanis.info\/d\/324706-2\/DSC09967.jpg'><img src=http:\/\/ski.inmontanis.info\/d\/324705-3\/DSC09967.jpg \/><\/a><br \/>\n^ Pano nahe Ausstieg SL Slalom<\/p>\n<p><a href='http:\/\/ski.inmontanis.info\/d\/324710-2\/DSC09970.jpg'><img src=http:\/\/ski.inmontanis.info\/d\/324709-3\/DSC09970.jpg \/><\/a><br \/>\n^ Abfahrten SL Slalom-Skurdal<\/p>\n<p><a href='http:\/\/ski.inmontanis.info\/d\/324714-2\/DSC09971.jpg'><img src=http:\/\/ski.inmontanis.info\/d\/324713-3\/DSC09971.jpg \/><\/a><br \/>\n^ SSL Sm\u00e5lien, gr\u00fcn und rostig<\/p>\n<p><a href='http:\/\/ski.inmontanis.info\/d\/324718-2\/DSC09975.jpg'><img src=http:\/\/ski.inmontanis.info\/d\/324717-3\/DSC09975.jpg \/><\/a><br \/>\n^ Das H\u00f6gfj\u00f6llshotel ist wieder ge\u00f6ffnet \/ Talstation SSL und SL<\/p>\n<p><a href='http:\/\/ski.inmontanis.info\/d\/324722-2\/DSC09976.jpg'><img src=http:\/\/ski.inmontanis.info\/d\/324721-3\/DSC09976.jpg \/><\/a><br \/>\n^ SL B\u00e5ngg\u00e5rdsliften, leider ist die Abfahrt ja so flach, daher haupts\u00e4chlich Hotel-Zubringer<\/p>\n<p><a href='http:\/\/ski.inmontanis.info\/d\/324726-3\/DSC09980.jpg'><img src=http:\/\/ski.inmontanis.info\/d\/324725-4\/DSC09980.jpg \/><\/a><br \/>\n^ Die Abfahrten 1+2 links vom West-SL waren schneem\u00e4\u00dfig leider nicht gut<\/p>\n<p><a href='http:\/\/ski.inmontanis.info\/d\/324730-3\/DSC09984.jpg'><img src=http:\/\/ski.inmontanis.info\/d\/324729-3\/DSC09984.jpg \/><\/a><br \/>\n^ Doppel-SL Skurdal, normalerweise f\u00e4hrt links der l\u00e4ngere, aber weil der gezickt hat, wurde der kurze eingeschaltet &#8211; kam aber nicht 2x rauf, weil der dann auch rumzickte ;)<\/p>\n<p><a href='http:\/\/ski.inmontanis.info\/d\/324734-3\/DSC09988.jpg'><img src=http:\/\/ski.inmontanis.info\/d\/324733-4\/DSC09988.jpg \/><\/a><br \/>\n^ 15:10 Uhr am Slalom-SL<\/p>\n<p>Amazon schreibt heute:<br \/>\n&#8220;Ab dem 5. Februar werden Titel bei Prime Video in begrenztem Umfang Werbung enthalten. Das erlaubt es uns, weiterhin in Top-Entertainment und Live-Sportinhalte zu investieren und diese Investition langfristig zu erh\u00f6hen. Unser Ziel ist es, deutlich weniger Werbung zu zeigen als traditionelle Fernsehsender und andere Video-Streaminganbieter. F\u00fcr dich besteht kein Handlungsbedarf und der aktuelle Preis deiner Prime-Mitgliedschaft wird sich nicht \u00e4ndern. Wir werden auch eine neue werbefreie Option f\u00fcr zus\u00e4tzlich 2,99\u20ac pro Monat anbieten*, zu der du dich hier anmelden kannst.&#8221;<\/p>\n<p>Und das, obwohl Amazon Prime ja eh schon viel teurer geworden ist in den letzten Jahren.<\/p>\n<p>Ich verwende Prime ja zu 98% nur, wenn ich Titel aufs Handy laden kann, um sie dann von dort abzuspielen, Sachen, die man nur streamen kann, schau ich normalerweise generell nicht und ich verwende auch eine alte App-Version, weil bei einer neueren ja irgendwann einmal entweder gewisse Qualit\u00e4ten nicht mehr vorhanden waren oder Downloadgr\u00f6\u00dfen viel gr\u00f6\u00dfer waren.<\/p>\n<p>Kurzum, ich werd mal abwarten, wie es mit der App dann weitergeht und werde ggf. Amazon Prime komplett k\u00fcndigen, wenn ich nicht mehr werbungsfrei schauen kann (weitere ca. 36,- \u20ac pro Jahr werde ich jedenfalls nicht zahlen. Ich hab mittlerweile genug DVDs, Blurays, digital aufgenommene Filmen&#038;Serien und h\u00e4tte ja auch &#8211; in schlechter Qualit\u00e4t &#8211; noch haufenweise VHS-Videokassetten, die man mal digitalisierten k\u00f6nnte. Bzw. bekommt man vielleicht je nach Videostreaminganbieter ja auch immer mal wieder gratis Testzeitr\u00e4ume. )<\/p>\n<p>Hab den Stellplatz hier mal um eine Nacht verl\u00e4ngert, vmtl. werd ich ja noch eine Nacht verl\u00e4ngern, aber egal. Ohne Strom w\u00fcrde man 180,- zahlen.  Naja, leider kann man nicht einfach verl\u00e4ngern und muss wieder alles ausf\u00fcllen, also m\u00fchsam, wenn man z.B. jeden Tag einzeln bucht. Aber die Kreditkartendaten wei\u00df ich eh auswendig und wenn man \u00fcber 500 Anschl\u00e4ge pro Minute tippen kann, ist das ja schnell erledigt ;) Sofern man nicht am Handy extra eine TAN via SMS ablesen muss, was heute nicht der Fall war.<\/p>\n<p>Oh weh. Die Wettervorhersagen. Hier ja etwas Schneefall die n\u00e4chste Woche gemeldet im Grenzbereich, was also auch Regen werden k\u00f6nnte oder Schneeregen oder nasser Schneefall, was alles f\u00fcr nasse Kleidung sorgt. Die letzten Wochen immer mit Schneefall bei oder unter  -10\u00b0 war ja kein Problem, ohne Gondel- und Sessellifte bleibt man da trocken. Bydalen w\u00e4re ja n\u00e4chste Woche besser gemeldet, aber jetzt wird f\u00fcr n\u00e4chste Woche auch wieder starker Wind dort gemeldet, DI-DO  zwar relativ trocken, aber 8 m\/s Wind mit B\u00f6en um 20 m\/s -> da werden wieder nur die unteren Lifte gehen. <\/p>\n<p>Auch in Nordnorwegen war es nat\u00fcrlich  unter -40\u00b0 die Tage und so kalt war es seit 1999 nicht mehr (damals -50\u00b0; wobei der Golfstrom an der K\u00fcste, 240km Luftlinie entfernt, f\u00fcr +2,7\u00b0 sorgte, was gleichzeitig die w\u00e4rmste und k\u00e4lteste Temperatur in ganz Norwegen war):<br \/>\n<a href='https:\/\/www.nrk.no\/tromsogfinnmark\/finnmark_-golfstrommen-ga-44_5-graders-forskjell-fra-kautokeino-til-fruholmen-1.16702157'>https:\/\/www.nrk.no\/tromsogfinnmark\/finnmark_-golfstrommen-ga-44_5-graders-forskjell-fra-kautokeino-til-fruholmen-1.16702157<\/a><\/p>\n<p>(Wobei es auf unserer ersten Russlandreise, als wir dann hier oben in Murmansk waren, ja auch um die -40\u00b0 gab, selbst wir hatten unter -39 und blieben m\u00f6glichst nahe an der K\u00fcste in Norwegen anstatt durch Finnland+Schweden zu fahren, weil es dort noch k\u00e4lter gemeldet war.)<\/p>\n<p>Tja, ich w\u00e4r ja auch gern mal nach Mer\u00e5ker in Norwegen gefahren; Samstag w\u00fcrde sehr sonnig gemeldet, Sonntag w\u00e4rmer und wolkig; aber laut letztem Schneebericht ist einer der SL noch nicht ge\u00f6ffnet (nur am WE offen, also nicht tagesaktuell) und der Rest schaut laut Pistenplan eher langweiliger aus, wobei man vielleicht ja trotzdem die Abfahrten vom geschlossenen SL fahren k\u00f6nnte und unten durch den Wald rausqueren k\u00f6nnte (um dann 3 Sektionen SL zu fahren) . Die DSB vom Tal aus ist ja leider eh schon lange abgebaut und somit deren Abfahrten stillgelegt.<\/p>\n<p><strong>Fr, 5.1.2024<\/strong><\/p>\n<p>Die T\u00fcr mit dem Codeschloss zeigte heute Morgen immerhin das gr\u00fcne Ge\u00f6ffnet-Symbol an, aber der T\u00fcrgriff griff dennoch nicht das Schloss. Allerdings war die normale Tages-Hauptt\u00fcre ge\u00f6ffnet, vielleicht deshalb.<\/p>\n<p>Ob \u00fcber Nacht irgendwelche Pisten pr\u00e4pariert wurden? Schien nicht wirklich der Fall gewesen zu sein.  Und altpr\u00e4parierte Pisten bei den abgewehten Verh\u00e4ltnissen sind sehr schlecht zu fahren, zumindest bei meinen Ski-Zust\u00e4nden, da das wohl die einzigen Schneeverh\u00e4ltnisse sind, wo ich mir einbilde, dass man jede Unebenheit im Belag und Kante sp\u00fcrt. DIe komplett unpr\u00e4parierten Varianten (oder R\u00e4nder) gingen jedenfall besser.<\/p>\n<p>Das ist aber auch noch ein Grund mehr, mal zu schaun, ob der Schnee morgen ein paar km weiter westlichen in Norwegen, in Mer\u00e5ker, besser ist. Einkaufen m\u00fcsst ich morgen eh bissl was und vielleicht gibts in NO noch die g\u00fcnstigen Cola-light-Limos. 4 schwedische Flaschen h\u00e4tte ich bis morgen Nachmittag leer und k\u00f6nnte das dann alle umschutten, um die N-Flaschen wegen Pfand gleich wieder abzugeben.<\/p>\n<p><a href='http:\/\/ski.inmontanis.info\/d\/324738-3\/DSC09992.jpg'><img src=http:\/\/ski.inmontanis.info\/d\/324737-4\/DSC09992.jpg \/><\/a><br \/>\n^ SL West<\/p>\n<p><a href='http:\/\/ski.inmontanis.info\/d\/324742-3\/DSC09993.jpg'><img src=http:\/\/ski.inmontanis.info\/d\/324741-4\/DSC09993.jpg \/><\/a><br \/>\n^ Bester Schnee war auf der Abfahrt 3, sch\u00f6n buckelig eingefahren und griffig<\/p>\n<p><a href='http:\/\/ski.inmontanis.info\/d\/324746-3\/DSC09995.jpg'><img src=http:\/\/ski.inmontanis.info\/d\/324745-4\/DSC09995.jpg \/><\/a><br \/>\n^ Bester Teil des Skigebiets ist nat\u00fcrlich der Ravinen-Bereich mit dem Graben ..<\/p>\n<p><a href='http:\/\/ski.inmontanis.info\/d\/324750-2\/DSC09996.jpg'><img src=http:\/\/ski.inmontanis.info\/d\/324749-3\/DSC09996.jpg \/><\/a><br \/>\n^ .. und den anderen Varianten<\/p>\n<p><a href='http:\/\/ski.inmontanis.info\/d\/324754-3\/DSC09999.jpg'><img src=http:\/\/ski.inmontanis.info\/d\/324753-4\/DSC09999.jpg \/><\/a><br \/>\n^ Nachmittagsd\u00e4mmerung um 14:45 Uhr ;)<\/p>\n<p><a href='http:\/\/ski.inmontanis.info\/d\/324758-3\/ge20240104-05c.jpg'><img src=http:\/\/ski.inmontanis.info\/d\/324757-3\/ge20240104-05c.jpg \/><\/a><br \/>\n^ GPS-Track vorherige Besuche (2021+2022) in Gelb und aktuelle Besuche in T\u00fcrkis und Magenta<\/p>\n<p>Heute wohl Abendski am Slalom-SL. Wenn wenigstens die beleuchtete Abfahrt seit gestern frisch pr\u00e4pariert gewesen w\u00e4re, aber nein, war sie nicht oder vielleicht ist die Pistenraupe 2x irgendwo auf dem breiten Hang mal rauf und runter, wer wei\u00df.<\/p>\n<p>Die Sahne f\u00fcr die Nudeln war heute im K\u00fchlschrank fest gefroren! Musste also erst aufw\u00e4rmen.<\/p>\n<p>Ich hab heut endlich mal wieder meine Statistik aktualisiert und wow: Ich hab im Kalenderjahr 2023 tats\u00e4chlich punktgenau und exaktamente 200 Skitage geschafft :) 2022 waren es 150.<\/p>\n<p><a href='http:\/\/blog.inmontanis.info\/?p=8342'>http:\/\/blog.inmontanis.info\/?p=8342<\/a><\/p>\n<p>(Die 180 f\u00fcr diese Saison bis Ende Mai werden aber trotzdem schwierig werden, insb. falls ich ein paar Regentage dann auslassen m\u00f6chte.)<\/p>\n<p>Die sonnige Wettervorhersage f\u00fcr Morgen f\u00fcr Meraker ist zwar nun nicht mehr so sonnig, werd&#8217;s aber trotzdem probieren. N\u00e4chste Woche sind dort von MO-SA t\u00e4glich und in Summe ca. 50mm gemeldet, d.h. in 2 Wochen wirds da wohl nicht so gut gehen wie morgen :(<\/p>\n<p>Am n\u00e4chsten Morgen ging die T\u00fcr mit dem Code immer noch nicht auf (trotz wiederholter EMail, unbeantwortet geblieben) und die Haupt\u00fcre diesmal wieder versperrt, ich fuhr zum Hotel rauf.<\/p>\n<p>Die Rezeptionistin machte ein paar Anrufe, ja das Schloss geht wohl nicht, deshalb sei die Hauptt\u00fcr offen. War sie heute aber nicht, vielleicht wegen Nachtski gestern. Hatte nochmals jemand angerufen, ja, da hatte wohl jemand dem\/derjenigen, der\/die gestern f\u00fcr die T\u00fcr verantwortlich war, nicht Bescheid gegeben.<\/p>\n<p>Genau wegen solcher Schei\u00dfe will ich kein elektronisches T\u00fcrschloss an meiner Wohnung ;)<\/p>\n<p>Wenigstens konnte ich den Platz gleich an der Rezeption f\u00fcr die Nacht auf Morgen verl\u00e4ngern, geht einfacher als online.<\/p>\n<p><a href='http:\/\/ski.inmontanis.info\/d\/324762-3\/DSC00004.jpg'><img src=http:\/\/ski.inmontanis.info\/d\/324761-4\/DSC00004.jpg \/><\/a><br \/>\n^ Foto vom n\u00e4chsten Morgen auf der Fahrt nach Norwegen; links der Beleuchtung SL Slalom, unweit rechts SL Skurdal, an dem rechts die meisten Abfahrtsvarianten sind<\/p>\n<p>&#8211; &#8211; <\/p>\n<p>&#8220;Kognitive Kriegsf\u00fchrung. Neueste Manipulationstechniken als Waffengattung der NATO&#8221;<br \/>\n(Naja, ob die Techniken so neu sind, die da vorgestellt werden?!)<br \/>\n<a href='https:\/\/www.nachdenkseiten.de\/?p=108713'>https:\/\/www.nachdenkseiten.de\/?p=108713<\/a><\/p>\n","protected":false},"excerpt":{"rendered":"<p>Mi, 3.1.2024 (Fortsetzung)<\/p>\n<p>Der Stellplatz in Storlien (&#8220;Stur&#8217;liien&#8221;) ist ja nicht nur direkt am Skigebietsparkplatz, man bekommt auch einen Code f\u00fcr die V\u00e4rmestuga und da soll man dann den Schl\u00fcssel f\u00fcr den Strom nehmen k\u00f6nnen.<\/p>\n<p>Die St\u00e4llpl\u00e4tze sind etwas rundherum um den Parkplatz verteilt, wobei die n\u00e4heren am SL\/WC von Pistenraupenteilen belegt sind, dann kam <a href=\"http:\/\/blog.inmontanis.info\/?p=9645\">[&#8230;]<\/a><\/p>\n","protected":false},"author":1,"featured_media":9648,"comment_status":"closed","ping_status":"closed","sticky":false,"template":"","format":"standard","meta":{"footnotes":""},"categories":[912,19,27,632],"tags":[47],"class_list":["post-9645","post","type-post","status-publish","format-standard","has-post-thumbnail","hentry","category-2023-09-2024-xx-skandinavien","category-schwedensweden","category-skifahren-winterskiing-winter","category-storlien","tag-sl","odd"],"_links":{"self":[{"href":"http:\/\/blog.inmontanis.info\/index.php?rest_route=\/wp\/v2\/posts\/9645","targetHints":{"allow":["GET"]}}],"collection":[{"href":"http:\/\/blog.inmontanis.info\/index.php?rest_route=\/wp\/v2\/posts"}],"about":[{"href":"http:\/\/blog.inmontanis.info\/index.php?rest_route=\/wp\/v2\/types\/post"}],"author":[{"embeddable":true,"href":"http:\/\/blog.inmontanis.info\/index.php?rest_route=\/wp\/v2\/users\/1"}],"replies":[{"embeddable":true,"href":"http:\/\/blog.inmontanis.info\/index.php?rest_route=%2Fwp%2Fv2%2Fcomments&post=9645"}],"version-history":[{"count":3,"href":"http:\/\/blog.inmontanis.info\/index.php?rest_route=\/wp\/v2\/posts\/9645\/revisions"}],"predecessor-version":[{"id":9649,"href":"http:\/\/blog.inmontanis.info\/index.php?rest_route=\/wp\/v2\/posts\/9645\/revisions\/9649"}],"wp:featuredmedia":[{"embeddable":true,"href":"http:\/\/blog.inmontanis.info\/index.php?rest_route=\/wp\/v2\/media\/9648"}],"wp:attachment":[{"href":"http:\/\/blog.inmontanis.info\/index.php?rest_route=%2Fwp%2Fv2%2Fmedia&parent=9645"}],"wp:term":[{"taxonomy":"category","embeddable":true,"href":"http:\/\/blog.inmontanis.info\/index.php?rest_route=%2Fwp%2Fv2%2Fcategories&post=9645"},{"taxonomy":"post_tag","embeddable":true,"href":"http:\/\/blog.inmontanis.info\/index.php?rest_route=%2Fwp%2Fv2%2Ftags&post=9645"}],"curies":[{"name":"wp","href":"https:\/\/api.w.org\/{rel}","templated":true}]}}