{"id":9639,"date":"2024-01-03T18:47:18","date_gmt":"2024-01-03T17:47:18","guid":{"rendered":"http:\/\/blog.inmontanis.info\/?p=9639"},"modified":"2024-01-05T19:36:42","modified_gmt":"2024-01-05T18:36:42","slug":"bjastabacken-fahrt-nach-storlien-2-3-1-2024-umfahrung-40-marmeladen-wurst","status":"publish","type":"post","link":"http:\/\/blog.inmontanis.info\/?p=9639","title":{"rendered":"Bj\u00e4stabacken &#038; Fahrt nach Storlien, 2.-3.1.2024 \/ Umfahrung -40\u00b0, Marmeladen-Wurst, &#8230;"},"content":{"rendered":"<p><strong>Di, 2.1.2024<\/strong> &#8211; Skitag Nr. 55, Reisetag 101<\/p>\n<p>Die McMuffins im McD kosten jetzt 39,- bzw 49,-, Ende Oktober waren es noch 35,- bzw. 45,-, und leider hatte ich vergessen, das Ketchup abzuw\u00e4hlen.<\/p>\n<p>Etwas zu fr\u00fch war ich am Parkplatz vom Skigebiet Bj\u00e4stabacken, wo wohl auch ein Wohnmobil \u00fcbernachtet hatte und gerade die Pisten pr\u00e4pariert wurden. Leichter Schneefall und nachdem auf der Fahrt bis zu -21\u00b0 waren, war es hier wieder etwas \u00fcber -20\u00b0.<\/p>\n<p>Tjamstan meldete heute Morgen -34,2\u00b0 &#8211; yup, knapp unter der K\u00e4ltegrenze von -22\u00b0 ;) &#8211; Wetterstation Vilhelmina: -39,5\u00b0<\/p>\n<p><a href='http:\/\/extra.inmontanis.info\/d\/102234-2\/DSC09919.jpg'><img src=http:\/\/extra.inmontanis.info\/d\/102233-3\/DSC09919.jpg \/><\/a><br \/>\n^ In Tjamstan h\u00e4tte ich heut nicht Ski fahren k\u00f6nnen<\/p>\n<p><a href='http:\/\/extra.inmontanis.info\/d\/102238-2\/DSC09921.jpg'><img src=http:\/\/extra.inmontanis.info\/d\/102237-3\/DSC09921.jpg \/><\/a><br \/>\n^ ca. 3 Tage K\u00e4lte um die -40\u00b0 in Schweden. Ich bin geradlinig von \u00d6stersund rechts an der K\u00fcste, mittig zwischen Umea und Sundsvall<\/p>\n<p>Interessanterweise wurde wohl auch aufgrund meiner Nachfrage (und der aktuellen Vorhersagen) auf der Homepage von Borgafj\u00e4ll erg\u00e4nzt, dass die K\u00e4ltegrenze -23\u00b0 ist. Die k\u00f6nnten tats\u00e4chlich die n\u00e4chsten Tage knapp offen haben, aber da h\u00e4tte ich eben das Problem gehabt, dass mir die Campingpl\u00e4tze nicht geantwortet hatten und ich bei den Temperaturen nicht h\u00e4tte frei stehen wollte. (2 Tage sp\u00e4ter betrachtet w\u00e4re es aber wohl doch sinnvoller gewesen.)<\/p>\n<p>Auch in Bj\u00e4sta hatte ich heute Gl\u00fcck. Allerdings soll in Borga&#038;Kittel ja erst am DO der k\u00e4lteste Tag erreicht werden und f\u00fcr meine jetzige Plan-B-Route wird FR oder SA  um\/unter -25\u00b0 gemeldet.<\/p>\n<p>Schei\u00dfekalt heut gewesen, bin noch vor einer Stunde auf Ski in die warme H\u00fctte, was auch daran lag, dass die Skischuhe heute halt nicht sonderlich aufgew\u00e4rmt waren. Allerdings war&#8217;s in der H\u00fctte auch nicht sonderlich warm.<\/p>\n<p>Die Tageskarte kostete 270,- SEK, also etwas \u00fcber 24,- \u20ac und da ich bei meinem letzten Besuch im April 2021 das bessere Wetter hatte, hab ich heute nicht viel fotografiert.<\/p>\n<p>&#128681; Gespeicherte Geolocation &#8211; Karte anzeigen: <a href='https:\/\/www.google.com\/maps\/@?api=1&#038;map_action=map&#038;center=63.2075664,18.4816062&#038;zoom=12&#038;basemap=terrain' target=_blank> GoogleMaps<\/a> &#128681; <a href='https:\/\/www.openstreetmap.org\/?&#038;mlat=63.2075664&#038;mlon=18.4816062#map=10\/63.2075664\/18.4816062&#038;layers=P' target=_blank> OSM &#128681;<\/a><\/p>\n<p><a href='http:\/\/ski.inmontanis.info\/d\/324634-2\/DSC09922.jpg'><img src=http:\/\/ski.inmontanis.info\/d\/324633-3\/DSC09922.jpg \/><\/a><br \/>\n^ Kurven-SL; links \u00dcbungs-Teller, dazwischen die steilste Abfahrt hier<\/p>\n<p><a href='http:\/\/ski.inmontanis.info\/d\/324638-2\/DSC09923.jpg'><img src=http:\/\/ski.inmontanis.info\/d\/324637-3\/DSC09923.jpg \/><\/a><br \/>\n^ Highlight ist hier nat\u00fcrlich der SL mit den rotbraunen St\u00fctzen und der scharfen Kurve<\/p>\n<p><a href='http:\/\/ski.inmontanis.info\/d\/324642-2\/DSC09926.jpg'><img src=http:\/\/ski.inmontanis.info\/d\/324641-3\/DSC09926.jpg \/><\/a><br \/>\n^ Mehrere Abfahrten sind unpr\u00e4pariert, teils wg. zu wenig Schnee, teils wohl generell<\/p>\n<p><a href='http:\/\/ski.inmontanis.info\/d\/324646-2\/DSC09927.jpg'><img src=http:\/\/ski.inmontanis.info\/d\/324645-3\/DSC09927.jpg \/><\/a><br \/>\n^ SL-Ausstieg, trotz der vielen Stecken musste der SL mind. 1x stehen bleiben, da anscheinend jemand nicht zeitig\/richtig abgeb\u00fcgelt hatte<\/p>\n<p><a href='http:\/\/ski.inmontanis.info\/d\/324650-2\/DSC09928.jpg'><img src=http:\/\/ski.inmontanis.info\/d\/324649-3\/DSC09928.jpg \/><\/a><br \/>\n^ Weitere noch unpr\u00e4parierte Abfahrtsvarianten<\/p>\n<p><a href='http:\/\/ski.inmontanis.info\/d\/324654-2\/DSC09929.jpg'><img src=http:\/\/ski.inmontanis.info\/d\/324653-3\/DSC09929.jpg \/><\/a><br \/>\n^ Steile Abfahrt, auch noch unpr\u00e4pariert, aber wohl offiziell noch geschlossen<\/p>\n<p><a href='http:\/\/ski.inmontanis.info\/d\/324658-2\/DSC09931.jpg'><img src=http:\/\/ski.inmontanis.info\/d\/324657-3\/DSC09931.jpg \/><\/a><br \/>\n^ SL-Bergstation<\/p>\n<p><a href='http:\/\/ski.inmontanis.info\/d\/324662-2\/DSC09932.jpg'><img src=http:\/\/ski.inmontanis.info\/d\/324661-3\/DSC09932.jpg \/><\/a><br \/>\n^ Hab im Satbild einen Weg hinter der SL-Bergstation gefunden und wollte ich mal anschauen, war aber doch ein reines Geschiebe und bringt einen nicht besser zu den stillgelegten oberen H\u00e4ngen &#8211; siehe GPS-Track<\/p>\n<p><a href='http:\/\/ski.inmontanis.info\/d\/324666-2\/DSC09933.jpg'><img src=http:\/\/ski.inmontanis.info\/d\/324665-3\/DSC09933.jpg \/><\/a><br \/>\n^ Schade, dass der Hang nicht mehr besser angebunden ist (obere H\u00e4lfte gar nicht mehr, untere nach Schiebest\u00fcck)<\/p>\n<p><a href='http:\/\/ski.inmontanis.info\/d\/324670-2\/DSC09934.jpg'><img src=http:\/\/ski.inmontanis.info\/d\/324669-3\/DSC09934.jpg \/><\/a><br \/>\n^ Der kurze Tellerlift am Funpark lief auch heute nicht<\/p>\n<p><a href='http:\/\/ski.inmontanis.info\/d\/324674-2\/ge20240102b.jpg'><img src=http:\/\/ski.inmontanis.info\/d\/324673-3\/ge20240102b.jpg \/><\/a><br \/>\n^ GPS-Track, gelb vorheriger Besuch, Magenta heute; in Rot der eventuell aufgelassene SL, zumindest den Schneisen nach<\/p>\n<p>Bleibt mal wieder die Frage wohin die n\u00e4chsten Tage, relativ gleich noch nach Gruvbacken (Saisonkartengebiet bei \u00c5re) zum KSSL oder hier noch 1 oder 2 Mini-Skigebiete (ggf. mit Sundsvall) mitnehmen; lohnt sich der weitere Umweg und die Kosten f\u00fcr die noch kleineren Gebiete ?? <\/p>\n<p>Hab dann hier am Skigebiet nach dem Preis f\u00fcr&#8217;n Campingplatz gefragt, auf Nachfrage womit &#8211; Auto &#8211; sagte man mir 250,- mit Strom, also sagte ich zu. <\/p>\n<p>Der Hauptlift w\u00e4re noch bis 16:00 gegangen, aber da heute nur die eine Hauptabfahrt beleuchtet ist, ist das dann nicht mehr so interessant, also fuhr ich und suchte den Stellplatz, lie\u00df aber meine Skischuhe an, weil ich nicht in die kalten Stra\u00dfenschuhe schl\u00fcpfen wollte.<\/p>\n<p>Nachdem ich den Heizer eingschaltet hatte, bin ich um 15:25 doch nochmals f\u00fcr 3 Abfahrten (also ca. 20min) zum SL, mittlerweile war mir wieder etwas w\u00e4rmer.<\/p>\n<p>Leider ist einer der beiden neuen Heizhandschuhe kaputt, und zwar der linke, hat wohl einen Wackelkontakt im Bereich des Ein\/Ausschalters, hatte sich tags\u00fcber schon immer ausgeschaltet und abends nach dem testweisen Akkuwechsel ging er fast gar nicht mehr :-(  Da h\u00e4tte ich vielleicht besser nach Rovaniemi fahren sollen die Tage, dann h\u00e4tt ich da gleich hingek\u00f6nnt, wo ich sie gekauft hab. Durch die ge\u00e4nderte Routenplanung komm ich ja im Feb. nun nicht nach Finnland, sondern wohl erst im April wieder. Da werden sie keine mehr da haben, um sie mir in Garantie auszutauschen, wenn sie es \u00fcberhaupt machen w\u00fcrden.<\/p>\n<p>Denn es ist schon recht schwachsinnig filigran gebaut (f\u00fcr M\u00e4nner, f\u00fcr Schneemobilfahrer!!!) und das Kabel ist so kurz, dass man den Akku nicht so einfach abstecken kann und weil der Stecker fest sitzt, dadurch zwangsl\u00e4ufig immer etwas am Kabel ziehen muss, also wird vmtl. dadurch das Kabel vom Schalter abgegangen sein?! Und da das alles vern\u00e4ht ist, kommt man nicht so einfach hin. <\/p>\n<p>Das schwedische Kleiderspray ist schon gestern gefroren gewesen; das britische vom Action hat wohl mehr Alkohol drin und blieb fl\u00fcssig, meine anderen Frisch- und Abwaserflaschen sind auch teilweise bis komplett gefroren; WC schau ich nicht nach, aber auch der Pinkelkanister f\u00fchlte sich (trotz des hohen Salzgehaltes!) beim Sch\u00fctteln &#8220;semi-freddo&#8221; an. (So, und jetzt beim n\u00e4chsten Besuch beim Italiener ein &#8220;semi-freddo&#8221; bestellen ;) )<\/p>\n<p>Da ich gestern zeitlich den Tisch nicht aufgebaut hatte, ist es heut im &#8220;Keller&#8221; extra kalt (K\u00fchlschrank meldet -6\u00b0, aber innen noch keine der Fl\u00fcssigkeiten gefroren.)<\/p>\n<p>Beim Hochfahren des PCs brachte die NVMe-SSD einen Fehler: &#8220;..wird bald ausfallen&#8221;, bei n\u00e4herer Ansicht: Temperaturproblem. -273\u00b0C. Das glaub ich jetzt auch nicht.<\/p>\n<p>Die &#8220;Weihnachtsmilch&#8221; entpuppte sich eher als Trinkjoghurt. Oder saure Milch laut \u00dcbersetzung.  Kenn zwar keine &#8220;Sauermilch&#8221; und hab auch nie Buttermilch getrunken. Von der Konsistenz her eher Trinkjoghurt. <\/p>\n<p>Wikipedia sagt: &#8220;Als Filmj\u00f6lk (schwedisch), auch als Schwedenmilch bekannt, wird eine vor allem in Skandinavien beliebte Form s\u00e4miger, mild schmeckender Dickmilch (Sauermilch) bezeichnet. Sie ist dem Joghurt \u00e4hnlich, wird jedoch unter Verwendung anderer Bakterienkulturen und bei niedriger Temperatur hergestellt. &#8221;<br \/>\n<a href='https:\/\/de.wikipedia.org\/wiki\/Filmj%C3%B6lk'>https:\/\/de.wikipedia.org\/wiki\/Filmj%C3%B6lk<\/a><\/p>\n<p>Storlien h\u00e4tte ich fahren sollen diese Woche, da ist viel Sonne gemeldet und alle Lifte und Abfahrten (bis auf 1) ge\u00f6ffnet, sogar der ganz linke Teil. Aber morgen bin ich nicht so schnell dort und f\u00fcr DO und FR werden dort teilweise auch -21\/-26\u00b0 gemeldet und K\u00e4ltegrenze der Lifte unbekannt&#8230;. (anderer Wetterbericht meldet aber nicht so kalt)<\/p>\n<p>Mit 1.1. wurde ja nun in AT die Rundfunkzwangsabgabe pro Haushalt eingef\u00fchrt. Unversch\u00e4mte 238,80 \u20ac pro Jahr wird mir da nun in K\u00e4rnten (je nach Bundesland unterschiedlich) abgekn\u00f6pft bzw. muss ich mich dazu auch noch aktiv anmelden, f\u00fcr etwas, was ich weder will noch n\u00fctze und mehr als doppelt so hoch ist als das, was ich derzeit f\u00fcr Amazon Prime (Video) zahle. Absolut unglaublich, dass diese Abzocke erlaubt ist. Bringt mich sowas von auf die Palme.<\/p>\n<p><strong>Mi, 3.1.2024<\/strong><\/p>\n<p>Tja, wohin heute?<br \/>\n&#8211; n\u00e4chstes Skigebiet im S\u00fcden, wo es heute nur -10\u00b0 haben soll, aber am Freitag in Sundsvall dann doch auch -15 oder k\u00e4lter sein k\u00f6nnte und wohin dann am Freitag, denn am Freitag wird in Fahrtrichtung West = \u00d6stersund -20\/-30\u00b0 gemeldet und auch um Sundsvall um\/unter -20\u00b0<br \/>\n&#8211; n\u00e4chstes Skigebiet im Westen, wo es heute -18\u00b0 geben soll und dann weiter nach Storlien morgen, wo es zumindest morgen nochmals sonnig werden, aber auch um  -20\u00b0 geben k\u00f6nnte<\/p>\n<p>Falls der linke SL in Storlien im Januar wieder nicht offen haben sollte, wie schon einmal, w\u00fcrde ich mich ggf. \u00e4rgern, es nicht diese Woche probiert zu haben, selbst wenn der Umweg f\u00fcr evtl. nur 2 Tage schon etwas weit ist, allerdings spar ich mir dann die n\u00e4chsten beiden Tage noch den Schlenker \u00fcber Sundsvall, also ist es nicht ganz so weit, als wenn ich schon weiter s\u00fcdlich w\u00e4re.<\/p>\n<p>Aber wegen Bj\u00e4sta gestern h\u00e4tte ich ich hier auch nicht unbedingt herfahren m\u00fcssen, dann h\u00e4tte ich es vielleicht doch auch gleich in Borgafj\u00e4ll riskieren k\u00f6nnen.<\/p>\n<p>Abgesehen von der Temperatur gibt&#8217;s wetterm\u00e4\u00dfig hier nichts zu gewinnen (bedeckt \/ leichter Schneefall) und auch die Skigebiete sind nicht so wirklich interessant (wobei Sundsvall ja mit Meerpano punkten w\u00fcrde, aber bei vorhergesagt leichtem Schneefall ist das dann auch nicht so toll.)<\/p>\n<p>Ich fuhr also in RIchtung Westen, 5-6h bis nach Storlien, sofern ich nicht erst morgen einen Teil fahren wollte, zudem wollte ich in \u00d6stersund noch was einkaufen. Schlussendlich hielt ich aber nicht am n\u00e4chsten Skigebiet, Hallsta bei Sollefte\u00e5, denn es sah auch von der Vorbeifahrt so langweilig aus, wie es auf dem Plan wirkte, breite Abfahrten direkt neben dem Lift, da kannste nix erkunden, da gibts keine \u00dcberraschungen, da hat man so gut wie keine Abwechslung.<\/p>\n<p>N\u00e4chste M\u00f6glichkeit w\u00e4re Kullstabacken\/Elefantberget gewesen, aber da war ich auch schon einmal und bis ich heute dort w\u00e4re und skifahren k\u00f6nnte, h\u00e4tten die nur noch ca. 1 Stunde offen, was bei den Tageskartenpreisen nicht lohnenswert w\u00e4re.<\/p>\n<p><a href='http:\/\/extra.inmontanis.info\/d\/102242-2\/DSC09939.jpg'><img src=http:\/\/extra.inmontanis.info\/d\/102241-3\/DSC09939.jpg \/><\/a><br \/>\n^ Skigebiet Hallsta, Sollefte\u00e5<\/p>\n<p><a href='http:\/\/extra.inmontanis.info\/d\/102246-2\/DSC09943.jpg'><img src=http:\/\/extra.inmontanis.info\/d\/102245-3\/DSC09943.jpg \/><\/a><br \/>\n^ Kullstabacken\/Elefantberget<\/p>\n<p><a href='http:\/\/extra.inmontanis.info\/d\/102250-2\/DSC09944.jpg'><img src=http:\/\/extra.inmontanis.info\/d\/102249-3\/DSC09944.jpg \/><\/a><br \/>\n^ Kullstabacken\/Elefantberget<\/p>\n<p><a href='http:\/\/extra.inmontanis.info\/d\/102254-2\/DSC09947.jpg'><img src=http:\/\/extra.inmontanis.info\/d\/102253-3\/DSC09947.jpg \/><\/a><br \/>\n^ Kullstabacken\/Elefantberget<\/p>\n<p>Zwei Mini-Skigebiete, noch uninteressanter, aber vielleicht g\u00fcnstiger, haben wohl auch diese Woche nur abends an einigen Tagen ge\u00f6ffnet und passte somit auch nicht&#8230; Auch die beiden Lifte auf Fr\u00f6s\u00f6n bei \u00d6stersund, wo ich das eine Skigebiet auch schon besuchte, haben diese Woche nur tags\u00fcber offen und somit heute auch nicht erreichbar.<\/p>\n<p>Somit dann heute leider doch einen skifreien Tag eingelegt, nach 46 Skitagen in Folge. Mein bisheriges Maximum sind 47 Tage vom 25.2.-12.4.2023, 44 Tage hatte ich vom 3.12.2022-15.1.2023. Der Z\u00e4hler f\u00e4ngt morgen also wieder bei 1 an.<\/p>\n<p>Bleibt nur zu hoffen, dass nicht derjenige Wetterbericht f\u00fcr Storlien recht beh\u00e4lt, der am k\u00e4ltesten vorhersagt. Und ja, somit w\u00e4re es sinnvoller gewesen, ich w\u00e4r gestern gleich nach Storlien gefahren, anstelle in Bj\u00e4sta Ski zu fahren, denn dann h\u00e4tte ich heute einen sonnigen Skitag in Storlien haben k\u00f6nnen. <\/p>\n<p>Also hab ich unterwegs noch den &#8220;St\u00e4llplats&#8221; in Storlien um 280,- gebucht, mal f\u00fcr 2 Tage, somit werde ich heut noch bis da hin fahren. Hat sich der skilose Tag wenigstens fahrm\u00e4\u00dfig gelohnt..<\/p>\n<p>Wenig sp\u00e4ter nach der Buchung bin ich um 2-5 Sekunden um einen Unfall herumgekommen, denn so ein bl\u00f6der Bauer hat seine ganze Rentierherde aus dem Wald \u00fcber einen Waldweg heraus \u00fcber die Stra\u00dfe gejagt, d.h. pl\u00f6tzlich rennt aus dem Wald heraus eine ganze Rentierherde \u00fcber die Stra\u00dfe und einer mit dem Schneemobil hinterher (und dann weiter hinterher). Ohne dass auf der Stra\u00dfe irgendein Kollege aufgepasst h\u00e4tte oder so, ob gerade ein Auto vorbeif\u00e4hrt. <\/p>\n<p>In \u00d6stersund wollte ich dann mal in einen Baumarkt sehen, ob es da Platten f\u00fcr die Leinwand g\u00e4be (beschichtetes wei\u00dfes Holz oder Plastik oder so) und was das kosten w\u00fcrde&#8230;<br \/>\n.. hab aber bei beiden nix gefunden, was nach Holzzuschnitt o.\u00e4. aussehen w\u00fcrde bzw. w\u00e4re da auch sonst nix passendes dabei gewesen bei den ganzen H\u00f6lzern, die musterhaft als Fu\u00dfboden\/Wandbelag ausgestellt waren. So ein schwedischer Baumarkt ist in keinster Weise vergleichbar mit einem Obi oder Hornbach oder Bauhaus. Vielleicht m\u00fcsste ich mal bei einer Druckerei \/ Schildermacherei schauen, die sollten ja we\u00dfe Polysterolplatten o.\u00e4. haben.<\/p>\n<p>Im Herbst h\u00e4tte Rusta Sodastream-Sirup g\u00fcnstig um unter 50,- gehabt, hier heute nichts. Dollarstore hat die kleinen Wasser-Geschmackskonzentrate heuer auch nirgends mehr. (Sodastream bekam ich dann sp\u00e4ter im Supermarkt in Storlien um 55,- was ja auch noch g\u00fcnstig war, unter 5 \u20ac, leider aber auch nur die neueren hohen Pepsi-Flaschen; die alten sind besser f\u00fcr meinen K\u00fchlschrank, da die gro\u00dfen nicht stehen k\u00f6nnen.)<\/p>\n<p>Auf der Fahrt vor \u00c5re heute Nachmittag Benzin um 16,19 bekommen.<\/p>\n<p><a href='http:\/\/extra.inmontanis.info\/d\/102258-2\/DSC09950.jpg'><img src=http:\/\/extra.inmontanis.info\/d\/102257-3\/DSC09950.jpg \/><\/a><br \/>\n^ Indals\u00e4lven (in Richtung \u00c5re)<\/p>\n<p>Da ich erst nach 19:15  in Storlien sein w\u00fcrde und nach dem Einkaufen usw. wohl erst um 20:00 zum kochen k\u00e4me, hielt ich doch noch in \u00c5re an der PB-Talstation. Entweder an der Tankstelle oder bei Sibylla was mitnehmen? Sibylla w\u00e4r ich auf dieser Reise ja auch noch nicht gewesen. (Die Parkpl\u00e4tze sind nur von 9-16h kostenpflichtig; Sibylla hat aber auch ein paar eigene.)<\/p>\n<p>Nach langer, laaaanger \u00dcberlegungszeit und weil ich erst gestern im Auto K\u00f6ttbullar hatte, nahm ich einen Bacon-Burger als Men\u00fc mit Pommes und Getr\u00e4nk um 99,- und a\u00df es vor Ort.  (Wurst mit Pommes bekommt man ggf. besser (weil Speck oder Schinken-K\u00e4se) und\/oder g\u00fcnstiger in Tankstellen); und naja, K\u00f6ttbullar kann ich auch selbst aufw\u00e4rmen, wobei das nat\u00fcrlich auch f\u00fcr Hamburger gelten w\u00fcrde, aber Pommes sind hier nat\u00fcrlich besser.) Churros gibt&#8217;s ja leider nicht mehr. <\/p>\n<p><a href='http:\/\/extra.inmontanis.info\/d\/102266-2\/IMG_20240103_182419_6.jpg'><img src=http:\/\/extra.inmontanis.info\/d\/102265-3\/IMG_20240103_182419_6.jpg \/><\/a><br \/>\n^ Besonderheiten bei Sibylla sind die leckeren, knusprigen Wellenfritten und die Preiselbeerlimo.<\/p>\n<p>Um 19:30 war ich am Supermarkt in Storlien, -15\u00b0 und st\u00fcrmisch und der Parkplatz eisig glatt. Es gibt hier ja zwei Superm\u00e4rkte in einem Geb\u00e4ude, einen &#8220;Stora Coop&#8221; und den &#8220;Eurocash&#8221;, ich ging heute in letzteren, los war zumindest um die Uhrzeit herzlich wenig, nicht mal 5 Autos an dem riesigen Parkplatz, ge\u00f6ffnet ist jeden Tag bis 21 Uhr. Was haben die da haufen abgelaufenes Zeug!! Gek\u00fchlte K\u00f6ttbular massig um billige 1,- SEK, weil seit 7.12. abgelaufen.<\/p>\n<p>Viele Sachen sind teurer als in normalen ICA-Superm\u00e4rkten, aber 200g Paprikawurst um 14,85 war schon sehr g\u00fcnstig. Tiefgek\u00fchlt gabs auch viele exotischere Sachen, aber zumeist in Gro\u00dfpackungen und somit f\u00fcr mich nicht sinnvoll, z.B. 50 asiatische H\u00fchnchen-Spie\u00dfe ;) oder 1kg Lammburger (10 Stk.) oder 1kg Cevapcici von verschiedenen Herstellern &#8230;<\/p>\n<p>.. und auch haufenweise Speck\/Bacon in Multipacks, also \u00fcberlegte ich mir nochmals Speck-K\u00e4se-Sahne-Nudeln die n\u00e4chsten Tage zu kochen. Also mal so einen 5er Pack Bacon \u00e0 125g genommen, weil g\u00fcnstig um 39,85 SEK. Da sind auch noch sehr viele von dieser Charge da und nur noch bis 16.1. haltbar (produziert am 21.11.) &#8211; ich will nicht wissen, wieviel Zeug die hier immer wegschmei\u00dfen m\u00fcssen. Wenn das abgelaufene Zeug dann doch keiner mehr kauft.<\/p>\n<p>Kleine Portion Sahne war auch eine Qual der Wahl, da nur entweder 13% oder 36% gehabt, leider nix mit um die 25%, was mir pers\u00f6nlich lieber ist, da die 13er doch etwas d\u00fcnnfl\u00fcssig und die 36er doch etwas dick ist.  Nahm die 36er.<\/p>\n<p>Noch eine Mohnsemmel um 6,85 dazu, falls ich l\u00e4nger als bis Samstag am Parkplatz stehen m\u00f6chte und auch davon und von anderem Zeug im Brot-\/Geb\u00e4ckregal noch haufenweise vorhanden, was heut nie mehr weggehen wird..<\/p>\n<p>Das reinste Schlaraffenland, so viel Sachen (aber nix los und jetzt gibts ja keine Corona-Restriktionen mehr wie bei meinem letzten Besuch, vielleicht ist an den Wochenenden mehr los, wenn von Trondheim ein paar hierher fahren). Gek\u00fchltes, abgepacktes Frischfleisch gibts ebenfalls regalweise, interessiert mich nat\u00fcrlich nicht, aber da landet wohl sicherlich auch viel im M\u00fcll. <\/p>\n<p>Ich find das &#8220;dekadent&#8221; (im Sinne von entartet, unmoralisch) und es gibt wohl wenige Superm\u00e4rkte, wo einem unsere \u00dcberflussgesellschaft so vor Augen gef\u00fchrt wird wie hier. Zudem hier ja viele Sachen nicht aus Schweden kommen sondern irgendwo aus ganz Europa oder noch weiter weg. Fleischprodukte, die man sonst in Schweden nirgends bekommt, au\u00dfer vielleicht und vermutlich in einem der anderen 6 Eurocash-Filialen in Schweden.<\/p>\n<p><a href='http:\/\/extra.inmontanis.info\/d\/102270-2\/IMG_20240103_193820_8.jpg'><img src=http:\/\/extra.inmontanis.info\/d\/102269-3\/IMG_20240103_193820_8.jpg \/><\/a><br \/>\n^ Leider vor ein paar Tagen erst Naschsachen eingekauft. Man beachte nat\u00fcrlich, dass man die R\u00fcckseiten der 3 Inseln im Bild nicht sieht. 100g ca. 0,80 \u20ac. Und ja, je l\u00e4nger die Sachen hier offen rumliegen, desto h\u00e4rter werden sie. Selbst in Superm\u00e4rkten, wo die Boxen mit Deckel sind, sind z.B. die &#8220;wei\u00dfen M\u00e4use&#8221; oft hart.<\/p>\n<p><a href='http:\/\/extra.inmontanis.info\/d\/102274-2\/IMG_20240103_202348_9.jpg'><img src=http:\/\/extra.inmontanis.info\/d\/102273-3\/IMG_20240103_202348_9.jpg \/><\/a><br \/>\n^ Marmeladen\/Konfit\u00fcren gibt&#8217;s in Schweden nicht nur im Glas (rechte Regalseite nicht im Bild), Plastikeimerchen, den von mir geliebten Quetschflaschen, sondern auch: in Wurst-Form, wie schon zuletzt geschrieben &#8211; hier nun das Foto dazu.<br \/>\n(Geschmacksrichtungen: immer Erdbeer und fast immer Himbeer, seltener Preiselbeer oder Blaubeer)<\/p>\n<p><a href='http:\/\/extra.inmontanis.info\/d\/102262-2\/DSC09951.jpg'><img src=http:\/\/extra.inmontanis.info\/d\/102261-3\/DSC09951.jpg \/><\/a><br \/>\n^ Die 5x125g Packungen Bacon kosteten nur ca. 3,55 \u20ac, aber ge\u00f6ffnet sehen sie bei weitem nicht so mager aus wie es dem Fenster nach scheint. Die 200g Paprikah\u00fchnerwurst um ca. 1,33 \u20ac ist auch g\u00fcnstig und man bekommt sonst so gut wie nirgends Paprikawurst in Schweden.<\/p>\n<p>(Fortsetzung aus Storlien folgt im n\u00f6chsten Bericht, das mit dem Stellplatz wurde n\u00e4mlich noch abenteuerlich.)<\/p>\n","protected":false},"excerpt":{"rendered":"<p>Di, 2.1.2024 &#8211; Skitag Nr. 55, Reisetag 101<\/p>\n<p>Die McMuffins im McD kosten jetzt 39,- bzw 49,-, Ende Oktober waren es noch 35,- bzw. 45,-, und leider hatte ich vergessen, das Ketchup abzuw\u00e4hlen.<\/p>\n<p>Etwas zu fr\u00fch war ich am Parkplatz vom Skigebiet Bj\u00e4stabacken, wo wohl auch ein Wohnmobil \u00fcbernachtet hatte und gerade die Pisten pr\u00e4pariert <a href=\"http:\/\/blog.inmontanis.info\/?p=9639\">[&#8230;]<\/a><\/p>\n","protected":false},"author":1,"featured_media":9641,"comment_status":"closed","ping_status":"closed","sticky":false,"template":"","format":"standard","meta":{"footnotes":""},"categories":[912,690,19,27],"tags":[47],"class_list":["post-9639","post","type-post","status-publish","format-standard","has-post-thumbnail","hentry","category-2023-09-2024-xx-skandinavien","category-bjastabacken","category-schwedensweden","category-skifahren-winterskiing-winter","tag-sl","odd"],"_links":{"self":[{"href":"http:\/\/blog.inmontanis.info\/index.php?rest_route=\/wp\/v2\/posts\/9639","targetHints":{"allow":["GET"]}}],"collection":[{"href":"http:\/\/blog.inmontanis.info\/index.php?rest_route=\/wp\/v2\/posts"}],"about":[{"href":"http:\/\/blog.inmontanis.info\/index.php?rest_route=\/wp\/v2\/types\/post"}],"author":[{"embeddable":true,"href":"http:\/\/blog.inmontanis.info\/index.php?rest_route=\/wp\/v2\/users\/1"}],"replies":[{"embeddable":true,"href":"http:\/\/blog.inmontanis.info\/index.php?rest_route=%2Fwp%2Fv2%2Fcomments&post=9639"}],"version-history":[{"count":3,"href":"http:\/\/blog.inmontanis.info\/index.php?rest_route=\/wp\/v2\/posts\/9639\/revisions"}],"predecessor-version":[{"id":9643,"href":"http:\/\/blog.inmontanis.info\/index.php?rest_route=\/wp\/v2\/posts\/9639\/revisions\/9643"}],"wp:featuredmedia":[{"embeddable":true,"href":"http:\/\/blog.inmontanis.info\/index.php?rest_route=\/wp\/v2\/media\/9641"}],"wp:attachment":[{"href":"http:\/\/blog.inmontanis.info\/index.php?rest_route=%2Fwp%2Fv2%2Fmedia&parent=9639"}],"wp:term":[{"taxonomy":"category","embeddable":true,"href":"http:\/\/blog.inmontanis.info\/index.php?rest_route=%2Fwp%2Fv2%2Fcategories&post=9639"},{"taxonomy":"post_tag","embeddable":true,"href":"http:\/\/blog.inmontanis.info\/index.php?rest_route=%2Fwp%2Fv2%2Ftags&post=9639"}],"curies":[{"name":"wp","href":"https:\/\/api.w.org\/{rel}","templated":true}]}}