{"id":9633,"date":"2024-01-01T20:09:17","date_gmt":"2024-01-01T19:09:17","guid":{"rendered":"http:\/\/blog.inmontanis.info\/?p=9633"},"modified":"2024-01-02T20:43:35","modified_gmt":"2024-01-02T19:43:35","slug":"storklinta-31-12-2023-1-1-2024","status":"publish","type":"post","link":"http:\/\/blog.inmontanis.info\/?p=9633","title":{"rendered":"Storklinta, 31.12.2023-1.1.2024"},"content":{"rendered":"<p><strong>So, 31.12.2023<\/strong><\/p>\n<p>Um 9:50 kam ich am Skigebietsparkplatz von Storklinta an, das man nicht mit dem etwas weiter n\u00f6rdlich befindlicheren Storklinten verwechseln darf. Liftbetrieb soll in den Weihnachtsferien tgl. von 10-16 Uhr sein.<\/p>\n<p>Die Parkpl\u00e4tze am Lift sahen so aus, als w\u00e4ren das hier die Campingstellpl\u00e4tze f\u00fcr Nicht-Saisong\u00e4ste, zumindest stehen hier Stromanschl\u00fcsse herum, d.h. es parken hier auch Liftg\u00e4ste, so auch ich (und k\u00f6nnte so ggf. abends stehen bleiben).<\/p>\n<p>&#128681; Gespeicherte Geolocation &#8211; Karte anzeigen: <a href='https:\/\/www.google.com\/maps\/@?api=1&#038;map_action=map&#038;center=65.1620459,20.1328043&#038;zoom=12&#038;basemap=terrain' target=_blank> GoogleMaps<\/a> &#128681; <a href='https:\/\/www.openstreetmap.org\/?&#038;mlat=65.1620459&#038;mlon=20.1328043#map=10\/65.1620459\/20.1328043&#038;layers=P' target=_blank> OSM &#128681;<\/a><\/p>\n<p><a href='http:\/\/extra.inmontanis.info\/d\/102202-3\/DSC09844.jpg'><img src=http:\/\/extra.inmontanis.info\/d\/102201-4\/DSC09844.jpg \/><\/a><br \/>\n^ Kenne kein Land mit so vielen sch\u00f6nen Rastplatz-WCs wie Schweden, aber hier im selten befahrenen Bereich ungew\u00f6hnlich klein, da nur 1 WC-Kabine, aber zus\u00e4tzlich die Camping-WC-Entleerung<\/p>\n<p><a href='http:\/\/extra.inmontanis.info\/d\/102206-3\/DSC09852.jpg'><img src=http:\/\/extra.inmontanis.info\/d\/102205-4\/DSC09852.jpg \/><\/a><br \/>\n^ Zwischen Skellefte\u00e5 und Storklinta<\/p>\n<p><a href='http:\/\/ski.inmontanis.info\/d\/324490-2\/DSC09854.jpg'><img src=http:\/\/ski.inmontanis.info\/d\/324489-3\/DSC09854.jpg \/><\/a><br \/>\n^ Zufahrt Skigebiet Storklinta (links der Berg)<\/p>\n<p><a href='http:\/\/ski.inmontanis.info\/d\/324494-2\/DSC09855.jpg'><img src=http:\/\/ski.inmontanis.info\/d\/324493-3\/DSC09855.jpg \/><\/a><br \/>\n^ Linke untere Seite und Talstation \u00dcbungslift (bzw. auch Zubringerlift)<\/p>\n<p><a href='http:\/\/ski.inmontanis.info\/d\/324498-2\/DSC09858.jpg'><img src=http:\/\/ski.inmontanis.info\/d\/324497-3\/DSC09858.jpg \/><\/a><br \/>\n^ Blick vom Parkplatz zum SL<\/p>\n<p>Lyca  hat hier keinen Empfang am Parkplatz (an der Lift-Talstation minimal), meine AT-Magenta-SIM via Telia-Roaming aber recht guten. Und eigentlich hatte ich mich auch deshalb f\u00fcr Lyca entschieden, weil sie wie Halebop auch das Netz von Telia nutzen sollten. Ist wohl nicht mehr der Fall. (Telia soll n\u00e4mlich in l\u00e4ndlichen Gegenden besser sein, daher hatte ich vor 2 Jahren auch Halebop, aber durch die nun n\u00f6tige Registrierung in Schweden soll das bei Halebop&#038;Telia extrem zeitaufw\u00e4ndig und nur in Telia-Stores m\u00f6glich sein (die Sim-Karte muss man aber anderswo kaufen), zumindest f\u00fcr Ausl\u00e4nder.<\/p>\n<p>Den Skipass gibt&#8217;s direkt am Lift und dort wollte man mir eine Tageskarte verkaufen, weil sie keine Ahnung hatten, das sie heuer beim Scandinavian-Skipass mit 5 Tagen dabei sind ;)<\/p>\n<p>Hab auch wg. Camping gefragt, worauf er wohl meinte, man k\u00f6nne ggf. auch kostenlos stehen am Parkplatz und dort Strom nehmen, aber er wollte nochmals bei seinem Bruder nachfragen. <\/p>\n<p>Anscheinend gibt&#8217;s hier kein Mini-Skigebiet, wo es nicht auch weitere deutsche Urlauber gibt :) Auch hier in der V\u00e4rmestuga heute &#8220;Norddeutsch&#8221; geh\u00f6rt. Schweden scheint mittlerweile f\u00fcr norddeutsche eine \u00fcbliche Winter-\/Skiferiendestination geworden zu sein. <\/p>\n<p>Um 14:00 nochmals wg. des Campingplatzes gefragt. Wenn ich darauf bestanden h\u00e4tte, dass ich nur ein Auto h\u00e4tte (und keinen Van), w\u00e4r ich vielleicht g\u00fcnstiger weggekommen, aber wer rechnet denn damit! Auf der Website stand ja 350,-, aber nach dem Telefonat hie\u00df es: 450,-. Gut, dass ich mittlerweile eh nur noch 1 Nacht bleiben wollte. Jedenfalls unversch\u00e4mt teuer f\u00fcr so ein kleines Skigebiet, da wird in Schweden normalerweise 250-350,- verlangt. Angeschrieben, was wo ist, ist auch so gut wie nichts und im Herren-Toilettentrakt schien gerade einmal ein kleines Waschbecken zu sein, auch sonst keinen Waschraum gefunden (nur die Herren-Dusche mit der Herren-Sauna). -> also kein Haarschneiden\/-rasieren.<\/p>\n<p>Den Liftbetrieb bis 16 Uhr k\u00f6nnten sie sich auch sparen, nach 15 Uhr war da kaum noch jemand zu sehen. Ich w\u00e4r um 15h nochmals rauf, aber der SSL lief dann gerade nicht und ich wollte nicht rauflaufen zum anderen SL Sp\u00e4ter lief er dann doch mal wieder und dann mal wieder nicht, was auch immer.<\/p>\n<p><a href='http:\/\/ski.inmontanis.info\/d\/324502-2\/DSC09859.jpg'><img src=http:\/\/ski.inmontanis.info\/d\/324501-3\/DSC09859.jpg \/><\/a><br \/>\n^ Pistenplan; die linke Abfahrt teilt sich unten in 3 Arme, wobei der ganz linke am \u00dcbungslift endet; rechts gibt es 2 Abfahrten, wobei sich die linke davon unten wiederum teilt<\/p>\n<p><a href='http:\/\/ski.inmontanis.info\/d\/324506-2\/DSC09860.jpg'><img src=http:\/\/ski.inmontanis.info\/d\/324505-3\/DSC09860.jpg \/><\/a><br \/>\n^ SL, derzeit nur der linke in Betrieb, wobei der rechte Poma mit den roten\/rotbraunen St\u00fctzen sp\u00e4ter mal schneefrei gefahren wurde<\/p>\n<p><a href='http:\/\/ski.inmontanis.info\/d\/324510-2\/DSC09861.jpg'><img src=http:\/\/ski.inmontanis.info\/d\/324509-3\/DSC09861.jpg \/><\/a><br \/>\n^ Im SL<\/p>\n<p><a href='http:\/\/ski.inmontanis.info\/d\/324514-2\/DSC09872.jpg'><img src=http:\/\/ski.inmontanis.info\/d\/324513-3\/DSC09872.jpg \/><\/a><br \/>\n^ Bergstation<\/p>\n<p><a href='http:\/\/ski.inmontanis.info\/d\/324518-2\/DSC09876.jpg'><img src=http:\/\/ski.inmontanis.info\/d\/324517-3\/DSC09876.jpg \/><\/a><br \/>\n^ Rechte Abfahrt<\/p>\n<p><a href='http:\/\/ski.inmontanis.info\/d\/324522-2\/DSC09874.jpg'><img src=http:\/\/ski.inmontanis.info\/d\/324521-3\/DSC09874.jpg \/><\/a><br \/>\n^ ganz rechte Abfahrt<\/p>\n<p><a href='http:\/\/ski.inmontanis.info\/d\/324526-2\/DSC09877.jpg'><img src=http:\/\/ski.inmontanis.info\/d\/324525-3\/DSC09877.jpg \/><\/a><br \/>\n^ ganz rechte Abfahrt<\/p>\n<p><a href='http:\/\/ski.inmontanis.info\/d\/324530-2\/DSC09878.jpg'><img src=http:\/\/ski.inmontanis.info\/d\/324529-3\/DSC09878.jpg \/><\/a><br \/>\n^ ganz rechte Abfahrt<\/p>\n<p><a href='http:\/\/ski.inmontanis.info\/d\/324534-2\/DSC09880.jpg'><img src=http:\/\/ski.inmontanis.info\/d\/324533-3\/DSC09880.jpg \/><\/a><br \/>\n^ Verkrustung an den SL<\/p>\n<p><a href='http:\/\/ski.inmontanis.info\/d\/324538-2\/DSC09881.jpg'><img src=http:\/\/ski.inmontanis.info\/d\/324537-3\/DSC09881.jpg \/><\/a><br \/>\n^ Linke Abfahrt<\/p>\n<p><a href='http:\/\/ski.inmontanis.info\/d\/324542-2\/DSC09883.jpg'><img src=http:\/\/ski.inmontanis.info\/d\/324541-3\/DSC09883.jpg \/><\/a><br \/>\n^ Rechte Abfahrt, gefiel mir am besten, hatte bisschen Neuschneeauflage und sch\u00f6n schmal<\/p>\n<p><a href='http:\/\/ski.inmontanis.info\/d\/324546-2\/DSC09884.jpg'><img src=http:\/\/ski.inmontanis.info\/d\/324545-3\/DSC09884.jpg \/><\/a><br \/>\n^ Die rechte Abfahrt teilt sich hier in einen kleinen Funparkbereich (der als solcher nicht wirklich verwendet wurde heute) und rechts der normale Teil<\/p>\n<p><a href='http:\/\/ski.inmontanis.info\/d\/324550-2\/DSC09885.jpg'><img src=http:\/\/ski.inmontanis.info\/d\/324549-3\/DSC09885.jpg \/><\/a><br \/>\n^ Die linken beiden der 3 unteren Abfahrtsbereiche der linken Abfahrt, die ganz linke davon, also rechts im Bild, die zum \u00dcbungslift geht, war schneem\u00e4\u00dfig leider nicht so gut, da viele hartgefrorene, alte Spuren im Tiefschnee waren<\/p>\n<p><a href='http:\/\/ski.inmontanis.info\/d\/324554-2\/DSC09886.jpg'><img src=http:\/\/ski.inmontanis.info\/d\/324553-3\/DSC09886.jpg \/><\/a><br \/>\n^ Bergstationen<\/p>\n<p><a href='http:\/\/ski.inmontanis.info\/d\/324558-2\/DSC09887.jpg'><img src=http:\/\/ski.inmontanis.info\/d\/324557-3\/DSC09887.jpg \/><\/a><br \/>\n^ Waldschneise<\/p>\n<p><a href='http:\/\/ski.inmontanis.info\/d\/324562-2\/DSC09888.jpg'><img src=http:\/\/ski.inmontanis.info\/d\/324561-3\/DSC09888.jpg \/><\/a><br \/>\n^ Die Waldschneise endet kurioserweise direkt in der SL-Spur. Vielleicht war der jetzige \u00dcbungslift (oder der alte Parallellift) fr\u00fcher ein Kurven-KSSL?!<\/p>\n<p><a href='http:\/\/ski.inmontanis.info\/d\/324566-2\/DSC09890.jpg'><img src=http:\/\/ski.inmontanis.info\/d\/324565-3\/DSC09890.jpg \/><\/a><br \/>\n^ Andere Waldschneise<\/p>\n<p><a href='http:\/\/ski.inmontanis.info\/d\/324570-2\/DSC09891.jpg'><img src=http:\/\/ski.inmontanis.info\/d\/324569-3\/DSC09891.jpg \/><\/a><br \/>\n^ ganz rechte Abfahrt nun mit Sonne im Tal<\/p>\n<p><a href='http:\/\/ski.inmontanis.info\/d\/324574-2\/DSC09893.jpg'><img src=http:\/\/ski.inmontanis.info\/d\/324573-3\/DSC09893.jpg \/><\/a><br \/>\n^ ganz rechte Abfahrt nun mit Sonne im Tal<\/p>\n<p><a href='http:\/\/ski.inmontanis.info\/d\/324578-2\/DSC09895.jpg'><img src=http:\/\/ski.inmontanis.info\/d\/324577-3\/DSC09895.jpg \/><\/a><br \/>\n^ .. und mit Windrad<\/p>\n<p><a href='http:\/\/ski.inmontanis.info\/d\/324582-2\/DSC09896.jpg'><img src=http:\/\/ski.inmontanis.info\/d\/324581-3\/DSC09896.jpg \/><\/a><br \/>\n^ die sch\u00f6ne rechte Abfahrt<\/p>\n<p><a href='http:\/\/ski.inmontanis.info\/d\/324586-2\/DSC09898.jpg'><img src=http:\/\/ski.inmontanis.info\/d\/324585-3\/DSC09898.jpg \/><\/a><br \/>\n^ Bergstationen<\/p>\n<p><a href='http:\/\/ski.inmontanis.info\/d\/324590-2\/DSC09901.jpg'><img src=http:\/\/ski.inmontanis.info\/d\/324589-3\/DSC09901.jpg \/><\/a><br \/>\n^ Bergstationen<\/p>\n<p><a href='http:\/\/ski.inmontanis.info\/d\/324594-2\/DSC09902.jpg'><img src=http:\/\/ski.inmontanis.info\/d\/324593-3\/DSC09902.jpg \/><\/a><br \/>\n^ Bergstationen<\/p>\n<p><a href='http:\/\/ski.inmontanis.info\/d\/324598-2\/DSC09903.jpg'><img src=http:\/\/ski.inmontanis.info\/d\/324597-3\/DSC09903.jpg \/><\/a><br \/>\n^ Skipass<\/p>\n<p><a href='http:\/\/ski.inmontanis.info\/d\/324602-2\/DSC09904.jpg'><img src=http:\/\/ski.inmontanis.info\/d\/324601-3\/DSC09904.jpg \/><\/a><br \/>\n^ Alle 3 Varianten der linken Abfahrt, sowie der Campingplatz<\/p>\n<p><a href='http:\/\/ski.inmontanis.info\/d\/324606-2\/DSC09906.jpg'><img src=http:\/\/ski.inmontanis.info\/d\/324605-3\/DSC09906.jpg \/><\/a><br \/>\n^ Einen snowboardfahrenden Dino gab&#8217;s auch ;)<\/p>\n<p><a href='http:\/\/ski.inmontanis.info\/d\/324610-2\/DSC09908.jpg'><img src=http:\/\/ski.inmontanis.info\/d\/324609-3\/DSC09908.jpg \/><\/a><br \/>\n^ R\u00fcckseitiges Pano wird leider durch B\u00e4ume verdeckt<\/p>\n<p><a href='http:\/\/ski.inmontanis.info\/d\/324614-2\/DSC09909.jpg'><img src=http:\/\/ski.inmontanis.info\/d\/324613-3\/DSC09909.jpg \/><\/a><br \/>\n^ Linke Abfahrt<\/p>\n<p><a href='http:\/\/ski.inmontanis.info\/d\/324618-2\/DSC09910.jpg'><img src=http:\/\/ski.inmontanis.info\/d\/324617-3\/DSC09910.jpg \/><\/a><br \/>\n^ Linke Abfahrt (14:20 Uhr)<\/p>\n<p><a href='http:\/\/ski.inmontanis.info\/d\/324622-2\/DSC09911.jpg'><img src=http:\/\/ski.inmontanis.info\/d\/324621-3\/DSC09911.jpg \/><\/a><br \/>\n^ Blick von der linken Abfahrt zu SL und Windrad<\/p>\n<p>Ich hatte den SSL nicht weiter fotografiert, da er mir nicht besonders un\u00fcblich aussah. Bei meinem Sommerbesuch 2021 sahen die St\u00fctzen jedenfalls noch interessanter aus:<\/p>\n<p><a href='http:\/\/ski.inmontanis.info\/d\/295950-3\/DSC01840.jpg'><img src=http:\/\/ski.inmontanis.info\/d\/295949-4\/DSC01840.jpg \/><\/a><\/p>\n<p>F\u00fcr die n\u00e4chsten Tage scheine ich folgende M\u00f6glichkeiten zu haben:<br \/>\n&#8211; hier morgen Nachmittag fr\u00fcher wegfahren wohin es w\u00e4rmer ist, zB. an der K\u00fcste runter nach Sundsvall, dort soll die K\u00e4lte erst am Freitag ankommen<br \/>\n&#8211; hier morgen noch eine zweite Nacht bleiben und am DI fahren (zumindest wird hier weniger kalt gemeldet als f\u00fcr Tjamstan)<br \/>\n&#8211; hier morgen Nachmittag nach Tjamsta zu fahren und dort am Dienstag Ski zu fahren, geht nicht, weil es zu kalt wird und die nur bis -22\u00b0 offen haben<br \/>\n&#8211; hier morgen Nachmittag nach Borgafj\u00e4ll zu fahren ist auch problematisch, da ich ja die Campingplatzsituation vor Ort nicht kenne, mir beide nicht auf die EMails geantwortet haben und ich bei unter -20\u00b0 ungern frei stehen m\u00f6chte. Und f\u00fcr DO wird nun auch dort -27 bis -33\u00b0 gemeldet, am MI -24\/-26\u00b0, ab FR wieder einstellig.<br \/>\n&#8211; den Campingplatz Kittelfj\u00e4ll k\u00f6nnte man online buchen, ist aber dann recht sinnlos, wenn die Tage danach dort um oder unter -25\u00b0 gemeldet wird und man so die Gefahr hat, dass die Lifte mehrere Tage lang vielleicht nicht in Betrieb w\u00e4ren.<\/p>\n<p>Da ich heut lang  nicht im Auto war und es zumindest bei Ankunft um die -14\u00b0 hatte, war mein Auto stark ausgek\u00fchlt und brauchte eine Stunde bei 1400 Watt Heizleistung (zwei Ger\u00e4te auf voller St\u00e4rke) bis es zumindest im Hauptbereich etwas w\u00e4rmer war. Im Prinzip half mir das und auch der &#8220;nur&#8221; -15\u00b0 Tag heute, dass ich das Risiko mit den 3  Tagen um -25\u00b0 in Kittel- und\/oder Borgafj\u00f6ll wohl nicht eingehen m\u00f6chte. Selbst wenn die Lifte laufen, auch -23 oder -25\u00b0 sind schei\u00dfe kalt, da braucht es nicht -35\u00b0 zu werden.<\/p>\n<p>Zwangsl\u00e4ufig hat man an dem Stellplatz hier etwas Verkehr von Schneemobilen, von den Skigebietsbetriebern usw. und auch weil heut Silvester war, da war es gestern mitten in der Stadt ruhiger. Aber hoffentlich zu Mitternacht hier weniger lang L\u00e4rm.<\/p>\n<p>Wettervorhersagen? SMHI.se vs. YR.no<br \/>\nDI Tjamsta -23\u00b0 oder -28\u00b0 -> ziemlich sicher unter -22\u00b0, f\u00e4llt aus<br \/>\nBorgafj\u00e4ll (K\u00e4lteGrenze -23\u00b0)<br \/>\n.. DI -21\u00b0 oder -22\u00b0 -> knapp \u00fcber -23\u00b0 und evtl. offen<br \/>\n.. MI -26\u00b0 oder -21\u00b0 -> k\u00f6nnte knapp klappen oder nicht<br \/>\n.. DO -28\u00b0 oder -22\u00b0 -> k\u00f6nnte knapp klappen oder nicht<br \/>\n.. FR wieder w\u00e4rmer<br \/>\nKittelfj\u00e4ll (KG -25\u00b0)<br \/>\n.. DI -24\u00b0 oder -26\u00b0 -> k\u00f6nnte knapp klappen oder nicht<br \/>\n.. MI -25\u00b0 oder -24\u00b0 -> k\u00f6nnte knapp klappen oder nicht<br \/>\n.. DO -30\u00b0 oder -25\u00b0 -> k\u00f6nnte knapp klappen oder nicht<\/p>\n<p>Ach, schei\u00dfe ist das. Da w\u00fcnscht man sich doch glatt wieder Schneefall den Tag \u00fcber, dann w\u00e4r es nicht so kalt.<\/p>\n<p>Bygdsiljum h\u00e4tte jetzt den zweiten SL offen, laut Wettervorhersage wird es am DI -22\/-23\u00b0, leider schweigt sich auch diese Website aus, ob und wo die K\u00e4ltegr\u00e4nze ist. (Manchmal liegt die ja schon bei um die -18\u00b0.)<\/p>\n<p>N\u00e4chstes weiter s\u00fcdlich, Bj\u00e4sta, war ich zwar schon einmal, aber war ganz nett, meldet f\u00fcr DI -20\u00b0, ebenfalls unbekannte K\u00e4ltegrenze.<\/p>\n<p>Noch weiter s\u00fcdlich, fast nahe Sundsvall, w\u00fcrde erst f\u00fcr Freitag unter -20\u00b0 gemeldet.<\/p>\n<p>Zum Gl\u00fcck war ich wg. der Planungen (und Serienschauen) heut noch wach um Mitternacht, denn es herrschte hier Kriegsl\u00e4rm, m\u00fcssen wohl sehr nahe an meinem Auto ihr Feuerwerk gestartet haben. Ich hasse bekanntlich jeden L\u00e4rm, aber besonders diesen Silvesterl\u00e4rm, egal wo man ist, man kann dem nicht  entkommen :(  Naja, in ein paar Minuten war&#8217;s vorbei, dann noch ein paar Schneemobile und Autos und es war ruhig bzw. meine Heizer waren laut genug.<\/p>\n<p><strong>Mo, 1.1.2024<\/strong><\/p>\n<p>Vormittags schneite es leicht. Die Wettervorhersagen f\u00fcr Kittel- und Borgafj\u00e4ll blieben f\u00fcr die n\u00e4chsten 3 Tage im jeweiligen K\u00e4ltegrenzbereich mit DO weit darunter. Hatte halt einfach Pech, dass diese arktische oder sibirische K\u00e4lte ausgerechnet diese Woche gerade hier reinzieht. Ab dem n\u00e4chsten WE sind die Temperaturen wieder nur noch einstellig im Minus bzw. an der K\u00fcstenregion sogar im Plus. Wenn es nur 1 oder 2 Tage w\u00e4re, w\u00fcrde ich es auch noch riskieren, aber 3 Tage dann ggf. bei unter -25\u00b0 am Campingplatz zu hocken, ohne dass ein Lift l\u00e4uft, w\u00e4re bl\u00f6d. Also gehts heut Nachmittag nach S\u00fcden.<\/p>\n<p>Der SL hier wurde kurz nach 10 Uhr extra f\u00fcr mich eingeschaltet und bis ca. 11:20 Uhr war ich der einzigste Skifahrer, danach kamen endlich mal 2 Kids und ich pausierte in der V\u00e4rmestuga.<\/p>\n<p>Die Wettervorhersagen f\u00fcr n\u00e4chste Woche f\u00fcr die Skigebiete um \u00d6stersund zeigen dann mal wieder kr\u00e4ftigen Schneefall je weiter richtung Norwegen, d.h. am meisten in Storlien, weniger um \u00c5re (bzw. Trillevallen) und noch weniger in Bydalen.<\/p>\n<p><a href='http:\/\/ski.inmontanis.info\/d\/324626-2\/DSC09912.jpg'><img src=http:\/\/ski.inmontanis.info\/d\/324625-3\/DSC09912.jpg \/><\/a><br \/>\n^ Wie in vielen Skigebieten in Schweden gibt&#8217;s auch hier eine stillgelegte Halfpipe<\/p>\n<p><a href='http:\/\/ski.inmontanis.info\/d\/324630-2\/ge20231231-0101.jpg'><img src=http:\/\/ski.inmontanis.info\/d\/324629-3\/ge20231231-0101.jpg \/><\/a><br \/>\n^ GPS-Track 31.12.2023+1.1.1024. W\u00e4r sch\u00f6n, wenn da links im Steilen oder drumherum noch ein bisschen was g\u00e4be<\/p>\n<p>Um 13:15 h\u00f6rte ich auf, mir war kalt und ich wollte noch mind. 4 Stunden nach S\u00fcden fahren.<\/p>\n<p>Fazit? Naja, eineinhalb Tage waren genug; es gab zwar genug Abfahrtsvarianten und man konnte auch etwas im Wald fahren (wenn auch nicht sooo gut, weil recht dicht), Schnee war sch\u00f6n pulvrig, einige H\u00e4nge waren unpr\u00e4pariert, viel positiv also, aber eben doch nur ein Lift und alles spielt sich nah am Lift ab. Die restlichen 3 Tage vom Saisonpass werd ich wohl verfallen lassen, da es voraussichtlich nicht mehr am Weg liegen wird und mir der Umweg im Fr\u00fchjahr dann zu schade ist, da besuche ich lieber die finnischen Saisonkartenskigebiete.<\/p>\n<p><a href='http:\/\/extra.inmontanis.info\/d\/102210-3\/DSC09913.jpg'><img src=http:\/\/extra.inmontanis.info\/d\/102209-4\/DSC09913.jpg \/><\/a><br \/>\n^ Durchfahrt Skellefte\u00e5<\/p>\n<p><a href='http:\/\/extra.inmontanis.info\/d\/102214-3\/DSC09914.jpg'><img src=http:\/\/extra.inmontanis.info\/d\/102213-4\/DSC09914.jpg \/><\/a><br \/>\n^ In Skellefte\u00e5 wird die Fu\u00dfg\u00e4ngerzone wohl beheizt. Einerseits ja vielleicht praktisch, aber es geht wohl auch Flair verloren<\/p>\n<p><a href='http:\/\/extra.inmontanis.info\/d\/102218-3\/DSC09915.jpg'><img src=http:\/\/extra.inmontanis.info\/d\/102217-4\/DSC09915.jpg \/><\/a><br \/>\n^ Nan\u00fc, Benzin heute 1,- SEK g\u00fcnstiger und Diesel gleich 4-5,- g\u00fcnstiger? Benzin somit nur ca. 1,53 \u20ac.<\/p>\n<p>Vor dem Einkaufen hielt ich endlich mal an einem Frasses. Laxburger? Ja, dann doch, 107,- SEK das Men\u00fc. Schon lang keine Cola Light\/Zero mehr gehabt, zuletzt in Finnland. Hier in Schweden ist es mir zu teuer, selbst die Eigenmarken.<\/p>\n<p><a href='http:\/\/extra.inmontanis.info\/d\/102230-2\/IMG_20240101_165306.jpg'><img src=http:\/\/extra.inmontanis.info\/d\/102229-3\/IMG_20240101_165306.jpg \/><\/a><br \/>\n^ Lachs-Burger mit sch\u00f6n viel Pommes im Men\u00fc<\/p>\n<p>Es war eine lange Zeit nur um die -15\u00b0 , erst kurz vor Ume\u00e5 sank es pl\u00f6tzlich auf -24\u00b0. M\u00f6ge es weiter s\u00fcdlich nochmals etwas w\u00e4rmer werden, f\u00fcr \u00d6rnsk\u00f6ldsvik sind  -16\/-19\u00b0 gemeldet, was freistehend noch gehen sollte, so sp\u00e4t wie ich dran bin.<\/p>\n<p>Beim Einkaufen im Marmeladenregal nicht nur die Quetschtubenflaschen gesehen, sondern auch in Form von &#8230;<\/p>\n<p>.. Wurst! <\/p>\n<p>Also wie so ein armdickes, rundes und langes St\u00fcck Wurst. Aber halt Marmelade bzw. Konfit\u00fcre drin. Vielleicht als Nachf\u00fcllung f\u00fcr Kanister oder zum Kochen gedacht?! Weil man es in der Form wohl eher nicht wieder verschlie\u00dfen wird k\u00f6nnen ;)<\/p>\n<p>Mal wieder laut Musik auf der Fahrt geh\u00f6rt, dadurch sind die Lautsprecher auch mal enteist worden und auch die hinteren gingen irgendwann pl\u00f6ztlich wieder.<\/p>\n<p>Es blieb noch einige Zeit lang bei bis zu -25\u00b0, dann wieder auf -16\u00b0 steigend bis \u00d6rnsk\u00f6ldsvik, wo ich nach 20 Uhr an einem 2. Parkplatz ankam, da mir der erste nicht gefiel. Der PC blieb heute Abend aus.<\/p>\n<p><a href='http:\/\/extra.inmontanis.info\/d\/102222-3\/DSC09916.jpg'><img src=http:\/\/extra.inmontanis.info\/d\/102221-4\/DSC09916.jpg \/><\/a><br \/>\n^ Bei den kalten Temperaturen ist mal wieder zu wenig Luft in den Reifen, es fehlen seit dem letzten Nachf\u00fcllen schon wieder 0,2-0,3 bar. Leider bekommt man das wohl nicht gratis an den Tankstellen, aber jedenfalls fehlte die Luft an allen 4 Reifen gleichsam.<\/p>\n<p>Morgen fr\u00fch am nahen McD mal einen McMuffin kaufen, dann noch eine halbe Stunde zum Skigebiet Bj\u00e4stabacken fahren und abwarten, ob sie \u00f6ffnen, sonst noch ein St\u00fcndchen weiter in den S\u00fcden zum n\u00e4chsten Skigebiet, das ich ansonsten vielleicht \u00fcbermorgen besuchen m\u00f6chte. <\/p>\n<p><a href='http:\/\/extra.inmontanis.info\/d\/102226-3\/IMG_20240101_225352.jpg'><img src=http:\/\/extra.inmontanis.info\/d\/102225-4\/IMG_20240101_225352.jpg \/><\/a><br \/>\n^ Schlaf-Schichten bei den kalten Temperaturen, ganz unten: Schlafanzug, dann die d\u00fcnne Fleece\/Flanelldecke, dann die geschrumpfte Fensterschaumstoffmatte (die bringt wirklich viel im Bett), dann die Sommersteppdecke mit dem Flanell\u00fcberzug und zuletzt der Schlafsack dr\u00fcber. Nat\u00fcrlich noch zur Seite gedreht.<\/p>\n<p>Bei der Steppdecke mit dem \u00dcberzug geh ich ja mittlerweile schon davon aus, dass es sinnvoller oder zumindest nicht schlechter gewesen w\u00e4re, den \u00dcberzug nicht \u00fcber die Steppdecke zu tun, sondern anstelle der unteren d\u00fcnnen Decke zu verwenden.<\/p>\n<p>Ansonsten aber absolut unproblematisch auch bei -18\u00b0 drau\u00dfen und ich brauch nicht meine Heizmatten. Seitdem ich bei solchen Temperaturen Str\u00fcmpfe nachts anziehe, sind die F\u00fc\u00dfe selbst dann warm. Und die Schaumstoffmatte h\u00e4lt die kalte Decke dar\u00fcber von Hintern plus dar\u00fcber und darunter entfernt. Vorm Gesicht\/Mund hab ich dann logischerweise Teile vom Schlafsack und irgendwo ist dann ein bisschen offen, wo Luft reinkommt, da kondensiert das Wasser vom Ausatmen teilweise fast direkt vorm Gesicht wg. der K\u00e4lte.<\/p>\n","protected":false},"excerpt":{"rendered":"<p>So, 31.12.2023<\/p>\n<p>Um 9:50 kam ich am Skigebietsparkplatz von Storklinta an, das man nicht mit dem etwas weiter n\u00f6rdlich befindlicheren Storklinten verwechseln darf. Liftbetrieb soll in den Weihnachtsferien tgl. von 10-16 Uhr sein.<\/p>\n<p>Die Parkpl\u00e4tze am Lift sahen so aus, als w\u00e4ren das hier die Campingstellpl\u00e4tze f\u00fcr Nicht-Saisong\u00e4ste, zumindest stehen hier Stromanschl\u00fcsse herum, d.h. es <a href=\"http:\/\/blog.inmontanis.info\/?p=9633\">[&#8230;]<\/a><\/p>\n","protected":false},"author":1,"featured_media":9637,"comment_status":"closed","ping_status":"closed","sticky":false,"template":"","format":"standard","meta":{"footnotes":""},"categories":[912,19,27,634],"tags":[47],"class_list":["post-9633","post","type-post","status-publish","format-standard","has-post-thumbnail","hentry","category-2023-09-2024-xx-skandinavien","category-schwedensweden","category-skifahren-winterskiing-winter","category-storklinta","tag-sl","odd"],"_links":{"self":[{"href":"http:\/\/blog.inmontanis.info\/index.php?rest_route=\/wp\/v2\/posts\/9633","targetHints":{"allow":["GET"]}}],"collection":[{"href":"http:\/\/blog.inmontanis.info\/index.php?rest_route=\/wp\/v2\/posts"}],"about":[{"href":"http:\/\/blog.inmontanis.info\/index.php?rest_route=\/wp\/v2\/types\/post"}],"author":[{"embeddable":true,"href":"http:\/\/blog.inmontanis.info\/index.php?rest_route=\/wp\/v2\/users\/1"}],"replies":[{"embeddable":true,"href":"http:\/\/blog.inmontanis.info\/index.php?rest_route=%2Fwp%2Fv2%2Fcomments&post=9633"}],"version-history":[{"count":4,"href":"http:\/\/blog.inmontanis.info\/index.php?rest_route=\/wp\/v2\/posts\/9633\/revisions"}],"predecessor-version":[{"id":9638,"href":"http:\/\/blog.inmontanis.info\/index.php?rest_route=\/wp\/v2\/posts\/9633\/revisions\/9638"}],"wp:featuredmedia":[{"embeddable":true,"href":"http:\/\/blog.inmontanis.info\/index.php?rest_route=\/wp\/v2\/media\/9637"}],"wp:attachment":[{"href":"http:\/\/blog.inmontanis.info\/index.php?rest_route=%2Fwp%2Fv2%2Fmedia&parent=9633"}],"wp:term":[{"taxonomy":"category","embeddable":true,"href":"http:\/\/blog.inmontanis.info\/index.php?rest_route=%2Fwp%2Fv2%2Fcategories&post=9633"},{"taxonomy":"post_tag","embeddable":true,"href":"http:\/\/blog.inmontanis.info\/index.php?rest_route=%2Fwp%2Fv2%2Ftags&post=9633"}],"curies":[{"name":"wp","href":"https:\/\/api.w.org\/{rel}","templated":true}]}}