{"id":9629,"date":"2023-12-30T18:43:17","date_gmt":"2023-12-30T17:43:17","guid":{"rendered":"http:\/\/blog.inmontanis.info\/?p=9629"},"modified":"2023-12-31T19:33:21","modified_gmt":"2023-12-31T18:33:21","slug":"middagsberget-30-12-2023-blauer-graffer","status":"publish","type":"post","link":"http:\/\/blog.inmontanis.info\/?p=9629","title":{"rendered":"Middagsberget, 30.12.2023 \/ Blauer Graffer"},"content":{"rendered":"<p><strong>Sa, 30.12.2023<\/strong><\/p>\n<p>Daf\u00fcr, dass das Skigebiet so klein ist, meine ich, die Pistenraupe heute fr\u00fch sehr lange geh\u00f6rt zu haben. Nach 8:30 wurde der Parkplatz ger\u00e4umt und klarerweise stand ich etwas im Weg und war somit gespannt, ob ich sp\u00e4ter werde rausfahren k\u00f6nnen.<\/p>\n<p>Er schien jedenfalls m\u00e4chtig viel Schnee wegzuschieben; auf meinem Seitenspiegel drau\u00dfen sah es nach ca. 10cm aus, sp\u00e4ter auf der Motorhaube dagegen lag doch mehr.<\/p>\n<p><a href='http:\/\/extra.inmontanis.info\/d\/102190-3\/DSC09786.jpg'><img src=http:\/\/extra.inmontanis.info\/d\/102189-4\/DSC09786.jpg \/><\/a><br \/>\n^ Schneer\u00e4umung am Parkplatz<\/p>\n<p>&#128681; Gespeicherte Geolocation &#8211; Karte anzeigen: <a href='https:\/\/www.google.com\/maps\/@?api=1&#038;map_action=map&#038;center=63.9108034,19.7950417&#038;zoom=12&#038;basemap=terrain' target=_blank> GoogleMaps<\/a> &#128681; <a href='https:\/\/www.openstreetmap.org\/?&#038;mlat=63.9108034&#038;mlon=19.7950417#map=10\/63.9108034\/19.7950417&#038;layers=P' target=_blank> OSM &#128681;<\/a><\/p>\n<p>Vor Lift\u00f6ffnung kein oder nur minimal Schneefall und so blieb es dann auch bis kurz vor 14 Uhr, da hat es wohl alles, was heute h\u00e4tte tags\u00fcber schneien sollen, schon in der Nacht geschneit. Die Wettervorhersagen f\u00fcr n\u00e4chste Woche hinsichtlich K\u00e4ltew\u00e4lle wird nun noch krasser, in VIlhelmina (das ist schon au\u00dferhalb der Berge, aber n\u00e4he Borgafj\u00e4ll) soll es von DI bis FR unter -30\u00b0 bleiben mit Minimum -37\u00b0, bei Lycksele stehen jetzt -40\u00b0 auf der Vorhersage n\u00e4chsten Donnerstag. <\/p>\n<p>Das sind Temperaturen, die eher nach Nordlappland, Norwegisch-Lappland oder Finnisch-Lappland passen als hier &#8220;mitten&#8221; in Schweden.  <\/p>\n<p>So langsam muss ich mir wohl Gedanken machen, dass ich gar nicht Kittel&#038;Borga fahren werde k\u00f6nnen, zumindest m\u00f6chte ich weder mir, noch meinem Auto -35\u00b0 (au\u00dfer auf der Durchfahrt) antun :(  &#8211; und wenn die Skigebiete ja eh nicht offen haben bei den Temperaturen und diese Temperaturen ca. 3 Tage bleiben sollen, macht die Fahrt dort hin auch keinen Sinn.<\/p>\n<p>Die Tageskarte hier kostete 250,- SEK und der Graffer-SL entpuppte sich nicht nur als Graffer-SL, sondern hatte auch noch blaue St\u00fctzen und ist der Hauptlift hier. Cool. Die Abfahrten aber allesamt recht leicht, mit Ausnahme des Offpistehangs links vom SL.<\/p>\n<p>Es wurde recht voll, aber die Warteschlange war meist nur am Graffer-SL und nicht am Tellerlift (weil man von dem aus schwieriger zur leichten Abfahrt rechts r\u00fcber kam), also fuhr ich halt ein paar Mal den LST-Tellerlift.<\/p>\n<p>Hauptkritikpunkt sind die Ausstiege an den beiden Bergstationen, denn es gab keine Schilder, keine Stecken, kein H\u00fcgel zum Abb\u00fcggeln und so kam es h\u00e4ufig vor, dass jemand zu sp\u00e4t dran war (absichtlich oder versehentlich, hier geb ich mal nicht den Skifahrern die Hauptschuld, wie in vielen anderen Skigebieten) und der Lift stoppte. Dann muss erst der Liftler von der Talstation mit dem Schneemobil rauffahren, die Leine wieder einh\u00e4ngen und es geht weiter. Bis dahin: Liftschlange gr\u00f6\u00dfer.<\/p>\n<p>Die lediglich 3 WCs waren bei dem heutigen Andrang nat\u00fcrlich auch zu wenig.<\/p>\n<p>Dank Waldvarianten hielt ich es einige Stunden aus und der Graffer-SL ist nat\u00fcrlich ein gro\u00dfer Bonus, aber Solberget oder Agn\u00e4sbacken ist skifahrerisch schon wesentlich interessanter.<\/p>\n<p><a href='http:\/\/ski.inmontanis.info\/d\/324374-2\/DSC09787.jpg'><img src=http:\/\/ski.inmontanis.info\/d\/324372-3\/DSC09787.jpg \/><\/a><br \/>\n^ Talstation, da wird wohl mit Andrang gerechnet heute<\/p>\n<p><a href='http:\/\/ski.inmontanis.info\/d\/324378-2\/DSC09789.jpg'><img src=http:\/\/ski.inmontanis.info\/d\/324377-3\/DSC09789.jpg \/><\/a><br \/>\n^ .. und als erster SL ging der Graffer mit den blauen St\u00fctzen in Betrieb, coool..<\/p>\n<p><a href='http:\/\/ski.inmontanis.info\/d\/324382-2\/DSC09791.jpg'><img src=http:\/\/ski.inmontanis.info\/d\/324381-3\/DSC09791.jpg \/><\/a><br \/>\n^ Graffer-SL Niederhalter, im Gegensatz zu Solberg durfte der hier stehen bleiben, weil wohl neuer und keine Portalst\u00fctzen verbaut wuden<\/p>\n<p><a href='http:\/\/ski.inmontanis.info\/d\/324386-2\/DSC09794.jpg'><img src=http:\/\/ski.inmontanis.info\/d\/324385-3\/DSC09794.jpg \/><\/a><br \/>\n^ \u00dcberraschenderweise geht der Graffer-SL ein St\u00fcck weiter und erschlie\u00dft so etwas besser die rechten Abfahrten, w\u00e4hrend man f\u00fcr die direkte Abfahrt hier aussteigen m\u00fcsste<\/p>\n<p><a href='http:\/\/ski.inmontanis.info\/d\/324390-2\/DSC09796.jpg'><img src=http:\/\/ski.inmontanis.info\/d\/324389-3\/DSC09796.jpg \/><\/a><br \/>\n^ Bergstation Graffer-SL<\/p>\n<p><a href='http:\/\/ski.inmontanis.info\/d\/324394-2\/DSC09797.jpg'><img src=http:\/\/ski.inmontanis.info\/d\/324393-3\/DSC09797.jpg \/><\/a><br \/>\n^ Die letzte St\u00fctze &#8230;<\/p>\n<p><a href='http:\/\/ski.inmontanis.info\/d\/324398-2\/DSC09798.jpg'><img src=http:\/\/ski.inmontanis.info\/d\/324397-3\/DSC09798.jpg \/><\/a><br \/>\n^ .. hat auch noch eine 8er Batterie, coolio ;)<\/p>\n<p><a href='http:\/\/ski.inmontanis.info\/d\/324402-2\/DSC09799.jpg'><img src=http:\/\/ski.inmontanis.info\/d\/324401-3\/DSC09799.jpg \/><\/a><br \/>\n^ Graffer-Bergstation<\/p>\n<p><a href='http:\/\/ski.inmontanis.info\/d\/324406-2\/DSC09800.jpg'><img src=http:\/\/ski.inmontanis.info\/d\/324405-3\/DSC09800.jpg \/><\/a><br \/>\n^ Etwas schieben musste man aber von der Bergstation trotzdem; dort vorne teilt sich die Abfahrt dann in den Funpark links und die leichte Abfahrt rechts im Bild<\/p>\n<p><a href='http:\/\/ski.inmontanis.info\/d\/324410-2\/DSC09801.jpg'><img src=http:\/\/ski.inmontanis.info\/d\/324409-3\/DSC09801.jpg \/><\/a><br \/>\n^ Die leichte Abfahrt<\/p>\n<p><a href='http:\/\/ski.inmontanis.info\/d\/324414-2\/DSC09802.jpg'><img src=http:\/\/ski.inmontanis.info\/d\/324413-3\/DSC09802.jpg \/><\/a><br \/>\n^ Eine kurze Zeit lang ist der Hund am SL und der Piste rumgewuselt<\/p>\n<p><a href='http:\/\/ski.inmontanis.info\/d\/324418-2\/DSC09803.jpg'><img src=http:\/\/ski.inmontanis.info\/d\/324417-3\/DSC09803.jpg \/><\/a><br \/>\n^ Der gute, alte B\u00e4nder-Trick ;)<\/p>\n<p><a href='http:\/\/ski.inmontanis.info\/d\/324422-2\/DSC09806.jpg'><img src=http:\/\/ski.inmontanis.info\/d\/324421-3\/DSC09806.jpg \/><\/a><br \/>\n^ Graffer-Niederhalter. Ich finde ja, es sollte mehr St\u00fctzen in den jeweiligen Nationalfarben geben, also in Schweden mehr blaue und gelbe St\u00fctzen, in Norwegen dagegen blaue, rote und wei\u00dfe.<\/p>\n<p><a href='http:\/\/ski.inmontanis.info\/d\/324426-2\/DSC09809.jpg'><img src=http:\/\/ski.inmontanis.info\/d\/324425-3\/DSC09809.jpg \/><\/a><br \/>\n^ Kurz vor der Bergstation des rechten SL (von LST), die Seilf\u00fchrung vom Graffer ist einfach sch\u00f6ner mit den 4 St\u00fctzen<\/p>\n<p><a href='http:\/\/ski.inmontanis.info\/d\/324430-2\/DSC09810.jpg'><img src=http:\/\/ski.inmontanis.info\/d\/324429-3\/DSC09810.jpg \/><\/a><br \/>\n^ Links Graffer, rechts LST; Wartezeiten am Tellerlift gab&#8217;s selten, selbst wenn die Schlange am linken SL schon recht lang war<\/p>\n<p><a href='http:\/\/ski.inmontanis.info\/d\/324434-2\/DSC09813.jpg'><img src=http:\/\/ski.inmontanis.info\/d\/324433-3\/DSC09813.jpg \/><\/a><br \/>\n^ Bl\u00f6d an beiden Ausstiegen ist jedoch, dass es zwischen Ausstieg und &#8216;Rei\u00dfleine&#8217; (links im Bild) keine Stecken oder Schneeh\u00fcgel gab, d.h. wenn einer nicht zeitig abb\u00fcgelte, stand der Lift mal wieder und der Liftler musste mit dem Schneemobil von unten rauffahren, wodurch die Schlange an der Talstation l\u00e4nger wurde<\/p>\n<p><a href='http:\/\/ski.inmontanis.info\/d\/324438-2\/DSC09814.jpg'><img src=http:\/\/ski.inmontanis.info\/d\/324437-3\/DSC09814.jpg \/><\/a><br \/>\n^ F\u00f6rderband, bin ich heut nicht gefahren<\/p>\n<p><a href='http:\/\/ski.inmontanis.info\/d\/324442-2\/DSC09816.jpg'><img src=http:\/\/ski.inmontanis.info\/d\/324441-3\/DSC09816.jpg \/><\/a><br \/>\n^ Endlich mal ein intelligentes Schild im Gegensatz zu den h\u00e4ufigen Schildern, wonach &#8216;nur&#8217; Toilettenpapier ins Klo d\u00fcrfte. Hier darf immerhin auch reingepisst und reingeschissen werden :)<\/p>\n<p><a href='http:\/\/ski.inmontanis.info\/d\/324446-2\/DSC09818.jpg'><img src=http:\/\/ski.inmontanis.info\/d\/324445-3\/DSC09818.jpg \/><\/a><br \/>\n^ Im Wald kann man auch fahren, wobei es teilweise auch etwas dichter ist<\/p>\n<p><a href='http:\/\/ski.inmontanis.info\/d\/324450-2\/DSC09822.jpg'><img src=http:\/\/ski.inmontanis.info\/d\/324449-3\/DSC09822.jpg \/><\/a><br \/>\n^ Waldvariante<\/p>\n<p><a href='http:\/\/ski.inmontanis.info\/d\/324454-2\/DSC09824.jpg'><img src=http:\/\/ski.inmontanis.info\/d\/324453-3\/DSC09824.jpg \/><\/a><br \/>\n^ Direkte Abfahrt<\/p>\n<p><a href='http:\/\/ski.inmontanis.info\/d\/324458-2\/DSC09826.jpg'><img src=http:\/\/ski.inmontanis.info\/d\/324457-3\/DSC09826.jpg \/><\/a><br \/>\n^ Graffer-St\u00fctze am Zwischenausstieg; ich fuhr nun nach rechts in den Wald einigen Spuren nach&#8230;<\/p>\n<p><a href='http:\/\/ski.inmontanis.info\/d\/324462-2\/DSC09827.jpg'><img src=http:\/\/ski.inmontanis.info\/d\/324461-3\/DSC09827.jpg \/><\/a><br \/>\n^ .. allerdings ist der Bereich hier wesentlich steiler und hat auch nicht genug Schnee. Dennoch war diese Variante im Nachhinein die sinnvollere, denn ..<\/p>\n<p><a href='http:\/\/ski.inmontanis.info\/d\/324466-2\/DSC09831.jpg'><img src=http:\/\/ski.inmontanis.info\/d\/324465-3\/DSC09831.jpg \/><\/a><br \/>\n^ .. wenigstens musste ich nicht \u00fcber das Felsger\u00f6ll h\u00fcpfen.<\/p>\n<p><a href='http:\/\/ski.inmontanis.info\/d\/324470-2\/DSC09830.jpg'><img src=http:\/\/ski.inmontanis.info\/d\/324469-3\/DSC09830.jpg \/><\/a><br \/>\n^ Weiter unten gings besser, bevor man dann links ..<\/p>\n<p><a href='http:\/\/ski.inmontanis.info\/d\/324474-2\/DSC09833.jpg'><img src=http:\/\/ski.inmontanis.info\/d\/324473-3\/DSC09833.jpg \/><\/a><br \/>\n^ &#8230; in die Stromtrasse einbog<\/p>\n<p><a href='http:\/\/ski.inmontanis.info\/d\/324478-2\/DSC09834.jpg'><img src=http:\/\/ski.inmontanis.info\/d\/324477-3\/DSC09834.jpg \/><\/a><br \/>\n^ .. das war dann auch wieder sch\u00f6n einfach. An der Talstation dagegen jetzt um 13:50 Uhr die gr\u00f6\u00dften Wartezeiten, wollte aber eh aufh\u00f6ren.<\/p>\n<p><a href='http:\/\/ski.inmontanis.info\/d\/324482-2\/DSC09835.jpg'><img src=http:\/\/ski.inmontanis.info\/d\/324481-3\/DSC09835.jpg \/><\/a><br \/>\n^ Skipass. K\u00f6nnte man mal versuchen, den am 23.12.2030 wieder zu verwenden ;)<\/p>\n<p><a href='http:\/\/ski.inmontanis.info\/d\/324486-2\/ge20231230a.jpg'><img src=http:\/\/ski.inmontanis.info\/d\/324485-3\/ge20231230a.jpg \/><\/a><br \/>\n^ GPS-Track 30.12.2023<\/p>\n<p>Ich w\u00fcrde ja gern endlich mal wieder an einem Lidl vorbei kommen, jetzt nach Weihnachten gibt&#8217;s vielleicht noch reduzierte Lebkuchen oder anderes reduziertes Weihnachtsgeb\u00e4ck. Mit ca. 20km war der Umweg nach Skellefte\u00e5 heute auch akteptabel, wenn ich also doch schon morgen in Storklinta sein m\u00f6chte.<\/p>\n<p>Je n\u00e4her ich nach Skellefte\u00e5 kam, desto mehr schneite es , teils waren die Stra\u00dfen nicht frisch ger\u00e4umt, alles zusammen sehr anstrengende 2-2,5h Fahrt gewesen.<\/p>\n<p><a href='http:\/\/extra.inmontanis.info\/d\/102194-3\/DSC09839.jpg'><img src=http:\/\/extra.inmontanis.info\/d\/102193-4\/DSC09839.jpg \/><\/a><br \/>\n^ Auf, wenn auch blau ausgeschilderten, Nebenstra\u00dfen ging es dann nach Skellefte\u00e5 &#8230;<\/p>\n<p><a href='http:\/\/extra.inmontanis.info\/d\/102198-3\/DSC09841.jpg'><img src=http:\/\/extra.inmontanis.info\/d\/102197-4\/DSC09841.jpg \/><\/a><br \/>\n^ .. wobei ein Abschnitt heute nicht ger\u00e4umt zu sein schien und daher noch ein St\u00fcck anstrengender (weil konzentrierter zu fahren) war. Sp\u00e4ter, als die Stra\u00dfe wieder besser ger\u00e4umt war, fing es dagegen stark zu schneien an<\/p>\n<p>Erster Halt am Dollarstore, danach Lidl. Wobei ich beim Lidl fast wieder weggefahren w\u00e4re, weil da ein Parkautomat stand. Aber da musste und konnte man nur ein Gratis-Ticket f\u00fcr 1h ziehen&#8230; <\/p>\n<p>Im Lidl die letzte Packung der Mini-Schoko-Lebkuchen runtergesetzt um unter 2,- \u20ac bekommen. (Eine Pkg. gemischte h\u00e4tte es noch gegeben), auch noch Vanillekipferl mitgenommen und, naja, dann halt doch noch die Lebkuchensterne\/brezen, wenn 500g nur ca. 2,- \u20ac kosten&#8230; (Leider keine Keks-\/Pl\u00e4tzchenmischung und die Stollen nat\u00fcrlich nur mit Rosinen)<\/p>\n<p>Laugenbrezen gab&#8217;s leider keine mehr, also 5 Semmeln mitgenommen, weil 5 g\u00fcnstiger als 4 und nur wenig teurer als 3 waren, dort auch noch einen Krapfen mit Lebkuchen\/Zimtgeschmack.  (Im Auto gleich mal eine halbe Semmel pur gegessen, so lang sie so lecker knusprig ist.)<\/p>\n<p>Im K\u00fchlregal sah ich eine Weihnachtsmilch mit Ingwer- und Zimtgeschmack, nahm ich somit auch mal mit.<\/p>\n<p>\u00dcbernachtet wird an einem st\u00e4dtischen Parkplatz bei nach wie vor ungemeldetem, leichtem Schneefall.<\/p>\n<p>Es g\u00e4be hier zwar mit 250,- einen g\u00fcnstigen Campingplatz wohl am kleinen Stadt-Skigebiet, aber lt. Website nur online buchbar und das auch nur mind. 1 Tag im voraus, also bin ich nicht extra hingefahren, obwohl es wg. genereller \u00d6ffnungszeit bis 18:30 vielleicht doch geklappt h\u00e4tte. Lag aber in der ganz anderen Richtung.<\/p>\n<p>Die Vorhersagen f\u00fcr n\u00e4chste Woche .. tja..<br \/>\nKittelfj\u00e4ll .. (K\u00e4ltegrenze -25\u00b0)<br \/>\nDI -22\u00b0 morgens, -25\u00b0 mittags (bew\u00f6lkt)<br \/>\nMI -25\u00b0 morgens, -24\u00b0 mittags (bew\u00f6lkt)<br \/>\nDO -30\u00b0 morgens, -26\u00b0 mittags (sonnig)<br \/>\nFR -23\u00b0 morgens, -22\u00b0 mittags (sonnig)<\/p>\n<p>Na, das ist echt bescheuert gef\u00e4hrlich, sich da einen Mehrtagesskipas dann zu kaufen, wenn die K\u00e4ltegrenze -25\u00b0 ist.. (Eine Anfrage, ob man eine Erstattung bekommt, blieb bisher unbeantwortet.)<\/p>\n<p>Es hat allerdings auch keinen Sinn, hier nach einem w\u00e4rmeren Pl\u00e4tzchen zu suchen und erst ab Freitag in Kittelfj\u00e4ll zu sein, denn Borgafj\u00e4ll (Saisonkartengebiet f\u00fcr max. 5-Tage) hat ja nur bis zum 7.1. t\u00e4glich offen und dann vor\u00fcbergehend wieder nur am WE. Dann werd ich Kittelfj\u00e4ll wohl vorsichtshalber maximal 1 Tag besuchen k\u00f6nnen &#8211; oder doch erst sp\u00e4ter.<\/p>\n<p>Leider gibt&#8217;s aus Borgafj\u00e4ll auch keine EMail-Antwort hinsichtlich der beiden eventuellen Campinpl\u00e4tze dort, von beiden nicht. Und bei -25\u00b0 will ich auch nicht frei stehen. Das Skigebiet hab ich nochmals angeschrieben und am n\u00e4chsten Tag eine Antwort erhalten: Borgafj\u00e4ll hat die K\u00e4ltegrenze bei -23\u00b0 (ebenfalls nicht auf der Website ersichtlich!), haben aber auch geschrieben, dass die auf weniger kaltes Wetter hoffen, weil die Vorhersage f\u00fcr die Berge oftmals falsch seien. Jedenfalls ist die Wettervorhersage derzeit etwas w\u00e4rmer als f\u00fcr Kittelfj\u00e4ll, aber doch auch knapp unter -23\u00b0.<\/p>\n<p>H\u00e4tte ich doch S\u00fcdnorwegen fahren sollen diese Woche? Heute angenehm warme -1\u00b0 und bew\u00f6lkt-sonnig und .. naja, schon noch viele Lifte und Abfahrten geschlossen.<\/p>\n","protected":false},"excerpt":{"rendered":"<p>Sa, 30.12.2023<\/p>\n<p>Daf\u00fcr, dass das Skigebiet so klein ist, meine ich, die Pistenraupe heute fr\u00fch sehr lange geh\u00f6rt zu haben. Nach 8:30 wurde der Parkplatz ger\u00e4umt und klarerweise stand ich etwas im Weg und war somit gespannt, ob ich sp\u00e4ter werde rausfahren k\u00f6nnen.<\/p>\n<p>Er schien jedenfalls m\u00e4chtig viel Schnee wegzuschieben; auf meinem Seitenspiegel drau\u00dfen sah <a href=\"http:\/\/blog.inmontanis.info\/?p=9629\">[&#8230;]<\/a><\/p>\n","protected":false},"author":1,"featured_media":9631,"comment_status":"closed","ping_status":"closed","sticky":false,"template":"","format":"standard","meta":{"footnotes":""},"categories":[912,921,19,27],"tags":[91,47],"class_list":["post-9629","post","type-post","status-publish","format-standard","has-post-thumbnail","hentry","category-2023-09-2024-xx-skandinavien","category-middagsberget","category-schwedensweden","category-skifahren-winterskiing-winter","tag-graffer","tag-sl","odd"],"_links":{"self":[{"href":"http:\/\/blog.inmontanis.info\/index.php?rest_route=\/wp\/v2\/posts\/9629","targetHints":{"allow":["GET"]}}],"collection":[{"href":"http:\/\/blog.inmontanis.info\/index.php?rest_route=\/wp\/v2\/posts"}],"about":[{"href":"http:\/\/blog.inmontanis.info\/index.php?rest_route=\/wp\/v2\/types\/post"}],"author":[{"embeddable":true,"href":"http:\/\/blog.inmontanis.info\/index.php?rest_route=\/wp\/v2\/users\/1"}],"replies":[{"embeddable":true,"href":"http:\/\/blog.inmontanis.info\/index.php?rest_route=%2Fwp%2Fv2%2Fcomments&post=9629"}],"version-history":[{"count":2,"href":"http:\/\/blog.inmontanis.info\/index.php?rest_route=\/wp\/v2\/posts\/9629\/revisions"}],"predecessor-version":[{"id":9632,"href":"http:\/\/blog.inmontanis.info\/index.php?rest_route=\/wp\/v2\/posts\/9629\/revisions\/9632"}],"wp:featuredmedia":[{"embeddable":true,"href":"http:\/\/blog.inmontanis.info\/index.php?rest_route=\/wp\/v2\/media\/9631"}],"wp:attachment":[{"href":"http:\/\/blog.inmontanis.info\/index.php?rest_route=%2Fwp%2Fv2%2Fmedia&parent=9629"}],"wp:term":[{"taxonomy":"category","embeddable":true,"href":"http:\/\/blog.inmontanis.info\/index.php?rest_route=%2Fwp%2Fv2%2Fcategories&post=9629"},{"taxonomy":"post_tag","embeddable":true,"href":"http:\/\/blog.inmontanis.info\/index.php?rest_route=%2Fwp%2Fv2%2Ftags&post=9629"}],"curies":[{"name":"wp","href":"https:\/\/api.w.org\/{rel}","templated":true}]}}