{"id":9619,"date":"2023-12-28T19:20:54","date_gmt":"2023-12-28T18:20:54","guid":{"rendered":"http:\/\/blog.inmontanis.info\/?p=9619"},"modified":"2023-12-29T19:46:06","modified_gmt":"2023-12-29T18:46:06","slug":"solbergsbacken-28-12-2023-interessanter-als-erwartet","status":"publish","type":"post","link":"http:\/\/blog.inmontanis.info\/?p=9619","title":{"rendered":"Solbergsbacken, 28.12.2023 &#8211; interessanter als erwartet"},"content":{"rendered":"<p><strong>Do, 28.12.2023<\/strong><\/p>\n<p>Am Skigebiet Solbergsbacken zu Mittag bei leider immer noch -18\u00b0 angekommen, war ich \u00fcberrascht, wie leer es war, und dass diesmal trotzdem beide SL, also auch der linke Graffer,  in Betrieb war. <\/p>\n<p>Allerdings musste sich das um eine optische T\u00e4uschung gehandelt haben, denn der Graffer stand nicht nur und nicht nur, dass keine Skispur in der Liftspur war, es fehlten oben auch noch an der letzten St\u00fctze die Seilrollen, somit eine Inbetriebnahme heute auch auszuschlie\u00dfen war :( Schade, wieder nix. War ja schon mal hier an der Talstation und bin dann nicht gefahren, aber da war der Schnee zus\u00e4tzlich auch pappig.<\/p>\n<p>&#128681; Gespeicherte Geolocation &#8211; Karte anzeigen: <a href='https:\/\/www.google.com\/maps\/@?api=1&#038;map_action=map&#038;center=63.7937618,17.6281704&#038;zoom=12&#038;basemap=terrain' target=_blank> GoogleMaps<\/a> &#128681; <a href='https:\/\/www.openstreetmap.org\/?&#038;mlat=63.7937618&#038;mlon=17.6281704#map=10\/63.7937618\/17.6281704&#038;layers=P' target=_blank> OSM &#128681;<\/a><\/p>\n<p>Tageskarte kostet 250,- SEK und es gibt keine Halbtages- oder 3h-Karten. Leider im Talstationsbereich ein laut laufender (deutscher) Partymix- Radiosender.<\/p>\n<p>Die SL sind (f\u00fcr den Bereich Schwedens) lang und die Abfahrt daher nicht so steil, aber muldig\/h\u00fcgelig, teils unpr\u00e4pariert (vmtl. wg. Schneemangel) und die Varianten auch interessant, insb. die mittlere Abfahrt wusste durch ihre Schmalheit zu \u00fcberzeugen.<\/p>\n<p><a href='http:\/\/ski.inmontanis.info\/d\/324146-2\/DSC09700.jpg'><img src=http:\/\/ski.inmontanis.info\/d\/324145-3\/DSC09700.jpg \/><\/a><br \/>\n^ Ankunft im Skigebiet<\/p>\n<p><a href='http:\/\/ski.inmontanis.info\/d\/324150-2\/DSC09701.jpg'><img src=http:\/\/ski.inmontanis.info\/d\/324149-3\/DSC09701.jpg \/><\/a><br \/>\n^ Pistenplan. Schade, dass es links keine Abfahrten gibt. Und laut Sat-Bild ist da viel mehr Wald.<\/p>\n<p><a href='http:\/\/ski.inmontanis.info\/d\/324154-2\/DSC09702.jpg'><img src=http:\/\/ski.inmontanis.info\/d\/324153-3\/DSC09702.jpg \/><\/a><br \/>\n^ Talstationen, links der Graffer-SL ist leider in Reparatur, und da ist noch relativ im Original, Talstation, Bergstation, Rollenwippen, rostbraune und rostige St\u00fctzen &#8230;<\/p>\n<p><a href='http:\/\/ski.inmontanis.info\/d\/324158-2\/DSC09703.jpg'><img src=http:\/\/ski.inmontanis.info\/d\/324157-3\/DSC09703.jpg \/><\/a><br \/>\n^ Im Lift<\/p>\n<p><a href='http:\/\/ski.inmontanis.info\/d\/324162-2\/DSC09705.jpg'><img src=http:\/\/ski.inmontanis.info\/d\/324161-3\/DSC09705.jpg \/><\/a><br \/>\n^ Der Graffer-SL hat einen Niederhalter, aber die urspr\u00fcngliche Portalst\u00fctze (Fundament links vorhanden) musste wohl wg. Platz zum rechten SL ersetzt werden<\/p>\n<p><a href='http:\/\/ski.inmontanis.info\/d\/324166-2\/DSC09706.jpg'><img src=http:\/\/ski.inmontanis.info\/d\/324165-3\/DSC09706.jpg \/><\/a><br \/>\n^ Letzte St\u00fctze vor dem Ausstieg: Da fehlen am Graffer-SL leider die Rollen<\/p>\n<p><a href='http:\/\/ski.inmontanis.info\/d\/324170-2\/DSC09707.jpg'><img src=http:\/\/ski.inmontanis.info\/d\/324169-3\/DSC09707.jpg \/><\/a><br \/>\n^ Abfahrt F+C, der obere Teil vmtl. wg. Schneemangels nicht pr\u00e4pariert, auch sch\u00f6n!<\/p>\n<p><a href='http:\/\/ski.inmontanis.info\/d\/324174-2\/DSC09708.jpg'><img src=http:\/\/ski.inmontanis.info\/d\/324173-3\/DSC09708.jpg \/><\/a><br \/>\n^ Bergstationen<\/p>\n<p><a href='http:\/\/ski.inmontanis.info\/d\/324178-2\/DSC09709.jpg'><img src=http:\/\/ski.inmontanis.info\/d\/324177-3\/DSC09709.jpg \/><\/a><br \/>\n^ Sogar einen Parkplatz gibts hier oben<\/p>\n<p><a href='http:\/\/ski.inmontanis.info\/d\/324182-2\/DSC09713.jpg'><img src=http:\/\/ski.inmontanis.info\/d\/324181-3\/DSC09713.jpg \/><\/a><br \/>\n^ Abfahrtsteilung A links und B\/D\/E rechts<\/p>\n<p><a href='http:\/\/ski.inmontanis.info\/d\/324186-2\/DSC09715.jpg'><img src=http:\/\/ski.inmontanis.info\/d\/324185-3\/DSC09715.jpg \/><\/a><br \/>\n^ Abfahrtsteilung B links und D rechts<\/p>\n<p><a href='http:\/\/ski.inmontanis.info\/d\/324190-2\/DSC09716.jpg'><img src=http:\/\/ski.inmontanis.info\/d\/324189-3\/DSC09716.jpg \/><\/a><br \/>\n^ Abfahrt B, steiler und schm\u00e4ler, so mag ich das.<\/p>\n<p><a href='http:\/\/ski.inmontanis.info\/d\/324194-2\/DSC09718.jpg'><img src=http:\/\/ski.inmontanis.info\/d\/324193-3\/DSC09718.jpg \/><\/a><br \/>\n^ Abfahrt B, steiler und schm\u00e4ler, so mag ich das.<\/p>\n<p><a href='http:\/\/ski.inmontanis.info\/d\/324198-2\/DSC09719.jpg'><img src=http:\/\/ski.inmontanis.info\/d\/324197-3\/DSC09719.jpg \/><\/a><br \/>\n^ G\u00fcnstige Preise im SB-Restaurant an der Talstation. Bei den g\u00fcnstigen Preisen im Restaurant musste ich mir sp\u00e4ter doch mal ein Schnitzel f\u00fcr unter 10 \u20ac kaufen ;)<\/p>\n<p><a href='http:\/\/ski.inmontanis.info\/d\/324202-2\/DSC09722.jpg'><img src=http:\/\/ski.inmontanis.info\/d\/324201-3\/DSC09722.jpg \/><\/a><br \/>\n^ Abfahrt A links; im Plan fehlende Schneise rechts (kommt wohl von der Stra\u00dfe zum Gipfelparkplatz)<\/p>\n<p><a href='http:\/\/ski.inmontanis.info\/d\/324206-2\/DSC09723.jpg'><img src=http:\/\/ski.inmontanis.info\/d\/324205-3\/DSC09723.jpg \/><\/a><br \/>\n^ Abfahrt A<\/p>\n<p><a href='http:\/\/ski.inmontanis.info\/d\/324210-2\/DSC09724.jpg'><img src=http:\/\/ski.inmontanis.info\/d\/324209-3\/DSC09724.jpg \/><\/a><br \/>\n^ Campingvariante<\/p>\n<p><a href='http:\/\/ski.inmontanis.info\/d\/324214-2\/DSC09725.jpg'><img src=http:\/\/ski.inmontanis.info\/d\/324213-3\/DSC09725.jpg \/><\/a><br \/>\n^ Talstationen, Graffer-Pilz<\/p>\n<p><a href='http:\/\/ski.inmontanis.info\/d\/324218-2\/DSC09727.jpg'><img src=http:\/\/ski.inmontanis.info\/d\/324217-3\/DSC09727.jpg \/><\/a><br \/>\n^ Ausstieg am Berg um 14:05 uhr<\/p>\n<p><a href='http:\/\/ski.inmontanis.info\/d\/324222-2\/DSC09728.jpg'><img src=http:\/\/ski.inmontanis.info\/d\/324221-3\/DSC09728.jpg \/><\/a><br \/>\n^ Abfahrt A, auch recht nett und nicht nur ein langweiliger Skiweg<\/p>\n<p><a href='http:\/\/ski.inmontanis.info\/d\/324226-2\/DSC09729.jpg'><img src=http:\/\/ski.inmontanis.info\/d\/324225-3\/DSC09729.jpg \/><\/a><br \/>\n^ Abfahrt A<\/p>\n<p><a href='http:\/\/ski.inmontanis.info\/d\/324230-2\/DSC09731.jpg'><img src=http:\/\/ski.inmontanis.info\/d\/324229-3\/DSC09731.jpg \/><\/a><br \/>\n^ Auf dem WC h\u00e4ngt eine russische Reklame f\u00fcr dieses Skigebiet und prompt h\u00f6r ich im Restaurant sogar Russisch, aber wohl von der selben Familie, die auch (zumindest teilweise) akzentlos Deutsch spricht.<\/p>\n<p><a href='http:\/\/ski.inmontanis.info\/d\/324234-2\/DSC09732.jpg'><img src=http:\/\/ski.inmontanis.info\/d\/324233-3\/DSC09732.jpg \/><\/a><br \/>\n^  Wonderful Wiener Schnitzel, Pommes, Salat, Bernaise-Sauce um 110,- SEK, also unter 10 \u20ac. Lecker knusprig.<\/p>\n<p><a href='http:\/\/ski.inmontanis.info\/d\/324238-2\/DSC09734.jpg'><img src=http:\/\/ski.inmontanis.info\/d\/324237-3\/DSC09734.jpg \/><\/a><br \/>\n^ Um 15:10 Uhr ists schon recht dunkel<\/p>\n<p><a href='http:\/\/ski.inmontanis.info\/d\/324242-2\/DSC09735.jpg'><img src=http:\/\/ski.inmontanis.info\/d\/324241-3\/DSC09735.jpg \/><\/a><br \/>\n^ Abfahrt F+C um 15:15 Uhr, meine vorletzte Fahrt; SL w\u00fcrde noch bis 16 Uhr fahren<\/p>\n<p><a href='http:\/\/ski.inmontanis.info\/d\/324246-2\/DSC09736.jpg'><img src=http:\/\/ski.inmontanis.info\/d\/324245-3\/DSC09736.jpg \/><\/a><br \/>\n^ Bequemer Skipass ohne Drehkreuze<\/p>\n<p>Um 15:30 Uhr hab ich dann aufgeh\u00f6rt, musste ja noch einen Nachtplatz suchen und dunkel war es ja bereits. Mangels vermutlich sinnvollerer Alternativen werde ich wohl wieder in einem gr\u00f6\u00dferen Ort \u00fcbernachten.<\/p>\n<p>Fazit: Nettes Gebiet f\u00fcr einen halben Tag, das man irgendwann mal wieder besuchen kann, dann aber hoffentlich mit Graffer in Betrieb.<\/p>\n<p>&#8211;<\/p>\n<p>Das Skigebiet Flattnitz in K\u00e4nrten k\u00f6nnte auch bald Geschichte sein, dort gefiel mir ja die eine schmale DSB-Variante:<br \/>\n<a href='https:\/\/kaernten.orf.at\/stories\/3238453\/'>https:\/\/kaernten.orf.at\/stories\/3238453\/<\/a><\/p>\n<p>.. wer wei\u00df, was da noch \u00fcbrig bleibt, bis ich mir die Karte wieder einmal kaufen m\u00f6chte. Heiligenblut h\u00e4tte ich heuer wohl kaum besucht mit den vielen geschlossenen SL. Und selbst die Tunnelbahn soll nicht mehr jeden Tag in Betrieb sein. Es wird halt einfach alles beschissener, \u00fcberall.<\/p>\n<p>&#8211;<\/p>\n<p>Die Antwort von Liontron zwecks Batteriereparatur kam auch &#8211; vorbeifahren und abgeben und wieder abholen ist nicht m\u00f6glich, &#8220;weil wir ein Onlinehandel sind&#8221;. Nach nochmaliger Nachfrage k\u00f6nnte ich sie zwar vorbeibringen, aber m\u00fcsste (zumindest derzeit) ca. 10 Tage warten, weil die Werkstatt ausgelastet ist. Das w\u00e4r mir dann auf dem Weg von SE nach UK nat\u00fcrlich ein zu langer Aufenthalt in DE mitten im Sommer (und dann ohne Batterie), au\u00dfer da w\u00e4re die Wartezeit dann k\u00fcrzer. Alternative w\u00e4re ggf. noch, nach UK vorbei zu fahren, aber da l\u00e4ge es nicht mehr ganz so sch\u00f6n auf dem Weg. Aber dann kann ich&#8217;s wohl auch gleich von daheim sp\u00e4ter abholen lassen, zumindest wenn die Portokosten \u00fcbernommen werden&#8230;<\/p>\n<p>&#8211;<\/p>\n<p>Voraussichtlich werde ich bei Erreichen von Borgafj\u00e4ll endlich mal wieder meine Statistik aktualisieren und auch endlich eine Karte vom bisherigen Routenverlauf erg\u00e4nzen, da dann der erste Schwall an neuen Gebieten f\u00fcr einige Wochen lang abgeschlossen sein d\u00fcrfte.<\/p>\n","protected":false},"excerpt":{"rendered":"<p>Do, 28.12.2023<\/p>\n<p>Am Skigebiet Solbergsbacken zu Mittag bei leider immer noch -18\u00b0 angekommen, war ich \u00fcberrascht, wie leer es war, und dass diesmal trotzdem beide SL, also auch der linke Graffer, in Betrieb war. <\/p>\n<p>Allerdings musste sich das um eine optische T\u00e4uschung gehandelt haben, denn der Graffer stand nicht nur und nicht nur, dass <a href=\"http:\/\/blog.inmontanis.info\/?p=9619\">[&#8230;]<\/a><\/p>\n","protected":false},"author":1,"featured_media":9621,"comment_status":"closed","ping_status":"closed","sticky":false,"template":"","format":"standard","meta":{"footnotes":""},"categories":[912,19,27,692],"tags":[91,47],"class_list":["post-9619","post","type-post","status-publish","format-standard","has-post-thumbnail","hentry","category-2023-09-2024-xx-skandinavien","category-schwedensweden","category-skifahren-winterskiing-winter","category-solberget","tag-graffer","tag-sl","odd"],"_links":{"self":[{"href":"http:\/\/blog.inmontanis.info\/index.php?rest_route=\/wp\/v2\/posts\/9619","targetHints":{"allow":["GET"]}}],"collection":[{"href":"http:\/\/blog.inmontanis.info\/index.php?rest_route=\/wp\/v2\/posts"}],"about":[{"href":"http:\/\/blog.inmontanis.info\/index.php?rest_route=\/wp\/v2\/types\/post"}],"author":[{"embeddable":true,"href":"http:\/\/blog.inmontanis.info\/index.php?rest_route=\/wp\/v2\/users\/1"}],"replies":[{"embeddable":true,"href":"http:\/\/blog.inmontanis.info\/index.php?rest_route=%2Fwp%2Fv2%2Fcomments&post=9619"}],"version-history":[{"count":4,"href":"http:\/\/blog.inmontanis.info\/index.php?rest_route=\/wp\/v2\/posts\/9619\/revisions"}],"predecessor-version":[{"id":9624,"href":"http:\/\/blog.inmontanis.info\/index.php?rest_route=\/wp\/v2\/posts\/9619\/revisions\/9624"}],"wp:featuredmedia":[{"embeddable":true,"href":"http:\/\/blog.inmontanis.info\/index.php?rest_route=\/wp\/v2\/media\/9621"}],"wp:attachment":[{"href":"http:\/\/blog.inmontanis.info\/index.php?rest_route=%2Fwp%2Fv2%2Fmedia&parent=9619"}],"wp:term":[{"taxonomy":"category","embeddable":true,"href":"http:\/\/blog.inmontanis.info\/index.php?rest_route=%2Fwp%2Fv2%2Fcategories&post=9619"},{"taxonomy":"post_tag","embeddable":true,"href":"http:\/\/blog.inmontanis.info\/index.php?rest_route=%2Fwp%2Fv2%2Ftags&post=9619"}],"curies":[{"name":"wp","href":"https:\/\/api.w.org\/{rel}","templated":true}]}}