{"id":9615,"date":"2023-12-27T19:51:43","date_gmt":"2023-12-27T18:51:43","guid":{"rendered":"http:\/\/blog.inmontanis.info\/?p=9615"},"modified":"2023-12-28T19:58:15","modified_gmt":"2023-12-28T18:58:15","slug":"bydalen-26-27-12-2023-graben-variante","status":"publish","type":"post","link":"http:\/\/blog.inmontanis.info\/?p=9615","title":{"rendered":"Bydalen, 26.+27.12.2023 \/ Graben-Variante"},"content":{"rendered":"<p><strong>Di, 26.12.2023<\/strong><\/p>\n<p>Zu sp\u00e4t fuhr ich los, nahm die k\u00fcrzere Strecke, die evtl. \u00fcber unasphaltierte Naturstra\u00dfen f\u00fchrt, die aber im Winter bei Schnee oftmals einfacher zu fahren sind, da weniger Schlagl\u00f6cher. Wenn sie ger\u00e4umt sind. Diesmal kam im ersten Bereich aber relativ viel Gegenverkehr und die Stra\u00dfe war sehr schmal. Einmal w\u00e4r ich fast im Graben gelandet, weil einer so pl\u00f6tzlich hinter einer Kuppe auftauchte und auch nicht abbremste. Am Parkplatz in Bydalen kam ich bei leider leichtem Schneefall erst um 10:40 an, diesmal recht voll.<\/p>\n<p><a href='http:\/\/extra.inmontanis.info\/d\/102170-2\/DSC09665.jpg'><img src=http:\/\/extra.inmontanis.info\/d\/102169-3\/DSC09665.jpg \/><\/a><br \/>\n^ Alternative Strecke nach Bydalen\/Gr\u00e4ft\u00e5vallen<\/p>\n<p><a href='http:\/\/extra.inmontanis.info\/d\/102174-2\/DSC09667.jpg'><img src=http:\/\/extra.inmontanis.info\/d\/102173-3\/DSC09667.jpg \/><\/a><br \/>\n^ Alternative Strecke nach Bydalen\/Gr\u00e4ft\u00e5vallen<\/p>\n<p><a href='http:\/\/extra.inmontanis.info\/d\/102178-2\/DSC09675.jpg'><img src=http:\/\/extra.inmontanis.info\/d\/102177-3\/DSC09675.jpg \/><\/a><br \/>\n^ Einzige Stra\u00dfe nach Bydalen<\/p>\n<p>Laut gestrigem Schneebericht sollen mittlerweile alle Lifte in Betrieb sein, auch im einige km entfernten dazugeh\u00f6rigen Gr\u00e4ft\u00e5vallen. &#8211; ob meine Saisonkarte da gilt, musste ich aber erst noch nachfragen. Ja, ist so, also werd ich morgen mal dort fahren. Bei meinem bisher einzigen Besuch dort war ja nur der rechte SL offen und der linke k\u00f6nnte interessanter sein.<\/p>\n<p>Erst gegen 13:00 h\u00f6rte der Schneefall auf, danach wurde es oben aber nebelig und windig, d.h. die oberen Lifte haben heute nicht sonderlich Spa\u00df gemacht. An den zuvor schon ge\u00f6ffneten Liften wurde auch noch keine weitere Abfahrt ge\u00f6ffnet, so dass noch einige Abfahrten fehlen. <\/p>\n<p>Schnee aber sch\u00f6n pulvrig und Wartezeiten gab&#8217;s auch keine oder max. ein paar B\u00fcgel, wenn gerade eine Gruppe ankam.<\/p>\n<p>Der rechte obere SL wurde leider schon um 14h eingestellt, daher bin ich im Bachgraben gefahren, genug Spuren, aber schon hier und da be\u00e4ngstigend, weil immer wieder L\u00f6cher zum Wasser zu sehen waren. Zum Gl\u00fcck nicht steil und kein Wasserfall, aber man mussste bei ein paar Querungen des Bachbetts trotzdem aufpassen. <\/p>\n<p><a href='http:\/\/ski.inmontanis.info\/d\/324114-2\/DSC09677.jpg'><img src=http:\/\/ski.inmontanis.info\/d\/324113-3\/DSC09677.jpg \/><\/a><br \/>\n^ Beide SL in Betrieb und wie in Schweden h\u00e4ufig ist der eine dann mit, der andere ohne Bedienung<\/p>\n<p><a href='http:\/\/ski.inmontanis.info\/d\/324118-2\/DSC09678.jpg'><img src=http:\/\/ski.inmontanis.info\/d\/324117-3\/DSC09678.jpg \/><\/a><br \/>\n^ SL H\u00f6gfj\u00e4llsliften heute in Betrieb, aber leider nach 14 Uhr nicht mehr, ev. wg. Wind<\/p>\n<p><a href='http:\/\/ski.inmontanis.info\/d\/324122-2\/DSC09680.jpg'><img src=http:\/\/ski.inmontanis.info\/d\/324121-3\/DSC09680.jpg \/><\/a><br \/>\n^ Den flachen Tellerlift muss ich nat\u00fcrlich wegen seiner rostigen blauen St\u00fctzen fahren<\/p>\n<p><a href='http:\/\/ski.inmontanis.info\/d\/324126-2\/DSC09683.jpg'><img src=http:\/\/ski.inmontanis.info\/d\/324125-3\/DSC09683.jpg \/><\/a><br \/>\n^ Diese Variante links vom Doppel-SL f\u00f6ngt ja gut an ..<\/p>\n<p><a href='http:\/\/ski.inmontanis.info\/d\/324130-2\/DSC09684.jpg'><img src=http:\/\/ski.inmontanis.info\/d\/324129-3\/DSC09684.jpg \/><\/a><br \/>\n^ .. wird dann aber schwieriger, weil man in einem Bach-Graben landet und dort weiter fahren muss<\/p>\n<p><a href='http:\/\/ski.inmontanis.info\/d\/324134-2\/DSC09687.jpg'><img src=http:\/\/ski.inmontanis.info\/d\/324133-3\/DSC09687.jpg \/><\/a><br \/>\n^ Graben-Variante, gut eingefahren, nicht glatt, kein Wasserfall &#8211; das kann man vorher nat\u00fcrlich alles nicht wissen, daher vorsichtig gefahren<\/p>\n<p><a href='http:\/\/ski.inmontanis.info\/d\/324138-2\/DSC09691.jpg'><img src=http:\/\/ski.inmontanis.info\/d\/324137-3\/DSC09691.jpg \/><\/a><br \/>\n^ Sp\u00e4ter kamen ein paar Schweden, somit ich die beobachten konnte, welche Strecke die fahren.<\/p>\n<p>Mittlerweile \u00e4hnlich wie zuletzt insofern, dass die Wettervorhersagen f\u00fcr \u00dcbermorgen nun erst ab Nachmittag ein wenig Schnee melden, evtl. k\u00f6nnte ich also noch einen dritten Tag einlegen, wenn es mir f\u00fcr die Tage danach passender w\u00e4re.<\/p>\n<p>Hab mit gestern im Supermarkt mal wieder das tiefgek\u00fchlte K\u00f6ttbullar-Fertiggericht mit Kartoffelbrei und Erbsen gekauft, das war im K\u00fchlschrank und heute Abend leider immer noch komplett gefroren, inklusive der So\u00dfe! Das braucht dann leider l\u00e4nger (und mehr Strom) zum Aufw\u00e4rmen, das h\u00e4tte ich dann besser heut Sp\u00e4tvormittag in der V\u00e4rmestuga in die Mikrowelle und gegessen&#8230;<\/p>\n<p><strong>Mi, 27.12.2023<\/strong><\/p>\n<p>Tja, mal wieder Worstcase heute. Laut Schneebericht morgens die oberen Lifte bis auf weiteres wg. Wind zu und leider gilt das auch f\u00fcr beide SL in Gr\u00e4ftavallen :(    <\/p>\n<p>Trotzdem die 17km hinfahren, vielleicht ist der Wind ja zu Mittag weniger geworden und die Lifte offen? Auf wieder nur die unteren Lifte hier hab ich ja eigentlich gar keine Lust mehr.<\/p>\n<p>Leider umsonst nach G. gefahren, die Lifte gehen einfach ein bisschen zu weit aus dem Wald hinaus und da oben sah man die B\u00fcgel im Sturm und auch im Tal war&#8217;s hier viel st\u00fcrmischer als in Bydalen. Nerv.<\/p>\n<p>Also dann wieder retour und gleich zum Drom-\/Hovde-SL, um sich die weite, flache Verbindung zum vorderen Skigebietsteil zu sparen.<\/p>\n<p><a href='http:\/\/ski.inmontanis.info\/d\/324142-2\/ge20231226-27.jpg'><img src=http:\/\/ski.inmontanis.info\/d\/324141-3\/ge20231226-27.jpg \/><\/a><br \/>\n^ GPS-Track 26.+27.12.2023 in T\u00fcrkis und Magenta; vorherige Besuche in Gelb<\/p>\n<p>Und weil mich die Wettervorhersagen ja stets \u00e4rgern wollen, wird nun f\u00fcr Freitag in Borgafj\u00e4ll starker Schneefall gemeldet. <\/p>\n<p>Richtung S\u00fcdosten wird die n\u00e4chsten 6 Tage noch mehr Schnee gemeldet ->  also dann doch Nordost wie vor 3 Tagen schon vorgehabt.<\/p>\n<p>Abends im Supermarkt war zuf\u00e4lligerweise eine Fertiggerichtsportion Raggmunk (Pfannkuchen+dicke&#038;fettige Speckstreifen+Preiselbeermarmelade) zum halben Preis wg. Mindesthaltbarkeitsdatum erh\u00e4ltlich, daher mitgenommen.  Bis das im Kochtopf warm ist, hat das aber eher \u00c4hnlichkeit mit einem R\u00fchrei ;)<\/p>\n<p>Leider gibt es weniger ger\u00e4umte\/befahrbare Parkpl\u00e4tze momentan als ich es bisher im Winter in Schweden (oder ggf. in anderen Bereichen Schwedens) gewohnt bin, daher hab ich heut halt mal an einem Schul-\/Sportplatzparkplatz \u00fcbernachtet.<br \/>\nAuf der Fahrt abends klarer Himmel und Vollmond. K\u00f6nnte das nicht mal untertags so klar sein?<\/p>\n<p>Eine klare Nacht bedeutet nat\u00fcrlich auch: eine kalte Nacht, -13\u00b0 bei Ankunft am Parkplatz und laut Vorhersage k\u00f6nnte es morgen fr\u00fch bis -19\u00b0 geben (und so kam es auch). immerhin ist das Auto sch\u00f6n warm gewesen durch die weite Fahrt, K\u00fchlschrank meldete +8\u00b0, somit abends kurz laufen lassen, da ich da die Wettervorhersage noch nicht nachgesehen hatte.,<\/p>\n<p>Hatte mir f\u00fcr morgen Fr\u00fch aber eh schon vorgenommen, noch ein bisschen zu fahren vor der Arbeit und an einer Tankstelle zu tanken. Somit wird das Auto auch wieder etwas w\u00e4rmer.<\/p>\n<p>Die n\u00e4chsten Tage werde ich also ein paar mir noch unbekannte Skigebiete besuchen.<\/p>\n","protected":false},"excerpt":{"rendered":"<p>Di, 26.12.2023<\/p>\n<p>Zu sp\u00e4t fuhr ich los, nahm die k\u00fcrzere Strecke, die evtl. \u00fcber unasphaltierte Naturstra\u00dfen f\u00fchrt, die aber im Winter bei Schnee oftmals einfacher zu fahren sind, da weniger Schlagl\u00f6cher. Wenn sie ger\u00e4umt sind. Diesmal kam im ersten Bereich aber relativ viel Gegenverkehr und die Stra\u00dfe war sehr schmal. Einmal w\u00e4r ich fast im <a href=\"http:\/\/blog.inmontanis.info\/?p=9615\">[&#8230;]<\/a><\/p>\n","protected":false},"author":1,"featured_media":9617,"comment_status":"closed","ping_status":"closed","sticky":false,"template":"","format":"standard","meta":{"footnotes":""},"categories":[912,683,19,27],"tags":[47],"class_list":["post-9615","post","type-post","status-publish","format-standard","has-post-thumbnail","hentry","category-2023-09-2024-xx-skandinavien","category-bydalen","category-schwedensweden","category-skifahren-winterskiing-winter","tag-sl","odd"],"_links":{"self":[{"href":"http:\/\/blog.inmontanis.info\/index.php?rest_route=\/wp\/v2\/posts\/9615","targetHints":{"allow":["GET"]}}],"collection":[{"href":"http:\/\/blog.inmontanis.info\/index.php?rest_route=\/wp\/v2\/posts"}],"about":[{"href":"http:\/\/blog.inmontanis.info\/index.php?rest_route=\/wp\/v2\/types\/post"}],"author":[{"embeddable":true,"href":"http:\/\/blog.inmontanis.info\/index.php?rest_route=\/wp\/v2\/users\/1"}],"replies":[{"embeddable":true,"href":"http:\/\/blog.inmontanis.info\/index.php?rest_route=%2Fwp%2Fv2%2Fcomments&post=9615"}],"version-history":[{"count":2,"href":"http:\/\/blog.inmontanis.info\/index.php?rest_route=\/wp\/v2\/posts\/9615\/revisions"}],"predecessor-version":[{"id":9618,"href":"http:\/\/blog.inmontanis.info\/index.php?rest_route=\/wp\/v2\/posts\/9615\/revisions\/9618"}],"wp:featuredmedia":[{"embeddable":true,"href":"http:\/\/blog.inmontanis.info\/index.php?rest_route=\/wp\/v2\/media\/9617"}],"wp:attachment":[{"href":"http:\/\/blog.inmontanis.info\/index.php?rest_route=%2Fwp%2Fv2%2Fmedia&parent=9615"}],"wp:term":[{"taxonomy":"category","embeddable":true,"href":"http:\/\/blog.inmontanis.info\/index.php?rest_route=%2Fwp%2Fv2%2Fcategories&post=9615"},{"taxonomy":"post_tag","embeddable":true,"href":"http:\/\/blog.inmontanis.info\/index.php?rest_route=%2Fwp%2Fv2%2Ftags&post=9615"}],"curies":[{"name":"wp","href":"https:\/\/api.w.org\/{rel}","templated":true}]}}