{"id":961,"date":"2008-09-28T23:00:58","date_gmt":"2008-09-28T21:00:58","guid":{"rendered":"http:\/\/blog.inmontanis.info\/?p=961"},"modified":"2023-08-06T11:24:16","modified_gmt":"2023-08-06T09:24:16","slug":"stubaier-gletscher-28-9-2008","status":"publish","type":"post","link":"http:\/\/blog.inmontanis.info\/?p=961","title":{"rendered":"Stubaier Gletscher, 28.9.2008"},"content":{"rendered":"<p><em>[_de]Bilder anklicken zum Vergr\u00f6\u00dfern[\/_de]\u2028[_en]Click photos to enlarge[\/_en]<\/em><\/p>\n<p><a href='http:\/\/ski.inmontanis.info\/d\/66760-1\/P1300637.JPG'><img src=http:\/\/ski.inmontanis.info\/d\/66762-3\/P1300637.JPG \/><\/a><br \/>\n^ Gamsgarten. Beschneiung l\u00e4uft<\/p>\n<p><a href='http:\/\/ski.inmontanis.info\/d\/66764-1\/P1300640.JPG'><img src=http:\/\/ski.inmontanis.info\/d\/66766-3\/P1300640.JPG \/><\/a><br \/>\n^ Riesiges Altschneedepot vom letzten Winter auf der Abfahrt zum Gamsgarten!<\/p>\n<p><a href='http:\/\/ski.inmontanis.info\/d\/66773-1\/P1300641_001.JPG'><img src=http:\/\/ski.inmontanis.info\/d\/66775-3\/P1300641_001.JPG \/><\/a><br \/>\n^ Aufstieg zur neuen Aussichtsplattform, recht eisig hier!<\/p>\n<p><a href='http:\/\/ski.inmontanis.info\/d\/66777-1\/P1300644.JPG'><img src=http:\/\/ski.inmontanis.info\/d\/66779-3\/P1300644.JPG \/><\/a><br \/>\n^ Panos von der neuen Aussichtsplattform, hier zur DSB Wildspitze<\/p>\n<p><a href='http:\/\/ski.inmontanis.info\/d\/66781-1\/P1300645.JPG'><img src=http:\/\/ski.inmontanis.info\/d\/66783-3\/P1300645.JPG \/><\/a><br \/>\n^ DSB Wildspitze \/ SL Daunferner<\/p>\n<p><a href='http:\/\/ski.inmontanis.info\/d\/66785-1\/P1300646.JPG'><img src=http:\/\/ski.inmontanis.info\/d\/66787-3\/P1300646.JPG \/><\/a><br \/>\n^ Skigebietspano von der neuen Aussichtsplattform<\/p>\n<p><a href='http:\/\/ski.inmontanis.info\/d\/66789-1\/P1300647.JPG'><img src=http:\/\/ski.inmontanis.info\/d\/66791-3\/P1300647.JPG \/><\/a><br \/>\n^ Eisgrat\/Gamsgarten im Zoom von der neuen Aussichtsplattform<\/p>\n<p><a href='http:\/\/ski.inmontanis.info\/d\/66793-1\/P1300648.JPG'><img src=http:\/\/ski.inmontanis.info\/d\/66795-3\/P1300648.JPG \/><\/a><br \/>\n^ Pano ins Stubai- und Inntal<\/p>\n<p><a href='http:\/\/ski.inmontanis.info\/d\/66797-1\/P1300649.JPG'><img src=http:\/\/ski.inmontanis.info\/d\/66799-3\/P1300649.JPG \/><\/a><br \/>\n^ Pano SL Windachferner und dahinter S\u00f6lden<\/p>\n<p><a href='http:\/\/ski.inmontanis.info\/d\/66801-1\/P1300657.JPG'><img src=http:\/\/ski.inmontanis.info\/d\/66803-3\/P1300657.JPG \/><\/a><br \/>\n^ SL Gai\u00dfkarferner<\/p>\n<p><a href='http:\/\/ski.inmontanis.info\/d\/66805-1\/P1300658.JPG'><img src=http:\/\/ski.inmontanis.info\/d\/66807-3\/P1300658.JPG \/><\/a><br \/>\n^ Gai\u00dfkarferner + Dolomitenpano. Ganz links da hinten ist die Marmolada.<\/p>\n<p><a href='http:\/\/ski.inmontanis.info\/d\/66810-1\/P1300660.JPG'><img src=http:\/\/ski.inmontanis.info\/d\/66812-3\/P1300660.JPG \/><\/a><br \/>\n^ Marmolada im Zoom<\/p>\n<p><a href='http:\/\/ski.inmontanis.info\/d\/66814-1\/P1300661.JPG'><img src=http:\/\/ski.inmontanis.info\/d\/66816-3\/P1300661.JPG \/><\/a><br \/>\n^ Zoom in die Dolomiten<\/p>\n<p><a href='http:\/\/ski.inmontanis.info\/d\/66819-1\/P1300662.JPG'><img src=http:\/\/ski.inmontanis.info\/d\/66821-3\/P1300662.JPG \/><\/a><br \/>\n^ Zoom in die Dolomiten<\/p>\n<p><a href='http:\/\/ski.inmontanis.info\/d\/66823-1\/P1300663.JPG'><img src=http:\/\/ski.inmontanis.info\/d\/66825-3\/P1300663.JPG \/><\/a><br \/>\n^ Zoom in die Dolomiten<\/p>\n<p><a href='http:\/\/ski.inmontanis.info\/d\/66827-1\/P1300665.JPG'><img src=http:\/\/ski.inmontanis.info\/d\/66829-3\/P1300665.JPG \/><\/a><br \/>\n^ SL Gai\u00dfkar und S\u00fcdpano<\/p>\n<p><a href='http:\/\/ski.inmontanis.info\/d\/66831-1\/P1300669.JPG'><img src=http:\/\/ski.inmontanis.info\/d\/66833-3\/P1300669.JPG \/><\/a><br \/>\n^ Der untere Teil des Weges ist mit Treppen versehen.<\/p>\n<p><a href='http:\/\/ski.inmontanis.info\/d\/66835-1\/P1300671.JPG'><img src=http:\/\/ski.inmontanis.info\/d\/66837-3\/P1300671.JPG \/><\/a><br \/>\n^ Am SL Windachferner m\u00fcssen noch irgendwelche Arbeiten (vermutlich St\u00fctzenversetzungen) gemacht werden. Hat da jemand den Sommer etwas verpennt?<\/p>\n<p><a href='http:\/\/ski.inmontanis.info\/d\/66839-1\/P1300672.JPG'><img src=http:\/\/ski.inmontanis.info\/d\/66841-3\/P1300672.JPG \/><\/a><br \/>\n^ SL Windachferner<\/p>\n<p><a href='http:\/\/ski.inmontanis.info\/d\/66843-1\/P1300673.JPG'><img src=http:\/\/ski.inmontanis.info\/d\/66845-3\/P1300673.JPG \/><\/a><br \/>\n^ SL Windachferner<\/p>\n<p><a href='http:\/\/ski.inmontanis.info\/d\/66847-1\/P1300677.JPG'><img src=http:\/\/ski.inmontanis.info\/d\/66849-3\/P1300677.JPG \/><\/a><br \/>\n^ Zoom von der Bergstation DSB Wildspitze zur 8EUB und der neuen Aussichtsplattform.<\/p>\n<p><a href='http:\/\/ski.inmontanis.info\/d\/66851-1\/P1300678.JPG'><img src=http:\/\/ski.inmontanis.info\/d\/66853-3\/P1300678.JPG \/><\/a><br \/>\n^ Ich liebe diese Mega-Zooms :) Jetzt h\u00e4tte man fast den Eindruck, die Marmolada w\u00e4re direkt hinter der neuen Aussichtsplattform  ;-)<\/p>\n<p><a href='http:\/\/ski.inmontanis.info\/d\/66855-1\/P1300681.JPG'><img src=http:\/\/ski.inmontanis.info\/d\/66857-3\/P1300681.JPG \/><\/a><br \/>\n^ Zuk\u00fcnftiger SL Daunscharte<\/p>\n<p><a href='http:\/\/ski.inmontanis.info\/d\/66859-1\/P1300682.JPG'><img src=http:\/\/ski.inmontanis.info\/d\/66861-3\/P1300682.JPG \/><\/a><br \/>\n^ Zuk\u00fcnftige Bergstation SL Daunscharte<\/p>\n<p><a href='http:\/\/ski.inmontanis.info\/d\/66863-1\/P1300684.JPG'><img src=http:\/\/ski.inmontanis.info\/d\/66865-3\/P1300684.JPG \/><\/a><br \/>\n^ SL Daunferner II in kompletter L\u00e4nge ge\u00f6ffnet &#8211; nicht schlecht!<\/p>\n<p><a href='http:\/\/ski.inmontanis.info\/d\/66867-1\/P1300685.JPG'><img src=http:\/\/ski.inmontanis.info\/d\/66869-3\/P1300685.JPG \/><\/a><br \/>\n^ Pano mit Eisgrat<\/p>\n<p><a href='http:\/\/ski.inmontanis.info\/d\/66871-1\/P1300686.JPG'><img src=http:\/\/ski.inmontanis.info\/d\/66873-3\/P1300686.JPG \/><\/a><br \/>\n^ Standard-Foto vom Eisgrat<\/p>\n<p><a href='http:\/\/ski.inmontanis.info\/d\/66875-1\/P1300687.JPG'><img src=http:\/\/ski.inmontanis.info\/d\/66877-3\/P1300687.JPG \/><\/a><br \/>\n^ Talstation SL Gai\u00dfkar<\/p>\n<p><a href='http:\/\/ski.inmontanis.info\/d\/66879-1\/P1300688.JPG'><img src=http:\/\/ski.inmontanis.info\/d\/66881-3\/P1300688.JPG \/><\/a><br \/>\n^ SL Gai\u00dfkar<\/p>\n<p><a href='http:\/\/ski.inmontanis.info\/d\/66883-1\/P1300690.JPG'><img src=http:\/\/ski.inmontanis.info\/d\/66885-3\/P1300690.JPG \/><\/a><br \/>\n^ Der Starthang und Ausstieg am SL Gai\u00dfkar ist durch die Vermattungen der letzten Jahre verdammt steil geworden!<\/p>\n<p><a href='http:\/\/ski.inmontanis.info\/d\/66887-1\/P1300694.JPG'><img src=http:\/\/ski.inmontanis.info\/d\/66889-3\/P1300694.JPG \/><\/a><br \/>\n^ Neue Aussichtsplattform von unten<\/p>\n<p><a href='http:\/\/ski.inmontanis.info\/d\/66891-1\/P1300695.JPG'><img src=http:\/\/ski.inmontanis.info\/d\/66893-3\/P1300695.JPG \/><\/a><br \/>\n^ SL Daunferner, bereits bis zum unteren pr\u00e4pariert, h\u00e4tte also heute auch in Betrieb gehen k\u00f6nnen.<\/p>\n<p><a href='http:\/\/ski.inmontanis.info\/d\/66895-1\/P1300696.JPG'><img src=http:\/\/ski.inmontanis.info\/d\/66897-3\/P1300696.JPG \/><\/a><br \/>\n^ Zuk\u00fcnftiger SL Daunscharte. Wie lang mag der dort stehen? 10? 20? Rechts schauen ja jetzt schon Felsen raus&#8230;<\/p>\n<p>.. und dann waren da noch ein paar Zoomfotos in die anderen Gletscher:<br \/>\n<a href='http:\/\/ski.inmontanis.info\/d\/66744-1\/P1300650.JPG'><img src=http:\/\/ski.inmontanis.info\/d\/66745-3\/P1300650.JPG \/><\/a><br \/>\n^ Tiefenbachferner im Zoom vom Stubaier aus<\/p>\n<p><a href='http:\/\/ski.inmontanis.info\/d\/66748-1\/P1300652.JPG'><img src=http:\/\/ski.inmontanis.info\/d\/66749-3\/P1300652.JPG \/><\/a><br \/>\n^ Zoom Pizttaler vom Stubaier aus, vorne unten ist eine Bergstation, die ich gerade nicht zuordnen kann&#8230; Geh\u00f6rt zu S\u00f6lden, ist klar, aber welche?<\/p>\n<p><a href='http:\/\/ski.inmontanis.info\/d\/66752-1\/P1300691.JPG'><img src=http:\/\/ski.inmontanis.info\/d\/66753-3\/P1300691.JPG \/><\/a><br \/>\n^ Zoom Olperer \/ Gefrorene Wand vom Stubaier aus<\/p>\n<p><a href='http:\/\/ski.inmontanis.info\/d\/66756-1\/P1300692.JPG'><img src=http:\/\/ski.inmontanis.info\/d\/66757-3\/P1300692.JPG \/><\/a><br \/>\n^ Zoom vom Stubaier, man sieht den GB III (Strecke, Kabinen und Bergstation), die Gefrorene Wand Spitze und ein paar St\u00fctzen der DSB und<\/p>\n","protected":false},"excerpt":{"rendered":"<p>Neuschnee <a href=\"http:\/\/blog.inmontanis.info\/?p=961\">[&#8230;]<\/a><\/p>\n","protected":false},"author":1,"featured_media":0,"comment_status":"open","ping_status":"closed","sticky":false,"template":"","format":"standard","meta":{"footnotes":""},"categories":[25,13,28,895],"tags":[53,38,47],"class_list":["post-961","post","type-post","status-publish","format-standard","hentry","category-noreport","category-austria","category-skifahren-sommer","category-stubaier-gletscher","tag-8eub","tag-dsb","tag-sl","odd"],"_links":{"self":[{"href":"http:\/\/blog.inmontanis.info\/index.php?rest_route=\/wp\/v2\/posts\/961","targetHints":{"allow":["GET"]}}],"collection":[{"href":"http:\/\/blog.inmontanis.info\/index.php?rest_route=\/wp\/v2\/posts"}],"about":[{"href":"http:\/\/blog.inmontanis.info\/index.php?rest_route=\/wp\/v2\/types\/post"}],"author":[{"embeddable":true,"href":"http:\/\/blog.inmontanis.info\/index.php?rest_route=\/wp\/v2\/users\/1"}],"replies":[{"embeddable":true,"href":"http:\/\/blog.inmontanis.info\/index.php?rest_route=%2Fwp%2Fv2%2Fcomments&post=961"}],"version-history":[{"count":4,"href":"http:\/\/blog.inmontanis.info\/index.php?rest_route=\/wp\/v2\/posts\/961\/revisions"}],"predecessor-version":[{"id":3287,"href":"http:\/\/blog.inmontanis.info\/index.php?rest_route=\/wp\/v2\/posts\/961\/revisions\/3287"}],"wp:attachment":[{"href":"http:\/\/blog.inmontanis.info\/index.php?rest_route=%2Fwp%2Fv2%2Fmedia&parent=961"}],"wp:term":[{"taxonomy":"category","embeddable":true,"href":"http:\/\/blog.inmontanis.info\/index.php?rest_route=%2Fwp%2Fv2%2Fcategories&post=961"},{"taxonomy":"post_tag","embeddable":true,"href":"http:\/\/blog.inmontanis.info\/index.php?rest_route=%2Fwp%2Fv2%2Ftags&post=961"}],"curies":[{"name":"wp","href":"https:\/\/api.w.org\/{rel}","templated":true}]}}